{"id":20798,"date":"2022-05-19T19:41:44","date_gmt":"2022-05-19T19:41:44","guid":{"rendered":"https:\/\/www.manabi.gob.ec\/?p=20798"},"modified":"2022-05-19T19:41:47","modified_gmt":"2022-05-19T19:41:47","slug":"el-restaurante-comunitario-porto-cabuyal-esta-listo-para-recibir-a-los-turistas","status":"publish","type":"post","link":"https:\/\/www.manabi.gob.ec\/index.php\/el-restaurante-comunitario-porto-cabuyal-esta-listo-para-recibir-a-los-turistas\/","title":{"rendered":"El restaurante comunitario Porto Cabuyal est\u00e1 listo para recibir a los turistas\u00a0"},"content":{"rendered":"\n<p>Con una vista preciosa del mar y bajo un maravilloso sol, se realiz\u00f3 la inauguraci\u00f3n del comedor comunitario en Puerto Cabuyal de San Vicente.<\/p>\n\n\n\n<figure class=\"wp-block-image size-large\"><img loading=\"lazy\" decoding=\"async\" width=\"1024\" height=\"683\" src=\"https:\/\/www.manabi.gob.ec\/wp-content\/uploads\/2022\/05\/D97F056B-2418-4445-A6EF-B184CDDBC06B-1024x683.jpeg\" alt=\"\" class=\"wp-image-20800\" srcset=\"https:\/\/www.manabi.gob.ec\/wp-content\/uploads\/2022\/05\/D97F056B-2418-4445-A6EF-B184CDDBC06B-1024x683.jpeg 1024w, https:\/\/www.manabi.gob.ec\/wp-content\/uploads\/2022\/05\/D97F056B-2418-4445-A6EF-B184CDDBC06B-300x200.jpeg 300w, https:\/\/www.manabi.gob.ec\/wp-content\/uploads\/2022\/05\/D97F056B-2418-4445-A6EF-B184CDDBC06B-768x512.jpeg 768w, https:\/\/www.manabi.gob.ec\/wp-content\/uploads\/2022\/05\/D97F056B-2418-4445-A6EF-B184CDDBC06B.jpeg 1296w\" sizes=\"auto, (max-width: 1024px) 100vw, 1024px\" \/><\/figure>\n\n\n\n<p>La construcci\u00f3n de est\u00e1 infraestructura tur\u00edstica forma parte del proyecto \u00abManab\u00ed Resiliente\u00bb, que busca consolidar procesos de recuperaci\u00f3n de medios de vida y la promoci\u00f3n del desarrollo sostenible y la equidad de g\u00e9nero en comunidades de los cantones San Vicente, Rocafuerte y Portoviejo.<\/p>\n\n\n\n<p>Esta obra demand\u00f3 una inversi\u00f3n $ 565. 910, 24, y fue posible gracias al convenio de Cooperacion Internacional no reembolsable existente entre La Prefectura, GAD municipal de San Vicente, Centro Regionale D&#8217; Intervento Per La Cooperazione, Fundaci\u00f3n TerraNueva y el Fondo \u00cdtalo &#8211; Ecuatoriano para el Desarrollo Sostenible ( FIEDS).<\/p>\n","protected":false},"excerpt":{"rendered":"<p>Con una vista preciosa del mar y bajo un maravilloso sol, se realiz\u00f3 la inauguraci\u00f3n del comedor comunitario en Puerto Cabuyal de San Vicente. La construcci\u00f3n de est\u00e1 infraestructura tur\u00edstica forma parte del proyecto \u00abManab\u00ed Resiliente\u00bb, que busca consolidar procesos de recuperaci\u00f3n de medios de vida y la promoci\u00f3n del desarrollo sostenible y la equidad [&hellip;]<\/p>\n","protected":false},"author":10,"featured_media":20799,"comment_status":"closed","ping_status":"closed","sticky":false,"template":"","format":"standard","meta":{"_joinchat":[],"footnotes":""},"categories":[142,92,181,193,189,91,81],"tags":[],"class_list":["post-20798","post","type-post","status-publish","format-standard","has-post-thumbnail","hentry","category-desarrollo-social","category-noticias-manabi","category-obra-publica","category-participacion-ciudadana","category-san-vicente","category-todas","category-turismo"],"yoast_head":"<!-- This site is optimized with the Yoast SEO plugin v27.4 - https:\/\/yoast.com\/product\/yoast-seo-wordpress\/ -->\n<title>El restaurante comunitario Porto Cabuyal est\u00e1 listo para recibir a los turistas\u00a0 - Prefectura de Manab\u00ed<\/title>\n<meta name=\"robots\" content=\"index, follow, max-snippet:-1, max-image-preview:large, max-video-preview:-1\" \/>\n<link rel=\"canonical\" href=\"https:\/\/www.manabi.gob.ec\/index.php\/el-restaurante-comunitario-porto-cabuyal-esta-listo-para-recibir-a-los-turistas\/\" \/>\n<meta property=\"og:locale\" content=\"es_ES\" \/>\n<meta property=\"og:type\" content=\"article\" \/>\n<meta property=\"og:title\" content=\"El restaurante comunitario Porto Cabuyal est\u00e1 listo para recibir a los turistas\u00a0 - Prefectura de Manab\u00ed\" \/>\n<meta property=\"og:description\" content=\"Con una vista preciosa del mar y bajo un maravilloso sol, se realiz\u00f3 la inauguraci\u00f3n del comedor comunitario en Puerto Cabuyal de San Vicente. La construcci\u00f3n de est\u00e1 infraestructura tur\u00edstica forma parte del proyecto \u00abManab\u00ed Resiliente\u00bb, que busca consolidar procesos de recuperaci\u00f3n de medios de vida y la promoci\u00f3n del desarrollo sostenible y la equidad [&hellip;]\" \/>\n<meta property=\"og:url\" content=\"https:\/\/www.manabi.gob.ec\/index.php\/el-restaurante-comunitario-porto-cabuyal-esta-listo-para-recibir-a-los-turistas\/\" \/>\n<meta property=\"og:site_name\" content=\"Prefectura de Manab\u00ed\" \/>\n<meta property=\"article:published_time\" content=\"2022-05-19T19:41:44+00:00\" \/>\n<meta property=\"article:modified_time\" content=\"2022-05-19T19:41:47+00:00\" \/>\n<meta property=\"og:image\" content=\"https:\/\/www.manabi.gob.ec\/wp-content\/uploads\/2022\/05\/28E052CA-1FEB-49B4-96BD-0A2C8B2B7D0F.jpeg\" \/>\n\t<meta property=\"og:image:width\" content=\"1296\" \/>\n\t<meta property=\"og:image:height\" content=\"864\" \/>\n\t<meta property=\"og:image:type\" content=\"image\/jpeg\" \/>\n<meta name=\"author\" content=\"Lui Ochoa\" \/>\n<meta name=\"twitter:card\" content=\"summary_large_image\" \/>\n<meta name=\"twitter:label1\" content=\"Escrito por\" \/>\n\t<meta name=\"twitter:data1\" content=\"Lui Ochoa\" \/>\n\t<meta name=\"twitter:label2\" content=\"Tiempo de lectura\" \/>\n\t<meta name=\"twitter:data2\" content=\"1 minuto\" \/>\n<script type=\"application\/ld+json\" class=\"yoast-schema-graph\">{\"@context\":\"https:\\\/\\\/schema.org\",\"@graph\":[{\"@type\":\"Article\",\"@id\":\"https:\\\/\\\/www.manabi.gob.ec\\\/index.php\\\/el-restaurante-comunitario-porto-cabuyal-esta-listo-para-recibir-a-los-turistas\\\/#article\",\"isPartOf\":{\"@id\":\"https:\\\/\\\/www.manabi.gob.ec\\\/index.php\\\/el-restaurante-comunitario-porto-cabuyal-esta-listo-para-recibir-a-los-turistas\\\/\"},\"author\":{\"name\":\"Lui Ochoa\",\"@id\":\"https:\\\/\\\/www.manabi.gob.ec\\\/#\\\/schema\\\/person\\\/c4f117989332ad723a6ced5994aa7d7a\"},\"headline\":\"El restaurante comunitario Porto Cabuyal est\u00e1 listo para recibir a los turistas\u00a0\",\"datePublished\":\"2022-05-19T19:41:44+00:00\",\"dateModified\":\"2022-05-19T19:41:47+00:00\",\"mainEntityOfPage\":{\"@id\":\"https:\\\/\\\/www.manabi.gob.ec\\\/index.php\\\/el-restaurante-comunitario-porto-cabuyal-esta-listo-para-recibir-a-los-turistas\\\/\"},\"wordCount\":132,\"image\":{\"@id\":\"https:\\\/\\\/www.manabi.gob.ec\\\/index.php\\\/el-restaurante-comunitario-porto-cabuyal-esta-listo-para-recibir-a-los-turistas\\\/#primaryimage\"},\"thumbnailUrl\":\"https:\\\/\\\/www.manabi.gob.ec\\\/wp-content\\\/uploads\\\/2022\\\/05\\\/28E052CA-1FEB-49B4-96BD-0A2C8B2B7D0F.jpeg\",\"articleSection\":[\"Desarrollo Social\",\"Noticias\",\"Obra P\u00fablica\",\"Participaci\u00f3n ciudadana\",\"San Vicente\",\"Todas\",\"Turismo\"],\"inLanguage\":\"es\"},{\"@type\":\"WebPage\",\"@id\":\"https:\\\/\\\/www.manabi.gob.ec\\\/index.php\\\/el-restaurante-comunitario-porto-cabuyal-esta-listo-para-recibir-a-los-turistas\\\/\",\"url\":\"https:\\\/\\\/www.manabi.gob.ec\\\/index.php\\\/el-restaurante-comunitario-porto-cabuyal-esta-listo-para-recibir-a-los-turistas\\\/\",\"name\":\"El restaurante comunitario Porto Cabuyal est\u00e1 listo para recibir a los turistas\u00a0 - Prefectura de Manab\u00ed\",\"isPartOf\":{\"@id\":\"https:\\\/\\\/www.manabi.gob.ec\\\/#website\"},\"primaryImageOfPage\":{\"@id\":\"https:\\\/\\\/www.manabi.gob.ec\\\/index.php\\\/el-restaurante-comunitario-porto-cabuyal-esta-listo-para-recibir-a-los-turistas\\\/#primaryimage\"},\"image\":{\"@id\":\"https:\\\/\\\/www.manabi.gob.ec\\\/index.php\\\/el-restaurante-comunitario-porto-cabuyal-esta-listo-para-recibir-a-los-turistas\\\/#primaryimage\"},\"thumbnailUrl\":\"https:\\\/\\\/www.manabi.gob.ec\\\/wp-content\\\/uploads\\\/2022\\\/05\\\/28E052CA-1FEB-49B4-96BD-0A2C8B2B7D0F.jpeg\",\"datePublished\":\"2022-05-19T19:41:44+00:00\",\"dateModified\":\"2022-05-19T19:41:47+00:00\",\"author\":{\"@id\":\"https:\\\/\\\/www.manabi.gob.ec\\\/#\\\/schema\\\/person\\\/c4f117989332ad723a6ced5994aa7d7a\"},\"breadcrumb\":{\"@id\":\"https:\\\/\\\/www.manabi.gob.ec\\\/index.php\\\/el-restaurante-comunitario-porto-cabuyal-esta-listo-para-recibir-a-los-turistas\\\/#breadcrumb\"},\"inLanguage\":\"es\",\"potentialAction\":[{\"@type\":\"ReadAction\",\"target\":[\"https:\\\/\\\/www.manabi.gob.ec\\\/index.php\\\/el-restaurante-comunitario-porto-cabuyal-esta-listo-para-recibir-a-los-turistas\\\/\"]}]},{\"@type\":\"ImageObject\",\"inLanguage\":\"es\",\"@id\":\"https:\\\/\\\/www.manabi.gob.ec\\\/index.php\\\/el-restaurante-comunitario-porto-cabuyal-esta-listo-para-recibir-a-los-turistas\\\/#primaryimage\",\"url\":\"https:\\\/\\\/www.manabi.gob.ec\\\/wp-content\\\/uploads\\\/2022\\\/05\\\/28E052CA-1FEB-49B4-96BD-0A2C8B2B7D0F.jpeg\",\"contentUrl\":\"https:\\\/\\\/www.manabi.gob.ec\\\/wp-content\\\/uploads\\\/2022\\\/05\\\/28E052CA-1FEB-49B4-96BD-0A2C8B2B7D0F.jpeg\",\"width\":1296,\"height\":864},{\"@type\":\"BreadcrumbList\",\"@id\":\"https:\\\/\\\/www.manabi.gob.ec\\\/index.php\\\/el-restaurante-comunitario-porto-cabuyal-esta-listo-para-recibir-a-los-turistas\\\/#breadcrumb\",\"itemListElement\":[{\"@type\":\"ListItem\",\"position\":1,\"name\":\"Portada\",\"item\":\"https:\\\/\\\/www.manabi.gob.ec\\\/\"},{\"@type\":\"ListItem\",\"position\":2,\"name\":\"El restaurante comunitario Porto Cabuyal est\u00e1 listo para recibir a los turistas\u00a0\"}]},{\"@type\":\"WebSite\",\"@id\":\"https:\\\/\\\/www.manabi.gob.ec\\\/#website\",\"url\":\"https:\\\/\\\/www.manabi.gob.ec\\\/\",\"name\":\"Prefectura de Manab\u00ed\",\"description\":\"P\u00e1gina web de la prefectura\",\"potentialAction\":[{\"@type\":\"SearchAction\",\"target\":{\"@type\":\"EntryPoint\",\"urlTemplate\":\"https:\\\/\\\/www.manabi.gob.ec\\\/?s={search_term_string}\"},\"query-input\":{\"@type\":\"PropertyValueSpecification\",\"valueRequired\":true,\"valueName\":\"search_term_string\"}}],\"inLanguage\":\"es\"},{\"@type\":\"Person\",\"@id\":\"https:\\\/\\\/www.manabi.gob.ec\\\/#\\\/schema\\\/person\\\/c4f117989332ad723a6ced5994aa7d7a\",\"name\":\"Lui Ochoa\",\"image\":{\"@type\":\"ImageObject\",\"inLanguage\":\"es\",\"@id\":\"https:\\\/\\\/secure.gravatar.com\\\/avatar\\\/6e8017d0fe69dead8a95864d2eb6e1e1d8bf8e01194ba49cf7b897ff038126ba?s=96&d=mm&r=g\",\"url\":\"https:\\\/\\\/secure.gravatar.com\\\/avatar\\\/6e8017d0fe69dead8a95864d2eb6e1e1d8bf8e01194ba49cf7b897ff038126ba?s=96&d=mm&r=g\",\"contentUrl\":\"https:\\\/\\\/secure.gravatar.com\\\/avatar\\\/6e8017d0fe69dead8a95864d2eb6e1e1d8bf8e01194ba49cf7b897ff038126ba?s=96&d=mm&r=g\",\"caption\":\"Lui Ochoa\"},\"url\":\"https:\\\/\\\/www.manabi.gob.ec\\\/index.php\\\/author\\\/lochoa\\\/\"}]}<\/script>\n<!-- \/ Yoast SEO plugin. -->","yoast_head_json":{"title":"El restaurante comunitario Porto Cabuyal est\u00e1 listo para recibir a los turistas\u00a0 - Prefectura de Manab\u00ed","robots":{"index":"index","follow":"follow","max-snippet":"max-snippet:-1","max-image-preview":"max-image-preview:large","max-video-preview":"max-video-preview:-1"},"canonical":"https:\/\/www.manabi.gob.ec\/index.php\/el-restaurante-comunitario-porto-cabuyal-esta-listo-para-recibir-a-los-turistas\/","og_locale":"es_ES","og_type":"article","og_title":"El restaurante comunitario Porto Cabuyal est\u00e1 listo para recibir a los turistas\u00a0 - Prefectura de Manab\u00ed","og_description":"Con una vista preciosa del mar y bajo un maravilloso sol, se realiz\u00f3 la inauguraci\u00f3n del comedor comunitario en Puerto Cabuyal de San Vicente. La construcci\u00f3n de est\u00e1 infraestructura tur\u00edstica forma parte del proyecto \u00abManab\u00ed Resiliente\u00bb, que busca consolidar procesos de recuperaci\u00f3n de medios de vida y la promoci\u00f3n del desarrollo sostenible y la equidad [&hellip;]","og_url":"https:\/\/www.manabi.gob.ec\/index.php\/el-restaurante-comunitario-porto-cabuyal-esta-listo-para-recibir-a-los-turistas\/","og_site_name":"Prefectura de Manab\u00ed","article_published_time":"2022-05-19T19:41:44+00:00","article_modified_time":"2022-05-19T19:41:47+00:00","og_image":[{"width":1296,"height":864,"url":"https:\/\/www.manabi.gob.ec\/wp-content\/uploads\/2022\/05\/28E052CA-1FEB-49B4-96BD-0A2C8B2B7D0F.jpeg","type":"image\/jpeg"}],"author":"Lui Ochoa","twitter_card":"summary_large_image","twitter_misc":{"Escrito por":"Lui Ochoa","Tiempo de lectura":"1 minuto"},"schema":{"@context":"https:\/\/schema.org","@graph":[{"@type":"Article","@id":"https:\/\/www.manabi.gob.ec\/index.php\/el-restaurante-comunitario-porto-cabuyal-esta-listo-para-recibir-a-los-turistas\/#article","isPartOf":{"@id":"https:\/\/www.manabi.gob.ec\/index.php\/el-restaurante-comunitario-porto-cabuyal-esta-listo-para-recibir-a-los-turistas\/"},"author":{"name":"Lui Ochoa","@id":"https:\/\/www.manabi.gob.ec\/#\/schema\/person\/c4f117989332ad723a6ced5994aa7d7a"},"headline":"El restaurante comunitario Porto Cabuyal est\u00e1 listo para recibir a los turistas\u00a0","datePublished":"2022-05-19T19:41:44+00:00","dateModified":"2022-05-19T19:41:47+00:00","mainEntityOfPage":{"@id":"https:\/\/www.manabi.gob.ec\/index.php\/el-restaurante-comunitario-porto-cabuyal-esta-listo-para-recibir-a-los-turistas\/"},"wordCount":132,"image":{"@id":"https:\/\/www.manabi.gob.ec\/index.php\/el-restaurante-comunitario-porto-cabuyal-esta-listo-para-recibir-a-los-turistas\/#primaryimage"},"thumbnailUrl":"https:\/\/www.manabi.gob.ec\/wp-content\/uploads\/2022\/05\/28E052CA-1FEB-49B4-96BD-0A2C8B2B7D0F.jpeg","articleSection":["Desarrollo Social","Noticias","Obra P\u00fablica","Participaci\u00f3n ciudadana","San Vicente","Todas","Turismo"],"inLanguage":"es"},{"@type":"WebPage","@id":"https:\/\/www.manabi.gob.ec\/index.php\/el-restaurante-comunitario-porto-cabuyal-esta-listo-para-recibir-a-los-turistas\/","url":"https:\/\/www.manabi.gob.ec\/index.php\/el-restaurante-comunitario-porto-cabuyal-esta-listo-para-recibir-a-los-turistas\/","name":"El restaurante comunitario Porto Cabuyal est\u00e1 listo para recibir a los turistas\u00a0 - Prefectura de Manab\u00ed","isPartOf":{"@id":"https:\/\/www.manabi.gob.ec\/#website"},"primaryImageOfPage":{"@id":"https:\/\/www.manabi.gob.ec\/index.php\/el-restaurante-comunitario-porto-cabuyal-esta-listo-para-recibir-a-los-turistas\/#primaryimage"},"image":{"@id":"https:\/\/www.manabi.gob.ec\/index.php\/el-restaurante-comunitario-porto-cabuyal-esta-listo-para-recibir-a-los-turistas\/#primaryimage"},"thumbnailUrl":"https:\/\/www.manabi.gob.ec\/wp-content\/uploads\/2022\/05\/28E052CA-1FEB-49B4-96BD-0A2C8B2B7D0F.jpeg","datePublished":"2022-05-19T19:41:44+00:00","dateModified":"2022-05-19T19:41:47+00:00","author":{"@id":"https:\/\/www.manabi.gob.ec\/#\/schema\/person\/c4f117989332ad723a6ced5994aa7d7a"},"breadcrumb":{"@id":"https:\/\/www.manabi.gob.ec\/index.php\/el-restaurante-comunitario-porto-cabuyal-esta-listo-para-recibir-a-los-turistas\/#breadcrumb"},"inLanguage":"es","potentialAction":[{"@type":"ReadAction","target":["https:\/\/www.manabi.gob.ec\/index.php\/el-restaurante-comunitario-porto-cabuyal-esta-listo-para-recibir-a-los-turistas\/"]}]},{"@type":"ImageObject","inLanguage":"es","@id":"https:\/\/www.manabi.gob.ec\/index.php\/el-restaurante-comunitario-porto-cabuyal-esta-listo-para-recibir-a-los-turistas\/#primaryimage","url":"https:\/\/www.manabi.gob.ec\/wp-content\/uploads\/2022\/05\/28E052CA-1FEB-49B4-96BD-0A2C8B2B7D0F.jpeg","contentUrl":"https:\/\/www.manabi.gob.ec\/wp-content\/uploads\/2022\/05\/28E052CA-1FEB-49B4-96BD-0A2C8B2B7D0F.jpeg","width":1296,"height":864},{"@type":"BreadcrumbList","@id":"https:\/\/www.manabi.gob.ec\/index.php\/el-restaurante-comunitario-porto-cabuyal-esta-listo-para-recibir-a-los-turistas\/#breadcrumb","itemListElement":[{"@type":"ListItem","position":1,"name":"Portada","item":"https:\/\/www.manabi.gob.ec\/"},{"@type":"ListItem","position":2,"name":"El restaurante comunitario Porto Cabuyal est\u00e1 listo para recibir a los turistas\u00a0"}]},{"@type":"WebSite","@id":"https:\/\/www.manabi.gob.ec\/#website","url":"https:\/\/www.manabi.gob.ec\/","name":"Prefectura de Manab\u00ed","description":"P\u00e1gina web de la prefectura","potentialAction":[{"@type":"SearchAction","target":{"@type":"EntryPoint","urlTemplate":"https:\/\/www.manabi.gob.ec\/?s={search_term_string}"},"query-input":{"@type":"PropertyValueSpecification","valueRequired":true,"valueName":"search_term_string"}}],"inLanguage":"es"},{"@type":"Person","@id":"https:\/\/www.manabi.gob.ec\/#\/schema\/person\/c4f117989332ad723a6ced5994aa7d7a","name":"Lui Ochoa","image":{"@type":"ImageObject","inLanguage":"es","@id":"https:\/\/secure.gravatar.com\/avatar\/6e8017d0fe69dead8a95864d2eb6e1e1d8bf8e01194ba49cf7b897ff038126ba?s=96&d=mm&r=g","url":"https:\/\/secure.gravatar.com\/avatar\/6e8017d0fe69dead8a95864d2eb6e1e1d8bf8e01194ba49cf7b897ff038126ba?s=96&d=mm&r=g","contentUrl":"https:\/\/secure.gravatar.com\/avatar\/6e8017d0fe69dead8a95864d2eb6e1e1d8bf8e01194ba49cf7b897ff038126ba?s=96&d=mm&r=g","caption":"Lui Ochoa"},"url":"https:\/\/www.manabi.gob.ec\/index.php\/author\/lochoa\/"}]}},"jetpack_featured_media_url":"https:\/\/www.manabi.gob.ec\/wp-content\/uploads\/2022\/05\/28E052CA-1FEB-49B4-96BD-0A2C8B2B7D0F.jpeg","_links":{"self":[{"href":"https:\/\/www.manabi.gob.ec\/index.php\/wp-json\/wp\/v2\/posts\/20798","targetHints":{"allow":["GET"]}}],"collection":[{"href":"https:\/\/www.manabi.gob.ec\/index.php\/wp-json\/wp\/v2\/posts"}],"about":[{"href":"https:\/\/www.manabi.gob.ec\/index.php\/wp-json\/wp\/v2\/types\/post"}],"author":[{"embeddable":true,"href":"https:\/\/www.manabi.gob.ec\/index.php\/wp-json\/wp\/v2\/users\/10"}],"replies":[{"embeddable":true,"href":"https:\/\/www.manabi.gob.ec\/index.php\/wp-json\/wp\/v2\/comments?post=20798"}],"version-history":[{"count":0,"href":"https:\/\/www.manabi.gob.ec\/index.php\/wp-json\/wp\/v2\/posts\/20798\/revisions"}],"wp:featuredmedia":[{"embeddable":true,"href":"https:\/\/www.manabi.gob.ec\/index.php\/wp-json\/wp\/v2\/media\/20799"}],"wp:attachment":[{"href":"https:\/\/www.manabi.gob.ec\/index.php\/wp-json\/wp\/v2\/media?parent=20798"}],"wp:term":[{"taxonomy":"category","embeddable":true,"href":"https:\/\/www.manabi.gob.ec\/index.php\/wp-json\/wp\/v2\/categories?post=20798"},{"taxonomy":"post_tag","embeddable":true,"href":"https:\/\/www.manabi.gob.ec\/index.php\/wp-json\/wp\/v2\/tags?post=20798"}],"curies":[{"name":"wp","href":"https:\/\/api.w.org\/{rel}","templated":true}]}}