{"id":20845,"date":"2022-05-23T14:38:24","date_gmt":"2022-05-23T14:38:24","guid":{"rendered":"https:\/\/www.manabi.gob.ec\/?p=20845"},"modified":"2022-05-24T16:08:43","modified_gmt":"2022-05-24T16:08:43","slug":"la-prefectura-honrara-sus-deudas-con-acreedores-de-la-extinta-manabi-construye","status":"publish","type":"post","link":"https:\/\/www.manabi.gob.ec\/index.php\/la-prefectura-honrara-sus-deudas-con-acreedores-de-la-extinta-manabi-construye\/","title":{"rendered":"La Prefectura honrar\u00e1 sus deudas con acreedores de la extinta Manab\u00ed Construye"},"content":{"rendered":"\n<p><\/p>\n\n\n\n<p>\u201cTenemos toda la voluntad de asumir, enfrentar, y honrar las obligaciones, y que ustedes reciban los valores que por derecho les corresponda\u201d, manifest\u00f3 el prefecto de Manab\u00ed, Leonardo Orlando, durante la socializaci\u00f3n del Reglamento para el pago de las cuentas por pagar de la liquidada y extinta empresa Manab\u00ed Construye, transferidas al Gobierno Provincial de Manab\u00ed.<\/p>\n\n\n\n<p>La exposici\u00f3n estuvo dirigida a los 81 proveedores que tienen valores por cobrar, por un monto total que supera los 13 millones de d\u00f3lares.<\/p>\n\n\n\n<p>El reglamento fue aprobado por la Corporaci\u00f3n Provincial en pleno en la sesi\u00f3n ordinaria realizada el pasado 28 de abril. El mismo establece los requisitos para acceder al cobro de las obligaciones, por ejemplo la firma de un acta transaccional voluntaria y de com\u00fan acuerdo entre las partes, y establece 5 grupos acorde a los montos de las acreencias (hasta $50.000; de $50.001 hasta $100.000; de $100.001 hasta $500.000; de $500.001 hasta $1 000.000; y superior a $1.000.000).<\/p>\n\n\n\n<p>La instituci\u00f3n ha asignado un presupuesto anual creciente que para el primer a\u00f1o es de un mill\u00f3n de d\u00f3lares, para cumplir con estas obligaciones en un plazo m\u00e1ximo de hasta 10 a\u00f1os. Para esto se ha establecido un cronograma de pagos que plantea, por ejemplo, cubrir lo adeudado a 44 proveedores (con montos de hasta $50.000) en un tiempo m\u00e1ximo de 12 meses, de los cuales 19 contratistas con montos de hasta $13.177,76 recibir\u00edan sus pagos en el presente mes.<\/p>\n\n\n\n<p>Adem\u00e1s, se plantearon mecanismos alternativos para reducir montos a cubrir, plazos de pago, y la posibilidad de que los acreedores puedan participar en la ejecuci\u00f3n de obras para la provincia y en la provisi\u00f3n de bienes o servicios.<br>La socializaci\u00f3n fue evaluada de manera positiva por los asistentes a esta actividad, que tuvo lugar la tarde y noche del lunes 16 de mayo, en el auditorio de la facultad de ciencias administrativas de la Universidad T\u00e9cnica de Manab\u00ed.<\/p>\n","protected":false},"excerpt":{"rendered":"<p>\u201cTenemos toda la voluntad de asumir, enfrentar, y honrar las obligaciones, y que ustedes reciban los valores que por derecho les corresponda\u201d, manifest\u00f3 el prefecto de Manab\u00ed, Leonardo Orlando, durante la socializaci\u00f3n del Reglamento para el pago de las cuentas por pagar de la liquidada y extinta empresa Manab\u00ed Construye, transferidas al Gobierno Provincial de Manab\u00ed.<\/p>\n<p> La exposici\u00f3n estuvo dirigida a los 81 proveedores que tienen valores por cobrar, por un monto total que supera los 13 millones de d\u00f3lares.<\/p>\n<p> El reglamento fue aprobado por la Corporaci\u00f3n Provincial en pleno en la sesi\u00f3n ordinaria realizada el pasado 28 de abril. El mismo establece los requisitos para acceder al cobro de las obligaciones, por ejemplo la firma de un acta transaccional voluntaria y de com\u00fan acuerdo entre las partes, y establece 5 grupos acorde a los montos de las acreencias (hasta $50.000; de $50.001 hasta $100.000; de $100.001 hasta $500.000; de $500.001 hasta $1 000.000; y superior a $1.000.000).<\/p>\n","protected":false},"author":10,"featured_media":20846,"comment_status":"closed","ping_status":"closed","sticky":false,"template":"","format":"standard","meta":{"_joinchat":[],"footnotes":""},"categories":[142,170,92,91],"tags":[],"class_list":["post-20845","post","type-post","status-publish","format-standard","has-post-thumbnail","hentry","category-desarrollo-social","category-manabi-vial","category-noticias-manabi","category-todas"],"yoast_head":"<!-- This site is optimized with the Yoast SEO plugin v27.4 - https:\/\/yoast.com\/product\/yoast-seo-wordpress\/ -->\n<title>La Prefectura honrar\u00e1 sus deudas con acreedores de la extinta Manab\u00ed Construye - Prefectura de Manab\u00ed<\/title>\n<meta name=\"robots\" content=\"index, follow, max-snippet:-1, max-image-preview:large, max-video-preview:-1\" \/>\n<link rel=\"canonical\" href=\"https:\/\/www.manabi.gob.ec\/index.php\/la-prefectura-honrara-sus-deudas-con-acreedores-de-la-extinta-manabi-construye\/\" \/>\n<meta property=\"og:locale\" content=\"es_ES\" \/>\n<meta property=\"og:type\" content=\"article\" \/>\n<meta property=\"og:title\" content=\"La Prefectura honrar\u00e1 sus deudas con acreedores de la extinta Manab\u00ed Construye - Prefectura de Manab\u00ed\" \/>\n<meta property=\"og:description\" content=\"\u201cTenemos toda la voluntad de asumir, enfrentar, y honrar las obligaciones, y que ustedes reciban los valores que por derecho les corresponda\u201d, manifest\u00f3 el prefecto de Manab\u00ed, Leonardo Orlando, durante la socializaci\u00f3n del Reglamento para el pago de las cuentas por pagar de la liquidada y extinta empresa Manab\u00ed Construye, transferidas al Gobierno Provincial de Manab\u00ed.  La exposici\u00f3n estuvo dirigida a los 81 proveedores que tienen valores por cobrar, por un monto total que supera los 13 millones de d\u00f3lares.  El reglamento fue aprobado por la Corporaci\u00f3n Provincial en pleno en la sesi\u00f3n ordinaria realizada el pasado 28 de abril. El mismo establece los requisitos para acceder al cobro de las obligaciones, por ejemplo la firma de un acta transaccional voluntaria y de com\u00fan acuerdo entre las partes, y establece 5 grupos acorde a los montos de las acreencias (hasta $50.000; de $50.001 hasta $100.000; de $100.001 hasta $500.000; de $500.001 hasta $1 000.000; y superior a $1.000.000).\" \/>\n<meta property=\"og:url\" content=\"https:\/\/www.manabi.gob.ec\/index.php\/la-prefectura-honrara-sus-deudas-con-acreedores-de-la-extinta-manabi-construye\/\" \/>\n<meta property=\"og:site_name\" content=\"Prefectura de Manab\u00ed\" \/>\n<meta property=\"article:published_time\" content=\"2022-05-23T14:38:24+00:00\" \/>\n<meta property=\"article:modified_time\" content=\"2022-05-24T16:08:43+00:00\" \/>\n<meta property=\"og:image\" content=\"https:\/\/www.manabi.gob.ec\/wp-content\/uploads\/2022\/05\/WhatsApp-Image-2022-05-23-at-9.36.08-AM-e1653408452987.jpg\" \/>\n\t<meta property=\"og:image:width\" content=\"400\" \/>\n\t<meta property=\"og:image:height\" content=\"300\" \/>\n\t<meta property=\"og:image:type\" content=\"image\/jpeg\" \/>\n<meta name=\"author\" content=\"Lui Ochoa\" \/>\n<meta name=\"twitter:card\" content=\"summary_large_image\" \/>\n<meta name=\"twitter:label1\" content=\"Escrito por\" \/>\n\t<meta name=\"twitter:data1\" content=\"Lui Ochoa\" \/>\n\t<meta name=\"twitter:label2\" content=\"Tiempo de lectura\" \/>\n\t<meta name=\"twitter:data2\" content=\"2 minutos\" \/>\n<script type=\"application\/ld+json\" class=\"yoast-schema-graph\">{\"@context\":\"https:\\\/\\\/schema.org\",\"@graph\":[{\"@type\":\"Article\",\"@id\":\"https:\\\/\\\/www.manabi.gob.ec\\\/index.php\\\/la-prefectura-honrara-sus-deudas-con-acreedores-de-la-extinta-manabi-construye\\\/#article\",\"isPartOf\":{\"@id\":\"https:\\\/\\\/www.manabi.gob.ec\\\/index.php\\\/la-prefectura-honrara-sus-deudas-con-acreedores-de-la-extinta-manabi-construye\\\/\"},\"author\":{\"name\":\"Lui Ochoa\",\"@id\":\"https:\\\/\\\/www.manabi.gob.ec\\\/#\\\/schema\\\/person\\\/c4f117989332ad723a6ced5994aa7d7a\"},\"headline\":\"La Prefectura honrar\u00e1 sus deudas con acreedores de la extinta Manab\u00ed Construye\",\"datePublished\":\"2022-05-23T14:38:24+00:00\",\"dateModified\":\"2022-05-24T16:08:43+00:00\",\"mainEntityOfPage\":{\"@id\":\"https:\\\/\\\/www.manabi.gob.ec\\\/index.php\\\/la-prefectura-honrara-sus-deudas-con-acreedores-de-la-extinta-manabi-construye\\\/\"},\"wordCount\":327,\"image\":{\"@id\":\"https:\\\/\\\/www.manabi.gob.ec\\\/index.php\\\/la-prefectura-honrara-sus-deudas-con-acreedores-de-la-extinta-manabi-construye\\\/#primaryimage\"},\"thumbnailUrl\":\"https:\\\/\\\/www.manabi.gob.ec\\\/wp-content\\\/uploads\\\/2022\\\/05\\\/WhatsApp-Image-2022-05-23-at-9.36.08-AM-e1653408452987.jpg\",\"articleSection\":[\"Desarrollo Social\",\"Manab\u00ed Vial\",\"Noticias\",\"Todas\"],\"inLanguage\":\"es\"},{\"@type\":\"WebPage\",\"@id\":\"https:\\\/\\\/www.manabi.gob.ec\\\/index.php\\\/la-prefectura-honrara-sus-deudas-con-acreedores-de-la-extinta-manabi-construye\\\/\",\"url\":\"https:\\\/\\\/www.manabi.gob.ec\\\/index.php\\\/la-prefectura-honrara-sus-deudas-con-acreedores-de-la-extinta-manabi-construye\\\/\",\"name\":\"La Prefectura honrar\u00e1 sus deudas con acreedores de la extinta Manab\u00ed Construye - Prefectura de Manab\u00ed\",\"isPartOf\":{\"@id\":\"https:\\\/\\\/www.manabi.gob.ec\\\/#website\"},\"primaryImageOfPage\":{\"@id\":\"https:\\\/\\\/www.manabi.gob.ec\\\/index.php\\\/la-prefectura-honrara-sus-deudas-con-acreedores-de-la-extinta-manabi-construye\\\/#primaryimage\"},\"image\":{\"@id\":\"https:\\\/\\\/www.manabi.gob.ec\\\/index.php\\\/la-prefectura-honrara-sus-deudas-con-acreedores-de-la-extinta-manabi-construye\\\/#primaryimage\"},\"thumbnailUrl\":\"https:\\\/\\\/www.manabi.gob.ec\\\/wp-content\\\/uploads\\\/2022\\\/05\\\/WhatsApp-Image-2022-05-23-at-9.36.08-AM-e1653408452987.jpg\",\"datePublished\":\"2022-05-23T14:38:24+00:00\",\"dateModified\":\"2022-05-24T16:08:43+00:00\",\"author\":{\"@id\":\"https:\\\/\\\/www.manabi.gob.ec\\\/#\\\/schema\\\/person\\\/c4f117989332ad723a6ced5994aa7d7a\"},\"breadcrumb\":{\"@id\":\"https:\\\/\\\/www.manabi.gob.ec\\\/index.php\\\/la-prefectura-honrara-sus-deudas-con-acreedores-de-la-extinta-manabi-construye\\\/#breadcrumb\"},\"inLanguage\":\"es\",\"potentialAction\":[{\"@type\":\"ReadAction\",\"target\":[\"https:\\\/\\\/www.manabi.gob.ec\\\/index.php\\\/la-prefectura-honrara-sus-deudas-con-acreedores-de-la-extinta-manabi-construye\\\/\"]}]},{\"@type\":\"ImageObject\",\"inLanguage\":\"es\",\"@id\":\"https:\\\/\\\/www.manabi.gob.ec\\\/index.php\\\/la-prefectura-honrara-sus-deudas-con-acreedores-de-la-extinta-manabi-construye\\\/#primaryimage\",\"url\":\"https:\\\/\\\/www.manabi.gob.ec\\\/wp-content\\\/uploads\\\/2022\\\/05\\\/WhatsApp-Image-2022-05-23-at-9.36.08-AM-e1653408452987.jpg\",\"contentUrl\":\"https:\\\/\\\/www.manabi.gob.ec\\\/wp-content\\\/uploads\\\/2022\\\/05\\\/WhatsApp-Image-2022-05-23-at-9.36.08-AM-e1653408452987.jpg\",\"width\":400,\"height\":300},{\"@type\":\"BreadcrumbList\",\"@id\":\"https:\\\/\\\/www.manabi.gob.ec\\\/index.php\\\/la-prefectura-honrara-sus-deudas-con-acreedores-de-la-extinta-manabi-construye\\\/#breadcrumb\",\"itemListElement\":[{\"@type\":\"ListItem\",\"position\":1,\"name\":\"Portada\",\"item\":\"https:\\\/\\\/www.manabi.gob.ec\\\/\"},{\"@type\":\"ListItem\",\"position\":2,\"name\":\"La Prefectura honrar\u00e1 sus deudas con acreedores de la extinta Manab\u00ed Construye\"}]},{\"@type\":\"WebSite\",\"@id\":\"https:\\\/\\\/www.manabi.gob.ec\\\/#website\",\"url\":\"https:\\\/\\\/www.manabi.gob.ec\\\/\",\"name\":\"Prefectura de Manab\u00ed\",\"description\":\"P\u00e1gina web de la prefectura\",\"potentialAction\":[{\"@type\":\"SearchAction\",\"target\":{\"@type\":\"EntryPoint\",\"urlTemplate\":\"https:\\\/\\\/www.manabi.gob.ec\\\/?s={search_term_string}\"},\"query-input\":{\"@type\":\"PropertyValueSpecification\",\"valueRequired\":true,\"valueName\":\"search_term_string\"}}],\"inLanguage\":\"es\"},{\"@type\":\"Person\",\"@id\":\"https:\\\/\\\/www.manabi.gob.ec\\\/#\\\/schema\\\/person\\\/c4f117989332ad723a6ced5994aa7d7a\",\"name\":\"Lui Ochoa\",\"image\":{\"@type\":\"ImageObject\",\"inLanguage\":\"es\",\"@id\":\"https:\\\/\\\/secure.gravatar.com\\\/avatar\\\/6e8017d0fe69dead8a95864d2eb6e1e1d8bf8e01194ba49cf7b897ff038126ba?s=96&d=mm&r=g\",\"url\":\"https:\\\/\\\/secure.gravatar.com\\\/avatar\\\/6e8017d0fe69dead8a95864d2eb6e1e1d8bf8e01194ba49cf7b897ff038126ba?s=96&d=mm&r=g\",\"contentUrl\":\"https:\\\/\\\/secure.gravatar.com\\\/avatar\\\/6e8017d0fe69dead8a95864d2eb6e1e1d8bf8e01194ba49cf7b897ff038126ba?s=96&d=mm&r=g\",\"caption\":\"Lui Ochoa\"},\"url\":\"https:\\\/\\\/www.manabi.gob.ec\\\/index.php\\\/author\\\/lochoa\\\/\"}]}<\/script>\n<!-- \/ Yoast SEO plugin. -->","yoast_head_json":{"title":"La Prefectura honrar\u00e1 sus deudas con acreedores de la extinta Manab\u00ed Construye - Prefectura de Manab\u00ed","robots":{"index":"index","follow":"follow","max-snippet":"max-snippet:-1","max-image-preview":"max-image-preview:large","max-video-preview":"max-video-preview:-1"},"canonical":"https:\/\/www.manabi.gob.ec\/index.php\/la-prefectura-honrara-sus-deudas-con-acreedores-de-la-extinta-manabi-construye\/","og_locale":"es_ES","og_type":"article","og_title":"La Prefectura honrar\u00e1 sus deudas con acreedores de la extinta Manab\u00ed Construye - Prefectura de Manab\u00ed","og_description":"\u201cTenemos toda la voluntad de asumir, enfrentar, y honrar las obligaciones, y que ustedes reciban los valores que por derecho les corresponda\u201d, manifest\u00f3 el prefecto de Manab\u00ed, Leonardo Orlando, durante la socializaci\u00f3n del Reglamento para el pago de las cuentas por pagar de la liquidada y extinta empresa Manab\u00ed Construye, transferidas al Gobierno Provincial de Manab\u00ed.  La exposici\u00f3n estuvo dirigida a los 81 proveedores que tienen valores por cobrar, por un monto total que supera los 13 millones de d\u00f3lares.  El reglamento fue aprobado por la Corporaci\u00f3n Provincial en pleno en la sesi\u00f3n ordinaria realizada el pasado 28 de abril. El mismo establece los requisitos para acceder al cobro de las obligaciones, por ejemplo la firma de un acta transaccional voluntaria y de com\u00fan acuerdo entre las partes, y establece 5 grupos acorde a los montos de las acreencias (hasta $50.000; de $50.001 hasta $100.000; de $100.001 hasta $500.000; de $500.001 hasta $1 000.000; y superior a $1.000.000).","og_url":"https:\/\/www.manabi.gob.ec\/index.php\/la-prefectura-honrara-sus-deudas-con-acreedores-de-la-extinta-manabi-construye\/","og_site_name":"Prefectura de Manab\u00ed","article_published_time":"2022-05-23T14:38:24+00:00","article_modified_time":"2022-05-24T16:08:43+00:00","og_image":[{"width":400,"height":300,"url":"https:\/\/www.manabi.gob.ec\/wp-content\/uploads\/2022\/05\/WhatsApp-Image-2022-05-23-at-9.36.08-AM-e1653408452987.jpg","type":"image\/jpeg"}],"author":"Lui Ochoa","twitter_card":"summary_large_image","twitter_misc":{"Escrito por":"Lui Ochoa","Tiempo de lectura":"2 minutos"},"schema":{"@context":"https:\/\/schema.org","@graph":[{"@type":"Article","@id":"https:\/\/www.manabi.gob.ec\/index.php\/la-prefectura-honrara-sus-deudas-con-acreedores-de-la-extinta-manabi-construye\/#article","isPartOf":{"@id":"https:\/\/www.manabi.gob.ec\/index.php\/la-prefectura-honrara-sus-deudas-con-acreedores-de-la-extinta-manabi-construye\/"},"author":{"name":"Lui Ochoa","@id":"https:\/\/www.manabi.gob.ec\/#\/schema\/person\/c4f117989332ad723a6ced5994aa7d7a"},"headline":"La Prefectura honrar\u00e1 sus deudas con acreedores de la extinta Manab\u00ed Construye","datePublished":"2022-05-23T14:38:24+00:00","dateModified":"2022-05-24T16:08:43+00:00","mainEntityOfPage":{"@id":"https:\/\/www.manabi.gob.ec\/index.php\/la-prefectura-honrara-sus-deudas-con-acreedores-de-la-extinta-manabi-construye\/"},"wordCount":327,"image":{"@id":"https:\/\/www.manabi.gob.ec\/index.php\/la-prefectura-honrara-sus-deudas-con-acreedores-de-la-extinta-manabi-construye\/#primaryimage"},"thumbnailUrl":"https:\/\/www.manabi.gob.ec\/wp-content\/uploads\/2022\/05\/WhatsApp-Image-2022-05-23-at-9.36.08-AM-e1653408452987.jpg","articleSection":["Desarrollo Social","Manab\u00ed Vial","Noticias","Todas"],"inLanguage":"es"},{"@type":"WebPage","@id":"https:\/\/www.manabi.gob.ec\/index.php\/la-prefectura-honrara-sus-deudas-con-acreedores-de-la-extinta-manabi-construye\/","url":"https:\/\/www.manabi.gob.ec\/index.php\/la-prefectura-honrara-sus-deudas-con-acreedores-de-la-extinta-manabi-construye\/","name":"La Prefectura honrar\u00e1 sus deudas con acreedores de la extinta Manab\u00ed Construye - Prefectura de Manab\u00ed","isPartOf":{"@id":"https:\/\/www.manabi.gob.ec\/#website"},"primaryImageOfPage":{"@id":"https:\/\/www.manabi.gob.ec\/index.php\/la-prefectura-honrara-sus-deudas-con-acreedores-de-la-extinta-manabi-construye\/#primaryimage"},"image":{"@id":"https:\/\/www.manabi.gob.ec\/index.php\/la-prefectura-honrara-sus-deudas-con-acreedores-de-la-extinta-manabi-construye\/#primaryimage"},"thumbnailUrl":"https:\/\/www.manabi.gob.ec\/wp-content\/uploads\/2022\/05\/WhatsApp-Image-2022-05-23-at-9.36.08-AM-e1653408452987.jpg","datePublished":"2022-05-23T14:38:24+00:00","dateModified":"2022-05-24T16:08:43+00:00","author":{"@id":"https:\/\/www.manabi.gob.ec\/#\/schema\/person\/c4f117989332ad723a6ced5994aa7d7a"},"breadcrumb":{"@id":"https:\/\/www.manabi.gob.ec\/index.php\/la-prefectura-honrara-sus-deudas-con-acreedores-de-la-extinta-manabi-construye\/#breadcrumb"},"inLanguage":"es","potentialAction":[{"@type":"ReadAction","target":["https:\/\/www.manabi.gob.ec\/index.php\/la-prefectura-honrara-sus-deudas-con-acreedores-de-la-extinta-manabi-construye\/"]}]},{"@type":"ImageObject","inLanguage":"es","@id":"https:\/\/www.manabi.gob.ec\/index.php\/la-prefectura-honrara-sus-deudas-con-acreedores-de-la-extinta-manabi-construye\/#primaryimage","url":"https:\/\/www.manabi.gob.ec\/wp-content\/uploads\/2022\/05\/WhatsApp-Image-2022-05-23-at-9.36.08-AM-e1653408452987.jpg","contentUrl":"https:\/\/www.manabi.gob.ec\/wp-content\/uploads\/2022\/05\/WhatsApp-Image-2022-05-23-at-9.36.08-AM-e1653408452987.jpg","width":400,"height":300},{"@type":"BreadcrumbList","@id":"https:\/\/www.manabi.gob.ec\/index.php\/la-prefectura-honrara-sus-deudas-con-acreedores-de-la-extinta-manabi-construye\/#breadcrumb","itemListElement":[{"@type":"ListItem","position":1,"name":"Portada","item":"https:\/\/www.manabi.gob.ec\/"},{"@type":"ListItem","position":2,"name":"La Prefectura honrar\u00e1 sus deudas con acreedores de la extinta Manab\u00ed Construye"}]},{"@type":"WebSite","@id":"https:\/\/www.manabi.gob.ec\/#website","url":"https:\/\/www.manabi.gob.ec\/","name":"Prefectura de Manab\u00ed","description":"P\u00e1gina web de la prefectura","potentialAction":[{"@type":"SearchAction","target":{"@type":"EntryPoint","urlTemplate":"https:\/\/www.manabi.gob.ec\/?s={search_term_string}"},"query-input":{"@type":"PropertyValueSpecification","valueRequired":true,"valueName":"search_term_string"}}],"inLanguage":"es"},{"@type":"Person","@id":"https:\/\/www.manabi.gob.ec\/#\/schema\/person\/c4f117989332ad723a6ced5994aa7d7a","name":"Lui Ochoa","image":{"@type":"ImageObject","inLanguage":"es","@id":"https:\/\/secure.gravatar.com\/avatar\/6e8017d0fe69dead8a95864d2eb6e1e1d8bf8e01194ba49cf7b897ff038126ba?s=96&d=mm&r=g","url":"https:\/\/secure.gravatar.com\/avatar\/6e8017d0fe69dead8a95864d2eb6e1e1d8bf8e01194ba49cf7b897ff038126ba?s=96&d=mm&r=g","contentUrl":"https:\/\/secure.gravatar.com\/avatar\/6e8017d0fe69dead8a95864d2eb6e1e1d8bf8e01194ba49cf7b897ff038126ba?s=96&d=mm&r=g","caption":"Lui Ochoa"},"url":"https:\/\/www.manabi.gob.ec\/index.php\/author\/lochoa\/"}]}},"jetpack_featured_media_url":"https:\/\/www.manabi.gob.ec\/wp-content\/uploads\/2022\/05\/WhatsApp-Image-2022-05-23-at-9.36.08-AM-e1653408452987.jpg","_links":{"self":[{"href":"https:\/\/www.manabi.gob.ec\/index.php\/wp-json\/wp\/v2\/posts\/20845","targetHints":{"allow":["GET"]}}],"collection":[{"href":"https:\/\/www.manabi.gob.ec\/index.php\/wp-json\/wp\/v2\/posts"}],"about":[{"href":"https:\/\/www.manabi.gob.ec\/index.php\/wp-json\/wp\/v2\/types\/post"}],"author":[{"embeddable":true,"href":"https:\/\/www.manabi.gob.ec\/index.php\/wp-json\/wp\/v2\/users\/10"}],"replies":[{"embeddable":true,"href":"https:\/\/www.manabi.gob.ec\/index.php\/wp-json\/wp\/v2\/comments?post=20845"}],"version-history":[{"count":0,"href":"https:\/\/www.manabi.gob.ec\/index.php\/wp-json\/wp\/v2\/posts\/20845\/revisions"}],"wp:featuredmedia":[{"embeddable":true,"href":"https:\/\/www.manabi.gob.ec\/index.php\/wp-json\/wp\/v2\/media\/20846"}],"wp:attachment":[{"href":"https:\/\/www.manabi.gob.ec\/index.php\/wp-json\/wp\/v2\/media?parent=20845"}],"wp:term":[{"taxonomy":"category","embeddable":true,"href":"https:\/\/www.manabi.gob.ec\/index.php\/wp-json\/wp\/v2\/categories?post=20845"},{"taxonomy":"post_tag","embeddable":true,"href":"https:\/\/www.manabi.gob.ec\/index.php\/wp-json\/wp\/v2\/tags?post=20845"}],"curies":[{"name":"wp","href":"https:\/\/api.w.org\/{rel}","templated":true}]}}