{"id":20892,"date":"2022-05-27T22:55:20","date_gmt":"2022-05-27T22:55:20","guid":{"rendered":"https:\/\/www.manabi.gob.ec\/?p=20892"},"modified":"2022-05-27T22:55:25","modified_gmt":"2022-05-27T22:55:25","slug":"atendemos-a-grupos-de-movilidad-humana","status":"publish","type":"post","link":"https:\/\/www.manabi.gob.ec\/index.php\/atendemos-a-grupos-de-movilidad-humana\/","title":{"rendered":"Atendemos a grupos de movilidad humana"},"content":{"rendered":"\n<p>Desde la Prefectura de Manab\u00ed, continuamos llevando salud y bienestar. Gracias al trabajo en conjunto con la Organizaci\u00f3n Internacional para las Migraciones (OIM) logramos atender a personas en condici\u00f3n de movilidad humana asentadas en territorio manabita.<\/p>\n\n\n\n<p>Las jornadas m\u00e9dicas que se desarrollan a trav\u00e9s del departamento de Desarollo Social llegaron hasta la ciudadela La Padrera en la parroquia Los Esteros del cant\u00f3n Manta, donde m\u00e1s de 200 personas, entre grupos prioritarios y extranjeros, recibieron los beneficios de la brigada m\u00e9dica.<\/p>\n\n\n\n<p>En el punto de encuentro se desarrollaron jornadas de odontolog\u00eda, nutrici\u00f3n, medicina general y psicolog\u00eda, adem\u00e1s de un espacio l\u00fadico asignado para la promoci\u00f3n de derechos de ni\u00f1os y ni\u00f1as.<\/p>\n\n\n\n<p>El trabajo en conjunto entre nuestra instituci\u00f3n provincial y la organizaci\u00f3n internacional, OIM, busca entrelazar esfuerzos con la finalidad de proteger a personas migrantes que vivan en nuestro territorio, desde muchos \u00e1mbitos indispensables para el buen vivir, as\u00ed lo asegur\u00f3 Daniela de La Fuente, t\u00e9cnica responsable de la brigada m\u00e9dica.<\/p>\n\n\n\n<p>Jeimis Rom\u00e1n, oriunda de Venezuela, se mostr\u00f3 agradecida porque ella y su hija, recibieron atenci\u00f3n m\u00e9dica gratuita gracias a la Prefectura de Manab\u00ed. Adem\u00e1s, expuso lo dif\u00edcil que es para ellos, viniendo de otro pa\u00eds, obtener dinero para cuidar su salud y comprar medicamentos. Jeimis, y su peque\u00f1a hija, fueron atendidas de forma oportuna por nuestros profesionales de la salud.<\/p>\n","protected":false},"excerpt":{"rendered":"<p>Desde la Prefectura de Manab\u00ed, continuamos llevando salud y bienestar. Gracias al trabajo en conjunto con la Organizaci\u00f3n Internacional para las Migraciones (OIM) logramos atender a personas en condici\u00f3n de movilidad humana asentadas en territorio manabita.<\/p>\n<p>Las jornadas m\u00e9dicas que se desarrollan a trav\u00e9s del departamento de Desarollo Social llegaron hasta la ciudadela La Padrera en la parroquia Los Esteros del cant\u00f3n Manta, donde m\u00e1s de 200 personas, entre grupos prioritarios y extranjeros, recibieron los beneficios de la brigada m\u00e9dica.<\/p>\n<p>En el punto de encuentro se desarrollaron jornadas de odontolog\u00eda, nutrici\u00f3n, medicina general y psicolog\u00eda, adem\u00e1s de un espacio l\u00fadico asignado para la promoci\u00f3n de derechos de ni\u00f1os y ni\u00f1as.<\/p>\n<p>El trabajo en conjunto entre nuestra instituci\u00f3n provincial y la organizaci\u00f3n internacional, OIM, busca entrelazar esfuerzos con la finalidad de proteger a personas migrantes que vivan en nuestro territorio, desde muchos \u00e1mbitos indispensables para el buen vivir, as\u00ed lo asegur\u00f3 Daniela de La Fuente, t\u00e9cnica responsable de la brigada m\u00e9dica.<\/p>\n<p>Jeimis Rom\u00e1n, oriunda de Venezuela, se mostr\u00f3 agradecida porque ella y su hija, recibieron atenci\u00f3n m\u00e9dica gratuita gracias a la Prefectura de Manab\u00ed. Adem\u00e1s, expuso lo dif\u00edcil que es para ellos, viniendo de otro pa\u00eds, obtener dinero para cuidar su salud y comprar medicamentos. Jeimis, y su peque\u00f1a hija, fueron atendidas de forma oportuna por nuestros profesionales de la salud.<\/p>\n","protected":false},"author":10,"featured_media":20893,"comment_status":"closed","ping_status":"closed","sticky":false,"template":"","format":"standard","meta":{"_joinchat":[],"footnotes":""},"categories":[142,156,92,72,91],"tags":[],"class_list":["post-20892","post","type-post","status-publish","format-standard","has-post-thumbnail","hentry","category-desarrollo-social","category-manta","category-noticias-manabi","category-salud","category-todas"],"yoast_head":"<!-- This site is optimized with the Yoast SEO plugin v27.4 - https:\/\/yoast.com\/product\/yoast-seo-wordpress\/ -->\n<title>Atendemos a grupos de movilidad humana - Prefectura de Manab\u00ed<\/title>\n<meta name=\"description\" content=\"Desde la Prefectura de Manab\u00ed, continuamos llevando salud y bienestar. Gracias al trabajo en conjunto con la Organizaci\u00f3n Internacional para las Migraciones (OIM) logramos atender a personas en condici\u00f3n de movilidad humana asentadas en territorio manabita.Las jornadas m\u00e9dicas que se desarrollan a trav\u00e9s del departamento de Desarollo Social llegaron hasta la ciudadela La Padrera en la parroquia Los Esteros del cant\u00f3n Manta, donde m\u00e1s de 200 personas, entre grupos prioritarios y extranjeros, recibieron los beneficios de la brigada m\u00e9dica.En el punto de encuentro se desarrollaron jornadas de odontolog\u00eda, nutrici\u00f3n, medicina general y psicolog\u00eda, adem\u00e1s de un espacio l\u00fadico asignado para la promoci\u00f3n de derechos de ni\u00f1os y ni\u00f1as.El trabajo en conjunto entre nuestra instituci\u00f3n provincial y la organizaci\u00f3n internacional, OIM, busca entrelazar esfuerzos con la finalidad de proteger a personas migrantes que vivan en nuestro territorio, desde muchos \u00e1mbitos indispensables para el buen vivir, as\u00ed lo asegur\u00f3 Daniela de La Fuente, t\u00e9cnica responsable de la brigada m\u00e9dica.Jeimis Rom\u00e1n, oriunda de Venezuela, se mostr\u00f3 agradecida porque ella y su hija, recibieron atenci\u00f3n m\u00e9dica gratuita gracias a la Prefectura de Manab\u00ed. Adem\u00e1s, expuso lo dif\u00edcil que es para ellos, viniendo de otro pa\u00eds, obtener dinero para cuidar su salud y comprar medicamentos. Jeimis, y su peque\u00f1a hija, fueron atendidas de forma oportuna por nuestros profesionales de la salud.\" \/>\n<meta name=\"robots\" content=\"index, follow, max-snippet:-1, max-image-preview:large, max-video-preview:-1\" \/>\n<link rel=\"canonical\" href=\"https:\/\/www.manabi.gob.ec\/index.php\/atendemos-a-grupos-de-movilidad-humana\/\" \/>\n<meta property=\"og:locale\" content=\"es_ES\" \/>\n<meta property=\"og:type\" content=\"article\" \/>\n<meta property=\"og:title\" content=\"Atendemos a grupos de movilidad humana - Prefectura de Manab\u00ed\" \/>\n<meta property=\"og:description\" content=\"Desde la Prefectura de Manab\u00ed, continuamos llevando salud y bienestar. Gracias al trabajo en conjunto con la Organizaci\u00f3n Internacional para las Migraciones (OIM) logramos atender a personas en condici\u00f3n de movilidad humana asentadas en territorio manabita.Las jornadas m\u00e9dicas que se desarrollan a trav\u00e9s del departamento de Desarollo Social llegaron hasta la ciudadela La Padrera en la parroquia Los Esteros del cant\u00f3n Manta, donde m\u00e1s de 200 personas, entre grupos prioritarios y extranjeros, recibieron los beneficios de la brigada m\u00e9dica.En el punto de encuentro se desarrollaron jornadas de odontolog\u00eda, nutrici\u00f3n, medicina general y psicolog\u00eda, adem\u00e1s de un espacio l\u00fadico asignado para la promoci\u00f3n de derechos de ni\u00f1os y ni\u00f1as.El trabajo en conjunto entre nuestra instituci\u00f3n provincial y la organizaci\u00f3n internacional, OIM, busca entrelazar esfuerzos con la finalidad de proteger a personas migrantes que vivan en nuestro territorio, desde muchos \u00e1mbitos indispensables para el buen vivir, as\u00ed lo asegur\u00f3 Daniela de La Fuente, t\u00e9cnica responsable de la brigada m\u00e9dica.Jeimis Rom\u00e1n, oriunda de Venezuela, se mostr\u00f3 agradecida porque ella y su hija, recibieron atenci\u00f3n m\u00e9dica gratuita gracias a la Prefectura de Manab\u00ed. Adem\u00e1s, expuso lo dif\u00edcil que es para ellos, viniendo de otro pa\u00eds, obtener dinero para cuidar su salud y comprar medicamentos. Jeimis, y su peque\u00f1a hija, fueron atendidas de forma oportuna por nuestros profesionales de la salud.\" \/>\n<meta property=\"og:url\" content=\"https:\/\/www.manabi.gob.ec\/index.php\/atendemos-a-grupos-de-movilidad-humana\/\" \/>\n<meta property=\"og:site_name\" content=\"Prefectura de Manab\u00ed\" \/>\n<meta property=\"article:published_time\" content=\"2022-05-27T22:55:20+00:00\" \/>\n<meta property=\"article:modified_time\" content=\"2022-05-27T22:55:25+00:00\" \/>\n<meta property=\"og:image\" content=\"https:\/\/www.manabi.gob.ec\/wp-content\/uploads\/2022\/05\/WhatsApp-Image-2022-05-27-at-2.25.36-PM.jpeg\" \/>\n\t<meta property=\"og:image:width\" content=\"1600\" \/>\n\t<meta property=\"og:image:height\" content=\"1200\" \/>\n\t<meta property=\"og:image:type\" content=\"image\/jpeg\" \/>\n<meta name=\"author\" content=\"Lui Ochoa\" \/>\n<meta name=\"twitter:card\" content=\"summary_large_image\" \/>\n<meta name=\"twitter:label1\" content=\"Escrito por\" \/>\n\t<meta name=\"twitter:data1\" content=\"Lui Ochoa\" \/>\n\t<meta name=\"twitter:label2\" content=\"Tiempo de lectura\" \/>\n\t<meta name=\"twitter:data2\" content=\"2 minutos\" \/>\n<script type=\"application\/ld+json\" class=\"yoast-schema-graph\">{\"@context\":\"https:\\\/\\\/schema.org\",\"@graph\":[{\"@type\":\"Article\",\"@id\":\"https:\\\/\\\/www.manabi.gob.ec\\\/index.php\\\/atendemos-a-grupos-de-movilidad-humana\\\/#article\",\"isPartOf\":{\"@id\":\"https:\\\/\\\/www.manabi.gob.ec\\\/index.php\\\/atendemos-a-grupos-de-movilidad-humana\\\/\"},\"author\":{\"name\":\"Lui Ochoa\",\"@id\":\"https:\\\/\\\/www.manabi.gob.ec\\\/#\\\/schema\\\/person\\\/c4f117989332ad723a6ced5994aa7d7a\"},\"headline\":\"Atendemos a grupos de movilidad humana\",\"datePublished\":\"2022-05-27T22:55:20+00:00\",\"dateModified\":\"2022-05-27T22:55:25+00:00\",\"mainEntityOfPage\":{\"@id\":\"https:\\\/\\\/www.manabi.gob.ec\\\/index.php\\\/atendemos-a-grupos-de-movilidad-humana\\\/\"},\"wordCount\":251,\"image\":{\"@id\":\"https:\\\/\\\/www.manabi.gob.ec\\\/index.php\\\/atendemos-a-grupos-de-movilidad-humana\\\/#primaryimage\"},\"thumbnailUrl\":\"https:\\\/\\\/www.manabi.gob.ec\\\/wp-content\\\/uploads\\\/2022\\\/05\\\/WhatsApp-Image-2022-05-27-at-2.25.36-PM.jpeg\",\"articleSection\":[\"Desarrollo Social\",\"Manta\",\"Noticias\",\"salud\",\"Todas\"],\"inLanguage\":\"es\"},{\"@type\":\"WebPage\",\"@id\":\"https:\\\/\\\/www.manabi.gob.ec\\\/index.php\\\/atendemos-a-grupos-de-movilidad-humana\\\/\",\"url\":\"https:\\\/\\\/www.manabi.gob.ec\\\/index.php\\\/atendemos-a-grupos-de-movilidad-humana\\\/\",\"name\":\"Atendemos a grupos de movilidad humana - Prefectura de Manab\u00ed\",\"isPartOf\":{\"@id\":\"https:\\\/\\\/www.manabi.gob.ec\\\/#website\"},\"primaryImageOfPage\":{\"@id\":\"https:\\\/\\\/www.manabi.gob.ec\\\/index.php\\\/atendemos-a-grupos-de-movilidad-humana\\\/#primaryimage\"},\"image\":{\"@id\":\"https:\\\/\\\/www.manabi.gob.ec\\\/index.php\\\/atendemos-a-grupos-de-movilidad-humana\\\/#primaryimage\"},\"thumbnailUrl\":\"https:\\\/\\\/www.manabi.gob.ec\\\/wp-content\\\/uploads\\\/2022\\\/05\\\/WhatsApp-Image-2022-05-27-at-2.25.36-PM.jpeg\",\"datePublished\":\"2022-05-27T22:55:20+00:00\",\"dateModified\":\"2022-05-27T22:55:25+00:00\",\"author\":{\"@id\":\"https:\\\/\\\/www.manabi.gob.ec\\\/#\\\/schema\\\/person\\\/c4f117989332ad723a6ced5994aa7d7a\"},\"description\":\"Desde la Prefectura de Manab\u00ed, continuamos llevando salud y bienestar. Gracias al trabajo en conjunto con la Organizaci\u00f3n Internacional para las Migraciones (OIM) logramos atender a personas en condici\u00f3n de movilidad humana asentadas en territorio manabita.Las jornadas m\u00e9dicas que se desarrollan a trav\u00e9s del departamento de Desarollo Social llegaron hasta la ciudadela La Padrera en la parroquia Los Esteros del cant\u00f3n Manta, donde m\u00e1s de 200 personas, entre grupos prioritarios y extranjeros, recibieron los beneficios de la brigada m\u00e9dica.En el punto de encuentro se desarrollaron jornadas de odontolog\u00eda, nutrici\u00f3n, medicina general y psicolog\u00eda, adem\u00e1s de un espacio l\u00fadico asignado para la promoci\u00f3n de derechos de ni\u00f1os y ni\u00f1as.El trabajo en conjunto entre nuestra instituci\u00f3n provincial y la organizaci\u00f3n internacional, OIM, busca entrelazar esfuerzos con la finalidad de proteger a personas migrantes que vivan en nuestro territorio, desde muchos \u00e1mbitos indispensables para el buen vivir, as\u00ed lo asegur\u00f3 Daniela de La Fuente, t\u00e9cnica responsable de la brigada m\u00e9dica.Jeimis Rom\u00e1n, oriunda de Venezuela, se mostr\u00f3 agradecida porque ella y su hija, recibieron atenci\u00f3n m\u00e9dica gratuita gracias a la Prefectura de Manab\u00ed. Adem\u00e1s, expuso lo dif\u00edcil que es para ellos, viniendo de otro pa\u00eds, obtener dinero para cuidar su salud y comprar medicamentos. Jeimis, y su peque\u00f1a hija, fueron atendidas de forma oportuna por nuestros profesionales de la salud.\",\"breadcrumb\":{\"@id\":\"https:\\\/\\\/www.manabi.gob.ec\\\/index.php\\\/atendemos-a-grupos-de-movilidad-humana\\\/#breadcrumb\"},\"inLanguage\":\"es\",\"potentialAction\":[{\"@type\":\"ReadAction\",\"target\":[\"https:\\\/\\\/www.manabi.gob.ec\\\/index.php\\\/atendemos-a-grupos-de-movilidad-humana\\\/\"]}]},{\"@type\":\"ImageObject\",\"inLanguage\":\"es\",\"@id\":\"https:\\\/\\\/www.manabi.gob.ec\\\/index.php\\\/atendemos-a-grupos-de-movilidad-humana\\\/#primaryimage\",\"url\":\"https:\\\/\\\/www.manabi.gob.ec\\\/wp-content\\\/uploads\\\/2022\\\/05\\\/WhatsApp-Image-2022-05-27-at-2.25.36-PM.jpeg\",\"contentUrl\":\"https:\\\/\\\/www.manabi.gob.ec\\\/wp-content\\\/uploads\\\/2022\\\/05\\\/WhatsApp-Image-2022-05-27-at-2.25.36-PM.jpeg\",\"width\":1600,\"height\":1200},{\"@type\":\"BreadcrumbList\",\"@id\":\"https:\\\/\\\/www.manabi.gob.ec\\\/index.php\\\/atendemos-a-grupos-de-movilidad-humana\\\/#breadcrumb\",\"itemListElement\":[{\"@type\":\"ListItem\",\"position\":1,\"name\":\"Portada\",\"item\":\"https:\\\/\\\/www.manabi.gob.ec\\\/\"},{\"@type\":\"ListItem\",\"position\":2,\"name\":\"Atendemos a grupos de movilidad humana\"}]},{\"@type\":\"WebSite\",\"@id\":\"https:\\\/\\\/www.manabi.gob.ec\\\/#website\",\"url\":\"https:\\\/\\\/www.manabi.gob.ec\\\/\",\"name\":\"Prefectura de Manab\u00ed\",\"description\":\"P\u00e1gina web de la prefectura\",\"potentialAction\":[{\"@type\":\"SearchAction\",\"target\":{\"@type\":\"EntryPoint\",\"urlTemplate\":\"https:\\\/\\\/www.manabi.gob.ec\\\/?s={search_term_string}\"},\"query-input\":{\"@type\":\"PropertyValueSpecification\",\"valueRequired\":true,\"valueName\":\"search_term_string\"}}],\"inLanguage\":\"es\"},{\"@type\":\"Person\",\"@id\":\"https:\\\/\\\/www.manabi.gob.ec\\\/#\\\/schema\\\/person\\\/c4f117989332ad723a6ced5994aa7d7a\",\"name\":\"Lui Ochoa\",\"image\":{\"@type\":\"ImageObject\",\"inLanguage\":\"es\",\"@id\":\"https:\\\/\\\/secure.gravatar.com\\\/avatar\\\/6e8017d0fe69dead8a95864d2eb6e1e1d8bf8e01194ba49cf7b897ff038126ba?s=96&d=mm&r=g\",\"url\":\"https:\\\/\\\/secure.gravatar.com\\\/avatar\\\/6e8017d0fe69dead8a95864d2eb6e1e1d8bf8e01194ba49cf7b897ff038126ba?s=96&d=mm&r=g\",\"contentUrl\":\"https:\\\/\\\/secure.gravatar.com\\\/avatar\\\/6e8017d0fe69dead8a95864d2eb6e1e1d8bf8e01194ba49cf7b897ff038126ba?s=96&d=mm&r=g\",\"caption\":\"Lui Ochoa\"},\"url\":\"https:\\\/\\\/www.manabi.gob.ec\\\/index.php\\\/author\\\/lochoa\\\/\"}]}<\/script>\n<!-- \/ Yoast SEO plugin. -->","yoast_head_json":{"title":"Atendemos a grupos de movilidad humana - Prefectura de Manab\u00ed","description":"Desde la Prefectura de Manab\u00ed, continuamos llevando salud y bienestar. Gracias al trabajo en conjunto con la Organizaci\u00f3n Internacional para las Migraciones (OIM) logramos atender a personas en condici\u00f3n de movilidad humana asentadas en territorio manabita.Las jornadas m\u00e9dicas que se desarrollan a trav\u00e9s del departamento de Desarollo Social llegaron hasta la ciudadela La Padrera en la parroquia Los Esteros del cant\u00f3n Manta, donde m\u00e1s de 200 personas, entre grupos prioritarios y extranjeros, recibieron los beneficios de la brigada m\u00e9dica.En el punto de encuentro se desarrollaron jornadas de odontolog\u00eda, nutrici\u00f3n, medicina general y psicolog\u00eda, adem\u00e1s de un espacio l\u00fadico asignado para la promoci\u00f3n de derechos de ni\u00f1os y ni\u00f1as.El trabajo en conjunto entre nuestra instituci\u00f3n provincial y la organizaci\u00f3n internacional, OIM, busca entrelazar esfuerzos con la finalidad de proteger a personas migrantes que vivan en nuestro territorio, desde muchos \u00e1mbitos indispensables para el buen vivir, as\u00ed lo asegur\u00f3 Daniela de La Fuente, t\u00e9cnica responsable de la brigada m\u00e9dica.Jeimis Rom\u00e1n, oriunda de Venezuela, se mostr\u00f3 agradecida porque ella y su hija, recibieron atenci\u00f3n m\u00e9dica gratuita gracias a la Prefectura de Manab\u00ed. Adem\u00e1s, expuso lo dif\u00edcil que es para ellos, viniendo de otro pa\u00eds, obtener dinero para cuidar su salud y comprar medicamentos. Jeimis, y su peque\u00f1a hija, fueron atendidas de forma oportuna por nuestros profesionales de la salud.","robots":{"index":"index","follow":"follow","max-snippet":"max-snippet:-1","max-image-preview":"max-image-preview:large","max-video-preview":"max-video-preview:-1"},"canonical":"https:\/\/www.manabi.gob.ec\/index.php\/atendemos-a-grupos-de-movilidad-humana\/","og_locale":"es_ES","og_type":"article","og_title":"Atendemos a grupos de movilidad humana - Prefectura de Manab\u00ed","og_description":"Desde la Prefectura de Manab\u00ed, continuamos llevando salud y bienestar. Gracias al trabajo en conjunto con la Organizaci\u00f3n Internacional para las Migraciones (OIM) logramos atender a personas en condici\u00f3n de movilidad humana asentadas en territorio manabita.Las jornadas m\u00e9dicas que se desarrollan a trav\u00e9s del departamento de Desarollo Social llegaron hasta la ciudadela La Padrera en la parroquia Los Esteros del cant\u00f3n Manta, donde m\u00e1s de 200 personas, entre grupos prioritarios y extranjeros, recibieron los beneficios de la brigada m\u00e9dica.En el punto de encuentro se desarrollaron jornadas de odontolog\u00eda, nutrici\u00f3n, medicina general y psicolog\u00eda, adem\u00e1s de un espacio l\u00fadico asignado para la promoci\u00f3n de derechos de ni\u00f1os y ni\u00f1as.El trabajo en conjunto entre nuestra instituci\u00f3n provincial y la organizaci\u00f3n internacional, OIM, busca entrelazar esfuerzos con la finalidad de proteger a personas migrantes que vivan en nuestro territorio, desde muchos \u00e1mbitos indispensables para el buen vivir, as\u00ed lo asegur\u00f3 Daniela de La Fuente, t\u00e9cnica responsable de la brigada m\u00e9dica.Jeimis Rom\u00e1n, oriunda de Venezuela, se mostr\u00f3 agradecida porque ella y su hija, recibieron atenci\u00f3n m\u00e9dica gratuita gracias a la Prefectura de Manab\u00ed. Adem\u00e1s, expuso lo dif\u00edcil que es para ellos, viniendo de otro pa\u00eds, obtener dinero para cuidar su salud y comprar medicamentos. Jeimis, y su peque\u00f1a hija, fueron atendidas de forma oportuna por nuestros profesionales de la salud.","og_url":"https:\/\/www.manabi.gob.ec\/index.php\/atendemos-a-grupos-de-movilidad-humana\/","og_site_name":"Prefectura de Manab\u00ed","article_published_time":"2022-05-27T22:55:20+00:00","article_modified_time":"2022-05-27T22:55:25+00:00","og_image":[{"width":1600,"height":1200,"url":"https:\/\/www.manabi.gob.ec\/wp-content\/uploads\/2022\/05\/WhatsApp-Image-2022-05-27-at-2.25.36-PM.jpeg","type":"image\/jpeg"}],"author":"Lui Ochoa","twitter_card":"summary_large_image","twitter_misc":{"Escrito por":"Lui Ochoa","Tiempo de lectura":"2 minutos"},"schema":{"@context":"https:\/\/schema.org","@graph":[{"@type":"Article","@id":"https:\/\/www.manabi.gob.ec\/index.php\/atendemos-a-grupos-de-movilidad-humana\/#article","isPartOf":{"@id":"https:\/\/www.manabi.gob.ec\/index.php\/atendemos-a-grupos-de-movilidad-humana\/"},"author":{"name":"Lui Ochoa","@id":"https:\/\/www.manabi.gob.ec\/#\/schema\/person\/c4f117989332ad723a6ced5994aa7d7a"},"headline":"Atendemos a grupos de movilidad humana","datePublished":"2022-05-27T22:55:20+00:00","dateModified":"2022-05-27T22:55:25+00:00","mainEntityOfPage":{"@id":"https:\/\/www.manabi.gob.ec\/index.php\/atendemos-a-grupos-de-movilidad-humana\/"},"wordCount":251,"image":{"@id":"https:\/\/www.manabi.gob.ec\/index.php\/atendemos-a-grupos-de-movilidad-humana\/#primaryimage"},"thumbnailUrl":"https:\/\/www.manabi.gob.ec\/wp-content\/uploads\/2022\/05\/WhatsApp-Image-2022-05-27-at-2.25.36-PM.jpeg","articleSection":["Desarrollo Social","Manta","Noticias","salud","Todas"],"inLanguage":"es"},{"@type":"WebPage","@id":"https:\/\/www.manabi.gob.ec\/index.php\/atendemos-a-grupos-de-movilidad-humana\/","url":"https:\/\/www.manabi.gob.ec\/index.php\/atendemos-a-grupos-de-movilidad-humana\/","name":"Atendemos a grupos de movilidad humana - Prefectura de Manab\u00ed","isPartOf":{"@id":"https:\/\/www.manabi.gob.ec\/#website"},"primaryImageOfPage":{"@id":"https:\/\/www.manabi.gob.ec\/index.php\/atendemos-a-grupos-de-movilidad-humana\/#primaryimage"},"image":{"@id":"https:\/\/www.manabi.gob.ec\/index.php\/atendemos-a-grupos-de-movilidad-humana\/#primaryimage"},"thumbnailUrl":"https:\/\/www.manabi.gob.ec\/wp-content\/uploads\/2022\/05\/WhatsApp-Image-2022-05-27-at-2.25.36-PM.jpeg","datePublished":"2022-05-27T22:55:20+00:00","dateModified":"2022-05-27T22:55:25+00:00","author":{"@id":"https:\/\/www.manabi.gob.ec\/#\/schema\/person\/c4f117989332ad723a6ced5994aa7d7a"},"description":"Desde la Prefectura de Manab\u00ed, continuamos llevando salud y bienestar. Gracias al trabajo en conjunto con la Organizaci\u00f3n Internacional para las Migraciones (OIM) logramos atender a personas en condici\u00f3n de movilidad humana asentadas en territorio manabita.Las jornadas m\u00e9dicas que se desarrollan a trav\u00e9s del departamento de Desarollo Social llegaron hasta la ciudadela La Padrera en la parroquia Los Esteros del cant\u00f3n Manta, donde m\u00e1s de 200 personas, entre grupos prioritarios y extranjeros, recibieron los beneficios de la brigada m\u00e9dica.En el punto de encuentro se desarrollaron jornadas de odontolog\u00eda, nutrici\u00f3n, medicina general y psicolog\u00eda, adem\u00e1s de un espacio l\u00fadico asignado para la promoci\u00f3n de derechos de ni\u00f1os y ni\u00f1as.El trabajo en conjunto entre nuestra instituci\u00f3n provincial y la organizaci\u00f3n internacional, OIM, busca entrelazar esfuerzos con la finalidad de proteger a personas migrantes que vivan en nuestro territorio, desde muchos \u00e1mbitos indispensables para el buen vivir, as\u00ed lo asegur\u00f3 Daniela de La Fuente, t\u00e9cnica responsable de la brigada m\u00e9dica.Jeimis Rom\u00e1n, oriunda de Venezuela, se mostr\u00f3 agradecida porque ella y su hija, recibieron atenci\u00f3n m\u00e9dica gratuita gracias a la Prefectura de Manab\u00ed. Adem\u00e1s, expuso lo dif\u00edcil que es para ellos, viniendo de otro pa\u00eds, obtener dinero para cuidar su salud y comprar medicamentos. Jeimis, y su peque\u00f1a hija, fueron atendidas de forma oportuna por nuestros profesionales de la salud.","breadcrumb":{"@id":"https:\/\/www.manabi.gob.ec\/index.php\/atendemos-a-grupos-de-movilidad-humana\/#breadcrumb"},"inLanguage":"es","potentialAction":[{"@type":"ReadAction","target":["https:\/\/www.manabi.gob.ec\/index.php\/atendemos-a-grupos-de-movilidad-humana\/"]}]},{"@type":"ImageObject","inLanguage":"es","@id":"https:\/\/www.manabi.gob.ec\/index.php\/atendemos-a-grupos-de-movilidad-humana\/#primaryimage","url":"https:\/\/www.manabi.gob.ec\/wp-content\/uploads\/2022\/05\/WhatsApp-Image-2022-05-27-at-2.25.36-PM.jpeg","contentUrl":"https:\/\/www.manabi.gob.ec\/wp-content\/uploads\/2022\/05\/WhatsApp-Image-2022-05-27-at-2.25.36-PM.jpeg","width":1600,"height":1200},{"@type":"BreadcrumbList","@id":"https:\/\/www.manabi.gob.ec\/index.php\/atendemos-a-grupos-de-movilidad-humana\/#breadcrumb","itemListElement":[{"@type":"ListItem","position":1,"name":"Portada","item":"https:\/\/www.manabi.gob.ec\/"},{"@type":"ListItem","position":2,"name":"Atendemos a grupos de movilidad humana"}]},{"@type":"WebSite","@id":"https:\/\/www.manabi.gob.ec\/#website","url":"https:\/\/www.manabi.gob.ec\/","name":"Prefectura de Manab\u00ed","description":"P\u00e1gina web de la prefectura","potentialAction":[{"@type":"SearchAction","target":{"@type":"EntryPoint","urlTemplate":"https:\/\/www.manabi.gob.ec\/?s={search_term_string}"},"query-input":{"@type":"PropertyValueSpecification","valueRequired":true,"valueName":"search_term_string"}}],"inLanguage":"es"},{"@type":"Person","@id":"https:\/\/www.manabi.gob.ec\/#\/schema\/person\/c4f117989332ad723a6ced5994aa7d7a","name":"Lui Ochoa","image":{"@type":"ImageObject","inLanguage":"es","@id":"https:\/\/secure.gravatar.com\/avatar\/6e8017d0fe69dead8a95864d2eb6e1e1d8bf8e01194ba49cf7b897ff038126ba?s=96&d=mm&r=g","url":"https:\/\/secure.gravatar.com\/avatar\/6e8017d0fe69dead8a95864d2eb6e1e1d8bf8e01194ba49cf7b897ff038126ba?s=96&d=mm&r=g","contentUrl":"https:\/\/secure.gravatar.com\/avatar\/6e8017d0fe69dead8a95864d2eb6e1e1d8bf8e01194ba49cf7b897ff038126ba?s=96&d=mm&r=g","caption":"Lui Ochoa"},"url":"https:\/\/www.manabi.gob.ec\/index.php\/author\/lochoa\/"}]}},"jetpack_featured_media_url":"https:\/\/www.manabi.gob.ec\/wp-content\/uploads\/2022\/05\/WhatsApp-Image-2022-05-27-at-2.25.36-PM.jpeg","_links":{"self":[{"href":"https:\/\/www.manabi.gob.ec\/index.php\/wp-json\/wp\/v2\/posts\/20892","targetHints":{"allow":["GET"]}}],"collection":[{"href":"https:\/\/www.manabi.gob.ec\/index.php\/wp-json\/wp\/v2\/posts"}],"about":[{"href":"https:\/\/www.manabi.gob.ec\/index.php\/wp-json\/wp\/v2\/types\/post"}],"author":[{"embeddable":true,"href":"https:\/\/www.manabi.gob.ec\/index.php\/wp-json\/wp\/v2\/users\/10"}],"replies":[{"embeddable":true,"href":"https:\/\/www.manabi.gob.ec\/index.php\/wp-json\/wp\/v2\/comments?post=20892"}],"version-history":[{"count":0,"href":"https:\/\/www.manabi.gob.ec\/index.php\/wp-json\/wp\/v2\/posts\/20892\/revisions"}],"wp:featuredmedia":[{"embeddable":true,"href":"https:\/\/www.manabi.gob.ec\/index.php\/wp-json\/wp\/v2\/media\/20893"}],"wp:attachment":[{"href":"https:\/\/www.manabi.gob.ec\/index.php\/wp-json\/wp\/v2\/media?parent=20892"}],"wp:term":[{"taxonomy":"category","embeddable":true,"href":"https:\/\/www.manabi.gob.ec\/index.php\/wp-json\/wp\/v2\/categories?post=20892"},{"taxonomy":"post_tag","embeddable":true,"href":"https:\/\/www.manabi.gob.ec\/index.php\/wp-json\/wp\/v2\/tags?post=20892"}],"curies":[{"name":"wp","href":"https:\/\/api.w.org\/{rel}","templated":true}]}}