{"id":20943,"date":"2022-06-01T12:21:34","date_gmt":"2022-06-01T12:21:34","guid":{"rendered":"https:\/\/www.manabi.gob.ec\/?p=20943"},"modified":"2022-06-01T12:21:38","modified_gmt":"2022-06-01T12:21:38","slug":"pronto-entregaremos-la-calle-como-de-acceso-al-subcentro-de-salud-de-salango","status":"publish","type":"post","link":"https:\/\/www.manabi.gob.ec\/index.php\/pronto-entregaremos-la-calle-como-de-acceso-al-subcentro-de-salud-de-salango\/","title":{"rendered":"Pronto entregaremos la calle como de acceso al subcentro de salud de Salango"},"content":{"rendered":"\n<p><\/p>\n\n\n\n<p>El lunes 30 de mayo, la Prefectura retom\u00f3 los trabajos de construcci\u00f3n de la calle de acceso al subcentro de la parroquia Salango, del cant\u00f3n Puerto L\u00f3pez. La obra quedar\u00e1 a nivel de doble riego con un ancho de calzada de 6.4 metros, e incluye bordillos, en una extensi\u00f3n de 900 metros de longitud.<\/p>\n\n\n\n<p>Los trabajos est\u00e1n a cargo del contratista Gustavo Cede\u00f1o, quien se\u00f1al\u00f3 que espera entregar lo contratado en un lapso de 21 d\u00edas. Como parte del cambio de estructura, se coloc\u00f3 35 cent\u00edmetros de material de mejoramiento; ahora se est\u00e1 tendiendo la base, de 15 cent\u00edmetros, tras lo cual se colocar\u00e1 el doble tratamiento superficial bituminoso (doble riego).<\/p>\n\n\n\n<p>$224.314,66 invierte la Prefectura para ejecutar esta obra vial que mejorar\u00e1 las condiciones de movilidad para los habitantes del sector Martha de Roldos, y de todos quienes acuden al subcentro de salud de Salango. Adem\u00e1s , beneficiar\u00e1 a los propietarios de mototaxi que brindan el servicio transporte p\u00fablico en esta parroquia de Puerto L\u00f3pez.<\/p>\n\n\n\n<p>Estudiantes, profesores y padres de familia de los establecimientos educativos 2 de Agosto y 8 de Diciembre tambi\u00e9n ser\u00e1n favorecidas al contar con una calle con doble riego. Atr\u00e1s quedar\u00e1n el polvo en la \u00e9poca invierno y el lodo en el verano. \u201cEstamos agradecidos por este trabajo que por a\u00f1os se ven\u00eda solicitando y ahora ya es una realidad\u201d, manifest\u00f3 Daniel Pincay, director de un establecimiento educativo particular.<\/p>\n","protected":false},"excerpt":{"rendered":"<p>lunes 30 de mayo, la Prefectura retom\u00f3 los trabajos de construcci\u00f3n de la calle de acceso al subcentro de la parroquia Salango, del cant\u00f3n Puerto L\u00f3pez. La obra quedar\u00e1 a nivel de doble riego con un ancho de calzada de 6.4 metros, e incluye bordillos, en una extensi\u00f3n de 900 metros de longitud.<\/p>\n","protected":false},"author":10,"featured_media":20944,"comment_status":"closed","ping_status":"closed","sticky":false,"template":"","format":"standard","meta":{"_joinchat":[],"footnotes":""},"categories":[142,170,92,212,91],"tags":[],"class_list":["post-20943","post","type-post","status-publish","format-standard","has-post-thumbnail","hentry","category-desarrollo-social","category-manabi-vial","category-noticias-manabi","category-puerto-lopez","category-todas"],"yoast_head":"<!-- This site is optimized with the Yoast SEO plugin v27.4 - https:\/\/yoast.com\/product\/yoast-seo-wordpress\/ -->\n<title>Pronto entregaremos la calle como de acceso al subcentro de salud de Salango - Prefectura de Manab\u00ed<\/title>\n<meta name=\"description\" content=\"El lunes 30 de mayo, la Prefectura retom\u00f3 los trabajos de construcci\u00f3n de la calle de acceso al subcentro de la parroquia Salango, del cant\u00f3n Puerto L\u00f3pez. La obra quedar\u00e1 a nivel de doble riego con un ancho de calzada de 6.4 metros, e incluye bordillos, en una extensi\u00f3n de 900 metros de longitud.Los trabajos est\u00e1n a cargo del contratista Gustavo Cede\u00f1o, quien se\u00f1al\u00f3 que espera entregar lo contratado en un lapso de 21 d\u00edas. Como parte del cambio de estructura, se coloc\u00f3 35 cent\u00edmetros de material de mejoramiento; ahora se est\u00e1 tendiendo la base, de 15 cent\u00edmetros, tras lo cual se colocar\u00e1 el doble tratamiento superficial bituminoso (doble riego).$224.314,66 invierte la Prefectura para ejecutar esta obra vial que mejorar\u00e1 las condiciones de movilidad para los habitantes del sector Martha de Roldos, y de todos quienes acuden al subcentro de salud de Salango. Adem\u00e1s , beneficiar\u00e1 a los propietarios de mototaxi que brindan el servicio transporte p\u00fablico en esta parroquia de Puerto L\u00f3pez.Estudiantes, profesores y padres de familia de los establecimientos educativos 2 de Agosto y 8 de Diciembre tambi\u00e9n ser\u00e1n favorecidas al contar con una calle con doble riego. Atr\u00e1s quedar\u00e1n el polvo en la \u00e9poca invierno y el lodo en el verano. \u201cEstamos agradecidos por este trabajo que por a\u00f1os se ven\u00eda solicitando y ahora ya es una realidad\u201d, manifest\u00f3 Daniel Pincay, director de un establecimiento educativo particular.\" \/>\n<meta name=\"robots\" content=\"index, follow, max-snippet:-1, max-image-preview:large, max-video-preview:-1\" \/>\n<link rel=\"canonical\" href=\"https:\/\/www.manabi.gob.ec\/index.php\/pronto-entregaremos-la-calle-como-de-acceso-al-subcentro-de-salud-de-salango\/\" \/>\n<meta property=\"og:locale\" content=\"es_ES\" \/>\n<meta property=\"og:type\" content=\"article\" \/>\n<meta property=\"og:title\" content=\"Pronto entregaremos la calle como de acceso al subcentro de salud de Salango - Prefectura de Manab\u00ed\" \/>\n<meta property=\"og:description\" content=\"El lunes 30 de mayo, la Prefectura retom\u00f3 los trabajos de construcci\u00f3n de la calle de acceso al subcentro de la parroquia Salango, del cant\u00f3n Puerto L\u00f3pez. La obra quedar\u00e1 a nivel de doble riego con un ancho de calzada de 6.4 metros, e incluye bordillos, en una extensi\u00f3n de 900 metros de longitud.Los trabajos est\u00e1n a cargo del contratista Gustavo Cede\u00f1o, quien se\u00f1al\u00f3 que espera entregar lo contratado en un lapso de 21 d\u00edas. Como parte del cambio de estructura, se coloc\u00f3 35 cent\u00edmetros de material de mejoramiento; ahora se est\u00e1 tendiendo la base, de 15 cent\u00edmetros, tras lo cual se colocar\u00e1 el doble tratamiento superficial bituminoso (doble riego).$224.314,66 invierte la Prefectura para ejecutar esta obra vial que mejorar\u00e1 las condiciones de movilidad para los habitantes del sector Martha de Roldos, y de todos quienes acuden al subcentro de salud de Salango. Adem\u00e1s , beneficiar\u00e1 a los propietarios de mototaxi que brindan el servicio transporte p\u00fablico en esta parroquia de Puerto L\u00f3pez.Estudiantes, profesores y padres de familia de los establecimientos educativos 2 de Agosto y 8 de Diciembre tambi\u00e9n ser\u00e1n favorecidas al contar con una calle con doble riego. Atr\u00e1s quedar\u00e1n el polvo en la \u00e9poca invierno y el lodo en el verano. \u201cEstamos agradecidos por este trabajo que por a\u00f1os se ven\u00eda solicitando y ahora ya es una realidad\u201d, manifest\u00f3 Daniel Pincay, director de un establecimiento educativo particular.\" \/>\n<meta property=\"og:url\" content=\"https:\/\/www.manabi.gob.ec\/index.php\/pronto-entregaremos-la-calle-como-de-acceso-al-subcentro-de-salud-de-salango\/\" \/>\n<meta property=\"og:site_name\" content=\"Prefectura de Manab\u00ed\" \/>\n<meta property=\"article:published_time\" content=\"2022-06-01T12:21:34+00:00\" \/>\n<meta property=\"article:modified_time\" content=\"2022-06-01T12:21:38+00:00\" \/>\n<meta property=\"og:image\" content=\"https:\/\/www.manabi.gob.ec\/wp-content\/uploads\/2022\/06\/WhatsApp-Image-2022-05-31-at-10.03.39-PM.png\" \/>\n\t<meta property=\"og:image:width\" content=\"1280\" \/>\n\t<meta property=\"og:image:height\" content=\"960\" \/>\n\t<meta property=\"og:image:type\" content=\"image\/png\" \/>\n<meta name=\"author\" content=\"Lui Ochoa\" \/>\n<meta name=\"twitter:card\" content=\"summary_large_image\" \/>\n<meta name=\"twitter:label1\" content=\"Escrito por\" \/>\n\t<meta name=\"twitter:data1\" content=\"Lui Ochoa\" \/>\n\t<meta name=\"twitter:label2\" content=\"Tiempo de lectura\" \/>\n\t<meta name=\"twitter:data2\" content=\"2 minutos\" \/>\n<script type=\"application\/ld+json\" class=\"yoast-schema-graph\">{\"@context\":\"https:\\\/\\\/schema.org\",\"@graph\":[{\"@type\":\"Article\",\"@id\":\"https:\\\/\\\/www.manabi.gob.ec\\\/index.php\\\/pronto-entregaremos-la-calle-como-de-acceso-al-subcentro-de-salud-de-salango\\\/#article\",\"isPartOf\":{\"@id\":\"https:\\\/\\\/www.manabi.gob.ec\\\/index.php\\\/pronto-entregaremos-la-calle-como-de-acceso-al-subcentro-de-salud-de-salango\\\/\"},\"author\":{\"name\":\"Lui Ochoa\",\"@id\":\"https:\\\/\\\/www.manabi.gob.ec\\\/#\\\/schema\\\/person\\\/c4f117989332ad723a6ced5994aa7d7a\"},\"headline\":\"Pronto entregaremos la calle como de acceso al subcentro de salud de Salango\",\"datePublished\":\"2022-06-01T12:21:34+00:00\",\"dateModified\":\"2022-06-01T12:21:38+00:00\",\"mainEntityOfPage\":{\"@id\":\"https:\\\/\\\/www.manabi.gob.ec\\\/index.php\\\/pronto-entregaremos-la-calle-como-de-acceso-al-subcentro-de-salud-de-salango\\\/\"},\"wordCount\":255,\"image\":{\"@id\":\"https:\\\/\\\/www.manabi.gob.ec\\\/index.php\\\/pronto-entregaremos-la-calle-como-de-acceso-al-subcentro-de-salud-de-salango\\\/#primaryimage\"},\"thumbnailUrl\":\"https:\\\/\\\/www.manabi.gob.ec\\\/wp-content\\\/uploads\\\/2022\\\/06\\\/WhatsApp-Image-2022-05-31-at-10.03.39-PM.png\",\"articleSection\":[\"Desarrollo Social\",\"Manab\u00ed Vial\",\"Noticias\",\"Puerto L\u00f3pez\",\"Todas\"],\"inLanguage\":\"es\"},{\"@type\":\"WebPage\",\"@id\":\"https:\\\/\\\/www.manabi.gob.ec\\\/index.php\\\/pronto-entregaremos-la-calle-como-de-acceso-al-subcentro-de-salud-de-salango\\\/\",\"url\":\"https:\\\/\\\/www.manabi.gob.ec\\\/index.php\\\/pronto-entregaremos-la-calle-como-de-acceso-al-subcentro-de-salud-de-salango\\\/\",\"name\":\"Pronto entregaremos la calle como de acceso al subcentro de salud de Salango - Prefectura de Manab\u00ed\",\"isPartOf\":{\"@id\":\"https:\\\/\\\/www.manabi.gob.ec\\\/#website\"},\"primaryImageOfPage\":{\"@id\":\"https:\\\/\\\/www.manabi.gob.ec\\\/index.php\\\/pronto-entregaremos-la-calle-como-de-acceso-al-subcentro-de-salud-de-salango\\\/#primaryimage\"},\"image\":{\"@id\":\"https:\\\/\\\/www.manabi.gob.ec\\\/index.php\\\/pronto-entregaremos-la-calle-como-de-acceso-al-subcentro-de-salud-de-salango\\\/#primaryimage\"},\"thumbnailUrl\":\"https:\\\/\\\/www.manabi.gob.ec\\\/wp-content\\\/uploads\\\/2022\\\/06\\\/WhatsApp-Image-2022-05-31-at-10.03.39-PM.png\",\"datePublished\":\"2022-06-01T12:21:34+00:00\",\"dateModified\":\"2022-06-01T12:21:38+00:00\",\"author\":{\"@id\":\"https:\\\/\\\/www.manabi.gob.ec\\\/#\\\/schema\\\/person\\\/c4f117989332ad723a6ced5994aa7d7a\"},\"description\":\"El lunes 30 de mayo, la Prefectura retom\u00f3 los trabajos de construcci\u00f3n de la calle de acceso al subcentro de la parroquia Salango, del cant\u00f3n Puerto L\u00f3pez. La obra quedar\u00e1 a nivel de doble riego con un ancho de calzada de 6.4 metros, e incluye bordillos, en una extensi\u00f3n de 900 metros de longitud.Los trabajos est\u00e1n a cargo del contratista Gustavo Cede\u00f1o, quien se\u00f1al\u00f3 que espera entregar lo contratado en un lapso de 21 d\u00edas. Como parte del cambio de estructura, se coloc\u00f3 35 cent\u00edmetros de material de mejoramiento; ahora se est\u00e1 tendiendo la base, de 15 cent\u00edmetros, tras lo cual se colocar\u00e1 el doble tratamiento superficial bituminoso (doble riego).$224.314,66 invierte la Prefectura para ejecutar esta obra vial que mejorar\u00e1 las condiciones de movilidad para los habitantes del sector Martha de Roldos, y de todos quienes acuden al subcentro de salud de Salango. Adem\u00e1s , beneficiar\u00e1 a los propietarios de mototaxi que brindan el servicio transporte p\u00fablico en esta parroquia de Puerto L\u00f3pez.Estudiantes, profesores y padres de familia de los establecimientos educativos 2 de Agosto y 8 de Diciembre tambi\u00e9n ser\u00e1n favorecidas al contar con una calle con doble riego. Atr\u00e1s quedar\u00e1n el polvo en la \u00e9poca invierno y el lodo en el verano. \u201cEstamos agradecidos por este trabajo que por a\u00f1os se ven\u00eda solicitando y ahora ya es una realidad\u201d, manifest\u00f3 Daniel Pincay, director de un establecimiento educativo particular.\",\"breadcrumb\":{\"@id\":\"https:\\\/\\\/www.manabi.gob.ec\\\/index.php\\\/pronto-entregaremos-la-calle-como-de-acceso-al-subcentro-de-salud-de-salango\\\/#breadcrumb\"},\"inLanguage\":\"es\",\"potentialAction\":[{\"@type\":\"ReadAction\",\"target\":[\"https:\\\/\\\/www.manabi.gob.ec\\\/index.php\\\/pronto-entregaremos-la-calle-como-de-acceso-al-subcentro-de-salud-de-salango\\\/\"]}]},{\"@type\":\"ImageObject\",\"inLanguage\":\"es\",\"@id\":\"https:\\\/\\\/www.manabi.gob.ec\\\/index.php\\\/pronto-entregaremos-la-calle-como-de-acceso-al-subcentro-de-salud-de-salango\\\/#primaryimage\",\"url\":\"https:\\\/\\\/www.manabi.gob.ec\\\/wp-content\\\/uploads\\\/2022\\\/06\\\/WhatsApp-Image-2022-05-31-at-10.03.39-PM.png\",\"contentUrl\":\"https:\\\/\\\/www.manabi.gob.ec\\\/wp-content\\\/uploads\\\/2022\\\/06\\\/WhatsApp-Image-2022-05-31-at-10.03.39-PM.png\",\"width\":1280,\"height\":960},{\"@type\":\"BreadcrumbList\",\"@id\":\"https:\\\/\\\/www.manabi.gob.ec\\\/index.php\\\/pronto-entregaremos-la-calle-como-de-acceso-al-subcentro-de-salud-de-salango\\\/#breadcrumb\",\"itemListElement\":[{\"@type\":\"ListItem\",\"position\":1,\"name\":\"Portada\",\"item\":\"https:\\\/\\\/www.manabi.gob.ec\\\/\"},{\"@type\":\"ListItem\",\"position\":2,\"name\":\"Pronto entregaremos la calle como de acceso al subcentro de salud de Salango\"}]},{\"@type\":\"WebSite\",\"@id\":\"https:\\\/\\\/www.manabi.gob.ec\\\/#website\",\"url\":\"https:\\\/\\\/www.manabi.gob.ec\\\/\",\"name\":\"Prefectura de Manab\u00ed\",\"description\":\"P\u00e1gina web de la prefectura\",\"potentialAction\":[{\"@type\":\"SearchAction\",\"target\":{\"@type\":\"EntryPoint\",\"urlTemplate\":\"https:\\\/\\\/www.manabi.gob.ec\\\/?s={search_term_string}\"},\"query-input\":{\"@type\":\"PropertyValueSpecification\",\"valueRequired\":true,\"valueName\":\"search_term_string\"}}],\"inLanguage\":\"es\"},{\"@type\":\"Person\",\"@id\":\"https:\\\/\\\/www.manabi.gob.ec\\\/#\\\/schema\\\/person\\\/c4f117989332ad723a6ced5994aa7d7a\",\"name\":\"Lui Ochoa\",\"image\":{\"@type\":\"ImageObject\",\"inLanguage\":\"es\",\"@id\":\"https:\\\/\\\/secure.gravatar.com\\\/avatar\\\/6e8017d0fe69dead8a95864d2eb6e1e1d8bf8e01194ba49cf7b897ff038126ba?s=96&d=mm&r=g\",\"url\":\"https:\\\/\\\/secure.gravatar.com\\\/avatar\\\/6e8017d0fe69dead8a95864d2eb6e1e1d8bf8e01194ba49cf7b897ff038126ba?s=96&d=mm&r=g\",\"contentUrl\":\"https:\\\/\\\/secure.gravatar.com\\\/avatar\\\/6e8017d0fe69dead8a95864d2eb6e1e1d8bf8e01194ba49cf7b897ff038126ba?s=96&d=mm&r=g\",\"caption\":\"Lui Ochoa\"},\"url\":\"https:\\\/\\\/www.manabi.gob.ec\\\/index.php\\\/author\\\/lochoa\\\/\"}]}<\/script>\n<!-- \/ Yoast SEO plugin. -->","yoast_head_json":{"title":"Pronto entregaremos la calle como de acceso al subcentro de salud de Salango - Prefectura de Manab\u00ed","description":"El lunes 30 de mayo, la Prefectura retom\u00f3 los trabajos de construcci\u00f3n de la calle de acceso al subcentro de la parroquia Salango, del cant\u00f3n Puerto L\u00f3pez. La obra quedar\u00e1 a nivel de doble riego con un ancho de calzada de 6.4 metros, e incluye bordillos, en una extensi\u00f3n de 900 metros de longitud.Los trabajos est\u00e1n a cargo del contratista Gustavo Cede\u00f1o, quien se\u00f1al\u00f3 que espera entregar lo contratado en un lapso de 21 d\u00edas. Como parte del cambio de estructura, se coloc\u00f3 35 cent\u00edmetros de material de mejoramiento; ahora se est\u00e1 tendiendo la base, de 15 cent\u00edmetros, tras lo cual se colocar\u00e1 el doble tratamiento superficial bituminoso (doble riego).$224.314,66 invierte la Prefectura para ejecutar esta obra vial que mejorar\u00e1 las condiciones de movilidad para los habitantes del sector Martha de Roldos, y de todos quienes acuden al subcentro de salud de Salango. Adem\u00e1s , beneficiar\u00e1 a los propietarios de mototaxi que brindan el servicio transporte p\u00fablico en esta parroquia de Puerto L\u00f3pez.Estudiantes, profesores y padres de familia de los establecimientos educativos 2 de Agosto y 8 de Diciembre tambi\u00e9n ser\u00e1n favorecidas al contar con una calle con doble riego. Atr\u00e1s quedar\u00e1n el polvo en la \u00e9poca invierno y el lodo en el verano. \u201cEstamos agradecidos por este trabajo que por a\u00f1os se ven\u00eda solicitando y ahora ya es una realidad\u201d, manifest\u00f3 Daniel Pincay, director de un establecimiento educativo particular.","robots":{"index":"index","follow":"follow","max-snippet":"max-snippet:-1","max-image-preview":"max-image-preview:large","max-video-preview":"max-video-preview:-1"},"canonical":"https:\/\/www.manabi.gob.ec\/index.php\/pronto-entregaremos-la-calle-como-de-acceso-al-subcentro-de-salud-de-salango\/","og_locale":"es_ES","og_type":"article","og_title":"Pronto entregaremos la calle como de acceso al subcentro de salud de Salango - Prefectura de Manab\u00ed","og_description":"El lunes 30 de mayo, la Prefectura retom\u00f3 los trabajos de construcci\u00f3n de la calle de acceso al subcentro de la parroquia Salango, del cant\u00f3n Puerto L\u00f3pez. La obra quedar\u00e1 a nivel de doble riego con un ancho de calzada de 6.4 metros, e incluye bordillos, en una extensi\u00f3n de 900 metros de longitud.Los trabajos est\u00e1n a cargo del contratista Gustavo Cede\u00f1o, quien se\u00f1al\u00f3 que espera entregar lo contratado en un lapso de 21 d\u00edas. Como parte del cambio de estructura, se coloc\u00f3 35 cent\u00edmetros de material de mejoramiento; ahora se est\u00e1 tendiendo la base, de 15 cent\u00edmetros, tras lo cual se colocar\u00e1 el doble tratamiento superficial bituminoso (doble riego).$224.314,66 invierte la Prefectura para ejecutar esta obra vial que mejorar\u00e1 las condiciones de movilidad para los habitantes del sector Martha de Roldos, y de todos quienes acuden al subcentro de salud de Salango. Adem\u00e1s , beneficiar\u00e1 a los propietarios de mototaxi que brindan el servicio transporte p\u00fablico en esta parroquia de Puerto L\u00f3pez.Estudiantes, profesores y padres de familia de los establecimientos educativos 2 de Agosto y 8 de Diciembre tambi\u00e9n ser\u00e1n favorecidas al contar con una calle con doble riego. Atr\u00e1s quedar\u00e1n el polvo en la \u00e9poca invierno y el lodo en el verano. \u201cEstamos agradecidos por este trabajo que por a\u00f1os se ven\u00eda solicitando y ahora ya es una realidad\u201d, manifest\u00f3 Daniel Pincay, director de un establecimiento educativo particular.","og_url":"https:\/\/www.manabi.gob.ec\/index.php\/pronto-entregaremos-la-calle-como-de-acceso-al-subcentro-de-salud-de-salango\/","og_site_name":"Prefectura de Manab\u00ed","article_published_time":"2022-06-01T12:21:34+00:00","article_modified_time":"2022-06-01T12:21:38+00:00","og_image":[{"width":1280,"height":960,"url":"https:\/\/www.manabi.gob.ec\/wp-content\/uploads\/2022\/06\/WhatsApp-Image-2022-05-31-at-10.03.39-PM.png","type":"image\/png"}],"author":"Lui Ochoa","twitter_card":"summary_large_image","twitter_misc":{"Escrito por":"Lui Ochoa","Tiempo de lectura":"2 minutos"},"schema":{"@context":"https:\/\/schema.org","@graph":[{"@type":"Article","@id":"https:\/\/www.manabi.gob.ec\/index.php\/pronto-entregaremos-la-calle-como-de-acceso-al-subcentro-de-salud-de-salango\/#article","isPartOf":{"@id":"https:\/\/www.manabi.gob.ec\/index.php\/pronto-entregaremos-la-calle-como-de-acceso-al-subcentro-de-salud-de-salango\/"},"author":{"name":"Lui Ochoa","@id":"https:\/\/www.manabi.gob.ec\/#\/schema\/person\/c4f117989332ad723a6ced5994aa7d7a"},"headline":"Pronto entregaremos la calle como de acceso al subcentro de salud de Salango","datePublished":"2022-06-01T12:21:34+00:00","dateModified":"2022-06-01T12:21:38+00:00","mainEntityOfPage":{"@id":"https:\/\/www.manabi.gob.ec\/index.php\/pronto-entregaremos-la-calle-como-de-acceso-al-subcentro-de-salud-de-salango\/"},"wordCount":255,"image":{"@id":"https:\/\/www.manabi.gob.ec\/index.php\/pronto-entregaremos-la-calle-como-de-acceso-al-subcentro-de-salud-de-salango\/#primaryimage"},"thumbnailUrl":"https:\/\/www.manabi.gob.ec\/wp-content\/uploads\/2022\/06\/WhatsApp-Image-2022-05-31-at-10.03.39-PM.png","articleSection":["Desarrollo Social","Manab\u00ed Vial","Noticias","Puerto L\u00f3pez","Todas"],"inLanguage":"es"},{"@type":"WebPage","@id":"https:\/\/www.manabi.gob.ec\/index.php\/pronto-entregaremos-la-calle-como-de-acceso-al-subcentro-de-salud-de-salango\/","url":"https:\/\/www.manabi.gob.ec\/index.php\/pronto-entregaremos-la-calle-como-de-acceso-al-subcentro-de-salud-de-salango\/","name":"Pronto entregaremos la calle como de acceso al subcentro de salud de Salango - Prefectura de Manab\u00ed","isPartOf":{"@id":"https:\/\/www.manabi.gob.ec\/#website"},"primaryImageOfPage":{"@id":"https:\/\/www.manabi.gob.ec\/index.php\/pronto-entregaremos-la-calle-como-de-acceso-al-subcentro-de-salud-de-salango\/#primaryimage"},"image":{"@id":"https:\/\/www.manabi.gob.ec\/index.php\/pronto-entregaremos-la-calle-como-de-acceso-al-subcentro-de-salud-de-salango\/#primaryimage"},"thumbnailUrl":"https:\/\/www.manabi.gob.ec\/wp-content\/uploads\/2022\/06\/WhatsApp-Image-2022-05-31-at-10.03.39-PM.png","datePublished":"2022-06-01T12:21:34+00:00","dateModified":"2022-06-01T12:21:38+00:00","author":{"@id":"https:\/\/www.manabi.gob.ec\/#\/schema\/person\/c4f117989332ad723a6ced5994aa7d7a"},"description":"El lunes 30 de mayo, la Prefectura retom\u00f3 los trabajos de construcci\u00f3n de la calle de acceso al subcentro de la parroquia Salango, del cant\u00f3n Puerto L\u00f3pez. La obra quedar\u00e1 a nivel de doble riego con un ancho de calzada de 6.4 metros, e incluye bordillos, en una extensi\u00f3n de 900 metros de longitud.Los trabajos est\u00e1n a cargo del contratista Gustavo Cede\u00f1o, quien se\u00f1al\u00f3 que espera entregar lo contratado en un lapso de 21 d\u00edas. Como parte del cambio de estructura, se coloc\u00f3 35 cent\u00edmetros de material de mejoramiento; ahora se est\u00e1 tendiendo la base, de 15 cent\u00edmetros, tras lo cual se colocar\u00e1 el doble tratamiento superficial bituminoso (doble riego).$224.314,66 invierte la Prefectura para ejecutar esta obra vial que mejorar\u00e1 las condiciones de movilidad para los habitantes del sector Martha de Roldos, y de todos quienes acuden al subcentro de salud de Salango. Adem\u00e1s , beneficiar\u00e1 a los propietarios de mototaxi que brindan el servicio transporte p\u00fablico en esta parroquia de Puerto L\u00f3pez.Estudiantes, profesores y padres de familia de los establecimientos educativos 2 de Agosto y 8 de Diciembre tambi\u00e9n ser\u00e1n favorecidas al contar con una calle con doble riego. Atr\u00e1s quedar\u00e1n el polvo en la \u00e9poca invierno y el lodo en el verano. \u201cEstamos agradecidos por este trabajo que por a\u00f1os se ven\u00eda solicitando y ahora ya es una realidad\u201d, manifest\u00f3 Daniel Pincay, director de un establecimiento educativo particular.","breadcrumb":{"@id":"https:\/\/www.manabi.gob.ec\/index.php\/pronto-entregaremos-la-calle-como-de-acceso-al-subcentro-de-salud-de-salango\/#breadcrumb"},"inLanguage":"es","potentialAction":[{"@type":"ReadAction","target":["https:\/\/www.manabi.gob.ec\/index.php\/pronto-entregaremos-la-calle-como-de-acceso-al-subcentro-de-salud-de-salango\/"]}]},{"@type":"ImageObject","inLanguage":"es","@id":"https:\/\/www.manabi.gob.ec\/index.php\/pronto-entregaremos-la-calle-como-de-acceso-al-subcentro-de-salud-de-salango\/#primaryimage","url":"https:\/\/www.manabi.gob.ec\/wp-content\/uploads\/2022\/06\/WhatsApp-Image-2022-05-31-at-10.03.39-PM.png","contentUrl":"https:\/\/www.manabi.gob.ec\/wp-content\/uploads\/2022\/06\/WhatsApp-Image-2022-05-31-at-10.03.39-PM.png","width":1280,"height":960},{"@type":"BreadcrumbList","@id":"https:\/\/www.manabi.gob.ec\/index.php\/pronto-entregaremos-la-calle-como-de-acceso-al-subcentro-de-salud-de-salango\/#breadcrumb","itemListElement":[{"@type":"ListItem","position":1,"name":"Portada","item":"https:\/\/www.manabi.gob.ec\/"},{"@type":"ListItem","position":2,"name":"Pronto entregaremos la calle como de acceso al subcentro de salud de Salango"}]},{"@type":"WebSite","@id":"https:\/\/www.manabi.gob.ec\/#website","url":"https:\/\/www.manabi.gob.ec\/","name":"Prefectura de Manab\u00ed","description":"P\u00e1gina web de la prefectura","potentialAction":[{"@type":"SearchAction","target":{"@type":"EntryPoint","urlTemplate":"https:\/\/www.manabi.gob.ec\/?s={search_term_string}"},"query-input":{"@type":"PropertyValueSpecification","valueRequired":true,"valueName":"search_term_string"}}],"inLanguage":"es"},{"@type":"Person","@id":"https:\/\/www.manabi.gob.ec\/#\/schema\/person\/c4f117989332ad723a6ced5994aa7d7a","name":"Lui Ochoa","image":{"@type":"ImageObject","inLanguage":"es","@id":"https:\/\/secure.gravatar.com\/avatar\/6e8017d0fe69dead8a95864d2eb6e1e1d8bf8e01194ba49cf7b897ff038126ba?s=96&d=mm&r=g","url":"https:\/\/secure.gravatar.com\/avatar\/6e8017d0fe69dead8a95864d2eb6e1e1d8bf8e01194ba49cf7b897ff038126ba?s=96&d=mm&r=g","contentUrl":"https:\/\/secure.gravatar.com\/avatar\/6e8017d0fe69dead8a95864d2eb6e1e1d8bf8e01194ba49cf7b897ff038126ba?s=96&d=mm&r=g","caption":"Lui Ochoa"},"url":"https:\/\/www.manabi.gob.ec\/index.php\/author\/lochoa\/"}]}},"jetpack_featured_media_url":"https:\/\/www.manabi.gob.ec\/wp-content\/uploads\/2022\/06\/WhatsApp-Image-2022-05-31-at-10.03.39-PM.png","_links":{"self":[{"href":"https:\/\/www.manabi.gob.ec\/index.php\/wp-json\/wp\/v2\/posts\/20943","targetHints":{"allow":["GET"]}}],"collection":[{"href":"https:\/\/www.manabi.gob.ec\/index.php\/wp-json\/wp\/v2\/posts"}],"about":[{"href":"https:\/\/www.manabi.gob.ec\/index.php\/wp-json\/wp\/v2\/types\/post"}],"author":[{"embeddable":true,"href":"https:\/\/www.manabi.gob.ec\/index.php\/wp-json\/wp\/v2\/users\/10"}],"replies":[{"embeddable":true,"href":"https:\/\/www.manabi.gob.ec\/index.php\/wp-json\/wp\/v2\/comments?post=20943"}],"version-history":[{"count":0,"href":"https:\/\/www.manabi.gob.ec\/index.php\/wp-json\/wp\/v2\/posts\/20943\/revisions"}],"wp:featuredmedia":[{"embeddable":true,"href":"https:\/\/www.manabi.gob.ec\/index.php\/wp-json\/wp\/v2\/media\/20944"}],"wp:attachment":[{"href":"https:\/\/www.manabi.gob.ec\/index.php\/wp-json\/wp\/v2\/media?parent=20943"}],"wp:term":[{"taxonomy":"category","embeddable":true,"href":"https:\/\/www.manabi.gob.ec\/index.php\/wp-json\/wp\/v2\/categories?post=20943"},{"taxonomy":"post_tag","embeddable":true,"href":"https:\/\/www.manabi.gob.ec\/index.php\/wp-json\/wp\/v2\/tags?post=20943"}],"curies":[{"name":"wp","href":"https:\/\/api.w.org\/{rel}","templated":true}]}}