{"id":20960,"date":"2022-06-02T01:18:06","date_gmt":"2022-06-02T01:18:06","guid":{"rendered":"https:\/\/www.manabi.gob.ec\/?p=20960"},"modified":"2022-06-02T01:18:11","modified_gmt":"2022-06-02T01:18:11","slug":"trabajamos-junto-a-la-ciudadania-nuestro-presupuesto-para-el-2023","status":"publish","type":"post","link":"https:\/\/www.manabi.gob.ec\/index.php\/trabajamos-junto-a-la-ciudadania-nuestro-presupuesto-para-el-2023\/","title":{"rendered":"Trabajamos junto a la ciudadan\u00eda nuestro presupuesto para el 2023"},"content":{"rendered":"\n<p><\/p>\n\n\n\n<p>El martes 31 de mayo, empez\u00f3 el proceso para la elaboraci\u00f3n del presupuesto participativo del Gobierno Provincial de Manab\u00ed (GPM) para el ejercicio fiscal 2023, a trav\u00e9s de asambleas ciudadanas en las 55 parroquias rurales y 22 cantones de la provincia.<\/p>\n\n\n\n<p>Bachillero y \u00c1ngel Pedro Giler, pertenecientes al cant\u00f3n Tosagua, fueron las primeras parroquias rurales en las cuales se inici\u00f3 este ejercicio participativo, en el que los representantes de las comunidades establecieron las prioridades para la ejecuci\u00f3n de la obra p\u00fablica del GPM para el pr\u00f3ximo a\u00f1o en sus respectivas jurisdicciones parroquiales, en base a los ejes del Plan de Desarrollo y Ordenamiento Territorial (PDOT).<\/p>\n\n\n\n<p>\u201cLo m\u00e1s importante es que nos han tomado en cuenta y son decisiones de nosotros lo que se ha establecido como prioridades\u201d, manifest\u00f3 Maril\u00fa Alc\u00edvar, de la comunidad Bellavista.<\/p>\n\n\n\n<p>A trav\u00e9s de estos espacios se hace efectiva la pol\u00edtica de transparencia y participaci\u00f3n ciudadana en la toma de decisiones, que impulsa la administraci\u00f3n provincial liderada por el prefecto, Leonardo Orlando. Adem\u00e1s, se cumple lo que establece la Constituci\u00f3n de la Rep\u00fablica, Ley Org\u00e1nica de Participaci\u00f3n Ciudadana, y el Cootad.<\/p>\n\n\n\n<p>En estas asambleas se cont\u00f3 con la participaci\u00f3n de un delegado del Consejo de Participaci\u00f3n Ciudadana y Control Social, miembros ciudadanos del Consejo Provincial de Planificaci\u00f3n, t\u00e9cnicos de las diversas \u00e1reas operativas de la Prefectura, presidentes de los GAD parroquiales, y dirigentes comunitarios.<\/p>\n","protected":false},"excerpt":{"rendered":"<p>El martes 31 de mayo, empez\u00f3 el proceso para la elaboraci\u00f3n del presupuesto participativo del Gobierno Provincial de Manab\u00ed (GPM) para el ejercicio fiscal 2023, a trav\u00e9s de asambleas ciudadanas en las 55 parroquias rurales y 22 cantones de la provincia.<\/p>\n","protected":false},"author":10,"featured_media":20962,"comment_status":"closed","ping_status":"closed","sticky":false,"template":"","format":"standard","meta":{"_joinchat":[],"footnotes":""},"categories":[142,92,193,91],"tags":[],"class_list":["post-20960","post","type-post","status-publish","format-standard","has-post-thumbnail","hentry","category-desarrollo-social","category-noticias-manabi","category-participacion-ciudadana","category-todas"],"yoast_head":"<!-- This site is optimized with the Yoast SEO plugin v27.4 - https:\/\/yoast.com\/product\/yoast-seo-wordpress\/ -->\n<title>Trabajamos junto a la ciudadan\u00eda nuestro presupuesto para el 2023 - Prefectura de Manab\u00ed<\/title>\n<meta name=\"robots\" content=\"index, follow, max-snippet:-1, max-image-preview:large, max-video-preview:-1\" \/>\n<link rel=\"canonical\" href=\"https:\/\/www.manabi.gob.ec\/index.php\/trabajamos-junto-a-la-ciudadania-nuestro-presupuesto-para-el-2023\/\" \/>\n<meta property=\"og:locale\" content=\"es_ES\" \/>\n<meta property=\"og:type\" content=\"article\" \/>\n<meta property=\"og:title\" content=\"Trabajamos junto a la ciudadan\u00eda nuestro presupuesto para el 2023 - Prefectura de Manab\u00ed\" \/>\n<meta property=\"og:description\" content=\"El martes 31 de mayo, empez\u00f3 el proceso para la elaboraci\u00f3n del presupuesto participativo del Gobierno Provincial de Manab\u00ed (GPM) para el ejercicio fiscal 2023, a trav\u00e9s de asambleas ciudadanas en las 55 parroquias rurales y 22 cantones de la provincia.\" \/>\n<meta property=\"og:url\" content=\"https:\/\/www.manabi.gob.ec\/index.php\/trabajamos-junto-a-la-ciudadania-nuestro-presupuesto-para-el-2023\/\" \/>\n<meta property=\"og:site_name\" content=\"Prefectura de Manab\u00ed\" \/>\n<meta property=\"article:published_time\" content=\"2022-06-02T01:18:06+00:00\" \/>\n<meta property=\"article:modified_time\" content=\"2022-06-02T01:18:11+00:00\" \/>\n<meta property=\"og:image\" content=\"https:\/\/www.manabi.gob.ec\/wp-content\/uploads\/2022\/06\/WhatsApp-Image-2022-06-01-at-7.59.49-PM.jpeg\" \/>\n\t<meta property=\"og:image:width\" content=\"1280\" \/>\n\t<meta property=\"og:image:height\" content=\"964\" \/>\n\t<meta property=\"og:image:type\" content=\"image\/jpeg\" \/>\n<meta name=\"author\" content=\"Lui Ochoa\" \/>\n<meta name=\"twitter:card\" content=\"summary_large_image\" \/>\n<meta name=\"twitter:label1\" content=\"Escrito por\" \/>\n\t<meta name=\"twitter:data1\" content=\"Lui Ochoa\" \/>\n\t<meta name=\"twitter:label2\" content=\"Tiempo de lectura\" \/>\n\t<meta name=\"twitter:data2\" content=\"2 minutos\" \/>\n<script type=\"application\/ld+json\" class=\"yoast-schema-graph\">{\"@context\":\"https:\\\/\\\/schema.org\",\"@graph\":[{\"@type\":\"Article\",\"@id\":\"https:\\\/\\\/www.manabi.gob.ec\\\/index.php\\\/trabajamos-junto-a-la-ciudadania-nuestro-presupuesto-para-el-2023\\\/#article\",\"isPartOf\":{\"@id\":\"https:\\\/\\\/www.manabi.gob.ec\\\/index.php\\\/trabajamos-junto-a-la-ciudadania-nuestro-presupuesto-para-el-2023\\\/\"},\"author\":{\"name\":\"Lui Ochoa\",\"@id\":\"https:\\\/\\\/www.manabi.gob.ec\\\/#\\\/schema\\\/person\\\/c4f117989332ad723a6ced5994aa7d7a\"},\"headline\":\"Trabajamos junto a la ciudadan\u00eda nuestro presupuesto para el 2023\",\"datePublished\":\"2022-06-02T01:18:06+00:00\",\"dateModified\":\"2022-06-02T01:18:11+00:00\",\"mainEntityOfPage\":{\"@id\":\"https:\\\/\\\/www.manabi.gob.ec\\\/index.php\\\/trabajamos-junto-a-la-ciudadania-nuestro-presupuesto-para-el-2023\\\/\"},\"wordCount\":255,\"image\":{\"@id\":\"https:\\\/\\\/www.manabi.gob.ec\\\/index.php\\\/trabajamos-junto-a-la-ciudadania-nuestro-presupuesto-para-el-2023\\\/#primaryimage\"},\"thumbnailUrl\":\"https:\\\/\\\/www.manabi.gob.ec\\\/wp-content\\\/uploads\\\/2022\\\/06\\\/WhatsApp-Image-2022-06-01-at-7.59.49-PM.jpeg\",\"articleSection\":[\"Desarrollo Social\",\"Noticias\",\"Participaci\u00f3n ciudadana\",\"Todas\"],\"inLanguage\":\"es\"},{\"@type\":\"WebPage\",\"@id\":\"https:\\\/\\\/www.manabi.gob.ec\\\/index.php\\\/trabajamos-junto-a-la-ciudadania-nuestro-presupuesto-para-el-2023\\\/\",\"url\":\"https:\\\/\\\/www.manabi.gob.ec\\\/index.php\\\/trabajamos-junto-a-la-ciudadania-nuestro-presupuesto-para-el-2023\\\/\",\"name\":\"Trabajamos junto a la ciudadan\u00eda nuestro presupuesto para el 2023 - Prefectura de Manab\u00ed\",\"isPartOf\":{\"@id\":\"https:\\\/\\\/www.manabi.gob.ec\\\/#website\"},\"primaryImageOfPage\":{\"@id\":\"https:\\\/\\\/www.manabi.gob.ec\\\/index.php\\\/trabajamos-junto-a-la-ciudadania-nuestro-presupuesto-para-el-2023\\\/#primaryimage\"},\"image\":{\"@id\":\"https:\\\/\\\/www.manabi.gob.ec\\\/index.php\\\/trabajamos-junto-a-la-ciudadania-nuestro-presupuesto-para-el-2023\\\/#primaryimage\"},\"thumbnailUrl\":\"https:\\\/\\\/www.manabi.gob.ec\\\/wp-content\\\/uploads\\\/2022\\\/06\\\/WhatsApp-Image-2022-06-01-at-7.59.49-PM.jpeg\",\"datePublished\":\"2022-06-02T01:18:06+00:00\",\"dateModified\":\"2022-06-02T01:18:11+00:00\",\"author\":{\"@id\":\"https:\\\/\\\/www.manabi.gob.ec\\\/#\\\/schema\\\/person\\\/c4f117989332ad723a6ced5994aa7d7a\"},\"breadcrumb\":{\"@id\":\"https:\\\/\\\/www.manabi.gob.ec\\\/index.php\\\/trabajamos-junto-a-la-ciudadania-nuestro-presupuesto-para-el-2023\\\/#breadcrumb\"},\"inLanguage\":\"es\",\"potentialAction\":[{\"@type\":\"ReadAction\",\"target\":[\"https:\\\/\\\/www.manabi.gob.ec\\\/index.php\\\/trabajamos-junto-a-la-ciudadania-nuestro-presupuesto-para-el-2023\\\/\"]}]},{\"@type\":\"ImageObject\",\"inLanguage\":\"es\",\"@id\":\"https:\\\/\\\/www.manabi.gob.ec\\\/index.php\\\/trabajamos-junto-a-la-ciudadania-nuestro-presupuesto-para-el-2023\\\/#primaryimage\",\"url\":\"https:\\\/\\\/www.manabi.gob.ec\\\/wp-content\\\/uploads\\\/2022\\\/06\\\/WhatsApp-Image-2022-06-01-at-7.59.49-PM.jpeg\",\"contentUrl\":\"https:\\\/\\\/www.manabi.gob.ec\\\/wp-content\\\/uploads\\\/2022\\\/06\\\/WhatsApp-Image-2022-06-01-at-7.59.49-PM.jpeg\",\"width\":1280,\"height\":964},{\"@type\":\"BreadcrumbList\",\"@id\":\"https:\\\/\\\/www.manabi.gob.ec\\\/index.php\\\/trabajamos-junto-a-la-ciudadania-nuestro-presupuesto-para-el-2023\\\/#breadcrumb\",\"itemListElement\":[{\"@type\":\"ListItem\",\"position\":1,\"name\":\"Portada\",\"item\":\"https:\\\/\\\/www.manabi.gob.ec\\\/\"},{\"@type\":\"ListItem\",\"position\":2,\"name\":\"Trabajamos junto a la ciudadan\u00eda nuestro presupuesto para el 2023\"}]},{\"@type\":\"WebSite\",\"@id\":\"https:\\\/\\\/www.manabi.gob.ec\\\/#website\",\"url\":\"https:\\\/\\\/www.manabi.gob.ec\\\/\",\"name\":\"Prefectura de Manab\u00ed\",\"description\":\"P\u00e1gina web de la prefectura\",\"potentialAction\":[{\"@type\":\"SearchAction\",\"target\":{\"@type\":\"EntryPoint\",\"urlTemplate\":\"https:\\\/\\\/www.manabi.gob.ec\\\/?s={search_term_string}\"},\"query-input\":{\"@type\":\"PropertyValueSpecification\",\"valueRequired\":true,\"valueName\":\"search_term_string\"}}],\"inLanguage\":\"es\"},{\"@type\":\"Person\",\"@id\":\"https:\\\/\\\/www.manabi.gob.ec\\\/#\\\/schema\\\/person\\\/c4f117989332ad723a6ced5994aa7d7a\",\"name\":\"Lui Ochoa\",\"image\":{\"@type\":\"ImageObject\",\"inLanguage\":\"es\",\"@id\":\"https:\\\/\\\/secure.gravatar.com\\\/avatar\\\/6e8017d0fe69dead8a95864d2eb6e1e1d8bf8e01194ba49cf7b897ff038126ba?s=96&d=mm&r=g\",\"url\":\"https:\\\/\\\/secure.gravatar.com\\\/avatar\\\/6e8017d0fe69dead8a95864d2eb6e1e1d8bf8e01194ba49cf7b897ff038126ba?s=96&d=mm&r=g\",\"contentUrl\":\"https:\\\/\\\/secure.gravatar.com\\\/avatar\\\/6e8017d0fe69dead8a95864d2eb6e1e1d8bf8e01194ba49cf7b897ff038126ba?s=96&d=mm&r=g\",\"caption\":\"Lui Ochoa\"},\"url\":\"https:\\\/\\\/www.manabi.gob.ec\\\/index.php\\\/author\\\/lochoa\\\/\"}]}<\/script>\n<!-- \/ Yoast SEO plugin. -->","yoast_head_json":{"title":"Trabajamos junto a la ciudadan\u00eda nuestro presupuesto para el 2023 - Prefectura de Manab\u00ed","robots":{"index":"index","follow":"follow","max-snippet":"max-snippet:-1","max-image-preview":"max-image-preview:large","max-video-preview":"max-video-preview:-1"},"canonical":"https:\/\/www.manabi.gob.ec\/index.php\/trabajamos-junto-a-la-ciudadania-nuestro-presupuesto-para-el-2023\/","og_locale":"es_ES","og_type":"article","og_title":"Trabajamos junto a la ciudadan\u00eda nuestro presupuesto para el 2023 - Prefectura de Manab\u00ed","og_description":"El martes 31 de mayo, empez\u00f3 el proceso para la elaboraci\u00f3n del presupuesto participativo del Gobierno Provincial de Manab\u00ed (GPM) para el ejercicio fiscal 2023, a trav\u00e9s de asambleas ciudadanas en las 55 parroquias rurales y 22 cantones de la provincia.","og_url":"https:\/\/www.manabi.gob.ec\/index.php\/trabajamos-junto-a-la-ciudadania-nuestro-presupuesto-para-el-2023\/","og_site_name":"Prefectura de Manab\u00ed","article_published_time":"2022-06-02T01:18:06+00:00","article_modified_time":"2022-06-02T01:18:11+00:00","og_image":[{"width":1280,"height":964,"url":"https:\/\/www.manabi.gob.ec\/wp-content\/uploads\/2022\/06\/WhatsApp-Image-2022-06-01-at-7.59.49-PM.jpeg","type":"image\/jpeg"}],"author":"Lui Ochoa","twitter_card":"summary_large_image","twitter_misc":{"Escrito por":"Lui Ochoa","Tiempo de lectura":"2 minutos"},"schema":{"@context":"https:\/\/schema.org","@graph":[{"@type":"Article","@id":"https:\/\/www.manabi.gob.ec\/index.php\/trabajamos-junto-a-la-ciudadania-nuestro-presupuesto-para-el-2023\/#article","isPartOf":{"@id":"https:\/\/www.manabi.gob.ec\/index.php\/trabajamos-junto-a-la-ciudadania-nuestro-presupuesto-para-el-2023\/"},"author":{"name":"Lui Ochoa","@id":"https:\/\/www.manabi.gob.ec\/#\/schema\/person\/c4f117989332ad723a6ced5994aa7d7a"},"headline":"Trabajamos junto a la ciudadan\u00eda nuestro presupuesto para el 2023","datePublished":"2022-06-02T01:18:06+00:00","dateModified":"2022-06-02T01:18:11+00:00","mainEntityOfPage":{"@id":"https:\/\/www.manabi.gob.ec\/index.php\/trabajamos-junto-a-la-ciudadania-nuestro-presupuesto-para-el-2023\/"},"wordCount":255,"image":{"@id":"https:\/\/www.manabi.gob.ec\/index.php\/trabajamos-junto-a-la-ciudadania-nuestro-presupuesto-para-el-2023\/#primaryimage"},"thumbnailUrl":"https:\/\/www.manabi.gob.ec\/wp-content\/uploads\/2022\/06\/WhatsApp-Image-2022-06-01-at-7.59.49-PM.jpeg","articleSection":["Desarrollo Social","Noticias","Participaci\u00f3n ciudadana","Todas"],"inLanguage":"es"},{"@type":"WebPage","@id":"https:\/\/www.manabi.gob.ec\/index.php\/trabajamos-junto-a-la-ciudadania-nuestro-presupuesto-para-el-2023\/","url":"https:\/\/www.manabi.gob.ec\/index.php\/trabajamos-junto-a-la-ciudadania-nuestro-presupuesto-para-el-2023\/","name":"Trabajamos junto a la ciudadan\u00eda nuestro presupuesto para el 2023 - Prefectura de Manab\u00ed","isPartOf":{"@id":"https:\/\/www.manabi.gob.ec\/#website"},"primaryImageOfPage":{"@id":"https:\/\/www.manabi.gob.ec\/index.php\/trabajamos-junto-a-la-ciudadania-nuestro-presupuesto-para-el-2023\/#primaryimage"},"image":{"@id":"https:\/\/www.manabi.gob.ec\/index.php\/trabajamos-junto-a-la-ciudadania-nuestro-presupuesto-para-el-2023\/#primaryimage"},"thumbnailUrl":"https:\/\/www.manabi.gob.ec\/wp-content\/uploads\/2022\/06\/WhatsApp-Image-2022-06-01-at-7.59.49-PM.jpeg","datePublished":"2022-06-02T01:18:06+00:00","dateModified":"2022-06-02T01:18:11+00:00","author":{"@id":"https:\/\/www.manabi.gob.ec\/#\/schema\/person\/c4f117989332ad723a6ced5994aa7d7a"},"breadcrumb":{"@id":"https:\/\/www.manabi.gob.ec\/index.php\/trabajamos-junto-a-la-ciudadania-nuestro-presupuesto-para-el-2023\/#breadcrumb"},"inLanguage":"es","potentialAction":[{"@type":"ReadAction","target":["https:\/\/www.manabi.gob.ec\/index.php\/trabajamos-junto-a-la-ciudadania-nuestro-presupuesto-para-el-2023\/"]}]},{"@type":"ImageObject","inLanguage":"es","@id":"https:\/\/www.manabi.gob.ec\/index.php\/trabajamos-junto-a-la-ciudadania-nuestro-presupuesto-para-el-2023\/#primaryimage","url":"https:\/\/www.manabi.gob.ec\/wp-content\/uploads\/2022\/06\/WhatsApp-Image-2022-06-01-at-7.59.49-PM.jpeg","contentUrl":"https:\/\/www.manabi.gob.ec\/wp-content\/uploads\/2022\/06\/WhatsApp-Image-2022-06-01-at-7.59.49-PM.jpeg","width":1280,"height":964},{"@type":"BreadcrumbList","@id":"https:\/\/www.manabi.gob.ec\/index.php\/trabajamos-junto-a-la-ciudadania-nuestro-presupuesto-para-el-2023\/#breadcrumb","itemListElement":[{"@type":"ListItem","position":1,"name":"Portada","item":"https:\/\/www.manabi.gob.ec\/"},{"@type":"ListItem","position":2,"name":"Trabajamos junto a la ciudadan\u00eda nuestro presupuesto para el 2023"}]},{"@type":"WebSite","@id":"https:\/\/www.manabi.gob.ec\/#website","url":"https:\/\/www.manabi.gob.ec\/","name":"Prefectura de Manab\u00ed","description":"P\u00e1gina web de la prefectura","potentialAction":[{"@type":"SearchAction","target":{"@type":"EntryPoint","urlTemplate":"https:\/\/www.manabi.gob.ec\/?s={search_term_string}"},"query-input":{"@type":"PropertyValueSpecification","valueRequired":true,"valueName":"search_term_string"}}],"inLanguage":"es"},{"@type":"Person","@id":"https:\/\/www.manabi.gob.ec\/#\/schema\/person\/c4f117989332ad723a6ced5994aa7d7a","name":"Lui Ochoa","image":{"@type":"ImageObject","inLanguage":"es","@id":"https:\/\/secure.gravatar.com\/avatar\/6e8017d0fe69dead8a95864d2eb6e1e1d8bf8e01194ba49cf7b897ff038126ba?s=96&d=mm&r=g","url":"https:\/\/secure.gravatar.com\/avatar\/6e8017d0fe69dead8a95864d2eb6e1e1d8bf8e01194ba49cf7b897ff038126ba?s=96&d=mm&r=g","contentUrl":"https:\/\/secure.gravatar.com\/avatar\/6e8017d0fe69dead8a95864d2eb6e1e1d8bf8e01194ba49cf7b897ff038126ba?s=96&d=mm&r=g","caption":"Lui Ochoa"},"url":"https:\/\/www.manabi.gob.ec\/index.php\/author\/lochoa\/"}]}},"jetpack_featured_media_url":"https:\/\/www.manabi.gob.ec\/wp-content\/uploads\/2022\/06\/WhatsApp-Image-2022-06-01-at-7.59.49-PM.jpeg","_links":{"self":[{"href":"https:\/\/www.manabi.gob.ec\/index.php\/wp-json\/wp\/v2\/posts\/20960","targetHints":{"allow":["GET"]}}],"collection":[{"href":"https:\/\/www.manabi.gob.ec\/index.php\/wp-json\/wp\/v2\/posts"}],"about":[{"href":"https:\/\/www.manabi.gob.ec\/index.php\/wp-json\/wp\/v2\/types\/post"}],"author":[{"embeddable":true,"href":"https:\/\/www.manabi.gob.ec\/index.php\/wp-json\/wp\/v2\/users\/10"}],"replies":[{"embeddable":true,"href":"https:\/\/www.manabi.gob.ec\/index.php\/wp-json\/wp\/v2\/comments?post=20960"}],"version-history":[{"count":0,"href":"https:\/\/www.manabi.gob.ec\/index.php\/wp-json\/wp\/v2\/posts\/20960\/revisions"}],"wp:featuredmedia":[{"embeddable":true,"href":"https:\/\/www.manabi.gob.ec\/index.php\/wp-json\/wp\/v2\/media\/20962"}],"wp:attachment":[{"href":"https:\/\/www.manabi.gob.ec\/index.php\/wp-json\/wp\/v2\/media?parent=20960"}],"wp:term":[{"taxonomy":"category","embeddable":true,"href":"https:\/\/www.manabi.gob.ec\/index.php\/wp-json\/wp\/v2\/categories?post=20960"},{"taxonomy":"post_tag","embeddable":true,"href":"https:\/\/www.manabi.gob.ec\/index.php\/wp-json\/wp\/v2\/tags?post=20960"}],"curies":[{"name":"wp","href":"https:\/\/api.w.org\/{rel}","templated":true}]}}