{"id":20992,"date":"2022-06-04T23:35:43","date_gmt":"2022-06-04T23:35:43","guid":{"rendered":"https:\/\/www.manabi.gob.ec\/?p=20992"},"modified":"2022-06-04T23:35:46","modified_gmt":"2022-06-04T23:35:46","slug":"el-chonense-marlon-chito-vera-recibe-condecoracion-al-merito-deportivo-por-la-prefectura-de-manabi","status":"publish","type":"post","link":"https:\/\/www.manabi.gob.ec\/index.php\/el-chonense-marlon-chito-vera-recibe-condecoracion-al-merito-deportivo-por-la-prefectura-de-manabi\/","title":{"rendered":"El chonense Marlon \u00abChito\u00bb Vera recibe Condecoraci\u00f3n al M\u00e9rito Deportivo por la Prefectura de Manab\u00ed"},"content":{"rendered":"\n<p>El deportista manabita, Marlon \u00abChito\u00bb Vera recibi\u00f3 hoy, de las manos del prefecto, Leonardo Orlando, la Condecoraci\u00f3n General Eloy Alfaro Delgado al M\u00e9rito Deportivo.<\/p>\n\n\n\n<p>Al conmemorar los 198 a\u00f1os de provincializaci\u00f3n, la Corporaci\u00f3n Provincial resolvi\u00f3 entregar dicho m\u00e9rito al chonense por su destacada labor deportiva como peleador de artes marciales mixtas, que le ha permitido obtener un r\u00e9cord de 26 peleas y 18 victorias en la categor\u00eda \u00abPeso Gallo\u00bb de la UFL.<\/p>\n\n\n\n<p>\u00abChito\u00bb Vera quien recorri\u00f3 en caravana las calles de Chone junto al Prefecto, dijo estar agradecido por este reconocimiento que lo impulsa a seguir luchando para dejar en alto el nombre de la provincia y el pa\u00eds.<br>Por su parte, la autoridad provincial destac\u00f3 la constancia y disciplina del deportista y dese\u00f3 los mejores \u00e9xitos en sus pr\u00f3ximas competencias.<br>\u00abTodo Manab\u00ed te abraza y desea siempre lo mejor\u00bb, expres\u00f3 el prefecto Leonardo Orlando.<br>\u00abChito\u00bb Vera se encuentra en el pa\u00eds y se aprovech\u00f3 la oportunidad de su estancia en Manab\u00ed para que personalmente reciba este reconocimiento que tradicionalmente se entrega en la sesi\u00f3n solemne del 25 de junio, donde este a\u00f1o se reconocer\u00e1 a 21 personas naturales y jur\u00eddicas, en 13 categor\u00edas.<\/p>\n","protected":false},"excerpt":{"rendered":"<p>El deportista manabita, Marlon \u00abChito\u00bb Vera recibi\u00f3 hoy, de las manos del prefecto, Leonardo Orlando, la Condecoraci\u00f3n General Eloy Alfaro Delgado al M\u00e9rito Deportivo.<\/p>\n","protected":false},"author":10,"featured_media":20993,"comment_status":"closed","ping_status":"closed","sticky":false,"template":"","format":"standard","meta":{"_joinchat":[],"footnotes":""},"categories":[141,142,92,91],"tags":[],"class_list":["post-20992","post","type-post","status-publish","format-standard","has-post-thumbnail","hentry","category-chone","category-desarrollo-social","category-noticias-manabi","category-todas"],"yoast_head":"<!-- This site is optimized with the Yoast SEO plugin v27.4 - https:\/\/yoast.com\/product\/yoast-seo-wordpress\/ -->\n<title>El chonense Marlon &quot;Chito&quot; Vera recibe Condecoraci\u00f3n al M\u00e9rito Deportivo por la Prefectura de Manab\u00ed - Prefectura de Manab\u00ed<\/title>\n<meta name=\"description\" content=\"El deportista manabita, Marlon &quot;Chito&quot; Vera recibi\u00f3 hoy, de las manos del prefecto, Leonardo Orlando, la Condecoraci\u00f3n General Eloy Alfaro Delgado al M\u00e9rito Deportivo.Al conmemorar los 198 a\u00f1os de provincializaci\u00f3n, la Corporaci\u00f3n Provincial resolvi\u00f3 entregar dicho m\u00e9rito al chonense por su destacada labor deportiva como peleador de artes marciales mixtas, que le ha permitido obtener un r\u00e9cord de 26 peleas y 18 victorias en la categor\u00eda &quot;Peso Gallo&quot; de la UFL.&quot;Chito&quot; Vera quien recorri\u00f3 en caravana las calles de Chone junto al Prefecto, dijo estar agradecido por este reconocimiento que lo impulsa a seguir luchando para dejar en alto el nombre de la provincia y el pa\u00eds.Por su parte, la autoridad provincial destac\u00f3 la constancia y disciplina del deportista y dese\u00f3 los mejores \u00e9xitos en sus pr\u00f3ximas competencias.&quot;Todo Manab\u00ed te abraza y desea siempre lo mejor&quot;, expres\u00f3 el prefecto Leonardo Orlando.&quot;Chito&quot; Vera se encuentra en el pa\u00eds y se aprovech\u00f3 la oportunidad de su estancia en Manab\u00ed para que personalmente reciba este reconocimiento que tradicionalmente se entrega en la sesi\u00f3n solemne del 25 de junio, donde este a\u00f1o se reconocer\u00e1 a 21 personas naturales y jur\u00eddicas, en 13 categor\u00edas.\" \/>\n<meta name=\"robots\" content=\"index, follow, max-snippet:-1, max-image-preview:large, max-video-preview:-1\" \/>\n<link rel=\"canonical\" href=\"https:\/\/www.manabi.gob.ec\/index.php\/el-chonense-marlon-chito-vera-recibe-condecoracion-al-merito-deportivo-por-la-prefectura-de-manabi\/\" \/>\n<meta property=\"og:locale\" content=\"es_ES\" \/>\n<meta property=\"og:type\" content=\"article\" \/>\n<meta property=\"og:title\" content=\"El chonense Marlon &quot;Chito&quot; Vera recibe Condecoraci\u00f3n al M\u00e9rito Deportivo por la Prefectura de Manab\u00ed - Prefectura de Manab\u00ed\" \/>\n<meta property=\"og:description\" content=\"El deportista manabita, Marlon &quot;Chito&quot; Vera recibi\u00f3 hoy, de las manos del prefecto, Leonardo Orlando, la Condecoraci\u00f3n General Eloy Alfaro Delgado al M\u00e9rito Deportivo.Al conmemorar los 198 a\u00f1os de provincializaci\u00f3n, la Corporaci\u00f3n Provincial resolvi\u00f3 entregar dicho m\u00e9rito al chonense por su destacada labor deportiva como peleador de artes marciales mixtas, que le ha permitido obtener un r\u00e9cord de 26 peleas y 18 victorias en la categor\u00eda &quot;Peso Gallo&quot; de la UFL.&quot;Chito&quot; Vera quien recorri\u00f3 en caravana las calles de Chone junto al Prefecto, dijo estar agradecido por este reconocimiento que lo impulsa a seguir luchando para dejar en alto el nombre de la provincia y el pa\u00eds.Por su parte, la autoridad provincial destac\u00f3 la constancia y disciplina del deportista y dese\u00f3 los mejores \u00e9xitos en sus pr\u00f3ximas competencias.&quot;Todo Manab\u00ed te abraza y desea siempre lo mejor&quot;, expres\u00f3 el prefecto Leonardo Orlando.&quot;Chito&quot; Vera se encuentra en el pa\u00eds y se aprovech\u00f3 la oportunidad de su estancia en Manab\u00ed para que personalmente reciba este reconocimiento que tradicionalmente se entrega en la sesi\u00f3n solemne del 25 de junio, donde este a\u00f1o se reconocer\u00e1 a 21 personas naturales y jur\u00eddicas, en 13 categor\u00edas.\" \/>\n<meta property=\"og:url\" content=\"https:\/\/www.manabi.gob.ec\/index.php\/el-chonense-marlon-chito-vera-recibe-condecoracion-al-merito-deportivo-por-la-prefectura-de-manabi\/\" \/>\n<meta property=\"og:site_name\" content=\"Prefectura de Manab\u00ed\" \/>\n<meta property=\"article:published_time\" content=\"2022-06-04T23:35:43+00:00\" \/>\n<meta property=\"article:modified_time\" content=\"2022-06-04T23:35:46+00:00\" \/>\n<meta property=\"og:image\" content=\"https:\/\/www.manabi.gob.ec\/wp-content\/uploads\/2022\/06\/WhatsApp-Image-2022-06-04-at-4.11.51-PM.jpeg\" \/>\n\t<meta property=\"og:image:width\" content=\"1024\" \/>\n\t<meta property=\"og:image:height\" content=\"768\" \/>\n\t<meta property=\"og:image:type\" content=\"image\/jpeg\" \/>\n<meta name=\"author\" content=\"Lui Ochoa\" \/>\n<meta name=\"twitter:card\" content=\"summary_large_image\" \/>\n<meta name=\"twitter:label1\" content=\"Escrito por\" \/>\n\t<meta name=\"twitter:data1\" content=\"Lui Ochoa\" \/>\n\t<meta name=\"twitter:label2\" content=\"Tiempo de lectura\" \/>\n\t<meta name=\"twitter:data2\" content=\"1 minuto\" \/>\n<script type=\"application\/ld+json\" class=\"yoast-schema-graph\">{\"@context\":\"https:\\\/\\\/schema.org\",\"@graph\":[{\"@type\":\"Article\",\"@id\":\"https:\\\/\\\/www.manabi.gob.ec\\\/index.php\\\/el-chonense-marlon-chito-vera-recibe-condecoracion-al-merito-deportivo-por-la-prefectura-de-manabi\\\/#article\",\"isPartOf\":{\"@id\":\"https:\\\/\\\/www.manabi.gob.ec\\\/index.php\\\/el-chonense-marlon-chito-vera-recibe-condecoracion-al-merito-deportivo-por-la-prefectura-de-manabi\\\/\"},\"author\":{\"name\":\"Lui Ochoa\",\"@id\":\"https:\\\/\\\/www.manabi.gob.ec\\\/#\\\/schema\\\/person\\\/c4f117989332ad723a6ced5994aa7d7a\"},\"headline\":\"El chonense Marlon \u00abChito\u00bb Vera recibe Condecoraci\u00f3n al M\u00e9rito Deportivo por la Prefectura de Manab\u00ed\",\"datePublished\":\"2022-06-04T23:35:43+00:00\",\"dateModified\":\"2022-06-04T23:35:46+00:00\",\"mainEntityOfPage\":{\"@id\":\"https:\\\/\\\/www.manabi.gob.ec\\\/index.php\\\/el-chonense-marlon-chito-vera-recibe-condecoracion-al-merito-deportivo-por-la-prefectura-de-manabi\\\/\"},\"wordCount\":220,\"image\":{\"@id\":\"https:\\\/\\\/www.manabi.gob.ec\\\/index.php\\\/el-chonense-marlon-chito-vera-recibe-condecoracion-al-merito-deportivo-por-la-prefectura-de-manabi\\\/#primaryimage\"},\"thumbnailUrl\":\"https:\\\/\\\/www.manabi.gob.ec\\\/wp-content\\\/uploads\\\/2022\\\/06\\\/WhatsApp-Image-2022-06-04-at-4.11.51-PM.jpeg\",\"articleSection\":[\"Chone\",\"Desarrollo Social\",\"Noticias\",\"Todas\"],\"inLanguage\":\"es\"},{\"@type\":\"WebPage\",\"@id\":\"https:\\\/\\\/www.manabi.gob.ec\\\/index.php\\\/el-chonense-marlon-chito-vera-recibe-condecoracion-al-merito-deportivo-por-la-prefectura-de-manabi\\\/\",\"url\":\"https:\\\/\\\/www.manabi.gob.ec\\\/index.php\\\/el-chonense-marlon-chito-vera-recibe-condecoracion-al-merito-deportivo-por-la-prefectura-de-manabi\\\/\",\"name\":\"El chonense Marlon \\\"Chito\\\" Vera recibe Condecoraci\u00f3n al M\u00e9rito Deportivo por la Prefectura de Manab\u00ed - Prefectura de Manab\u00ed\",\"isPartOf\":{\"@id\":\"https:\\\/\\\/www.manabi.gob.ec\\\/#website\"},\"primaryImageOfPage\":{\"@id\":\"https:\\\/\\\/www.manabi.gob.ec\\\/index.php\\\/el-chonense-marlon-chito-vera-recibe-condecoracion-al-merito-deportivo-por-la-prefectura-de-manabi\\\/#primaryimage\"},\"image\":{\"@id\":\"https:\\\/\\\/www.manabi.gob.ec\\\/index.php\\\/el-chonense-marlon-chito-vera-recibe-condecoracion-al-merito-deportivo-por-la-prefectura-de-manabi\\\/#primaryimage\"},\"thumbnailUrl\":\"https:\\\/\\\/www.manabi.gob.ec\\\/wp-content\\\/uploads\\\/2022\\\/06\\\/WhatsApp-Image-2022-06-04-at-4.11.51-PM.jpeg\",\"datePublished\":\"2022-06-04T23:35:43+00:00\",\"dateModified\":\"2022-06-04T23:35:46+00:00\",\"author\":{\"@id\":\"https:\\\/\\\/www.manabi.gob.ec\\\/#\\\/schema\\\/person\\\/c4f117989332ad723a6ced5994aa7d7a\"},\"description\":\"El deportista manabita, Marlon \\\"Chito\\\" Vera recibi\u00f3 hoy, de las manos del prefecto, Leonardo Orlando, la Condecoraci\u00f3n General Eloy Alfaro Delgado al M\u00e9rito Deportivo.Al conmemorar los 198 a\u00f1os de provincializaci\u00f3n, la Corporaci\u00f3n Provincial resolvi\u00f3 entregar dicho m\u00e9rito al chonense por su destacada labor deportiva como peleador de artes marciales mixtas, que le ha permitido obtener un r\u00e9cord de 26 peleas y 18 victorias en la categor\u00eda \\\"Peso Gallo\\\" de la UFL.\\\"Chito\\\" Vera quien recorri\u00f3 en caravana las calles de Chone junto al Prefecto, dijo estar agradecido por este reconocimiento que lo impulsa a seguir luchando para dejar en alto el nombre de la provincia y el pa\u00eds.Por su parte, la autoridad provincial destac\u00f3 la constancia y disciplina del deportista y dese\u00f3 los mejores \u00e9xitos en sus pr\u00f3ximas competencias.\\\"Todo Manab\u00ed te abraza y desea siempre lo mejor\\\", expres\u00f3 el prefecto Leonardo Orlando.\\\"Chito\\\" Vera se encuentra en el pa\u00eds y se aprovech\u00f3 la oportunidad de su estancia en Manab\u00ed para que personalmente reciba este reconocimiento que tradicionalmente se entrega en la sesi\u00f3n solemne del 25 de junio, donde este a\u00f1o se reconocer\u00e1 a 21 personas naturales y jur\u00eddicas, en 13 categor\u00edas.\",\"breadcrumb\":{\"@id\":\"https:\\\/\\\/www.manabi.gob.ec\\\/index.php\\\/el-chonense-marlon-chito-vera-recibe-condecoracion-al-merito-deportivo-por-la-prefectura-de-manabi\\\/#breadcrumb\"},\"inLanguage\":\"es\",\"potentialAction\":[{\"@type\":\"ReadAction\",\"target\":[\"https:\\\/\\\/www.manabi.gob.ec\\\/index.php\\\/el-chonense-marlon-chito-vera-recibe-condecoracion-al-merito-deportivo-por-la-prefectura-de-manabi\\\/\"]}]},{\"@type\":\"ImageObject\",\"inLanguage\":\"es\",\"@id\":\"https:\\\/\\\/www.manabi.gob.ec\\\/index.php\\\/el-chonense-marlon-chito-vera-recibe-condecoracion-al-merito-deportivo-por-la-prefectura-de-manabi\\\/#primaryimage\",\"url\":\"https:\\\/\\\/www.manabi.gob.ec\\\/wp-content\\\/uploads\\\/2022\\\/06\\\/WhatsApp-Image-2022-06-04-at-4.11.51-PM.jpeg\",\"contentUrl\":\"https:\\\/\\\/www.manabi.gob.ec\\\/wp-content\\\/uploads\\\/2022\\\/06\\\/WhatsApp-Image-2022-06-04-at-4.11.51-PM.jpeg\",\"width\":1024,\"height\":768},{\"@type\":\"BreadcrumbList\",\"@id\":\"https:\\\/\\\/www.manabi.gob.ec\\\/index.php\\\/el-chonense-marlon-chito-vera-recibe-condecoracion-al-merito-deportivo-por-la-prefectura-de-manabi\\\/#breadcrumb\",\"itemListElement\":[{\"@type\":\"ListItem\",\"position\":1,\"name\":\"Portada\",\"item\":\"https:\\\/\\\/www.manabi.gob.ec\\\/\"},{\"@type\":\"ListItem\",\"position\":2,\"name\":\"El chonense Marlon \u00abChito\u00bb Vera recibe Condecoraci\u00f3n al M\u00e9rito Deportivo por la Prefectura de Manab\u00ed\"}]},{\"@type\":\"WebSite\",\"@id\":\"https:\\\/\\\/www.manabi.gob.ec\\\/#website\",\"url\":\"https:\\\/\\\/www.manabi.gob.ec\\\/\",\"name\":\"Prefectura de Manab\u00ed\",\"description\":\"P\u00e1gina web de la prefectura\",\"potentialAction\":[{\"@type\":\"SearchAction\",\"target\":{\"@type\":\"EntryPoint\",\"urlTemplate\":\"https:\\\/\\\/www.manabi.gob.ec\\\/?s={search_term_string}\"},\"query-input\":{\"@type\":\"PropertyValueSpecification\",\"valueRequired\":true,\"valueName\":\"search_term_string\"}}],\"inLanguage\":\"es\"},{\"@type\":\"Person\",\"@id\":\"https:\\\/\\\/www.manabi.gob.ec\\\/#\\\/schema\\\/person\\\/c4f117989332ad723a6ced5994aa7d7a\",\"name\":\"Lui Ochoa\",\"image\":{\"@type\":\"ImageObject\",\"inLanguage\":\"es\",\"@id\":\"https:\\\/\\\/secure.gravatar.com\\\/avatar\\\/6e8017d0fe69dead8a95864d2eb6e1e1d8bf8e01194ba49cf7b897ff038126ba?s=96&d=mm&r=g\",\"url\":\"https:\\\/\\\/secure.gravatar.com\\\/avatar\\\/6e8017d0fe69dead8a95864d2eb6e1e1d8bf8e01194ba49cf7b897ff038126ba?s=96&d=mm&r=g\",\"contentUrl\":\"https:\\\/\\\/secure.gravatar.com\\\/avatar\\\/6e8017d0fe69dead8a95864d2eb6e1e1d8bf8e01194ba49cf7b897ff038126ba?s=96&d=mm&r=g\",\"caption\":\"Lui Ochoa\"},\"url\":\"https:\\\/\\\/www.manabi.gob.ec\\\/index.php\\\/author\\\/lochoa\\\/\"}]}<\/script>\n<!-- \/ Yoast SEO plugin. -->","yoast_head_json":{"title":"El chonense Marlon \"Chito\" Vera recibe Condecoraci\u00f3n al M\u00e9rito Deportivo por la Prefectura de Manab\u00ed - Prefectura de Manab\u00ed","description":"El deportista manabita, Marlon \"Chito\" Vera recibi\u00f3 hoy, de las manos del prefecto, Leonardo Orlando, la Condecoraci\u00f3n General Eloy Alfaro Delgado al M\u00e9rito Deportivo.Al conmemorar los 198 a\u00f1os de provincializaci\u00f3n, la Corporaci\u00f3n Provincial resolvi\u00f3 entregar dicho m\u00e9rito al chonense por su destacada labor deportiva como peleador de artes marciales mixtas, que le ha permitido obtener un r\u00e9cord de 26 peleas y 18 victorias en la categor\u00eda \"Peso Gallo\" de la UFL.\"Chito\" Vera quien recorri\u00f3 en caravana las calles de Chone junto al Prefecto, dijo estar agradecido por este reconocimiento que lo impulsa a seguir luchando para dejar en alto el nombre de la provincia y el pa\u00eds.Por su parte, la autoridad provincial destac\u00f3 la constancia y disciplina del deportista y dese\u00f3 los mejores \u00e9xitos en sus pr\u00f3ximas competencias.\"Todo Manab\u00ed te abraza y desea siempre lo mejor\", expres\u00f3 el prefecto Leonardo Orlando.\"Chito\" Vera se encuentra en el pa\u00eds y se aprovech\u00f3 la oportunidad de su estancia en Manab\u00ed para que personalmente reciba este reconocimiento que tradicionalmente se entrega en la sesi\u00f3n solemne del 25 de junio, donde este a\u00f1o se reconocer\u00e1 a 21 personas naturales y jur\u00eddicas, en 13 categor\u00edas.","robots":{"index":"index","follow":"follow","max-snippet":"max-snippet:-1","max-image-preview":"max-image-preview:large","max-video-preview":"max-video-preview:-1"},"canonical":"https:\/\/www.manabi.gob.ec\/index.php\/el-chonense-marlon-chito-vera-recibe-condecoracion-al-merito-deportivo-por-la-prefectura-de-manabi\/","og_locale":"es_ES","og_type":"article","og_title":"El chonense Marlon \"Chito\" Vera recibe Condecoraci\u00f3n al M\u00e9rito Deportivo por la Prefectura de Manab\u00ed - Prefectura de Manab\u00ed","og_description":"El deportista manabita, Marlon \"Chito\" Vera recibi\u00f3 hoy, de las manos del prefecto, Leonardo Orlando, la Condecoraci\u00f3n General Eloy Alfaro Delgado al M\u00e9rito Deportivo.Al conmemorar los 198 a\u00f1os de provincializaci\u00f3n, la Corporaci\u00f3n Provincial resolvi\u00f3 entregar dicho m\u00e9rito al chonense por su destacada labor deportiva como peleador de artes marciales mixtas, que le ha permitido obtener un r\u00e9cord de 26 peleas y 18 victorias en la categor\u00eda \"Peso Gallo\" de la UFL.\"Chito\" Vera quien recorri\u00f3 en caravana las calles de Chone junto al Prefecto, dijo estar agradecido por este reconocimiento que lo impulsa a seguir luchando para dejar en alto el nombre de la provincia y el pa\u00eds.Por su parte, la autoridad provincial destac\u00f3 la constancia y disciplina del deportista y dese\u00f3 los mejores \u00e9xitos en sus pr\u00f3ximas competencias.\"Todo Manab\u00ed te abraza y desea siempre lo mejor\", expres\u00f3 el prefecto Leonardo Orlando.\"Chito\" Vera se encuentra en el pa\u00eds y se aprovech\u00f3 la oportunidad de su estancia en Manab\u00ed para que personalmente reciba este reconocimiento que tradicionalmente se entrega en la sesi\u00f3n solemne del 25 de junio, donde este a\u00f1o se reconocer\u00e1 a 21 personas naturales y jur\u00eddicas, en 13 categor\u00edas.","og_url":"https:\/\/www.manabi.gob.ec\/index.php\/el-chonense-marlon-chito-vera-recibe-condecoracion-al-merito-deportivo-por-la-prefectura-de-manabi\/","og_site_name":"Prefectura de Manab\u00ed","article_published_time":"2022-06-04T23:35:43+00:00","article_modified_time":"2022-06-04T23:35:46+00:00","og_image":[{"width":1024,"height":768,"url":"https:\/\/www.manabi.gob.ec\/wp-content\/uploads\/2022\/06\/WhatsApp-Image-2022-06-04-at-4.11.51-PM.jpeg","type":"image\/jpeg"}],"author":"Lui Ochoa","twitter_card":"summary_large_image","twitter_misc":{"Escrito por":"Lui Ochoa","Tiempo de lectura":"1 minuto"},"schema":{"@context":"https:\/\/schema.org","@graph":[{"@type":"Article","@id":"https:\/\/www.manabi.gob.ec\/index.php\/el-chonense-marlon-chito-vera-recibe-condecoracion-al-merito-deportivo-por-la-prefectura-de-manabi\/#article","isPartOf":{"@id":"https:\/\/www.manabi.gob.ec\/index.php\/el-chonense-marlon-chito-vera-recibe-condecoracion-al-merito-deportivo-por-la-prefectura-de-manabi\/"},"author":{"name":"Lui Ochoa","@id":"https:\/\/www.manabi.gob.ec\/#\/schema\/person\/c4f117989332ad723a6ced5994aa7d7a"},"headline":"El chonense Marlon \u00abChito\u00bb Vera recibe Condecoraci\u00f3n al M\u00e9rito Deportivo por la Prefectura de Manab\u00ed","datePublished":"2022-06-04T23:35:43+00:00","dateModified":"2022-06-04T23:35:46+00:00","mainEntityOfPage":{"@id":"https:\/\/www.manabi.gob.ec\/index.php\/el-chonense-marlon-chito-vera-recibe-condecoracion-al-merito-deportivo-por-la-prefectura-de-manabi\/"},"wordCount":220,"image":{"@id":"https:\/\/www.manabi.gob.ec\/index.php\/el-chonense-marlon-chito-vera-recibe-condecoracion-al-merito-deportivo-por-la-prefectura-de-manabi\/#primaryimage"},"thumbnailUrl":"https:\/\/www.manabi.gob.ec\/wp-content\/uploads\/2022\/06\/WhatsApp-Image-2022-06-04-at-4.11.51-PM.jpeg","articleSection":["Chone","Desarrollo Social","Noticias","Todas"],"inLanguage":"es"},{"@type":"WebPage","@id":"https:\/\/www.manabi.gob.ec\/index.php\/el-chonense-marlon-chito-vera-recibe-condecoracion-al-merito-deportivo-por-la-prefectura-de-manabi\/","url":"https:\/\/www.manabi.gob.ec\/index.php\/el-chonense-marlon-chito-vera-recibe-condecoracion-al-merito-deportivo-por-la-prefectura-de-manabi\/","name":"El chonense Marlon \"Chito\" Vera recibe Condecoraci\u00f3n al M\u00e9rito Deportivo por la Prefectura de Manab\u00ed - Prefectura de Manab\u00ed","isPartOf":{"@id":"https:\/\/www.manabi.gob.ec\/#website"},"primaryImageOfPage":{"@id":"https:\/\/www.manabi.gob.ec\/index.php\/el-chonense-marlon-chito-vera-recibe-condecoracion-al-merito-deportivo-por-la-prefectura-de-manabi\/#primaryimage"},"image":{"@id":"https:\/\/www.manabi.gob.ec\/index.php\/el-chonense-marlon-chito-vera-recibe-condecoracion-al-merito-deportivo-por-la-prefectura-de-manabi\/#primaryimage"},"thumbnailUrl":"https:\/\/www.manabi.gob.ec\/wp-content\/uploads\/2022\/06\/WhatsApp-Image-2022-06-04-at-4.11.51-PM.jpeg","datePublished":"2022-06-04T23:35:43+00:00","dateModified":"2022-06-04T23:35:46+00:00","author":{"@id":"https:\/\/www.manabi.gob.ec\/#\/schema\/person\/c4f117989332ad723a6ced5994aa7d7a"},"description":"El deportista manabita, Marlon \"Chito\" Vera recibi\u00f3 hoy, de las manos del prefecto, Leonardo Orlando, la Condecoraci\u00f3n General Eloy Alfaro Delgado al M\u00e9rito Deportivo.Al conmemorar los 198 a\u00f1os de provincializaci\u00f3n, la Corporaci\u00f3n Provincial resolvi\u00f3 entregar dicho m\u00e9rito al chonense por su destacada labor deportiva como peleador de artes marciales mixtas, que le ha permitido obtener un r\u00e9cord de 26 peleas y 18 victorias en la categor\u00eda \"Peso Gallo\" de la UFL.\"Chito\" Vera quien recorri\u00f3 en caravana las calles de Chone junto al Prefecto, dijo estar agradecido por este reconocimiento que lo impulsa a seguir luchando para dejar en alto el nombre de la provincia y el pa\u00eds.Por su parte, la autoridad provincial destac\u00f3 la constancia y disciplina del deportista y dese\u00f3 los mejores \u00e9xitos en sus pr\u00f3ximas competencias.\"Todo Manab\u00ed te abraza y desea siempre lo mejor\", expres\u00f3 el prefecto Leonardo Orlando.\"Chito\" Vera se encuentra en el pa\u00eds y se aprovech\u00f3 la oportunidad de su estancia en Manab\u00ed para que personalmente reciba este reconocimiento que tradicionalmente se entrega en la sesi\u00f3n solemne del 25 de junio, donde este a\u00f1o se reconocer\u00e1 a 21 personas naturales y jur\u00eddicas, en 13 categor\u00edas.","breadcrumb":{"@id":"https:\/\/www.manabi.gob.ec\/index.php\/el-chonense-marlon-chito-vera-recibe-condecoracion-al-merito-deportivo-por-la-prefectura-de-manabi\/#breadcrumb"},"inLanguage":"es","potentialAction":[{"@type":"ReadAction","target":["https:\/\/www.manabi.gob.ec\/index.php\/el-chonense-marlon-chito-vera-recibe-condecoracion-al-merito-deportivo-por-la-prefectura-de-manabi\/"]}]},{"@type":"ImageObject","inLanguage":"es","@id":"https:\/\/www.manabi.gob.ec\/index.php\/el-chonense-marlon-chito-vera-recibe-condecoracion-al-merito-deportivo-por-la-prefectura-de-manabi\/#primaryimage","url":"https:\/\/www.manabi.gob.ec\/wp-content\/uploads\/2022\/06\/WhatsApp-Image-2022-06-04-at-4.11.51-PM.jpeg","contentUrl":"https:\/\/www.manabi.gob.ec\/wp-content\/uploads\/2022\/06\/WhatsApp-Image-2022-06-04-at-4.11.51-PM.jpeg","width":1024,"height":768},{"@type":"BreadcrumbList","@id":"https:\/\/www.manabi.gob.ec\/index.php\/el-chonense-marlon-chito-vera-recibe-condecoracion-al-merito-deportivo-por-la-prefectura-de-manabi\/#breadcrumb","itemListElement":[{"@type":"ListItem","position":1,"name":"Portada","item":"https:\/\/www.manabi.gob.ec\/"},{"@type":"ListItem","position":2,"name":"El chonense Marlon \u00abChito\u00bb Vera recibe Condecoraci\u00f3n al M\u00e9rito Deportivo por la Prefectura de Manab\u00ed"}]},{"@type":"WebSite","@id":"https:\/\/www.manabi.gob.ec\/#website","url":"https:\/\/www.manabi.gob.ec\/","name":"Prefectura de Manab\u00ed","description":"P\u00e1gina web de la prefectura","potentialAction":[{"@type":"SearchAction","target":{"@type":"EntryPoint","urlTemplate":"https:\/\/www.manabi.gob.ec\/?s={search_term_string}"},"query-input":{"@type":"PropertyValueSpecification","valueRequired":true,"valueName":"search_term_string"}}],"inLanguage":"es"},{"@type":"Person","@id":"https:\/\/www.manabi.gob.ec\/#\/schema\/person\/c4f117989332ad723a6ced5994aa7d7a","name":"Lui Ochoa","image":{"@type":"ImageObject","inLanguage":"es","@id":"https:\/\/secure.gravatar.com\/avatar\/6e8017d0fe69dead8a95864d2eb6e1e1d8bf8e01194ba49cf7b897ff038126ba?s=96&d=mm&r=g","url":"https:\/\/secure.gravatar.com\/avatar\/6e8017d0fe69dead8a95864d2eb6e1e1d8bf8e01194ba49cf7b897ff038126ba?s=96&d=mm&r=g","contentUrl":"https:\/\/secure.gravatar.com\/avatar\/6e8017d0fe69dead8a95864d2eb6e1e1d8bf8e01194ba49cf7b897ff038126ba?s=96&d=mm&r=g","caption":"Lui Ochoa"},"url":"https:\/\/www.manabi.gob.ec\/index.php\/author\/lochoa\/"}]}},"jetpack_featured_media_url":"https:\/\/www.manabi.gob.ec\/wp-content\/uploads\/2022\/06\/WhatsApp-Image-2022-06-04-at-4.11.51-PM.jpeg","_links":{"self":[{"href":"https:\/\/www.manabi.gob.ec\/index.php\/wp-json\/wp\/v2\/posts\/20992","targetHints":{"allow":["GET"]}}],"collection":[{"href":"https:\/\/www.manabi.gob.ec\/index.php\/wp-json\/wp\/v2\/posts"}],"about":[{"href":"https:\/\/www.manabi.gob.ec\/index.php\/wp-json\/wp\/v2\/types\/post"}],"author":[{"embeddable":true,"href":"https:\/\/www.manabi.gob.ec\/index.php\/wp-json\/wp\/v2\/users\/10"}],"replies":[{"embeddable":true,"href":"https:\/\/www.manabi.gob.ec\/index.php\/wp-json\/wp\/v2\/comments?post=20992"}],"version-history":[{"count":0,"href":"https:\/\/www.manabi.gob.ec\/index.php\/wp-json\/wp\/v2\/posts\/20992\/revisions"}],"wp:featuredmedia":[{"embeddable":true,"href":"https:\/\/www.manabi.gob.ec\/index.php\/wp-json\/wp\/v2\/media\/20993"}],"wp:attachment":[{"href":"https:\/\/www.manabi.gob.ec\/index.php\/wp-json\/wp\/v2\/media?parent=20992"}],"wp:term":[{"taxonomy":"category","embeddable":true,"href":"https:\/\/www.manabi.gob.ec\/index.php\/wp-json\/wp\/v2\/categories?post=20992"},{"taxonomy":"post_tag","embeddable":true,"href":"https:\/\/www.manabi.gob.ec\/index.php\/wp-json\/wp\/v2\/tags?post=20992"}],"curies":[{"name":"wp","href":"https:\/\/api.w.org\/{rel}","templated":true}]}}