{"id":21009,"date":"2022-06-07T00:08:33","date_gmt":"2022-06-07T00:08:33","guid":{"rendered":"https:\/\/www.manabi.gob.ec\/?p=21009"},"modified":"2022-06-07T00:08:38","modified_gmt":"2022-06-07T00:08:38","slug":"fiesta-en-picoaza-arte-cultura-y-entrega-de-la-rehabilitacion-integral-del-puente-5-de-junio","status":"publish","type":"post","link":"https:\/\/www.manabi.gob.ec\/index.php\/fiesta-en-picoaza-arte-cultura-y-entrega-de-la-rehabilitacion-integral-del-puente-5-de-junio\/","title":{"rendered":"Fiesta en Picoaz\u00e1! Arte, cultura y entrega de la rehabilitaci\u00f3n integral del puente 5 de Junio\u00a0"},"content":{"rendered":"\n<p>Picoaz\u00e1 vive una noche de fiesta, con motivo del acto de entrega e inauguraci\u00f3n del rehabilitaci\u00f3n del puente met\u00e1lico ubicado en el ingreso a esta parroquia urbana del cant\u00f3n Portoviejo.<\/p>\n\n\n\n<p>M\u00e1s de 2.500 personas se han dado cita en la explanada junto al puente, cuya rehabilitaci\u00f3n&nbsp;&nbsp;represent\u00f3 una inversi\u00f3n superior a $176.000, a trav\u00e9s de un convenio entre la Prefectura y el GAD Municipal.<\/p>\n\n\n\n<p>\u00abCelebramos a Portoviejo y a Manab\u00ed con la entrega de esta importante obra, y con un festival art\u00edstico, cultural y de emprendimientos, para reactivar a Picoaz\u00e1 que es un d\u00ednamo del comercio\u00bb, expres\u00f3 el prefecto, Leonardo Orlando, mientras recorr\u00eda el puente.&nbsp;<\/p>\n\n\n\n<p>Los trabajos de mantenimiento integral de este viaducto incluyeron rehabilitaci\u00f3n de las planchas de rodadura, reparaci\u00f3n de las vigas transversales, pintado de la estructura met\u00e1lica, e iluminaci\u00f3n.&nbsp;<\/p>\n\n\n\n<p>El Prefecto bail\u00f3 y disfrut\u00f3 junto a la viceprefecta, Kelly Buenaventura, y tambi\u00e9n recorri\u00f3 los stand de los emprendedores presentes en este Festival que es parte de las actividades organizadas por la Prefectura por el Mes del Manabitismo.<\/p>\n","protected":false},"excerpt":{"rendered":"<p>Picoaz\u00e1 vive una noche de fiesta, con motivo del acto de entrega e inauguraci\u00f3n del rehabilitaci\u00f3n del puente met\u00e1lico ubicado en el ingreso a esta parroquia urbana del cant\u00f3n Portoviejo. M\u00e1s de 2.500 personas se han dado cita en la explanada junto al puente, cuya rehabilitaci\u00f3n&nbsp;&nbsp;represent\u00f3 una inversi\u00f3n superior a $176.000, a trav\u00e9s de un [&hellip;]<\/p>\n","protected":false},"author":10,"featured_media":21010,"comment_status":"closed","ping_status":"closed","sticky":false,"template":"","format":"standard","meta":{"_joinchat":[],"footnotes":""},"categories":[142,92,91],"tags":[],"class_list":["post-21009","post","type-post","status-publish","format-standard","has-post-thumbnail","hentry","category-desarrollo-social","category-noticias-manabi","category-todas"],"yoast_head":"<!-- This site is optimized with the Yoast SEO plugin v27.4 - https:\/\/yoast.com\/product\/yoast-seo-wordpress\/ -->\n<title>Fiesta en Picoaz\u00e1! Arte, cultura y entrega de la rehabilitaci\u00f3n integral del puente 5 de Junio\u00a0 - Prefectura de Manab\u00ed<\/title>\n<meta name=\"robots\" content=\"index, follow, max-snippet:-1, max-image-preview:large, max-video-preview:-1\" \/>\n<link rel=\"canonical\" href=\"https:\/\/www.manabi.gob.ec\/index.php\/fiesta-en-picoaza-arte-cultura-y-entrega-de-la-rehabilitacion-integral-del-puente-5-de-junio\/\" \/>\n<meta property=\"og:locale\" content=\"es_ES\" \/>\n<meta property=\"og:type\" content=\"article\" \/>\n<meta property=\"og:title\" content=\"Fiesta en Picoaz\u00e1! Arte, cultura y entrega de la rehabilitaci\u00f3n integral del puente 5 de Junio\u00a0 - Prefectura de Manab\u00ed\" \/>\n<meta property=\"og:description\" content=\"Picoaz\u00e1 vive una noche de fiesta, con motivo del acto de entrega e inauguraci\u00f3n del rehabilitaci\u00f3n del puente met\u00e1lico ubicado en el ingreso a esta parroquia urbana del cant\u00f3n Portoviejo. M\u00e1s de 2.500 personas se han dado cita en la explanada junto al puente, cuya rehabilitaci\u00f3n&nbsp;&nbsp;represent\u00f3 una inversi\u00f3n superior a $176.000, a trav\u00e9s de un [&hellip;]\" \/>\n<meta property=\"og:url\" content=\"https:\/\/www.manabi.gob.ec\/index.php\/fiesta-en-picoaza-arte-cultura-y-entrega-de-la-rehabilitacion-integral-del-puente-5-de-junio\/\" \/>\n<meta property=\"og:site_name\" content=\"Prefectura de Manab\u00ed\" \/>\n<meta property=\"article:published_time\" content=\"2022-06-07T00:08:33+00:00\" \/>\n<meta property=\"article:modified_time\" content=\"2022-06-07T00:08:38+00:00\" \/>\n<meta property=\"og:image\" content=\"https:\/\/www.manabi.gob.ec\/wp-content\/uploads\/2022\/06\/E544ADAA-09A4-4993-BB19-3B12E31D084E.jpeg\" \/>\n\t<meta property=\"og:image:width\" content=\"1599\" \/>\n\t<meta property=\"og:image:height\" content=\"1066\" \/>\n\t<meta property=\"og:image:type\" content=\"image\/jpeg\" \/>\n<meta name=\"author\" content=\"Lui Ochoa\" \/>\n<meta name=\"twitter:card\" content=\"summary_large_image\" \/>\n<meta name=\"twitter:label1\" content=\"Escrito por\" \/>\n\t<meta name=\"twitter:data1\" content=\"Lui Ochoa\" \/>\n\t<meta name=\"twitter:label2\" content=\"Tiempo de lectura\" \/>\n\t<meta name=\"twitter:data2\" content=\"1 minuto\" \/>\n<script type=\"application\/ld+json\" class=\"yoast-schema-graph\">{\"@context\":\"https:\\\/\\\/schema.org\",\"@graph\":[{\"@type\":\"Article\",\"@id\":\"https:\\\/\\\/www.manabi.gob.ec\\\/index.php\\\/fiesta-en-picoaza-arte-cultura-y-entrega-de-la-rehabilitacion-integral-del-puente-5-de-junio\\\/#article\",\"isPartOf\":{\"@id\":\"https:\\\/\\\/www.manabi.gob.ec\\\/index.php\\\/fiesta-en-picoaza-arte-cultura-y-entrega-de-la-rehabilitacion-integral-del-puente-5-de-junio\\\/\"},\"author\":{\"name\":\"Lui Ochoa\",\"@id\":\"https:\\\/\\\/www.manabi.gob.ec\\\/#\\\/schema\\\/person\\\/c4f117989332ad723a6ced5994aa7d7a\"},\"headline\":\"Fiesta en Picoaz\u00e1! Arte, cultura y entrega de la rehabilitaci\u00f3n integral del puente 5 de Junio\u00a0\",\"datePublished\":\"2022-06-07T00:08:33+00:00\",\"dateModified\":\"2022-06-07T00:08:38+00:00\",\"mainEntityOfPage\":{\"@id\":\"https:\\\/\\\/www.manabi.gob.ec\\\/index.php\\\/fiesta-en-picoaza-arte-cultura-y-entrega-de-la-rehabilitacion-integral-del-puente-5-de-junio\\\/\"},\"wordCount\":204,\"image\":{\"@id\":\"https:\\\/\\\/www.manabi.gob.ec\\\/index.php\\\/fiesta-en-picoaza-arte-cultura-y-entrega-de-la-rehabilitacion-integral-del-puente-5-de-junio\\\/#primaryimage\"},\"thumbnailUrl\":\"https:\\\/\\\/www.manabi.gob.ec\\\/wp-content\\\/uploads\\\/2022\\\/06\\\/E544ADAA-09A4-4993-BB19-3B12E31D084E.jpeg\",\"articleSection\":[\"Desarrollo Social\",\"Noticias\",\"Todas\"],\"inLanguage\":\"es\"},{\"@type\":\"WebPage\",\"@id\":\"https:\\\/\\\/www.manabi.gob.ec\\\/index.php\\\/fiesta-en-picoaza-arte-cultura-y-entrega-de-la-rehabilitacion-integral-del-puente-5-de-junio\\\/\",\"url\":\"https:\\\/\\\/www.manabi.gob.ec\\\/index.php\\\/fiesta-en-picoaza-arte-cultura-y-entrega-de-la-rehabilitacion-integral-del-puente-5-de-junio\\\/\",\"name\":\"Fiesta en Picoaz\u00e1! Arte, cultura y entrega de la rehabilitaci\u00f3n integral del puente 5 de Junio\u00a0 - Prefectura de Manab\u00ed\",\"isPartOf\":{\"@id\":\"https:\\\/\\\/www.manabi.gob.ec\\\/#website\"},\"primaryImageOfPage\":{\"@id\":\"https:\\\/\\\/www.manabi.gob.ec\\\/index.php\\\/fiesta-en-picoaza-arte-cultura-y-entrega-de-la-rehabilitacion-integral-del-puente-5-de-junio\\\/#primaryimage\"},\"image\":{\"@id\":\"https:\\\/\\\/www.manabi.gob.ec\\\/index.php\\\/fiesta-en-picoaza-arte-cultura-y-entrega-de-la-rehabilitacion-integral-del-puente-5-de-junio\\\/#primaryimage\"},\"thumbnailUrl\":\"https:\\\/\\\/www.manabi.gob.ec\\\/wp-content\\\/uploads\\\/2022\\\/06\\\/E544ADAA-09A4-4993-BB19-3B12E31D084E.jpeg\",\"datePublished\":\"2022-06-07T00:08:33+00:00\",\"dateModified\":\"2022-06-07T00:08:38+00:00\",\"author\":{\"@id\":\"https:\\\/\\\/www.manabi.gob.ec\\\/#\\\/schema\\\/person\\\/c4f117989332ad723a6ced5994aa7d7a\"},\"breadcrumb\":{\"@id\":\"https:\\\/\\\/www.manabi.gob.ec\\\/index.php\\\/fiesta-en-picoaza-arte-cultura-y-entrega-de-la-rehabilitacion-integral-del-puente-5-de-junio\\\/#breadcrumb\"},\"inLanguage\":\"es\",\"potentialAction\":[{\"@type\":\"ReadAction\",\"target\":[\"https:\\\/\\\/www.manabi.gob.ec\\\/index.php\\\/fiesta-en-picoaza-arte-cultura-y-entrega-de-la-rehabilitacion-integral-del-puente-5-de-junio\\\/\"]}]},{\"@type\":\"ImageObject\",\"inLanguage\":\"es\",\"@id\":\"https:\\\/\\\/www.manabi.gob.ec\\\/index.php\\\/fiesta-en-picoaza-arte-cultura-y-entrega-de-la-rehabilitacion-integral-del-puente-5-de-junio\\\/#primaryimage\",\"url\":\"https:\\\/\\\/www.manabi.gob.ec\\\/wp-content\\\/uploads\\\/2022\\\/06\\\/E544ADAA-09A4-4993-BB19-3B12E31D084E.jpeg\",\"contentUrl\":\"https:\\\/\\\/www.manabi.gob.ec\\\/wp-content\\\/uploads\\\/2022\\\/06\\\/E544ADAA-09A4-4993-BB19-3B12E31D084E.jpeg\",\"width\":1599,\"height\":1066},{\"@type\":\"BreadcrumbList\",\"@id\":\"https:\\\/\\\/www.manabi.gob.ec\\\/index.php\\\/fiesta-en-picoaza-arte-cultura-y-entrega-de-la-rehabilitacion-integral-del-puente-5-de-junio\\\/#breadcrumb\",\"itemListElement\":[{\"@type\":\"ListItem\",\"position\":1,\"name\":\"Portada\",\"item\":\"https:\\\/\\\/www.manabi.gob.ec\\\/\"},{\"@type\":\"ListItem\",\"position\":2,\"name\":\"Fiesta en Picoaz\u00e1! Arte, cultura y entrega de la rehabilitaci\u00f3n integral del puente 5 de Junio\u00a0\"}]},{\"@type\":\"WebSite\",\"@id\":\"https:\\\/\\\/www.manabi.gob.ec\\\/#website\",\"url\":\"https:\\\/\\\/www.manabi.gob.ec\\\/\",\"name\":\"Prefectura de Manab\u00ed\",\"description\":\"P\u00e1gina web de la prefectura\",\"potentialAction\":[{\"@type\":\"SearchAction\",\"target\":{\"@type\":\"EntryPoint\",\"urlTemplate\":\"https:\\\/\\\/www.manabi.gob.ec\\\/?s={search_term_string}\"},\"query-input\":{\"@type\":\"PropertyValueSpecification\",\"valueRequired\":true,\"valueName\":\"search_term_string\"}}],\"inLanguage\":\"es\"},{\"@type\":\"Person\",\"@id\":\"https:\\\/\\\/www.manabi.gob.ec\\\/#\\\/schema\\\/person\\\/c4f117989332ad723a6ced5994aa7d7a\",\"name\":\"Lui Ochoa\",\"image\":{\"@type\":\"ImageObject\",\"inLanguage\":\"es\",\"@id\":\"https:\\\/\\\/secure.gravatar.com\\\/avatar\\\/6e8017d0fe69dead8a95864d2eb6e1e1d8bf8e01194ba49cf7b897ff038126ba?s=96&d=mm&r=g\",\"url\":\"https:\\\/\\\/secure.gravatar.com\\\/avatar\\\/6e8017d0fe69dead8a95864d2eb6e1e1d8bf8e01194ba49cf7b897ff038126ba?s=96&d=mm&r=g\",\"contentUrl\":\"https:\\\/\\\/secure.gravatar.com\\\/avatar\\\/6e8017d0fe69dead8a95864d2eb6e1e1d8bf8e01194ba49cf7b897ff038126ba?s=96&d=mm&r=g\",\"caption\":\"Lui Ochoa\"},\"url\":\"https:\\\/\\\/www.manabi.gob.ec\\\/index.php\\\/author\\\/lochoa\\\/\"}]}<\/script>\n<!-- \/ Yoast SEO plugin. -->","yoast_head_json":{"title":"Fiesta en Picoaz\u00e1! Arte, cultura y entrega de la rehabilitaci\u00f3n integral del puente 5 de Junio\u00a0 - Prefectura de Manab\u00ed","robots":{"index":"index","follow":"follow","max-snippet":"max-snippet:-1","max-image-preview":"max-image-preview:large","max-video-preview":"max-video-preview:-1"},"canonical":"https:\/\/www.manabi.gob.ec\/index.php\/fiesta-en-picoaza-arte-cultura-y-entrega-de-la-rehabilitacion-integral-del-puente-5-de-junio\/","og_locale":"es_ES","og_type":"article","og_title":"Fiesta en Picoaz\u00e1! Arte, cultura y entrega de la rehabilitaci\u00f3n integral del puente 5 de Junio\u00a0 - Prefectura de Manab\u00ed","og_description":"Picoaz\u00e1 vive una noche de fiesta, con motivo del acto de entrega e inauguraci\u00f3n del rehabilitaci\u00f3n del puente met\u00e1lico ubicado en el ingreso a esta parroquia urbana del cant\u00f3n Portoviejo. M\u00e1s de 2.500 personas se han dado cita en la explanada junto al puente, cuya rehabilitaci\u00f3n&nbsp;&nbsp;represent\u00f3 una inversi\u00f3n superior a $176.000, a trav\u00e9s de un [&hellip;]","og_url":"https:\/\/www.manabi.gob.ec\/index.php\/fiesta-en-picoaza-arte-cultura-y-entrega-de-la-rehabilitacion-integral-del-puente-5-de-junio\/","og_site_name":"Prefectura de Manab\u00ed","article_published_time":"2022-06-07T00:08:33+00:00","article_modified_time":"2022-06-07T00:08:38+00:00","og_image":[{"width":1599,"height":1066,"url":"https:\/\/www.manabi.gob.ec\/wp-content\/uploads\/2022\/06\/E544ADAA-09A4-4993-BB19-3B12E31D084E.jpeg","type":"image\/jpeg"}],"author":"Lui Ochoa","twitter_card":"summary_large_image","twitter_misc":{"Escrito por":"Lui Ochoa","Tiempo de lectura":"1 minuto"},"schema":{"@context":"https:\/\/schema.org","@graph":[{"@type":"Article","@id":"https:\/\/www.manabi.gob.ec\/index.php\/fiesta-en-picoaza-arte-cultura-y-entrega-de-la-rehabilitacion-integral-del-puente-5-de-junio\/#article","isPartOf":{"@id":"https:\/\/www.manabi.gob.ec\/index.php\/fiesta-en-picoaza-arte-cultura-y-entrega-de-la-rehabilitacion-integral-del-puente-5-de-junio\/"},"author":{"name":"Lui Ochoa","@id":"https:\/\/www.manabi.gob.ec\/#\/schema\/person\/c4f117989332ad723a6ced5994aa7d7a"},"headline":"Fiesta en Picoaz\u00e1! Arte, cultura y entrega de la rehabilitaci\u00f3n integral del puente 5 de Junio\u00a0","datePublished":"2022-06-07T00:08:33+00:00","dateModified":"2022-06-07T00:08:38+00:00","mainEntityOfPage":{"@id":"https:\/\/www.manabi.gob.ec\/index.php\/fiesta-en-picoaza-arte-cultura-y-entrega-de-la-rehabilitacion-integral-del-puente-5-de-junio\/"},"wordCount":204,"image":{"@id":"https:\/\/www.manabi.gob.ec\/index.php\/fiesta-en-picoaza-arte-cultura-y-entrega-de-la-rehabilitacion-integral-del-puente-5-de-junio\/#primaryimage"},"thumbnailUrl":"https:\/\/www.manabi.gob.ec\/wp-content\/uploads\/2022\/06\/E544ADAA-09A4-4993-BB19-3B12E31D084E.jpeg","articleSection":["Desarrollo Social","Noticias","Todas"],"inLanguage":"es"},{"@type":"WebPage","@id":"https:\/\/www.manabi.gob.ec\/index.php\/fiesta-en-picoaza-arte-cultura-y-entrega-de-la-rehabilitacion-integral-del-puente-5-de-junio\/","url":"https:\/\/www.manabi.gob.ec\/index.php\/fiesta-en-picoaza-arte-cultura-y-entrega-de-la-rehabilitacion-integral-del-puente-5-de-junio\/","name":"Fiesta en Picoaz\u00e1! Arte, cultura y entrega de la rehabilitaci\u00f3n integral del puente 5 de Junio\u00a0 - Prefectura de Manab\u00ed","isPartOf":{"@id":"https:\/\/www.manabi.gob.ec\/#website"},"primaryImageOfPage":{"@id":"https:\/\/www.manabi.gob.ec\/index.php\/fiesta-en-picoaza-arte-cultura-y-entrega-de-la-rehabilitacion-integral-del-puente-5-de-junio\/#primaryimage"},"image":{"@id":"https:\/\/www.manabi.gob.ec\/index.php\/fiesta-en-picoaza-arte-cultura-y-entrega-de-la-rehabilitacion-integral-del-puente-5-de-junio\/#primaryimage"},"thumbnailUrl":"https:\/\/www.manabi.gob.ec\/wp-content\/uploads\/2022\/06\/E544ADAA-09A4-4993-BB19-3B12E31D084E.jpeg","datePublished":"2022-06-07T00:08:33+00:00","dateModified":"2022-06-07T00:08:38+00:00","author":{"@id":"https:\/\/www.manabi.gob.ec\/#\/schema\/person\/c4f117989332ad723a6ced5994aa7d7a"},"breadcrumb":{"@id":"https:\/\/www.manabi.gob.ec\/index.php\/fiesta-en-picoaza-arte-cultura-y-entrega-de-la-rehabilitacion-integral-del-puente-5-de-junio\/#breadcrumb"},"inLanguage":"es","potentialAction":[{"@type":"ReadAction","target":["https:\/\/www.manabi.gob.ec\/index.php\/fiesta-en-picoaza-arte-cultura-y-entrega-de-la-rehabilitacion-integral-del-puente-5-de-junio\/"]}]},{"@type":"ImageObject","inLanguage":"es","@id":"https:\/\/www.manabi.gob.ec\/index.php\/fiesta-en-picoaza-arte-cultura-y-entrega-de-la-rehabilitacion-integral-del-puente-5-de-junio\/#primaryimage","url":"https:\/\/www.manabi.gob.ec\/wp-content\/uploads\/2022\/06\/E544ADAA-09A4-4993-BB19-3B12E31D084E.jpeg","contentUrl":"https:\/\/www.manabi.gob.ec\/wp-content\/uploads\/2022\/06\/E544ADAA-09A4-4993-BB19-3B12E31D084E.jpeg","width":1599,"height":1066},{"@type":"BreadcrumbList","@id":"https:\/\/www.manabi.gob.ec\/index.php\/fiesta-en-picoaza-arte-cultura-y-entrega-de-la-rehabilitacion-integral-del-puente-5-de-junio\/#breadcrumb","itemListElement":[{"@type":"ListItem","position":1,"name":"Portada","item":"https:\/\/www.manabi.gob.ec\/"},{"@type":"ListItem","position":2,"name":"Fiesta en Picoaz\u00e1! Arte, cultura y entrega de la rehabilitaci\u00f3n integral del puente 5 de Junio\u00a0"}]},{"@type":"WebSite","@id":"https:\/\/www.manabi.gob.ec\/#website","url":"https:\/\/www.manabi.gob.ec\/","name":"Prefectura de Manab\u00ed","description":"P\u00e1gina web de la prefectura","potentialAction":[{"@type":"SearchAction","target":{"@type":"EntryPoint","urlTemplate":"https:\/\/www.manabi.gob.ec\/?s={search_term_string}"},"query-input":{"@type":"PropertyValueSpecification","valueRequired":true,"valueName":"search_term_string"}}],"inLanguage":"es"},{"@type":"Person","@id":"https:\/\/www.manabi.gob.ec\/#\/schema\/person\/c4f117989332ad723a6ced5994aa7d7a","name":"Lui Ochoa","image":{"@type":"ImageObject","inLanguage":"es","@id":"https:\/\/secure.gravatar.com\/avatar\/6e8017d0fe69dead8a95864d2eb6e1e1d8bf8e01194ba49cf7b897ff038126ba?s=96&d=mm&r=g","url":"https:\/\/secure.gravatar.com\/avatar\/6e8017d0fe69dead8a95864d2eb6e1e1d8bf8e01194ba49cf7b897ff038126ba?s=96&d=mm&r=g","contentUrl":"https:\/\/secure.gravatar.com\/avatar\/6e8017d0fe69dead8a95864d2eb6e1e1d8bf8e01194ba49cf7b897ff038126ba?s=96&d=mm&r=g","caption":"Lui Ochoa"},"url":"https:\/\/www.manabi.gob.ec\/index.php\/author\/lochoa\/"}]}},"jetpack_featured_media_url":"https:\/\/www.manabi.gob.ec\/wp-content\/uploads\/2022\/06\/E544ADAA-09A4-4993-BB19-3B12E31D084E.jpeg","_links":{"self":[{"href":"https:\/\/www.manabi.gob.ec\/index.php\/wp-json\/wp\/v2\/posts\/21009","targetHints":{"allow":["GET"]}}],"collection":[{"href":"https:\/\/www.manabi.gob.ec\/index.php\/wp-json\/wp\/v2\/posts"}],"about":[{"href":"https:\/\/www.manabi.gob.ec\/index.php\/wp-json\/wp\/v2\/types\/post"}],"author":[{"embeddable":true,"href":"https:\/\/www.manabi.gob.ec\/index.php\/wp-json\/wp\/v2\/users\/10"}],"replies":[{"embeddable":true,"href":"https:\/\/www.manabi.gob.ec\/index.php\/wp-json\/wp\/v2\/comments?post=21009"}],"version-history":[{"count":0,"href":"https:\/\/www.manabi.gob.ec\/index.php\/wp-json\/wp\/v2\/posts\/21009\/revisions"}],"wp:featuredmedia":[{"embeddable":true,"href":"https:\/\/www.manabi.gob.ec\/index.php\/wp-json\/wp\/v2\/media\/21010"}],"wp:attachment":[{"href":"https:\/\/www.manabi.gob.ec\/index.php\/wp-json\/wp\/v2\/media?parent=21009"}],"wp:term":[{"taxonomy":"category","embeddable":true,"href":"https:\/\/www.manabi.gob.ec\/index.php\/wp-json\/wp\/v2\/categories?post=21009"},{"taxonomy":"post_tag","embeddable":true,"href":"https:\/\/www.manabi.gob.ec\/index.php\/wp-json\/wp\/v2\/tags?post=21009"}],"curies":[{"name":"wp","href":"https:\/\/api.w.org\/{rel}","templated":true}]}}