{"id":21044,"date":"2022-06-07T21:03:19","date_gmt":"2022-06-07T21:03:19","guid":{"rendered":"https:\/\/www.manabi.gob.ec\/?p=21044"},"modified":"2022-06-07T21:03:22","modified_gmt":"2022-06-07T21:03:22","slug":"celebramos-a-eloy-alfaro-de-chone-con-obras-de-conectividad-vial-y-atencion-a-grupos-prioritarios","status":"publish","type":"post","link":"https:\/\/www.manabi.gob.ec\/index.php\/celebramos-a-eloy-alfaro-de-chone-con-obras-de-conectividad-vial-y-atencion-a-grupos-prioritarios\/","title":{"rendered":"Celebramos a Eloy Alfaro de Chone con obras de conectividad vial y atenci\u00f3n a grupos prioritarios"},"content":{"rendered":"\n<p><\/p>\n\n\n\n<p>En esta parroquia que est\u00e1 celebrando 103 a\u00f1os de vida pol\u00edtica, el prefecto, Leonardo Orlando, supervis\u00f3 el inicio de los trabajos para la construcci\u00f3n del puente de hormig\u00f3n armado, con vigas met\u00e1licas, sobre el cauce del r\u00edo Jama.<br>El puente tendr\u00e1 50 metros de longitud y 7.80 de ancho. La ejecuci\u00f3n est\u00e1 a cargo del Consorcio R\u00edo Jama, por un monto de $750.564,19, y un plazo de 150 d\u00edas.<\/p>\n\n\n\n<p>Adem\u00e1s, inaugur\u00f3 el centro integral de fisioterapia para atenci\u00f3n a los grupos prioritarios de este sector y sus alrededores, el cual fue implementado mediante convenio entre la Prefectura y el GAD parroquial, con el prop\u00f3sito de fortalecer la calidad de vida, principalmente de las personas con discapacidad y adultos mayores.<\/p>\n","protected":false},"excerpt":{"rendered":"<p>En esta parroquia que est\u00e1 celebrando 103 a\u00f1os de vida pol\u00edtica, el prefecto, Leonardo Orlando, supervis\u00f3 el inicio de los trabajos para la construcci\u00f3n del puente de hormig\u00f3n armado, con vigas met\u00e1licas, sobre el cauce del r\u00edo Jama.El puente tendr\u00e1 50 metros de longitud y 7.80 de ancho. La ejecuci\u00f3n est\u00e1 a cargo del Consorcio [&hellip;]<\/p>\n","protected":false},"author":10,"featured_media":21045,"comment_status":"closed","ping_status":"closed","sticky":false,"template":"","format":"standard","meta":{"_joinchat":[],"footnotes":""},"categories":[141,142,92,181,193,91],"tags":[],"class_list":["post-21044","post","type-post","status-publish","format-standard","has-post-thumbnail","hentry","category-chone","category-desarrollo-social","category-noticias-manabi","category-obra-publica","category-participacion-ciudadana","category-todas"],"yoast_head":"<!-- This site is optimized with the Yoast SEO plugin v27.4 - https:\/\/yoast.com\/product\/yoast-seo-wordpress\/ -->\n<title>Celebramos a Eloy Alfaro de Chone con obras de conectividad vial y atenci\u00f3n a grupos prioritarios - Prefectura de Manab\u00ed<\/title>\n<meta name=\"description\" content=\"En esta parroquia que est\u00e1 celebrando 103 a\u00f1os de vida pol\u00edtica, el prefecto, Leonardo Orlando, supervis\u00f3 el inicio de los trabajos para la construcci\u00f3n del puente de hormig\u00f3n armado, con vigas met\u00e1licas, sobre el cauce del r\u00edo Jama.El puente tendr\u00e1 50 metros de longitud y 7.80 de ancho. La ejecuci\u00f3n est\u00e1 a cargo del Consorcio R\u00edo Jama, por un monto de $750.564,19, y un plazo de 150 d\u00edas.Adem\u00e1s, inaugur\u00f3 el centro integral de fisioterapia para atenci\u00f3n a los grupos prioritarios de este sector y sus alrededores, el cual fue implementado mediante convenio entre la Prefectura y el GAD parroquial, con el prop\u00f3sito de fortalecer la calidad de vida, principalmente de las personas con discapacidad y adultos mayores.\" \/>\n<meta name=\"robots\" content=\"index, follow, max-snippet:-1, max-image-preview:large, max-video-preview:-1\" \/>\n<link rel=\"canonical\" href=\"https:\/\/www.manabi.gob.ec\/index.php\/celebramos-a-eloy-alfaro-de-chone-con-obras-de-conectividad-vial-y-atencion-a-grupos-prioritarios\/\" \/>\n<meta property=\"og:locale\" content=\"es_ES\" \/>\n<meta property=\"og:type\" content=\"article\" \/>\n<meta property=\"og:title\" content=\"Celebramos a Eloy Alfaro de Chone con obras de conectividad vial y atenci\u00f3n a grupos prioritarios - Prefectura de Manab\u00ed\" \/>\n<meta property=\"og:description\" content=\"En esta parroquia que est\u00e1 celebrando 103 a\u00f1os de vida pol\u00edtica, el prefecto, Leonardo Orlando, supervis\u00f3 el inicio de los trabajos para la construcci\u00f3n del puente de hormig\u00f3n armado, con vigas met\u00e1licas, sobre el cauce del r\u00edo Jama.El puente tendr\u00e1 50 metros de longitud y 7.80 de ancho. La ejecuci\u00f3n est\u00e1 a cargo del Consorcio R\u00edo Jama, por un monto de $750.564,19, y un plazo de 150 d\u00edas.Adem\u00e1s, inaugur\u00f3 el centro integral de fisioterapia para atenci\u00f3n a los grupos prioritarios de este sector y sus alrededores, el cual fue implementado mediante convenio entre la Prefectura y el GAD parroquial, con el prop\u00f3sito de fortalecer la calidad de vida, principalmente de las personas con discapacidad y adultos mayores.\" \/>\n<meta property=\"og:url\" content=\"https:\/\/www.manabi.gob.ec\/index.php\/celebramos-a-eloy-alfaro-de-chone-con-obras-de-conectividad-vial-y-atencion-a-grupos-prioritarios\/\" \/>\n<meta property=\"og:site_name\" content=\"Prefectura de Manab\u00ed\" \/>\n<meta property=\"article:published_time\" content=\"2022-06-07T21:03:19+00:00\" \/>\n<meta property=\"article:modified_time\" content=\"2022-06-07T21:03:22+00:00\" \/>\n<meta property=\"og:image\" content=\"https:\/\/www.manabi.gob.ec\/wp-content\/uploads\/2022\/06\/WhatsApp-Image-2022-06-07-at-1.24.57-PM.jpeg\" \/>\n\t<meta property=\"og:image:width\" content=\"1599\" \/>\n\t<meta property=\"og:image:height\" content=\"1066\" \/>\n\t<meta property=\"og:image:type\" content=\"image\/jpeg\" \/>\n<meta name=\"author\" content=\"Lui Ochoa\" \/>\n<meta name=\"twitter:card\" content=\"summary_large_image\" \/>\n<meta name=\"twitter:label1\" content=\"Escrito por\" \/>\n\t<meta name=\"twitter:data1\" content=\"Lui Ochoa\" \/>\n\t<meta name=\"twitter:label2\" content=\"Tiempo de lectura\" \/>\n\t<meta name=\"twitter:data2\" content=\"1 minuto\" \/>\n<script type=\"application\/ld+json\" class=\"yoast-schema-graph\">{\"@context\":\"https:\\\/\\\/schema.org\",\"@graph\":[{\"@type\":\"Article\",\"@id\":\"https:\\\/\\\/www.manabi.gob.ec\\\/index.php\\\/celebramos-a-eloy-alfaro-de-chone-con-obras-de-conectividad-vial-y-atencion-a-grupos-prioritarios\\\/#article\",\"isPartOf\":{\"@id\":\"https:\\\/\\\/www.manabi.gob.ec\\\/index.php\\\/celebramos-a-eloy-alfaro-de-chone-con-obras-de-conectividad-vial-y-atencion-a-grupos-prioritarios\\\/\"},\"author\":{\"name\":\"Lui Ochoa\",\"@id\":\"https:\\\/\\\/www.manabi.gob.ec\\\/#\\\/schema\\\/person\\\/c4f117989332ad723a6ced5994aa7d7a\"},\"headline\":\"Celebramos a Eloy Alfaro de Chone con obras de conectividad vial y atenci\u00f3n a grupos prioritarios\",\"datePublished\":\"2022-06-07T21:03:19+00:00\",\"dateModified\":\"2022-06-07T21:03:22+00:00\",\"mainEntityOfPage\":{\"@id\":\"https:\\\/\\\/www.manabi.gob.ec\\\/index.php\\\/celebramos-a-eloy-alfaro-de-chone-con-obras-de-conectividad-vial-y-atencion-a-grupos-prioritarios\\\/\"},\"wordCount\":143,\"image\":{\"@id\":\"https:\\\/\\\/www.manabi.gob.ec\\\/index.php\\\/celebramos-a-eloy-alfaro-de-chone-con-obras-de-conectividad-vial-y-atencion-a-grupos-prioritarios\\\/#primaryimage\"},\"thumbnailUrl\":\"https:\\\/\\\/www.manabi.gob.ec\\\/wp-content\\\/uploads\\\/2022\\\/06\\\/WhatsApp-Image-2022-06-07-at-1.24.57-PM.jpeg\",\"articleSection\":[\"Chone\",\"Desarrollo Social\",\"Noticias\",\"Obra P\u00fablica\",\"Participaci\u00f3n ciudadana\",\"Todas\"],\"inLanguage\":\"es\"},{\"@type\":\"WebPage\",\"@id\":\"https:\\\/\\\/www.manabi.gob.ec\\\/index.php\\\/celebramos-a-eloy-alfaro-de-chone-con-obras-de-conectividad-vial-y-atencion-a-grupos-prioritarios\\\/\",\"url\":\"https:\\\/\\\/www.manabi.gob.ec\\\/index.php\\\/celebramos-a-eloy-alfaro-de-chone-con-obras-de-conectividad-vial-y-atencion-a-grupos-prioritarios\\\/\",\"name\":\"Celebramos a Eloy Alfaro de Chone con obras de conectividad vial y atenci\u00f3n a grupos prioritarios - Prefectura de Manab\u00ed\",\"isPartOf\":{\"@id\":\"https:\\\/\\\/www.manabi.gob.ec\\\/#website\"},\"primaryImageOfPage\":{\"@id\":\"https:\\\/\\\/www.manabi.gob.ec\\\/index.php\\\/celebramos-a-eloy-alfaro-de-chone-con-obras-de-conectividad-vial-y-atencion-a-grupos-prioritarios\\\/#primaryimage\"},\"image\":{\"@id\":\"https:\\\/\\\/www.manabi.gob.ec\\\/index.php\\\/celebramos-a-eloy-alfaro-de-chone-con-obras-de-conectividad-vial-y-atencion-a-grupos-prioritarios\\\/#primaryimage\"},\"thumbnailUrl\":\"https:\\\/\\\/www.manabi.gob.ec\\\/wp-content\\\/uploads\\\/2022\\\/06\\\/WhatsApp-Image-2022-06-07-at-1.24.57-PM.jpeg\",\"datePublished\":\"2022-06-07T21:03:19+00:00\",\"dateModified\":\"2022-06-07T21:03:22+00:00\",\"author\":{\"@id\":\"https:\\\/\\\/www.manabi.gob.ec\\\/#\\\/schema\\\/person\\\/c4f117989332ad723a6ced5994aa7d7a\"},\"description\":\"En esta parroquia que est\u00e1 celebrando 103 a\u00f1os de vida pol\u00edtica, el prefecto, Leonardo Orlando, supervis\u00f3 el inicio de los trabajos para la construcci\u00f3n del puente de hormig\u00f3n armado, con vigas met\u00e1licas, sobre el cauce del r\u00edo Jama.El puente tendr\u00e1 50 metros de longitud y 7.80 de ancho. La ejecuci\u00f3n est\u00e1 a cargo del Consorcio R\u00edo Jama, por un monto de $750.564,19, y un plazo de 150 d\u00edas.Adem\u00e1s, inaugur\u00f3 el centro integral de fisioterapia para atenci\u00f3n a los grupos prioritarios de este sector y sus alrededores, el cual fue implementado mediante convenio entre la Prefectura y el GAD parroquial, con el prop\u00f3sito de fortalecer la calidad de vida, principalmente de las personas con discapacidad y adultos mayores.\",\"breadcrumb\":{\"@id\":\"https:\\\/\\\/www.manabi.gob.ec\\\/index.php\\\/celebramos-a-eloy-alfaro-de-chone-con-obras-de-conectividad-vial-y-atencion-a-grupos-prioritarios\\\/#breadcrumb\"},\"inLanguage\":\"es\",\"potentialAction\":[{\"@type\":\"ReadAction\",\"target\":[\"https:\\\/\\\/www.manabi.gob.ec\\\/index.php\\\/celebramos-a-eloy-alfaro-de-chone-con-obras-de-conectividad-vial-y-atencion-a-grupos-prioritarios\\\/\"]}]},{\"@type\":\"ImageObject\",\"inLanguage\":\"es\",\"@id\":\"https:\\\/\\\/www.manabi.gob.ec\\\/index.php\\\/celebramos-a-eloy-alfaro-de-chone-con-obras-de-conectividad-vial-y-atencion-a-grupos-prioritarios\\\/#primaryimage\",\"url\":\"https:\\\/\\\/www.manabi.gob.ec\\\/wp-content\\\/uploads\\\/2022\\\/06\\\/WhatsApp-Image-2022-06-07-at-1.24.57-PM.jpeg\",\"contentUrl\":\"https:\\\/\\\/www.manabi.gob.ec\\\/wp-content\\\/uploads\\\/2022\\\/06\\\/WhatsApp-Image-2022-06-07-at-1.24.57-PM.jpeg\",\"width\":1599,\"height\":1066},{\"@type\":\"BreadcrumbList\",\"@id\":\"https:\\\/\\\/www.manabi.gob.ec\\\/index.php\\\/celebramos-a-eloy-alfaro-de-chone-con-obras-de-conectividad-vial-y-atencion-a-grupos-prioritarios\\\/#breadcrumb\",\"itemListElement\":[{\"@type\":\"ListItem\",\"position\":1,\"name\":\"Portada\",\"item\":\"https:\\\/\\\/www.manabi.gob.ec\\\/\"},{\"@type\":\"ListItem\",\"position\":2,\"name\":\"Celebramos a Eloy Alfaro de Chone con obras de conectividad vial y atenci\u00f3n a grupos prioritarios\"}]},{\"@type\":\"WebSite\",\"@id\":\"https:\\\/\\\/www.manabi.gob.ec\\\/#website\",\"url\":\"https:\\\/\\\/www.manabi.gob.ec\\\/\",\"name\":\"Prefectura de Manab\u00ed\",\"description\":\"P\u00e1gina web de la prefectura\",\"potentialAction\":[{\"@type\":\"SearchAction\",\"target\":{\"@type\":\"EntryPoint\",\"urlTemplate\":\"https:\\\/\\\/www.manabi.gob.ec\\\/?s={search_term_string}\"},\"query-input\":{\"@type\":\"PropertyValueSpecification\",\"valueRequired\":true,\"valueName\":\"search_term_string\"}}],\"inLanguage\":\"es\"},{\"@type\":\"Person\",\"@id\":\"https:\\\/\\\/www.manabi.gob.ec\\\/#\\\/schema\\\/person\\\/c4f117989332ad723a6ced5994aa7d7a\",\"name\":\"Lui Ochoa\",\"image\":{\"@type\":\"ImageObject\",\"inLanguage\":\"es\",\"@id\":\"https:\\\/\\\/secure.gravatar.com\\\/avatar\\\/6e8017d0fe69dead8a95864d2eb6e1e1d8bf8e01194ba49cf7b897ff038126ba?s=96&d=mm&r=g\",\"url\":\"https:\\\/\\\/secure.gravatar.com\\\/avatar\\\/6e8017d0fe69dead8a95864d2eb6e1e1d8bf8e01194ba49cf7b897ff038126ba?s=96&d=mm&r=g\",\"contentUrl\":\"https:\\\/\\\/secure.gravatar.com\\\/avatar\\\/6e8017d0fe69dead8a95864d2eb6e1e1d8bf8e01194ba49cf7b897ff038126ba?s=96&d=mm&r=g\",\"caption\":\"Lui Ochoa\"},\"url\":\"https:\\\/\\\/www.manabi.gob.ec\\\/index.php\\\/author\\\/lochoa\\\/\"}]}<\/script>\n<!-- \/ Yoast SEO plugin. -->","yoast_head_json":{"title":"Celebramos a Eloy Alfaro de Chone con obras de conectividad vial y atenci\u00f3n a grupos prioritarios - Prefectura de Manab\u00ed","description":"En esta parroquia que est\u00e1 celebrando 103 a\u00f1os de vida pol\u00edtica, el prefecto, Leonardo Orlando, supervis\u00f3 el inicio de los trabajos para la construcci\u00f3n del puente de hormig\u00f3n armado, con vigas met\u00e1licas, sobre el cauce del r\u00edo Jama.El puente tendr\u00e1 50 metros de longitud y 7.80 de ancho. La ejecuci\u00f3n est\u00e1 a cargo del Consorcio R\u00edo Jama, por un monto de $750.564,19, y un plazo de 150 d\u00edas.Adem\u00e1s, inaugur\u00f3 el centro integral de fisioterapia para atenci\u00f3n a los grupos prioritarios de este sector y sus alrededores, el cual fue implementado mediante convenio entre la Prefectura y el GAD parroquial, con el prop\u00f3sito de fortalecer la calidad de vida, principalmente de las personas con discapacidad y adultos mayores.","robots":{"index":"index","follow":"follow","max-snippet":"max-snippet:-1","max-image-preview":"max-image-preview:large","max-video-preview":"max-video-preview:-1"},"canonical":"https:\/\/www.manabi.gob.ec\/index.php\/celebramos-a-eloy-alfaro-de-chone-con-obras-de-conectividad-vial-y-atencion-a-grupos-prioritarios\/","og_locale":"es_ES","og_type":"article","og_title":"Celebramos a Eloy Alfaro de Chone con obras de conectividad vial y atenci\u00f3n a grupos prioritarios - Prefectura de Manab\u00ed","og_description":"En esta parroquia que est\u00e1 celebrando 103 a\u00f1os de vida pol\u00edtica, el prefecto, Leonardo Orlando, supervis\u00f3 el inicio de los trabajos para la construcci\u00f3n del puente de hormig\u00f3n armado, con vigas met\u00e1licas, sobre el cauce del r\u00edo Jama.El puente tendr\u00e1 50 metros de longitud y 7.80 de ancho. La ejecuci\u00f3n est\u00e1 a cargo del Consorcio R\u00edo Jama, por un monto de $750.564,19, y un plazo de 150 d\u00edas.Adem\u00e1s, inaugur\u00f3 el centro integral de fisioterapia para atenci\u00f3n a los grupos prioritarios de este sector y sus alrededores, el cual fue implementado mediante convenio entre la Prefectura y el GAD parroquial, con el prop\u00f3sito de fortalecer la calidad de vida, principalmente de las personas con discapacidad y adultos mayores.","og_url":"https:\/\/www.manabi.gob.ec\/index.php\/celebramos-a-eloy-alfaro-de-chone-con-obras-de-conectividad-vial-y-atencion-a-grupos-prioritarios\/","og_site_name":"Prefectura de Manab\u00ed","article_published_time":"2022-06-07T21:03:19+00:00","article_modified_time":"2022-06-07T21:03:22+00:00","og_image":[{"width":1599,"height":1066,"url":"https:\/\/www.manabi.gob.ec\/wp-content\/uploads\/2022\/06\/WhatsApp-Image-2022-06-07-at-1.24.57-PM.jpeg","type":"image\/jpeg"}],"author":"Lui Ochoa","twitter_card":"summary_large_image","twitter_misc":{"Escrito por":"Lui Ochoa","Tiempo de lectura":"1 minuto"},"schema":{"@context":"https:\/\/schema.org","@graph":[{"@type":"Article","@id":"https:\/\/www.manabi.gob.ec\/index.php\/celebramos-a-eloy-alfaro-de-chone-con-obras-de-conectividad-vial-y-atencion-a-grupos-prioritarios\/#article","isPartOf":{"@id":"https:\/\/www.manabi.gob.ec\/index.php\/celebramos-a-eloy-alfaro-de-chone-con-obras-de-conectividad-vial-y-atencion-a-grupos-prioritarios\/"},"author":{"name":"Lui Ochoa","@id":"https:\/\/www.manabi.gob.ec\/#\/schema\/person\/c4f117989332ad723a6ced5994aa7d7a"},"headline":"Celebramos a Eloy Alfaro de Chone con obras de conectividad vial y atenci\u00f3n a grupos prioritarios","datePublished":"2022-06-07T21:03:19+00:00","dateModified":"2022-06-07T21:03:22+00:00","mainEntityOfPage":{"@id":"https:\/\/www.manabi.gob.ec\/index.php\/celebramos-a-eloy-alfaro-de-chone-con-obras-de-conectividad-vial-y-atencion-a-grupos-prioritarios\/"},"wordCount":143,"image":{"@id":"https:\/\/www.manabi.gob.ec\/index.php\/celebramos-a-eloy-alfaro-de-chone-con-obras-de-conectividad-vial-y-atencion-a-grupos-prioritarios\/#primaryimage"},"thumbnailUrl":"https:\/\/www.manabi.gob.ec\/wp-content\/uploads\/2022\/06\/WhatsApp-Image-2022-06-07-at-1.24.57-PM.jpeg","articleSection":["Chone","Desarrollo Social","Noticias","Obra P\u00fablica","Participaci\u00f3n ciudadana","Todas"],"inLanguage":"es"},{"@type":"WebPage","@id":"https:\/\/www.manabi.gob.ec\/index.php\/celebramos-a-eloy-alfaro-de-chone-con-obras-de-conectividad-vial-y-atencion-a-grupos-prioritarios\/","url":"https:\/\/www.manabi.gob.ec\/index.php\/celebramos-a-eloy-alfaro-de-chone-con-obras-de-conectividad-vial-y-atencion-a-grupos-prioritarios\/","name":"Celebramos a Eloy Alfaro de Chone con obras de conectividad vial y atenci\u00f3n a grupos prioritarios - Prefectura de Manab\u00ed","isPartOf":{"@id":"https:\/\/www.manabi.gob.ec\/#website"},"primaryImageOfPage":{"@id":"https:\/\/www.manabi.gob.ec\/index.php\/celebramos-a-eloy-alfaro-de-chone-con-obras-de-conectividad-vial-y-atencion-a-grupos-prioritarios\/#primaryimage"},"image":{"@id":"https:\/\/www.manabi.gob.ec\/index.php\/celebramos-a-eloy-alfaro-de-chone-con-obras-de-conectividad-vial-y-atencion-a-grupos-prioritarios\/#primaryimage"},"thumbnailUrl":"https:\/\/www.manabi.gob.ec\/wp-content\/uploads\/2022\/06\/WhatsApp-Image-2022-06-07-at-1.24.57-PM.jpeg","datePublished":"2022-06-07T21:03:19+00:00","dateModified":"2022-06-07T21:03:22+00:00","author":{"@id":"https:\/\/www.manabi.gob.ec\/#\/schema\/person\/c4f117989332ad723a6ced5994aa7d7a"},"description":"En esta parroquia que est\u00e1 celebrando 103 a\u00f1os de vida pol\u00edtica, el prefecto, Leonardo Orlando, supervis\u00f3 el inicio de los trabajos para la construcci\u00f3n del puente de hormig\u00f3n armado, con vigas met\u00e1licas, sobre el cauce del r\u00edo Jama.El puente tendr\u00e1 50 metros de longitud y 7.80 de ancho. La ejecuci\u00f3n est\u00e1 a cargo del Consorcio R\u00edo Jama, por un monto de $750.564,19, y un plazo de 150 d\u00edas.Adem\u00e1s, inaugur\u00f3 el centro integral de fisioterapia para atenci\u00f3n a los grupos prioritarios de este sector y sus alrededores, el cual fue implementado mediante convenio entre la Prefectura y el GAD parroquial, con el prop\u00f3sito de fortalecer la calidad de vida, principalmente de las personas con discapacidad y adultos mayores.","breadcrumb":{"@id":"https:\/\/www.manabi.gob.ec\/index.php\/celebramos-a-eloy-alfaro-de-chone-con-obras-de-conectividad-vial-y-atencion-a-grupos-prioritarios\/#breadcrumb"},"inLanguage":"es","potentialAction":[{"@type":"ReadAction","target":["https:\/\/www.manabi.gob.ec\/index.php\/celebramos-a-eloy-alfaro-de-chone-con-obras-de-conectividad-vial-y-atencion-a-grupos-prioritarios\/"]}]},{"@type":"ImageObject","inLanguage":"es","@id":"https:\/\/www.manabi.gob.ec\/index.php\/celebramos-a-eloy-alfaro-de-chone-con-obras-de-conectividad-vial-y-atencion-a-grupos-prioritarios\/#primaryimage","url":"https:\/\/www.manabi.gob.ec\/wp-content\/uploads\/2022\/06\/WhatsApp-Image-2022-06-07-at-1.24.57-PM.jpeg","contentUrl":"https:\/\/www.manabi.gob.ec\/wp-content\/uploads\/2022\/06\/WhatsApp-Image-2022-06-07-at-1.24.57-PM.jpeg","width":1599,"height":1066},{"@type":"BreadcrumbList","@id":"https:\/\/www.manabi.gob.ec\/index.php\/celebramos-a-eloy-alfaro-de-chone-con-obras-de-conectividad-vial-y-atencion-a-grupos-prioritarios\/#breadcrumb","itemListElement":[{"@type":"ListItem","position":1,"name":"Portada","item":"https:\/\/www.manabi.gob.ec\/"},{"@type":"ListItem","position":2,"name":"Celebramos a Eloy Alfaro de Chone con obras de conectividad vial y atenci\u00f3n a grupos prioritarios"}]},{"@type":"WebSite","@id":"https:\/\/www.manabi.gob.ec\/#website","url":"https:\/\/www.manabi.gob.ec\/","name":"Prefectura de Manab\u00ed","description":"P\u00e1gina web de la prefectura","potentialAction":[{"@type":"SearchAction","target":{"@type":"EntryPoint","urlTemplate":"https:\/\/www.manabi.gob.ec\/?s={search_term_string}"},"query-input":{"@type":"PropertyValueSpecification","valueRequired":true,"valueName":"search_term_string"}}],"inLanguage":"es"},{"@type":"Person","@id":"https:\/\/www.manabi.gob.ec\/#\/schema\/person\/c4f117989332ad723a6ced5994aa7d7a","name":"Lui Ochoa","image":{"@type":"ImageObject","inLanguage":"es","@id":"https:\/\/secure.gravatar.com\/avatar\/6e8017d0fe69dead8a95864d2eb6e1e1d8bf8e01194ba49cf7b897ff038126ba?s=96&d=mm&r=g","url":"https:\/\/secure.gravatar.com\/avatar\/6e8017d0fe69dead8a95864d2eb6e1e1d8bf8e01194ba49cf7b897ff038126ba?s=96&d=mm&r=g","contentUrl":"https:\/\/secure.gravatar.com\/avatar\/6e8017d0fe69dead8a95864d2eb6e1e1d8bf8e01194ba49cf7b897ff038126ba?s=96&d=mm&r=g","caption":"Lui Ochoa"},"url":"https:\/\/www.manabi.gob.ec\/index.php\/author\/lochoa\/"}]}},"jetpack_featured_media_url":"https:\/\/www.manabi.gob.ec\/wp-content\/uploads\/2022\/06\/WhatsApp-Image-2022-06-07-at-1.24.57-PM.jpeg","_links":{"self":[{"href":"https:\/\/www.manabi.gob.ec\/index.php\/wp-json\/wp\/v2\/posts\/21044","targetHints":{"allow":["GET"]}}],"collection":[{"href":"https:\/\/www.manabi.gob.ec\/index.php\/wp-json\/wp\/v2\/posts"}],"about":[{"href":"https:\/\/www.manabi.gob.ec\/index.php\/wp-json\/wp\/v2\/types\/post"}],"author":[{"embeddable":true,"href":"https:\/\/www.manabi.gob.ec\/index.php\/wp-json\/wp\/v2\/users\/10"}],"replies":[{"embeddable":true,"href":"https:\/\/www.manabi.gob.ec\/index.php\/wp-json\/wp\/v2\/comments?post=21044"}],"version-history":[{"count":0,"href":"https:\/\/www.manabi.gob.ec\/index.php\/wp-json\/wp\/v2\/posts\/21044\/revisions"}],"wp:featuredmedia":[{"embeddable":true,"href":"https:\/\/www.manabi.gob.ec\/index.php\/wp-json\/wp\/v2\/media\/21045"}],"wp:attachment":[{"href":"https:\/\/www.manabi.gob.ec\/index.php\/wp-json\/wp\/v2\/media?parent=21044"}],"wp:term":[{"taxonomy":"category","embeddable":true,"href":"https:\/\/www.manabi.gob.ec\/index.php\/wp-json\/wp\/v2\/categories?post=21044"},{"taxonomy":"post_tag","embeddable":true,"href":"https:\/\/www.manabi.gob.ec\/index.php\/wp-json\/wp\/v2\/tags?post=21044"}],"curies":[{"name":"wp","href":"https:\/\/api.w.org\/{rel}","templated":true}]}}