{"id":21103,"date":"2022-06-13T14:37:17","date_gmt":"2022-06-13T14:37:17","guid":{"rendered":"https:\/\/www.manabi.gob.ec\/?p=21103"},"modified":"2022-06-13T14:37:21","modified_gmt":"2022-06-13T14:37:21","slug":"en-pajan-se-vive-la-fiesta-del-manabitismo","status":"publish","type":"post","link":"https:\/\/www.manabi.gob.ec\/index.php\/en-pajan-se-vive-la-fiesta-del-manabitismo\/","title":{"rendered":"En Paj\u00e1n se vive la fiesta del Manabitismo"},"content":{"rendered":"\n<p>Desde las 16h30 se desarrolla el Festival de arte y cultura Paj\u00e1n M\u00e1gico y Diverso, como parte de las actividades programadas por la Prefectura de Manab\u00ed por el Mes del Manabitismo.<\/p>\n\n\n\n<p>La fiesta arranc\u00f3 con un show infantil que incluye malabares, zanqueros, mimos, y caritas pintadas.<\/p>\n\n\n\n<p>En el parque Jos\u00e9 Mar\u00eda Velasco Ibarra, sede de este festival, tambi\u00e9n est\u00e1n presentes una veintena de emprendedores manabitas, exponiendo y comercializando sus productos y creaciones.<\/p>\n","protected":false},"excerpt":{"rendered":"<p>Desde las 16h30 se desarrolla el Festival de arte y cultura Paj\u00e1n M\u00e1gico y Diverso, como parte de las actividades programadas por la Prefectura de Manab\u00ed por el Mes del Manabitismo.<\/p>\n<p>La fiesta arranc\u00f3 con un show infantil que incluye malabares, zanqueros, mimos, y caritas pintadas.<\/p>\n<p>En el parque Jos\u00e9 Mar\u00eda Velasco Ibarra, sede de este festival, tambi\u00e9n est\u00e1n presentes una veintena de emprendedores manabitas, exponiendo y comercializando sus productos y creaciones.<\/p>\n","protected":false},"author":10,"featured_media":21105,"comment_status":"closed","ping_status":"closed","sticky":false,"template":"","format":"standard","meta":{"_joinchat":[],"footnotes":""},"categories":[142,92,126,91],"tags":[],"class_list":["post-21103","post","type-post","status-publish","format-standard","has-post-thumbnail","hentry","category-desarrollo-social","category-noticias-manabi","category-pajan","category-todas"],"yoast_head":"<!-- This site is optimized with the Yoast SEO plugin v27.4 - https:\/\/yoast.com\/product\/yoast-seo-wordpress\/ -->\n<title>En Paj\u00e1n se vive la fiesta del Manabitismo - Prefectura de Manab\u00ed<\/title>\n<meta name=\"description\" content=\"Desde las 16h30 se desarrolla el Festival de arte y cultura Paj\u00e1n M\u00e1gico y Diverso, como parte de las actividades programadas por la Prefectura de Manab\u00ed por el Mes del Manabitismo.La fiesta arranc\u00f3 con un show infantil que incluye malabares, zanqueros, mimos, y caritas pintadas.En el parque Jos\u00e9 Mar\u00eda Velasco Ibarra, sede de este festival, tambi\u00e9n est\u00e1n presentes una veintena de emprendedores manabitas, exponiendo y comercializando sus productos y creaciones.\" \/>\n<meta name=\"robots\" content=\"index, follow, max-snippet:-1, max-image-preview:large, max-video-preview:-1\" \/>\n<link rel=\"canonical\" href=\"https:\/\/www.manabi.gob.ec\/index.php\/en-pajan-se-vive-la-fiesta-del-manabitismo\/\" \/>\n<meta property=\"og:locale\" content=\"es_ES\" \/>\n<meta property=\"og:type\" content=\"article\" \/>\n<meta property=\"og:title\" content=\"En Paj\u00e1n se vive la fiesta del Manabitismo - Prefectura de Manab\u00ed\" \/>\n<meta property=\"og:description\" content=\"Desde las 16h30 se desarrolla el Festival de arte y cultura Paj\u00e1n M\u00e1gico y Diverso, como parte de las actividades programadas por la Prefectura de Manab\u00ed por el Mes del Manabitismo.La fiesta arranc\u00f3 con un show infantil que incluye malabares, zanqueros, mimos, y caritas pintadas.En el parque Jos\u00e9 Mar\u00eda Velasco Ibarra, sede de este festival, tambi\u00e9n est\u00e1n presentes una veintena de emprendedores manabitas, exponiendo y comercializando sus productos y creaciones.\" \/>\n<meta property=\"og:url\" content=\"https:\/\/www.manabi.gob.ec\/index.php\/en-pajan-se-vive-la-fiesta-del-manabitismo\/\" \/>\n<meta property=\"og:site_name\" content=\"Prefectura de Manab\u00ed\" \/>\n<meta property=\"article:published_time\" content=\"2022-06-13T14:37:17+00:00\" \/>\n<meta property=\"article:modified_time\" content=\"2022-06-13T14:37:21+00:00\" \/>\n<meta property=\"og:image\" content=\"https:\/\/www.manabi.gob.ec\/wp-content\/uploads\/2022\/06\/WhatsApp-Image-2022-06-12-at-5.54.30-PM-1.jpeg\" \/>\n\t<meta property=\"og:image:width\" content=\"1504\" \/>\n\t<meta property=\"og:image:height\" content=\"1004\" \/>\n\t<meta property=\"og:image:type\" content=\"image\/jpeg\" \/>\n<meta name=\"author\" content=\"Lui Ochoa\" \/>\n<meta name=\"twitter:card\" content=\"summary_large_image\" \/>\n<meta name=\"twitter:label1\" content=\"Escrito por\" \/>\n\t<meta name=\"twitter:data1\" content=\"Lui Ochoa\" \/>\n\t<meta name=\"twitter:label2\" content=\"Tiempo de lectura\" \/>\n\t<meta name=\"twitter:data2\" content=\"1 minuto\" \/>\n<script type=\"application\/ld+json\" class=\"yoast-schema-graph\">{\"@context\":\"https:\\\/\\\/schema.org\",\"@graph\":[{\"@type\":\"Article\",\"@id\":\"https:\\\/\\\/www.manabi.gob.ec\\\/index.php\\\/en-pajan-se-vive-la-fiesta-del-manabitismo\\\/#article\",\"isPartOf\":{\"@id\":\"https:\\\/\\\/www.manabi.gob.ec\\\/index.php\\\/en-pajan-se-vive-la-fiesta-del-manabitismo\\\/\"},\"author\":{\"name\":\"Lui Ochoa\",\"@id\":\"https:\\\/\\\/www.manabi.gob.ec\\\/#\\\/schema\\\/person\\\/c4f117989332ad723a6ced5994aa7d7a\"},\"headline\":\"En Paj\u00e1n se vive la fiesta del Manabitismo\",\"datePublished\":\"2022-06-13T14:37:17+00:00\",\"dateModified\":\"2022-06-13T14:37:21+00:00\",\"mainEntityOfPage\":{\"@id\":\"https:\\\/\\\/www.manabi.gob.ec\\\/index.php\\\/en-pajan-se-vive-la-fiesta-del-manabitismo\\\/\"},\"wordCount\":86,\"image\":{\"@id\":\"https:\\\/\\\/www.manabi.gob.ec\\\/index.php\\\/en-pajan-se-vive-la-fiesta-del-manabitismo\\\/#primaryimage\"},\"thumbnailUrl\":\"https:\\\/\\\/www.manabi.gob.ec\\\/wp-content\\\/uploads\\\/2022\\\/06\\\/WhatsApp-Image-2022-06-12-at-5.54.30-PM-1.jpeg\",\"articleSection\":[\"Desarrollo Social\",\"Noticias\",\"Paj\u00e1n\",\"Todas\"],\"inLanguage\":\"es\"},{\"@type\":\"WebPage\",\"@id\":\"https:\\\/\\\/www.manabi.gob.ec\\\/index.php\\\/en-pajan-se-vive-la-fiesta-del-manabitismo\\\/\",\"url\":\"https:\\\/\\\/www.manabi.gob.ec\\\/index.php\\\/en-pajan-se-vive-la-fiesta-del-manabitismo\\\/\",\"name\":\"En Paj\u00e1n se vive la fiesta del Manabitismo - Prefectura de Manab\u00ed\",\"isPartOf\":{\"@id\":\"https:\\\/\\\/www.manabi.gob.ec\\\/#website\"},\"primaryImageOfPage\":{\"@id\":\"https:\\\/\\\/www.manabi.gob.ec\\\/index.php\\\/en-pajan-se-vive-la-fiesta-del-manabitismo\\\/#primaryimage\"},\"image\":{\"@id\":\"https:\\\/\\\/www.manabi.gob.ec\\\/index.php\\\/en-pajan-se-vive-la-fiesta-del-manabitismo\\\/#primaryimage\"},\"thumbnailUrl\":\"https:\\\/\\\/www.manabi.gob.ec\\\/wp-content\\\/uploads\\\/2022\\\/06\\\/WhatsApp-Image-2022-06-12-at-5.54.30-PM-1.jpeg\",\"datePublished\":\"2022-06-13T14:37:17+00:00\",\"dateModified\":\"2022-06-13T14:37:21+00:00\",\"author\":{\"@id\":\"https:\\\/\\\/www.manabi.gob.ec\\\/#\\\/schema\\\/person\\\/c4f117989332ad723a6ced5994aa7d7a\"},\"description\":\"Desde las 16h30 se desarrolla el Festival de arte y cultura Paj\u00e1n M\u00e1gico y Diverso, como parte de las actividades programadas por la Prefectura de Manab\u00ed por el Mes del Manabitismo.La fiesta arranc\u00f3 con un show infantil que incluye malabares, zanqueros, mimos, y caritas pintadas.En el parque Jos\u00e9 Mar\u00eda Velasco Ibarra, sede de este festival, tambi\u00e9n est\u00e1n presentes una veintena de emprendedores manabitas, exponiendo y comercializando sus productos y creaciones.\",\"breadcrumb\":{\"@id\":\"https:\\\/\\\/www.manabi.gob.ec\\\/index.php\\\/en-pajan-se-vive-la-fiesta-del-manabitismo\\\/#breadcrumb\"},\"inLanguage\":\"es\",\"potentialAction\":[{\"@type\":\"ReadAction\",\"target\":[\"https:\\\/\\\/www.manabi.gob.ec\\\/index.php\\\/en-pajan-se-vive-la-fiesta-del-manabitismo\\\/\"]}]},{\"@type\":\"ImageObject\",\"inLanguage\":\"es\",\"@id\":\"https:\\\/\\\/www.manabi.gob.ec\\\/index.php\\\/en-pajan-se-vive-la-fiesta-del-manabitismo\\\/#primaryimage\",\"url\":\"https:\\\/\\\/www.manabi.gob.ec\\\/wp-content\\\/uploads\\\/2022\\\/06\\\/WhatsApp-Image-2022-06-12-at-5.54.30-PM-1.jpeg\",\"contentUrl\":\"https:\\\/\\\/www.manabi.gob.ec\\\/wp-content\\\/uploads\\\/2022\\\/06\\\/WhatsApp-Image-2022-06-12-at-5.54.30-PM-1.jpeg\",\"width\":1504,\"height\":1004},{\"@type\":\"BreadcrumbList\",\"@id\":\"https:\\\/\\\/www.manabi.gob.ec\\\/index.php\\\/en-pajan-se-vive-la-fiesta-del-manabitismo\\\/#breadcrumb\",\"itemListElement\":[{\"@type\":\"ListItem\",\"position\":1,\"name\":\"Portada\",\"item\":\"https:\\\/\\\/www.manabi.gob.ec\\\/\"},{\"@type\":\"ListItem\",\"position\":2,\"name\":\"En Paj\u00e1n se vive la fiesta del Manabitismo\"}]},{\"@type\":\"WebSite\",\"@id\":\"https:\\\/\\\/www.manabi.gob.ec\\\/#website\",\"url\":\"https:\\\/\\\/www.manabi.gob.ec\\\/\",\"name\":\"Prefectura de Manab\u00ed\",\"description\":\"P\u00e1gina web de la prefectura\",\"potentialAction\":[{\"@type\":\"SearchAction\",\"target\":{\"@type\":\"EntryPoint\",\"urlTemplate\":\"https:\\\/\\\/www.manabi.gob.ec\\\/?s={search_term_string}\"},\"query-input\":{\"@type\":\"PropertyValueSpecification\",\"valueRequired\":true,\"valueName\":\"search_term_string\"}}],\"inLanguage\":\"es\"},{\"@type\":\"Person\",\"@id\":\"https:\\\/\\\/www.manabi.gob.ec\\\/#\\\/schema\\\/person\\\/c4f117989332ad723a6ced5994aa7d7a\",\"name\":\"Lui Ochoa\",\"image\":{\"@type\":\"ImageObject\",\"inLanguage\":\"es\",\"@id\":\"https:\\\/\\\/secure.gravatar.com\\\/avatar\\\/6e8017d0fe69dead8a95864d2eb6e1e1d8bf8e01194ba49cf7b897ff038126ba?s=96&d=mm&r=g\",\"url\":\"https:\\\/\\\/secure.gravatar.com\\\/avatar\\\/6e8017d0fe69dead8a95864d2eb6e1e1d8bf8e01194ba49cf7b897ff038126ba?s=96&d=mm&r=g\",\"contentUrl\":\"https:\\\/\\\/secure.gravatar.com\\\/avatar\\\/6e8017d0fe69dead8a95864d2eb6e1e1d8bf8e01194ba49cf7b897ff038126ba?s=96&d=mm&r=g\",\"caption\":\"Lui Ochoa\"},\"url\":\"https:\\\/\\\/www.manabi.gob.ec\\\/index.php\\\/author\\\/lochoa\\\/\"}]}<\/script>\n<!-- \/ Yoast SEO plugin. -->","yoast_head_json":{"title":"En Paj\u00e1n se vive la fiesta del Manabitismo - Prefectura de Manab\u00ed","description":"Desde las 16h30 se desarrolla el Festival de arte y cultura Paj\u00e1n M\u00e1gico y Diverso, como parte de las actividades programadas por la Prefectura de Manab\u00ed por el Mes del Manabitismo.La fiesta arranc\u00f3 con un show infantil que incluye malabares, zanqueros, mimos, y caritas pintadas.En el parque Jos\u00e9 Mar\u00eda Velasco Ibarra, sede de este festival, tambi\u00e9n est\u00e1n presentes una veintena de emprendedores manabitas, exponiendo y comercializando sus productos y creaciones.","robots":{"index":"index","follow":"follow","max-snippet":"max-snippet:-1","max-image-preview":"max-image-preview:large","max-video-preview":"max-video-preview:-1"},"canonical":"https:\/\/www.manabi.gob.ec\/index.php\/en-pajan-se-vive-la-fiesta-del-manabitismo\/","og_locale":"es_ES","og_type":"article","og_title":"En Paj\u00e1n se vive la fiesta del Manabitismo - Prefectura de Manab\u00ed","og_description":"Desde las 16h30 se desarrolla el Festival de arte y cultura Paj\u00e1n M\u00e1gico y Diverso, como parte de las actividades programadas por la Prefectura de Manab\u00ed por el Mes del Manabitismo.La fiesta arranc\u00f3 con un show infantil que incluye malabares, zanqueros, mimos, y caritas pintadas.En el parque Jos\u00e9 Mar\u00eda Velasco Ibarra, sede de este festival, tambi\u00e9n est\u00e1n presentes una veintena de emprendedores manabitas, exponiendo y comercializando sus productos y creaciones.","og_url":"https:\/\/www.manabi.gob.ec\/index.php\/en-pajan-se-vive-la-fiesta-del-manabitismo\/","og_site_name":"Prefectura de Manab\u00ed","article_published_time":"2022-06-13T14:37:17+00:00","article_modified_time":"2022-06-13T14:37:21+00:00","og_image":[{"width":1504,"height":1004,"url":"https:\/\/www.manabi.gob.ec\/wp-content\/uploads\/2022\/06\/WhatsApp-Image-2022-06-12-at-5.54.30-PM-1.jpeg","type":"image\/jpeg"}],"author":"Lui Ochoa","twitter_card":"summary_large_image","twitter_misc":{"Escrito por":"Lui Ochoa","Tiempo de lectura":"1 minuto"},"schema":{"@context":"https:\/\/schema.org","@graph":[{"@type":"Article","@id":"https:\/\/www.manabi.gob.ec\/index.php\/en-pajan-se-vive-la-fiesta-del-manabitismo\/#article","isPartOf":{"@id":"https:\/\/www.manabi.gob.ec\/index.php\/en-pajan-se-vive-la-fiesta-del-manabitismo\/"},"author":{"name":"Lui Ochoa","@id":"https:\/\/www.manabi.gob.ec\/#\/schema\/person\/c4f117989332ad723a6ced5994aa7d7a"},"headline":"En Paj\u00e1n se vive la fiesta del Manabitismo","datePublished":"2022-06-13T14:37:17+00:00","dateModified":"2022-06-13T14:37:21+00:00","mainEntityOfPage":{"@id":"https:\/\/www.manabi.gob.ec\/index.php\/en-pajan-se-vive-la-fiesta-del-manabitismo\/"},"wordCount":86,"image":{"@id":"https:\/\/www.manabi.gob.ec\/index.php\/en-pajan-se-vive-la-fiesta-del-manabitismo\/#primaryimage"},"thumbnailUrl":"https:\/\/www.manabi.gob.ec\/wp-content\/uploads\/2022\/06\/WhatsApp-Image-2022-06-12-at-5.54.30-PM-1.jpeg","articleSection":["Desarrollo Social","Noticias","Paj\u00e1n","Todas"],"inLanguage":"es"},{"@type":"WebPage","@id":"https:\/\/www.manabi.gob.ec\/index.php\/en-pajan-se-vive-la-fiesta-del-manabitismo\/","url":"https:\/\/www.manabi.gob.ec\/index.php\/en-pajan-se-vive-la-fiesta-del-manabitismo\/","name":"En Paj\u00e1n se vive la fiesta del Manabitismo - Prefectura de Manab\u00ed","isPartOf":{"@id":"https:\/\/www.manabi.gob.ec\/#website"},"primaryImageOfPage":{"@id":"https:\/\/www.manabi.gob.ec\/index.php\/en-pajan-se-vive-la-fiesta-del-manabitismo\/#primaryimage"},"image":{"@id":"https:\/\/www.manabi.gob.ec\/index.php\/en-pajan-se-vive-la-fiesta-del-manabitismo\/#primaryimage"},"thumbnailUrl":"https:\/\/www.manabi.gob.ec\/wp-content\/uploads\/2022\/06\/WhatsApp-Image-2022-06-12-at-5.54.30-PM-1.jpeg","datePublished":"2022-06-13T14:37:17+00:00","dateModified":"2022-06-13T14:37:21+00:00","author":{"@id":"https:\/\/www.manabi.gob.ec\/#\/schema\/person\/c4f117989332ad723a6ced5994aa7d7a"},"description":"Desde las 16h30 se desarrolla el Festival de arte y cultura Paj\u00e1n M\u00e1gico y Diverso, como parte de las actividades programadas por la Prefectura de Manab\u00ed por el Mes del Manabitismo.La fiesta arranc\u00f3 con un show infantil que incluye malabares, zanqueros, mimos, y caritas pintadas.En el parque Jos\u00e9 Mar\u00eda Velasco Ibarra, sede de este festival, tambi\u00e9n est\u00e1n presentes una veintena de emprendedores manabitas, exponiendo y comercializando sus productos y creaciones.","breadcrumb":{"@id":"https:\/\/www.manabi.gob.ec\/index.php\/en-pajan-se-vive-la-fiesta-del-manabitismo\/#breadcrumb"},"inLanguage":"es","potentialAction":[{"@type":"ReadAction","target":["https:\/\/www.manabi.gob.ec\/index.php\/en-pajan-se-vive-la-fiesta-del-manabitismo\/"]}]},{"@type":"ImageObject","inLanguage":"es","@id":"https:\/\/www.manabi.gob.ec\/index.php\/en-pajan-se-vive-la-fiesta-del-manabitismo\/#primaryimage","url":"https:\/\/www.manabi.gob.ec\/wp-content\/uploads\/2022\/06\/WhatsApp-Image-2022-06-12-at-5.54.30-PM-1.jpeg","contentUrl":"https:\/\/www.manabi.gob.ec\/wp-content\/uploads\/2022\/06\/WhatsApp-Image-2022-06-12-at-5.54.30-PM-1.jpeg","width":1504,"height":1004},{"@type":"BreadcrumbList","@id":"https:\/\/www.manabi.gob.ec\/index.php\/en-pajan-se-vive-la-fiesta-del-manabitismo\/#breadcrumb","itemListElement":[{"@type":"ListItem","position":1,"name":"Portada","item":"https:\/\/www.manabi.gob.ec\/"},{"@type":"ListItem","position":2,"name":"En Paj\u00e1n se vive la fiesta del Manabitismo"}]},{"@type":"WebSite","@id":"https:\/\/www.manabi.gob.ec\/#website","url":"https:\/\/www.manabi.gob.ec\/","name":"Prefectura de Manab\u00ed","description":"P\u00e1gina web de la prefectura","potentialAction":[{"@type":"SearchAction","target":{"@type":"EntryPoint","urlTemplate":"https:\/\/www.manabi.gob.ec\/?s={search_term_string}"},"query-input":{"@type":"PropertyValueSpecification","valueRequired":true,"valueName":"search_term_string"}}],"inLanguage":"es"},{"@type":"Person","@id":"https:\/\/www.manabi.gob.ec\/#\/schema\/person\/c4f117989332ad723a6ced5994aa7d7a","name":"Lui Ochoa","image":{"@type":"ImageObject","inLanguage":"es","@id":"https:\/\/secure.gravatar.com\/avatar\/6e8017d0fe69dead8a95864d2eb6e1e1d8bf8e01194ba49cf7b897ff038126ba?s=96&d=mm&r=g","url":"https:\/\/secure.gravatar.com\/avatar\/6e8017d0fe69dead8a95864d2eb6e1e1d8bf8e01194ba49cf7b897ff038126ba?s=96&d=mm&r=g","contentUrl":"https:\/\/secure.gravatar.com\/avatar\/6e8017d0fe69dead8a95864d2eb6e1e1d8bf8e01194ba49cf7b897ff038126ba?s=96&d=mm&r=g","caption":"Lui Ochoa"},"url":"https:\/\/www.manabi.gob.ec\/index.php\/author\/lochoa\/"}]}},"jetpack_featured_media_url":"https:\/\/www.manabi.gob.ec\/wp-content\/uploads\/2022\/06\/WhatsApp-Image-2022-06-12-at-5.54.30-PM-1.jpeg","_links":{"self":[{"href":"https:\/\/www.manabi.gob.ec\/index.php\/wp-json\/wp\/v2\/posts\/21103","targetHints":{"allow":["GET"]}}],"collection":[{"href":"https:\/\/www.manabi.gob.ec\/index.php\/wp-json\/wp\/v2\/posts"}],"about":[{"href":"https:\/\/www.manabi.gob.ec\/index.php\/wp-json\/wp\/v2\/types\/post"}],"author":[{"embeddable":true,"href":"https:\/\/www.manabi.gob.ec\/index.php\/wp-json\/wp\/v2\/users\/10"}],"replies":[{"embeddable":true,"href":"https:\/\/www.manabi.gob.ec\/index.php\/wp-json\/wp\/v2\/comments?post=21103"}],"version-history":[{"count":0,"href":"https:\/\/www.manabi.gob.ec\/index.php\/wp-json\/wp\/v2\/posts\/21103\/revisions"}],"wp:featuredmedia":[{"embeddable":true,"href":"https:\/\/www.manabi.gob.ec\/index.php\/wp-json\/wp\/v2\/media\/21105"}],"wp:attachment":[{"href":"https:\/\/www.manabi.gob.ec\/index.php\/wp-json\/wp\/v2\/media?parent=21103"}],"wp:term":[{"taxonomy":"category","embeddable":true,"href":"https:\/\/www.manabi.gob.ec\/index.php\/wp-json\/wp\/v2\/categories?post=21103"},{"taxonomy":"post_tag","embeddable":true,"href":"https:\/\/www.manabi.gob.ec\/index.php\/wp-json\/wp\/v2\/tags?post=21103"}],"curies":[{"name":"wp","href":"https:\/\/api.w.org\/{rel}","templated":true}]}}