{"id":21154,"date":"2022-06-15T17:38:26","date_gmt":"2022-06-15T17:38:26","guid":{"rendered":"https:\/\/www.manabi.gob.ec\/?p=21154"},"modified":"2022-06-15T17:38:30","modified_gmt":"2022-06-15T17:38:30","slug":"santa-ana-tendra-nuevos-puentes-en-las-comunidades-de-bonce","status":"publish","type":"post","link":"https:\/\/www.manabi.gob.ec\/index.php\/santa-ana-tendra-nuevos-puentes-en-las-comunidades-de-bonce\/","title":{"rendered":"Santa Ana tendr\u00e1 nuevos puentes en las comunidades De Bonce"},"content":{"rendered":"\n<p>El prefecto de Manab\u00ed, Leonardo Orlando, realiz\u00f3 un recorrido de supervisi\u00f3n de las obras que se ejecutan en el cant\u00f3n Santa Ana, en los sitios Bonce Afuera y Bonce Adentro, comunidades unidas por el estero Grande. Aqu\u00ed la Prefectura de Manab\u00ed construye dos puentes de hormig\u00f3n armado, con financiamiento del FINGAD III.<\/p>\n\n\n\n<p><br>Jorge Mendoza, presidente de la comunidad Bonce Afuera, manifest\u00f3 que sus sue\u00f1os de tener estas obras eran tan grandes como el estero que los acompa\u00f1a en invierno. \u201cCuando crec\u00eda el estero deb\u00edamos esperar horas para que bajara el agua y poder pasar y llegar a la ciudad\u201d, recalc\u00f3.<\/p>\n\n\n\n<div class=\"wp-block-image\"><figure class=\"alignleft size-medium is-resized\"><img loading=\"lazy\" decoding=\"async\" src=\"https:\/\/www.manabi.gob.ec\/wp-content\/uploads\/2022\/06\/WhatsApp-Image-2022-06-15-at-8.26.01-AM-300x200.jpeg\" alt=\"\" class=\"wp-image-21156\" width=\"387\" height=\"258\" srcset=\"https:\/\/www.manabi.gob.ec\/wp-content\/uploads\/2022\/06\/WhatsApp-Image-2022-06-15-at-8.26.01-AM-300x200.jpeg 300w, https:\/\/www.manabi.gob.ec\/wp-content\/uploads\/2022\/06\/WhatsApp-Image-2022-06-15-at-8.26.01-AM-1024x682.jpeg 1024w, https:\/\/www.manabi.gob.ec\/wp-content\/uploads\/2022\/06\/WhatsApp-Image-2022-06-15-at-8.26.01-AM-768x512.jpeg 768w, https:\/\/www.manabi.gob.ec\/wp-content\/uploads\/2022\/06\/WhatsApp-Image-2022-06-15-at-8.26.01-AM-1536x1023.jpeg 1536w, https:\/\/www.manabi.gob.ec\/wp-content\/uploads\/2022\/06\/WhatsApp-Image-2022-06-15-at-8.26.01-AM.jpeg 1600w\" sizes=\"auto, (max-width: 387px) 100vw, 387px\" \/><\/figure><\/div>\n\n\n\n<p>Sobre el estero Grande, en la abscisa 8+425, se ejecuta un puente carrozable de 10 metros de longitud por 8,20 metros de ancho, con una inversi\u00f3n de $124.877,22 d\u00f3lares.<\/p>\n\n\n\n<p><br>Actualmente se est\u00e1 colocando el hormigonado de los estribos del puente y la obra tiene un 40% de avance.<br>Por su parte el presidente de Bonce Adentro, Adri\u00e1n Moreira, dijo que con la obra se cumple el anhelo de muchos a\u00f1os de los moradores. \u201cLeonardo Orlando lo convirti\u00f3 en realidad. Tengo 39 a\u00f1os y en menos de tres a\u00f1os de el Prefecto ha dispuesto la construcci\u00f3n del puente, que ya est\u00e1 casi a la mitad\u201d, expres\u00f3.<\/p>\n\n\n\n<p><br>En este sector en la abscisa 9+025, se construye un viaducto de hormig\u00f3n armado de 9 metros de longitud por 8,20 metros de ancho, con una inversi\u00f3n de $102.339,79. Esta obra tiene 45 % de avance.<br>\u201cEl 26 de julio inauguraremos el puente de Bonce Adentro, y el 2 de agosto, el de Bonce Afuera, en homenaje a las fiestas patronales y de cantonizaci\u00f3n del cant\u00f3n Santa Ana\u201d, dijo el prefecto de Manab\u00ed, Leonardo Orlando.<\/p>\n\n\n\n<p>POR INICIAR.<br>Asimismo, est\u00e1 por iniciar la construcci\u00f3n del puente en la abscisa 9+500, que ser\u00e1 de 12 metros de longitud por 8,20 metros de ancho, con una inversi\u00f3n de $121.694,21.<br>La inversi\u00f3n en los tres puentes asciende a $348.911,22.<br>Tambi\u00e9n se realiza el mejoramiento de la v\u00eda principal.<\/p>\n","protected":false},"excerpt":{"rendered":"<p>El prefecto de Manab\u00ed, Leonardo Orlando, realiz\u00f3 un recorrido de supervisi\u00f3n de las obras que se ejecutan en el cant\u00f3n Santa Ana, en los sitios Bonce Afuera y Bonce Adentro, comunidades unidas por el estero Grande. Aqu\u00ed la Prefectura de Manab\u00ed construye dos puentes de hormig\u00f3n armado, con financiamiento del FINGAD III. Jorge Mendoza, presidente [&hellip;]<\/p>\n","protected":false},"author":10,"featured_media":21155,"comment_status":"closed","ping_status":"closed","sticky":false,"template":"","format":"standard","meta":{"_joinchat":[],"footnotes":""},"categories":[142,92,181,91,127],"tags":[],"class_list":["post-21154","post","type-post","status-publish","format-standard","has-post-thumbnail","hentry","category-desarrollo-social","category-noticias-manabi","category-obra-publica","category-todas","category-vialidad"],"yoast_head":"<!-- This site is optimized with the Yoast SEO plugin v27.4 - https:\/\/yoast.com\/product\/yoast-seo-wordpress\/ -->\n<title>Santa Ana tendr\u00e1 nuevos puentes en las comunidades De Bonce - Prefectura de Manab\u00ed<\/title>\n<meta name=\"robots\" content=\"index, follow, max-snippet:-1, max-image-preview:large, max-video-preview:-1\" \/>\n<link rel=\"canonical\" href=\"https:\/\/www.manabi.gob.ec\/index.php\/santa-ana-tendra-nuevos-puentes-en-las-comunidades-de-bonce\/\" \/>\n<meta property=\"og:locale\" content=\"es_ES\" \/>\n<meta property=\"og:type\" content=\"article\" \/>\n<meta property=\"og:title\" content=\"Santa Ana tendr\u00e1 nuevos puentes en las comunidades De Bonce - Prefectura de Manab\u00ed\" \/>\n<meta property=\"og:description\" content=\"El prefecto de Manab\u00ed, Leonardo Orlando, realiz\u00f3 un recorrido de supervisi\u00f3n de las obras que se ejecutan en el cant\u00f3n Santa Ana, en los sitios Bonce Afuera y Bonce Adentro, comunidades unidas por el estero Grande. Aqu\u00ed la Prefectura de Manab\u00ed construye dos puentes de hormig\u00f3n armado, con financiamiento del FINGAD III. Jorge Mendoza, presidente [&hellip;]\" \/>\n<meta property=\"og:url\" content=\"https:\/\/www.manabi.gob.ec\/index.php\/santa-ana-tendra-nuevos-puentes-en-las-comunidades-de-bonce\/\" \/>\n<meta property=\"og:site_name\" content=\"Prefectura de Manab\u00ed\" \/>\n<meta property=\"article:published_time\" content=\"2022-06-15T17:38:26+00:00\" \/>\n<meta property=\"article:modified_time\" content=\"2022-06-15T17:38:30+00:00\" \/>\n<meta property=\"og:image\" content=\"https:\/\/www.manabi.gob.ec\/wp-content\/uploads\/2022\/06\/WhatsApp-Image-2022-06-15-at-8.25.59-AM.jpeg\" \/>\n\t<meta property=\"og:image:width\" content=\"1600\" \/>\n\t<meta property=\"og:image:height\" content=\"1066\" \/>\n\t<meta property=\"og:image:type\" content=\"image\/jpeg\" \/>\n<meta name=\"author\" content=\"Lui Ochoa\" \/>\n<meta name=\"twitter:card\" content=\"summary_large_image\" \/>\n<meta name=\"twitter:label1\" content=\"Escrito por\" \/>\n\t<meta name=\"twitter:data1\" content=\"Lui Ochoa\" \/>\n\t<meta name=\"twitter:label2\" content=\"Tiempo de lectura\" \/>\n\t<meta name=\"twitter:data2\" content=\"2 minutos\" \/>\n<script type=\"application\/ld+json\" class=\"yoast-schema-graph\">{\"@context\":\"https:\\\/\\\/schema.org\",\"@graph\":[{\"@type\":\"Article\",\"@id\":\"https:\\\/\\\/www.manabi.gob.ec\\\/index.php\\\/santa-ana-tendra-nuevos-puentes-en-las-comunidades-de-bonce\\\/#article\",\"isPartOf\":{\"@id\":\"https:\\\/\\\/www.manabi.gob.ec\\\/index.php\\\/santa-ana-tendra-nuevos-puentes-en-las-comunidades-de-bonce\\\/\"},\"author\":{\"name\":\"Lui Ochoa\",\"@id\":\"https:\\\/\\\/www.manabi.gob.ec\\\/#\\\/schema\\\/person\\\/c4f117989332ad723a6ced5994aa7d7a\"},\"headline\":\"Santa Ana tendr\u00e1 nuevos puentes en las comunidades De Bonce\",\"datePublished\":\"2022-06-15T17:38:26+00:00\",\"dateModified\":\"2022-06-15T17:38:30+00:00\",\"mainEntityOfPage\":{\"@id\":\"https:\\\/\\\/www.manabi.gob.ec\\\/index.php\\\/santa-ana-tendra-nuevos-puentes-en-las-comunidades-de-bonce\\\/\"},\"wordCount\":343,\"image\":{\"@id\":\"https:\\\/\\\/www.manabi.gob.ec\\\/index.php\\\/santa-ana-tendra-nuevos-puentes-en-las-comunidades-de-bonce\\\/#primaryimage\"},\"thumbnailUrl\":\"https:\\\/\\\/www.manabi.gob.ec\\\/wp-content\\\/uploads\\\/2022\\\/06\\\/WhatsApp-Image-2022-06-15-at-8.25.59-AM.jpeg\",\"articleSection\":[\"Desarrollo Social\",\"Noticias\",\"Obra P\u00fablica\",\"Todas\",\"Vialidad\"],\"inLanguage\":\"es\"},{\"@type\":\"WebPage\",\"@id\":\"https:\\\/\\\/www.manabi.gob.ec\\\/index.php\\\/santa-ana-tendra-nuevos-puentes-en-las-comunidades-de-bonce\\\/\",\"url\":\"https:\\\/\\\/www.manabi.gob.ec\\\/index.php\\\/santa-ana-tendra-nuevos-puentes-en-las-comunidades-de-bonce\\\/\",\"name\":\"Santa Ana tendr\u00e1 nuevos puentes en las comunidades De Bonce - Prefectura de Manab\u00ed\",\"isPartOf\":{\"@id\":\"https:\\\/\\\/www.manabi.gob.ec\\\/#website\"},\"primaryImageOfPage\":{\"@id\":\"https:\\\/\\\/www.manabi.gob.ec\\\/index.php\\\/santa-ana-tendra-nuevos-puentes-en-las-comunidades-de-bonce\\\/#primaryimage\"},\"image\":{\"@id\":\"https:\\\/\\\/www.manabi.gob.ec\\\/index.php\\\/santa-ana-tendra-nuevos-puentes-en-las-comunidades-de-bonce\\\/#primaryimage\"},\"thumbnailUrl\":\"https:\\\/\\\/www.manabi.gob.ec\\\/wp-content\\\/uploads\\\/2022\\\/06\\\/WhatsApp-Image-2022-06-15-at-8.25.59-AM.jpeg\",\"datePublished\":\"2022-06-15T17:38:26+00:00\",\"dateModified\":\"2022-06-15T17:38:30+00:00\",\"author\":{\"@id\":\"https:\\\/\\\/www.manabi.gob.ec\\\/#\\\/schema\\\/person\\\/c4f117989332ad723a6ced5994aa7d7a\"},\"breadcrumb\":{\"@id\":\"https:\\\/\\\/www.manabi.gob.ec\\\/index.php\\\/santa-ana-tendra-nuevos-puentes-en-las-comunidades-de-bonce\\\/#breadcrumb\"},\"inLanguage\":\"es\",\"potentialAction\":[{\"@type\":\"ReadAction\",\"target\":[\"https:\\\/\\\/www.manabi.gob.ec\\\/index.php\\\/santa-ana-tendra-nuevos-puentes-en-las-comunidades-de-bonce\\\/\"]}]},{\"@type\":\"ImageObject\",\"inLanguage\":\"es\",\"@id\":\"https:\\\/\\\/www.manabi.gob.ec\\\/index.php\\\/santa-ana-tendra-nuevos-puentes-en-las-comunidades-de-bonce\\\/#primaryimage\",\"url\":\"https:\\\/\\\/www.manabi.gob.ec\\\/wp-content\\\/uploads\\\/2022\\\/06\\\/WhatsApp-Image-2022-06-15-at-8.25.59-AM.jpeg\",\"contentUrl\":\"https:\\\/\\\/www.manabi.gob.ec\\\/wp-content\\\/uploads\\\/2022\\\/06\\\/WhatsApp-Image-2022-06-15-at-8.25.59-AM.jpeg\",\"width\":1600,\"height\":1066},{\"@type\":\"BreadcrumbList\",\"@id\":\"https:\\\/\\\/www.manabi.gob.ec\\\/index.php\\\/santa-ana-tendra-nuevos-puentes-en-las-comunidades-de-bonce\\\/#breadcrumb\",\"itemListElement\":[{\"@type\":\"ListItem\",\"position\":1,\"name\":\"Portada\",\"item\":\"https:\\\/\\\/www.manabi.gob.ec\\\/\"},{\"@type\":\"ListItem\",\"position\":2,\"name\":\"Santa Ana tendr\u00e1 nuevos puentes en las comunidades De Bonce\"}]},{\"@type\":\"WebSite\",\"@id\":\"https:\\\/\\\/www.manabi.gob.ec\\\/#website\",\"url\":\"https:\\\/\\\/www.manabi.gob.ec\\\/\",\"name\":\"Prefectura de Manab\u00ed\",\"description\":\"P\u00e1gina web de la prefectura\",\"potentialAction\":[{\"@type\":\"SearchAction\",\"target\":{\"@type\":\"EntryPoint\",\"urlTemplate\":\"https:\\\/\\\/www.manabi.gob.ec\\\/?s={search_term_string}\"},\"query-input\":{\"@type\":\"PropertyValueSpecification\",\"valueRequired\":true,\"valueName\":\"search_term_string\"}}],\"inLanguage\":\"es\"},{\"@type\":\"Person\",\"@id\":\"https:\\\/\\\/www.manabi.gob.ec\\\/#\\\/schema\\\/person\\\/c4f117989332ad723a6ced5994aa7d7a\",\"name\":\"Lui Ochoa\",\"image\":{\"@type\":\"ImageObject\",\"inLanguage\":\"es\",\"@id\":\"https:\\\/\\\/secure.gravatar.com\\\/avatar\\\/6e8017d0fe69dead8a95864d2eb6e1e1d8bf8e01194ba49cf7b897ff038126ba?s=96&d=mm&r=g\",\"url\":\"https:\\\/\\\/secure.gravatar.com\\\/avatar\\\/6e8017d0fe69dead8a95864d2eb6e1e1d8bf8e01194ba49cf7b897ff038126ba?s=96&d=mm&r=g\",\"contentUrl\":\"https:\\\/\\\/secure.gravatar.com\\\/avatar\\\/6e8017d0fe69dead8a95864d2eb6e1e1d8bf8e01194ba49cf7b897ff038126ba?s=96&d=mm&r=g\",\"caption\":\"Lui Ochoa\"},\"url\":\"https:\\\/\\\/www.manabi.gob.ec\\\/index.php\\\/author\\\/lochoa\\\/\"}]}<\/script>\n<!-- \/ Yoast SEO plugin. -->","yoast_head_json":{"title":"Santa Ana tendr\u00e1 nuevos puentes en las comunidades De Bonce - Prefectura de Manab\u00ed","robots":{"index":"index","follow":"follow","max-snippet":"max-snippet:-1","max-image-preview":"max-image-preview:large","max-video-preview":"max-video-preview:-1"},"canonical":"https:\/\/www.manabi.gob.ec\/index.php\/santa-ana-tendra-nuevos-puentes-en-las-comunidades-de-bonce\/","og_locale":"es_ES","og_type":"article","og_title":"Santa Ana tendr\u00e1 nuevos puentes en las comunidades De Bonce - Prefectura de Manab\u00ed","og_description":"El prefecto de Manab\u00ed, Leonardo Orlando, realiz\u00f3 un recorrido de supervisi\u00f3n de las obras que se ejecutan en el cant\u00f3n Santa Ana, en los sitios Bonce Afuera y Bonce Adentro, comunidades unidas por el estero Grande. Aqu\u00ed la Prefectura de Manab\u00ed construye dos puentes de hormig\u00f3n armado, con financiamiento del FINGAD III. Jorge Mendoza, presidente [&hellip;]","og_url":"https:\/\/www.manabi.gob.ec\/index.php\/santa-ana-tendra-nuevos-puentes-en-las-comunidades-de-bonce\/","og_site_name":"Prefectura de Manab\u00ed","article_published_time":"2022-06-15T17:38:26+00:00","article_modified_time":"2022-06-15T17:38:30+00:00","og_image":[{"width":1600,"height":1066,"url":"https:\/\/www.manabi.gob.ec\/wp-content\/uploads\/2022\/06\/WhatsApp-Image-2022-06-15-at-8.25.59-AM.jpeg","type":"image\/jpeg"}],"author":"Lui Ochoa","twitter_card":"summary_large_image","twitter_misc":{"Escrito por":"Lui Ochoa","Tiempo de lectura":"2 minutos"},"schema":{"@context":"https:\/\/schema.org","@graph":[{"@type":"Article","@id":"https:\/\/www.manabi.gob.ec\/index.php\/santa-ana-tendra-nuevos-puentes-en-las-comunidades-de-bonce\/#article","isPartOf":{"@id":"https:\/\/www.manabi.gob.ec\/index.php\/santa-ana-tendra-nuevos-puentes-en-las-comunidades-de-bonce\/"},"author":{"name":"Lui Ochoa","@id":"https:\/\/www.manabi.gob.ec\/#\/schema\/person\/c4f117989332ad723a6ced5994aa7d7a"},"headline":"Santa Ana tendr\u00e1 nuevos puentes en las comunidades De Bonce","datePublished":"2022-06-15T17:38:26+00:00","dateModified":"2022-06-15T17:38:30+00:00","mainEntityOfPage":{"@id":"https:\/\/www.manabi.gob.ec\/index.php\/santa-ana-tendra-nuevos-puentes-en-las-comunidades-de-bonce\/"},"wordCount":343,"image":{"@id":"https:\/\/www.manabi.gob.ec\/index.php\/santa-ana-tendra-nuevos-puentes-en-las-comunidades-de-bonce\/#primaryimage"},"thumbnailUrl":"https:\/\/www.manabi.gob.ec\/wp-content\/uploads\/2022\/06\/WhatsApp-Image-2022-06-15-at-8.25.59-AM.jpeg","articleSection":["Desarrollo Social","Noticias","Obra P\u00fablica","Todas","Vialidad"],"inLanguage":"es"},{"@type":"WebPage","@id":"https:\/\/www.manabi.gob.ec\/index.php\/santa-ana-tendra-nuevos-puentes-en-las-comunidades-de-bonce\/","url":"https:\/\/www.manabi.gob.ec\/index.php\/santa-ana-tendra-nuevos-puentes-en-las-comunidades-de-bonce\/","name":"Santa Ana tendr\u00e1 nuevos puentes en las comunidades De Bonce - Prefectura de Manab\u00ed","isPartOf":{"@id":"https:\/\/www.manabi.gob.ec\/#website"},"primaryImageOfPage":{"@id":"https:\/\/www.manabi.gob.ec\/index.php\/santa-ana-tendra-nuevos-puentes-en-las-comunidades-de-bonce\/#primaryimage"},"image":{"@id":"https:\/\/www.manabi.gob.ec\/index.php\/santa-ana-tendra-nuevos-puentes-en-las-comunidades-de-bonce\/#primaryimage"},"thumbnailUrl":"https:\/\/www.manabi.gob.ec\/wp-content\/uploads\/2022\/06\/WhatsApp-Image-2022-06-15-at-8.25.59-AM.jpeg","datePublished":"2022-06-15T17:38:26+00:00","dateModified":"2022-06-15T17:38:30+00:00","author":{"@id":"https:\/\/www.manabi.gob.ec\/#\/schema\/person\/c4f117989332ad723a6ced5994aa7d7a"},"breadcrumb":{"@id":"https:\/\/www.manabi.gob.ec\/index.php\/santa-ana-tendra-nuevos-puentes-en-las-comunidades-de-bonce\/#breadcrumb"},"inLanguage":"es","potentialAction":[{"@type":"ReadAction","target":["https:\/\/www.manabi.gob.ec\/index.php\/santa-ana-tendra-nuevos-puentes-en-las-comunidades-de-bonce\/"]}]},{"@type":"ImageObject","inLanguage":"es","@id":"https:\/\/www.manabi.gob.ec\/index.php\/santa-ana-tendra-nuevos-puentes-en-las-comunidades-de-bonce\/#primaryimage","url":"https:\/\/www.manabi.gob.ec\/wp-content\/uploads\/2022\/06\/WhatsApp-Image-2022-06-15-at-8.25.59-AM.jpeg","contentUrl":"https:\/\/www.manabi.gob.ec\/wp-content\/uploads\/2022\/06\/WhatsApp-Image-2022-06-15-at-8.25.59-AM.jpeg","width":1600,"height":1066},{"@type":"BreadcrumbList","@id":"https:\/\/www.manabi.gob.ec\/index.php\/santa-ana-tendra-nuevos-puentes-en-las-comunidades-de-bonce\/#breadcrumb","itemListElement":[{"@type":"ListItem","position":1,"name":"Portada","item":"https:\/\/www.manabi.gob.ec\/"},{"@type":"ListItem","position":2,"name":"Santa Ana tendr\u00e1 nuevos puentes en las comunidades De Bonce"}]},{"@type":"WebSite","@id":"https:\/\/www.manabi.gob.ec\/#website","url":"https:\/\/www.manabi.gob.ec\/","name":"Prefectura de Manab\u00ed","description":"P\u00e1gina web de la prefectura","potentialAction":[{"@type":"SearchAction","target":{"@type":"EntryPoint","urlTemplate":"https:\/\/www.manabi.gob.ec\/?s={search_term_string}"},"query-input":{"@type":"PropertyValueSpecification","valueRequired":true,"valueName":"search_term_string"}}],"inLanguage":"es"},{"@type":"Person","@id":"https:\/\/www.manabi.gob.ec\/#\/schema\/person\/c4f117989332ad723a6ced5994aa7d7a","name":"Lui Ochoa","image":{"@type":"ImageObject","inLanguage":"es","@id":"https:\/\/secure.gravatar.com\/avatar\/6e8017d0fe69dead8a95864d2eb6e1e1d8bf8e01194ba49cf7b897ff038126ba?s=96&d=mm&r=g","url":"https:\/\/secure.gravatar.com\/avatar\/6e8017d0fe69dead8a95864d2eb6e1e1d8bf8e01194ba49cf7b897ff038126ba?s=96&d=mm&r=g","contentUrl":"https:\/\/secure.gravatar.com\/avatar\/6e8017d0fe69dead8a95864d2eb6e1e1d8bf8e01194ba49cf7b897ff038126ba?s=96&d=mm&r=g","caption":"Lui Ochoa"},"url":"https:\/\/www.manabi.gob.ec\/index.php\/author\/lochoa\/"}]}},"jetpack_featured_media_url":"https:\/\/www.manabi.gob.ec\/wp-content\/uploads\/2022\/06\/WhatsApp-Image-2022-06-15-at-8.25.59-AM.jpeg","_links":{"self":[{"href":"https:\/\/www.manabi.gob.ec\/index.php\/wp-json\/wp\/v2\/posts\/21154","targetHints":{"allow":["GET"]}}],"collection":[{"href":"https:\/\/www.manabi.gob.ec\/index.php\/wp-json\/wp\/v2\/posts"}],"about":[{"href":"https:\/\/www.manabi.gob.ec\/index.php\/wp-json\/wp\/v2\/types\/post"}],"author":[{"embeddable":true,"href":"https:\/\/www.manabi.gob.ec\/index.php\/wp-json\/wp\/v2\/users\/10"}],"replies":[{"embeddable":true,"href":"https:\/\/www.manabi.gob.ec\/index.php\/wp-json\/wp\/v2\/comments?post=21154"}],"version-history":[{"count":0,"href":"https:\/\/www.manabi.gob.ec\/index.php\/wp-json\/wp\/v2\/posts\/21154\/revisions"}],"wp:featuredmedia":[{"embeddable":true,"href":"https:\/\/www.manabi.gob.ec\/index.php\/wp-json\/wp\/v2\/media\/21155"}],"wp:attachment":[{"href":"https:\/\/www.manabi.gob.ec\/index.php\/wp-json\/wp\/v2\/media?parent=21154"}],"wp:term":[{"taxonomy":"category","embeddable":true,"href":"https:\/\/www.manabi.gob.ec\/index.php\/wp-json\/wp\/v2\/categories?post=21154"},{"taxonomy":"post_tag","embeddable":true,"href":"https:\/\/www.manabi.gob.ec\/index.php\/wp-json\/wp\/v2\/tags?post=21154"}],"curies":[{"name":"wp","href":"https:\/\/api.w.org\/{rel}","templated":true}]}}