{"id":21203,"date":"2022-06-21T21:20:09","date_gmt":"2022-06-21T21:20:09","guid":{"rendered":"https:\/\/www.manabi.gob.ec\/?p=21203"},"modified":"2022-06-21T21:20:12","modified_gmt":"2022-06-21T21:20:12","slug":"solsticio-de-verano-en-coaque","status":"publish","type":"post","link":"https:\/\/www.manabi.gob.ec\/index.php\/solsticio-de-verano-en-coaque\/","title":{"rendered":"\u00a1 Solsticio de verano en Coaque !\u00a0\u00a0"},"content":{"rendered":"\n<p>En Playita de Coaque de Pedernales, se cumpli\u00f3 la ceremonia ancestral Solsticio de verano, fiesta de agradecimiento a la Madre Tierra.\u00a0<\/p>\n\n\n\n<p>En el acto se le rindi\u00f3 tributo al astro sol, con los cuatro elementos: aire, agua, fuego y tierra, obra que fue realizada en la arena por el artista Ricardo Alc\u00edvar y habitantes de la comunidad.&nbsp;<\/p>\n\n\n\n<p>El prefecto, Leonardo Orlando y la viceprefecta, Kelly Buenaventura, participaron de la ceremonia, evento que fue organizado por el Colectivo Alma. Se cont\u00f3 con la participaci\u00f3n de miembros de la nacionalidad Chachi.&nbsp;<\/p>\n\n\n\n<p>\u201cEn el valor de apreciar la sencillez de las peque\u00f1as cosas, tenemos la fortaleza y la base para grandes proyectos y sue\u00f1os colectivos\u201d, expres\u00f3 el perfecto, Leonardo Orlando.&nbsp;<\/p>\n\n\n\n<p>\u201cLas obras de arte est\u00e1n en nuestra gente, en ese contacto arm\u00f3nico con nuestra Pachamama\u00bb, acot\u00f3 Orlando.<\/p>\n\n\n\n<p>En este lugar, Marisela Sabando present\u00f3 su propuesta Latitud Food, ruta gastron\u00f3mica que impulsa los platos t\u00edpicos de las comunidades Coaque (jaiba), La Cohorrera (langosta y langostino), Ca\u00f1averal de Cojom\u00edes (encocado), Puerto Tiza ( chame), y Eloy Alfaro (cangrejo azul).<\/p>\n","protected":false},"excerpt":{"rendered":"<p>En Playita de Coaque de Pedernales, se cumpli\u00f3 la ceremonia ancestral Solsticio de verano, fiesta de agradecimiento a la Madre Tierra.\u00a0 En el acto se le rindi\u00f3 tributo al astro sol, con los cuatro elementos: aire, agua, fuego y tierra, obra que fue realizada en la arena por el artista Ricardo Alc\u00edvar y habitantes de [&hellip;]<\/p>\n","protected":false},"author":10,"featured_media":21204,"comment_status":"closed","ping_status":"closed","sticky":false,"template":"","format":"standard","meta":{"_joinchat":[],"footnotes":""},"categories":[142,92,137,91,81],"tags":[],"class_list":["post-21203","post","type-post","status-publish","format-standard","has-post-thumbnail","hentry","category-desarrollo-social","category-noticias-manabi","category-pedernales","category-todas","category-turismo"],"yoast_head":"<!-- This site is optimized with the Yoast SEO plugin v27.4 - https:\/\/yoast.com\/product\/yoast-seo-wordpress\/ -->\n<title>\u00a1 Solsticio de verano en Coaque !\u00a0\u00a0 - Prefectura de Manab\u00ed<\/title>\n<meta name=\"description\" content=\"En Plqyita de Coaque de Pedernales, se cumpli\u00f3 la ceremonia ancestral Solsticio de verano, fiesta de agradecimiento a la Madre Tierra. En el acto se le rindi\u00f3 tributo al astro sol, con los cuatro elementos: aire, agua, fuego y tierra, obra que fue realizada en la arena por el artista Ricardo Alc\u00edvar y habitantes de la comunidad. El prefecto, Leonardo Orlando y la viceprefecta, Kelly Buenaventura, participaron de la ceremonia, evento que fue organizado por el Colectivo Alma. Se cont\u00f3 con la participaci\u00f3n de miembros de la nacionalidad Chachi. \u201cEn el valor de apreciar la sencillez de las peque\u00f1as cosas, tenemos la fortaleza y la base para grandes proyectos y sue\u00f1os colectivos\u201d, expres\u00f3 el perfecto, Leonardo Orlando. \u201cLas obras de arte est\u00e1n en nuestra gente, en ese contacto arm\u00f3nico con nuestra Pachamama&quot;, acot\u00f3 Orlando.En este lugar, Marisela Sabando present\u00f3 su propuesta Latitud Food, ruta gastron\u00f3mica que impulsa los platos t\u00edpicos de las comunidades Coaque (jaiba), La Cohorrera (langosta y langostino), Ca\u00f1averal de Cojom\u00edes (encocado), Puerto Tiza ( chame), y Eloy Alfaro (cangrejo azul).\" \/>\n<meta name=\"robots\" content=\"index, follow, max-snippet:-1, max-image-preview:large, max-video-preview:-1\" \/>\n<link rel=\"canonical\" href=\"https:\/\/www.manabi.gob.ec\/index.php\/solsticio-de-verano-en-coaque\/\" \/>\n<meta property=\"og:locale\" content=\"es_ES\" \/>\n<meta property=\"og:type\" content=\"article\" \/>\n<meta property=\"og:title\" content=\"\u00a1 Solsticio de verano en Coaque !\u00a0\u00a0 - Prefectura de Manab\u00ed\" \/>\n<meta property=\"og:description\" content=\"En Plqyita de Coaque de Pedernales, se cumpli\u00f3 la ceremonia ancestral Solsticio de verano, fiesta de agradecimiento a la Madre Tierra. En el acto se le rindi\u00f3 tributo al astro sol, con los cuatro elementos: aire, agua, fuego y tierra, obra que fue realizada en la arena por el artista Ricardo Alc\u00edvar y habitantes de la comunidad. El prefecto, Leonardo Orlando y la viceprefecta, Kelly Buenaventura, participaron de la ceremonia, evento que fue organizado por el Colectivo Alma. Se cont\u00f3 con la participaci\u00f3n de miembros de la nacionalidad Chachi. \u201cEn el valor de apreciar la sencillez de las peque\u00f1as cosas, tenemos la fortaleza y la base para grandes proyectos y sue\u00f1os colectivos\u201d, expres\u00f3 el perfecto, Leonardo Orlando. \u201cLas obras de arte est\u00e1n en nuestra gente, en ese contacto arm\u00f3nico con nuestra Pachamama&quot;, acot\u00f3 Orlando.En este lugar, Marisela Sabando present\u00f3 su propuesta Latitud Food, ruta gastron\u00f3mica que impulsa los platos t\u00edpicos de las comunidades Coaque (jaiba), La Cohorrera (langosta y langostino), Ca\u00f1averal de Cojom\u00edes (encocado), Puerto Tiza ( chame), y Eloy Alfaro (cangrejo azul).\" \/>\n<meta property=\"og:url\" content=\"https:\/\/www.manabi.gob.ec\/index.php\/solsticio-de-verano-en-coaque\/\" \/>\n<meta property=\"og:site_name\" content=\"Prefectura de Manab\u00ed\" \/>\n<meta property=\"article:published_time\" content=\"2022-06-21T21:20:09+00:00\" \/>\n<meta property=\"article:modified_time\" content=\"2022-06-21T21:20:12+00:00\" \/>\n<meta property=\"og:image\" content=\"https:\/\/www.manabi.gob.ec\/wp-content\/uploads\/2022\/06\/DD4F925C-04C5-4061-8FB4-24016D225B0D.jpeg\" \/>\n\t<meta property=\"og:image:width\" content=\"1280\" \/>\n\t<meta property=\"og:image:height\" content=\"853\" \/>\n\t<meta property=\"og:image:type\" content=\"image\/jpeg\" \/>\n<meta name=\"author\" content=\"Lui Ochoa\" \/>\n<meta name=\"twitter:card\" content=\"summary_large_image\" \/>\n<meta name=\"twitter:label1\" content=\"Escrito por\" \/>\n\t<meta name=\"twitter:data1\" content=\"Lui Ochoa\" \/>\n\t<meta name=\"twitter:label2\" content=\"Tiempo de lectura\" \/>\n\t<meta name=\"twitter:data2\" content=\"1 minuto\" \/>\n<script type=\"application\/ld+json\" class=\"yoast-schema-graph\">{\"@context\":\"https:\\\/\\\/schema.org\",\"@graph\":[{\"@type\":\"Article\",\"@id\":\"https:\\\/\\\/www.manabi.gob.ec\\\/index.php\\\/solsticio-de-verano-en-coaque\\\/#article\",\"isPartOf\":{\"@id\":\"https:\\\/\\\/www.manabi.gob.ec\\\/index.php\\\/solsticio-de-verano-en-coaque\\\/\"},\"author\":{\"name\":\"Lui Ochoa\",\"@id\":\"https:\\\/\\\/www.manabi.gob.ec\\\/#\\\/schema\\\/person\\\/c4f117989332ad723a6ced5994aa7d7a\"},\"headline\":\"\u00a1 Solsticio de verano en Coaque !\u00a0\u00a0\",\"datePublished\":\"2022-06-21T21:20:09+00:00\",\"dateModified\":\"2022-06-21T21:20:12+00:00\",\"mainEntityOfPage\":{\"@id\":\"https:\\\/\\\/www.manabi.gob.ec\\\/index.php\\\/solsticio-de-verano-en-coaque\\\/\"},\"wordCount\":191,\"image\":{\"@id\":\"https:\\\/\\\/www.manabi.gob.ec\\\/index.php\\\/solsticio-de-verano-en-coaque\\\/#primaryimage\"},\"thumbnailUrl\":\"https:\\\/\\\/www.manabi.gob.ec\\\/wp-content\\\/uploads\\\/2022\\\/06\\\/DD4F925C-04C5-4061-8FB4-24016D225B0D.jpeg\",\"articleSection\":[\"Desarrollo Social\",\"Noticias\",\"Pedernales\",\"Todas\",\"Turismo\"],\"inLanguage\":\"es\"},{\"@type\":\"WebPage\",\"@id\":\"https:\\\/\\\/www.manabi.gob.ec\\\/index.php\\\/solsticio-de-verano-en-coaque\\\/\",\"url\":\"https:\\\/\\\/www.manabi.gob.ec\\\/index.php\\\/solsticio-de-verano-en-coaque\\\/\",\"name\":\"\u00a1 Solsticio de verano en Coaque !\u00a0\u00a0 - Prefectura de Manab\u00ed\",\"isPartOf\":{\"@id\":\"https:\\\/\\\/www.manabi.gob.ec\\\/#website\"},\"primaryImageOfPage\":{\"@id\":\"https:\\\/\\\/www.manabi.gob.ec\\\/index.php\\\/solsticio-de-verano-en-coaque\\\/#primaryimage\"},\"image\":{\"@id\":\"https:\\\/\\\/www.manabi.gob.ec\\\/index.php\\\/solsticio-de-verano-en-coaque\\\/#primaryimage\"},\"thumbnailUrl\":\"https:\\\/\\\/www.manabi.gob.ec\\\/wp-content\\\/uploads\\\/2022\\\/06\\\/DD4F925C-04C5-4061-8FB4-24016D225B0D.jpeg\",\"datePublished\":\"2022-06-21T21:20:09+00:00\",\"dateModified\":\"2022-06-21T21:20:12+00:00\",\"author\":{\"@id\":\"https:\\\/\\\/www.manabi.gob.ec\\\/#\\\/schema\\\/person\\\/c4f117989332ad723a6ced5994aa7d7a\"},\"description\":\"En Plqyita de Coaque de Pedernales, se cumpli\u00f3 la ceremonia ancestral Solsticio de verano, fiesta de agradecimiento a la Madre Tierra. En el acto se le rindi\u00f3 tributo al astro sol, con los cuatro elementos: aire, agua, fuego y tierra, obra que fue realizada en la arena por el artista Ricardo Alc\u00edvar y habitantes de la comunidad. El prefecto, Leonardo Orlando y la viceprefecta, Kelly Buenaventura, participaron de la ceremonia, evento que fue organizado por el Colectivo Alma. Se cont\u00f3 con la participaci\u00f3n de miembros de la nacionalidad Chachi. \u201cEn el valor de apreciar la sencillez de las peque\u00f1as cosas, tenemos la fortaleza y la base para grandes proyectos y sue\u00f1os colectivos\u201d, expres\u00f3 el perfecto, Leonardo Orlando. \u201cLas obras de arte est\u00e1n en nuestra gente, en ese contacto arm\u00f3nico con nuestra Pachamama\\\", acot\u00f3 Orlando.En este lugar, Marisela Sabando present\u00f3 su propuesta Latitud Food, ruta gastron\u00f3mica que impulsa los platos t\u00edpicos de las comunidades Coaque (jaiba), La Cohorrera (langosta y langostino), Ca\u00f1averal de Cojom\u00edes (encocado), Puerto Tiza ( chame), y Eloy Alfaro (cangrejo azul).\",\"breadcrumb\":{\"@id\":\"https:\\\/\\\/www.manabi.gob.ec\\\/index.php\\\/solsticio-de-verano-en-coaque\\\/#breadcrumb\"},\"inLanguage\":\"es\",\"potentialAction\":[{\"@type\":\"ReadAction\",\"target\":[\"https:\\\/\\\/www.manabi.gob.ec\\\/index.php\\\/solsticio-de-verano-en-coaque\\\/\"]}]},{\"@type\":\"ImageObject\",\"inLanguage\":\"es\",\"@id\":\"https:\\\/\\\/www.manabi.gob.ec\\\/index.php\\\/solsticio-de-verano-en-coaque\\\/#primaryimage\",\"url\":\"https:\\\/\\\/www.manabi.gob.ec\\\/wp-content\\\/uploads\\\/2022\\\/06\\\/DD4F925C-04C5-4061-8FB4-24016D225B0D.jpeg\",\"contentUrl\":\"https:\\\/\\\/www.manabi.gob.ec\\\/wp-content\\\/uploads\\\/2022\\\/06\\\/DD4F925C-04C5-4061-8FB4-24016D225B0D.jpeg\",\"width\":1280,\"height\":853},{\"@type\":\"BreadcrumbList\",\"@id\":\"https:\\\/\\\/www.manabi.gob.ec\\\/index.php\\\/solsticio-de-verano-en-coaque\\\/#breadcrumb\",\"itemListElement\":[{\"@type\":\"ListItem\",\"position\":1,\"name\":\"Portada\",\"item\":\"https:\\\/\\\/www.manabi.gob.ec\\\/\"},{\"@type\":\"ListItem\",\"position\":2,\"name\":\"\u00a1 Solsticio de verano en Coaque !\u00a0\u00a0\"}]},{\"@type\":\"WebSite\",\"@id\":\"https:\\\/\\\/www.manabi.gob.ec\\\/#website\",\"url\":\"https:\\\/\\\/www.manabi.gob.ec\\\/\",\"name\":\"Prefectura de Manab\u00ed\",\"description\":\"P\u00e1gina web de la prefectura\",\"potentialAction\":[{\"@type\":\"SearchAction\",\"target\":{\"@type\":\"EntryPoint\",\"urlTemplate\":\"https:\\\/\\\/www.manabi.gob.ec\\\/?s={search_term_string}\"},\"query-input\":{\"@type\":\"PropertyValueSpecification\",\"valueRequired\":true,\"valueName\":\"search_term_string\"}}],\"inLanguage\":\"es\"},{\"@type\":\"Person\",\"@id\":\"https:\\\/\\\/www.manabi.gob.ec\\\/#\\\/schema\\\/person\\\/c4f117989332ad723a6ced5994aa7d7a\",\"name\":\"Lui Ochoa\",\"image\":{\"@type\":\"ImageObject\",\"inLanguage\":\"es\",\"@id\":\"https:\\\/\\\/secure.gravatar.com\\\/avatar\\\/6e8017d0fe69dead8a95864d2eb6e1e1d8bf8e01194ba49cf7b897ff038126ba?s=96&d=mm&r=g\",\"url\":\"https:\\\/\\\/secure.gravatar.com\\\/avatar\\\/6e8017d0fe69dead8a95864d2eb6e1e1d8bf8e01194ba49cf7b897ff038126ba?s=96&d=mm&r=g\",\"contentUrl\":\"https:\\\/\\\/secure.gravatar.com\\\/avatar\\\/6e8017d0fe69dead8a95864d2eb6e1e1d8bf8e01194ba49cf7b897ff038126ba?s=96&d=mm&r=g\",\"caption\":\"Lui Ochoa\"},\"url\":\"https:\\\/\\\/www.manabi.gob.ec\\\/index.php\\\/author\\\/lochoa\\\/\"}]}<\/script>\n<!-- \/ Yoast SEO plugin. -->","yoast_head_json":{"title":"\u00a1 Solsticio de verano en Coaque !\u00a0\u00a0 - Prefectura de Manab\u00ed","description":"En Plqyita de Coaque de Pedernales, se cumpli\u00f3 la ceremonia ancestral Solsticio de verano, fiesta de agradecimiento a la Madre Tierra. En el acto se le rindi\u00f3 tributo al astro sol, con los cuatro elementos: aire, agua, fuego y tierra, obra que fue realizada en la arena por el artista Ricardo Alc\u00edvar y habitantes de la comunidad. El prefecto, Leonardo Orlando y la viceprefecta, Kelly Buenaventura, participaron de la ceremonia, evento que fue organizado por el Colectivo Alma. Se cont\u00f3 con la participaci\u00f3n de miembros de la nacionalidad Chachi. \u201cEn el valor de apreciar la sencillez de las peque\u00f1as cosas, tenemos la fortaleza y la base para grandes proyectos y sue\u00f1os colectivos\u201d, expres\u00f3 el perfecto, Leonardo Orlando. \u201cLas obras de arte est\u00e1n en nuestra gente, en ese contacto arm\u00f3nico con nuestra Pachamama\", acot\u00f3 Orlando.En este lugar, Marisela Sabando present\u00f3 su propuesta Latitud Food, ruta gastron\u00f3mica que impulsa los platos t\u00edpicos de las comunidades Coaque (jaiba), La Cohorrera (langosta y langostino), Ca\u00f1averal de Cojom\u00edes (encocado), Puerto Tiza ( chame), y Eloy Alfaro (cangrejo azul).","robots":{"index":"index","follow":"follow","max-snippet":"max-snippet:-1","max-image-preview":"max-image-preview:large","max-video-preview":"max-video-preview:-1"},"canonical":"https:\/\/www.manabi.gob.ec\/index.php\/solsticio-de-verano-en-coaque\/","og_locale":"es_ES","og_type":"article","og_title":"\u00a1 Solsticio de verano en Coaque !\u00a0\u00a0 - Prefectura de Manab\u00ed","og_description":"En Plqyita de Coaque de Pedernales, se cumpli\u00f3 la ceremonia ancestral Solsticio de verano, fiesta de agradecimiento a la Madre Tierra. En el acto se le rindi\u00f3 tributo al astro sol, con los cuatro elementos: aire, agua, fuego y tierra, obra que fue realizada en la arena por el artista Ricardo Alc\u00edvar y habitantes de la comunidad. El prefecto, Leonardo Orlando y la viceprefecta, Kelly Buenaventura, participaron de la ceremonia, evento que fue organizado por el Colectivo Alma. Se cont\u00f3 con la participaci\u00f3n de miembros de la nacionalidad Chachi. \u201cEn el valor de apreciar la sencillez de las peque\u00f1as cosas, tenemos la fortaleza y la base para grandes proyectos y sue\u00f1os colectivos\u201d, expres\u00f3 el perfecto, Leonardo Orlando. \u201cLas obras de arte est\u00e1n en nuestra gente, en ese contacto arm\u00f3nico con nuestra Pachamama\", acot\u00f3 Orlando.En este lugar, Marisela Sabando present\u00f3 su propuesta Latitud Food, ruta gastron\u00f3mica que impulsa los platos t\u00edpicos de las comunidades Coaque (jaiba), La Cohorrera (langosta y langostino), Ca\u00f1averal de Cojom\u00edes (encocado), Puerto Tiza ( chame), y Eloy Alfaro (cangrejo azul).","og_url":"https:\/\/www.manabi.gob.ec\/index.php\/solsticio-de-verano-en-coaque\/","og_site_name":"Prefectura de Manab\u00ed","article_published_time":"2022-06-21T21:20:09+00:00","article_modified_time":"2022-06-21T21:20:12+00:00","og_image":[{"width":1280,"height":853,"url":"https:\/\/www.manabi.gob.ec\/wp-content\/uploads\/2022\/06\/DD4F925C-04C5-4061-8FB4-24016D225B0D.jpeg","type":"image\/jpeg"}],"author":"Lui Ochoa","twitter_card":"summary_large_image","twitter_misc":{"Escrito por":"Lui Ochoa","Tiempo de lectura":"1 minuto"},"schema":{"@context":"https:\/\/schema.org","@graph":[{"@type":"Article","@id":"https:\/\/www.manabi.gob.ec\/index.php\/solsticio-de-verano-en-coaque\/#article","isPartOf":{"@id":"https:\/\/www.manabi.gob.ec\/index.php\/solsticio-de-verano-en-coaque\/"},"author":{"name":"Lui Ochoa","@id":"https:\/\/www.manabi.gob.ec\/#\/schema\/person\/c4f117989332ad723a6ced5994aa7d7a"},"headline":"\u00a1 Solsticio de verano en Coaque !\u00a0\u00a0","datePublished":"2022-06-21T21:20:09+00:00","dateModified":"2022-06-21T21:20:12+00:00","mainEntityOfPage":{"@id":"https:\/\/www.manabi.gob.ec\/index.php\/solsticio-de-verano-en-coaque\/"},"wordCount":191,"image":{"@id":"https:\/\/www.manabi.gob.ec\/index.php\/solsticio-de-verano-en-coaque\/#primaryimage"},"thumbnailUrl":"https:\/\/www.manabi.gob.ec\/wp-content\/uploads\/2022\/06\/DD4F925C-04C5-4061-8FB4-24016D225B0D.jpeg","articleSection":["Desarrollo Social","Noticias","Pedernales","Todas","Turismo"],"inLanguage":"es"},{"@type":"WebPage","@id":"https:\/\/www.manabi.gob.ec\/index.php\/solsticio-de-verano-en-coaque\/","url":"https:\/\/www.manabi.gob.ec\/index.php\/solsticio-de-verano-en-coaque\/","name":"\u00a1 Solsticio de verano en Coaque !\u00a0\u00a0 - Prefectura de Manab\u00ed","isPartOf":{"@id":"https:\/\/www.manabi.gob.ec\/#website"},"primaryImageOfPage":{"@id":"https:\/\/www.manabi.gob.ec\/index.php\/solsticio-de-verano-en-coaque\/#primaryimage"},"image":{"@id":"https:\/\/www.manabi.gob.ec\/index.php\/solsticio-de-verano-en-coaque\/#primaryimage"},"thumbnailUrl":"https:\/\/www.manabi.gob.ec\/wp-content\/uploads\/2022\/06\/DD4F925C-04C5-4061-8FB4-24016D225B0D.jpeg","datePublished":"2022-06-21T21:20:09+00:00","dateModified":"2022-06-21T21:20:12+00:00","author":{"@id":"https:\/\/www.manabi.gob.ec\/#\/schema\/person\/c4f117989332ad723a6ced5994aa7d7a"},"description":"En Plqyita de Coaque de Pedernales, se cumpli\u00f3 la ceremonia ancestral Solsticio de verano, fiesta de agradecimiento a la Madre Tierra. En el acto se le rindi\u00f3 tributo al astro sol, con los cuatro elementos: aire, agua, fuego y tierra, obra que fue realizada en la arena por el artista Ricardo Alc\u00edvar y habitantes de la comunidad. El prefecto, Leonardo Orlando y la viceprefecta, Kelly Buenaventura, participaron de la ceremonia, evento que fue organizado por el Colectivo Alma. Se cont\u00f3 con la participaci\u00f3n de miembros de la nacionalidad Chachi. \u201cEn el valor de apreciar la sencillez de las peque\u00f1as cosas, tenemos la fortaleza y la base para grandes proyectos y sue\u00f1os colectivos\u201d, expres\u00f3 el perfecto, Leonardo Orlando. \u201cLas obras de arte est\u00e1n en nuestra gente, en ese contacto arm\u00f3nico con nuestra Pachamama\", acot\u00f3 Orlando.En este lugar, Marisela Sabando present\u00f3 su propuesta Latitud Food, ruta gastron\u00f3mica que impulsa los platos t\u00edpicos de las comunidades Coaque (jaiba), La Cohorrera (langosta y langostino), Ca\u00f1averal de Cojom\u00edes (encocado), Puerto Tiza ( chame), y Eloy Alfaro (cangrejo azul).","breadcrumb":{"@id":"https:\/\/www.manabi.gob.ec\/index.php\/solsticio-de-verano-en-coaque\/#breadcrumb"},"inLanguage":"es","potentialAction":[{"@type":"ReadAction","target":["https:\/\/www.manabi.gob.ec\/index.php\/solsticio-de-verano-en-coaque\/"]}]},{"@type":"ImageObject","inLanguage":"es","@id":"https:\/\/www.manabi.gob.ec\/index.php\/solsticio-de-verano-en-coaque\/#primaryimage","url":"https:\/\/www.manabi.gob.ec\/wp-content\/uploads\/2022\/06\/DD4F925C-04C5-4061-8FB4-24016D225B0D.jpeg","contentUrl":"https:\/\/www.manabi.gob.ec\/wp-content\/uploads\/2022\/06\/DD4F925C-04C5-4061-8FB4-24016D225B0D.jpeg","width":1280,"height":853},{"@type":"BreadcrumbList","@id":"https:\/\/www.manabi.gob.ec\/index.php\/solsticio-de-verano-en-coaque\/#breadcrumb","itemListElement":[{"@type":"ListItem","position":1,"name":"Portada","item":"https:\/\/www.manabi.gob.ec\/"},{"@type":"ListItem","position":2,"name":"\u00a1 Solsticio de verano en Coaque !\u00a0\u00a0"}]},{"@type":"WebSite","@id":"https:\/\/www.manabi.gob.ec\/#website","url":"https:\/\/www.manabi.gob.ec\/","name":"Prefectura de Manab\u00ed","description":"P\u00e1gina web de la prefectura","potentialAction":[{"@type":"SearchAction","target":{"@type":"EntryPoint","urlTemplate":"https:\/\/www.manabi.gob.ec\/?s={search_term_string}"},"query-input":{"@type":"PropertyValueSpecification","valueRequired":true,"valueName":"search_term_string"}}],"inLanguage":"es"},{"@type":"Person","@id":"https:\/\/www.manabi.gob.ec\/#\/schema\/person\/c4f117989332ad723a6ced5994aa7d7a","name":"Lui Ochoa","image":{"@type":"ImageObject","inLanguage":"es","@id":"https:\/\/secure.gravatar.com\/avatar\/6e8017d0fe69dead8a95864d2eb6e1e1d8bf8e01194ba49cf7b897ff038126ba?s=96&d=mm&r=g","url":"https:\/\/secure.gravatar.com\/avatar\/6e8017d0fe69dead8a95864d2eb6e1e1d8bf8e01194ba49cf7b897ff038126ba?s=96&d=mm&r=g","contentUrl":"https:\/\/secure.gravatar.com\/avatar\/6e8017d0fe69dead8a95864d2eb6e1e1d8bf8e01194ba49cf7b897ff038126ba?s=96&d=mm&r=g","caption":"Lui Ochoa"},"url":"https:\/\/www.manabi.gob.ec\/index.php\/author\/lochoa\/"}]}},"jetpack_featured_media_url":"https:\/\/www.manabi.gob.ec\/wp-content\/uploads\/2022\/06\/DD4F925C-04C5-4061-8FB4-24016D225B0D.jpeg","_links":{"self":[{"href":"https:\/\/www.manabi.gob.ec\/index.php\/wp-json\/wp\/v2\/posts\/21203","targetHints":{"allow":["GET"]}}],"collection":[{"href":"https:\/\/www.manabi.gob.ec\/index.php\/wp-json\/wp\/v2\/posts"}],"about":[{"href":"https:\/\/www.manabi.gob.ec\/index.php\/wp-json\/wp\/v2\/types\/post"}],"author":[{"embeddable":true,"href":"https:\/\/www.manabi.gob.ec\/index.php\/wp-json\/wp\/v2\/users\/10"}],"replies":[{"embeddable":true,"href":"https:\/\/www.manabi.gob.ec\/index.php\/wp-json\/wp\/v2\/comments?post=21203"}],"version-history":[{"count":0,"href":"https:\/\/www.manabi.gob.ec\/index.php\/wp-json\/wp\/v2\/posts\/21203\/revisions"}],"wp:featuredmedia":[{"embeddable":true,"href":"https:\/\/www.manabi.gob.ec\/index.php\/wp-json\/wp\/v2\/media\/21204"}],"wp:attachment":[{"href":"https:\/\/www.manabi.gob.ec\/index.php\/wp-json\/wp\/v2\/media?parent=21203"}],"wp:term":[{"taxonomy":"category","embeddable":true,"href":"https:\/\/www.manabi.gob.ec\/index.php\/wp-json\/wp\/v2\/categories?post=21203"},{"taxonomy":"post_tag","embeddable":true,"href":"https:\/\/www.manabi.gob.ec\/index.php\/wp-json\/wp\/v2\/tags?post=21203"}],"curies":[{"name":"wp","href":"https:\/\/api.w.org\/{rel}","templated":true}]}}