{"id":21228,"date":"2022-06-27T21:26:28","date_gmt":"2022-06-27T21:26:28","guid":{"rendered":"https:\/\/www.manabi.gob.ec\/?p=21228"},"modified":"2022-06-27T21:26:33","modified_gmt":"2022-06-27T21:26:33","slug":"inauguramos-la-primera-tienda-de-comercializacion-para-productos-hechos-en-manabi","status":"publish","type":"post","link":"https:\/\/www.manabi.gob.ec\/index.php\/inauguramos-la-primera-tienda-de-comercializacion-para-productos-hechos-en-manabi\/","title":{"rendered":"Inauguramos la primera tienda de comercializaci\u00f3n para productos hechos en Manab\u00ed"},"content":{"rendered":"\n<p>En un ambiente matizado con m\u00fasica y ante una masiva asistencia de personas, el prefecto, Leonardo Orlando, y la viceprefecta, Kelly Buenaventura, inauguraron, esta noche, la primera tienda \u00abHecho en Manab\u00ed\u00bb, en el marco de las festividades por el Mes del Manabitismo.<\/p>\n\n\n\n<p>En esta tienda que est\u00e1 ubicada en el edificio Lozada, en pleno centro de Portoviejo, se ofertan m\u00e1s de 150 productos de emprendedores manabitas, entre conservas, destilados, bebidas, artesan\u00edas, sombreros, bisuter\u00eda, l\u00e1cteos, dulces, vinos, embutidos, empacados al vacio, pulpas de frutas y m\u00e1s.<\/p>\n","protected":false},"excerpt":{"rendered":"<p>En un ambiente matizado con m\u00fasica y ante una masiva asistencia de personas, el prefecto, Leonardo Orlando, y la viceprefecta, Kelly Buenaventura, inauguraron, esta noche, la primera tienda \u00abHecho en Manab\u00ed\u00bb, en el marco de las festividades por el Mes del Manabitismo. En esta tienda que est\u00e1 ubicada en el edificio Lozada, en pleno centro [&hellip;]<\/p>\n","protected":false},"author":10,"featured_media":21229,"comment_status":"closed","ping_status":"closed","sticky":false,"template":"","format":"standard","meta":{"_joinchat":[],"footnotes":""},"categories":[142,218,92,132,140,91],"tags":[],"class_list":["post-21228","post","type-post","status-publish","format-standard","has-post-thumbnail","hentry","category-desarrollo-social","category-manabi-produce","category-noticias-manabi","category-portoviejo","category-produccion","category-todas"],"yoast_head":"<!-- This site is optimized with the Yoast SEO plugin v27.4 - https:\/\/yoast.com\/product\/yoast-seo-wordpress\/ -->\n<title>Inauguramos la primera tienda de comercializaci\u00f3n para productos hechos en Manab\u00ed - Prefectura de Manab\u00ed<\/title>\n<meta name=\"robots\" content=\"index, follow, max-snippet:-1, max-image-preview:large, max-video-preview:-1\" \/>\n<link rel=\"canonical\" href=\"https:\/\/www.manabi.gob.ec\/index.php\/inauguramos-la-primera-tienda-de-comercializacion-para-productos-hechos-en-manabi\/\" \/>\n<meta property=\"og:locale\" content=\"es_ES\" \/>\n<meta property=\"og:type\" content=\"article\" \/>\n<meta property=\"og:title\" content=\"Inauguramos la primera tienda de comercializaci\u00f3n para productos hechos en Manab\u00ed - Prefectura de Manab\u00ed\" \/>\n<meta property=\"og:description\" content=\"En un ambiente matizado con m\u00fasica y ante una masiva asistencia de personas, el prefecto, Leonardo Orlando, y la viceprefecta, Kelly Buenaventura, inauguraron, esta noche, la primera tienda \u00abHecho en Manab\u00ed\u00bb, en el marco de las festividades por el Mes del Manabitismo. En esta tienda que est\u00e1 ubicada en el edificio Lozada, en pleno centro [&hellip;]\" \/>\n<meta property=\"og:url\" content=\"https:\/\/www.manabi.gob.ec\/index.php\/inauguramos-la-primera-tienda-de-comercializacion-para-productos-hechos-en-manabi\/\" \/>\n<meta property=\"og:site_name\" content=\"Prefectura de Manab\u00ed\" \/>\n<meta property=\"article:published_time\" content=\"2022-06-27T21:26:28+00:00\" \/>\n<meta property=\"article:modified_time\" content=\"2022-06-27T21:26:33+00:00\" \/>\n<meta property=\"og:image\" content=\"https:\/\/www.manabi.gob.ec\/wp-content\/uploads\/2022\/06\/WhatsApp-Image-2022-06-23-at-9.13.37-PM.jpeg\" \/>\n\t<meta property=\"og:image:width\" content=\"1599\" \/>\n\t<meta property=\"og:image:height\" content=\"1066\" \/>\n\t<meta property=\"og:image:type\" content=\"image\/jpeg\" \/>\n<meta name=\"author\" content=\"Lui Ochoa\" \/>\n<meta name=\"twitter:card\" content=\"summary_large_image\" \/>\n<meta name=\"twitter:label1\" content=\"Escrito por\" \/>\n\t<meta name=\"twitter:data1\" content=\"Lui Ochoa\" \/>\n\t<meta name=\"twitter:label2\" content=\"Tiempo de lectura\" \/>\n\t<meta name=\"twitter:data2\" content=\"1 minuto\" \/>\n<script type=\"application\/ld+json\" class=\"yoast-schema-graph\">{\"@context\":\"https:\\\/\\\/schema.org\",\"@graph\":[{\"@type\":\"Article\",\"@id\":\"https:\\\/\\\/www.manabi.gob.ec\\\/index.php\\\/inauguramos-la-primera-tienda-de-comercializacion-para-productos-hechos-en-manabi\\\/#article\",\"isPartOf\":{\"@id\":\"https:\\\/\\\/www.manabi.gob.ec\\\/index.php\\\/inauguramos-la-primera-tienda-de-comercializacion-para-productos-hechos-en-manabi\\\/\"},\"author\":{\"name\":\"Lui Ochoa\",\"@id\":\"https:\\\/\\\/www.manabi.gob.ec\\\/#\\\/schema\\\/person\\\/c4f117989332ad723a6ced5994aa7d7a\"},\"headline\":\"Inauguramos la primera tienda de comercializaci\u00f3n para productos hechos en Manab\u00ed\",\"datePublished\":\"2022-06-27T21:26:28+00:00\",\"dateModified\":\"2022-06-27T21:26:33+00:00\",\"mainEntityOfPage\":{\"@id\":\"https:\\\/\\\/www.manabi.gob.ec\\\/index.php\\\/inauguramos-la-primera-tienda-de-comercializacion-para-productos-hechos-en-manabi\\\/\"},\"wordCount\":102,\"image\":{\"@id\":\"https:\\\/\\\/www.manabi.gob.ec\\\/index.php\\\/inauguramos-la-primera-tienda-de-comercializacion-para-productos-hechos-en-manabi\\\/#primaryimage\"},\"thumbnailUrl\":\"https:\\\/\\\/www.manabi.gob.ec\\\/wp-content\\\/uploads\\\/2022\\\/06\\\/WhatsApp-Image-2022-06-23-at-9.13.37-PM.jpeg\",\"articleSection\":[\"Desarrollo Social\",\"Manab\u00ed Produce\",\"Noticias\",\"Portoviejo\",\"Producci\u00f3n\",\"Todas\"],\"inLanguage\":\"es\"},{\"@type\":\"WebPage\",\"@id\":\"https:\\\/\\\/www.manabi.gob.ec\\\/index.php\\\/inauguramos-la-primera-tienda-de-comercializacion-para-productos-hechos-en-manabi\\\/\",\"url\":\"https:\\\/\\\/www.manabi.gob.ec\\\/index.php\\\/inauguramos-la-primera-tienda-de-comercializacion-para-productos-hechos-en-manabi\\\/\",\"name\":\"Inauguramos la primera tienda de comercializaci\u00f3n para productos hechos en Manab\u00ed - Prefectura de Manab\u00ed\",\"isPartOf\":{\"@id\":\"https:\\\/\\\/www.manabi.gob.ec\\\/#website\"},\"primaryImageOfPage\":{\"@id\":\"https:\\\/\\\/www.manabi.gob.ec\\\/index.php\\\/inauguramos-la-primera-tienda-de-comercializacion-para-productos-hechos-en-manabi\\\/#primaryimage\"},\"image\":{\"@id\":\"https:\\\/\\\/www.manabi.gob.ec\\\/index.php\\\/inauguramos-la-primera-tienda-de-comercializacion-para-productos-hechos-en-manabi\\\/#primaryimage\"},\"thumbnailUrl\":\"https:\\\/\\\/www.manabi.gob.ec\\\/wp-content\\\/uploads\\\/2022\\\/06\\\/WhatsApp-Image-2022-06-23-at-9.13.37-PM.jpeg\",\"datePublished\":\"2022-06-27T21:26:28+00:00\",\"dateModified\":\"2022-06-27T21:26:33+00:00\",\"author\":{\"@id\":\"https:\\\/\\\/www.manabi.gob.ec\\\/#\\\/schema\\\/person\\\/c4f117989332ad723a6ced5994aa7d7a\"},\"breadcrumb\":{\"@id\":\"https:\\\/\\\/www.manabi.gob.ec\\\/index.php\\\/inauguramos-la-primera-tienda-de-comercializacion-para-productos-hechos-en-manabi\\\/#breadcrumb\"},\"inLanguage\":\"es\",\"potentialAction\":[{\"@type\":\"ReadAction\",\"target\":[\"https:\\\/\\\/www.manabi.gob.ec\\\/index.php\\\/inauguramos-la-primera-tienda-de-comercializacion-para-productos-hechos-en-manabi\\\/\"]}]},{\"@type\":\"ImageObject\",\"inLanguage\":\"es\",\"@id\":\"https:\\\/\\\/www.manabi.gob.ec\\\/index.php\\\/inauguramos-la-primera-tienda-de-comercializacion-para-productos-hechos-en-manabi\\\/#primaryimage\",\"url\":\"https:\\\/\\\/www.manabi.gob.ec\\\/wp-content\\\/uploads\\\/2022\\\/06\\\/WhatsApp-Image-2022-06-23-at-9.13.37-PM.jpeg\",\"contentUrl\":\"https:\\\/\\\/www.manabi.gob.ec\\\/wp-content\\\/uploads\\\/2022\\\/06\\\/WhatsApp-Image-2022-06-23-at-9.13.37-PM.jpeg\",\"width\":1599,\"height\":1066},{\"@type\":\"BreadcrumbList\",\"@id\":\"https:\\\/\\\/www.manabi.gob.ec\\\/index.php\\\/inauguramos-la-primera-tienda-de-comercializacion-para-productos-hechos-en-manabi\\\/#breadcrumb\",\"itemListElement\":[{\"@type\":\"ListItem\",\"position\":1,\"name\":\"Portada\",\"item\":\"https:\\\/\\\/www.manabi.gob.ec\\\/\"},{\"@type\":\"ListItem\",\"position\":2,\"name\":\"Inauguramos la primera tienda de comercializaci\u00f3n para productos hechos en Manab\u00ed\"}]},{\"@type\":\"WebSite\",\"@id\":\"https:\\\/\\\/www.manabi.gob.ec\\\/#website\",\"url\":\"https:\\\/\\\/www.manabi.gob.ec\\\/\",\"name\":\"Prefectura de Manab\u00ed\",\"description\":\"P\u00e1gina web de la prefectura\",\"potentialAction\":[{\"@type\":\"SearchAction\",\"target\":{\"@type\":\"EntryPoint\",\"urlTemplate\":\"https:\\\/\\\/www.manabi.gob.ec\\\/?s={search_term_string}\"},\"query-input\":{\"@type\":\"PropertyValueSpecification\",\"valueRequired\":true,\"valueName\":\"search_term_string\"}}],\"inLanguage\":\"es\"},{\"@type\":\"Person\",\"@id\":\"https:\\\/\\\/www.manabi.gob.ec\\\/#\\\/schema\\\/person\\\/c4f117989332ad723a6ced5994aa7d7a\",\"name\":\"Lui Ochoa\",\"image\":{\"@type\":\"ImageObject\",\"inLanguage\":\"es\",\"@id\":\"https:\\\/\\\/secure.gravatar.com\\\/avatar\\\/6e8017d0fe69dead8a95864d2eb6e1e1d8bf8e01194ba49cf7b897ff038126ba?s=96&d=mm&r=g\",\"url\":\"https:\\\/\\\/secure.gravatar.com\\\/avatar\\\/6e8017d0fe69dead8a95864d2eb6e1e1d8bf8e01194ba49cf7b897ff038126ba?s=96&d=mm&r=g\",\"contentUrl\":\"https:\\\/\\\/secure.gravatar.com\\\/avatar\\\/6e8017d0fe69dead8a95864d2eb6e1e1d8bf8e01194ba49cf7b897ff038126ba?s=96&d=mm&r=g\",\"caption\":\"Lui Ochoa\"},\"url\":\"https:\\\/\\\/www.manabi.gob.ec\\\/index.php\\\/author\\\/lochoa\\\/\"}]}<\/script>\n<!-- \/ Yoast SEO plugin. -->","yoast_head_json":{"title":"Inauguramos la primera tienda de comercializaci\u00f3n para productos hechos en Manab\u00ed - Prefectura de Manab\u00ed","robots":{"index":"index","follow":"follow","max-snippet":"max-snippet:-1","max-image-preview":"max-image-preview:large","max-video-preview":"max-video-preview:-1"},"canonical":"https:\/\/www.manabi.gob.ec\/index.php\/inauguramos-la-primera-tienda-de-comercializacion-para-productos-hechos-en-manabi\/","og_locale":"es_ES","og_type":"article","og_title":"Inauguramos la primera tienda de comercializaci\u00f3n para productos hechos en Manab\u00ed - Prefectura de Manab\u00ed","og_description":"En un ambiente matizado con m\u00fasica y ante una masiva asistencia de personas, el prefecto, Leonardo Orlando, y la viceprefecta, Kelly Buenaventura, inauguraron, esta noche, la primera tienda \u00abHecho en Manab\u00ed\u00bb, en el marco de las festividades por el Mes del Manabitismo. En esta tienda que est\u00e1 ubicada en el edificio Lozada, en pleno centro [&hellip;]","og_url":"https:\/\/www.manabi.gob.ec\/index.php\/inauguramos-la-primera-tienda-de-comercializacion-para-productos-hechos-en-manabi\/","og_site_name":"Prefectura de Manab\u00ed","article_published_time":"2022-06-27T21:26:28+00:00","article_modified_time":"2022-06-27T21:26:33+00:00","og_image":[{"width":1599,"height":1066,"url":"https:\/\/www.manabi.gob.ec\/wp-content\/uploads\/2022\/06\/WhatsApp-Image-2022-06-23-at-9.13.37-PM.jpeg","type":"image\/jpeg"}],"author":"Lui Ochoa","twitter_card":"summary_large_image","twitter_misc":{"Escrito por":"Lui Ochoa","Tiempo de lectura":"1 minuto"},"schema":{"@context":"https:\/\/schema.org","@graph":[{"@type":"Article","@id":"https:\/\/www.manabi.gob.ec\/index.php\/inauguramos-la-primera-tienda-de-comercializacion-para-productos-hechos-en-manabi\/#article","isPartOf":{"@id":"https:\/\/www.manabi.gob.ec\/index.php\/inauguramos-la-primera-tienda-de-comercializacion-para-productos-hechos-en-manabi\/"},"author":{"name":"Lui Ochoa","@id":"https:\/\/www.manabi.gob.ec\/#\/schema\/person\/c4f117989332ad723a6ced5994aa7d7a"},"headline":"Inauguramos la primera tienda de comercializaci\u00f3n para productos hechos en Manab\u00ed","datePublished":"2022-06-27T21:26:28+00:00","dateModified":"2022-06-27T21:26:33+00:00","mainEntityOfPage":{"@id":"https:\/\/www.manabi.gob.ec\/index.php\/inauguramos-la-primera-tienda-de-comercializacion-para-productos-hechos-en-manabi\/"},"wordCount":102,"image":{"@id":"https:\/\/www.manabi.gob.ec\/index.php\/inauguramos-la-primera-tienda-de-comercializacion-para-productos-hechos-en-manabi\/#primaryimage"},"thumbnailUrl":"https:\/\/www.manabi.gob.ec\/wp-content\/uploads\/2022\/06\/WhatsApp-Image-2022-06-23-at-9.13.37-PM.jpeg","articleSection":["Desarrollo Social","Manab\u00ed Produce","Noticias","Portoviejo","Producci\u00f3n","Todas"],"inLanguage":"es"},{"@type":"WebPage","@id":"https:\/\/www.manabi.gob.ec\/index.php\/inauguramos-la-primera-tienda-de-comercializacion-para-productos-hechos-en-manabi\/","url":"https:\/\/www.manabi.gob.ec\/index.php\/inauguramos-la-primera-tienda-de-comercializacion-para-productos-hechos-en-manabi\/","name":"Inauguramos la primera tienda de comercializaci\u00f3n para productos hechos en Manab\u00ed - Prefectura de Manab\u00ed","isPartOf":{"@id":"https:\/\/www.manabi.gob.ec\/#website"},"primaryImageOfPage":{"@id":"https:\/\/www.manabi.gob.ec\/index.php\/inauguramos-la-primera-tienda-de-comercializacion-para-productos-hechos-en-manabi\/#primaryimage"},"image":{"@id":"https:\/\/www.manabi.gob.ec\/index.php\/inauguramos-la-primera-tienda-de-comercializacion-para-productos-hechos-en-manabi\/#primaryimage"},"thumbnailUrl":"https:\/\/www.manabi.gob.ec\/wp-content\/uploads\/2022\/06\/WhatsApp-Image-2022-06-23-at-9.13.37-PM.jpeg","datePublished":"2022-06-27T21:26:28+00:00","dateModified":"2022-06-27T21:26:33+00:00","author":{"@id":"https:\/\/www.manabi.gob.ec\/#\/schema\/person\/c4f117989332ad723a6ced5994aa7d7a"},"breadcrumb":{"@id":"https:\/\/www.manabi.gob.ec\/index.php\/inauguramos-la-primera-tienda-de-comercializacion-para-productos-hechos-en-manabi\/#breadcrumb"},"inLanguage":"es","potentialAction":[{"@type":"ReadAction","target":["https:\/\/www.manabi.gob.ec\/index.php\/inauguramos-la-primera-tienda-de-comercializacion-para-productos-hechos-en-manabi\/"]}]},{"@type":"ImageObject","inLanguage":"es","@id":"https:\/\/www.manabi.gob.ec\/index.php\/inauguramos-la-primera-tienda-de-comercializacion-para-productos-hechos-en-manabi\/#primaryimage","url":"https:\/\/www.manabi.gob.ec\/wp-content\/uploads\/2022\/06\/WhatsApp-Image-2022-06-23-at-9.13.37-PM.jpeg","contentUrl":"https:\/\/www.manabi.gob.ec\/wp-content\/uploads\/2022\/06\/WhatsApp-Image-2022-06-23-at-9.13.37-PM.jpeg","width":1599,"height":1066},{"@type":"BreadcrumbList","@id":"https:\/\/www.manabi.gob.ec\/index.php\/inauguramos-la-primera-tienda-de-comercializacion-para-productos-hechos-en-manabi\/#breadcrumb","itemListElement":[{"@type":"ListItem","position":1,"name":"Portada","item":"https:\/\/www.manabi.gob.ec\/"},{"@type":"ListItem","position":2,"name":"Inauguramos la primera tienda de comercializaci\u00f3n para productos hechos en Manab\u00ed"}]},{"@type":"WebSite","@id":"https:\/\/www.manabi.gob.ec\/#website","url":"https:\/\/www.manabi.gob.ec\/","name":"Prefectura de Manab\u00ed","description":"P\u00e1gina web de la prefectura","potentialAction":[{"@type":"SearchAction","target":{"@type":"EntryPoint","urlTemplate":"https:\/\/www.manabi.gob.ec\/?s={search_term_string}"},"query-input":{"@type":"PropertyValueSpecification","valueRequired":true,"valueName":"search_term_string"}}],"inLanguage":"es"},{"@type":"Person","@id":"https:\/\/www.manabi.gob.ec\/#\/schema\/person\/c4f117989332ad723a6ced5994aa7d7a","name":"Lui Ochoa","image":{"@type":"ImageObject","inLanguage":"es","@id":"https:\/\/secure.gravatar.com\/avatar\/6e8017d0fe69dead8a95864d2eb6e1e1d8bf8e01194ba49cf7b897ff038126ba?s=96&d=mm&r=g","url":"https:\/\/secure.gravatar.com\/avatar\/6e8017d0fe69dead8a95864d2eb6e1e1d8bf8e01194ba49cf7b897ff038126ba?s=96&d=mm&r=g","contentUrl":"https:\/\/secure.gravatar.com\/avatar\/6e8017d0fe69dead8a95864d2eb6e1e1d8bf8e01194ba49cf7b897ff038126ba?s=96&d=mm&r=g","caption":"Lui Ochoa"},"url":"https:\/\/www.manabi.gob.ec\/index.php\/author\/lochoa\/"}]}},"jetpack_featured_media_url":"https:\/\/www.manabi.gob.ec\/wp-content\/uploads\/2022\/06\/WhatsApp-Image-2022-06-23-at-9.13.37-PM.jpeg","_links":{"self":[{"href":"https:\/\/www.manabi.gob.ec\/index.php\/wp-json\/wp\/v2\/posts\/21228","targetHints":{"allow":["GET"]}}],"collection":[{"href":"https:\/\/www.manabi.gob.ec\/index.php\/wp-json\/wp\/v2\/posts"}],"about":[{"href":"https:\/\/www.manabi.gob.ec\/index.php\/wp-json\/wp\/v2\/types\/post"}],"author":[{"embeddable":true,"href":"https:\/\/www.manabi.gob.ec\/index.php\/wp-json\/wp\/v2\/users\/10"}],"replies":[{"embeddable":true,"href":"https:\/\/www.manabi.gob.ec\/index.php\/wp-json\/wp\/v2\/comments?post=21228"}],"version-history":[{"count":0,"href":"https:\/\/www.manabi.gob.ec\/index.php\/wp-json\/wp\/v2\/posts\/21228\/revisions"}],"wp:featuredmedia":[{"embeddable":true,"href":"https:\/\/www.manabi.gob.ec\/index.php\/wp-json\/wp\/v2\/media\/21229"}],"wp:attachment":[{"href":"https:\/\/www.manabi.gob.ec\/index.php\/wp-json\/wp\/v2\/media?parent=21228"}],"wp:term":[{"taxonomy":"category","embeddable":true,"href":"https:\/\/www.manabi.gob.ec\/index.php\/wp-json\/wp\/v2\/categories?post=21228"},{"taxonomy":"post_tag","embeddable":true,"href":"https:\/\/www.manabi.gob.ec\/index.php\/wp-json\/wp\/v2\/tags?post=21228"}],"curies":[{"name":"wp","href":"https:\/\/api.w.org\/{rel}","templated":true}]}}