{"id":21234,"date":"2022-06-27T21:41:35","date_gmt":"2022-06-27T21:41:35","guid":{"rendered":"https:\/\/www.manabi.gob.ec\/?p=21234"},"modified":"2022-06-27T21:41:39","modified_gmt":"2022-06-27T21:41:39","slug":"el-puente-antepara-ya-esta-abierto-a-la-circulacion-vehicular-y-peatonal","status":"publish","type":"post","link":"https:\/\/www.manabi.gob.ec\/index.php\/el-puente-antepara-ya-esta-abierto-a-la-circulacion-vehicular-y-peatonal\/","title":{"rendered":"El Puente Antepara ya est\u00e1 abierto a la circulaci\u00f3n vehicular y peatonal"},"content":{"rendered":"\n<p><\/p>\n\n\n\n<p>\u00abHace m\u00e1s de 40 a\u00f1os lo que era el Consejo Provincial, construy\u00f3 este puente. Hoy un hijo muy querido de Jipijapa, Leonardo Orlando, nuevamente nos entrega est\u00e1 obra significativa para el sector y la comunidad\u00bb, expres\u00f3 el alcalde de Jipijapa, Luis Genc\u00f3n, durante el acto de entrega del puente bailey en la calle Antepara.<\/p>\n\n\n\n<p>El acto se desarroll\u00f3 este viernes 24 de junio, con la presencia del prefecto, Leonardo Orlando, autoridades del cant\u00f3n y ciudadanos del barrio Thalia, donde se encuentra ubicado el puente.<\/p>\n\n\n\n<p>\u00abHoy se abre a la circulaci\u00f3n veh\u00edcular y peatonal este puente que se rehabilit\u00f3 y que forma parte de veinticuatro puentes tipo bailey de origen brit\u00e1nico que est\u00e1n siendo rehabilitados, entre ellos est\u00e9\u00bb, manifest\u00f3 el prefecto Orlando.<\/p>\n\n\n\n<p>Esta obra demand\u00f3 una inversi\u00f3n de $ 51.310,75 y es el reflejo del trabajo coordinado entre la Prefectura y el Municipio, \u00absiempre juntos vamos a hacer historia en Jipijapa\u00bb, acot\u00f3 Genc\u00f3n.<\/p>\n\n\n\n<p>El puente Antepara ayudar\u00e1 a mejorar la movilidad del cant\u00f3n Jipijapa, es una obra de desarrollo y equidad, y sobretodo de justicia.<\/p>\n","protected":false},"excerpt":{"rendered":"<p>\u00abHace m\u00e1s de 40 a\u00f1os lo que era el Consejo Provincial, construy\u00f3 este puente. Hoy un hijo muy querido de Jipijapa, Leonardo Orlando, nuevamente nos entrega est\u00e1 obra significativa para el sector y la comunidad\u00bb, expres\u00f3 el alcalde de Jipijapa, Luis Genc\u00f3n, durante el acto de entrega del puente bailey en la calle Antepara. El [&hellip;]<\/p>\n","protected":false},"author":10,"featured_media":21235,"comment_status":"closed","ping_status":"closed","sticky":false,"template":"","format":"standard","meta":{"_joinchat":[],"footnotes":""},"categories":[123,92,181,91],"tags":[],"class_list":["post-21234","post","type-post","status-publish","format-standard","has-post-thumbnail","hentry","category-jipijapa","category-noticias-manabi","category-obra-publica","category-todas"],"yoast_head":"<!-- This site is optimized with the Yoast SEO plugin v27.4 - https:\/\/yoast.com\/product\/yoast-seo-wordpress\/ -->\n<title>El Puente Antepara ya est\u00e1 abierto a la circulaci\u00f3n vehicular y peatonal - Prefectura de Manab\u00ed<\/title>\n<meta name=\"robots\" content=\"index, follow, max-snippet:-1, max-image-preview:large, max-video-preview:-1\" \/>\n<link rel=\"canonical\" href=\"https:\/\/www.manabi.gob.ec\/index.php\/el-puente-antepara-ya-esta-abierto-a-la-circulacion-vehicular-y-peatonal\/\" \/>\n<meta property=\"og:locale\" content=\"es_ES\" \/>\n<meta property=\"og:type\" content=\"article\" \/>\n<meta property=\"og:title\" content=\"El Puente Antepara ya est\u00e1 abierto a la circulaci\u00f3n vehicular y peatonal - Prefectura de Manab\u00ed\" \/>\n<meta property=\"og:description\" content=\"\u00abHace m\u00e1s de 40 a\u00f1os lo que era el Consejo Provincial, construy\u00f3 este puente. Hoy un hijo muy querido de Jipijapa, Leonardo Orlando, nuevamente nos entrega est\u00e1 obra significativa para el sector y la comunidad\u00bb, expres\u00f3 el alcalde de Jipijapa, Luis Genc\u00f3n, durante el acto de entrega del puente bailey en la calle Antepara. El [&hellip;]\" \/>\n<meta property=\"og:url\" content=\"https:\/\/www.manabi.gob.ec\/index.php\/el-puente-antepara-ya-esta-abierto-a-la-circulacion-vehicular-y-peatonal\/\" \/>\n<meta property=\"og:site_name\" content=\"Prefectura de Manab\u00ed\" \/>\n<meta property=\"article:published_time\" content=\"2022-06-27T21:41:35+00:00\" \/>\n<meta property=\"article:modified_time\" content=\"2022-06-27T21:41:39+00:00\" \/>\n<meta property=\"og:image\" content=\"https:\/\/www.manabi.gob.ec\/wp-content\/uploads\/2022\/06\/WhatsApp-Image-2022-06-24-at-10.17.32-AM.jpeg\" \/>\n\t<meta property=\"og:image:width\" content=\"964\" \/>\n\t<meta property=\"og:image:height\" content=\"644\" \/>\n\t<meta property=\"og:image:type\" content=\"image\/jpeg\" \/>\n<meta name=\"author\" content=\"Lui Ochoa\" \/>\n<meta name=\"twitter:card\" content=\"summary_large_image\" \/>\n<meta name=\"twitter:label1\" content=\"Escrito por\" \/>\n\t<meta name=\"twitter:data1\" content=\"Lui Ochoa\" \/>\n\t<meta name=\"twitter:label2\" content=\"Tiempo de lectura\" \/>\n\t<meta name=\"twitter:data2\" content=\"1 minuto\" \/>\n<script type=\"application\/ld+json\" class=\"yoast-schema-graph\">{\"@context\":\"https:\\\/\\\/schema.org\",\"@graph\":[{\"@type\":\"Article\",\"@id\":\"https:\\\/\\\/www.manabi.gob.ec\\\/index.php\\\/el-puente-antepara-ya-esta-abierto-a-la-circulacion-vehicular-y-peatonal\\\/#article\",\"isPartOf\":{\"@id\":\"https:\\\/\\\/www.manabi.gob.ec\\\/index.php\\\/el-puente-antepara-ya-esta-abierto-a-la-circulacion-vehicular-y-peatonal\\\/\"},\"author\":{\"name\":\"Lui Ochoa\",\"@id\":\"https:\\\/\\\/www.manabi.gob.ec\\\/#\\\/schema\\\/person\\\/c4f117989332ad723a6ced5994aa7d7a\"},\"headline\":\"El Puente Antepara ya est\u00e1 abierto a la circulaci\u00f3n vehicular y peatonal\",\"datePublished\":\"2022-06-27T21:41:35+00:00\",\"dateModified\":\"2022-06-27T21:41:39+00:00\",\"mainEntityOfPage\":{\"@id\":\"https:\\\/\\\/www.manabi.gob.ec\\\/index.php\\\/el-puente-antepara-ya-esta-abierto-a-la-circulacion-vehicular-y-peatonal\\\/\"},\"wordCount\":194,\"image\":{\"@id\":\"https:\\\/\\\/www.manabi.gob.ec\\\/index.php\\\/el-puente-antepara-ya-esta-abierto-a-la-circulacion-vehicular-y-peatonal\\\/#primaryimage\"},\"thumbnailUrl\":\"https:\\\/\\\/www.manabi.gob.ec\\\/wp-content\\\/uploads\\\/2022\\\/06\\\/WhatsApp-Image-2022-06-24-at-10.17.32-AM.jpeg\",\"articleSection\":[\"Jipijapa\",\"Noticias\",\"Obra P\u00fablica\",\"Todas\"],\"inLanguage\":\"es\"},{\"@type\":\"WebPage\",\"@id\":\"https:\\\/\\\/www.manabi.gob.ec\\\/index.php\\\/el-puente-antepara-ya-esta-abierto-a-la-circulacion-vehicular-y-peatonal\\\/\",\"url\":\"https:\\\/\\\/www.manabi.gob.ec\\\/index.php\\\/el-puente-antepara-ya-esta-abierto-a-la-circulacion-vehicular-y-peatonal\\\/\",\"name\":\"El Puente Antepara ya est\u00e1 abierto a la circulaci\u00f3n vehicular y peatonal - Prefectura de Manab\u00ed\",\"isPartOf\":{\"@id\":\"https:\\\/\\\/www.manabi.gob.ec\\\/#website\"},\"primaryImageOfPage\":{\"@id\":\"https:\\\/\\\/www.manabi.gob.ec\\\/index.php\\\/el-puente-antepara-ya-esta-abierto-a-la-circulacion-vehicular-y-peatonal\\\/#primaryimage\"},\"image\":{\"@id\":\"https:\\\/\\\/www.manabi.gob.ec\\\/index.php\\\/el-puente-antepara-ya-esta-abierto-a-la-circulacion-vehicular-y-peatonal\\\/#primaryimage\"},\"thumbnailUrl\":\"https:\\\/\\\/www.manabi.gob.ec\\\/wp-content\\\/uploads\\\/2022\\\/06\\\/WhatsApp-Image-2022-06-24-at-10.17.32-AM.jpeg\",\"datePublished\":\"2022-06-27T21:41:35+00:00\",\"dateModified\":\"2022-06-27T21:41:39+00:00\",\"author\":{\"@id\":\"https:\\\/\\\/www.manabi.gob.ec\\\/#\\\/schema\\\/person\\\/c4f117989332ad723a6ced5994aa7d7a\"},\"breadcrumb\":{\"@id\":\"https:\\\/\\\/www.manabi.gob.ec\\\/index.php\\\/el-puente-antepara-ya-esta-abierto-a-la-circulacion-vehicular-y-peatonal\\\/#breadcrumb\"},\"inLanguage\":\"es\",\"potentialAction\":[{\"@type\":\"ReadAction\",\"target\":[\"https:\\\/\\\/www.manabi.gob.ec\\\/index.php\\\/el-puente-antepara-ya-esta-abierto-a-la-circulacion-vehicular-y-peatonal\\\/\"]}]},{\"@type\":\"ImageObject\",\"inLanguage\":\"es\",\"@id\":\"https:\\\/\\\/www.manabi.gob.ec\\\/index.php\\\/el-puente-antepara-ya-esta-abierto-a-la-circulacion-vehicular-y-peatonal\\\/#primaryimage\",\"url\":\"https:\\\/\\\/www.manabi.gob.ec\\\/wp-content\\\/uploads\\\/2022\\\/06\\\/WhatsApp-Image-2022-06-24-at-10.17.32-AM.jpeg\",\"contentUrl\":\"https:\\\/\\\/www.manabi.gob.ec\\\/wp-content\\\/uploads\\\/2022\\\/06\\\/WhatsApp-Image-2022-06-24-at-10.17.32-AM.jpeg\",\"width\":964,\"height\":644},{\"@type\":\"BreadcrumbList\",\"@id\":\"https:\\\/\\\/www.manabi.gob.ec\\\/index.php\\\/el-puente-antepara-ya-esta-abierto-a-la-circulacion-vehicular-y-peatonal\\\/#breadcrumb\",\"itemListElement\":[{\"@type\":\"ListItem\",\"position\":1,\"name\":\"Portada\",\"item\":\"https:\\\/\\\/www.manabi.gob.ec\\\/\"},{\"@type\":\"ListItem\",\"position\":2,\"name\":\"El Puente Antepara ya est\u00e1 abierto a la circulaci\u00f3n vehicular y peatonal\"}]},{\"@type\":\"WebSite\",\"@id\":\"https:\\\/\\\/www.manabi.gob.ec\\\/#website\",\"url\":\"https:\\\/\\\/www.manabi.gob.ec\\\/\",\"name\":\"Prefectura de Manab\u00ed\",\"description\":\"P\u00e1gina web de la prefectura\",\"potentialAction\":[{\"@type\":\"SearchAction\",\"target\":{\"@type\":\"EntryPoint\",\"urlTemplate\":\"https:\\\/\\\/www.manabi.gob.ec\\\/?s={search_term_string}\"},\"query-input\":{\"@type\":\"PropertyValueSpecification\",\"valueRequired\":true,\"valueName\":\"search_term_string\"}}],\"inLanguage\":\"es\"},{\"@type\":\"Person\",\"@id\":\"https:\\\/\\\/www.manabi.gob.ec\\\/#\\\/schema\\\/person\\\/c4f117989332ad723a6ced5994aa7d7a\",\"name\":\"Lui Ochoa\",\"image\":{\"@type\":\"ImageObject\",\"inLanguage\":\"es\",\"@id\":\"https:\\\/\\\/secure.gravatar.com\\\/avatar\\\/6e8017d0fe69dead8a95864d2eb6e1e1d8bf8e01194ba49cf7b897ff038126ba?s=96&d=mm&r=g\",\"url\":\"https:\\\/\\\/secure.gravatar.com\\\/avatar\\\/6e8017d0fe69dead8a95864d2eb6e1e1d8bf8e01194ba49cf7b897ff038126ba?s=96&d=mm&r=g\",\"contentUrl\":\"https:\\\/\\\/secure.gravatar.com\\\/avatar\\\/6e8017d0fe69dead8a95864d2eb6e1e1d8bf8e01194ba49cf7b897ff038126ba?s=96&d=mm&r=g\",\"caption\":\"Lui Ochoa\"},\"url\":\"https:\\\/\\\/www.manabi.gob.ec\\\/index.php\\\/author\\\/lochoa\\\/\"}]}<\/script>\n<!-- \/ Yoast SEO plugin. -->","yoast_head_json":{"title":"El Puente Antepara ya est\u00e1 abierto a la circulaci\u00f3n vehicular y peatonal - Prefectura de Manab\u00ed","robots":{"index":"index","follow":"follow","max-snippet":"max-snippet:-1","max-image-preview":"max-image-preview:large","max-video-preview":"max-video-preview:-1"},"canonical":"https:\/\/www.manabi.gob.ec\/index.php\/el-puente-antepara-ya-esta-abierto-a-la-circulacion-vehicular-y-peatonal\/","og_locale":"es_ES","og_type":"article","og_title":"El Puente Antepara ya est\u00e1 abierto a la circulaci\u00f3n vehicular y peatonal - Prefectura de Manab\u00ed","og_description":"\u00abHace m\u00e1s de 40 a\u00f1os lo que era el Consejo Provincial, construy\u00f3 este puente. Hoy un hijo muy querido de Jipijapa, Leonardo Orlando, nuevamente nos entrega est\u00e1 obra significativa para el sector y la comunidad\u00bb, expres\u00f3 el alcalde de Jipijapa, Luis Genc\u00f3n, durante el acto de entrega del puente bailey en la calle Antepara. El [&hellip;]","og_url":"https:\/\/www.manabi.gob.ec\/index.php\/el-puente-antepara-ya-esta-abierto-a-la-circulacion-vehicular-y-peatonal\/","og_site_name":"Prefectura de Manab\u00ed","article_published_time":"2022-06-27T21:41:35+00:00","article_modified_time":"2022-06-27T21:41:39+00:00","og_image":[{"width":964,"height":644,"url":"https:\/\/www.manabi.gob.ec\/wp-content\/uploads\/2022\/06\/WhatsApp-Image-2022-06-24-at-10.17.32-AM.jpeg","type":"image\/jpeg"}],"author":"Lui Ochoa","twitter_card":"summary_large_image","twitter_misc":{"Escrito por":"Lui Ochoa","Tiempo de lectura":"1 minuto"},"schema":{"@context":"https:\/\/schema.org","@graph":[{"@type":"Article","@id":"https:\/\/www.manabi.gob.ec\/index.php\/el-puente-antepara-ya-esta-abierto-a-la-circulacion-vehicular-y-peatonal\/#article","isPartOf":{"@id":"https:\/\/www.manabi.gob.ec\/index.php\/el-puente-antepara-ya-esta-abierto-a-la-circulacion-vehicular-y-peatonal\/"},"author":{"name":"Lui Ochoa","@id":"https:\/\/www.manabi.gob.ec\/#\/schema\/person\/c4f117989332ad723a6ced5994aa7d7a"},"headline":"El Puente Antepara ya est\u00e1 abierto a la circulaci\u00f3n vehicular y peatonal","datePublished":"2022-06-27T21:41:35+00:00","dateModified":"2022-06-27T21:41:39+00:00","mainEntityOfPage":{"@id":"https:\/\/www.manabi.gob.ec\/index.php\/el-puente-antepara-ya-esta-abierto-a-la-circulacion-vehicular-y-peatonal\/"},"wordCount":194,"image":{"@id":"https:\/\/www.manabi.gob.ec\/index.php\/el-puente-antepara-ya-esta-abierto-a-la-circulacion-vehicular-y-peatonal\/#primaryimage"},"thumbnailUrl":"https:\/\/www.manabi.gob.ec\/wp-content\/uploads\/2022\/06\/WhatsApp-Image-2022-06-24-at-10.17.32-AM.jpeg","articleSection":["Jipijapa","Noticias","Obra P\u00fablica","Todas"],"inLanguage":"es"},{"@type":"WebPage","@id":"https:\/\/www.manabi.gob.ec\/index.php\/el-puente-antepara-ya-esta-abierto-a-la-circulacion-vehicular-y-peatonal\/","url":"https:\/\/www.manabi.gob.ec\/index.php\/el-puente-antepara-ya-esta-abierto-a-la-circulacion-vehicular-y-peatonal\/","name":"El Puente Antepara ya est\u00e1 abierto a la circulaci\u00f3n vehicular y peatonal - Prefectura de Manab\u00ed","isPartOf":{"@id":"https:\/\/www.manabi.gob.ec\/#website"},"primaryImageOfPage":{"@id":"https:\/\/www.manabi.gob.ec\/index.php\/el-puente-antepara-ya-esta-abierto-a-la-circulacion-vehicular-y-peatonal\/#primaryimage"},"image":{"@id":"https:\/\/www.manabi.gob.ec\/index.php\/el-puente-antepara-ya-esta-abierto-a-la-circulacion-vehicular-y-peatonal\/#primaryimage"},"thumbnailUrl":"https:\/\/www.manabi.gob.ec\/wp-content\/uploads\/2022\/06\/WhatsApp-Image-2022-06-24-at-10.17.32-AM.jpeg","datePublished":"2022-06-27T21:41:35+00:00","dateModified":"2022-06-27T21:41:39+00:00","author":{"@id":"https:\/\/www.manabi.gob.ec\/#\/schema\/person\/c4f117989332ad723a6ced5994aa7d7a"},"breadcrumb":{"@id":"https:\/\/www.manabi.gob.ec\/index.php\/el-puente-antepara-ya-esta-abierto-a-la-circulacion-vehicular-y-peatonal\/#breadcrumb"},"inLanguage":"es","potentialAction":[{"@type":"ReadAction","target":["https:\/\/www.manabi.gob.ec\/index.php\/el-puente-antepara-ya-esta-abierto-a-la-circulacion-vehicular-y-peatonal\/"]}]},{"@type":"ImageObject","inLanguage":"es","@id":"https:\/\/www.manabi.gob.ec\/index.php\/el-puente-antepara-ya-esta-abierto-a-la-circulacion-vehicular-y-peatonal\/#primaryimage","url":"https:\/\/www.manabi.gob.ec\/wp-content\/uploads\/2022\/06\/WhatsApp-Image-2022-06-24-at-10.17.32-AM.jpeg","contentUrl":"https:\/\/www.manabi.gob.ec\/wp-content\/uploads\/2022\/06\/WhatsApp-Image-2022-06-24-at-10.17.32-AM.jpeg","width":964,"height":644},{"@type":"BreadcrumbList","@id":"https:\/\/www.manabi.gob.ec\/index.php\/el-puente-antepara-ya-esta-abierto-a-la-circulacion-vehicular-y-peatonal\/#breadcrumb","itemListElement":[{"@type":"ListItem","position":1,"name":"Portada","item":"https:\/\/www.manabi.gob.ec\/"},{"@type":"ListItem","position":2,"name":"El Puente Antepara ya est\u00e1 abierto a la circulaci\u00f3n vehicular y peatonal"}]},{"@type":"WebSite","@id":"https:\/\/www.manabi.gob.ec\/#website","url":"https:\/\/www.manabi.gob.ec\/","name":"Prefectura de Manab\u00ed","description":"P\u00e1gina web de la prefectura","potentialAction":[{"@type":"SearchAction","target":{"@type":"EntryPoint","urlTemplate":"https:\/\/www.manabi.gob.ec\/?s={search_term_string}"},"query-input":{"@type":"PropertyValueSpecification","valueRequired":true,"valueName":"search_term_string"}}],"inLanguage":"es"},{"@type":"Person","@id":"https:\/\/www.manabi.gob.ec\/#\/schema\/person\/c4f117989332ad723a6ced5994aa7d7a","name":"Lui Ochoa","image":{"@type":"ImageObject","inLanguage":"es","@id":"https:\/\/secure.gravatar.com\/avatar\/6e8017d0fe69dead8a95864d2eb6e1e1d8bf8e01194ba49cf7b897ff038126ba?s=96&d=mm&r=g","url":"https:\/\/secure.gravatar.com\/avatar\/6e8017d0fe69dead8a95864d2eb6e1e1d8bf8e01194ba49cf7b897ff038126ba?s=96&d=mm&r=g","contentUrl":"https:\/\/secure.gravatar.com\/avatar\/6e8017d0fe69dead8a95864d2eb6e1e1d8bf8e01194ba49cf7b897ff038126ba?s=96&d=mm&r=g","caption":"Lui Ochoa"},"url":"https:\/\/www.manabi.gob.ec\/index.php\/author\/lochoa\/"}]}},"jetpack_featured_media_url":"https:\/\/www.manabi.gob.ec\/wp-content\/uploads\/2022\/06\/WhatsApp-Image-2022-06-24-at-10.17.32-AM.jpeg","_links":{"self":[{"href":"https:\/\/www.manabi.gob.ec\/index.php\/wp-json\/wp\/v2\/posts\/21234","targetHints":{"allow":["GET"]}}],"collection":[{"href":"https:\/\/www.manabi.gob.ec\/index.php\/wp-json\/wp\/v2\/posts"}],"about":[{"href":"https:\/\/www.manabi.gob.ec\/index.php\/wp-json\/wp\/v2\/types\/post"}],"author":[{"embeddable":true,"href":"https:\/\/www.manabi.gob.ec\/index.php\/wp-json\/wp\/v2\/users\/10"}],"replies":[{"embeddable":true,"href":"https:\/\/www.manabi.gob.ec\/index.php\/wp-json\/wp\/v2\/comments?post=21234"}],"version-history":[{"count":0,"href":"https:\/\/www.manabi.gob.ec\/index.php\/wp-json\/wp\/v2\/posts\/21234\/revisions"}],"wp:featuredmedia":[{"embeddable":true,"href":"https:\/\/www.manabi.gob.ec\/index.php\/wp-json\/wp\/v2\/media\/21235"}],"wp:attachment":[{"href":"https:\/\/www.manabi.gob.ec\/index.php\/wp-json\/wp\/v2\/media?parent=21234"}],"wp:term":[{"taxonomy":"category","embeddable":true,"href":"https:\/\/www.manabi.gob.ec\/index.php\/wp-json\/wp\/v2\/categories?post=21234"},{"taxonomy":"post_tag","embeddable":true,"href":"https:\/\/www.manabi.gob.ec\/index.php\/wp-json\/wp\/v2\/tags?post=21234"}],"curies":[{"name":"wp","href":"https:\/\/api.w.org\/{rel}","templated":true}]}}