{"id":21277,"date":"2022-07-04T14:14:17","date_gmt":"2022-07-04T14:14:17","guid":{"rendered":"https:\/\/www.manabi.gob.ec\/?p=21277"},"modified":"2022-07-04T14:14:25","modified_gmt":"2022-07-04T14:14:25","slug":"se-conmemoraron-los-15-anos-de-declaracion-de-las-fiestas-de-san-pedro-y-san-pablo-como-patrimonio-inmaterial-del-ecuador","status":"publish","type":"post","link":"https:\/\/www.manabi.gob.ec\/index.php\/se-conmemoraron-los-15-anos-de-declaracion-de-las-fiestas-de-san-pedro-y-san-pablo-como-patrimonio-inmaterial-del-ecuador\/","title":{"rendered":"Se conmemoraron los 15 a\u00f1os de declaraci\u00f3n de las Fiestas de San Pedro y San Pablo como Patrimonio Inmaterial del Ecuador"},"content":{"rendered":"\n<p><\/p>\n\n\n\n<p>El lunes 27 de junio, se desarroll\u00f3 en la parroquia Machalilla del cant\u00f3n Puerto L\u00f3pez una noche cultural por las fiestas de San Pedro y San Pablo, celebraci\u00f3n ancestral que hace 15 a\u00f1os fue declarada como Patrimonio Inmaterial del Ecuador.<\/p>\n\n\n\n<p>A esta actividad organizada por la Casa de la Cultura de Manab\u00ed asisti\u00f3 la prefecta subrogante, Kelly Buenaventura.<\/p>\n\n\n\n<p>En el acto se entreg\u00f3 un reconocimiento a las personas gestoras de esta declaratoria: Segundo Ecuador V\u00e1squez Anchundia, Marco Antonio Franco Parrales, C\u00e9sar Enrique Tomal\u00e1 Mantuano, Fernanda Amada Romero Flores, y Jorge Salazar Vaca.<\/p>\n\n\n\n<p>Los asistentes tambi\u00e9n disfrutaron de expresiones musicales y danc\u00edsticas.<\/p>\n","protected":false},"excerpt":{"rendered":"<p>El lunes 27 de junio, se desarroll\u00f3 en la parroquia Machalilla del cant\u00f3n Puerto L\u00f3pez una noche cultural por las fiestas de San Pedro y San Pablo, celebraci\u00f3n ancestral que hace 15 a\u00f1os fue declarada como Patrimonio Inmaterial del Ecuador.<\/p>\n","protected":false},"author":10,"featured_media":21278,"comment_status":"closed","ping_status":"closed","sticky":false,"template":"","format":"standard","meta":{"_joinchat":[],"footnotes":""},"categories":[142,92,212,91],"tags":[],"class_list":["post-21277","post","type-post","status-publish","format-standard","has-post-thumbnail","hentry","category-desarrollo-social","category-noticias-manabi","category-puerto-lopez","category-todas"],"yoast_head":"<!-- This site is optimized with the Yoast SEO plugin v27.4 - https:\/\/yoast.com\/product\/yoast-seo-wordpress\/ -->\n<title>Se conmemoraron los 15 a\u00f1os de declaraci\u00f3n de las Fiestas de San Pedro y San Pablo como Patrimonio Inmaterial del Ecuador - Prefectura de Manab\u00ed<\/title>\n<meta name=\"description\" content=\"El lunes 27 de junio, se desarroll\u00f3 en la parroquia Machalilla del cant\u00f3n Puerto L\u00f3pez una noche cultural por las fiestas de San Pedro y San Pablo, celebraci\u00f3n ancestral que hace 15 a\u00f1os fue declarada como Patrimonio Inmaterial del Ecuador.A esta actividad organizada por la Casa de la Cultura de Manab\u00ed asisti\u00f3 la prefecta subrogante, Kelly Buenaventura.En el acto se entreg\u00f3 un reconocimiento a las personas gestoras de esta declaratoria: Segundo Ecuador V\u00e1squez Anchundia, Marco Antonio Franco Parrales, C\u00e9sar Enrique Tomal\u00e1 Mantuano, Fernanda Amada Romero Flores, y Jorge Salazar Vaca.Los asistentes tambi\u00e9n disfrutaron de expresiones musicales y danc\u00edsticas.\" \/>\n<meta name=\"robots\" content=\"index, follow, max-snippet:-1, max-image-preview:large, max-video-preview:-1\" \/>\n<link rel=\"canonical\" href=\"https:\/\/www.manabi.gob.ec\/index.php\/se-conmemoraron-los-15-anos-de-declaracion-de-las-fiestas-de-san-pedro-y-san-pablo-como-patrimonio-inmaterial-del-ecuador\/\" \/>\n<meta property=\"og:locale\" content=\"es_ES\" \/>\n<meta property=\"og:type\" content=\"article\" \/>\n<meta property=\"og:title\" content=\"Se conmemoraron los 15 a\u00f1os de declaraci\u00f3n de las Fiestas de San Pedro y San Pablo como Patrimonio Inmaterial del Ecuador - Prefectura de Manab\u00ed\" \/>\n<meta property=\"og:description\" content=\"El lunes 27 de junio, se desarroll\u00f3 en la parroquia Machalilla del cant\u00f3n Puerto L\u00f3pez una noche cultural por las fiestas de San Pedro y San Pablo, celebraci\u00f3n ancestral que hace 15 a\u00f1os fue declarada como Patrimonio Inmaterial del Ecuador.A esta actividad organizada por la Casa de la Cultura de Manab\u00ed asisti\u00f3 la prefecta subrogante, Kelly Buenaventura.En el acto se entreg\u00f3 un reconocimiento a las personas gestoras de esta declaratoria: Segundo Ecuador V\u00e1squez Anchundia, Marco Antonio Franco Parrales, C\u00e9sar Enrique Tomal\u00e1 Mantuano, Fernanda Amada Romero Flores, y Jorge Salazar Vaca.Los asistentes tambi\u00e9n disfrutaron de expresiones musicales y danc\u00edsticas.\" \/>\n<meta property=\"og:url\" content=\"https:\/\/www.manabi.gob.ec\/index.php\/se-conmemoraron-los-15-anos-de-declaracion-de-las-fiestas-de-san-pedro-y-san-pablo-como-patrimonio-inmaterial-del-ecuador\/\" \/>\n<meta property=\"og:site_name\" content=\"Prefectura de Manab\u00ed\" \/>\n<meta property=\"article:published_time\" content=\"2022-07-04T14:14:17+00:00\" \/>\n<meta property=\"article:modified_time\" content=\"2022-07-04T14:14:25+00:00\" \/>\n<meta property=\"og:image\" content=\"https:\/\/www.manabi.gob.ec\/wp-content\/uploads\/2022\/07\/WhatsApp-Image-2022-06-28-at-5.08.34-PM.jpeg\" \/>\n\t<meta property=\"og:image:width\" content=\"1296\" \/>\n\t<meta property=\"og:image:height\" content=\"864\" \/>\n\t<meta property=\"og:image:type\" content=\"image\/jpeg\" \/>\n<meta name=\"author\" content=\"Lui Ochoa\" \/>\n<meta name=\"twitter:card\" content=\"summary_large_image\" \/>\n<meta name=\"twitter:label1\" content=\"Escrito por\" \/>\n\t<meta name=\"twitter:data1\" content=\"Lui Ochoa\" \/>\n\t<meta name=\"twitter:label2\" content=\"Tiempo de lectura\" \/>\n\t<meta name=\"twitter:data2\" content=\"1 minuto\" \/>\n<script type=\"application\/ld+json\" class=\"yoast-schema-graph\">{\"@context\":\"https:\\\/\\\/schema.org\",\"@graph\":[{\"@type\":\"Article\",\"@id\":\"https:\\\/\\\/www.manabi.gob.ec\\\/index.php\\\/se-conmemoraron-los-15-anos-de-declaracion-de-las-fiestas-de-san-pedro-y-san-pablo-como-patrimonio-inmaterial-del-ecuador\\\/#article\",\"isPartOf\":{\"@id\":\"https:\\\/\\\/www.manabi.gob.ec\\\/index.php\\\/se-conmemoraron-los-15-anos-de-declaracion-de-las-fiestas-de-san-pedro-y-san-pablo-como-patrimonio-inmaterial-del-ecuador\\\/\"},\"author\":{\"name\":\"Lui Ochoa\",\"@id\":\"https:\\\/\\\/www.manabi.gob.ec\\\/#\\\/schema\\\/person\\\/c4f117989332ad723a6ced5994aa7d7a\"},\"headline\":\"Se conmemoraron los 15 a\u00f1os de declaraci\u00f3n de las Fiestas de San Pedro y San Pablo como Patrimonio Inmaterial del Ecuador\",\"datePublished\":\"2022-07-04T14:14:17+00:00\",\"dateModified\":\"2022-07-04T14:14:25+00:00\",\"mainEntityOfPage\":{\"@id\":\"https:\\\/\\\/www.manabi.gob.ec\\\/index.php\\\/se-conmemoraron-los-15-anos-de-declaracion-de-las-fiestas-de-san-pedro-y-san-pablo-como-patrimonio-inmaterial-del-ecuador\\\/\"},\"wordCount\":129,\"image\":{\"@id\":\"https:\\\/\\\/www.manabi.gob.ec\\\/index.php\\\/se-conmemoraron-los-15-anos-de-declaracion-de-las-fiestas-de-san-pedro-y-san-pablo-como-patrimonio-inmaterial-del-ecuador\\\/#primaryimage\"},\"thumbnailUrl\":\"https:\\\/\\\/www.manabi.gob.ec\\\/wp-content\\\/uploads\\\/2022\\\/07\\\/WhatsApp-Image-2022-06-28-at-5.08.34-PM.jpeg\",\"articleSection\":[\"Desarrollo Social\",\"Noticias\",\"Puerto L\u00f3pez\",\"Todas\"],\"inLanguage\":\"es\"},{\"@type\":\"WebPage\",\"@id\":\"https:\\\/\\\/www.manabi.gob.ec\\\/index.php\\\/se-conmemoraron-los-15-anos-de-declaracion-de-las-fiestas-de-san-pedro-y-san-pablo-como-patrimonio-inmaterial-del-ecuador\\\/\",\"url\":\"https:\\\/\\\/www.manabi.gob.ec\\\/index.php\\\/se-conmemoraron-los-15-anos-de-declaracion-de-las-fiestas-de-san-pedro-y-san-pablo-como-patrimonio-inmaterial-del-ecuador\\\/\",\"name\":\"Se conmemoraron los 15 a\u00f1os de declaraci\u00f3n de las Fiestas de San Pedro y San Pablo como Patrimonio Inmaterial del Ecuador - Prefectura de Manab\u00ed\",\"isPartOf\":{\"@id\":\"https:\\\/\\\/www.manabi.gob.ec\\\/#website\"},\"primaryImageOfPage\":{\"@id\":\"https:\\\/\\\/www.manabi.gob.ec\\\/index.php\\\/se-conmemoraron-los-15-anos-de-declaracion-de-las-fiestas-de-san-pedro-y-san-pablo-como-patrimonio-inmaterial-del-ecuador\\\/#primaryimage\"},\"image\":{\"@id\":\"https:\\\/\\\/www.manabi.gob.ec\\\/index.php\\\/se-conmemoraron-los-15-anos-de-declaracion-de-las-fiestas-de-san-pedro-y-san-pablo-como-patrimonio-inmaterial-del-ecuador\\\/#primaryimage\"},\"thumbnailUrl\":\"https:\\\/\\\/www.manabi.gob.ec\\\/wp-content\\\/uploads\\\/2022\\\/07\\\/WhatsApp-Image-2022-06-28-at-5.08.34-PM.jpeg\",\"datePublished\":\"2022-07-04T14:14:17+00:00\",\"dateModified\":\"2022-07-04T14:14:25+00:00\",\"author\":{\"@id\":\"https:\\\/\\\/www.manabi.gob.ec\\\/#\\\/schema\\\/person\\\/c4f117989332ad723a6ced5994aa7d7a\"},\"description\":\"El lunes 27 de junio, se desarroll\u00f3 en la parroquia Machalilla del cant\u00f3n Puerto L\u00f3pez una noche cultural por las fiestas de San Pedro y San Pablo, celebraci\u00f3n ancestral que hace 15 a\u00f1os fue declarada como Patrimonio Inmaterial del Ecuador.A esta actividad organizada por la Casa de la Cultura de Manab\u00ed asisti\u00f3 la prefecta subrogante, Kelly Buenaventura.En el acto se entreg\u00f3 un reconocimiento a las personas gestoras de esta declaratoria: Segundo Ecuador V\u00e1squez Anchundia, Marco Antonio Franco Parrales, C\u00e9sar Enrique Tomal\u00e1 Mantuano, Fernanda Amada Romero Flores, y Jorge Salazar Vaca.Los asistentes tambi\u00e9n disfrutaron de expresiones musicales y danc\u00edsticas.\",\"breadcrumb\":{\"@id\":\"https:\\\/\\\/www.manabi.gob.ec\\\/index.php\\\/se-conmemoraron-los-15-anos-de-declaracion-de-las-fiestas-de-san-pedro-y-san-pablo-como-patrimonio-inmaterial-del-ecuador\\\/#breadcrumb\"},\"inLanguage\":\"es\",\"potentialAction\":[{\"@type\":\"ReadAction\",\"target\":[\"https:\\\/\\\/www.manabi.gob.ec\\\/index.php\\\/se-conmemoraron-los-15-anos-de-declaracion-de-las-fiestas-de-san-pedro-y-san-pablo-como-patrimonio-inmaterial-del-ecuador\\\/\"]}]},{\"@type\":\"ImageObject\",\"inLanguage\":\"es\",\"@id\":\"https:\\\/\\\/www.manabi.gob.ec\\\/index.php\\\/se-conmemoraron-los-15-anos-de-declaracion-de-las-fiestas-de-san-pedro-y-san-pablo-como-patrimonio-inmaterial-del-ecuador\\\/#primaryimage\",\"url\":\"https:\\\/\\\/www.manabi.gob.ec\\\/wp-content\\\/uploads\\\/2022\\\/07\\\/WhatsApp-Image-2022-06-28-at-5.08.34-PM.jpeg\",\"contentUrl\":\"https:\\\/\\\/www.manabi.gob.ec\\\/wp-content\\\/uploads\\\/2022\\\/07\\\/WhatsApp-Image-2022-06-28-at-5.08.34-PM.jpeg\",\"width\":1296,\"height\":864},{\"@type\":\"BreadcrumbList\",\"@id\":\"https:\\\/\\\/www.manabi.gob.ec\\\/index.php\\\/se-conmemoraron-los-15-anos-de-declaracion-de-las-fiestas-de-san-pedro-y-san-pablo-como-patrimonio-inmaterial-del-ecuador\\\/#breadcrumb\",\"itemListElement\":[{\"@type\":\"ListItem\",\"position\":1,\"name\":\"Portada\",\"item\":\"https:\\\/\\\/www.manabi.gob.ec\\\/\"},{\"@type\":\"ListItem\",\"position\":2,\"name\":\"Se conmemoraron los 15 a\u00f1os de declaraci\u00f3n de las Fiestas de San Pedro y San Pablo como Patrimonio Inmaterial del Ecuador\"}]},{\"@type\":\"WebSite\",\"@id\":\"https:\\\/\\\/www.manabi.gob.ec\\\/#website\",\"url\":\"https:\\\/\\\/www.manabi.gob.ec\\\/\",\"name\":\"Prefectura de Manab\u00ed\",\"description\":\"P\u00e1gina web de la prefectura\",\"potentialAction\":[{\"@type\":\"SearchAction\",\"target\":{\"@type\":\"EntryPoint\",\"urlTemplate\":\"https:\\\/\\\/www.manabi.gob.ec\\\/?s={search_term_string}\"},\"query-input\":{\"@type\":\"PropertyValueSpecification\",\"valueRequired\":true,\"valueName\":\"search_term_string\"}}],\"inLanguage\":\"es\"},{\"@type\":\"Person\",\"@id\":\"https:\\\/\\\/www.manabi.gob.ec\\\/#\\\/schema\\\/person\\\/c4f117989332ad723a6ced5994aa7d7a\",\"name\":\"Lui Ochoa\",\"image\":{\"@type\":\"ImageObject\",\"inLanguage\":\"es\",\"@id\":\"https:\\\/\\\/secure.gravatar.com\\\/avatar\\\/6e8017d0fe69dead8a95864d2eb6e1e1d8bf8e01194ba49cf7b897ff038126ba?s=96&d=mm&r=g\",\"url\":\"https:\\\/\\\/secure.gravatar.com\\\/avatar\\\/6e8017d0fe69dead8a95864d2eb6e1e1d8bf8e01194ba49cf7b897ff038126ba?s=96&d=mm&r=g\",\"contentUrl\":\"https:\\\/\\\/secure.gravatar.com\\\/avatar\\\/6e8017d0fe69dead8a95864d2eb6e1e1d8bf8e01194ba49cf7b897ff038126ba?s=96&d=mm&r=g\",\"caption\":\"Lui Ochoa\"},\"url\":\"https:\\\/\\\/www.manabi.gob.ec\\\/index.php\\\/author\\\/lochoa\\\/\"}]}<\/script>\n<!-- \/ Yoast SEO plugin. -->","yoast_head_json":{"title":"Se conmemoraron los 15 a\u00f1os de declaraci\u00f3n de las Fiestas de San Pedro y San Pablo como Patrimonio Inmaterial del Ecuador - Prefectura de Manab\u00ed","description":"El lunes 27 de junio, se desarroll\u00f3 en la parroquia Machalilla del cant\u00f3n Puerto L\u00f3pez una noche cultural por las fiestas de San Pedro y San Pablo, celebraci\u00f3n ancestral que hace 15 a\u00f1os fue declarada como Patrimonio Inmaterial del Ecuador.A esta actividad organizada por la Casa de la Cultura de Manab\u00ed asisti\u00f3 la prefecta subrogante, Kelly Buenaventura.En el acto se entreg\u00f3 un reconocimiento a las personas gestoras de esta declaratoria: Segundo Ecuador V\u00e1squez Anchundia, Marco Antonio Franco Parrales, C\u00e9sar Enrique Tomal\u00e1 Mantuano, Fernanda Amada Romero Flores, y Jorge Salazar Vaca.Los asistentes tambi\u00e9n disfrutaron de expresiones musicales y danc\u00edsticas.","robots":{"index":"index","follow":"follow","max-snippet":"max-snippet:-1","max-image-preview":"max-image-preview:large","max-video-preview":"max-video-preview:-1"},"canonical":"https:\/\/www.manabi.gob.ec\/index.php\/se-conmemoraron-los-15-anos-de-declaracion-de-las-fiestas-de-san-pedro-y-san-pablo-como-patrimonio-inmaterial-del-ecuador\/","og_locale":"es_ES","og_type":"article","og_title":"Se conmemoraron los 15 a\u00f1os de declaraci\u00f3n de las Fiestas de San Pedro y San Pablo como Patrimonio Inmaterial del Ecuador - Prefectura de Manab\u00ed","og_description":"El lunes 27 de junio, se desarroll\u00f3 en la parroquia Machalilla del cant\u00f3n Puerto L\u00f3pez una noche cultural por las fiestas de San Pedro y San Pablo, celebraci\u00f3n ancestral que hace 15 a\u00f1os fue declarada como Patrimonio Inmaterial del Ecuador.A esta actividad organizada por la Casa de la Cultura de Manab\u00ed asisti\u00f3 la prefecta subrogante, Kelly Buenaventura.En el acto se entreg\u00f3 un reconocimiento a las personas gestoras de esta declaratoria: Segundo Ecuador V\u00e1squez Anchundia, Marco Antonio Franco Parrales, C\u00e9sar Enrique Tomal\u00e1 Mantuano, Fernanda Amada Romero Flores, y Jorge Salazar Vaca.Los asistentes tambi\u00e9n disfrutaron de expresiones musicales y danc\u00edsticas.","og_url":"https:\/\/www.manabi.gob.ec\/index.php\/se-conmemoraron-los-15-anos-de-declaracion-de-las-fiestas-de-san-pedro-y-san-pablo-como-patrimonio-inmaterial-del-ecuador\/","og_site_name":"Prefectura de Manab\u00ed","article_published_time":"2022-07-04T14:14:17+00:00","article_modified_time":"2022-07-04T14:14:25+00:00","og_image":[{"width":1296,"height":864,"url":"https:\/\/www.manabi.gob.ec\/wp-content\/uploads\/2022\/07\/WhatsApp-Image-2022-06-28-at-5.08.34-PM.jpeg","type":"image\/jpeg"}],"author":"Lui Ochoa","twitter_card":"summary_large_image","twitter_misc":{"Escrito por":"Lui Ochoa","Tiempo de lectura":"1 minuto"},"schema":{"@context":"https:\/\/schema.org","@graph":[{"@type":"Article","@id":"https:\/\/www.manabi.gob.ec\/index.php\/se-conmemoraron-los-15-anos-de-declaracion-de-las-fiestas-de-san-pedro-y-san-pablo-como-patrimonio-inmaterial-del-ecuador\/#article","isPartOf":{"@id":"https:\/\/www.manabi.gob.ec\/index.php\/se-conmemoraron-los-15-anos-de-declaracion-de-las-fiestas-de-san-pedro-y-san-pablo-como-patrimonio-inmaterial-del-ecuador\/"},"author":{"name":"Lui Ochoa","@id":"https:\/\/www.manabi.gob.ec\/#\/schema\/person\/c4f117989332ad723a6ced5994aa7d7a"},"headline":"Se conmemoraron los 15 a\u00f1os de declaraci\u00f3n de las Fiestas de San Pedro y San Pablo como Patrimonio Inmaterial del Ecuador","datePublished":"2022-07-04T14:14:17+00:00","dateModified":"2022-07-04T14:14:25+00:00","mainEntityOfPage":{"@id":"https:\/\/www.manabi.gob.ec\/index.php\/se-conmemoraron-los-15-anos-de-declaracion-de-las-fiestas-de-san-pedro-y-san-pablo-como-patrimonio-inmaterial-del-ecuador\/"},"wordCount":129,"image":{"@id":"https:\/\/www.manabi.gob.ec\/index.php\/se-conmemoraron-los-15-anos-de-declaracion-de-las-fiestas-de-san-pedro-y-san-pablo-como-patrimonio-inmaterial-del-ecuador\/#primaryimage"},"thumbnailUrl":"https:\/\/www.manabi.gob.ec\/wp-content\/uploads\/2022\/07\/WhatsApp-Image-2022-06-28-at-5.08.34-PM.jpeg","articleSection":["Desarrollo Social","Noticias","Puerto L\u00f3pez","Todas"],"inLanguage":"es"},{"@type":"WebPage","@id":"https:\/\/www.manabi.gob.ec\/index.php\/se-conmemoraron-los-15-anos-de-declaracion-de-las-fiestas-de-san-pedro-y-san-pablo-como-patrimonio-inmaterial-del-ecuador\/","url":"https:\/\/www.manabi.gob.ec\/index.php\/se-conmemoraron-los-15-anos-de-declaracion-de-las-fiestas-de-san-pedro-y-san-pablo-como-patrimonio-inmaterial-del-ecuador\/","name":"Se conmemoraron los 15 a\u00f1os de declaraci\u00f3n de las Fiestas de San Pedro y San Pablo como Patrimonio Inmaterial del Ecuador - Prefectura de Manab\u00ed","isPartOf":{"@id":"https:\/\/www.manabi.gob.ec\/#website"},"primaryImageOfPage":{"@id":"https:\/\/www.manabi.gob.ec\/index.php\/se-conmemoraron-los-15-anos-de-declaracion-de-las-fiestas-de-san-pedro-y-san-pablo-como-patrimonio-inmaterial-del-ecuador\/#primaryimage"},"image":{"@id":"https:\/\/www.manabi.gob.ec\/index.php\/se-conmemoraron-los-15-anos-de-declaracion-de-las-fiestas-de-san-pedro-y-san-pablo-como-patrimonio-inmaterial-del-ecuador\/#primaryimage"},"thumbnailUrl":"https:\/\/www.manabi.gob.ec\/wp-content\/uploads\/2022\/07\/WhatsApp-Image-2022-06-28-at-5.08.34-PM.jpeg","datePublished":"2022-07-04T14:14:17+00:00","dateModified":"2022-07-04T14:14:25+00:00","author":{"@id":"https:\/\/www.manabi.gob.ec\/#\/schema\/person\/c4f117989332ad723a6ced5994aa7d7a"},"description":"El lunes 27 de junio, se desarroll\u00f3 en la parroquia Machalilla del cant\u00f3n Puerto L\u00f3pez una noche cultural por las fiestas de San Pedro y San Pablo, celebraci\u00f3n ancestral que hace 15 a\u00f1os fue declarada como Patrimonio Inmaterial del Ecuador.A esta actividad organizada por la Casa de la Cultura de Manab\u00ed asisti\u00f3 la prefecta subrogante, Kelly Buenaventura.En el acto se entreg\u00f3 un reconocimiento a las personas gestoras de esta declaratoria: Segundo Ecuador V\u00e1squez Anchundia, Marco Antonio Franco Parrales, C\u00e9sar Enrique Tomal\u00e1 Mantuano, Fernanda Amada Romero Flores, y Jorge Salazar Vaca.Los asistentes tambi\u00e9n disfrutaron de expresiones musicales y danc\u00edsticas.","breadcrumb":{"@id":"https:\/\/www.manabi.gob.ec\/index.php\/se-conmemoraron-los-15-anos-de-declaracion-de-las-fiestas-de-san-pedro-y-san-pablo-como-patrimonio-inmaterial-del-ecuador\/#breadcrumb"},"inLanguage":"es","potentialAction":[{"@type":"ReadAction","target":["https:\/\/www.manabi.gob.ec\/index.php\/se-conmemoraron-los-15-anos-de-declaracion-de-las-fiestas-de-san-pedro-y-san-pablo-como-patrimonio-inmaterial-del-ecuador\/"]}]},{"@type":"ImageObject","inLanguage":"es","@id":"https:\/\/www.manabi.gob.ec\/index.php\/se-conmemoraron-los-15-anos-de-declaracion-de-las-fiestas-de-san-pedro-y-san-pablo-como-patrimonio-inmaterial-del-ecuador\/#primaryimage","url":"https:\/\/www.manabi.gob.ec\/wp-content\/uploads\/2022\/07\/WhatsApp-Image-2022-06-28-at-5.08.34-PM.jpeg","contentUrl":"https:\/\/www.manabi.gob.ec\/wp-content\/uploads\/2022\/07\/WhatsApp-Image-2022-06-28-at-5.08.34-PM.jpeg","width":1296,"height":864},{"@type":"BreadcrumbList","@id":"https:\/\/www.manabi.gob.ec\/index.php\/se-conmemoraron-los-15-anos-de-declaracion-de-las-fiestas-de-san-pedro-y-san-pablo-como-patrimonio-inmaterial-del-ecuador\/#breadcrumb","itemListElement":[{"@type":"ListItem","position":1,"name":"Portada","item":"https:\/\/www.manabi.gob.ec\/"},{"@type":"ListItem","position":2,"name":"Se conmemoraron los 15 a\u00f1os de declaraci\u00f3n de las Fiestas de San Pedro y San Pablo como Patrimonio Inmaterial del Ecuador"}]},{"@type":"WebSite","@id":"https:\/\/www.manabi.gob.ec\/#website","url":"https:\/\/www.manabi.gob.ec\/","name":"Prefectura de Manab\u00ed","description":"P\u00e1gina web de la prefectura","potentialAction":[{"@type":"SearchAction","target":{"@type":"EntryPoint","urlTemplate":"https:\/\/www.manabi.gob.ec\/?s={search_term_string}"},"query-input":{"@type":"PropertyValueSpecification","valueRequired":true,"valueName":"search_term_string"}}],"inLanguage":"es"},{"@type":"Person","@id":"https:\/\/www.manabi.gob.ec\/#\/schema\/person\/c4f117989332ad723a6ced5994aa7d7a","name":"Lui Ochoa","image":{"@type":"ImageObject","inLanguage":"es","@id":"https:\/\/secure.gravatar.com\/avatar\/6e8017d0fe69dead8a95864d2eb6e1e1d8bf8e01194ba49cf7b897ff038126ba?s=96&d=mm&r=g","url":"https:\/\/secure.gravatar.com\/avatar\/6e8017d0fe69dead8a95864d2eb6e1e1d8bf8e01194ba49cf7b897ff038126ba?s=96&d=mm&r=g","contentUrl":"https:\/\/secure.gravatar.com\/avatar\/6e8017d0fe69dead8a95864d2eb6e1e1d8bf8e01194ba49cf7b897ff038126ba?s=96&d=mm&r=g","caption":"Lui Ochoa"},"url":"https:\/\/www.manabi.gob.ec\/index.php\/author\/lochoa\/"}]}},"jetpack_featured_media_url":"https:\/\/www.manabi.gob.ec\/wp-content\/uploads\/2022\/07\/WhatsApp-Image-2022-06-28-at-5.08.34-PM.jpeg","_links":{"self":[{"href":"https:\/\/www.manabi.gob.ec\/index.php\/wp-json\/wp\/v2\/posts\/21277","targetHints":{"allow":["GET"]}}],"collection":[{"href":"https:\/\/www.manabi.gob.ec\/index.php\/wp-json\/wp\/v2\/posts"}],"about":[{"href":"https:\/\/www.manabi.gob.ec\/index.php\/wp-json\/wp\/v2\/types\/post"}],"author":[{"embeddable":true,"href":"https:\/\/www.manabi.gob.ec\/index.php\/wp-json\/wp\/v2\/users\/10"}],"replies":[{"embeddable":true,"href":"https:\/\/www.manabi.gob.ec\/index.php\/wp-json\/wp\/v2\/comments?post=21277"}],"version-history":[{"count":0,"href":"https:\/\/www.manabi.gob.ec\/index.php\/wp-json\/wp\/v2\/posts\/21277\/revisions"}],"wp:featuredmedia":[{"embeddable":true,"href":"https:\/\/www.manabi.gob.ec\/index.php\/wp-json\/wp\/v2\/media\/21278"}],"wp:attachment":[{"href":"https:\/\/www.manabi.gob.ec\/index.php\/wp-json\/wp\/v2\/media?parent=21277"}],"wp:term":[{"taxonomy":"category","embeddable":true,"href":"https:\/\/www.manabi.gob.ec\/index.php\/wp-json\/wp\/v2\/categories?post=21277"},{"taxonomy":"post_tag","embeddable":true,"href":"https:\/\/www.manabi.gob.ec\/index.php\/wp-json\/wp\/v2\/tags?post=21277"}],"curies":[{"name":"wp","href":"https:\/\/api.w.org\/{rel}","templated":true}]}}