{"id":21283,"date":"2022-07-04T16:24:59","date_gmt":"2022-07-04T16:24:59","guid":{"rendered":"https:\/\/www.manabi.gob.ec\/?p=21283"},"modified":"2022-07-04T16:25:04","modified_gmt":"2022-07-04T16:25:04","slug":"manabi-presente-en-el-foro-mundial-habitat-en-polonia","status":"publish","type":"post","link":"https:\/\/www.manabi.gob.ec\/index.php\/manabi-presente-en-el-foro-mundial-habitat-en-polonia\/","title":{"rendered":"Manab\u00ed presente en el Foro Mundial H\u00e1bitat en Polonia"},"content":{"rendered":"\n<p>Nuestra provincia se destaca en el Foro Mundial H\u00e1bitat de la ONU que se desarrolla en la ciudad de Katowice, Polonia, donde Walter Intriago, asesor de la Prefectura de Manab\u00ed, realiza una exposici\u00f3n en representaci\u00f3n del prefecto, Leonardo Orlando, quien tambi\u00e9n cumple una agenda internacional en Barcelona.<\/p>\n\n\n\n<p><br>Esta visita ha sido fundamental para exponer al mundo el modelo de desarrollo, la alianza estrat\u00e9gica entre la Prefectura de Manab\u00ed y ONU H\u00e1bitat, que permite ejecutar las metodolog\u00edas para la planificaci\u00f3n de la provincia.<\/p>\n\n\n\n<p><br>\u201cAl tener un proceso de desarrollo econ\u00f3mico basado en lo ex\u00f3geno y tambi\u00e9n en lo end\u00f3geno que nos permita tener alta competitividad en el territorio\u201d, expres\u00f3 Intriago durante su exposici\u00f3n y explicaci\u00f3n a los diferentes participantes del foro.<br>Este foro se desarrolla desde el 26 de junio y re\u00fane a los representes de diferentes gobiernos, sociedad civil, sector privado y agentes interesados en la Nueva Agenda Urbana para apoyar la urbanizaci\u00f3n sostenible.<\/p>\n","protected":false},"excerpt":{"rendered":"<p>Nuestra provincia se destaca en el Foro Mundial H\u00e1bitat de la ONU que se desarrolla en la ciudad de Katowice, Polonia, donde Walter Intriago, asesor de la Prefectura de Manab\u00ed, realiza una exposici\u00f3n en representaci\u00f3n del prefecto, Leonardo Orlando, quien tambi\u00e9n cumple una agenda internacional en Barcelona. Esta visita ha sido fundamental para exponer al [&hellip;]<\/p>\n","protected":false},"author":10,"featured_media":21284,"comment_status":"closed","ping_status":"closed","sticky":false,"template":"","format":"standard","meta":{"_joinchat":[],"footnotes":""},"categories":[142,92,193,91],"tags":[],"class_list":["post-21283","post","type-post","status-publish","format-standard","has-post-thumbnail","hentry","category-desarrollo-social","category-noticias-manabi","category-participacion-ciudadana","category-todas"],"yoast_head":"<!-- This site is optimized with the Yoast SEO plugin v27.4 - https:\/\/yoast.com\/product\/yoast-seo-wordpress\/ -->\n<title>Manab\u00ed presente en el Foro Mundial H\u00e1bitat en Polonia - Prefectura de Manab\u00ed<\/title>\n<meta name=\"robots\" content=\"index, follow, max-snippet:-1, max-image-preview:large, max-video-preview:-1\" \/>\n<link rel=\"canonical\" href=\"https:\/\/www.manabi.gob.ec\/index.php\/manabi-presente-en-el-foro-mundial-habitat-en-polonia\/\" \/>\n<meta property=\"og:locale\" content=\"es_ES\" \/>\n<meta property=\"og:type\" content=\"article\" \/>\n<meta property=\"og:title\" content=\"Manab\u00ed presente en el Foro Mundial H\u00e1bitat en Polonia - Prefectura de Manab\u00ed\" \/>\n<meta property=\"og:description\" content=\"Nuestra provincia se destaca en el Foro Mundial H\u00e1bitat de la ONU que se desarrolla en la ciudad de Katowice, Polonia, donde Walter Intriago, asesor de la Prefectura de Manab\u00ed, realiza una exposici\u00f3n en representaci\u00f3n del prefecto, Leonardo Orlando, quien tambi\u00e9n cumple una agenda internacional en Barcelona. Esta visita ha sido fundamental para exponer al [&hellip;]\" \/>\n<meta property=\"og:url\" content=\"https:\/\/www.manabi.gob.ec\/index.php\/manabi-presente-en-el-foro-mundial-habitat-en-polonia\/\" \/>\n<meta property=\"og:site_name\" content=\"Prefectura de Manab\u00ed\" \/>\n<meta property=\"article:published_time\" content=\"2022-07-04T16:24:59+00:00\" \/>\n<meta property=\"article:modified_time\" content=\"2022-07-04T16:25:04+00:00\" \/>\n<meta property=\"og:image\" content=\"https:\/\/www.manabi.gob.ec\/wp-content\/uploads\/2022\/07\/WhatsApp-Image-2022-06-29-at-11.45.02-AM.jpeg\" \/>\n\t<meta property=\"og:image:width\" content=\"1600\" \/>\n\t<meta property=\"og:image:height\" content=\"900\" \/>\n\t<meta property=\"og:image:type\" content=\"image\/jpeg\" \/>\n<meta name=\"author\" content=\"Lui Ochoa\" \/>\n<meta name=\"twitter:card\" content=\"summary_large_image\" \/>\n<meta name=\"twitter:label1\" content=\"Escrito por\" \/>\n\t<meta name=\"twitter:data1\" content=\"Lui Ochoa\" \/>\n\t<meta name=\"twitter:label2\" content=\"Tiempo de lectura\" \/>\n\t<meta name=\"twitter:data2\" content=\"1 minuto\" \/>\n<script type=\"application\/ld+json\" class=\"yoast-schema-graph\">{\"@context\":\"https:\\\/\\\/schema.org\",\"@graph\":[{\"@type\":\"Article\",\"@id\":\"https:\\\/\\\/www.manabi.gob.ec\\\/index.php\\\/manabi-presente-en-el-foro-mundial-habitat-en-polonia\\\/#article\",\"isPartOf\":{\"@id\":\"https:\\\/\\\/www.manabi.gob.ec\\\/index.php\\\/manabi-presente-en-el-foro-mundial-habitat-en-polonia\\\/\"},\"author\":{\"name\":\"Lui Ochoa\",\"@id\":\"https:\\\/\\\/www.manabi.gob.ec\\\/#\\\/schema\\\/person\\\/c4f117989332ad723a6ced5994aa7d7a\"},\"headline\":\"Manab\u00ed presente en el Foro Mundial H\u00e1bitat en Polonia\",\"datePublished\":\"2022-07-04T16:24:59+00:00\",\"dateModified\":\"2022-07-04T16:25:04+00:00\",\"mainEntityOfPage\":{\"@id\":\"https:\\\/\\\/www.manabi.gob.ec\\\/index.php\\\/manabi-presente-en-el-foro-mundial-habitat-en-polonia\\\/\"},\"wordCount\":179,\"image\":{\"@id\":\"https:\\\/\\\/www.manabi.gob.ec\\\/index.php\\\/manabi-presente-en-el-foro-mundial-habitat-en-polonia\\\/#primaryimage\"},\"thumbnailUrl\":\"https:\\\/\\\/www.manabi.gob.ec\\\/wp-content\\\/uploads\\\/2022\\\/07\\\/WhatsApp-Image-2022-06-29-at-11.45.02-AM.jpeg\",\"articleSection\":[\"Desarrollo Social\",\"Noticias\",\"Participaci\u00f3n ciudadana\",\"Todas\"],\"inLanguage\":\"es\"},{\"@type\":\"WebPage\",\"@id\":\"https:\\\/\\\/www.manabi.gob.ec\\\/index.php\\\/manabi-presente-en-el-foro-mundial-habitat-en-polonia\\\/\",\"url\":\"https:\\\/\\\/www.manabi.gob.ec\\\/index.php\\\/manabi-presente-en-el-foro-mundial-habitat-en-polonia\\\/\",\"name\":\"Manab\u00ed presente en el Foro Mundial H\u00e1bitat en Polonia - Prefectura de Manab\u00ed\",\"isPartOf\":{\"@id\":\"https:\\\/\\\/www.manabi.gob.ec\\\/#website\"},\"primaryImageOfPage\":{\"@id\":\"https:\\\/\\\/www.manabi.gob.ec\\\/index.php\\\/manabi-presente-en-el-foro-mundial-habitat-en-polonia\\\/#primaryimage\"},\"image\":{\"@id\":\"https:\\\/\\\/www.manabi.gob.ec\\\/index.php\\\/manabi-presente-en-el-foro-mundial-habitat-en-polonia\\\/#primaryimage\"},\"thumbnailUrl\":\"https:\\\/\\\/www.manabi.gob.ec\\\/wp-content\\\/uploads\\\/2022\\\/07\\\/WhatsApp-Image-2022-06-29-at-11.45.02-AM.jpeg\",\"datePublished\":\"2022-07-04T16:24:59+00:00\",\"dateModified\":\"2022-07-04T16:25:04+00:00\",\"author\":{\"@id\":\"https:\\\/\\\/www.manabi.gob.ec\\\/#\\\/schema\\\/person\\\/c4f117989332ad723a6ced5994aa7d7a\"},\"breadcrumb\":{\"@id\":\"https:\\\/\\\/www.manabi.gob.ec\\\/index.php\\\/manabi-presente-en-el-foro-mundial-habitat-en-polonia\\\/#breadcrumb\"},\"inLanguage\":\"es\",\"potentialAction\":[{\"@type\":\"ReadAction\",\"target\":[\"https:\\\/\\\/www.manabi.gob.ec\\\/index.php\\\/manabi-presente-en-el-foro-mundial-habitat-en-polonia\\\/\"]}]},{\"@type\":\"ImageObject\",\"inLanguage\":\"es\",\"@id\":\"https:\\\/\\\/www.manabi.gob.ec\\\/index.php\\\/manabi-presente-en-el-foro-mundial-habitat-en-polonia\\\/#primaryimage\",\"url\":\"https:\\\/\\\/www.manabi.gob.ec\\\/wp-content\\\/uploads\\\/2022\\\/07\\\/WhatsApp-Image-2022-06-29-at-11.45.02-AM.jpeg\",\"contentUrl\":\"https:\\\/\\\/www.manabi.gob.ec\\\/wp-content\\\/uploads\\\/2022\\\/07\\\/WhatsApp-Image-2022-06-29-at-11.45.02-AM.jpeg\",\"width\":1600,\"height\":900},{\"@type\":\"BreadcrumbList\",\"@id\":\"https:\\\/\\\/www.manabi.gob.ec\\\/index.php\\\/manabi-presente-en-el-foro-mundial-habitat-en-polonia\\\/#breadcrumb\",\"itemListElement\":[{\"@type\":\"ListItem\",\"position\":1,\"name\":\"Portada\",\"item\":\"https:\\\/\\\/www.manabi.gob.ec\\\/\"},{\"@type\":\"ListItem\",\"position\":2,\"name\":\"Manab\u00ed presente en el Foro Mundial H\u00e1bitat en Polonia\"}]},{\"@type\":\"WebSite\",\"@id\":\"https:\\\/\\\/www.manabi.gob.ec\\\/#website\",\"url\":\"https:\\\/\\\/www.manabi.gob.ec\\\/\",\"name\":\"Prefectura de Manab\u00ed\",\"description\":\"P\u00e1gina web de la prefectura\",\"potentialAction\":[{\"@type\":\"SearchAction\",\"target\":{\"@type\":\"EntryPoint\",\"urlTemplate\":\"https:\\\/\\\/www.manabi.gob.ec\\\/?s={search_term_string}\"},\"query-input\":{\"@type\":\"PropertyValueSpecification\",\"valueRequired\":true,\"valueName\":\"search_term_string\"}}],\"inLanguage\":\"es\"},{\"@type\":\"Person\",\"@id\":\"https:\\\/\\\/www.manabi.gob.ec\\\/#\\\/schema\\\/person\\\/c4f117989332ad723a6ced5994aa7d7a\",\"name\":\"Lui Ochoa\",\"image\":{\"@type\":\"ImageObject\",\"inLanguage\":\"es\",\"@id\":\"https:\\\/\\\/secure.gravatar.com\\\/avatar\\\/6e8017d0fe69dead8a95864d2eb6e1e1d8bf8e01194ba49cf7b897ff038126ba?s=96&d=mm&r=g\",\"url\":\"https:\\\/\\\/secure.gravatar.com\\\/avatar\\\/6e8017d0fe69dead8a95864d2eb6e1e1d8bf8e01194ba49cf7b897ff038126ba?s=96&d=mm&r=g\",\"contentUrl\":\"https:\\\/\\\/secure.gravatar.com\\\/avatar\\\/6e8017d0fe69dead8a95864d2eb6e1e1d8bf8e01194ba49cf7b897ff038126ba?s=96&d=mm&r=g\",\"caption\":\"Lui Ochoa\"},\"url\":\"https:\\\/\\\/www.manabi.gob.ec\\\/index.php\\\/author\\\/lochoa\\\/\"}]}<\/script>\n<!-- \/ Yoast SEO plugin. -->","yoast_head_json":{"title":"Manab\u00ed presente en el Foro Mundial H\u00e1bitat en Polonia - Prefectura de Manab\u00ed","robots":{"index":"index","follow":"follow","max-snippet":"max-snippet:-1","max-image-preview":"max-image-preview:large","max-video-preview":"max-video-preview:-1"},"canonical":"https:\/\/www.manabi.gob.ec\/index.php\/manabi-presente-en-el-foro-mundial-habitat-en-polonia\/","og_locale":"es_ES","og_type":"article","og_title":"Manab\u00ed presente en el Foro Mundial H\u00e1bitat en Polonia - Prefectura de Manab\u00ed","og_description":"Nuestra provincia se destaca en el Foro Mundial H\u00e1bitat de la ONU que se desarrolla en la ciudad de Katowice, Polonia, donde Walter Intriago, asesor de la Prefectura de Manab\u00ed, realiza una exposici\u00f3n en representaci\u00f3n del prefecto, Leonardo Orlando, quien tambi\u00e9n cumple una agenda internacional en Barcelona. Esta visita ha sido fundamental para exponer al [&hellip;]","og_url":"https:\/\/www.manabi.gob.ec\/index.php\/manabi-presente-en-el-foro-mundial-habitat-en-polonia\/","og_site_name":"Prefectura de Manab\u00ed","article_published_time":"2022-07-04T16:24:59+00:00","article_modified_time":"2022-07-04T16:25:04+00:00","og_image":[{"width":1600,"height":900,"url":"https:\/\/www.manabi.gob.ec\/wp-content\/uploads\/2022\/07\/WhatsApp-Image-2022-06-29-at-11.45.02-AM.jpeg","type":"image\/jpeg"}],"author":"Lui Ochoa","twitter_card":"summary_large_image","twitter_misc":{"Escrito por":"Lui Ochoa","Tiempo de lectura":"1 minuto"},"schema":{"@context":"https:\/\/schema.org","@graph":[{"@type":"Article","@id":"https:\/\/www.manabi.gob.ec\/index.php\/manabi-presente-en-el-foro-mundial-habitat-en-polonia\/#article","isPartOf":{"@id":"https:\/\/www.manabi.gob.ec\/index.php\/manabi-presente-en-el-foro-mundial-habitat-en-polonia\/"},"author":{"name":"Lui Ochoa","@id":"https:\/\/www.manabi.gob.ec\/#\/schema\/person\/c4f117989332ad723a6ced5994aa7d7a"},"headline":"Manab\u00ed presente en el Foro Mundial H\u00e1bitat en Polonia","datePublished":"2022-07-04T16:24:59+00:00","dateModified":"2022-07-04T16:25:04+00:00","mainEntityOfPage":{"@id":"https:\/\/www.manabi.gob.ec\/index.php\/manabi-presente-en-el-foro-mundial-habitat-en-polonia\/"},"wordCount":179,"image":{"@id":"https:\/\/www.manabi.gob.ec\/index.php\/manabi-presente-en-el-foro-mundial-habitat-en-polonia\/#primaryimage"},"thumbnailUrl":"https:\/\/www.manabi.gob.ec\/wp-content\/uploads\/2022\/07\/WhatsApp-Image-2022-06-29-at-11.45.02-AM.jpeg","articleSection":["Desarrollo Social","Noticias","Participaci\u00f3n ciudadana","Todas"],"inLanguage":"es"},{"@type":"WebPage","@id":"https:\/\/www.manabi.gob.ec\/index.php\/manabi-presente-en-el-foro-mundial-habitat-en-polonia\/","url":"https:\/\/www.manabi.gob.ec\/index.php\/manabi-presente-en-el-foro-mundial-habitat-en-polonia\/","name":"Manab\u00ed presente en el Foro Mundial H\u00e1bitat en Polonia - Prefectura de Manab\u00ed","isPartOf":{"@id":"https:\/\/www.manabi.gob.ec\/#website"},"primaryImageOfPage":{"@id":"https:\/\/www.manabi.gob.ec\/index.php\/manabi-presente-en-el-foro-mundial-habitat-en-polonia\/#primaryimage"},"image":{"@id":"https:\/\/www.manabi.gob.ec\/index.php\/manabi-presente-en-el-foro-mundial-habitat-en-polonia\/#primaryimage"},"thumbnailUrl":"https:\/\/www.manabi.gob.ec\/wp-content\/uploads\/2022\/07\/WhatsApp-Image-2022-06-29-at-11.45.02-AM.jpeg","datePublished":"2022-07-04T16:24:59+00:00","dateModified":"2022-07-04T16:25:04+00:00","author":{"@id":"https:\/\/www.manabi.gob.ec\/#\/schema\/person\/c4f117989332ad723a6ced5994aa7d7a"},"breadcrumb":{"@id":"https:\/\/www.manabi.gob.ec\/index.php\/manabi-presente-en-el-foro-mundial-habitat-en-polonia\/#breadcrumb"},"inLanguage":"es","potentialAction":[{"@type":"ReadAction","target":["https:\/\/www.manabi.gob.ec\/index.php\/manabi-presente-en-el-foro-mundial-habitat-en-polonia\/"]}]},{"@type":"ImageObject","inLanguage":"es","@id":"https:\/\/www.manabi.gob.ec\/index.php\/manabi-presente-en-el-foro-mundial-habitat-en-polonia\/#primaryimage","url":"https:\/\/www.manabi.gob.ec\/wp-content\/uploads\/2022\/07\/WhatsApp-Image-2022-06-29-at-11.45.02-AM.jpeg","contentUrl":"https:\/\/www.manabi.gob.ec\/wp-content\/uploads\/2022\/07\/WhatsApp-Image-2022-06-29-at-11.45.02-AM.jpeg","width":1600,"height":900},{"@type":"BreadcrumbList","@id":"https:\/\/www.manabi.gob.ec\/index.php\/manabi-presente-en-el-foro-mundial-habitat-en-polonia\/#breadcrumb","itemListElement":[{"@type":"ListItem","position":1,"name":"Portada","item":"https:\/\/www.manabi.gob.ec\/"},{"@type":"ListItem","position":2,"name":"Manab\u00ed presente en el Foro Mundial H\u00e1bitat en Polonia"}]},{"@type":"WebSite","@id":"https:\/\/www.manabi.gob.ec\/#website","url":"https:\/\/www.manabi.gob.ec\/","name":"Prefectura de Manab\u00ed","description":"P\u00e1gina web de la prefectura","potentialAction":[{"@type":"SearchAction","target":{"@type":"EntryPoint","urlTemplate":"https:\/\/www.manabi.gob.ec\/?s={search_term_string}"},"query-input":{"@type":"PropertyValueSpecification","valueRequired":true,"valueName":"search_term_string"}}],"inLanguage":"es"},{"@type":"Person","@id":"https:\/\/www.manabi.gob.ec\/#\/schema\/person\/c4f117989332ad723a6ced5994aa7d7a","name":"Lui Ochoa","image":{"@type":"ImageObject","inLanguage":"es","@id":"https:\/\/secure.gravatar.com\/avatar\/6e8017d0fe69dead8a95864d2eb6e1e1d8bf8e01194ba49cf7b897ff038126ba?s=96&d=mm&r=g","url":"https:\/\/secure.gravatar.com\/avatar\/6e8017d0fe69dead8a95864d2eb6e1e1d8bf8e01194ba49cf7b897ff038126ba?s=96&d=mm&r=g","contentUrl":"https:\/\/secure.gravatar.com\/avatar\/6e8017d0fe69dead8a95864d2eb6e1e1d8bf8e01194ba49cf7b897ff038126ba?s=96&d=mm&r=g","caption":"Lui Ochoa"},"url":"https:\/\/www.manabi.gob.ec\/index.php\/author\/lochoa\/"}]}},"jetpack_featured_media_url":"https:\/\/www.manabi.gob.ec\/wp-content\/uploads\/2022\/07\/WhatsApp-Image-2022-06-29-at-11.45.02-AM.jpeg","_links":{"self":[{"href":"https:\/\/www.manabi.gob.ec\/index.php\/wp-json\/wp\/v2\/posts\/21283","targetHints":{"allow":["GET"]}}],"collection":[{"href":"https:\/\/www.manabi.gob.ec\/index.php\/wp-json\/wp\/v2\/posts"}],"about":[{"href":"https:\/\/www.manabi.gob.ec\/index.php\/wp-json\/wp\/v2\/types\/post"}],"author":[{"embeddable":true,"href":"https:\/\/www.manabi.gob.ec\/index.php\/wp-json\/wp\/v2\/users\/10"}],"replies":[{"embeddable":true,"href":"https:\/\/www.manabi.gob.ec\/index.php\/wp-json\/wp\/v2\/comments?post=21283"}],"version-history":[{"count":0,"href":"https:\/\/www.manabi.gob.ec\/index.php\/wp-json\/wp\/v2\/posts\/21283\/revisions"}],"wp:featuredmedia":[{"embeddable":true,"href":"https:\/\/www.manabi.gob.ec\/index.php\/wp-json\/wp\/v2\/media\/21284"}],"wp:attachment":[{"href":"https:\/\/www.manabi.gob.ec\/index.php\/wp-json\/wp\/v2\/media?parent=21283"}],"wp:term":[{"taxonomy":"category","embeddable":true,"href":"https:\/\/www.manabi.gob.ec\/index.php\/wp-json\/wp\/v2\/categories?post=21283"},{"taxonomy":"post_tag","embeddable":true,"href":"https:\/\/www.manabi.gob.ec\/index.php\/wp-json\/wp\/v2\/tags?post=21283"}],"curies":[{"name":"wp","href":"https:\/\/api.w.org\/{rel}","templated":true}]}}