{"id":21293,"date":"2022-07-04T16:51:12","date_gmt":"2022-07-04T16:51:12","guid":{"rendered":"https:\/\/www.manabi.gob.ec\/?p=21293"},"modified":"2022-07-04T16:51:17","modified_gmt":"2022-07-04T16:51:17","slug":"trabajamos-para-la-prevencion-de-salud-en-el-barrio-el-paraiso-2-del-canton-el-carmen","status":"publish","type":"post","link":"https:\/\/www.manabi.gob.ec\/index.php\/trabajamos-para-la-prevencion-de-salud-en-el-barrio-el-paraiso-2-del-canton-el-carmen\/","title":{"rendered":"TRABAJAMOS PARA LA PREVENCI\u00d3N DE SALUD EN EL BARRIO EL PARAISO 2 DEL CANT\u00d3N EL CARMEN"},"content":{"rendered":"\n<p>Grupos prioritarios de El Carmen fueron atendidos en la feria de salud de la Prefectura de Manab\u00ed, que se desarroll\u00f3 en el barrio Para\u00edso 2, de este cant\u00f3n.<br>Durante la jornada, que se desarroll\u00f3 este viernes 01 de julio, fueron atendidas mujeres embarazadas, adolescentes, personas con discapacidad, adultos mayores y ni\u00f1os, que recibieron atenci\u00f3n en medicina general, odontol\u00f3gica, optom\u00e9trica y nutricional, por parte de los profesionales en salud de la Prefectura de Manab\u00ed.<br>Kelly Buenaventura, prefecta (e), apertur\u00f3 la feria destacando el trabajo permanente que viene realizando la Prefectura de Manab\u00ed en los distintos sectores rurales de la provincia y en ciudadelas de cabeceras cantonales que necesitan este tipo de atenci\u00f3n; un trabajo que dijo est\u00e1 liderado por el prefecto, Leonardo Orlando.<br>\u201cEsta feria de salud mejora la calidad de vida de nuestros hermanos del barrio Para\u00edso 2, en especial los m\u00e1s vulnerables; porque la salud es un derecho de todos, nuestra administraci\u00f3n antepone al ser humano sobre el capital econ\u00f3mico dando salud a la que tienen derecho\u201d, manifest\u00f3 Buenaventura.<br>Gema Santos, m\u00e9dico responsable de la feria de salud, inform\u00f3 que est\u00e1 previsto que cada brigada atienda a cerca de 300 personas.<br>La delegaci\u00f3n de profesionales de salud de la Prefectura estuvo compuesta por 6 m\u00e9dicos generales, 4 odont\u00f3logos, 1 optometrista, 2 nutricionistas y equipo t\u00e9cnico de la direcci\u00f3n de Desarrollo Social de la Prefectura.<\/p>\n","protected":false},"excerpt":{"rendered":"<p>Grupos prioritarios de El Carmen fueron atendidos en la feria de salud de la Prefectura de Manab\u00ed, que se desarroll\u00f3 en el barrio Para\u00edso 2, de este cant\u00f3n.Durante la jornada, que se desarroll\u00f3 este viernes 01 de julio, fueron atendidas mujeres embarazadas, adolescentes, personas con discapacidad, adultos mayores y ni\u00f1os, que recibieron atenci\u00f3n en medicina [&hellip;]<\/p>\n","protected":false},"author":10,"featured_media":21294,"comment_status":"closed","ping_status":"closed","sticky":false,"template":"","format":"standard","meta":{"_joinchat":[],"footnotes":""},"categories":[142,183,92,72,91],"tags":[],"class_list":["post-21293","post","type-post","status-publish","format-standard","has-post-thumbnail","hentry","category-desarrollo-social","category-el-carmen","category-noticias-manabi","category-salud","category-todas"],"yoast_head":"<!-- This site is optimized with the Yoast SEO plugin v27.4 - https:\/\/yoast.com\/product\/yoast-seo-wordpress\/ -->\n<title>TRABAJAMOS PARA LA PREVENCI\u00d3N DE SALUD EN EL BARRIO EL PARAISO 2 DEL CANT\u00d3N EL CARMEN - Prefectura de Manab\u00ed<\/title>\n<meta name=\"robots\" content=\"index, follow, max-snippet:-1, max-image-preview:large, max-video-preview:-1\" \/>\n<link rel=\"canonical\" href=\"https:\/\/www.manabi.gob.ec\/index.php\/trabajamos-para-la-prevencion-de-salud-en-el-barrio-el-paraiso-2-del-canton-el-carmen\/\" \/>\n<meta property=\"og:locale\" content=\"es_ES\" \/>\n<meta property=\"og:type\" content=\"article\" \/>\n<meta property=\"og:title\" content=\"TRABAJAMOS PARA LA PREVENCI\u00d3N DE SALUD EN EL BARRIO EL PARAISO 2 DEL CANT\u00d3N EL CARMEN - Prefectura de Manab\u00ed\" \/>\n<meta property=\"og:description\" content=\"Grupos prioritarios de El Carmen fueron atendidos en la feria de salud de la Prefectura de Manab\u00ed, que se desarroll\u00f3 en el barrio Para\u00edso 2, de este cant\u00f3n.Durante la jornada, que se desarroll\u00f3 este viernes 01 de julio, fueron atendidas mujeres embarazadas, adolescentes, personas con discapacidad, adultos mayores y ni\u00f1os, que recibieron atenci\u00f3n en medicina [&hellip;]\" \/>\n<meta property=\"og:url\" content=\"https:\/\/www.manabi.gob.ec\/index.php\/trabajamos-para-la-prevencion-de-salud-en-el-barrio-el-paraiso-2-del-canton-el-carmen\/\" \/>\n<meta property=\"og:site_name\" content=\"Prefectura de Manab\u00ed\" \/>\n<meta property=\"article:published_time\" content=\"2022-07-04T16:51:12+00:00\" \/>\n<meta property=\"article:modified_time\" content=\"2022-07-04T16:51:17+00:00\" \/>\n<meta property=\"og:image\" content=\"https:\/\/www.manabi.gob.ec\/wp-content\/uploads\/2022\/07\/WhatsApp-Image-2022-07-01-at-5.19.47-PM.jpeg\" \/>\n\t<meta property=\"og:image:width\" content=\"1280\" \/>\n\t<meta property=\"og:image:height\" content=\"960\" \/>\n\t<meta property=\"og:image:type\" content=\"image\/jpeg\" \/>\n<meta name=\"author\" content=\"Lui Ochoa\" \/>\n<meta name=\"twitter:card\" content=\"summary_large_image\" \/>\n<meta name=\"twitter:label1\" content=\"Escrito por\" \/>\n\t<meta name=\"twitter:data1\" content=\"Lui Ochoa\" \/>\n\t<meta name=\"twitter:label2\" content=\"Tiempo de lectura\" \/>\n\t<meta name=\"twitter:data2\" content=\"2 minutos\" \/>\n<script type=\"application\/ld+json\" class=\"yoast-schema-graph\">{\"@context\":\"https:\\\/\\\/schema.org\",\"@graph\":[{\"@type\":\"Article\",\"@id\":\"https:\\\/\\\/www.manabi.gob.ec\\\/index.php\\\/trabajamos-para-la-prevencion-de-salud-en-el-barrio-el-paraiso-2-del-canton-el-carmen\\\/#article\",\"isPartOf\":{\"@id\":\"https:\\\/\\\/www.manabi.gob.ec\\\/index.php\\\/trabajamos-para-la-prevencion-de-salud-en-el-barrio-el-paraiso-2-del-canton-el-carmen\\\/\"},\"author\":{\"name\":\"Lui Ochoa\",\"@id\":\"https:\\\/\\\/www.manabi.gob.ec\\\/#\\\/schema\\\/person\\\/c4f117989332ad723a6ced5994aa7d7a\"},\"headline\":\"TRABAJAMOS PARA LA PREVENCI\u00d3N DE SALUD EN EL BARRIO EL PARAISO 2 DEL CANT\u00d3N EL CARMEN\",\"datePublished\":\"2022-07-04T16:51:12+00:00\",\"dateModified\":\"2022-07-04T16:51:17+00:00\",\"mainEntityOfPage\":{\"@id\":\"https:\\\/\\\/www.manabi.gob.ec\\\/index.php\\\/trabajamos-para-la-prevencion-de-salud-en-el-barrio-el-paraiso-2-del-canton-el-carmen\\\/\"},\"wordCount\":251,\"image\":{\"@id\":\"https:\\\/\\\/www.manabi.gob.ec\\\/index.php\\\/trabajamos-para-la-prevencion-de-salud-en-el-barrio-el-paraiso-2-del-canton-el-carmen\\\/#primaryimage\"},\"thumbnailUrl\":\"https:\\\/\\\/www.manabi.gob.ec\\\/wp-content\\\/uploads\\\/2022\\\/07\\\/WhatsApp-Image-2022-07-01-at-5.19.47-PM.jpeg\",\"articleSection\":[\"Desarrollo Social\",\"El Carmen\",\"Noticias\",\"salud\",\"Todas\"],\"inLanguage\":\"es\"},{\"@type\":\"WebPage\",\"@id\":\"https:\\\/\\\/www.manabi.gob.ec\\\/index.php\\\/trabajamos-para-la-prevencion-de-salud-en-el-barrio-el-paraiso-2-del-canton-el-carmen\\\/\",\"url\":\"https:\\\/\\\/www.manabi.gob.ec\\\/index.php\\\/trabajamos-para-la-prevencion-de-salud-en-el-barrio-el-paraiso-2-del-canton-el-carmen\\\/\",\"name\":\"TRABAJAMOS PARA LA PREVENCI\u00d3N DE SALUD EN EL BARRIO EL PARAISO 2 DEL CANT\u00d3N EL CARMEN - Prefectura de Manab\u00ed\",\"isPartOf\":{\"@id\":\"https:\\\/\\\/www.manabi.gob.ec\\\/#website\"},\"primaryImageOfPage\":{\"@id\":\"https:\\\/\\\/www.manabi.gob.ec\\\/index.php\\\/trabajamos-para-la-prevencion-de-salud-en-el-barrio-el-paraiso-2-del-canton-el-carmen\\\/#primaryimage\"},\"image\":{\"@id\":\"https:\\\/\\\/www.manabi.gob.ec\\\/index.php\\\/trabajamos-para-la-prevencion-de-salud-en-el-barrio-el-paraiso-2-del-canton-el-carmen\\\/#primaryimage\"},\"thumbnailUrl\":\"https:\\\/\\\/www.manabi.gob.ec\\\/wp-content\\\/uploads\\\/2022\\\/07\\\/WhatsApp-Image-2022-07-01-at-5.19.47-PM.jpeg\",\"datePublished\":\"2022-07-04T16:51:12+00:00\",\"dateModified\":\"2022-07-04T16:51:17+00:00\",\"author\":{\"@id\":\"https:\\\/\\\/www.manabi.gob.ec\\\/#\\\/schema\\\/person\\\/c4f117989332ad723a6ced5994aa7d7a\"},\"breadcrumb\":{\"@id\":\"https:\\\/\\\/www.manabi.gob.ec\\\/index.php\\\/trabajamos-para-la-prevencion-de-salud-en-el-barrio-el-paraiso-2-del-canton-el-carmen\\\/#breadcrumb\"},\"inLanguage\":\"es\",\"potentialAction\":[{\"@type\":\"ReadAction\",\"target\":[\"https:\\\/\\\/www.manabi.gob.ec\\\/index.php\\\/trabajamos-para-la-prevencion-de-salud-en-el-barrio-el-paraiso-2-del-canton-el-carmen\\\/\"]}]},{\"@type\":\"ImageObject\",\"inLanguage\":\"es\",\"@id\":\"https:\\\/\\\/www.manabi.gob.ec\\\/index.php\\\/trabajamos-para-la-prevencion-de-salud-en-el-barrio-el-paraiso-2-del-canton-el-carmen\\\/#primaryimage\",\"url\":\"https:\\\/\\\/www.manabi.gob.ec\\\/wp-content\\\/uploads\\\/2022\\\/07\\\/WhatsApp-Image-2022-07-01-at-5.19.47-PM.jpeg\",\"contentUrl\":\"https:\\\/\\\/www.manabi.gob.ec\\\/wp-content\\\/uploads\\\/2022\\\/07\\\/WhatsApp-Image-2022-07-01-at-5.19.47-PM.jpeg\",\"width\":1280,\"height\":960},{\"@type\":\"BreadcrumbList\",\"@id\":\"https:\\\/\\\/www.manabi.gob.ec\\\/index.php\\\/trabajamos-para-la-prevencion-de-salud-en-el-barrio-el-paraiso-2-del-canton-el-carmen\\\/#breadcrumb\",\"itemListElement\":[{\"@type\":\"ListItem\",\"position\":1,\"name\":\"Portada\",\"item\":\"https:\\\/\\\/www.manabi.gob.ec\\\/\"},{\"@type\":\"ListItem\",\"position\":2,\"name\":\"TRABAJAMOS PARA LA PREVENCI\u00d3N DE SALUD EN EL BARRIO EL PARAISO 2 DEL CANT\u00d3N EL CARMEN\"}]},{\"@type\":\"WebSite\",\"@id\":\"https:\\\/\\\/www.manabi.gob.ec\\\/#website\",\"url\":\"https:\\\/\\\/www.manabi.gob.ec\\\/\",\"name\":\"Prefectura de Manab\u00ed\",\"description\":\"P\u00e1gina web de la prefectura\",\"potentialAction\":[{\"@type\":\"SearchAction\",\"target\":{\"@type\":\"EntryPoint\",\"urlTemplate\":\"https:\\\/\\\/www.manabi.gob.ec\\\/?s={search_term_string}\"},\"query-input\":{\"@type\":\"PropertyValueSpecification\",\"valueRequired\":true,\"valueName\":\"search_term_string\"}}],\"inLanguage\":\"es\"},{\"@type\":\"Person\",\"@id\":\"https:\\\/\\\/www.manabi.gob.ec\\\/#\\\/schema\\\/person\\\/c4f117989332ad723a6ced5994aa7d7a\",\"name\":\"Lui Ochoa\",\"image\":{\"@type\":\"ImageObject\",\"inLanguage\":\"es\",\"@id\":\"https:\\\/\\\/secure.gravatar.com\\\/avatar\\\/6e8017d0fe69dead8a95864d2eb6e1e1d8bf8e01194ba49cf7b897ff038126ba?s=96&d=mm&r=g\",\"url\":\"https:\\\/\\\/secure.gravatar.com\\\/avatar\\\/6e8017d0fe69dead8a95864d2eb6e1e1d8bf8e01194ba49cf7b897ff038126ba?s=96&d=mm&r=g\",\"contentUrl\":\"https:\\\/\\\/secure.gravatar.com\\\/avatar\\\/6e8017d0fe69dead8a95864d2eb6e1e1d8bf8e01194ba49cf7b897ff038126ba?s=96&d=mm&r=g\",\"caption\":\"Lui Ochoa\"},\"url\":\"https:\\\/\\\/www.manabi.gob.ec\\\/index.php\\\/author\\\/lochoa\\\/\"}]}<\/script>\n<!-- \/ Yoast SEO plugin. -->","yoast_head_json":{"title":"TRABAJAMOS PARA LA PREVENCI\u00d3N DE SALUD EN EL BARRIO EL PARAISO 2 DEL CANT\u00d3N EL CARMEN - Prefectura de Manab\u00ed","robots":{"index":"index","follow":"follow","max-snippet":"max-snippet:-1","max-image-preview":"max-image-preview:large","max-video-preview":"max-video-preview:-1"},"canonical":"https:\/\/www.manabi.gob.ec\/index.php\/trabajamos-para-la-prevencion-de-salud-en-el-barrio-el-paraiso-2-del-canton-el-carmen\/","og_locale":"es_ES","og_type":"article","og_title":"TRABAJAMOS PARA LA PREVENCI\u00d3N DE SALUD EN EL BARRIO EL PARAISO 2 DEL CANT\u00d3N EL CARMEN - Prefectura de Manab\u00ed","og_description":"Grupos prioritarios de El Carmen fueron atendidos en la feria de salud de la Prefectura de Manab\u00ed, que se desarroll\u00f3 en el barrio Para\u00edso 2, de este cant\u00f3n.Durante la jornada, que se desarroll\u00f3 este viernes 01 de julio, fueron atendidas mujeres embarazadas, adolescentes, personas con discapacidad, adultos mayores y ni\u00f1os, que recibieron atenci\u00f3n en medicina [&hellip;]","og_url":"https:\/\/www.manabi.gob.ec\/index.php\/trabajamos-para-la-prevencion-de-salud-en-el-barrio-el-paraiso-2-del-canton-el-carmen\/","og_site_name":"Prefectura de Manab\u00ed","article_published_time":"2022-07-04T16:51:12+00:00","article_modified_time":"2022-07-04T16:51:17+00:00","og_image":[{"width":1280,"height":960,"url":"https:\/\/www.manabi.gob.ec\/wp-content\/uploads\/2022\/07\/WhatsApp-Image-2022-07-01-at-5.19.47-PM.jpeg","type":"image\/jpeg"}],"author":"Lui Ochoa","twitter_card":"summary_large_image","twitter_misc":{"Escrito por":"Lui Ochoa","Tiempo de lectura":"2 minutos"},"schema":{"@context":"https:\/\/schema.org","@graph":[{"@type":"Article","@id":"https:\/\/www.manabi.gob.ec\/index.php\/trabajamos-para-la-prevencion-de-salud-en-el-barrio-el-paraiso-2-del-canton-el-carmen\/#article","isPartOf":{"@id":"https:\/\/www.manabi.gob.ec\/index.php\/trabajamos-para-la-prevencion-de-salud-en-el-barrio-el-paraiso-2-del-canton-el-carmen\/"},"author":{"name":"Lui Ochoa","@id":"https:\/\/www.manabi.gob.ec\/#\/schema\/person\/c4f117989332ad723a6ced5994aa7d7a"},"headline":"TRABAJAMOS PARA LA PREVENCI\u00d3N DE SALUD EN EL BARRIO EL PARAISO 2 DEL CANT\u00d3N EL CARMEN","datePublished":"2022-07-04T16:51:12+00:00","dateModified":"2022-07-04T16:51:17+00:00","mainEntityOfPage":{"@id":"https:\/\/www.manabi.gob.ec\/index.php\/trabajamos-para-la-prevencion-de-salud-en-el-barrio-el-paraiso-2-del-canton-el-carmen\/"},"wordCount":251,"image":{"@id":"https:\/\/www.manabi.gob.ec\/index.php\/trabajamos-para-la-prevencion-de-salud-en-el-barrio-el-paraiso-2-del-canton-el-carmen\/#primaryimage"},"thumbnailUrl":"https:\/\/www.manabi.gob.ec\/wp-content\/uploads\/2022\/07\/WhatsApp-Image-2022-07-01-at-5.19.47-PM.jpeg","articleSection":["Desarrollo Social","El Carmen","Noticias","salud","Todas"],"inLanguage":"es"},{"@type":"WebPage","@id":"https:\/\/www.manabi.gob.ec\/index.php\/trabajamos-para-la-prevencion-de-salud-en-el-barrio-el-paraiso-2-del-canton-el-carmen\/","url":"https:\/\/www.manabi.gob.ec\/index.php\/trabajamos-para-la-prevencion-de-salud-en-el-barrio-el-paraiso-2-del-canton-el-carmen\/","name":"TRABAJAMOS PARA LA PREVENCI\u00d3N DE SALUD EN EL BARRIO EL PARAISO 2 DEL CANT\u00d3N EL CARMEN - Prefectura de Manab\u00ed","isPartOf":{"@id":"https:\/\/www.manabi.gob.ec\/#website"},"primaryImageOfPage":{"@id":"https:\/\/www.manabi.gob.ec\/index.php\/trabajamos-para-la-prevencion-de-salud-en-el-barrio-el-paraiso-2-del-canton-el-carmen\/#primaryimage"},"image":{"@id":"https:\/\/www.manabi.gob.ec\/index.php\/trabajamos-para-la-prevencion-de-salud-en-el-barrio-el-paraiso-2-del-canton-el-carmen\/#primaryimage"},"thumbnailUrl":"https:\/\/www.manabi.gob.ec\/wp-content\/uploads\/2022\/07\/WhatsApp-Image-2022-07-01-at-5.19.47-PM.jpeg","datePublished":"2022-07-04T16:51:12+00:00","dateModified":"2022-07-04T16:51:17+00:00","author":{"@id":"https:\/\/www.manabi.gob.ec\/#\/schema\/person\/c4f117989332ad723a6ced5994aa7d7a"},"breadcrumb":{"@id":"https:\/\/www.manabi.gob.ec\/index.php\/trabajamos-para-la-prevencion-de-salud-en-el-barrio-el-paraiso-2-del-canton-el-carmen\/#breadcrumb"},"inLanguage":"es","potentialAction":[{"@type":"ReadAction","target":["https:\/\/www.manabi.gob.ec\/index.php\/trabajamos-para-la-prevencion-de-salud-en-el-barrio-el-paraiso-2-del-canton-el-carmen\/"]}]},{"@type":"ImageObject","inLanguage":"es","@id":"https:\/\/www.manabi.gob.ec\/index.php\/trabajamos-para-la-prevencion-de-salud-en-el-barrio-el-paraiso-2-del-canton-el-carmen\/#primaryimage","url":"https:\/\/www.manabi.gob.ec\/wp-content\/uploads\/2022\/07\/WhatsApp-Image-2022-07-01-at-5.19.47-PM.jpeg","contentUrl":"https:\/\/www.manabi.gob.ec\/wp-content\/uploads\/2022\/07\/WhatsApp-Image-2022-07-01-at-5.19.47-PM.jpeg","width":1280,"height":960},{"@type":"BreadcrumbList","@id":"https:\/\/www.manabi.gob.ec\/index.php\/trabajamos-para-la-prevencion-de-salud-en-el-barrio-el-paraiso-2-del-canton-el-carmen\/#breadcrumb","itemListElement":[{"@type":"ListItem","position":1,"name":"Portada","item":"https:\/\/www.manabi.gob.ec\/"},{"@type":"ListItem","position":2,"name":"TRABAJAMOS PARA LA PREVENCI\u00d3N DE SALUD EN EL BARRIO EL PARAISO 2 DEL CANT\u00d3N EL CARMEN"}]},{"@type":"WebSite","@id":"https:\/\/www.manabi.gob.ec\/#website","url":"https:\/\/www.manabi.gob.ec\/","name":"Prefectura de Manab\u00ed","description":"P\u00e1gina web de la prefectura","potentialAction":[{"@type":"SearchAction","target":{"@type":"EntryPoint","urlTemplate":"https:\/\/www.manabi.gob.ec\/?s={search_term_string}"},"query-input":{"@type":"PropertyValueSpecification","valueRequired":true,"valueName":"search_term_string"}}],"inLanguage":"es"},{"@type":"Person","@id":"https:\/\/www.manabi.gob.ec\/#\/schema\/person\/c4f117989332ad723a6ced5994aa7d7a","name":"Lui Ochoa","image":{"@type":"ImageObject","inLanguage":"es","@id":"https:\/\/secure.gravatar.com\/avatar\/6e8017d0fe69dead8a95864d2eb6e1e1d8bf8e01194ba49cf7b897ff038126ba?s=96&d=mm&r=g","url":"https:\/\/secure.gravatar.com\/avatar\/6e8017d0fe69dead8a95864d2eb6e1e1d8bf8e01194ba49cf7b897ff038126ba?s=96&d=mm&r=g","contentUrl":"https:\/\/secure.gravatar.com\/avatar\/6e8017d0fe69dead8a95864d2eb6e1e1d8bf8e01194ba49cf7b897ff038126ba?s=96&d=mm&r=g","caption":"Lui Ochoa"},"url":"https:\/\/www.manabi.gob.ec\/index.php\/author\/lochoa\/"}]}},"jetpack_featured_media_url":"https:\/\/www.manabi.gob.ec\/wp-content\/uploads\/2022\/07\/WhatsApp-Image-2022-07-01-at-5.19.47-PM.jpeg","_links":{"self":[{"href":"https:\/\/www.manabi.gob.ec\/index.php\/wp-json\/wp\/v2\/posts\/21293","targetHints":{"allow":["GET"]}}],"collection":[{"href":"https:\/\/www.manabi.gob.ec\/index.php\/wp-json\/wp\/v2\/posts"}],"about":[{"href":"https:\/\/www.manabi.gob.ec\/index.php\/wp-json\/wp\/v2\/types\/post"}],"author":[{"embeddable":true,"href":"https:\/\/www.manabi.gob.ec\/index.php\/wp-json\/wp\/v2\/users\/10"}],"replies":[{"embeddable":true,"href":"https:\/\/www.manabi.gob.ec\/index.php\/wp-json\/wp\/v2\/comments?post=21293"}],"version-history":[{"count":0,"href":"https:\/\/www.manabi.gob.ec\/index.php\/wp-json\/wp\/v2\/posts\/21293\/revisions"}],"wp:featuredmedia":[{"embeddable":true,"href":"https:\/\/www.manabi.gob.ec\/index.php\/wp-json\/wp\/v2\/media\/21294"}],"wp:attachment":[{"href":"https:\/\/www.manabi.gob.ec\/index.php\/wp-json\/wp\/v2\/media?parent=21293"}],"wp:term":[{"taxonomy":"category","embeddable":true,"href":"https:\/\/www.manabi.gob.ec\/index.php\/wp-json\/wp\/v2\/categories?post=21293"},{"taxonomy":"post_tag","embeddable":true,"href":"https:\/\/www.manabi.gob.ec\/index.php\/wp-json\/wp\/v2\/tags?post=21293"}],"curies":[{"name":"wp","href":"https:\/\/api.w.org\/{rel}","templated":true}]}}