{"id":21297,"date":"2022-07-04T19:32:22","date_gmt":"2022-07-04T19:32:22","guid":{"rendered":"https:\/\/www.manabi.gob.ec\/?p=21297"},"modified":"2022-07-04T19:32:27","modified_gmt":"2022-07-04T19:32:27","slug":"noche-de-cine-e-integracion-por-el-dia-mundial-del-refugiado","status":"publish","type":"post","link":"https:\/\/www.manabi.gob.ec\/index.php\/noche-de-cine-e-integracion-por-el-dia-mundial-del-refugiado\/","title":{"rendered":"Noche de cine e integraci\u00f3n por el D\u00eda mundial del refugiado"},"content":{"rendered":"\n<p>Alrededor de 90 personas, entre ni\u00f1os, adolescentes y adultos que pertenecen al grupo de personas en situaci\u00f3n de movilidad humana, disfrutaron de una noche de \u201cCine al aire libre\u201d organizada por la Agencia de la ONU para los Refugiados (ACNUR) y la Prefectura de Manab\u00ed.<\/p>\n\n\n\n<p>Esta actividad se desarroll\u00f3 en el sector El Flor\u00f3n de Portoviejo el jueves 30 de junio, en recordaci\u00f3n por el D\u00eda Mundial del Refugiado que se conmemora cada 20 de junio por decisi\u00f3n de las Naciones Unidas para honrar a las personas refugiadas y desplazadas de todo el mundo.<\/p>\n\n\n\n<p>\u201cQueremos recordar que toda persona, cuando sea, donde sea, quien sea, tiene derecho a buscar protecci\u00f3n donde quiera que se encuentre. Con estas actividades buscamos generar espacios de sensibilizaci\u00f3n y socializaci\u00f3n sobre la importancia de brindar protecci\u00f3n, acompa\u00f1amiento, asistencia, a las personas refugiadas que se encuentran en Ecuador\u201d, manifest\u00f3 Francisco Carri\u00f3n, jefe de la oficina de ACNUR para Manab\u00ed.<\/p>\n\n\n\n<p>Daniela De la Fuente, responsable de la unidad t\u00e9cnica de movilidad humana de la Direcci\u00f3n de Desarrollo Social de la Prefectura, destac\u00f3 que a trav\u00e9s de \u201cCine al aire libre\u201d se busca llevar la cultura a espacios donde normalmente hay dificultad de acceso a estos servicios, y promover condiciones de igualdad entre los diferentes ni\u00f1os de la comunidad.<\/p>\n\n\n\n<p>\u201cEs una actividad que estamos realizando desde el sentido de poder crear espacios de integraci\u00f3n entre las comunidades de acogida y la poblaci\u00f3n que se encuentra en situaci\u00f3n de movilidad humana. Todo esto bajo la cooperaci\u00f3n y articulaci\u00f3n con las agencias de cooperaci\u00f3n internacional, especialmente aquellas que son adscritas a la ONU, en este caso con ACNUR, y anteriormente con la Organizaci\u00f3n Internacional para la Migraciones\u201d, indic\u00f3.<\/p>\n\n\n\n<p>La jornada incluy\u00f3 proyecci\u00f3n de una pel\u00edcula animada y reflexi\u00f3n sobre su contenido. Adem\u00e1s, se comparti\u00f3 un bocadillo y bebida con los asistentes.<\/p>\n","protected":false},"excerpt":{"rendered":"<p>Alrededor de 90 personas, entre ni\u00f1os, adolescentes y adultos que pertenecen al grupo de personas en situaci\u00f3n de movilidad humana, disfrutaron de una noche de \u201cCine al aire libre\u201d organizada por la Agencia de la ONU para los Refugiados (ACNUR) y la Prefectura de Manab\u00ed.<\/p>\n","protected":false},"author":10,"featured_media":21298,"comment_status":"closed","ping_status":"closed","sticky":false,"template":"","format":"standard","meta":{"_joinchat":[],"footnotes":""},"categories":[142,92,193,132,91],"tags":[],"class_list":["post-21297","post","type-post","status-publish","format-standard","has-post-thumbnail","hentry","category-desarrollo-social","category-noticias-manabi","category-participacion-ciudadana","category-portoviejo","category-todas"],"yoast_head":"<!-- This site is optimized with the Yoast SEO plugin v27.4 - https:\/\/yoast.com\/product\/yoast-seo-wordpress\/ -->\n<title>Noche de cine e integraci\u00f3n por el D\u00eda mundial del refugiado - Prefectura de Manab\u00ed<\/title>\n<meta name=\"description\" content=\"Alrededor de 90 personas, entre ni\u00f1os, adolescentes y adultos que pertenecen al grupo de personas en situaci\u00f3n de movilidad humana, disfrutaron de una noche de \u201cCine al aire libre\u201d organizada por la Agencia de la ONU para los Refugiados (ACNUR) y la Prefectura de Manab\u00ed.Esta actividad se desarroll\u00f3 en el sector El Flor\u00f3n de Portoviejo el jueves 30 de junio, en recordaci\u00f3n por el D\u00eda Mundial del Refugiado que se conmemora cada 20 de junio por decisi\u00f3n de las Naciones Unidas para honrar a las personas refugiadas y desplazadas de todo el mundo.\u201cQueremos recordar que toda persona, cuando sea, donde sea, quien sea, tiene derecho a buscar protecci\u00f3n donde quiera que se encuentre. Con estas actividades buscamos generar espacios de sensibilizaci\u00f3n y socializaci\u00f3n sobre la importancia de brindar protecci\u00f3n, acompa\u00f1amiento, asistencia, a las personas refugiadas que se encuentran en Ecuador\u201d, manifest\u00f3 Francisco Carri\u00f3n, jefe de la oficina de ACNUR para Manab\u00ed.Daniela De la Fuente, responsable de la unidad t\u00e9cnica de movilidad humana de la Direcci\u00f3n de Desarrollo Social de la Prefectura, destac\u00f3 que a trav\u00e9s de \u201cCine al aire libre\u201d se busca llevar la cultura a espacios donde normalmente hay dificultad de acceso a estos servicios, y promover condiciones de igualdad entre los diferentes ni\u00f1os de la comunidad.\u201cEs una actividad que estamos realizando desde el sentido de poder crear espacios de integraci\u00f3n entre las comunidades de acogida y la poblaci\u00f3n que se encuentra en situaci\u00f3n de movilidad humana. Todo esto bajo la cooperaci\u00f3n y articulaci\u00f3n con las agencias de cooperaci\u00f3n internacional, especialmente aquellas que son adscritas a la ONU, en este caso con ACNUR, y anteriormente con la Organizaci\u00f3n Internacional para la Migraciones\u201d, indic\u00f3.La jornada incluy\u00f3 proyecci\u00f3n de una pel\u00edcula animada y reflexi\u00f3n sobre su contenido. Adem\u00e1s, se comparti\u00f3 un bocadillo y bebida con los asistentes.\" \/>\n<meta name=\"robots\" content=\"index, follow, max-snippet:-1, max-image-preview:large, max-video-preview:-1\" \/>\n<link rel=\"canonical\" href=\"https:\/\/www.manabi.gob.ec\/index.php\/noche-de-cine-e-integracion-por-el-dia-mundial-del-refugiado\/\" \/>\n<meta property=\"og:locale\" content=\"es_ES\" \/>\n<meta property=\"og:type\" content=\"article\" \/>\n<meta property=\"og:title\" content=\"Noche de cine e integraci\u00f3n por el D\u00eda mundial del refugiado - Prefectura de Manab\u00ed\" \/>\n<meta property=\"og:description\" content=\"Alrededor de 90 personas, entre ni\u00f1os, adolescentes y adultos que pertenecen al grupo de personas en situaci\u00f3n de movilidad humana, disfrutaron de una noche de \u201cCine al aire libre\u201d organizada por la Agencia de la ONU para los Refugiados (ACNUR) y la Prefectura de Manab\u00ed.Esta actividad se desarroll\u00f3 en el sector El Flor\u00f3n de Portoviejo el jueves 30 de junio, en recordaci\u00f3n por el D\u00eda Mundial del Refugiado que se conmemora cada 20 de junio por decisi\u00f3n de las Naciones Unidas para honrar a las personas refugiadas y desplazadas de todo el mundo.\u201cQueremos recordar que toda persona, cuando sea, donde sea, quien sea, tiene derecho a buscar protecci\u00f3n donde quiera que se encuentre. Con estas actividades buscamos generar espacios de sensibilizaci\u00f3n y socializaci\u00f3n sobre la importancia de brindar protecci\u00f3n, acompa\u00f1amiento, asistencia, a las personas refugiadas que se encuentran en Ecuador\u201d, manifest\u00f3 Francisco Carri\u00f3n, jefe de la oficina de ACNUR para Manab\u00ed.Daniela De la Fuente, responsable de la unidad t\u00e9cnica de movilidad humana de la Direcci\u00f3n de Desarrollo Social de la Prefectura, destac\u00f3 que a trav\u00e9s de \u201cCine al aire libre\u201d se busca llevar la cultura a espacios donde normalmente hay dificultad de acceso a estos servicios, y promover condiciones de igualdad entre los diferentes ni\u00f1os de la comunidad.\u201cEs una actividad que estamos realizando desde el sentido de poder crear espacios de integraci\u00f3n entre las comunidades de acogida y la poblaci\u00f3n que se encuentra en situaci\u00f3n de movilidad humana. Todo esto bajo la cooperaci\u00f3n y articulaci\u00f3n con las agencias de cooperaci\u00f3n internacional, especialmente aquellas que son adscritas a la ONU, en este caso con ACNUR, y anteriormente con la Organizaci\u00f3n Internacional para la Migraciones\u201d, indic\u00f3.La jornada incluy\u00f3 proyecci\u00f3n de una pel\u00edcula animada y reflexi\u00f3n sobre su contenido. Adem\u00e1s, se comparti\u00f3 un bocadillo y bebida con los asistentes.\" \/>\n<meta property=\"og:url\" content=\"https:\/\/www.manabi.gob.ec\/index.php\/noche-de-cine-e-integracion-por-el-dia-mundial-del-refugiado\/\" \/>\n<meta property=\"og:site_name\" content=\"Prefectura de Manab\u00ed\" \/>\n<meta property=\"article:published_time\" content=\"2022-07-04T19:32:22+00:00\" \/>\n<meta property=\"article:modified_time\" content=\"2022-07-04T19:32:27+00:00\" \/>\n<meta property=\"og:image\" content=\"https:\/\/www.manabi.gob.ec\/wp-content\/uploads\/2022\/07\/WhatsApp-Image-2022-07-01-at-5.24.43-PM.jpeg\" \/>\n\t<meta property=\"og:image:width\" content=\"1024\" \/>\n\t<meta property=\"og:image:height\" content=\"768\" \/>\n\t<meta property=\"og:image:type\" content=\"image\/jpeg\" \/>\n<meta name=\"author\" content=\"Lui Ochoa\" \/>\n<meta name=\"twitter:card\" content=\"summary_large_image\" \/>\n<meta name=\"twitter:label1\" content=\"Escrito por\" \/>\n\t<meta name=\"twitter:data1\" content=\"Lui Ochoa\" \/>\n\t<meta name=\"twitter:label2\" content=\"Tiempo de lectura\" \/>\n\t<meta name=\"twitter:data2\" content=\"2 minutos\" \/>\n<script type=\"application\/ld+json\" class=\"yoast-schema-graph\">{\"@context\":\"https:\\\/\\\/schema.org\",\"@graph\":[{\"@type\":\"Article\",\"@id\":\"https:\\\/\\\/www.manabi.gob.ec\\\/index.php\\\/noche-de-cine-e-integracion-por-el-dia-mundial-del-refugiado\\\/#article\",\"isPartOf\":{\"@id\":\"https:\\\/\\\/www.manabi.gob.ec\\\/index.php\\\/noche-de-cine-e-integracion-por-el-dia-mundial-del-refugiado\\\/\"},\"author\":{\"name\":\"Lui Ochoa\",\"@id\":\"https:\\\/\\\/www.manabi.gob.ec\\\/#\\\/schema\\\/person\\\/c4f117989332ad723a6ced5994aa7d7a\"},\"headline\":\"Noche de cine e integraci\u00f3n por el D\u00eda mundial del refugiado\",\"datePublished\":\"2022-07-04T19:32:22+00:00\",\"dateModified\":\"2022-07-04T19:32:27+00:00\",\"mainEntityOfPage\":{\"@id\":\"https:\\\/\\\/www.manabi.gob.ec\\\/index.php\\\/noche-de-cine-e-integracion-por-el-dia-mundial-del-refugiado\\\/\"},\"wordCount\":338,\"image\":{\"@id\":\"https:\\\/\\\/www.manabi.gob.ec\\\/index.php\\\/noche-de-cine-e-integracion-por-el-dia-mundial-del-refugiado\\\/#primaryimage\"},\"thumbnailUrl\":\"https:\\\/\\\/www.manabi.gob.ec\\\/wp-content\\\/uploads\\\/2022\\\/07\\\/WhatsApp-Image-2022-07-01-at-5.24.43-PM.jpeg\",\"articleSection\":[\"Desarrollo Social\",\"Noticias\",\"Participaci\u00f3n ciudadana\",\"Portoviejo\",\"Todas\"],\"inLanguage\":\"es\"},{\"@type\":\"WebPage\",\"@id\":\"https:\\\/\\\/www.manabi.gob.ec\\\/index.php\\\/noche-de-cine-e-integracion-por-el-dia-mundial-del-refugiado\\\/\",\"url\":\"https:\\\/\\\/www.manabi.gob.ec\\\/index.php\\\/noche-de-cine-e-integracion-por-el-dia-mundial-del-refugiado\\\/\",\"name\":\"Noche de cine e integraci\u00f3n por el D\u00eda mundial del refugiado - Prefectura de Manab\u00ed\",\"isPartOf\":{\"@id\":\"https:\\\/\\\/www.manabi.gob.ec\\\/#website\"},\"primaryImageOfPage\":{\"@id\":\"https:\\\/\\\/www.manabi.gob.ec\\\/index.php\\\/noche-de-cine-e-integracion-por-el-dia-mundial-del-refugiado\\\/#primaryimage\"},\"image\":{\"@id\":\"https:\\\/\\\/www.manabi.gob.ec\\\/index.php\\\/noche-de-cine-e-integracion-por-el-dia-mundial-del-refugiado\\\/#primaryimage\"},\"thumbnailUrl\":\"https:\\\/\\\/www.manabi.gob.ec\\\/wp-content\\\/uploads\\\/2022\\\/07\\\/WhatsApp-Image-2022-07-01-at-5.24.43-PM.jpeg\",\"datePublished\":\"2022-07-04T19:32:22+00:00\",\"dateModified\":\"2022-07-04T19:32:27+00:00\",\"author\":{\"@id\":\"https:\\\/\\\/www.manabi.gob.ec\\\/#\\\/schema\\\/person\\\/c4f117989332ad723a6ced5994aa7d7a\"},\"description\":\"Alrededor de 90 personas, entre ni\u00f1os, adolescentes y adultos que pertenecen al grupo de personas en situaci\u00f3n de movilidad humana, disfrutaron de una noche de \u201cCine al aire libre\u201d organizada por la Agencia de la ONU para los Refugiados (ACNUR) y la Prefectura de Manab\u00ed.Esta actividad se desarroll\u00f3 en el sector El Flor\u00f3n de Portoviejo el jueves 30 de junio, en recordaci\u00f3n por el D\u00eda Mundial del Refugiado que se conmemora cada 20 de junio por decisi\u00f3n de las Naciones Unidas para honrar a las personas refugiadas y desplazadas de todo el mundo.\u201cQueremos recordar que toda persona, cuando sea, donde sea, quien sea, tiene derecho a buscar protecci\u00f3n donde quiera que se encuentre. Con estas actividades buscamos generar espacios de sensibilizaci\u00f3n y socializaci\u00f3n sobre la importancia de brindar protecci\u00f3n, acompa\u00f1amiento, asistencia, a las personas refugiadas que se encuentran en Ecuador\u201d, manifest\u00f3 Francisco Carri\u00f3n, jefe de la oficina de ACNUR para Manab\u00ed.Daniela De la Fuente, responsable de la unidad t\u00e9cnica de movilidad humana de la Direcci\u00f3n de Desarrollo Social de la Prefectura, destac\u00f3 que a trav\u00e9s de \u201cCine al aire libre\u201d se busca llevar la cultura a espacios donde normalmente hay dificultad de acceso a estos servicios, y promover condiciones de igualdad entre los diferentes ni\u00f1os de la comunidad.\u201cEs una actividad que estamos realizando desde el sentido de poder crear espacios de integraci\u00f3n entre las comunidades de acogida y la poblaci\u00f3n que se encuentra en situaci\u00f3n de movilidad humana. Todo esto bajo la cooperaci\u00f3n y articulaci\u00f3n con las agencias de cooperaci\u00f3n internacional, especialmente aquellas que son adscritas a la ONU, en este caso con ACNUR, y anteriormente con la Organizaci\u00f3n Internacional para la Migraciones\u201d, indic\u00f3.La jornada incluy\u00f3 proyecci\u00f3n de una pel\u00edcula animada y reflexi\u00f3n sobre su contenido. Adem\u00e1s, se comparti\u00f3 un bocadillo y bebida con los asistentes.\",\"breadcrumb\":{\"@id\":\"https:\\\/\\\/www.manabi.gob.ec\\\/index.php\\\/noche-de-cine-e-integracion-por-el-dia-mundial-del-refugiado\\\/#breadcrumb\"},\"inLanguage\":\"es\",\"potentialAction\":[{\"@type\":\"ReadAction\",\"target\":[\"https:\\\/\\\/www.manabi.gob.ec\\\/index.php\\\/noche-de-cine-e-integracion-por-el-dia-mundial-del-refugiado\\\/\"]}]},{\"@type\":\"ImageObject\",\"inLanguage\":\"es\",\"@id\":\"https:\\\/\\\/www.manabi.gob.ec\\\/index.php\\\/noche-de-cine-e-integracion-por-el-dia-mundial-del-refugiado\\\/#primaryimage\",\"url\":\"https:\\\/\\\/www.manabi.gob.ec\\\/wp-content\\\/uploads\\\/2022\\\/07\\\/WhatsApp-Image-2022-07-01-at-5.24.43-PM.jpeg\",\"contentUrl\":\"https:\\\/\\\/www.manabi.gob.ec\\\/wp-content\\\/uploads\\\/2022\\\/07\\\/WhatsApp-Image-2022-07-01-at-5.24.43-PM.jpeg\",\"width\":1024,\"height\":768},{\"@type\":\"BreadcrumbList\",\"@id\":\"https:\\\/\\\/www.manabi.gob.ec\\\/index.php\\\/noche-de-cine-e-integracion-por-el-dia-mundial-del-refugiado\\\/#breadcrumb\",\"itemListElement\":[{\"@type\":\"ListItem\",\"position\":1,\"name\":\"Portada\",\"item\":\"https:\\\/\\\/www.manabi.gob.ec\\\/\"},{\"@type\":\"ListItem\",\"position\":2,\"name\":\"Noche de cine e integraci\u00f3n por el D\u00eda mundial del refugiado\"}]},{\"@type\":\"WebSite\",\"@id\":\"https:\\\/\\\/www.manabi.gob.ec\\\/#website\",\"url\":\"https:\\\/\\\/www.manabi.gob.ec\\\/\",\"name\":\"Prefectura de Manab\u00ed\",\"description\":\"P\u00e1gina web de la prefectura\",\"potentialAction\":[{\"@type\":\"SearchAction\",\"target\":{\"@type\":\"EntryPoint\",\"urlTemplate\":\"https:\\\/\\\/www.manabi.gob.ec\\\/?s={search_term_string}\"},\"query-input\":{\"@type\":\"PropertyValueSpecification\",\"valueRequired\":true,\"valueName\":\"search_term_string\"}}],\"inLanguage\":\"es\"},{\"@type\":\"Person\",\"@id\":\"https:\\\/\\\/www.manabi.gob.ec\\\/#\\\/schema\\\/person\\\/c4f117989332ad723a6ced5994aa7d7a\",\"name\":\"Lui Ochoa\",\"image\":{\"@type\":\"ImageObject\",\"inLanguage\":\"es\",\"@id\":\"https:\\\/\\\/secure.gravatar.com\\\/avatar\\\/6e8017d0fe69dead8a95864d2eb6e1e1d8bf8e01194ba49cf7b897ff038126ba?s=96&d=mm&r=g\",\"url\":\"https:\\\/\\\/secure.gravatar.com\\\/avatar\\\/6e8017d0fe69dead8a95864d2eb6e1e1d8bf8e01194ba49cf7b897ff038126ba?s=96&d=mm&r=g\",\"contentUrl\":\"https:\\\/\\\/secure.gravatar.com\\\/avatar\\\/6e8017d0fe69dead8a95864d2eb6e1e1d8bf8e01194ba49cf7b897ff038126ba?s=96&d=mm&r=g\",\"caption\":\"Lui Ochoa\"},\"url\":\"https:\\\/\\\/www.manabi.gob.ec\\\/index.php\\\/author\\\/lochoa\\\/\"}]}<\/script>\n<!-- \/ Yoast SEO plugin. -->","yoast_head_json":{"title":"Noche de cine e integraci\u00f3n por el D\u00eda mundial del refugiado - Prefectura de Manab\u00ed","description":"Alrededor de 90 personas, entre ni\u00f1os, adolescentes y adultos que pertenecen al grupo de personas en situaci\u00f3n de movilidad humana, disfrutaron de una noche de \u201cCine al aire libre\u201d organizada por la Agencia de la ONU para los Refugiados (ACNUR) y la Prefectura de Manab\u00ed.Esta actividad se desarroll\u00f3 en el sector El Flor\u00f3n de Portoviejo el jueves 30 de junio, en recordaci\u00f3n por el D\u00eda Mundial del Refugiado que se conmemora cada 20 de junio por decisi\u00f3n de las Naciones Unidas para honrar a las personas refugiadas y desplazadas de todo el mundo.\u201cQueremos recordar que toda persona, cuando sea, donde sea, quien sea, tiene derecho a buscar protecci\u00f3n donde quiera que se encuentre. Con estas actividades buscamos generar espacios de sensibilizaci\u00f3n y socializaci\u00f3n sobre la importancia de brindar protecci\u00f3n, acompa\u00f1amiento, asistencia, a las personas refugiadas que se encuentran en Ecuador\u201d, manifest\u00f3 Francisco Carri\u00f3n, jefe de la oficina de ACNUR para Manab\u00ed.Daniela De la Fuente, responsable de la unidad t\u00e9cnica de movilidad humana de la Direcci\u00f3n de Desarrollo Social de la Prefectura, destac\u00f3 que a trav\u00e9s de \u201cCine al aire libre\u201d se busca llevar la cultura a espacios donde normalmente hay dificultad de acceso a estos servicios, y promover condiciones de igualdad entre los diferentes ni\u00f1os de la comunidad.\u201cEs una actividad que estamos realizando desde el sentido de poder crear espacios de integraci\u00f3n entre las comunidades de acogida y la poblaci\u00f3n que se encuentra en situaci\u00f3n de movilidad humana. Todo esto bajo la cooperaci\u00f3n y articulaci\u00f3n con las agencias de cooperaci\u00f3n internacional, especialmente aquellas que son adscritas a la ONU, en este caso con ACNUR, y anteriormente con la Organizaci\u00f3n Internacional para la Migraciones\u201d, indic\u00f3.La jornada incluy\u00f3 proyecci\u00f3n de una pel\u00edcula animada y reflexi\u00f3n sobre su contenido. Adem\u00e1s, se comparti\u00f3 un bocadillo y bebida con los asistentes.","robots":{"index":"index","follow":"follow","max-snippet":"max-snippet:-1","max-image-preview":"max-image-preview:large","max-video-preview":"max-video-preview:-1"},"canonical":"https:\/\/www.manabi.gob.ec\/index.php\/noche-de-cine-e-integracion-por-el-dia-mundial-del-refugiado\/","og_locale":"es_ES","og_type":"article","og_title":"Noche de cine e integraci\u00f3n por el D\u00eda mundial del refugiado - Prefectura de Manab\u00ed","og_description":"Alrededor de 90 personas, entre ni\u00f1os, adolescentes y adultos que pertenecen al grupo de personas en situaci\u00f3n de movilidad humana, disfrutaron de una noche de \u201cCine al aire libre\u201d organizada por la Agencia de la ONU para los Refugiados (ACNUR) y la Prefectura de Manab\u00ed.Esta actividad se desarroll\u00f3 en el sector El Flor\u00f3n de Portoviejo el jueves 30 de junio, en recordaci\u00f3n por el D\u00eda Mundial del Refugiado que se conmemora cada 20 de junio por decisi\u00f3n de las Naciones Unidas para honrar a las personas refugiadas y desplazadas de todo el mundo.\u201cQueremos recordar que toda persona, cuando sea, donde sea, quien sea, tiene derecho a buscar protecci\u00f3n donde quiera que se encuentre. Con estas actividades buscamos generar espacios de sensibilizaci\u00f3n y socializaci\u00f3n sobre la importancia de brindar protecci\u00f3n, acompa\u00f1amiento, asistencia, a las personas refugiadas que se encuentran en Ecuador\u201d, manifest\u00f3 Francisco Carri\u00f3n, jefe de la oficina de ACNUR para Manab\u00ed.Daniela De la Fuente, responsable de la unidad t\u00e9cnica de movilidad humana de la Direcci\u00f3n de Desarrollo Social de la Prefectura, destac\u00f3 que a trav\u00e9s de \u201cCine al aire libre\u201d se busca llevar la cultura a espacios donde normalmente hay dificultad de acceso a estos servicios, y promover condiciones de igualdad entre los diferentes ni\u00f1os de la comunidad.\u201cEs una actividad que estamos realizando desde el sentido de poder crear espacios de integraci\u00f3n entre las comunidades de acogida y la poblaci\u00f3n que se encuentra en situaci\u00f3n de movilidad humana. Todo esto bajo la cooperaci\u00f3n y articulaci\u00f3n con las agencias de cooperaci\u00f3n internacional, especialmente aquellas que son adscritas a la ONU, en este caso con ACNUR, y anteriormente con la Organizaci\u00f3n Internacional para la Migraciones\u201d, indic\u00f3.La jornada incluy\u00f3 proyecci\u00f3n de una pel\u00edcula animada y reflexi\u00f3n sobre su contenido. Adem\u00e1s, se comparti\u00f3 un bocadillo y bebida con los asistentes.","og_url":"https:\/\/www.manabi.gob.ec\/index.php\/noche-de-cine-e-integracion-por-el-dia-mundial-del-refugiado\/","og_site_name":"Prefectura de Manab\u00ed","article_published_time":"2022-07-04T19:32:22+00:00","article_modified_time":"2022-07-04T19:32:27+00:00","og_image":[{"width":1024,"height":768,"url":"https:\/\/www.manabi.gob.ec\/wp-content\/uploads\/2022\/07\/WhatsApp-Image-2022-07-01-at-5.24.43-PM.jpeg","type":"image\/jpeg"}],"author":"Lui Ochoa","twitter_card":"summary_large_image","twitter_misc":{"Escrito por":"Lui Ochoa","Tiempo de lectura":"2 minutos"},"schema":{"@context":"https:\/\/schema.org","@graph":[{"@type":"Article","@id":"https:\/\/www.manabi.gob.ec\/index.php\/noche-de-cine-e-integracion-por-el-dia-mundial-del-refugiado\/#article","isPartOf":{"@id":"https:\/\/www.manabi.gob.ec\/index.php\/noche-de-cine-e-integracion-por-el-dia-mundial-del-refugiado\/"},"author":{"name":"Lui Ochoa","@id":"https:\/\/www.manabi.gob.ec\/#\/schema\/person\/c4f117989332ad723a6ced5994aa7d7a"},"headline":"Noche de cine e integraci\u00f3n por el D\u00eda mundial del refugiado","datePublished":"2022-07-04T19:32:22+00:00","dateModified":"2022-07-04T19:32:27+00:00","mainEntityOfPage":{"@id":"https:\/\/www.manabi.gob.ec\/index.php\/noche-de-cine-e-integracion-por-el-dia-mundial-del-refugiado\/"},"wordCount":338,"image":{"@id":"https:\/\/www.manabi.gob.ec\/index.php\/noche-de-cine-e-integracion-por-el-dia-mundial-del-refugiado\/#primaryimage"},"thumbnailUrl":"https:\/\/www.manabi.gob.ec\/wp-content\/uploads\/2022\/07\/WhatsApp-Image-2022-07-01-at-5.24.43-PM.jpeg","articleSection":["Desarrollo Social","Noticias","Participaci\u00f3n ciudadana","Portoviejo","Todas"],"inLanguage":"es"},{"@type":"WebPage","@id":"https:\/\/www.manabi.gob.ec\/index.php\/noche-de-cine-e-integracion-por-el-dia-mundial-del-refugiado\/","url":"https:\/\/www.manabi.gob.ec\/index.php\/noche-de-cine-e-integracion-por-el-dia-mundial-del-refugiado\/","name":"Noche de cine e integraci\u00f3n por el D\u00eda mundial del refugiado - Prefectura de Manab\u00ed","isPartOf":{"@id":"https:\/\/www.manabi.gob.ec\/#website"},"primaryImageOfPage":{"@id":"https:\/\/www.manabi.gob.ec\/index.php\/noche-de-cine-e-integracion-por-el-dia-mundial-del-refugiado\/#primaryimage"},"image":{"@id":"https:\/\/www.manabi.gob.ec\/index.php\/noche-de-cine-e-integracion-por-el-dia-mundial-del-refugiado\/#primaryimage"},"thumbnailUrl":"https:\/\/www.manabi.gob.ec\/wp-content\/uploads\/2022\/07\/WhatsApp-Image-2022-07-01-at-5.24.43-PM.jpeg","datePublished":"2022-07-04T19:32:22+00:00","dateModified":"2022-07-04T19:32:27+00:00","author":{"@id":"https:\/\/www.manabi.gob.ec\/#\/schema\/person\/c4f117989332ad723a6ced5994aa7d7a"},"description":"Alrededor de 90 personas, entre ni\u00f1os, adolescentes y adultos que pertenecen al grupo de personas en situaci\u00f3n de movilidad humana, disfrutaron de una noche de \u201cCine al aire libre\u201d organizada por la Agencia de la ONU para los Refugiados (ACNUR) y la Prefectura de Manab\u00ed.Esta actividad se desarroll\u00f3 en el sector El Flor\u00f3n de Portoviejo el jueves 30 de junio, en recordaci\u00f3n por el D\u00eda Mundial del Refugiado que se conmemora cada 20 de junio por decisi\u00f3n de las Naciones Unidas para honrar a las personas refugiadas y desplazadas de todo el mundo.\u201cQueremos recordar que toda persona, cuando sea, donde sea, quien sea, tiene derecho a buscar protecci\u00f3n donde quiera que se encuentre. Con estas actividades buscamos generar espacios de sensibilizaci\u00f3n y socializaci\u00f3n sobre la importancia de brindar protecci\u00f3n, acompa\u00f1amiento, asistencia, a las personas refugiadas que se encuentran en Ecuador\u201d, manifest\u00f3 Francisco Carri\u00f3n, jefe de la oficina de ACNUR para Manab\u00ed.Daniela De la Fuente, responsable de la unidad t\u00e9cnica de movilidad humana de la Direcci\u00f3n de Desarrollo Social de la Prefectura, destac\u00f3 que a trav\u00e9s de \u201cCine al aire libre\u201d se busca llevar la cultura a espacios donde normalmente hay dificultad de acceso a estos servicios, y promover condiciones de igualdad entre los diferentes ni\u00f1os de la comunidad.\u201cEs una actividad que estamos realizando desde el sentido de poder crear espacios de integraci\u00f3n entre las comunidades de acogida y la poblaci\u00f3n que se encuentra en situaci\u00f3n de movilidad humana. Todo esto bajo la cooperaci\u00f3n y articulaci\u00f3n con las agencias de cooperaci\u00f3n internacional, especialmente aquellas que son adscritas a la ONU, en este caso con ACNUR, y anteriormente con la Organizaci\u00f3n Internacional para la Migraciones\u201d, indic\u00f3.La jornada incluy\u00f3 proyecci\u00f3n de una pel\u00edcula animada y reflexi\u00f3n sobre su contenido. Adem\u00e1s, se comparti\u00f3 un bocadillo y bebida con los asistentes.","breadcrumb":{"@id":"https:\/\/www.manabi.gob.ec\/index.php\/noche-de-cine-e-integracion-por-el-dia-mundial-del-refugiado\/#breadcrumb"},"inLanguage":"es","potentialAction":[{"@type":"ReadAction","target":["https:\/\/www.manabi.gob.ec\/index.php\/noche-de-cine-e-integracion-por-el-dia-mundial-del-refugiado\/"]}]},{"@type":"ImageObject","inLanguage":"es","@id":"https:\/\/www.manabi.gob.ec\/index.php\/noche-de-cine-e-integracion-por-el-dia-mundial-del-refugiado\/#primaryimage","url":"https:\/\/www.manabi.gob.ec\/wp-content\/uploads\/2022\/07\/WhatsApp-Image-2022-07-01-at-5.24.43-PM.jpeg","contentUrl":"https:\/\/www.manabi.gob.ec\/wp-content\/uploads\/2022\/07\/WhatsApp-Image-2022-07-01-at-5.24.43-PM.jpeg","width":1024,"height":768},{"@type":"BreadcrumbList","@id":"https:\/\/www.manabi.gob.ec\/index.php\/noche-de-cine-e-integracion-por-el-dia-mundial-del-refugiado\/#breadcrumb","itemListElement":[{"@type":"ListItem","position":1,"name":"Portada","item":"https:\/\/www.manabi.gob.ec\/"},{"@type":"ListItem","position":2,"name":"Noche de cine e integraci\u00f3n por el D\u00eda mundial del refugiado"}]},{"@type":"WebSite","@id":"https:\/\/www.manabi.gob.ec\/#website","url":"https:\/\/www.manabi.gob.ec\/","name":"Prefectura de Manab\u00ed","description":"P\u00e1gina web de la prefectura","potentialAction":[{"@type":"SearchAction","target":{"@type":"EntryPoint","urlTemplate":"https:\/\/www.manabi.gob.ec\/?s={search_term_string}"},"query-input":{"@type":"PropertyValueSpecification","valueRequired":true,"valueName":"search_term_string"}}],"inLanguage":"es"},{"@type":"Person","@id":"https:\/\/www.manabi.gob.ec\/#\/schema\/person\/c4f117989332ad723a6ced5994aa7d7a","name":"Lui Ochoa","image":{"@type":"ImageObject","inLanguage":"es","@id":"https:\/\/secure.gravatar.com\/avatar\/6e8017d0fe69dead8a95864d2eb6e1e1d8bf8e01194ba49cf7b897ff038126ba?s=96&d=mm&r=g","url":"https:\/\/secure.gravatar.com\/avatar\/6e8017d0fe69dead8a95864d2eb6e1e1d8bf8e01194ba49cf7b897ff038126ba?s=96&d=mm&r=g","contentUrl":"https:\/\/secure.gravatar.com\/avatar\/6e8017d0fe69dead8a95864d2eb6e1e1d8bf8e01194ba49cf7b897ff038126ba?s=96&d=mm&r=g","caption":"Lui Ochoa"},"url":"https:\/\/www.manabi.gob.ec\/index.php\/author\/lochoa\/"}]}},"jetpack_featured_media_url":"https:\/\/www.manabi.gob.ec\/wp-content\/uploads\/2022\/07\/WhatsApp-Image-2022-07-01-at-5.24.43-PM.jpeg","_links":{"self":[{"href":"https:\/\/www.manabi.gob.ec\/index.php\/wp-json\/wp\/v2\/posts\/21297","targetHints":{"allow":["GET"]}}],"collection":[{"href":"https:\/\/www.manabi.gob.ec\/index.php\/wp-json\/wp\/v2\/posts"}],"about":[{"href":"https:\/\/www.manabi.gob.ec\/index.php\/wp-json\/wp\/v2\/types\/post"}],"author":[{"embeddable":true,"href":"https:\/\/www.manabi.gob.ec\/index.php\/wp-json\/wp\/v2\/users\/10"}],"replies":[{"embeddable":true,"href":"https:\/\/www.manabi.gob.ec\/index.php\/wp-json\/wp\/v2\/comments?post=21297"}],"version-history":[{"count":0,"href":"https:\/\/www.manabi.gob.ec\/index.php\/wp-json\/wp\/v2\/posts\/21297\/revisions"}],"wp:featuredmedia":[{"embeddable":true,"href":"https:\/\/www.manabi.gob.ec\/index.php\/wp-json\/wp\/v2\/media\/21298"}],"wp:attachment":[{"href":"https:\/\/www.manabi.gob.ec\/index.php\/wp-json\/wp\/v2\/media?parent=21297"}],"wp:term":[{"taxonomy":"category","embeddable":true,"href":"https:\/\/www.manabi.gob.ec\/index.php\/wp-json\/wp\/v2\/categories?post=21297"},{"taxonomy":"post_tag","embeddable":true,"href":"https:\/\/www.manabi.gob.ec\/index.php\/wp-json\/wp\/v2\/tags?post=21297"}],"curies":[{"name":"wp","href":"https:\/\/api.w.org\/{rel}","templated":true}]}}