{"id":21300,"date":"2022-07-04T19:49:58","date_gmt":"2022-07-04T19:49:58","guid":{"rendered":"https:\/\/www.manabi.gob.ec\/?p=21300"},"modified":"2022-07-04T19:50:02","modified_gmt":"2022-07-04T19:50:02","slug":"celebramos-los-55-anos-de-cantonizacion-de-el-carmen","status":"publish","type":"post","link":"https:\/\/www.manabi.gob.ec\/index.php\/celebramos-los-55-anos-de-cantonizacion-de-el-carmen\/","title":{"rendered":"Celebramos los 55 a\u00f1os de cantonizaci\u00f3n de El Carmen"},"content":{"rendered":"\n<p>Luego de dos a\u00f1os de restricciones por el Covid-19, estudiantes, autoridades, y ciudadanos en general volvieron a celebrar de forma masiva las fiestas de cantonizaci\u00f3n de El Carmen.<\/p>\n\n\n\n<p>La prefecta de Manab\u00ed (e), Kelly Buenaventura, particip\u00f3 del desfile c\u00edvico e institucional que organiz\u00f3 el GAD Municipal, en homenaje a los 55 a\u00f1os de vida pol\u00edtica de \u201cLa Puerta de Oro de Manab\u00ed\u201d.<\/p>\n\n\n\n<p>\u00abSalud a mi querido cant\u00f3n en esta fecha especial. Desde la Prefectura de Manab\u00ed venimos realizando un trabajo de servicio, con mucho amor y responsabilidad para el beneficio y desarrollo de esta tierra productiva y su bella gente\u00bb, expres\u00f3 la autoridad provincial.<\/p>\n\n\n\n<p>Delegaciones de estudiantes, instituciones, organizaciones de la sociedad civil, y otras, desfilaron por las principales calles de la cabecera cantonal para rendirle tributo a El Carmen.<br>La sesi\u00f3n conmemorativa por los 55 a\u00f1os de cantonizaci\u00f3n est\u00e1 previstas para las 14h00.<\/p>\n","protected":false},"excerpt":{"rendered":"<p>Luego de dos a\u00f1os de restricciones por el Covid-19, estudiantes, autoridades, y ciudadanos en general volvieron a celebrar de forma masiva las fiestas de cantonizaci\u00f3n de El Carmen.<\/p>\n","protected":false},"author":10,"featured_media":21301,"comment_status":"closed","ping_status":"closed","sticky":false,"template":"","format":"standard","meta":{"_joinchat":[],"footnotes":""},"categories":[142,183,92,91],"tags":[],"class_list":["post-21300","post","type-post","status-publish","format-standard","has-post-thumbnail","hentry","category-desarrollo-social","category-el-carmen","category-noticias-manabi","category-todas"],"yoast_head":"<!-- This site is optimized with the Yoast SEO plugin v27.4 - https:\/\/yoast.com\/product\/yoast-seo-wordpress\/ -->\n<title>Celebramos los 55 a\u00f1os de cantonizaci\u00f3n de El Carmen - Prefectura de Manab\u00ed<\/title>\n<meta name=\"description\" content=\"Luego de dos a\u00f1os de restricciones por el Covid-19, estudiantes, autoridades, y ciudadanos en general volvieron a celebrar de forma masiva las fiestas de cantonizaci\u00f3n de El Carmen.La prefecta de Manab\u00ed (e), Kelly Buenaventura, particip\u00f3 del desfile c\u00edvico e institucional que organiz\u00f3 el GAD Municipal, en homenaje a los 55 a\u00f1os de vida pol\u00edtica de \u201cLa Puerta de Oro de Manab\u00ed\u201d.&quot;Salud a mi querido cant\u00f3n en esta fecha especial. Desde la Prefectura de Manab\u00ed venimos realizando un trabajo de servicio, con mucho amor y responsabilidad para el beneficio y desarrollo de esta tierra productiva y su bella gente&quot;, expres\u00f3 la autoridad provincial.Delegaciones de estudiantes, instituciones, organizaciones de la sociedad civil, y otras, desfilaron por las principales calles de la cabecera cantonal para rendirle tributo a El Carmen.La sesi\u00f3n conmemorativa por los 55 a\u00f1os de cantonizaci\u00f3n est\u00e1 previstas para las 14h00.\" \/>\n<meta name=\"robots\" content=\"index, follow, max-snippet:-1, max-image-preview:large, max-video-preview:-1\" \/>\n<link rel=\"canonical\" href=\"https:\/\/www.manabi.gob.ec\/index.php\/celebramos-los-55-anos-de-cantonizacion-de-el-carmen\/\" \/>\n<meta property=\"og:locale\" content=\"es_ES\" \/>\n<meta property=\"og:type\" content=\"article\" \/>\n<meta property=\"og:title\" content=\"Celebramos los 55 a\u00f1os de cantonizaci\u00f3n de El Carmen - Prefectura de Manab\u00ed\" \/>\n<meta property=\"og:description\" content=\"Luego de dos a\u00f1os de restricciones por el Covid-19, estudiantes, autoridades, y ciudadanos en general volvieron a celebrar de forma masiva las fiestas de cantonizaci\u00f3n de El Carmen.La prefecta de Manab\u00ed (e), Kelly Buenaventura, particip\u00f3 del desfile c\u00edvico e institucional que organiz\u00f3 el GAD Municipal, en homenaje a los 55 a\u00f1os de vida pol\u00edtica de \u201cLa Puerta de Oro de Manab\u00ed\u201d.&quot;Salud a mi querido cant\u00f3n en esta fecha especial. Desde la Prefectura de Manab\u00ed venimos realizando un trabajo de servicio, con mucho amor y responsabilidad para el beneficio y desarrollo de esta tierra productiva y su bella gente&quot;, expres\u00f3 la autoridad provincial.Delegaciones de estudiantes, instituciones, organizaciones de la sociedad civil, y otras, desfilaron por las principales calles de la cabecera cantonal para rendirle tributo a El Carmen.La sesi\u00f3n conmemorativa por los 55 a\u00f1os de cantonizaci\u00f3n est\u00e1 previstas para las 14h00.\" \/>\n<meta property=\"og:url\" content=\"https:\/\/www.manabi.gob.ec\/index.php\/celebramos-los-55-anos-de-cantonizacion-de-el-carmen\/\" \/>\n<meta property=\"og:site_name\" content=\"Prefectura de Manab\u00ed\" \/>\n<meta property=\"article:published_time\" content=\"2022-07-04T19:49:58+00:00\" \/>\n<meta property=\"article:modified_time\" content=\"2022-07-04T19:50:02+00:00\" \/>\n<meta property=\"og:image\" content=\"https:\/\/www.manabi.gob.ec\/wp-content\/uploads\/2022\/07\/291994734_730366854874402_7635498577739423847_n.jpg\" \/>\n\t<meta property=\"og:image:width\" content=\"1314\" \/>\n\t<meta property=\"og:image:height\" content=\"1045\" \/>\n\t<meta property=\"og:image:type\" content=\"image\/jpeg\" \/>\n<meta name=\"author\" content=\"Lui Ochoa\" \/>\n<meta name=\"twitter:card\" content=\"summary_large_image\" \/>\n<meta name=\"twitter:label1\" content=\"Escrito por\" \/>\n\t<meta name=\"twitter:data1\" content=\"Lui Ochoa\" \/>\n\t<meta name=\"twitter:label2\" content=\"Tiempo de lectura\" \/>\n\t<meta name=\"twitter:data2\" content=\"1 minuto\" \/>\n<script type=\"application\/ld+json\" class=\"yoast-schema-graph\">{\"@context\":\"https:\\\/\\\/schema.org\",\"@graph\":[{\"@type\":\"Article\",\"@id\":\"https:\\\/\\\/www.manabi.gob.ec\\\/index.php\\\/celebramos-los-55-anos-de-cantonizacion-de-el-carmen\\\/#article\",\"isPartOf\":{\"@id\":\"https:\\\/\\\/www.manabi.gob.ec\\\/index.php\\\/celebramos-los-55-anos-de-cantonizacion-de-el-carmen\\\/\"},\"author\":{\"name\":\"Lui Ochoa\",\"@id\":\"https:\\\/\\\/www.manabi.gob.ec\\\/#\\\/schema\\\/person\\\/c4f117989332ad723a6ced5994aa7d7a\"},\"headline\":\"Celebramos los 55 a\u00f1os de cantonizaci\u00f3n de El Carmen\",\"datePublished\":\"2022-07-04T19:49:58+00:00\",\"dateModified\":\"2022-07-04T19:50:02+00:00\",\"mainEntityOfPage\":{\"@id\":\"https:\\\/\\\/www.manabi.gob.ec\\\/index.php\\\/celebramos-los-55-anos-de-cantonizacion-de-el-carmen\\\/\"},\"wordCount\":161,\"image\":{\"@id\":\"https:\\\/\\\/www.manabi.gob.ec\\\/index.php\\\/celebramos-los-55-anos-de-cantonizacion-de-el-carmen\\\/#primaryimage\"},\"thumbnailUrl\":\"https:\\\/\\\/www.manabi.gob.ec\\\/wp-content\\\/uploads\\\/2022\\\/07\\\/291994734_730366854874402_7635498577739423847_n.jpg\",\"articleSection\":[\"Desarrollo Social\",\"El Carmen\",\"Noticias\",\"Todas\"],\"inLanguage\":\"es\"},{\"@type\":\"WebPage\",\"@id\":\"https:\\\/\\\/www.manabi.gob.ec\\\/index.php\\\/celebramos-los-55-anos-de-cantonizacion-de-el-carmen\\\/\",\"url\":\"https:\\\/\\\/www.manabi.gob.ec\\\/index.php\\\/celebramos-los-55-anos-de-cantonizacion-de-el-carmen\\\/\",\"name\":\"Celebramos los 55 a\u00f1os de cantonizaci\u00f3n de El Carmen - Prefectura de Manab\u00ed\",\"isPartOf\":{\"@id\":\"https:\\\/\\\/www.manabi.gob.ec\\\/#website\"},\"primaryImageOfPage\":{\"@id\":\"https:\\\/\\\/www.manabi.gob.ec\\\/index.php\\\/celebramos-los-55-anos-de-cantonizacion-de-el-carmen\\\/#primaryimage\"},\"image\":{\"@id\":\"https:\\\/\\\/www.manabi.gob.ec\\\/index.php\\\/celebramos-los-55-anos-de-cantonizacion-de-el-carmen\\\/#primaryimage\"},\"thumbnailUrl\":\"https:\\\/\\\/www.manabi.gob.ec\\\/wp-content\\\/uploads\\\/2022\\\/07\\\/291994734_730366854874402_7635498577739423847_n.jpg\",\"datePublished\":\"2022-07-04T19:49:58+00:00\",\"dateModified\":\"2022-07-04T19:50:02+00:00\",\"author\":{\"@id\":\"https:\\\/\\\/www.manabi.gob.ec\\\/#\\\/schema\\\/person\\\/c4f117989332ad723a6ced5994aa7d7a\"},\"description\":\"Luego de dos a\u00f1os de restricciones por el Covid-19, estudiantes, autoridades, y ciudadanos en general volvieron a celebrar de forma masiva las fiestas de cantonizaci\u00f3n de El Carmen.La prefecta de Manab\u00ed (e), Kelly Buenaventura, particip\u00f3 del desfile c\u00edvico e institucional que organiz\u00f3 el GAD Municipal, en homenaje a los 55 a\u00f1os de vida pol\u00edtica de \u201cLa Puerta de Oro de Manab\u00ed\u201d.\\\"Salud a mi querido cant\u00f3n en esta fecha especial. Desde la Prefectura de Manab\u00ed venimos realizando un trabajo de servicio, con mucho amor y responsabilidad para el beneficio y desarrollo de esta tierra productiva y su bella gente\\\", expres\u00f3 la autoridad provincial.Delegaciones de estudiantes, instituciones, organizaciones de la sociedad civil, y otras, desfilaron por las principales calles de la cabecera cantonal para rendirle tributo a El Carmen.La sesi\u00f3n conmemorativa por los 55 a\u00f1os de cantonizaci\u00f3n est\u00e1 previstas para las 14h00.\",\"breadcrumb\":{\"@id\":\"https:\\\/\\\/www.manabi.gob.ec\\\/index.php\\\/celebramos-los-55-anos-de-cantonizacion-de-el-carmen\\\/#breadcrumb\"},\"inLanguage\":\"es\",\"potentialAction\":[{\"@type\":\"ReadAction\",\"target\":[\"https:\\\/\\\/www.manabi.gob.ec\\\/index.php\\\/celebramos-los-55-anos-de-cantonizacion-de-el-carmen\\\/\"]}]},{\"@type\":\"ImageObject\",\"inLanguage\":\"es\",\"@id\":\"https:\\\/\\\/www.manabi.gob.ec\\\/index.php\\\/celebramos-los-55-anos-de-cantonizacion-de-el-carmen\\\/#primaryimage\",\"url\":\"https:\\\/\\\/www.manabi.gob.ec\\\/wp-content\\\/uploads\\\/2022\\\/07\\\/291994734_730366854874402_7635498577739423847_n.jpg\",\"contentUrl\":\"https:\\\/\\\/www.manabi.gob.ec\\\/wp-content\\\/uploads\\\/2022\\\/07\\\/291994734_730366854874402_7635498577739423847_n.jpg\",\"width\":1314,\"height\":1045},{\"@type\":\"BreadcrumbList\",\"@id\":\"https:\\\/\\\/www.manabi.gob.ec\\\/index.php\\\/celebramos-los-55-anos-de-cantonizacion-de-el-carmen\\\/#breadcrumb\",\"itemListElement\":[{\"@type\":\"ListItem\",\"position\":1,\"name\":\"Portada\",\"item\":\"https:\\\/\\\/www.manabi.gob.ec\\\/\"},{\"@type\":\"ListItem\",\"position\":2,\"name\":\"Celebramos los 55 a\u00f1os de cantonizaci\u00f3n de El Carmen\"}]},{\"@type\":\"WebSite\",\"@id\":\"https:\\\/\\\/www.manabi.gob.ec\\\/#website\",\"url\":\"https:\\\/\\\/www.manabi.gob.ec\\\/\",\"name\":\"Prefectura de Manab\u00ed\",\"description\":\"P\u00e1gina web de la prefectura\",\"potentialAction\":[{\"@type\":\"SearchAction\",\"target\":{\"@type\":\"EntryPoint\",\"urlTemplate\":\"https:\\\/\\\/www.manabi.gob.ec\\\/?s={search_term_string}\"},\"query-input\":{\"@type\":\"PropertyValueSpecification\",\"valueRequired\":true,\"valueName\":\"search_term_string\"}}],\"inLanguage\":\"es\"},{\"@type\":\"Person\",\"@id\":\"https:\\\/\\\/www.manabi.gob.ec\\\/#\\\/schema\\\/person\\\/c4f117989332ad723a6ced5994aa7d7a\",\"name\":\"Lui Ochoa\",\"image\":{\"@type\":\"ImageObject\",\"inLanguage\":\"es\",\"@id\":\"https:\\\/\\\/secure.gravatar.com\\\/avatar\\\/6e8017d0fe69dead8a95864d2eb6e1e1d8bf8e01194ba49cf7b897ff038126ba?s=96&d=mm&r=g\",\"url\":\"https:\\\/\\\/secure.gravatar.com\\\/avatar\\\/6e8017d0fe69dead8a95864d2eb6e1e1d8bf8e01194ba49cf7b897ff038126ba?s=96&d=mm&r=g\",\"contentUrl\":\"https:\\\/\\\/secure.gravatar.com\\\/avatar\\\/6e8017d0fe69dead8a95864d2eb6e1e1d8bf8e01194ba49cf7b897ff038126ba?s=96&d=mm&r=g\",\"caption\":\"Lui Ochoa\"},\"url\":\"https:\\\/\\\/www.manabi.gob.ec\\\/index.php\\\/author\\\/lochoa\\\/\"}]}<\/script>\n<!-- \/ Yoast SEO plugin. -->","yoast_head_json":{"title":"Celebramos los 55 a\u00f1os de cantonizaci\u00f3n de El Carmen - Prefectura de Manab\u00ed","description":"Luego de dos a\u00f1os de restricciones por el Covid-19, estudiantes, autoridades, y ciudadanos en general volvieron a celebrar de forma masiva las fiestas de cantonizaci\u00f3n de El Carmen.La prefecta de Manab\u00ed (e), Kelly Buenaventura, particip\u00f3 del desfile c\u00edvico e institucional que organiz\u00f3 el GAD Municipal, en homenaje a los 55 a\u00f1os de vida pol\u00edtica de \u201cLa Puerta de Oro de Manab\u00ed\u201d.\"Salud a mi querido cant\u00f3n en esta fecha especial. Desde la Prefectura de Manab\u00ed venimos realizando un trabajo de servicio, con mucho amor y responsabilidad para el beneficio y desarrollo de esta tierra productiva y su bella gente\", expres\u00f3 la autoridad provincial.Delegaciones de estudiantes, instituciones, organizaciones de la sociedad civil, y otras, desfilaron por las principales calles de la cabecera cantonal para rendirle tributo a El Carmen.La sesi\u00f3n conmemorativa por los 55 a\u00f1os de cantonizaci\u00f3n est\u00e1 previstas para las 14h00.","robots":{"index":"index","follow":"follow","max-snippet":"max-snippet:-1","max-image-preview":"max-image-preview:large","max-video-preview":"max-video-preview:-1"},"canonical":"https:\/\/www.manabi.gob.ec\/index.php\/celebramos-los-55-anos-de-cantonizacion-de-el-carmen\/","og_locale":"es_ES","og_type":"article","og_title":"Celebramos los 55 a\u00f1os de cantonizaci\u00f3n de El Carmen - Prefectura de Manab\u00ed","og_description":"Luego de dos a\u00f1os de restricciones por el Covid-19, estudiantes, autoridades, y ciudadanos en general volvieron a celebrar de forma masiva las fiestas de cantonizaci\u00f3n de El Carmen.La prefecta de Manab\u00ed (e), Kelly Buenaventura, particip\u00f3 del desfile c\u00edvico e institucional que organiz\u00f3 el GAD Municipal, en homenaje a los 55 a\u00f1os de vida pol\u00edtica de \u201cLa Puerta de Oro de Manab\u00ed\u201d.\"Salud a mi querido cant\u00f3n en esta fecha especial. Desde la Prefectura de Manab\u00ed venimos realizando un trabajo de servicio, con mucho amor y responsabilidad para el beneficio y desarrollo de esta tierra productiva y su bella gente\", expres\u00f3 la autoridad provincial.Delegaciones de estudiantes, instituciones, organizaciones de la sociedad civil, y otras, desfilaron por las principales calles de la cabecera cantonal para rendirle tributo a El Carmen.La sesi\u00f3n conmemorativa por los 55 a\u00f1os de cantonizaci\u00f3n est\u00e1 previstas para las 14h00.","og_url":"https:\/\/www.manabi.gob.ec\/index.php\/celebramos-los-55-anos-de-cantonizacion-de-el-carmen\/","og_site_name":"Prefectura de Manab\u00ed","article_published_time":"2022-07-04T19:49:58+00:00","article_modified_time":"2022-07-04T19:50:02+00:00","og_image":[{"width":1314,"height":1045,"url":"https:\/\/www.manabi.gob.ec\/wp-content\/uploads\/2022\/07\/291994734_730366854874402_7635498577739423847_n.jpg","type":"image\/jpeg"}],"author":"Lui Ochoa","twitter_card":"summary_large_image","twitter_misc":{"Escrito por":"Lui Ochoa","Tiempo de lectura":"1 minuto"},"schema":{"@context":"https:\/\/schema.org","@graph":[{"@type":"Article","@id":"https:\/\/www.manabi.gob.ec\/index.php\/celebramos-los-55-anos-de-cantonizacion-de-el-carmen\/#article","isPartOf":{"@id":"https:\/\/www.manabi.gob.ec\/index.php\/celebramos-los-55-anos-de-cantonizacion-de-el-carmen\/"},"author":{"name":"Lui Ochoa","@id":"https:\/\/www.manabi.gob.ec\/#\/schema\/person\/c4f117989332ad723a6ced5994aa7d7a"},"headline":"Celebramos los 55 a\u00f1os de cantonizaci\u00f3n de El Carmen","datePublished":"2022-07-04T19:49:58+00:00","dateModified":"2022-07-04T19:50:02+00:00","mainEntityOfPage":{"@id":"https:\/\/www.manabi.gob.ec\/index.php\/celebramos-los-55-anos-de-cantonizacion-de-el-carmen\/"},"wordCount":161,"image":{"@id":"https:\/\/www.manabi.gob.ec\/index.php\/celebramos-los-55-anos-de-cantonizacion-de-el-carmen\/#primaryimage"},"thumbnailUrl":"https:\/\/www.manabi.gob.ec\/wp-content\/uploads\/2022\/07\/291994734_730366854874402_7635498577739423847_n.jpg","articleSection":["Desarrollo Social","El Carmen","Noticias","Todas"],"inLanguage":"es"},{"@type":"WebPage","@id":"https:\/\/www.manabi.gob.ec\/index.php\/celebramos-los-55-anos-de-cantonizacion-de-el-carmen\/","url":"https:\/\/www.manabi.gob.ec\/index.php\/celebramos-los-55-anos-de-cantonizacion-de-el-carmen\/","name":"Celebramos los 55 a\u00f1os de cantonizaci\u00f3n de El Carmen - Prefectura de Manab\u00ed","isPartOf":{"@id":"https:\/\/www.manabi.gob.ec\/#website"},"primaryImageOfPage":{"@id":"https:\/\/www.manabi.gob.ec\/index.php\/celebramos-los-55-anos-de-cantonizacion-de-el-carmen\/#primaryimage"},"image":{"@id":"https:\/\/www.manabi.gob.ec\/index.php\/celebramos-los-55-anos-de-cantonizacion-de-el-carmen\/#primaryimage"},"thumbnailUrl":"https:\/\/www.manabi.gob.ec\/wp-content\/uploads\/2022\/07\/291994734_730366854874402_7635498577739423847_n.jpg","datePublished":"2022-07-04T19:49:58+00:00","dateModified":"2022-07-04T19:50:02+00:00","author":{"@id":"https:\/\/www.manabi.gob.ec\/#\/schema\/person\/c4f117989332ad723a6ced5994aa7d7a"},"description":"Luego de dos a\u00f1os de restricciones por el Covid-19, estudiantes, autoridades, y ciudadanos en general volvieron a celebrar de forma masiva las fiestas de cantonizaci\u00f3n de El Carmen.La prefecta de Manab\u00ed (e), Kelly Buenaventura, particip\u00f3 del desfile c\u00edvico e institucional que organiz\u00f3 el GAD Municipal, en homenaje a los 55 a\u00f1os de vida pol\u00edtica de \u201cLa Puerta de Oro de Manab\u00ed\u201d.\"Salud a mi querido cant\u00f3n en esta fecha especial. Desde la Prefectura de Manab\u00ed venimos realizando un trabajo de servicio, con mucho amor y responsabilidad para el beneficio y desarrollo de esta tierra productiva y su bella gente\", expres\u00f3 la autoridad provincial.Delegaciones de estudiantes, instituciones, organizaciones de la sociedad civil, y otras, desfilaron por las principales calles de la cabecera cantonal para rendirle tributo a El Carmen.La sesi\u00f3n conmemorativa por los 55 a\u00f1os de cantonizaci\u00f3n est\u00e1 previstas para las 14h00.","breadcrumb":{"@id":"https:\/\/www.manabi.gob.ec\/index.php\/celebramos-los-55-anos-de-cantonizacion-de-el-carmen\/#breadcrumb"},"inLanguage":"es","potentialAction":[{"@type":"ReadAction","target":["https:\/\/www.manabi.gob.ec\/index.php\/celebramos-los-55-anos-de-cantonizacion-de-el-carmen\/"]}]},{"@type":"ImageObject","inLanguage":"es","@id":"https:\/\/www.manabi.gob.ec\/index.php\/celebramos-los-55-anos-de-cantonizacion-de-el-carmen\/#primaryimage","url":"https:\/\/www.manabi.gob.ec\/wp-content\/uploads\/2022\/07\/291994734_730366854874402_7635498577739423847_n.jpg","contentUrl":"https:\/\/www.manabi.gob.ec\/wp-content\/uploads\/2022\/07\/291994734_730366854874402_7635498577739423847_n.jpg","width":1314,"height":1045},{"@type":"BreadcrumbList","@id":"https:\/\/www.manabi.gob.ec\/index.php\/celebramos-los-55-anos-de-cantonizacion-de-el-carmen\/#breadcrumb","itemListElement":[{"@type":"ListItem","position":1,"name":"Portada","item":"https:\/\/www.manabi.gob.ec\/"},{"@type":"ListItem","position":2,"name":"Celebramos los 55 a\u00f1os de cantonizaci\u00f3n de El Carmen"}]},{"@type":"WebSite","@id":"https:\/\/www.manabi.gob.ec\/#website","url":"https:\/\/www.manabi.gob.ec\/","name":"Prefectura de Manab\u00ed","description":"P\u00e1gina web de la prefectura","potentialAction":[{"@type":"SearchAction","target":{"@type":"EntryPoint","urlTemplate":"https:\/\/www.manabi.gob.ec\/?s={search_term_string}"},"query-input":{"@type":"PropertyValueSpecification","valueRequired":true,"valueName":"search_term_string"}}],"inLanguage":"es"},{"@type":"Person","@id":"https:\/\/www.manabi.gob.ec\/#\/schema\/person\/c4f117989332ad723a6ced5994aa7d7a","name":"Lui Ochoa","image":{"@type":"ImageObject","inLanguage":"es","@id":"https:\/\/secure.gravatar.com\/avatar\/6e8017d0fe69dead8a95864d2eb6e1e1d8bf8e01194ba49cf7b897ff038126ba?s=96&d=mm&r=g","url":"https:\/\/secure.gravatar.com\/avatar\/6e8017d0fe69dead8a95864d2eb6e1e1d8bf8e01194ba49cf7b897ff038126ba?s=96&d=mm&r=g","contentUrl":"https:\/\/secure.gravatar.com\/avatar\/6e8017d0fe69dead8a95864d2eb6e1e1d8bf8e01194ba49cf7b897ff038126ba?s=96&d=mm&r=g","caption":"Lui Ochoa"},"url":"https:\/\/www.manabi.gob.ec\/index.php\/author\/lochoa\/"}]}},"jetpack_featured_media_url":"https:\/\/www.manabi.gob.ec\/wp-content\/uploads\/2022\/07\/291994734_730366854874402_7635498577739423847_n.jpg","_links":{"self":[{"href":"https:\/\/www.manabi.gob.ec\/index.php\/wp-json\/wp\/v2\/posts\/21300","targetHints":{"allow":["GET"]}}],"collection":[{"href":"https:\/\/www.manabi.gob.ec\/index.php\/wp-json\/wp\/v2\/posts"}],"about":[{"href":"https:\/\/www.manabi.gob.ec\/index.php\/wp-json\/wp\/v2\/types\/post"}],"author":[{"embeddable":true,"href":"https:\/\/www.manabi.gob.ec\/index.php\/wp-json\/wp\/v2\/users\/10"}],"replies":[{"embeddable":true,"href":"https:\/\/www.manabi.gob.ec\/index.php\/wp-json\/wp\/v2\/comments?post=21300"}],"version-history":[{"count":0,"href":"https:\/\/www.manabi.gob.ec\/index.php\/wp-json\/wp\/v2\/posts\/21300\/revisions"}],"wp:featuredmedia":[{"embeddable":true,"href":"https:\/\/www.manabi.gob.ec\/index.php\/wp-json\/wp\/v2\/media\/21301"}],"wp:attachment":[{"href":"https:\/\/www.manabi.gob.ec\/index.php\/wp-json\/wp\/v2\/media?parent=21300"}],"wp:term":[{"taxonomy":"category","embeddable":true,"href":"https:\/\/www.manabi.gob.ec\/index.php\/wp-json\/wp\/v2\/categories?post=21300"},{"taxonomy":"post_tag","embeddable":true,"href":"https:\/\/www.manabi.gob.ec\/index.php\/wp-json\/wp\/v2\/tags?post=21300"}],"curies":[{"name":"wp","href":"https:\/\/api.w.org\/{rel}","templated":true}]}}