{"id":21328,"date":"2022-07-07T20:07:50","date_gmt":"2022-07-07T20:07:50","guid":{"rendered":"https:\/\/www.manabi.gob.ec\/?p=21328"},"modified":"2022-07-07T20:07:54","modified_gmt":"2022-07-07T20:07:54","slug":"manabi-aprovecha-evento-nacional-para-articular-acciones-que-impulsen-la-oferta-turistica-de-la-provincia","status":"publish","type":"post","link":"https:\/\/www.manabi.gob.ec\/index.php\/manabi-aprovecha-evento-nacional-para-articular-acciones-que-impulsen-la-oferta-turistica-de-la-provincia\/","title":{"rendered":"Manab\u00ed aprovecha evento nacional para articular acciones que impulsen la oferta tur\u00edstica de la provincia"},"content":{"rendered":"\n<p>Con la presencia de la viceprefecta de Manab\u00ed, Kelly Buenaventura; representantes del Congope, del Ministerio de Turismo; prefectos y delegados, se realiz\u00f3, en Quito, la presentaci\u00f3n del plan de acci\u00f3n para impulsar el Turismo del Ecuador.<\/p>\n\n\n\n<p>La viceministra de Turismo, Silvana Ram\u00edrez dio la bienvenida a los asistentes, manifestando que la coyuntura actual obliga a adaptarnos a las nuevas realidades, y justamente con esta metodolog\u00eda se aporta para lograrlo. Tambi\u00e9n agradeci\u00f3 el trabajo conjunto entre el Ministerio de Turismo, CONGOPE y las prefecturas, para la creaci\u00f3n de herramientas que aporten con la reactivaci\u00f3n tur\u00edstica del pa\u00eds.<\/p>\n\n\n\n<p>Aldo Salvador, subsecretario de Regulaci\u00f3n y Control del Ministerio de Turismo se\u00f1al\u00f3 que han existido socializaciones de la regulaci\u00f3n de turismo comunitario.<\/p>\n\n\n\n<p>\u201cUna de las decisiones de la administraci\u00f3n de la Prefectura de Manab\u00ed fue la creaci\u00f3n de la Direcci\u00f3n de Cultura y Patrimonio desde el a\u00f1o 2020, invirtiendo un mill\u00f3n de d\u00f3lares en obras de facilidades tur\u00edsticas y promoci\u00f3n\u201d, se\u00f1al\u00f3 Kelly Buenaventura, quien asisti\u00f3 a este evento delegada por el prefecto de Manab\u00ed, Leonardo Orlando.<\/p>\n\n\n\n<p>Buenaventura destac\u00f3 que la Prefectura de Manab\u00ed, aporta con obras de integraci\u00f3n vial que mejoran la conectividad e impulsan el turismo provincial. \u201cHemos construido mas de 4.600 kil\u00f3metros de v\u00edas rurales en la provincia; hemos impulsado la vialidad en sectores tur\u00edsticos, como la construcci\u00f3n de la v\u00eda de carpeta asf\u00e1ltica La Boca-Los Arenales de la parroquia Crucita, que es uno de los principales destinos tur\u00edsticos de Manab\u00ed; tambi\u00e9n la v\u00eda asfaltada hacia el cerro de la parroquia Chirijos, que guarda maravillas naturales y que hoy es aprovechada por los turistas, quienes en este lugar realizan hermosa postales de nuestro Manab\u00ed M\u00e1gico y Diverso y disfrutan de la gastronom\u00eda\u201d, expres\u00f3.<\/p>\n\n\n\n<p>Buenaventura solicit\u00f3 al Ministerio de Turismo que ayude a difundir la oferta tur\u00edstica de Manab\u00ed, les record\u00f3 que en esta provincia existen dos pueblos m\u00e1gicos, como son: Agua Blanca en Puerto L\u00f3pez y Portoviejo, capital provincial .<\/p>\n\n\n\n<p>\u201cTrabajamos junto al prefecto, Leonardo Orlando, para incentivar el turismo de nuestro Manab\u00ed M\u00e1gico y Diverso a Nivel Nacional e Internacional\u201d, dijo la Viceprefecta.<\/p>\n\n\n\n<p>Finalmente el Ministerio de Turismo, expuso su plan donde se ejecutar\u00e1n acciones en conjunto con la Prefectura para impulsar el turismo provincial.<\/p>\n","protected":false},"excerpt":{"rendered":"<p>Con la presencia de la viceprefecta de Manab\u00ed, Kelly Buenaventura; representantes del Congope, del Ministerio de Turismo; prefectos y delegados, se realiz\u00f3, en Quito, la presentaci\u00f3n del plan de acci\u00f3n para impulsar el Turismo del Ecuador.<\/p>\n","protected":false},"author":10,"featured_media":21329,"comment_status":"closed","ping_status":"closed","sticky":false,"template":"","format":"standard","meta":{"_joinchat":[],"footnotes":""},"categories":[142,92,91,81],"tags":[],"class_list":["post-21328","post","type-post","status-publish","format-standard","has-post-thumbnail","hentry","category-desarrollo-social","category-noticias-manabi","category-todas","category-turismo"],"yoast_head":"<!-- This site is optimized with the Yoast SEO plugin v27.4 - https:\/\/yoast.com\/product\/yoast-seo-wordpress\/ -->\n<title>Manab\u00ed aprovecha evento nacional para articular acciones que impulsen la oferta tur\u00edstica de la provincia - Prefectura de Manab\u00ed<\/title>\n<meta name=\"description\" content=\"Con la presencia de la viceprefecta de Manab\u00ed, Kelly Buenaventura; representantes del Congope, del Ministerio de Turismo; prefectos y delegados, se realiz\u00f3, en Quito, la presentaci\u00f3n del plan de acci\u00f3n para impulsar el Turismo del Ecuador.La viceministra de Turismo, Silvana Ram\u00edrez dio la bienvenida a los asistentes, manifestando que la coyuntura actual obliga a adaptarnos a las nuevas realidades, y justamente con esta metodolog\u00eda se aporta para lograrlo. Tambi\u00e9n agradeci\u00f3 el trabajo conjunto entre el Ministerio de Turismo, CONGOPE y las prefecturas, para la creaci\u00f3n de herramientas que aporten con la reactivaci\u00f3n tur\u00edstica del pa\u00eds.Aldo Salvador, subsecretario de Regulaci\u00f3n y Control del Ministerio de Turismo se\u00f1al\u00f3 que han existido socializaciones de la regulaci\u00f3n de turismo comunitario.\u201cUna de las decisiones de la administraci\u00f3n de la Prefectura de Manab\u00ed fue la creaci\u00f3n de la Direcci\u00f3n de Cultura y Patrimonio desde el a\u00f1o 2020, invirtiendo un mill\u00f3n de d\u00f3lares en obras de facilidades tur\u00edsticas y promoci\u00f3n\u201d, se\u00f1al\u00f3 Kelly Buenaventura, quien asisti\u00f3 a este evento delegada por el prefecto de Manab\u00ed, Leonardo Orlando.Buenaventura destac\u00f3 que la Prefectura de Manab\u00ed, aporta con obras de integraci\u00f3n vial que mejoran la conectividad e impulsan el turismo provincial. \u201cHemos construido mas de 4.600 kil\u00f3metros de v\u00edas rurales en la provincia; hemos impulsado la vialidad en sectores tur\u00edsticos, como la construcci\u00f3n de la v\u00eda de carpeta asf\u00e1ltica La Boca-Los Arenales de la parroquia Crucita, que es uno de los principales destinos tur\u00edsticos de Manab\u00ed; tambi\u00e9n la v\u00eda asfaltada hacia el cerro de la parroquia Chirijos, que guarda maravillas naturales y que hoy es aprovechada por los turistas, quienes en este lugar realizan hermosa postales de nuestro Manab\u00ed M\u00e1gico y Diverso y disfrutan de la gastronom\u00eda\u201d, expres\u00f3.Buenaventura solicit\u00f3 al Ministerio de Turismo que ayude a difundir la oferta tur\u00edstica de Manab\u00ed, les record\u00f3 que en esta provincia existen dos pueblos m\u00e1gicos, como son: Agua Blanca en Puerto L\u00f3pez y Portoviejo, capital provincial .\u201cTrabajamos junto al prefecto, Leonardo Orlando, para incentivar el turismo de nuestro Manab\u00ed M\u00e1gico y Diverso a Nivel Nacional e Internacional\u201d, dijo la Viceprefecta.Finalmente el Ministerio de Turismo, expuso su plan donde se ejecutar\u00e1n acciones en conjunto con la Prefectura para impulsar el turismo provincial.\" \/>\n<meta name=\"robots\" content=\"index, follow, max-snippet:-1, max-image-preview:large, max-video-preview:-1\" \/>\n<link rel=\"canonical\" href=\"https:\/\/www.manabi.gob.ec\/index.php\/manabi-aprovecha-evento-nacional-para-articular-acciones-que-impulsen-la-oferta-turistica-de-la-provincia\/\" \/>\n<meta property=\"og:locale\" content=\"es_ES\" \/>\n<meta property=\"og:type\" content=\"article\" \/>\n<meta property=\"og:title\" content=\"Manab\u00ed aprovecha evento nacional para articular acciones que impulsen la oferta tur\u00edstica de la provincia - Prefectura de Manab\u00ed\" \/>\n<meta property=\"og:description\" content=\"Con la presencia de la viceprefecta de Manab\u00ed, Kelly Buenaventura; representantes del Congope, del Ministerio de Turismo; prefectos y delegados, se realiz\u00f3, en Quito, la presentaci\u00f3n del plan de acci\u00f3n para impulsar el Turismo del Ecuador.La viceministra de Turismo, Silvana Ram\u00edrez dio la bienvenida a los asistentes, manifestando que la coyuntura actual obliga a adaptarnos a las nuevas realidades, y justamente con esta metodolog\u00eda se aporta para lograrlo. Tambi\u00e9n agradeci\u00f3 el trabajo conjunto entre el Ministerio de Turismo, CONGOPE y las prefecturas, para la creaci\u00f3n de herramientas que aporten con la reactivaci\u00f3n tur\u00edstica del pa\u00eds.Aldo Salvador, subsecretario de Regulaci\u00f3n y Control del Ministerio de Turismo se\u00f1al\u00f3 que han existido socializaciones de la regulaci\u00f3n de turismo comunitario.\u201cUna de las decisiones de la administraci\u00f3n de la Prefectura de Manab\u00ed fue la creaci\u00f3n de la Direcci\u00f3n de Cultura y Patrimonio desde el a\u00f1o 2020, invirtiendo un mill\u00f3n de d\u00f3lares en obras de facilidades tur\u00edsticas y promoci\u00f3n\u201d, se\u00f1al\u00f3 Kelly Buenaventura, quien asisti\u00f3 a este evento delegada por el prefecto de Manab\u00ed, Leonardo Orlando.Buenaventura destac\u00f3 que la Prefectura de Manab\u00ed, aporta con obras de integraci\u00f3n vial que mejoran la conectividad e impulsan el turismo provincial. \u201cHemos construido mas de 4.600 kil\u00f3metros de v\u00edas rurales en la provincia; hemos impulsado la vialidad en sectores tur\u00edsticos, como la construcci\u00f3n de la v\u00eda de carpeta asf\u00e1ltica La Boca-Los Arenales de la parroquia Crucita, que es uno de los principales destinos tur\u00edsticos de Manab\u00ed; tambi\u00e9n la v\u00eda asfaltada hacia el cerro de la parroquia Chirijos, que guarda maravillas naturales y que hoy es aprovechada por los turistas, quienes en este lugar realizan hermosa postales de nuestro Manab\u00ed M\u00e1gico y Diverso y disfrutan de la gastronom\u00eda\u201d, expres\u00f3.Buenaventura solicit\u00f3 al Ministerio de Turismo que ayude a difundir la oferta tur\u00edstica de Manab\u00ed, les record\u00f3 que en esta provincia existen dos pueblos m\u00e1gicos, como son: Agua Blanca en Puerto L\u00f3pez y Portoviejo, capital provincial .\u201cTrabajamos junto al prefecto, Leonardo Orlando, para incentivar el turismo de nuestro Manab\u00ed M\u00e1gico y Diverso a Nivel Nacional e Internacional\u201d, dijo la Viceprefecta.Finalmente el Ministerio de Turismo, expuso su plan donde se ejecutar\u00e1n acciones en conjunto con la Prefectura para impulsar el turismo provincial.\" \/>\n<meta property=\"og:url\" content=\"https:\/\/www.manabi.gob.ec\/index.php\/manabi-aprovecha-evento-nacional-para-articular-acciones-que-impulsen-la-oferta-turistica-de-la-provincia\/\" \/>\n<meta property=\"og:site_name\" content=\"Prefectura de Manab\u00ed\" \/>\n<meta property=\"article:published_time\" content=\"2022-07-07T20:07:50+00:00\" \/>\n<meta property=\"article:modified_time\" content=\"2022-07-07T20:07:54+00:00\" \/>\n<meta property=\"og:image\" content=\"https:\/\/www.manabi.gob.ec\/wp-content\/uploads\/2022\/07\/WhatsApp-Image-2022-07-05-at-6.36.35-PM.jpeg\" \/>\n\t<meta property=\"og:image:width\" content=\"1600\" \/>\n\t<meta property=\"og:image:height\" content=\"1200\" \/>\n\t<meta property=\"og:image:type\" content=\"image\/jpeg\" \/>\n<meta name=\"author\" content=\"Lui Ochoa\" \/>\n<meta name=\"twitter:card\" content=\"summary_large_image\" \/>\n<meta name=\"twitter:label1\" content=\"Escrito por\" \/>\n\t<meta name=\"twitter:data1\" content=\"Lui Ochoa\" \/>\n\t<meta name=\"twitter:label2\" content=\"Tiempo de lectura\" \/>\n\t<meta name=\"twitter:data2\" content=\"2 minutos\" \/>\n<script type=\"application\/ld+json\" class=\"yoast-schema-graph\">{\"@context\":\"https:\\\/\\\/schema.org\",\"@graph\":[{\"@type\":\"Article\",\"@id\":\"https:\\\/\\\/www.manabi.gob.ec\\\/index.php\\\/manabi-aprovecha-evento-nacional-para-articular-acciones-que-impulsen-la-oferta-turistica-de-la-provincia\\\/#article\",\"isPartOf\":{\"@id\":\"https:\\\/\\\/www.manabi.gob.ec\\\/index.php\\\/manabi-aprovecha-evento-nacional-para-articular-acciones-que-impulsen-la-oferta-turistica-de-la-provincia\\\/\"},\"author\":{\"name\":\"Lui Ochoa\",\"@id\":\"https:\\\/\\\/www.manabi.gob.ec\\\/#\\\/schema\\\/person\\\/c4f117989332ad723a6ced5994aa7d7a\"},\"headline\":\"Manab\u00ed aprovecha evento nacional para articular acciones que impulsen la oferta tur\u00edstica de la provincia\",\"datePublished\":\"2022-07-07T20:07:50+00:00\",\"dateModified\":\"2022-07-07T20:07:54+00:00\",\"mainEntityOfPage\":{\"@id\":\"https:\\\/\\\/www.manabi.gob.ec\\\/index.php\\\/manabi-aprovecha-evento-nacional-para-articular-acciones-que-impulsen-la-oferta-turistica-de-la-provincia\\\/\"},\"wordCount\":415,\"image\":{\"@id\":\"https:\\\/\\\/www.manabi.gob.ec\\\/index.php\\\/manabi-aprovecha-evento-nacional-para-articular-acciones-que-impulsen-la-oferta-turistica-de-la-provincia\\\/#primaryimage\"},\"thumbnailUrl\":\"https:\\\/\\\/www.manabi.gob.ec\\\/wp-content\\\/uploads\\\/2022\\\/07\\\/WhatsApp-Image-2022-07-05-at-6.36.35-PM.jpeg\",\"articleSection\":[\"Desarrollo Social\",\"Noticias\",\"Todas\",\"Turismo\"],\"inLanguage\":\"es\"},{\"@type\":\"WebPage\",\"@id\":\"https:\\\/\\\/www.manabi.gob.ec\\\/index.php\\\/manabi-aprovecha-evento-nacional-para-articular-acciones-que-impulsen-la-oferta-turistica-de-la-provincia\\\/\",\"url\":\"https:\\\/\\\/www.manabi.gob.ec\\\/index.php\\\/manabi-aprovecha-evento-nacional-para-articular-acciones-que-impulsen-la-oferta-turistica-de-la-provincia\\\/\",\"name\":\"Manab\u00ed aprovecha evento nacional para articular acciones que impulsen la oferta tur\u00edstica de la provincia - Prefectura de Manab\u00ed\",\"isPartOf\":{\"@id\":\"https:\\\/\\\/www.manabi.gob.ec\\\/#website\"},\"primaryImageOfPage\":{\"@id\":\"https:\\\/\\\/www.manabi.gob.ec\\\/index.php\\\/manabi-aprovecha-evento-nacional-para-articular-acciones-que-impulsen-la-oferta-turistica-de-la-provincia\\\/#primaryimage\"},\"image\":{\"@id\":\"https:\\\/\\\/www.manabi.gob.ec\\\/index.php\\\/manabi-aprovecha-evento-nacional-para-articular-acciones-que-impulsen-la-oferta-turistica-de-la-provincia\\\/#primaryimage\"},\"thumbnailUrl\":\"https:\\\/\\\/www.manabi.gob.ec\\\/wp-content\\\/uploads\\\/2022\\\/07\\\/WhatsApp-Image-2022-07-05-at-6.36.35-PM.jpeg\",\"datePublished\":\"2022-07-07T20:07:50+00:00\",\"dateModified\":\"2022-07-07T20:07:54+00:00\",\"author\":{\"@id\":\"https:\\\/\\\/www.manabi.gob.ec\\\/#\\\/schema\\\/person\\\/c4f117989332ad723a6ced5994aa7d7a\"},\"description\":\"Con la presencia de la viceprefecta de Manab\u00ed, Kelly Buenaventura; representantes del Congope, del Ministerio de Turismo; prefectos y delegados, se realiz\u00f3, en Quito, la presentaci\u00f3n del plan de acci\u00f3n para impulsar el Turismo del Ecuador.La viceministra de Turismo, Silvana Ram\u00edrez dio la bienvenida a los asistentes, manifestando que la coyuntura actual obliga a adaptarnos a las nuevas realidades, y justamente con esta metodolog\u00eda se aporta para lograrlo. Tambi\u00e9n agradeci\u00f3 el trabajo conjunto entre el Ministerio de Turismo, CONGOPE y las prefecturas, para la creaci\u00f3n de herramientas que aporten con la reactivaci\u00f3n tur\u00edstica del pa\u00eds.Aldo Salvador, subsecretario de Regulaci\u00f3n y Control del Ministerio de Turismo se\u00f1al\u00f3 que han existido socializaciones de la regulaci\u00f3n de turismo comunitario.\u201cUna de las decisiones de la administraci\u00f3n de la Prefectura de Manab\u00ed fue la creaci\u00f3n de la Direcci\u00f3n de Cultura y Patrimonio desde el a\u00f1o 2020, invirtiendo un mill\u00f3n de d\u00f3lares en obras de facilidades tur\u00edsticas y promoci\u00f3n\u201d, se\u00f1al\u00f3 Kelly Buenaventura, quien asisti\u00f3 a este evento delegada por el prefecto de Manab\u00ed, Leonardo Orlando.Buenaventura destac\u00f3 que la Prefectura de Manab\u00ed, aporta con obras de integraci\u00f3n vial que mejoran la conectividad e impulsan el turismo provincial. \u201cHemos construido mas de 4.600 kil\u00f3metros de v\u00edas rurales en la provincia; hemos impulsado la vialidad en sectores tur\u00edsticos, como la construcci\u00f3n de la v\u00eda de carpeta asf\u00e1ltica La Boca-Los Arenales de la parroquia Crucita, que es uno de los principales destinos tur\u00edsticos de Manab\u00ed; tambi\u00e9n la v\u00eda asfaltada hacia el cerro de la parroquia Chirijos, que guarda maravillas naturales y que hoy es aprovechada por los turistas, quienes en este lugar realizan hermosa postales de nuestro Manab\u00ed M\u00e1gico y Diverso y disfrutan de la gastronom\u00eda\u201d, expres\u00f3.Buenaventura solicit\u00f3 al Ministerio de Turismo que ayude a difundir la oferta tur\u00edstica de Manab\u00ed, les record\u00f3 que en esta provincia existen dos pueblos m\u00e1gicos, como son: Agua Blanca en Puerto L\u00f3pez y Portoviejo, capital provincial .\u201cTrabajamos junto al prefecto, Leonardo Orlando, para incentivar el turismo de nuestro Manab\u00ed M\u00e1gico y Diverso a Nivel Nacional e Internacional\u201d, dijo la Viceprefecta.Finalmente el Ministerio de Turismo, expuso su plan donde se ejecutar\u00e1n acciones en conjunto con la Prefectura para impulsar el turismo provincial.\",\"breadcrumb\":{\"@id\":\"https:\\\/\\\/www.manabi.gob.ec\\\/index.php\\\/manabi-aprovecha-evento-nacional-para-articular-acciones-que-impulsen-la-oferta-turistica-de-la-provincia\\\/#breadcrumb\"},\"inLanguage\":\"es\",\"potentialAction\":[{\"@type\":\"ReadAction\",\"target\":[\"https:\\\/\\\/www.manabi.gob.ec\\\/index.php\\\/manabi-aprovecha-evento-nacional-para-articular-acciones-que-impulsen-la-oferta-turistica-de-la-provincia\\\/\"]}]},{\"@type\":\"ImageObject\",\"inLanguage\":\"es\",\"@id\":\"https:\\\/\\\/www.manabi.gob.ec\\\/index.php\\\/manabi-aprovecha-evento-nacional-para-articular-acciones-que-impulsen-la-oferta-turistica-de-la-provincia\\\/#primaryimage\",\"url\":\"https:\\\/\\\/www.manabi.gob.ec\\\/wp-content\\\/uploads\\\/2022\\\/07\\\/WhatsApp-Image-2022-07-05-at-6.36.35-PM.jpeg\",\"contentUrl\":\"https:\\\/\\\/www.manabi.gob.ec\\\/wp-content\\\/uploads\\\/2022\\\/07\\\/WhatsApp-Image-2022-07-05-at-6.36.35-PM.jpeg\",\"width\":1600,\"height\":1200},{\"@type\":\"BreadcrumbList\",\"@id\":\"https:\\\/\\\/www.manabi.gob.ec\\\/index.php\\\/manabi-aprovecha-evento-nacional-para-articular-acciones-que-impulsen-la-oferta-turistica-de-la-provincia\\\/#breadcrumb\",\"itemListElement\":[{\"@type\":\"ListItem\",\"position\":1,\"name\":\"Portada\",\"item\":\"https:\\\/\\\/www.manabi.gob.ec\\\/\"},{\"@type\":\"ListItem\",\"position\":2,\"name\":\"Manab\u00ed aprovecha evento nacional para articular acciones que impulsen la oferta tur\u00edstica de la provincia\"}]},{\"@type\":\"WebSite\",\"@id\":\"https:\\\/\\\/www.manabi.gob.ec\\\/#website\",\"url\":\"https:\\\/\\\/www.manabi.gob.ec\\\/\",\"name\":\"Prefectura de Manab\u00ed\",\"description\":\"P\u00e1gina web de la prefectura\",\"potentialAction\":[{\"@type\":\"SearchAction\",\"target\":{\"@type\":\"EntryPoint\",\"urlTemplate\":\"https:\\\/\\\/www.manabi.gob.ec\\\/?s={search_term_string}\"},\"query-input\":{\"@type\":\"PropertyValueSpecification\",\"valueRequired\":true,\"valueName\":\"search_term_string\"}}],\"inLanguage\":\"es\"},{\"@type\":\"Person\",\"@id\":\"https:\\\/\\\/www.manabi.gob.ec\\\/#\\\/schema\\\/person\\\/c4f117989332ad723a6ced5994aa7d7a\",\"name\":\"Lui Ochoa\",\"image\":{\"@type\":\"ImageObject\",\"inLanguage\":\"es\",\"@id\":\"https:\\\/\\\/secure.gravatar.com\\\/avatar\\\/6e8017d0fe69dead8a95864d2eb6e1e1d8bf8e01194ba49cf7b897ff038126ba?s=96&d=mm&r=g\",\"url\":\"https:\\\/\\\/secure.gravatar.com\\\/avatar\\\/6e8017d0fe69dead8a95864d2eb6e1e1d8bf8e01194ba49cf7b897ff038126ba?s=96&d=mm&r=g\",\"contentUrl\":\"https:\\\/\\\/secure.gravatar.com\\\/avatar\\\/6e8017d0fe69dead8a95864d2eb6e1e1d8bf8e01194ba49cf7b897ff038126ba?s=96&d=mm&r=g\",\"caption\":\"Lui Ochoa\"},\"url\":\"https:\\\/\\\/www.manabi.gob.ec\\\/index.php\\\/author\\\/lochoa\\\/\"}]}<\/script>\n<!-- \/ Yoast SEO plugin. -->","yoast_head_json":{"title":"Manab\u00ed aprovecha evento nacional para articular acciones que impulsen la oferta tur\u00edstica de la provincia - Prefectura de Manab\u00ed","description":"Con la presencia de la viceprefecta de Manab\u00ed, Kelly Buenaventura; representantes del Congope, del Ministerio de Turismo; prefectos y delegados, se realiz\u00f3, en Quito, la presentaci\u00f3n del plan de acci\u00f3n para impulsar el Turismo del Ecuador.La viceministra de Turismo, Silvana Ram\u00edrez dio la bienvenida a los asistentes, manifestando que la coyuntura actual obliga a adaptarnos a las nuevas realidades, y justamente con esta metodolog\u00eda se aporta para lograrlo. Tambi\u00e9n agradeci\u00f3 el trabajo conjunto entre el Ministerio de Turismo, CONGOPE y las prefecturas, para la creaci\u00f3n de herramientas que aporten con la reactivaci\u00f3n tur\u00edstica del pa\u00eds.Aldo Salvador, subsecretario de Regulaci\u00f3n y Control del Ministerio de Turismo se\u00f1al\u00f3 que han existido socializaciones de la regulaci\u00f3n de turismo comunitario.\u201cUna de las decisiones de la administraci\u00f3n de la Prefectura de Manab\u00ed fue la creaci\u00f3n de la Direcci\u00f3n de Cultura y Patrimonio desde el a\u00f1o 2020, invirtiendo un mill\u00f3n de d\u00f3lares en obras de facilidades tur\u00edsticas y promoci\u00f3n\u201d, se\u00f1al\u00f3 Kelly Buenaventura, quien asisti\u00f3 a este evento delegada por el prefecto de Manab\u00ed, Leonardo Orlando.Buenaventura destac\u00f3 que la Prefectura de Manab\u00ed, aporta con obras de integraci\u00f3n vial que mejoran la conectividad e impulsan el turismo provincial. \u201cHemos construido mas de 4.600 kil\u00f3metros de v\u00edas rurales en la provincia; hemos impulsado la vialidad en sectores tur\u00edsticos, como la construcci\u00f3n de la v\u00eda de carpeta asf\u00e1ltica La Boca-Los Arenales de la parroquia Crucita, que es uno de los principales destinos tur\u00edsticos de Manab\u00ed; tambi\u00e9n la v\u00eda asfaltada hacia el cerro de la parroquia Chirijos, que guarda maravillas naturales y que hoy es aprovechada por los turistas, quienes en este lugar realizan hermosa postales de nuestro Manab\u00ed M\u00e1gico y Diverso y disfrutan de la gastronom\u00eda\u201d, expres\u00f3.Buenaventura solicit\u00f3 al Ministerio de Turismo que ayude a difundir la oferta tur\u00edstica de Manab\u00ed, les record\u00f3 que en esta provincia existen dos pueblos m\u00e1gicos, como son: Agua Blanca en Puerto L\u00f3pez y Portoviejo, capital provincial .\u201cTrabajamos junto al prefecto, Leonardo Orlando, para incentivar el turismo de nuestro Manab\u00ed M\u00e1gico y Diverso a Nivel Nacional e Internacional\u201d, dijo la Viceprefecta.Finalmente el Ministerio de Turismo, expuso su plan donde se ejecutar\u00e1n acciones en conjunto con la Prefectura para impulsar el turismo provincial.","robots":{"index":"index","follow":"follow","max-snippet":"max-snippet:-1","max-image-preview":"max-image-preview:large","max-video-preview":"max-video-preview:-1"},"canonical":"https:\/\/www.manabi.gob.ec\/index.php\/manabi-aprovecha-evento-nacional-para-articular-acciones-que-impulsen-la-oferta-turistica-de-la-provincia\/","og_locale":"es_ES","og_type":"article","og_title":"Manab\u00ed aprovecha evento nacional para articular acciones que impulsen la oferta tur\u00edstica de la provincia - Prefectura de Manab\u00ed","og_description":"Con la presencia de la viceprefecta de Manab\u00ed, Kelly Buenaventura; representantes del Congope, del Ministerio de Turismo; prefectos y delegados, se realiz\u00f3, en Quito, la presentaci\u00f3n del plan de acci\u00f3n para impulsar el Turismo del Ecuador.La viceministra de Turismo, Silvana Ram\u00edrez dio la bienvenida a los asistentes, manifestando que la coyuntura actual obliga a adaptarnos a las nuevas realidades, y justamente con esta metodolog\u00eda se aporta para lograrlo. Tambi\u00e9n agradeci\u00f3 el trabajo conjunto entre el Ministerio de Turismo, CONGOPE y las prefecturas, para la creaci\u00f3n de herramientas que aporten con la reactivaci\u00f3n tur\u00edstica del pa\u00eds.Aldo Salvador, subsecretario de Regulaci\u00f3n y Control del Ministerio de Turismo se\u00f1al\u00f3 que han existido socializaciones de la regulaci\u00f3n de turismo comunitario.\u201cUna de las decisiones de la administraci\u00f3n de la Prefectura de Manab\u00ed fue la creaci\u00f3n de la Direcci\u00f3n de Cultura y Patrimonio desde el a\u00f1o 2020, invirtiendo un mill\u00f3n de d\u00f3lares en obras de facilidades tur\u00edsticas y promoci\u00f3n\u201d, se\u00f1al\u00f3 Kelly Buenaventura, quien asisti\u00f3 a este evento delegada por el prefecto de Manab\u00ed, Leonardo Orlando.Buenaventura destac\u00f3 que la Prefectura de Manab\u00ed, aporta con obras de integraci\u00f3n vial que mejoran la conectividad e impulsan el turismo provincial. \u201cHemos construido mas de 4.600 kil\u00f3metros de v\u00edas rurales en la provincia; hemos impulsado la vialidad en sectores tur\u00edsticos, como la construcci\u00f3n de la v\u00eda de carpeta asf\u00e1ltica La Boca-Los Arenales de la parroquia Crucita, que es uno de los principales destinos tur\u00edsticos de Manab\u00ed; tambi\u00e9n la v\u00eda asfaltada hacia el cerro de la parroquia Chirijos, que guarda maravillas naturales y que hoy es aprovechada por los turistas, quienes en este lugar realizan hermosa postales de nuestro Manab\u00ed M\u00e1gico y Diverso y disfrutan de la gastronom\u00eda\u201d, expres\u00f3.Buenaventura solicit\u00f3 al Ministerio de Turismo que ayude a difundir la oferta tur\u00edstica de Manab\u00ed, les record\u00f3 que en esta provincia existen dos pueblos m\u00e1gicos, como son: Agua Blanca en Puerto L\u00f3pez y Portoviejo, capital provincial .\u201cTrabajamos junto al prefecto, Leonardo Orlando, para incentivar el turismo de nuestro Manab\u00ed M\u00e1gico y Diverso a Nivel Nacional e Internacional\u201d, dijo la Viceprefecta.Finalmente el Ministerio de Turismo, expuso su plan donde se ejecutar\u00e1n acciones en conjunto con la Prefectura para impulsar el turismo provincial.","og_url":"https:\/\/www.manabi.gob.ec\/index.php\/manabi-aprovecha-evento-nacional-para-articular-acciones-que-impulsen-la-oferta-turistica-de-la-provincia\/","og_site_name":"Prefectura de Manab\u00ed","article_published_time":"2022-07-07T20:07:50+00:00","article_modified_time":"2022-07-07T20:07:54+00:00","og_image":[{"width":1600,"height":1200,"url":"https:\/\/www.manabi.gob.ec\/wp-content\/uploads\/2022\/07\/WhatsApp-Image-2022-07-05-at-6.36.35-PM.jpeg","type":"image\/jpeg"}],"author":"Lui Ochoa","twitter_card":"summary_large_image","twitter_misc":{"Escrito por":"Lui Ochoa","Tiempo de lectura":"2 minutos"},"schema":{"@context":"https:\/\/schema.org","@graph":[{"@type":"Article","@id":"https:\/\/www.manabi.gob.ec\/index.php\/manabi-aprovecha-evento-nacional-para-articular-acciones-que-impulsen-la-oferta-turistica-de-la-provincia\/#article","isPartOf":{"@id":"https:\/\/www.manabi.gob.ec\/index.php\/manabi-aprovecha-evento-nacional-para-articular-acciones-que-impulsen-la-oferta-turistica-de-la-provincia\/"},"author":{"name":"Lui Ochoa","@id":"https:\/\/www.manabi.gob.ec\/#\/schema\/person\/c4f117989332ad723a6ced5994aa7d7a"},"headline":"Manab\u00ed aprovecha evento nacional para articular acciones que impulsen la oferta tur\u00edstica de la provincia","datePublished":"2022-07-07T20:07:50+00:00","dateModified":"2022-07-07T20:07:54+00:00","mainEntityOfPage":{"@id":"https:\/\/www.manabi.gob.ec\/index.php\/manabi-aprovecha-evento-nacional-para-articular-acciones-que-impulsen-la-oferta-turistica-de-la-provincia\/"},"wordCount":415,"image":{"@id":"https:\/\/www.manabi.gob.ec\/index.php\/manabi-aprovecha-evento-nacional-para-articular-acciones-que-impulsen-la-oferta-turistica-de-la-provincia\/#primaryimage"},"thumbnailUrl":"https:\/\/www.manabi.gob.ec\/wp-content\/uploads\/2022\/07\/WhatsApp-Image-2022-07-05-at-6.36.35-PM.jpeg","articleSection":["Desarrollo Social","Noticias","Todas","Turismo"],"inLanguage":"es"},{"@type":"WebPage","@id":"https:\/\/www.manabi.gob.ec\/index.php\/manabi-aprovecha-evento-nacional-para-articular-acciones-que-impulsen-la-oferta-turistica-de-la-provincia\/","url":"https:\/\/www.manabi.gob.ec\/index.php\/manabi-aprovecha-evento-nacional-para-articular-acciones-que-impulsen-la-oferta-turistica-de-la-provincia\/","name":"Manab\u00ed aprovecha evento nacional para articular acciones que impulsen la oferta tur\u00edstica de la provincia - Prefectura de Manab\u00ed","isPartOf":{"@id":"https:\/\/www.manabi.gob.ec\/#website"},"primaryImageOfPage":{"@id":"https:\/\/www.manabi.gob.ec\/index.php\/manabi-aprovecha-evento-nacional-para-articular-acciones-que-impulsen-la-oferta-turistica-de-la-provincia\/#primaryimage"},"image":{"@id":"https:\/\/www.manabi.gob.ec\/index.php\/manabi-aprovecha-evento-nacional-para-articular-acciones-que-impulsen-la-oferta-turistica-de-la-provincia\/#primaryimage"},"thumbnailUrl":"https:\/\/www.manabi.gob.ec\/wp-content\/uploads\/2022\/07\/WhatsApp-Image-2022-07-05-at-6.36.35-PM.jpeg","datePublished":"2022-07-07T20:07:50+00:00","dateModified":"2022-07-07T20:07:54+00:00","author":{"@id":"https:\/\/www.manabi.gob.ec\/#\/schema\/person\/c4f117989332ad723a6ced5994aa7d7a"},"description":"Con la presencia de la viceprefecta de Manab\u00ed, Kelly Buenaventura; representantes del Congope, del Ministerio de Turismo; prefectos y delegados, se realiz\u00f3, en Quito, la presentaci\u00f3n del plan de acci\u00f3n para impulsar el Turismo del Ecuador.La viceministra de Turismo, Silvana Ram\u00edrez dio la bienvenida a los asistentes, manifestando que la coyuntura actual obliga a adaptarnos a las nuevas realidades, y justamente con esta metodolog\u00eda se aporta para lograrlo. Tambi\u00e9n agradeci\u00f3 el trabajo conjunto entre el Ministerio de Turismo, CONGOPE y las prefecturas, para la creaci\u00f3n de herramientas que aporten con la reactivaci\u00f3n tur\u00edstica del pa\u00eds.Aldo Salvador, subsecretario de Regulaci\u00f3n y Control del Ministerio de Turismo se\u00f1al\u00f3 que han existido socializaciones de la regulaci\u00f3n de turismo comunitario.\u201cUna de las decisiones de la administraci\u00f3n de la Prefectura de Manab\u00ed fue la creaci\u00f3n de la Direcci\u00f3n de Cultura y Patrimonio desde el a\u00f1o 2020, invirtiendo un mill\u00f3n de d\u00f3lares en obras de facilidades tur\u00edsticas y promoci\u00f3n\u201d, se\u00f1al\u00f3 Kelly Buenaventura, quien asisti\u00f3 a este evento delegada por el prefecto de Manab\u00ed, Leonardo Orlando.Buenaventura destac\u00f3 que la Prefectura de Manab\u00ed, aporta con obras de integraci\u00f3n vial que mejoran la conectividad e impulsan el turismo provincial. \u201cHemos construido mas de 4.600 kil\u00f3metros de v\u00edas rurales en la provincia; hemos impulsado la vialidad en sectores tur\u00edsticos, como la construcci\u00f3n de la v\u00eda de carpeta asf\u00e1ltica La Boca-Los Arenales de la parroquia Crucita, que es uno de los principales destinos tur\u00edsticos de Manab\u00ed; tambi\u00e9n la v\u00eda asfaltada hacia el cerro de la parroquia Chirijos, que guarda maravillas naturales y que hoy es aprovechada por los turistas, quienes en este lugar realizan hermosa postales de nuestro Manab\u00ed M\u00e1gico y Diverso y disfrutan de la gastronom\u00eda\u201d, expres\u00f3.Buenaventura solicit\u00f3 al Ministerio de Turismo que ayude a difundir la oferta tur\u00edstica de Manab\u00ed, les record\u00f3 que en esta provincia existen dos pueblos m\u00e1gicos, como son: Agua Blanca en Puerto L\u00f3pez y Portoviejo, capital provincial .\u201cTrabajamos junto al prefecto, Leonardo Orlando, para incentivar el turismo de nuestro Manab\u00ed M\u00e1gico y Diverso a Nivel Nacional e Internacional\u201d, dijo la Viceprefecta.Finalmente el Ministerio de Turismo, expuso su plan donde se ejecutar\u00e1n acciones en conjunto con la Prefectura para impulsar el turismo provincial.","breadcrumb":{"@id":"https:\/\/www.manabi.gob.ec\/index.php\/manabi-aprovecha-evento-nacional-para-articular-acciones-que-impulsen-la-oferta-turistica-de-la-provincia\/#breadcrumb"},"inLanguage":"es","potentialAction":[{"@type":"ReadAction","target":["https:\/\/www.manabi.gob.ec\/index.php\/manabi-aprovecha-evento-nacional-para-articular-acciones-que-impulsen-la-oferta-turistica-de-la-provincia\/"]}]},{"@type":"ImageObject","inLanguage":"es","@id":"https:\/\/www.manabi.gob.ec\/index.php\/manabi-aprovecha-evento-nacional-para-articular-acciones-que-impulsen-la-oferta-turistica-de-la-provincia\/#primaryimage","url":"https:\/\/www.manabi.gob.ec\/wp-content\/uploads\/2022\/07\/WhatsApp-Image-2022-07-05-at-6.36.35-PM.jpeg","contentUrl":"https:\/\/www.manabi.gob.ec\/wp-content\/uploads\/2022\/07\/WhatsApp-Image-2022-07-05-at-6.36.35-PM.jpeg","width":1600,"height":1200},{"@type":"BreadcrumbList","@id":"https:\/\/www.manabi.gob.ec\/index.php\/manabi-aprovecha-evento-nacional-para-articular-acciones-que-impulsen-la-oferta-turistica-de-la-provincia\/#breadcrumb","itemListElement":[{"@type":"ListItem","position":1,"name":"Portada","item":"https:\/\/www.manabi.gob.ec\/"},{"@type":"ListItem","position":2,"name":"Manab\u00ed aprovecha evento nacional para articular acciones que impulsen la oferta tur\u00edstica de la provincia"}]},{"@type":"WebSite","@id":"https:\/\/www.manabi.gob.ec\/#website","url":"https:\/\/www.manabi.gob.ec\/","name":"Prefectura de Manab\u00ed","description":"P\u00e1gina web de la prefectura","potentialAction":[{"@type":"SearchAction","target":{"@type":"EntryPoint","urlTemplate":"https:\/\/www.manabi.gob.ec\/?s={search_term_string}"},"query-input":{"@type":"PropertyValueSpecification","valueRequired":true,"valueName":"search_term_string"}}],"inLanguage":"es"},{"@type":"Person","@id":"https:\/\/www.manabi.gob.ec\/#\/schema\/person\/c4f117989332ad723a6ced5994aa7d7a","name":"Lui Ochoa","image":{"@type":"ImageObject","inLanguage":"es","@id":"https:\/\/secure.gravatar.com\/avatar\/6e8017d0fe69dead8a95864d2eb6e1e1d8bf8e01194ba49cf7b897ff038126ba?s=96&d=mm&r=g","url":"https:\/\/secure.gravatar.com\/avatar\/6e8017d0fe69dead8a95864d2eb6e1e1d8bf8e01194ba49cf7b897ff038126ba?s=96&d=mm&r=g","contentUrl":"https:\/\/secure.gravatar.com\/avatar\/6e8017d0fe69dead8a95864d2eb6e1e1d8bf8e01194ba49cf7b897ff038126ba?s=96&d=mm&r=g","caption":"Lui Ochoa"},"url":"https:\/\/www.manabi.gob.ec\/index.php\/author\/lochoa\/"}]}},"jetpack_featured_media_url":"https:\/\/www.manabi.gob.ec\/wp-content\/uploads\/2022\/07\/WhatsApp-Image-2022-07-05-at-6.36.35-PM.jpeg","_links":{"self":[{"href":"https:\/\/www.manabi.gob.ec\/index.php\/wp-json\/wp\/v2\/posts\/21328","targetHints":{"allow":["GET"]}}],"collection":[{"href":"https:\/\/www.manabi.gob.ec\/index.php\/wp-json\/wp\/v2\/posts"}],"about":[{"href":"https:\/\/www.manabi.gob.ec\/index.php\/wp-json\/wp\/v2\/types\/post"}],"author":[{"embeddable":true,"href":"https:\/\/www.manabi.gob.ec\/index.php\/wp-json\/wp\/v2\/users\/10"}],"replies":[{"embeddable":true,"href":"https:\/\/www.manabi.gob.ec\/index.php\/wp-json\/wp\/v2\/comments?post=21328"}],"version-history":[{"count":0,"href":"https:\/\/www.manabi.gob.ec\/index.php\/wp-json\/wp\/v2\/posts\/21328\/revisions"}],"wp:featuredmedia":[{"embeddable":true,"href":"https:\/\/www.manabi.gob.ec\/index.php\/wp-json\/wp\/v2\/media\/21329"}],"wp:attachment":[{"href":"https:\/\/www.manabi.gob.ec\/index.php\/wp-json\/wp\/v2\/media?parent=21328"}],"wp:term":[{"taxonomy":"category","embeddable":true,"href":"https:\/\/www.manabi.gob.ec\/index.php\/wp-json\/wp\/v2\/categories?post=21328"},{"taxonomy":"post_tag","embeddable":true,"href":"https:\/\/www.manabi.gob.ec\/index.php\/wp-json\/wp\/v2\/tags?post=21328"}],"curies":[{"name":"wp","href":"https:\/\/api.w.org\/{rel}","templated":true}]}}