{"id":21343,"date":"2022-07-07T20:25:53","date_gmt":"2022-07-07T20:25:53","guid":{"rendered":"https:\/\/www.manabi.gob.ec\/?p=21343"},"modified":"2022-07-07T20:25:56","modified_gmt":"2022-07-07T20:25:56","slug":"continuamos-cuidando-la-salud-de-los-manabitas","status":"publish","type":"post","link":"https:\/\/www.manabi.gob.ec\/index.php\/continuamos-cuidando-la-salud-de-los-manabitas\/","title":{"rendered":"Continuamos cuidando la salud de los manabitas."},"content":{"rendered":"\n<p>Las brigadas m\u00e9dicas gratuitas de la Prefectura de Manab\u00ed contin\u00faan llegando a toda la provincia.<\/p>\n\n\n\n<p><br>El mi\u00e9rcoles, en el sitio Chimborazo del cant\u00f3n Olmedo se desarroll\u00f3 la jornada m\u00e9dica, donde m\u00e1s de 40 personas de diferentes comunidades recibieron la atenci\u00f3n respectiva.<\/p>\n\n\n\n<p><br>Esta brigada m\u00e9dica cont\u00f3 con 3 m\u00e9dicos, 2 licenciados, 1 auxiliar de enfermer\u00eda y 1 optometrista. Se dio atenci\u00f3n en las \u00e1reas de medicina general, odontolog\u00eda y optometr\u00eda. Adicionalmente, el personal m\u00e9dico entreg\u00f3 medicaci\u00f3n de forma gratuita.<\/p>\n","protected":false},"excerpt":{"rendered":"<p>Las brigadas m\u00e9dicas gratuitas de la Prefectura de Manab\u00ed contin\u00faan llegando a toda la provincia. El mi\u00e9rcoles, en el sitio Chimborazo del cant\u00f3n Olmedo se desarroll\u00f3 la jornada m\u00e9dica, donde m\u00e1s de 40 personas de diferentes comunidades recibieron la atenci\u00f3n respectiva. Esta brigada m\u00e9dica cont\u00f3 con 3 m\u00e9dicos, 2 licenciados, 1 auxiliar de enfermer\u00eda y [&hellip;]<\/p>\n","protected":false},"author":10,"featured_media":21344,"comment_status":"closed","ping_status":"closed","sticky":false,"template":"","format":"standard","meta":{"_joinchat":[],"footnotes":""},"categories":[142,92,220,72,91],"tags":[],"class_list":["post-21343","post","type-post","status-publish","format-standard","has-post-thumbnail","hentry","category-desarrollo-social","category-noticias-manabi","category-olmedo","category-salud","category-todas"],"yoast_head":"<!-- This site is optimized with the Yoast SEO plugin v27.4 - https:\/\/yoast.com\/product\/yoast-seo-wordpress\/ -->\n<title>Continuamos cuidando la salud de los manabitas. - Prefectura de Manab\u00ed<\/title>\n<meta name=\"description\" content=\"Las brigadas m\u00e9dicas gratuitas de la Prefectura de Manab\u00ed contin\u00faan llegando a toda la provincia.El mi\u00e9rcoles, en el sitio Chimborazo del cant\u00f3n Olmedo se desarroll\u00f3 la jornada m\u00e9dica, donde m\u00e1s de 40 personas de diferentes comunidades recibieron la atenci\u00f3n respectiva.Esta brigada m\u00e9dica cont\u00f3 con 3 m\u00e9dicos, 2 licenciados, 1 auxiliar de enfermer\u00eda y 1 optometrista. Se dio atenci\u00f3n en las \u00e1reas de medicina general, odontolog\u00eda y optometr\u00eda. Adicionalmente, el personal m\u00e9dico entreg\u00f3 medicaci\u00f3n de forma gratuita.\" \/>\n<meta name=\"robots\" content=\"index, follow, max-snippet:-1, max-image-preview:large, max-video-preview:-1\" \/>\n<link rel=\"canonical\" href=\"https:\/\/www.manabi.gob.ec\/index.php\/continuamos-cuidando-la-salud-de-los-manabitas\/\" \/>\n<meta property=\"og:locale\" content=\"es_ES\" \/>\n<meta property=\"og:type\" content=\"article\" \/>\n<meta property=\"og:title\" content=\"Continuamos cuidando la salud de los manabitas. - Prefectura de Manab\u00ed\" \/>\n<meta property=\"og:description\" content=\"Las brigadas m\u00e9dicas gratuitas de la Prefectura de Manab\u00ed contin\u00faan llegando a toda la provincia.El mi\u00e9rcoles, en el sitio Chimborazo del cant\u00f3n Olmedo se desarroll\u00f3 la jornada m\u00e9dica, donde m\u00e1s de 40 personas de diferentes comunidades recibieron la atenci\u00f3n respectiva.Esta brigada m\u00e9dica cont\u00f3 con 3 m\u00e9dicos, 2 licenciados, 1 auxiliar de enfermer\u00eda y 1 optometrista. Se dio atenci\u00f3n en las \u00e1reas de medicina general, odontolog\u00eda y optometr\u00eda. Adicionalmente, el personal m\u00e9dico entreg\u00f3 medicaci\u00f3n de forma gratuita.\" \/>\n<meta property=\"og:url\" content=\"https:\/\/www.manabi.gob.ec\/index.php\/continuamos-cuidando-la-salud-de-los-manabitas\/\" \/>\n<meta property=\"og:site_name\" content=\"Prefectura de Manab\u00ed\" \/>\n<meta property=\"article:published_time\" content=\"2022-07-07T20:25:53+00:00\" \/>\n<meta property=\"article:modified_time\" content=\"2022-07-07T20:25:56+00:00\" \/>\n<meta property=\"og:image\" content=\"https:\/\/www.manabi.gob.ec\/wp-content\/uploads\/2022\/07\/WhatsApp-Image-2022-07-07-at-10.51.40-AM.jpeg\" \/>\n\t<meta property=\"og:image:width\" content=\"1600\" \/>\n\t<meta property=\"og:image:height\" content=\"900\" \/>\n\t<meta property=\"og:image:type\" content=\"image\/jpeg\" \/>\n<meta name=\"author\" content=\"Lui Ochoa\" \/>\n<meta name=\"twitter:card\" content=\"summary_large_image\" \/>\n<meta name=\"twitter:label1\" content=\"Escrito por\" \/>\n\t<meta name=\"twitter:data1\" content=\"Lui Ochoa\" \/>\n\t<meta name=\"twitter:label2\" content=\"Tiempo de lectura\" \/>\n\t<meta name=\"twitter:data2\" content=\"1 minuto\" \/>\n<script type=\"application\/ld+json\" class=\"yoast-schema-graph\">{\"@context\":\"https:\\\/\\\/schema.org\",\"@graph\":[{\"@type\":\"Article\",\"@id\":\"https:\\\/\\\/www.manabi.gob.ec\\\/index.php\\\/continuamos-cuidando-la-salud-de-los-manabitas\\\/#article\",\"isPartOf\":{\"@id\":\"https:\\\/\\\/www.manabi.gob.ec\\\/index.php\\\/continuamos-cuidando-la-salud-de-los-manabitas\\\/\"},\"author\":{\"name\":\"Lui Ochoa\",\"@id\":\"https:\\\/\\\/www.manabi.gob.ec\\\/#\\\/schema\\\/person\\\/c4f117989332ad723a6ced5994aa7d7a\"},\"headline\":\"Continuamos cuidando la salud de los manabitas.\",\"datePublished\":\"2022-07-07T20:25:53+00:00\",\"dateModified\":\"2022-07-07T20:25:56+00:00\",\"mainEntityOfPage\":{\"@id\":\"https:\\\/\\\/www.manabi.gob.ec\\\/index.php\\\/continuamos-cuidando-la-salud-de-los-manabitas\\\/\"},\"wordCount\":95,\"image\":{\"@id\":\"https:\\\/\\\/www.manabi.gob.ec\\\/index.php\\\/continuamos-cuidando-la-salud-de-los-manabitas\\\/#primaryimage\"},\"thumbnailUrl\":\"https:\\\/\\\/www.manabi.gob.ec\\\/wp-content\\\/uploads\\\/2022\\\/07\\\/WhatsApp-Image-2022-07-07-at-10.51.40-AM.jpeg\",\"articleSection\":[\"Desarrollo Social\",\"Noticias\",\"Olmedo\",\"salud\",\"Todas\"],\"inLanguage\":\"es\"},{\"@type\":\"WebPage\",\"@id\":\"https:\\\/\\\/www.manabi.gob.ec\\\/index.php\\\/continuamos-cuidando-la-salud-de-los-manabitas\\\/\",\"url\":\"https:\\\/\\\/www.manabi.gob.ec\\\/index.php\\\/continuamos-cuidando-la-salud-de-los-manabitas\\\/\",\"name\":\"Continuamos cuidando la salud de los manabitas. - Prefectura de Manab\u00ed\",\"isPartOf\":{\"@id\":\"https:\\\/\\\/www.manabi.gob.ec\\\/#website\"},\"primaryImageOfPage\":{\"@id\":\"https:\\\/\\\/www.manabi.gob.ec\\\/index.php\\\/continuamos-cuidando-la-salud-de-los-manabitas\\\/#primaryimage\"},\"image\":{\"@id\":\"https:\\\/\\\/www.manabi.gob.ec\\\/index.php\\\/continuamos-cuidando-la-salud-de-los-manabitas\\\/#primaryimage\"},\"thumbnailUrl\":\"https:\\\/\\\/www.manabi.gob.ec\\\/wp-content\\\/uploads\\\/2022\\\/07\\\/WhatsApp-Image-2022-07-07-at-10.51.40-AM.jpeg\",\"datePublished\":\"2022-07-07T20:25:53+00:00\",\"dateModified\":\"2022-07-07T20:25:56+00:00\",\"author\":{\"@id\":\"https:\\\/\\\/www.manabi.gob.ec\\\/#\\\/schema\\\/person\\\/c4f117989332ad723a6ced5994aa7d7a\"},\"description\":\"Las brigadas m\u00e9dicas gratuitas de la Prefectura de Manab\u00ed contin\u00faan llegando a toda la provincia.El mi\u00e9rcoles, en el sitio Chimborazo del cant\u00f3n Olmedo se desarroll\u00f3 la jornada m\u00e9dica, donde m\u00e1s de 40 personas de diferentes comunidades recibieron la atenci\u00f3n respectiva.Esta brigada m\u00e9dica cont\u00f3 con 3 m\u00e9dicos, 2 licenciados, 1 auxiliar de enfermer\u00eda y 1 optometrista. Se dio atenci\u00f3n en las \u00e1reas de medicina general, odontolog\u00eda y optometr\u00eda. Adicionalmente, el personal m\u00e9dico entreg\u00f3 medicaci\u00f3n de forma gratuita.\",\"breadcrumb\":{\"@id\":\"https:\\\/\\\/www.manabi.gob.ec\\\/index.php\\\/continuamos-cuidando-la-salud-de-los-manabitas\\\/#breadcrumb\"},\"inLanguage\":\"es\",\"potentialAction\":[{\"@type\":\"ReadAction\",\"target\":[\"https:\\\/\\\/www.manabi.gob.ec\\\/index.php\\\/continuamos-cuidando-la-salud-de-los-manabitas\\\/\"]}]},{\"@type\":\"ImageObject\",\"inLanguage\":\"es\",\"@id\":\"https:\\\/\\\/www.manabi.gob.ec\\\/index.php\\\/continuamos-cuidando-la-salud-de-los-manabitas\\\/#primaryimage\",\"url\":\"https:\\\/\\\/www.manabi.gob.ec\\\/wp-content\\\/uploads\\\/2022\\\/07\\\/WhatsApp-Image-2022-07-07-at-10.51.40-AM.jpeg\",\"contentUrl\":\"https:\\\/\\\/www.manabi.gob.ec\\\/wp-content\\\/uploads\\\/2022\\\/07\\\/WhatsApp-Image-2022-07-07-at-10.51.40-AM.jpeg\",\"width\":1600,\"height\":900},{\"@type\":\"BreadcrumbList\",\"@id\":\"https:\\\/\\\/www.manabi.gob.ec\\\/index.php\\\/continuamos-cuidando-la-salud-de-los-manabitas\\\/#breadcrumb\",\"itemListElement\":[{\"@type\":\"ListItem\",\"position\":1,\"name\":\"Portada\",\"item\":\"https:\\\/\\\/www.manabi.gob.ec\\\/\"},{\"@type\":\"ListItem\",\"position\":2,\"name\":\"Continuamos cuidando la salud de los manabitas.\"}]},{\"@type\":\"WebSite\",\"@id\":\"https:\\\/\\\/www.manabi.gob.ec\\\/#website\",\"url\":\"https:\\\/\\\/www.manabi.gob.ec\\\/\",\"name\":\"Prefectura de Manab\u00ed\",\"description\":\"P\u00e1gina web de la prefectura\",\"potentialAction\":[{\"@type\":\"SearchAction\",\"target\":{\"@type\":\"EntryPoint\",\"urlTemplate\":\"https:\\\/\\\/www.manabi.gob.ec\\\/?s={search_term_string}\"},\"query-input\":{\"@type\":\"PropertyValueSpecification\",\"valueRequired\":true,\"valueName\":\"search_term_string\"}}],\"inLanguage\":\"es\"},{\"@type\":\"Person\",\"@id\":\"https:\\\/\\\/www.manabi.gob.ec\\\/#\\\/schema\\\/person\\\/c4f117989332ad723a6ced5994aa7d7a\",\"name\":\"Lui Ochoa\",\"image\":{\"@type\":\"ImageObject\",\"inLanguage\":\"es\",\"@id\":\"https:\\\/\\\/secure.gravatar.com\\\/avatar\\\/6e8017d0fe69dead8a95864d2eb6e1e1d8bf8e01194ba49cf7b897ff038126ba?s=96&d=mm&r=g\",\"url\":\"https:\\\/\\\/secure.gravatar.com\\\/avatar\\\/6e8017d0fe69dead8a95864d2eb6e1e1d8bf8e01194ba49cf7b897ff038126ba?s=96&d=mm&r=g\",\"contentUrl\":\"https:\\\/\\\/secure.gravatar.com\\\/avatar\\\/6e8017d0fe69dead8a95864d2eb6e1e1d8bf8e01194ba49cf7b897ff038126ba?s=96&d=mm&r=g\",\"caption\":\"Lui Ochoa\"},\"url\":\"https:\\\/\\\/www.manabi.gob.ec\\\/index.php\\\/author\\\/lochoa\\\/\"}]}<\/script>\n<!-- \/ Yoast SEO plugin. -->","yoast_head_json":{"title":"Continuamos cuidando la salud de los manabitas. - Prefectura de Manab\u00ed","description":"Las brigadas m\u00e9dicas gratuitas de la Prefectura de Manab\u00ed contin\u00faan llegando a toda la provincia.El mi\u00e9rcoles, en el sitio Chimborazo del cant\u00f3n Olmedo se desarroll\u00f3 la jornada m\u00e9dica, donde m\u00e1s de 40 personas de diferentes comunidades recibieron la atenci\u00f3n respectiva.Esta brigada m\u00e9dica cont\u00f3 con 3 m\u00e9dicos, 2 licenciados, 1 auxiliar de enfermer\u00eda y 1 optometrista. Se dio atenci\u00f3n en las \u00e1reas de medicina general, odontolog\u00eda y optometr\u00eda. Adicionalmente, el personal m\u00e9dico entreg\u00f3 medicaci\u00f3n de forma gratuita.","robots":{"index":"index","follow":"follow","max-snippet":"max-snippet:-1","max-image-preview":"max-image-preview:large","max-video-preview":"max-video-preview:-1"},"canonical":"https:\/\/www.manabi.gob.ec\/index.php\/continuamos-cuidando-la-salud-de-los-manabitas\/","og_locale":"es_ES","og_type":"article","og_title":"Continuamos cuidando la salud de los manabitas. - Prefectura de Manab\u00ed","og_description":"Las brigadas m\u00e9dicas gratuitas de la Prefectura de Manab\u00ed contin\u00faan llegando a toda la provincia.El mi\u00e9rcoles, en el sitio Chimborazo del cant\u00f3n Olmedo se desarroll\u00f3 la jornada m\u00e9dica, donde m\u00e1s de 40 personas de diferentes comunidades recibieron la atenci\u00f3n respectiva.Esta brigada m\u00e9dica cont\u00f3 con 3 m\u00e9dicos, 2 licenciados, 1 auxiliar de enfermer\u00eda y 1 optometrista. Se dio atenci\u00f3n en las \u00e1reas de medicina general, odontolog\u00eda y optometr\u00eda. Adicionalmente, el personal m\u00e9dico entreg\u00f3 medicaci\u00f3n de forma gratuita.","og_url":"https:\/\/www.manabi.gob.ec\/index.php\/continuamos-cuidando-la-salud-de-los-manabitas\/","og_site_name":"Prefectura de Manab\u00ed","article_published_time":"2022-07-07T20:25:53+00:00","article_modified_time":"2022-07-07T20:25:56+00:00","og_image":[{"width":1600,"height":900,"url":"https:\/\/www.manabi.gob.ec\/wp-content\/uploads\/2022\/07\/WhatsApp-Image-2022-07-07-at-10.51.40-AM.jpeg","type":"image\/jpeg"}],"author":"Lui Ochoa","twitter_card":"summary_large_image","twitter_misc":{"Escrito por":"Lui Ochoa","Tiempo de lectura":"1 minuto"},"schema":{"@context":"https:\/\/schema.org","@graph":[{"@type":"Article","@id":"https:\/\/www.manabi.gob.ec\/index.php\/continuamos-cuidando-la-salud-de-los-manabitas\/#article","isPartOf":{"@id":"https:\/\/www.manabi.gob.ec\/index.php\/continuamos-cuidando-la-salud-de-los-manabitas\/"},"author":{"name":"Lui Ochoa","@id":"https:\/\/www.manabi.gob.ec\/#\/schema\/person\/c4f117989332ad723a6ced5994aa7d7a"},"headline":"Continuamos cuidando la salud de los manabitas.","datePublished":"2022-07-07T20:25:53+00:00","dateModified":"2022-07-07T20:25:56+00:00","mainEntityOfPage":{"@id":"https:\/\/www.manabi.gob.ec\/index.php\/continuamos-cuidando-la-salud-de-los-manabitas\/"},"wordCount":95,"image":{"@id":"https:\/\/www.manabi.gob.ec\/index.php\/continuamos-cuidando-la-salud-de-los-manabitas\/#primaryimage"},"thumbnailUrl":"https:\/\/www.manabi.gob.ec\/wp-content\/uploads\/2022\/07\/WhatsApp-Image-2022-07-07-at-10.51.40-AM.jpeg","articleSection":["Desarrollo Social","Noticias","Olmedo","salud","Todas"],"inLanguage":"es"},{"@type":"WebPage","@id":"https:\/\/www.manabi.gob.ec\/index.php\/continuamos-cuidando-la-salud-de-los-manabitas\/","url":"https:\/\/www.manabi.gob.ec\/index.php\/continuamos-cuidando-la-salud-de-los-manabitas\/","name":"Continuamos cuidando la salud de los manabitas. - Prefectura de Manab\u00ed","isPartOf":{"@id":"https:\/\/www.manabi.gob.ec\/#website"},"primaryImageOfPage":{"@id":"https:\/\/www.manabi.gob.ec\/index.php\/continuamos-cuidando-la-salud-de-los-manabitas\/#primaryimage"},"image":{"@id":"https:\/\/www.manabi.gob.ec\/index.php\/continuamos-cuidando-la-salud-de-los-manabitas\/#primaryimage"},"thumbnailUrl":"https:\/\/www.manabi.gob.ec\/wp-content\/uploads\/2022\/07\/WhatsApp-Image-2022-07-07-at-10.51.40-AM.jpeg","datePublished":"2022-07-07T20:25:53+00:00","dateModified":"2022-07-07T20:25:56+00:00","author":{"@id":"https:\/\/www.manabi.gob.ec\/#\/schema\/person\/c4f117989332ad723a6ced5994aa7d7a"},"description":"Las brigadas m\u00e9dicas gratuitas de la Prefectura de Manab\u00ed contin\u00faan llegando a toda la provincia.El mi\u00e9rcoles, en el sitio Chimborazo del cant\u00f3n Olmedo se desarroll\u00f3 la jornada m\u00e9dica, donde m\u00e1s de 40 personas de diferentes comunidades recibieron la atenci\u00f3n respectiva.Esta brigada m\u00e9dica cont\u00f3 con 3 m\u00e9dicos, 2 licenciados, 1 auxiliar de enfermer\u00eda y 1 optometrista. Se dio atenci\u00f3n en las \u00e1reas de medicina general, odontolog\u00eda y optometr\u00eda. Adicionalmente, el personal m\u00e9dico entreg\u00f3 medicaci\u00f3n de forma gratuita.","breadcrumb":{"@id":"https:\/\/www.manabi.gob.ec\/index.php\/continuamos-cuidando-la-salud-de-los-manabitas\/#breadcrumb"},"inLanguage":"es","potentialAction":[{"@type":"ReadAction","target":["https:\/\/www.manabi.gob.ec\/index.php\/continuamos-cuidando-la-salud-de-los-manabitas\/"]}]},{"@type":"ImageObject","inLanguage":"es","@id":"https:\/\/www.manabi.gob.ec\/index.php\/continuamos-cuidando-la-salud-de-los-manabitas\/#primaryimage","url":"https:\/\/www.manabi.gob.ec\/wp-content\/uploads\/2022\/07\/WhatsApp-Image-2022-07-07-at-10.51.40-AM.jpeg","contentUrl":"https:\/\/www.manabi.gob.ec\/wp-content\/uploads\/2022\/07\/WhatsApp-Image-2022-07-07-at-10.51.40-AM.jpeg","width":1600,"height":900},{"@type":"BreadcrumbList","@id":"https:\/\/www.manabi.gob.ec\/index.php\/continuamos-cuidando-la-salud-de-los-manabitas\/#breadcrumb","itemListElement":[{"@type":"ListItem","position":1,"name":"Portada","item":"https:\/\/www.manabi.gob.ec\/"},{"@type":"ListItem","position":2,"name":"Continuamos cuidando la salud de los manabitas."}]},{"@type":"WebSite","@id":"https:\/\/www.manabi.gob.ec\/#website","url":"https:\/\/www.manabi.gob.ec\/","name":"Prefectura de Manab\u00ed","description":"P\u00e1gina web de la prefectura","potentialAction":[{"@type":"SearchAction","target":{"@type":"EntryPoint","urlTemplate":"https:\/\/www.manabi.gob.ec\/?s={search_term_string}"},"query-input":{"@type":"PropertyValueSpecification","valueRequired":true,"valueName":"search_term_string"}}],"inLanguage":"es"},{"@type":"Person","@id":"https:\/\/www.manabi.gob.ec\/#\/schema\/person\/c4f117989332ad723a6ced5994aa7d7a","name":"Lui Ochoa","image":{"@type":"ImageObject","inLanguage":"es","@id":"https:\/\/secure.gravatar.com\/avatar\/6e8017d0fe69dead8a95864d2eb6e1e1d8bf8e01194ba49cf7b897ff038126ba?s=96&d=mm&r=g","url":"https:\/\/secure.gravatar.com\/avatar\/6e8017d0fe69dead8a95864d2eb6e1e1d8bf8e01194ba49cf7b897ff038126ba?s=96&d=mm&r=g","contentUrl":"https:\/\/secure.gravatar.com\/avatar\/6e8017d0fe69dead8a95864d2eb6e1e1d8bf8e01194ba49cf7b897ff038126ba?s=96&d=mm&r=g","caption":"Lui Ochoa"},"url":"https:\/\/www.manabi.gob.ec\/index.php\/author\/lochoa\/"}]}},"jetpack_featured_media_url":"https:\/\/www.manabi.gob.ec\/wp-content\/uploads\/2022\/07\/WhatsApp-Image-2022-07-07-at-10.51.40-AM.jpeg","_links":{"self":[{"href":"https:\/\/www.manabi.gob.ec\/index.php\/wp-json\/wp\/v2\/posts\/21343","targetHints":{"allow":["GET"]}}],"collection":[{"href":"https:\/\/www.manabi.gob.ec\/index.php\/wp-json\/wp\/v2\/posts"}],"about":[{"href":"https:\/\/www.manabi.gob.ec\/index.php\/wp-json\/wp\/v2\/types\/post"}],"author":[{"embeddable":true,"href":"https:\/\/www.manabi.gob.ec\/index.php\/wp-json\/wp\/v2\/users\/10"}],"replies":[{"embeddable":true,"href":"https:\/\/www.manabi.gob.ec\/index.php\/wp-json\/wp\/v2\/comments?post=21343"}],"version-history":[{"count":0,"href":"https:\/\/www.manabi.gob.ec\/index.php\/wp-json\/wp\/v2\/posts\/21343\/revisions"}],"wp:featuredmedia":[{"embeddable":true,"href":"https:\/\/www.manabi.gob.ec\/index.php\/wp-json\/wp\/v2\/media\/21344"}],"wp:attachment":[{"href":"https:\/\/www.manabi.gob.ec\/index.php\/wp-json\/wp\/v2\/media?parent=21343"}],"wp:term":[{"taxonomy":"category","embeddable":true,"href":"https:\/\/www.manabi.gob.ec\/index.php\/wp-json\/wp\/v2\/categories?post=21343"},{"taxonomy":"post_tag","embeddable":true,"href":"https:\/\/www.manabi.gob.ec\/index.php\/wp-json\/wp\/v2\/tags?post=21343"}],"curies":[{"name":"wp","href":"https:\/\/api.w.org\/{rel}","templated":true}]}}