{"id":21355,"date":"2022-07-08T17:04:59","date_gmt":"2022-07-08T17:04:59","guid":{"rendered":"https:\/\/www.manabi.gob.ec\/?p=21355"},"modified":"2022-07-08T17:05:05","modified_gmt":"2022-07-08T17:05:05","slug":"en-el-territorio-y-con-participacion-ciudadana-se-priorizan-los-proyectos-y-obras-del-presupuesto-para-el-2023","status":"publish","type":"post","link":"https:\/\/www.manabi.gob.ec\/index.php\/en-el-territorio-y-con-participacion-ciudadana-se-priorizan-los-proyectos-y-obras-del-presupuesto-para-el-2023\/","title":{"rendered":"En el territorio y con participaci\u00f3n ciudadana se priorizan los proyectos y obras del presupuesto para el 2023"},"content":{"rendered":"\n<p>La prefectura de Manab\u00ed contin\u00faa desarrollando las asambleas en las parroquias rurales de la provincia, para la construcci\u00f3n del presupuesto participativo 2023.<\/p>\n\n\n\n<p><br>Esta semana las jornadas se desarrollaron en las parroquia: San Antonio y Boyac\u00e1 del cant\u00f3n Chone; Zapallo y San Francisco de Novillo, en Flavio Alfaro; Santa Mar\u00eda, El Para\u00edso-La 14; San Pedro de Suma, Wilfrido Loor Moreira, del cant\u00f3n El Carmen.<\/p>\n\n\n\n<p><br>A este proceso, denominado \u201cYo Participo\u201d, asisten l\u00edderes y representantes de organizaciones y de los diferentes sitios y recintos de las parroquias, adem\u00e1s de sus autoridades quienes dan a conocer las necesidades de sus territorios para que las obras y proyectos sean considerados en el presupuesto provincial.<\/p>\n\n\n\n<p><br>Sus inquietudes y planteamientos son expuestas a los t\u00e9cnicos de la direcci\u00f3n de Planificaci\u00f3n de la Prefectura, quienes tienen el apoyo de las direcciones operativas con quienes se van priorizando las obras y proyectos de cada parroquia, sobre la base de los ejes de desarrollo establecidos dentro del Plan de Desarrollo y Ordenamiento Territorial (PDOT). Tambi\u00e9n participan delegados de Participaci\u00f3n Ciudadana y Control Social.<\/p>\n\n\n\n<p><br>\u201cEstas Asambleas nos dan la oportunidad de hacer conocer lo que m\u00e1s necesitamos en nuestras comunidades, y que se las considere en el presupuesto de la Prefectura\u201d, manifest\u00f3 Darwin Garc\u00eda, representante de la comunidad Estero Seco de la parroquia Boyac\u00e1.<\/p>\n\n\n\n<p><br>Opini\u00f3n similar dio la se\u00f1ora Tan\u00eda Lucas del sitio El Bat\u00e1n, de Boyac\u00e1. \u201cEs importante este tipo de reuniones porque nos permiten aportar en la planificaci\u00f3n de las obras que necesitamos, especialmente en lo que es v\u00edas\u201d, dijo.<\/p>\n\n\n\n<p>Concluir\u00e1n a fines de julio<br>Edgar Santana, t\u00e9cnico de Planificaci\u00f3n de la Prefectura, explic\u00f3 que de acuerdo al cronograma de trabajo las asambleas parroquiales terminar\u00e1n el 13 de julio, y luego se iniciar\u00e1n las asambleas cantonales, que concluir\u00e1n a fines de julio.<br>\u201cUna vez elaborado el proyecto de presupuesto, el documento ser\u00e1 entregado al Prefecto para el analisis con las direcciones operativas, y seg\u00fan Plan Operativo Anual se priorizar\u00e1n las obras y proyectos. Este documento al final es aprobado por la Corporaci\u00f3n Provincial\u201d, explic\u00f3 el t\u00e9cnico.<\/p>\n","protected":false},"excerpt":{"rendered":"<p>La prefectura de Manab\u00ed contin\u00faa desarrollando las asambleas en las parroquias rurales de la provincia, para la construcci\u00f3n del presupuesto participativo 2023. Esta semana las jornadas se desarrollaron en las parroquia: San Antonio y Boyac\u00e1 del cant\u00f3n Chone; Zapallo y San Francisco de Novillo, en Flavio Alfaro; Santa Mar\u00eda, El Para\u00edso-La 14; San Pedro de [&hellip;]<\/p>\n","protected":false},"author":10,"featured_media":21356,"comment_status":"closed","ping_status":"closed","sticky":false,"template":"","format":"standard","meta":{"_joinchat":[],"footnotes":""},"categories":[141,142,183,151,92,132,91],"tags":[],"class_list":["post-21355","post","type-post","status-publish","format-standard","has-post-thumbnail","hentry","category-chone","category-desarrollo-social","category-el-carmen","category-flavio-alfaro","category-noticias-manabi","category-portoviejo","category-todas"],"yoast_head":"<!-- This site is optimized with the Yoast SEO plugin v27.4 - https:\/\/yoast.com\/product\/yoast-seo-wordpress\/ -->\n<title>En el territorio y con participaci\u00f3n ciudadana se priorizan los proyectos y obras del presupuesto para el 2023 - Prefectura de Manab\u00ed<\/title>\n<meta name=\"robots\" content=\"index, follow, max-snippet:-1, max-image-preview:large, max-video-preview:-1\" \/>\n<link rel=\"canonical\" href=\"https:\/\/www.manabi.gob.ec\/index.php\/en-el-territorio-y-con-participacion-ciudadana-se-priorizan-los-proyectos-y-obras-del-presupuesto-para-el-2023\/\" \/>\n<meta property=\"og:locale\" content=\"es_ES\" \/>\n<meta property=\"og:type\" content=\"article\" \/>\n<meta property=\"og:title\" content=\"En el territorio y con participaci\u00f3n ciudadana se priorizan los proyectos y obras del presupuesto para el 2023 - Prefectura de Manab\u00ed\" \/>\n<meta property=\"og:description\" content=\"La prefectura de Manab\u00ed contin\u00faa desarrollando las asambleas en las parroquias rurales de la provincia, para la construcci\u00f3n del presupuesto participativo 2023. Esta semana las jornadas se desarrollaron en las parroquia: San Antonio y Boyac\u00e1 del cant\u00f3n Chone; Zapallo y San Francisco de Novillo, en Flavio Alfaro; Santa Mar\u00eda, El Para\u00edso-La 14; San Pedro de [&hellip;]\" \/>\n<meta property=\"og:url\" content=\"https:\/\/www.manabi.gob.ec\/index.php\/en-el-territorio-y-con-participacion-ciudadana-se-priorizan-los-proyectos-y-obras-del-presupuesto-para-el-2023\/\" \/>\n<meta property=\"og:site_name\" content=\"Prefectura de Manab\u00ed\" \/>\n<meta property=\"article:published_time\" content=\"2022-07-08T17:04:59+00:00\" \/>\n<meta property=\"article:modified_time\" content=\"2022-07-08T17:05:05+00:00\" \/>\n<meta property=\"og:image\" content=\"https:\/\/www.manabi.gob.ec\/wp-content\/uploads\/2022\/07\/WhatsApp-Image-2022-07-07-at-3.40.33-PM-1.jpeg\" \/>\n\t<meta property=\"og:image:width\" content=\"1280\" \/>\n\t<meta property=\"og:image:height\" content=\"853\" \/>\n\t<meta property=\"og:image:type\" content=\"image\/jpeg\" \/>\n<meta name=\"author\" content=\"Lui Ochoa\" \/>\n<meta name=\"twitter:card\" content=\"summary_large_image\" \/>\n<meta name=\"twitter:label1\" content=\"Escrito por\" \/>\n\t<meta name=\"twitter:data1\" content=\"Lui Ochoa\" \/>\n\t<meta name=\"twitter:label2\" content=\"Tiempo de lectura\" \/>\n\t<meta name=\"twitter:data2\" content=\"2 minutos\" \/>\n<script type=\"application\/ld+json\" class=\"yoast-schema-graph\">{\"@context\":\"https:\\\/\\\/schema.org\",\"@graph\":[{\"@type\":\"Article\",\"@id\":\"https:\\\/\\\/www.manabi.gob.ec\\\/index.php\\\/en-el-territorio-y-con-participacion-ciudadana-se-priorizan-los-proyectos-y-obras-del-presupuesto-para-el-2023\\\/#article\",\"isPartOf\":{\"@id\":\"https:\\\/\\\/www.manabi.gob.ec\\\/index.php\\\/en-el-territorio-y-con-participacion-ciudadana-se-priorizan-los-proyectos-y-obras-del-presupuesto-para-el-2023\\\/\"},\"author\":{\"name\":\"Lui Ochoa\",\"@id\":\"https:\\\/\\\/www.manabi.gob.ec\\\/#\\\/schema\\\/person\\\/c4f117989332ad723a6ced5994aa7d7a\"},\"headline\":\"En el territorio y con participaci\u00f3n ciudadana se priorizan los proyectos y obras del presupuesto para el 2023\",\"datePublished\":\"2022-07-08T17:04:59+00:00\",\"dateModified\":\"2022-07-08T17:05:05+00:00\",\"mainEntityOfPage\":{\"@id\":\"https:\\\/\\\/www.manabi.gob.ec\\\/index.php\\\/en-el-territorio-y-con-participacion-ciudadana-se-priorizan-los-proyectos-y-obras-del-presupuesto-para-el-2023\\\/\"},\"wordCount\":383,\"image\":{\"@id\":\"https:\\\/\\\/www.manabi.gob.ec\\\/index.php\\\/en-el-territorio-y-con-participacion-ciudadana-se-priorizan-los-proyectos-y-obras-del-presupuesto-para-el-2023\\\/#primaryimage\"},\"thumbnailUrl\":\"https:\\\/\\\/www.manabi.gob.ec\\\/wp-content\\\/uploads\\\/2022\\\/07\\\/WhatsApp-Image-2022-07-07-at-3.40.33-PM-1.jpeg\",\"articleSection\":[\"Chone\",\"Desarrollo Social\",\"El Carmen\",\"Flavio Alfaro\",\"Noticias\",\"Portoviejo\",\"Todas\"],\"inLanguage\":\"es\"},{\"@type\":\"WebPage\",\"@id\":\"https:\\\/\\\/www.manabi.gob.ec\\\/index.php\\\/en-el-territorio-y-con-participacion-ciudadana-se-priorizan-los-proyectos-y-obras-del-presupuesto-para-el-2023\\\/\",\"url\":\"https:\\\/\\\/www.manabi.gob.ec\\\/index.php\\\/en-el-territorio-y-con-participacion-ciudadana-se-priorizan-los-proyectos-y-obras-del-presupuesto-para-el-2023\\\/\",\"name\":\"En el territorio y con participaci\u00f3n ciudadana se priorizan los proyectos y obras del presupuesto para el 2023 - Prefectura de Manab\u00ed\",\"isPartOf\":{\"@id\":\"https:\\\/\\\/www.manabi.gob.ec\\\/#website\"},\"primaryImageOfPage\":{\"@id\":\"https:\\\/\\\/www.manabi.gob.ec\\\/index.php\\\/en-el-territorio-y-con-participacion-ciudadana-se-priorizan-los-proyectos-y-obras-del-presupuesto-para-el-2023\\\/#primaryimage\"},\"image\":{\"@id\":\"https:\\\/\\\/www.manabi.gob.ec\\\/index.php\\\/en-el-territorio-y-con-participacion-ciudadana-se-priorizan-los-proyectos-y-obras-del-presupuesto-para-el-2023\\\/#primaryimage\"},\"thumbnailUrl\":\"https:\\\/\\\/www.manabi.gob.ec\\\/wp-content\\\/uploads\\\/2022\\\/07\\\/WhatsApp-Image-2022-07-07-at-3.40.33-PM-1.jpeg\",\"datePublished\":\"2022-07-08T17:04:59+00:00\",\"dateModified\":\"2022-07-08T17:05:05+00:00\",\"author\":{\"@id\":\"https:\\\/\\\/www.manabi.gob.ec\\\/#\\\/schema\\\/person\\\/c4f117989332ad723a6ced5994aa7d7a\"},\"breadcrumb\":{\"@id\":\"https:\\\/\\\/www.manabi.gob.ec\\\/index.php\\\/en-el-territorio-y-con-participacion-ciudadana-se-priorizan-los-proyectos-y-obras-del-presupuesto-para-el-2023\\\/#breadcrumb\"},\"inLanguage\":\"es\",\"potentialAction\":[{\"@type\":\"ReadAction\",\"target\":[\"https:\\\/\\\/www.manabi.gob.ec\\\/index.php\\\/en-el-territorio-y-con-participacion-ciudadana-se-priorizan-los-proyectos-y-obras-del-presupuesto-para-el-2023\\\/\"]}]},{\"@type\":\"ImageObject\",\"inLanguage\":\"es\",\"@id\":\"https:\\\/\\\/www.manabi.gob.ec\\\/index.php\\\/en-el-territorio-y-con-participacion-ciudadana-se-priorizan-los-proyectos-y-obras-del-presupuesto-para-el-2023\\\/#primaryimage\",\"url\":\"https:\\\/\\\/www.manabi.gob.ec\\\/wp-content\\\/uploads\\\/2022\\\/07\\\/WhatsApp-Image-2022-07-07-at-3.40.33-PM-1.jpeg\",\"contentUrl\":\"https:\\\/\\\/www.manabi.gob.ec\\\/wp-content\\\/uploads\\\/2022\\\/07\\\/WhatsApp-Image-2022-07-07-at-3.40.33-PM-1.jpeg\",\"width\":1280,\"height\":853},{\"@type\":\"BreadcrumbList\",\"@id\":\"https:\\\/\\\/www.manabi.gob.ec\\\/index.php\\\/en-el-territorio-y-con-participacion-ciudadana-se-priorizan-los-proyectos-y-obras-del-presupuesto-para-el-2023\\\/#breadcrumb\",\"itemListElement\":[{\"@type\":\"ListItem\",\"position\":1,\"name\":\"Portada\",\"item\":\"https:\\\/\\\/www.manabi.gob.ec\\\/\"},{\"@type\":\"ListItem\",\"position\":2,\"name\":\"En el territorio y con participaci\u00f3n ciudadana se priorizan los proyectos y obras del presupuesto para el 2023\"}]},{\"@type\":\"WebSite\",\"@id\":\"https:\\\/\\\/www.manabi.gob.ec\\\/#website\",\"url\":\"https:\\\/\\\/www.manabi.gob.ec\\\/\",\"name\":\"Prefectura de Manab\u00ed\",\"description\":\"P\u00e1gina web de la prefectura\",\"potentialAction\":[{\"@type\":\"SearchAction\",\"target\":{\"@type\":\"EntryPoint\",\"urlTemplate\":\"https:\\\/\\\/www.manabi.gob.ec\\\/?s={search_term_string}\"},\"query-input\":{\"@type\":\"PropertyValueSpecification\",\"valueRequired\":true,\"valueName\":\"search_term_string\"}}],\"inLanguage\":\"es\"},{\"@type\":\"Person\",\"@id\":\"https:\\\/\\\/www.manabi.gob.ec\\\/#\\\/schema\\\/person\\\/c4f117989332ad723a6ced5994aa7d7a\",\"name\":\"Lui Ochoa\",\"image\":{\"@type\":\"ImageObject\",\"inLanguage\":\"es\",\"@id\":\"https:\\\/\\\/secure.gravatar.com\\\/avatar\\\/6e8017d0fe69dead8a95864d2eb6e1e1d8bf8e01194ba49cf7b897ff038126ba?s=96&d=mm&r=g\",\"url\":\"https:\\\/\\\/secure.gravatar.com\\\/avatar\\\/6e8017d0fe69dead8a95864d2eb6e1e1d8bf8e01194ba49cf7b897ff038126ba?s=96&d=mm&r=g\",\"contentUrl\":\"https:\\\/\\\/secure.gravatar.com\\\/avatar\\\/6e8017d0fe69dead8a95864d2eb6e1e1d8bf8e01194ba49cf7b897ff038126ba?s=96&d=mm&r=g\",\"caption\":\"Lui Ochoa\"},\"url\":\"https:\\\/\\\/www.manabi.gob.ec\\\/index.php\\\/author\\\/lochoa\\\/\"}]}<\/script>\n<!-- \/ Yoast SEO plugin. -->","yoast_head_json":{"title":"En el territorio y con participaci\u00f3n ciudadana se priorizan los proyectos y obras del presupuesto para el 2023 - Prefectura de Manab\u00ed","robots":{"index":"index","follow":"follow","max-snippet":"max-snippet:-1","max-image-preview":"max-image-preview:large","max-video-preview":"max-video-preview:-1"},"canonical":"https:\/\/www.manabi.gob.ec\/index.php\/en-el-territorio-y-con-participacion-ciudadana-se-priorizan-los-proyectos-y-obras-del-presupuesto-para-el-2023\/","og_locale":"es_ES","og_type":"article","og_title":"En el territorio y con participaci\u00f3n ciudadana se priorizan los proyectos y obras del presupuesto para el 2023 - Prefectura de Manab\u00ed","og_description":"La prefectura de Manab\u00ed contin\u00faa desarrollando las asambleas en las parroquias rurales de la provincia, para la construcci\u00f3n del presupuesto participativo 2023. Esta semana las jornadas se desarrollaron en las parroquia: San Antonio y Boyac\u00e1 del cant\u00f3n Chone; Zapallo y San Francisco de Novillo, en Flavio Alfaro; Santa Mar\u00eda, El Para\u00edso-La 14; San Pedro de [&hellip;]","og_url":"https:\/\/www.manabi.gob.ec\/index.php\/en-el-territorio-y-con-participacion-ciudadana-se-priorizan-los-proyectos-y-obras-del-presupuesto-para-el-2023\/","og_site_name":"Prefectura de Manab\u00ed","article_published_time":"2022-07-08T17:04:59+00:00","article_modified_time":"2022-07-08T17:05:05+00:00","og_image":[{"width":1280,"height":853,"url":"https:\/\/www.manabi.gob.ec\/wp-content\/uploads\/2022\/07\/WhatsApp-Image-2022-07-07-at-3.40.33-PM-1.jpeg","type":"image\/jpeg"}],"author":"Lui Ochoa","twitter_card":"summary_large_image","twitter_misc":{"Escrito por":"Lui Ochoa","Tiempo de lectura":"2 minutos"},"schema":{"@context":"https:\/\/schema.org","@graph":[{"@type":"Article","@id":"https:\/\/www.manabi.gob.ec\/index.php\/en-el-territorio-y-con-participacion-ciudadana-se-priorizan-los-proyectos-y-obras-del-presupuesto-para-el-2023\/#article","isPartOf":{"@id":"https:\/\/www.manabi.gob.ec\/index.php\/en-el-territorio-y-con-participacion-ciudadana-se-priorizan-los-proyectos-y-obras-del-presupuesto-para-el-2023\/"},"author":{"name":"Lui Ochoa","@id":"https:\/\/www.manabi.gob.ec\/#\/schema\/person\/c4f117989332ad723a6ced5994aa7d7a"},"headline":"En el territorio y con participaci\u00f3n ciudadana se priorizan los proyectos y obras del presupuesto para el 2023","datePublished":"2022-07-08T17:04:59+00:00","dateModified":"2022-07-08T17:05:05+00:00","mainEntityOfPage":{"@id":"https:\/\/www.manabi.gob.ec\/index.php\/en-el-territorio-y-con-participacion-ciudadana-se-priorizan-los-proyectos-y-obras-del-presupuesto-para-el-2023\/"},"wordCount":383,"image":{"@id":"https:\/\/www.manabi.gob.ec\/index.php\/en-el-territorio-y-con-participacion-ciudadana-se-priorizan-los-proyectos-y-obras-del-presupuesto-para-el-2023\/#primaryimage"},"thumbnailUrl":"https:\/\/www.manabi.gob.ec\/wp-content\/uploads\/2022\/07\/WhatsApp-Image-2022-07-07-at-3.40.33-PM-1.jpeg","articleSection":["Chone","Desarrollo Social","El Carmen","Flavio Alfaro","Noticias","Portoviejo","Todas"],"inLanguage":"es"},{"@type":"WebPage","@id":"https:\/\/www.manabi.gob.ec\/index.php\/en-el-territorio-y-con-participacion-ciudadana-se-priorizan-los-proyectos-y-obras-del-presupuesto-para-el-2023\/","url":"https:\/\/www.manabi.gob.ec\/index.php\/en-el-territorio-y-con-participacion-ciudadana-se-priorizan-los-proyectos-y-obras-del-presupuesto-para-el-2023\/","name":"En el territorio y con participaci\u00f3n ciudadana se priorizan los proyectos y obras del presupuesto para el 2023 - Prefectura de Manab\u00ed","isPartOf":{"@id":"https:\/\/www.manabi.gob.ec\/#website"},"primaryImageOfPage":{"@id":"https:\/\/www.manabi.gob.ec\/index.php\/en-el-territorio-y-con-participacion-ciudadana-se-priorizan-los-proyectos-y-obras-del-presupuesto-para-el-2023\/#primaryimage"},"image":{"@id":"https:\/\/www.manabi.gob.ec\/index.php\/en-el-territorio-y-con-participacion-ciudadana-se-priorizan-los-proyectos-y-obras-del-presupuesto-para-el-2023\/#primaryimage"},"thumbnailUrl":"https:\/\/www.manabi.gob.ec\/wp-content\/uploads\/2022\/07\/WhatsApp-Image-2022-07-07-at-3.40.33-PM-1.jpeg","datePublished":"2022-07-08T17:04:59+00:00","dateModified":"2022-07-08T17:05:05+00:00","author":{"@id":"https:\/\/www.manabi.gob.ec\/#\/schema\/person\/c4f117989332ad723a6ced5994aa7d7a"},"breadcrumb":{"@id":"https:\/\/www.manabi.gob.ec\/index.php\/en-el-territorio-y-con-participacion-ciudadana-se-priorizan-los-proyectos-y-obras-del-presupuesto-para-el-2023\/#breadcrumb"},"inLanguage":"es","potentialAction":[{"@type":"ReadAction","target":["https:\/\/www.manabi.gob.ec\/index.php\/en-el-territorio-y-con-participacion-ciudadana-se-priorizan-los-proyectos-y-obras-del-presupuesto-para-el-2023\/"]}]},{"@type":"ImageObject","inLanguage":"es","@id":"https:\/\/www.manabi.gob.ec\/index.php\/en-el-territorio-y-con-participacion-ciudadana-se-priorizan-los-proyectos-y-obras-del-presupuesto-para-el-2023\/#primaryimage","url":"https:\/\/www.manabi.gob.ec\/wp-content\/uploads\/2022\/07\/WhatsApp-Image-2022-07-07-at-3.40.33-PM-1.jpeg","contentUrl":"https:\/\/www.manabi.gob.ec\/wp-content\/uploads\/2022\/07\/WhatsApp-Image-2022-07-07-at-3.40.33-PM-1.jpeg","width":1280,"height":853},{"@type":"BreadcrumbList","@id":"https:\/\/www.manabi.gob.ec\/index.php\/en-el-territorio-y-con-participacion-ciudadana-se-priorizan-los-proyectos-y-obras-del-presupuesto-para-el-2023\/#breadcrumb","itemListElement":[{"@type":"ListItem","position":1,"name":"Portada","item":"https:\/\/www.manabi.gob.ec\/"},{"@type":"ListItem","position":2,"name":"En el territorio y con participaci\u00f3n ciudadana se priorizan los proyectos y obras del presupuesto para el 2023"}]},{"@type":"WebSite","@id":"https:\/\/www.manabi.gob.ec\/#website","url":"https:\/\/www.manabi.gob.ec\/","name":"Prefectura de Manab\u00ed","description":"P\u00e1gina web de la prefectura","potentialAction":[{"@type":"SearchAction","target":{"@type":"EntryPoint","urlTemplate":"https:\/\/www.manabi.gob.ec\/?s={search_term_string}"},"query-input":{"@type":"PropertyValueSpecification","valueRequired":true,"valueName":"search_term_string"}}],"inLanguage":"es"},{"@type":"Person","@id":"https:\/\/www.manabi.gob.ec\/#\/schema\/person\/c4f117989332ad723a6ced5994aa7d7a","name":"Lui Ochoa","image":{"@type":"ImageObject","inLanguage":"es","@id":"https:\/\/secure.gravatar.com\/avatar\/6e8017d0fe69dead8a95864d2eb6e1e1d8bf8e01194ba49cf7b897ff038126ba?s=96&d=mm&r=g","url":"https:\/\/secure.gravatar.com\/avatar\/6e8017d0fe69dead8a95864d2eb6e1e1d8bf8e01194ba49cf7b897ff038126ba?s=96&d=mm&r=g","contentUrl":"https:\/\/secure.gravatar.com\/avatar\/6e8017d0fe69dead8a95864d2eb6e1e1d8bf8e01194ba49cf7b897ff038126ba?s=96&d=mm&r=g","caption":"Lui Ochoa"},"url":"https:\/\/www.manabi.gob.ec\/index.php\/author\/lochoa\/"}]}},"jetpack_featured_media_url":"https:\/\/www.manabi.gob.ec\/wp-content\/uploads\/2022\/07\/WhatsApp-Image-2022-07-07-at-3.40.33-PM-1.jpeg","_links":{"self":[{"href":"https:\/\/www.manabi.gob.ec\/index.php\/wp-json\/wp\/v2\/posts\/21355","targetHints":{"allow":["GET"]}}],"collection":[{"href":"https:\/\/www.manabi.gob.ec\/index.php\/wp-json\/wp\/v2\/posts"}],"about":[{"href":"https:\/\/www.manabi.gob.ec\/index.php\/wp-json\/wp\/v2\/types\/post"}],"author":[{"embeddable":true,"href":"https:\/\/www.manabi.gob.ec\/index.php\/wp-json\/wp\/v2\/users\/10"}],"replies":[{"embeddable":true,"href":"https:\/\/www.manabi.gob.ec\/index.php\/wp-json\/wp\/v2\/comments?post=21355"}],"version-history":[{"count":0,"href":"https:\/\/www.manabi.gob.ec\/index.php\/wp-json\/wp\/v2\/posts\/21355\/revisions"}],"wp:featuredmedia":[{"embeddable":true,"href":"https:\/\/www.manabi.gob.ec\/index.php\/wp-json\/wp\/v2\/media\/21356"}],"wp:attachment":[{"href":"https:\/\/www.manabi.gob.ec\/index.php\/wp-json\/wp\/v2\/media?parent=21355"}],"wp:term":[{"taxonomy":"category","embeddable":true,"href":"https:\/\/www.manabi.gob.ec\/index.php\/wp-json\/wp\/v2\/categories?post=21355"},{"taxonomy":"post_tag","embeddable":true,"href":"https:\/\/www.manabi.gob.ec\/index.php\/wp-json\/wp\/v2\/tags?post=21355"}],"curies":[{"name":"wp","href":"https:\/\/api.w.org\/{rel}","templated":true}]}}