{"id":21358,"date":"2022-07-08T17:09:53","date_gmt":"2022-07-08T17:09:53","guid":{"rendered":"https:\/\/www.manabi.gob.ec\/?p=21358"},"modified":"2022-07-08T17:09:57","modified_gmt":"2022-07-08T17:09:57","slug":"en-jipijapa-se-construira-la-via-con-doble-riego-de-mayor-longitud-de-esta-administracion","status":"publish","type":"post","link":"https:\/\/www.manabi.gob.ec\/index.php\/en-jipijapa-se-construira-la-via-con-doble-riego-de-mayor-longitud-de-esta-administracion\/","title":{"rendered":"En Jipijapa se construir\u00e1 la v\u00eda con doble riego de mayor longitud de esta administraci\u00f3n"},"content":{"rendered":"\n<p><\/p>\n\n\n\n<p>El prefecto, Leonardo Orlando, inspeccion\u00f3 este 7 de julio los trabajos de mejoramiento de la v\u00eda Mona &#8211; Mainas, que une a la parroquia La Am\u00e9rica de Jipijapa con la cabecera cantonal. \u00abEsperamos terminar los trabajos en el mes de agosto\u00bb, dijo Orlando.<\/p>\n\n\n\n<p>Explic\u00f3 que se est\u00e1 ejecutando un contrato que estaba inactivo, con una inversi\u00f3n de $636.000, entre material, transporte, y alquiler de maquinaria para el tendido, compactado, hidratado, y la limpieza de cunetas y espaldones. En esta fase, 17.8 kil\u00f3metros de esta v\u00eda quedar\u00e1n a nivel de base; otros 2 km ya cuentan con doble riego.<\/p>\n\n\n\n<p>El Prefecto anunci\u00f3 que a finales de agosto de este a\u00f1o estar\u00edan listos los estudios definitivos para intervenir los 17.8 km a nivel de doble tratamiento superficial bituminoso.<\/p>\n\n\n\n<p>\u00abNos comprometemos a traerle la buena noticia en el mes de agosto, con los estudios y ya iniciando el proceso de contrataci\u00f3n p\u00fablica, para que sea una realidad el inicio de esta v\u00eda este mismo a\u00f1o. Esta ser\u00e1 la v\u00eda de mayor longitud, a nivel de doble tratamiento superficial bituminoso, en lo que va de mi administraci\u00f3n\u00bb, expres\u00f3 el Prefecto.<\/p>\n\n\n\n<p>Durante el recorrido de inspecci\u00f3n, Leonardo Orlando recibi\u00f3 varias demostraciones de agradecimiento a su gesti\u00f3n, por parte de moradores y l\u00edderes de las diferentes comunidades que se benefician con esta obra.<\/p>\n","protected":false},"excerpt":{"rendered":"<p>El prefecto, Leonardo Orlando, inspeccion\u00f3 este 7 de julio los trabajos de mejoramiento de la v\u00eda Mona &#8211; Mainas, que une a la parroquia La Am\u00e9rica de Jipijapa con la cabecera cantonal. \u00abEsperamos terminar los trabajos en el mes de agosto\u00bb, dijo Orlando. Explic\u00f3 que se est\u00e1 ejecutando un contrato que estaba inactivo, con una [&hellip;]<\/p>\n","protected":false},"author":10,"featured_media":21359,"comment_status":"closed","ping_status":"closed","sticky":false,"template":"","format":"standard","meta":{"_joinchat":[],"footnotes":""},"categories":[142,123,170,92,181,91,127],"tags":[],"class_list":["post-21358","post","type-post","status-publish","format-standard","has-post-thumbnail","hentry","category-desarrollo-social","category-jipijapa","category-manabi-vial","category-noticias-manabi","category-obra-publica","category-todas","category-vialidad"],"yoast_head":"<!-- This site is optimized with the Yoast SEO plugin v27.4 - https:\/\/yoast.com\/product\/yoast-seo-wordpress\/ -->\n<title>En Jipijapa se construir\u00e1 la v\u00eda con doble riego de mayor longitud de esta administraci\u00f3n - Prefectura de Manab\u00ed<\/title>\n<meta name=\"robots\" content=\"index, follow, max-snippet:-1, max-image-preview:large, max-video-preview:-1\" \/>\n<link rel=\"canonical\" href=\"https:\/\/www.manabi.gob.ec\/index.php\/en-jipijapa-se-construira-la-via-con-doble-riego-de-mayor-longitud-de-esta-administracion\/\" \/>\n<meta property=\"og:locale\" content=\"es_ES\" \/>\n<meta property=\"og:type\" content=\"article\" \/>\n<meta property=\"og:title\" content=\"En Jipijapa se construir\u00e1 la v\u00eda con doble riego de mayor longitud de esta administraci\u00f3n - Prefectura de Manab\u00ed\" \/>\n<meta property=\"og:description\" content=\"El prefecto, Leonardo Orlando, inspeccion\u00f3 este 7 de julio los trabajos de mejoramiento de la v\u00eda Mona &#8211; Mainas, que une a la parroquia La Am\u00e9rica de Jipijapa con la cabecera cantonal. \u00abEsperamos terminar los trabajos en el mes de agosto\u00bb, dijo Orlando. Explic\u00f3 que se est\u00e1 ejecutando un contrato que estaba inactivo, con una [&hellip;]\" \/>\n<meta property=\"og:url\" content=\"https:\/\/www.manabi.gob.ec\/index.php\/en-jipijapa-se-construira-la-via-con-doble-riego-de-mayor-longitud-de-esta-administracion\/\" \/>\n<meta property=\"og:site_name\" content=\"Prefectura de Manab\u00ed\" \/>\n<meta property=\"article:published_time\" content=\"2022-07-08T17:09:53+00:00\" \/>\n<meta property=\"article:modified_time\" content=\"2022-07-08T17:09:57+00:00\" \/>\n<meta property=\"og:image\" content=\"https:\/\/www.manabi.gob.ec\/wp-content\/uploads\/2022\/07\/WhatsApp-Image-2022-07-07-at-7.31.44-PM.jpeg\" \/>\n\t<meta property=\"og:image:width\" content=\"1280\" \/>\n\t<meta property=\"og:image:height\" content=\"960\" \/>\n\t<meta property=\"og:image:type\" content=\"image\/jpeg\" \/>\n<meta name=\"author\" content=\"Lui Ochoa\" \/>\n<meta name=\"twitter:card\" content=\"summary_large_image\" \/>\n<meta name=\"twitter:label1\" content=\"Escrito por\" \/>\n\t<meta name=\"twitter:data1\" content=\"Lui Ochoa\" \/>\n\t<meta name=\"twitter:label2\" content=\"Tiempo de lectura\" \/>\n\t<meta name=\"twitter:data2\" content=\"1 minuto\" \/>\n<script type=\"application\/ld+json\" class=\"yoast-schema-graph\">{\"@context\":\"https:\\\/\\\/schema.org\",\"@graph\":[{\"@type\":\"Article\",\"@id\":\"https:\\\/\\\/www.manabi.gob.ec\\\/index.php\\\/en-jipijapa-se-construira-la-via-con-doble-riego-de-mayor-longitud-de-esta-administracion\\\/#article\",\"isPartOf\":{\"@id\":\"https:\\\/\\\/www.manabi.gob.ec\\\/index.php\\\/en-jipijapa-se-construira-la-via-con-doble-riego-de-mayor-longitud-de-esta-administracion\\\/\"},\"author\":{\"name\":\"Lui Ochoa\",\"@id\":\"https:\\\/\\\/www.manabi.gob.ec\\\/#\\\/schema\\\/person\\\/c4f117989332ad723a6ced5994aa7d7a\"},\"headline\":\"En Jipijapa se construir\u00e1 la v\u00eda con doble riego de mayor longitud de esta administraci\u00f3n\",\"datePublished\":\"2022-07-08T17:09:53+00:00\",\"dateModified\":\"2022-07-08T17:09:57+00:00\",\"mainEntityOfPage\":{\"@id\":\"https:\\\/\\\/www.manabi.gob.ec\\\/index.php\\\/en-jipijapa-se-construira-la-via-con-doble-riego-de-mayor-longitud-de-esta-administracion\\\/\"},\"wordCount\":246,\"image\":{\"@id\":\"https:\\\/\\\/www.manabi.gob.ec\\\/index.php\\\/en-jipijapa-se-construira-la-via-con-doble-riego-de-mayor-longitud-de-esta-administracion\\\/#primaryimage\"},\"thumbnailUrl\":\"https:\\\/\\\/www.manabi.gob.ec\\\/wp-content\\\/uploads\\\/2022\\\/07\\\/WhatsApp-Image-2022-07-07-at-7.31.44-PM.jpeg\",\"articleSection\":[\"Desarrollo Social\",\"Jipijapa\",\"Manab\u00ed Vial\",\"Noticias\",\"Obra P\u00fablica\",\"Todas\",\"Vialidad\"],\"inLanguage\":\"es\"},{\"@type\":\"WebPage\",\"@id\":\"https:\\\/\\\/www.manabi.gob.ec\\\/index.php\\\/en-jipijapa-se-construira-la-via-con-doble-riego-de-mayor-longitud-de-esta-administracion\\\/\",\"url\":\"https:\\\/\\\/www.manabi.gob.ec\\\/index.php\\\/en-jipijapa-se-construira-la-via-con-doble-riego-de-mayor-longitud-de-esta-administracion\\\/\",\"name\":\"En Jipijapa se construir\u00e1 la v\u00eda con doble riego de mayor longitud de esta administraci\u00f3n - Prefectura de Manab\u00ed\",\"isPartOf\":{\"@id\":\"https:\\\/\\\/www.manabi.gob.ec\\\/#website\"},\"primaryImageOfPage\":{\"@id\":\"https:\\\/\\\/www.manabi.gob.ec\\\/index.php\\\/en-jipijapa-se-construira-la-via-con-doble-riego-de-mayor-longitud-de-esta-administracion\\\/#primaryimage\"},\"image\":{\"@id\":\"https:\\\/\\\/www.manabi.gob.ec\\\/index.php\\\/en-jipijapa-se-construira-la-via-con-doble-riego-de-mayor-longitud-de-esta-administracion\\\/#primaryimage\"},\"thumbnailUrl\":\"https:\\\/\\\/www.manabi.gob.ec\\\/wp-content\\\/uploads\\\/2022\\\/07\\\/WhatsApp-Image-2022-07-07-at-7.31.44-PM.jpeg\",\"datePublished\":\"2022-07-08T17:09:53+00:00\",\"dateModified\":\"2022-07-08T17:09:57+00:00\",\"author\":{\"@id\":\"https:\\\/\\\/www.manabi.gob.ec\\\/#\\\/schema\\\/person\\\/c4f117989332ad723a6ced5994aa7d7a\"},\"breadcrumb\":{\"@id\":\"https:\\\/\\\/www.manabi.gob.ec\\\/index.php\\\/en-jipijapa-se-construira-la-via-con-doble-riego-de-mayor-longitud-de-esta-administracion\\\/#breadcrumb\"},\"inLanguage\":\"es\",\"potentialAction\":[{\"@type\":\"ReadAction\",\"target\":[\"https:\\\/\\\/www.manabi.gob.ec\\\/index.php\\\/en-jipijapa-se-construira-la-via-con-doble-riego-de-mayor-longitud-de-esta-administracion\\\/\"]}]},{\"@type\":\"ImageObject\",\"inLanguage\":\"es\",\"@id\":\"https:\\\/\\\/www.manabi.gob.ec\\\/index.php\\\/en-jipijapa-se-construira-la-via-con-doble-riego-de-mayor-longitud-de-esta-administracion\\\/#primaryimage\",\"url\":\"https:\\\/\\\/www.manabi.gob.ec\\\/wp-content\\\/uploads\\\/2022\\\/07\\\/WhatsApp-Image-2022-07-07-at-7.31.44-PM.jpeg\",\"contentUrl\":\"https:\\\/\\\/www.manabi.gob.ec\\\/wp-content\\\/uploads\\\/2022\\\/07\\\/WhatsApp-Image-2022-07-07-at-7.31.44-PM.jpeg\",\"width\":1280,\"height\":960},{\"@type\":\"BreadcrumbList\",\"@id\":\"https:\\\/\\\/www.manabi.gob.ec\\\/index.php\\\/en-jipijapa-se-construira-la-via-con-doble-riego-de-mayor-longitud-de-esta-administracion\\\/#breadcrumb\",\"itemListElement\":[{\"@type\":\"ListItem\",\"position\":1,\"name\":\"Portada\",\"item\":\"https:\\\/\\\/www.manabi.gob.ec\\\/\"},{\"@type\":\"ListItem\",\"position\":2,\"name\":\"En Jipijapa se construir\u00e1 la v\u00eda con doble riego de mayor longitud de esta administraci\u00f3n\"}]},{\"@type\":\"WebSite\",\"@id\":\"https:\\\/\\\/www.manabi.gob.ec\\\/#website\",\"url\":\"https:\\\/\\\/www.manabi.gob.ec\\\/\",\"name\":\"Prefectura de Manab\u00ed\",\"description\":\"P\u00e1gina web de la prefectura\",\"potentialAction\":[{\"@type\":\"SearchAction\",\"target\":{\"@type\":\"EntryPoint\",\"urlTemplate\":\"https:\\\/\\\/www.manabi.gob.ec\\\/?s={search_term_string}\"},\"query-input\":{\"@type\":\"PropertyValueSpecification\",\"valueRequired\":true,\"valueName\":\"search_term_string\"}}],\"inLanguage\":\"es\"},{\"@type\":\"Person\",\"@id\":\"https:\\\/\\\/www.manabi.gob.ec\\\/#\\\/schema\\\/person\\\/c4f117989332ad723a6ced5994aa7d7a\",\"name\":\"Lui Ochoa\",\"image\":{\"@type\":\"ImageObject\",\"inLanguage\":\"es\",\"@id\":\"https:\\\/\\\/secure.gravatar.com\\\/avatar\\\/6e8017d0fe69dead8a95864d2eb6e1e1d8bf8e01194ba49cf7b897ff038126ba?s=96&d=mm&r=g\",\"url\":\"https:\\\/\\\/secure.gravatar.com\\\/avatar\\\/6e8017d0fe69dead8a95864d2eb6e1e1d8bf8e01194ba49cf7b897ff038126ba?s=96&d=mm&r=g\",\"contentUrl\":\"https:\\\/\\\/secure.gravatar.com\\\/avatar\\\/6e8017d0fe69dead8a95864d2eb6e1e1d8bf8e01194ba49cf7b897ff038126ba?s=96&d=mm&r=g\",\"caption\":\"Lui Ochoa\"},\"url\":\"https:\\\/\\\/www.manabi.gob.ec\\\/index.php\\\/author\\\/lochoa\\\/\"}]}<\/script>\n<!-- \/ Yoast SEO plugin. -->","yoast_head_json":{"title":"En Jipijapa se construir\u00e1 la v\u00eda con doble riego de mayor longitud de esta administraci\u00f3n - Prefectura de Manab\u00ed","robots":{"index":"index","follow":"follow","max-snippet":"max-snippet:-1","max-image-preview":"max-image-preview:large","max-video-preview":"max-video-preview:-1"},"canonical":"https:\/\/www.manabi.gob.ec\/index.php\/en-jipijapa-se-construira-la-via-con-doble-riego-de-mayor-longitud-de-esta-administracion\/","og_locale":"es_ES","og_type":"article","og_title":"En Jipijapa se construir\u00e1 la v\u00eda con doble riego de mayor longitud de esta administraci\u00f3n - Prefectura de Manab\u00ed","og_description":"El prefecto, Leonardo Orlando, inspeccion\u00f3 este 7 de julio los trabajos de mejoramiento de la v\u00eda Mona &#8211; Mainas, que une a la parroquia La Am\u00e9rica de Jipijapa con la cabecera cantonal. \u00abEsperamos terminar los trabajos en el mes de agosto\u00bb, dijo Orlando. Explic\u00f3 que se est\u00e1 ejecutando un contrato que estaba inactivo, con una [&hellip;]","og_url":"https:\/\/www.manabi.gob.ec\/index.php\/en-jipijapa-se-construira-la-via-con-doble-riego-de-mayor-longitud-de-esta-administracion\/","og_site_name":"Prefectura de Manab\u00ed","article_published_time":"2022-07-08T17:09:53+00:00","article_modified_time":"2022-07-08T17:09:57+00:00","og_image":[{"width":1280,"height":960,"url":"https:\/\/www.manabi.gob.ec\/wp-content\/uploads\/2022\/07\/WhatsApp-Image-2022-07-07-at-7.31.44-PM.jpeg","type":"image\/jpeg"}],"author":"Lui Ochoa","twitter_card":"summary_large_image","twitter_misc":{"Escrito por":"Lui Ochoa","Tiempo de lectura":"1 minuto"},"schema":{"@context":"https:\/\/schema.org","@graph":[{"@type":"Article","@id":"https:\/\/www.manabi.gob.ec\/index.php\/en-jipijapa-se-construira-la-via-con-doble-riego-de-mayor-longitud-de-esta-administracion\/#article","isPartOf":{"@id":"https:\/\/www.manabi.gob.ec\/index.php\/en-jipijapa-se-construira-la-via-con-doble-riego-de-mayor-longitud-de-esta-administracion\/"},"author":{"name":"Lui Ochoa","@id":"https:\/\/www.manabi.gob.ec\/#\/schema\/person\/c4f117989332ad723a6ced5994aa7d7a"},"headline":"En Jipijapa se construir\u00e1 la v\u00eda con doble riego de mayor longitud de esta administraci\u00f3n","datePublished":"2022-07-08T17:09:53+00:00","dateModified":"2022-07-08T17:09:57+00:00","mainEntityOfPage":{"@id":"https:\/\/www.manabi.gob.ec\/index.php\/en-jipijapa-se-construira-la-via-con-doble-riego-de-mayor-longitud-de-esta-administracion\/"},"wordCount":246,"image":{"@id":"https:\/\/www.manabi.gob.ec\/index.php\/en-jipijapa-se-construira-la-via-con-doble-riego-de-mayor-longitud-de-esta-administracion\/#primaryimage"},"thumbnailUrl":"https:\/\/www.manabi.gob.ec\/wp-content\/uploads\/2022\/07\/WhatsApp-Image-2022-07-07-at-7.31.44-PM.jpeg","articleSection":["Desarrollo Social","Jipijapa","Manab\u00ed Vial","Noticias","Obra P\u00fablica","Todas","Vialidad"],"inLanguage":"es"},{"@type":"WebPage","@id":"https:\/\/www.manabi.gob.ec\/index.php\/en-jipijapa-se-construira-la-via-con-doble-riego-de-mayor-longitud-de-esta-administracion\/","url":"https:\/\/www.manabi.gob.ec\/index.php\/en-jipijapa-se-construira-la-via-con-doble-riego-de-mayor-longitud-de-esta-administracion\/","name":"En Jipijapa se construir\u00e1 la v\u00eda con doble riego de mayor longitud de esta administraci\u00f3n - Prefectura de Manab\u00ed","isPartOf":{"@id":"https:\/\/www.manabi.gob.ec\/#website"},"primaryImageOfPage":{"@id":"https:\/\/www.manabi.gob.ec\/index.php\/en-jipijapa-se-construira-la-via-con-doble-riego-de-mayor-longitud-de-esta-administracion\/#primaryimage"},"image":{"@id":"https:\/\/www.manabi.gob.ec\/index.php\/en-jipijapa-se-construira-la-via-con-doble-riego-de-mayor-longitud-de-esta-administracion\/#primaryimage"},"thumbnailUrl":"https:\/\/www.manabi.gob.ec\/wp-content\/uploads\/2022\/07\/WhatsApp-Image-2022-07-07-at-7.31.44-PM.jpeg","datePublished":"2022-07-08T17:09:53+00:00","dateModified":"2022-07-08T17:09:57+00:00","author":{"@id":"https:\/\/www.manabi.gob.ec\/#\/schema\/person\/c4f117989332ad723a6ced5994aa7d7a"},"breadcrumb":{"@id":"https:\/\/www.manabi.gob.ec\/index.php\/en-jipijapa-se-construira-la-via-con-doble-riego-de-mayor-longitud-de-esta-administracion\/#breadcrumb"},"inLanguage":"es","potentialAction":[{"@type":"ReadAction","target":["https:\/\/www.manabi.gob.ec\/index.php\/en-jipijapa-se-construira-la-via-con-doble-riego-de-mayor-longitud-de-esta-administracion\/"]}]},{"@type":"ImageObject","inLanguage":"es","@id":"https:\/\/www.manabi.gob.ec\/index.php\/en-jipijapa-se-construira-la-via-con-doble-riego-de-mayor-longitud-de-esta-administracion\/#primaryimage","url":"https:\/\/www.manabi.gob.ec\/wp-content\/uploads\/2022\/07\/WhatsApp-Image-2022-07-07-at-7.31.44-PM.jpeg","contentUrl":"https:\/\/www.manabi.gob.ec\/wp-content\/uploads\/2022\/07\/WhatsApp-Image-2022-07-07-at-7.31.44-PM.jpeg","width":1280,"height":960},{"@type":"BreadcrumbList","@id":"https:\/\/www.manabi.gob.ec\/index.php\/en-jipijapa-se-construira-la-via-con-doble-riego-de-mayor-longitud-de-esta-administracion\/#breadcrumb","itemListElement":[{"@type":"ListItem","position":1,"name":"Portada","item":"https:\/\/www.manabi.gob.ec\/"},{"@type":"ListItem","position":2,"name":"En Jipijapa se construir\u00e1 la v\u00eda con doble riego de mayor longitud de esta administraci\u00f3n"}]},{"@type":"WebSite","@id":"https:\/\/www.manabi.gob.ec\/#website","url":"https:\/\/www.manabi.gob.ec\/","name":"Prefectura de Manab\u00ed","description":"P\u00e1gina web de la prefectura","potentialAction":[{"@type":"SearchAction","target":{"@type":"EntryPoint","urlTemplate":"https:\/\/www.manabi.gob.ec\/?s={search_term_string}"},"query-input":{"@type":"PropertyValueSpecification","valueRequired":true,"valueName":"search_term_string"}}],"inLanguage":"es"},{"@type":"Person","@id":"https:\/\/www.manabi.gob.ec\/#\/schema\/person\/c4f117989332ad723a6ced5994aa7d7a","name":"Lui Ochoa","image":{"@type":"ImageObject","inLanguage":"es","@id":"https:\/\/secure.gravatar.com\/avatar\/6e8017d0fe69dead8a95864d2eb6e1e1d8bf8e01194ba49cf7b897ff038126ba?s=96&d=mm&r=g","url":"https:\/\/secure.gravatar.com\/avatar\/6e8017d0fe69dead8a95864d2eb6e1e1d8bf8e01194ba49cf7b897ff038126ba?s=96&d=mm&r=g","contentUrl":"https:\/\/secure.gravatar.com\/avatar\/6e8017d0fe69dead8a95864d2eb6e1e1d8bf8e01194ba49cf7b897ff038126ba?s=96&d=mm&r=g","caption":"Lui Ochoa"},"url":"https:\/\/www.manabi.gob.ec\/index.php\/author\/lochoa\/"}]}},"jetpack_featured_media_url":"https:\/\/www.manabi.gob.ec\/wp-content\/uploads\/2022\/07\/WhatsApp-Image-2022-07-07-at-7.31.44-PM.jpeg","_links":{"self":[{"href":"https:\/\/www.manabi.gob.ec\/index.php\/wp-json\/wp\/v2\/posts\/21358","targetHints":{"allow":["GET"]}}],"collection":[{"href":"https:\/\/www.manabi.gob.ec\/index.php\/wp-json\/wp\/v2\/posts"}],"about":[{"href":"https:\/\/www.manabi.gob.ec\/index.php\/wp-json\/wp\/v2\/types\/post"}],"author":[{"embeddable":true,"href":"https:\/\/www.manabi.gob.ec\/index.php\/wp-json\/wp\/v2\/users\/10"}],"replies":[{"embeddable":true,"href":"https:\/\/www.manabi.gob.ec\/index.php\/wp-json\/wp\/v2\/comments?post=21358"}],"version-history":[{"count":0,"href":"https:\/\/www.manabi.gob.ec\/index.php\/wp-json\/wp\/v2\/posts\/21358\/revisions"}],"wp:featuredmedia":[{"embeddable":true,"href":"https:\/\/www.manabi.gob.ec\/index.php\/wp-json\/wp\/v2\/media\/21359"}],"wp:attachment":[{"href":"https:\/\/www.manabi.gob.ec\/index.php\/wp-json\/wp\/v2\/media?parent=21358"}],"wp:term":[{"taxonomy":"category","embeddable":true,"href":"https:\/\/www.manabi.gob.ec\/index.php\/wp-json\/wp\/v2\/categories?post=21358"},{"taxonomy":"post_tag","embeddable":true,"href":"https:\/\/www.manabi.gob.ec\/index.php\/wp-json\/wp\/v2\/tags?post=21358"}],"curies":[{"name":"wp","href":"https:\/\/api.w.org\/{rel}","templated":true}]}}