{"id":21364,"date":"2022-07-08T17:23:36","date_gmt":"2022-07-08T17:23:36","guid":{"rendered":"https:\/\/www.manabi.gob.ec\/?p=21364"},"modified":"2022-07-08T17:23:40","modified_gmt":"2022-07-08T17:23:40","slug":"en-las-maravillas-de-jipijapa-podran-cultivar-en-invierno-y-verano","status":"publish","type":"post","link":"https:\/\/www.manabi.gob.ec\/index.php\/en-las-maravillas-de-jipijapa-podran-cultivar-en-invierno-y-verano\/","title":{"rendered":"En Las Maravillas de Jipijapa podr\u00e1n cultivar en invierno y verano"},"content":{"rendered":"\n<p>El prefecto, Leonardo Orlando, socializ\u00f3 con agricultores y dirigentes de la comunidad Las Maravillas de la parroquia La Uni\u00f3n de Jipijapa, los avances del sistema de riego para la agricultura familiar campesina, que ejecuta la Prefectura de Manab\u00ed con una inversi\u00f3n de $147.306,33.<\/p>\n\n\n\n<p>La obra se encuentra en la parte final de su ejecuci\u00f3n con un avance de 96 por ciento. En los actuales momentos se est\u00e1n realizando las pruebas hidr\u00e1ulicas, automatizaci\u00f3n de las bombas, y \u201ces probable que la pr\u00f3xima semana est\u00e9 listo el proyecto\u201d, inform\u00f3 el contratista, Iv\u00e1n Rivera.<\/p>\n\n\n\n<p>El Prefecto dispuso complementar esta intervenci\u00f3n con capacitaci\u00f3n a los beneficiarios y el mejoramiento del acceso hacia esta comunidad, para integrarla con la v\u00eda Monas \u2013 Mainas.<\/p>\n\n\n\n<p>\u201cEstos proyectos de agricultura familiar campesina tienen un enfoque social y solidario. Lo que el neoliberalismo y la extrema derecha no ve; esto es lo que nosotros damos como respuesta: un modelo de inclusi\u00f3n, de justicia, de dignidad para los m\u00e1s pobres. Aqu\u00ed estamos poniendo los recursos\u201d, manifest\u00f3 Leonardo Orlando.<\/p>\n\n\n\n<p>El sistema beneficiar\u00e1 a 36 familias, a trav\u00e9s de 25 tomas parcelarias que irrigar\u00e1n, al menos, 69 hect\u00e1reas. Est\u00e1 compuesto de una estructura de captaci\u00f3n de agua, estaci\u00f3n de bombeo, l\u00ednea de impulsi\u00f3n (350 metros lineales) desde el c\u00e1rcamo de bombeo hacia el reservorio (100 m3 de almacenamiento), l\u00edneas el\u00e9ctricas, l\u00edneas de distribuci\u00f3n (2.100 metros lineales), y tomas parcelarias.<\/p>\n\n\n\n<p>Flor Mar\u00eda Guti\u00e9rrez, presidenta del GAD parroquial La Uni\u00f3n, destac\u00f3 que este sistema de riego es de fundamental importancia para este sector productivo de la ruralidad de Jipijapa, ya que permitir\u00e1 sembrar y cultivar una variedad de productos en invierno y verano, \u201cpara poder solventar las necesidades de nuestras familias\u201d, expres\u00f3.<\/p>\n","protected":false},"excerpt":{"rendered":"<p>El prefecto, Leonardo Orlando, socializ\u00f3 con agricultores y dirigentes de la comunidad Las Maravillas de la parroquia La Uni\u00f3n de Jipijapa, los avances del sistema de riego para la agricultura familiar campesina, que ejecuta la Prefectura de Manab\u00ed con una inversi\u00f3n de $147.306,33. La obra se encuentra en la parte final de su ejecuci\u00f3n con [&hellip;]<\/p>\n","protected":false},"author":10,"featured_media":21365,"comment_status":"closed","ping_status":"closed","sticky":false,"template":"","format":"standard","meta":{"_joinchat":[],"footnotes":""},"categories":[150,142,123,92,91],"tags":[],"class_list":["post-21364","post","type-post","status-publish","format-standard","has-post-thumbnail","hentry","category-ambiente","category-desarrollo-social","category-jipijapa","category-noticias-manabi","category-todas"],"yoast_head":"<!-- This site is optimized with the Yoast SEO plugin v27.4 - https:\/\/yoast.com\/product\/yoast-seo-wordpress\/ -->\n<title>En Las Maravillas de Jipijapa podr\u00e1n cultivar en invierno y verano - Prefectura de Manab\u00ed<\/title>\n<meta name=\"description\" content=\"El prefecto, Leonardo Orlando, socializ\u00f3 con agricultores y dirigentes de la comunidad Las Maravillas de la parroquia La Uni\u00f3n de Jipijapa, los avances del sistema de riego para la agricultura familiar campesina, que ejecuta la Prefectura de Manab\u00ed con una inversi\u00f3n de $147.306,33.La obra se encuentra en la parte final de su ejecuci\u00f3n con un avance de 96 por ciento. En los actuales momentos se est\u00e1n realizando las pruebas hidr\u00e1ulicas, automatizaci\u00f3n de las bombas, y \u201ces probable que la pr\u00f3xima semana est\u00e9 listo el proyecto\u201d, inform\u00f3 el contratista, Iv\u00e1n Rivera.El Prefecto dispuso complementar esta intervenci\u00f3n con capacitaci\u00f3n a los beneficiarios y el mejoramiento del acceso hacia esta comunidad, para integrarla con la v\u00eda Monas \u2013 Mainas.\u201cEstos proyectos de agricultura familiar campesina tienen un enfoque social y solidario. Lo que el neoliberalismo y la extrema derecha no ve; esto es lo que nosotros damos como respuesta: un modelo de inclusi\u00f3n, de justicia, de dignidad para los m\u00e1s pobres. Aqu\u00ed estamos poniendo los recursos\u201d, manifest\u00f3 Leonardo Orlando.El sistema beneficiar\u00e1 a 36 familias, a trav\u00e9s de 25 tomas parcelarias que irrigar\u00e1n, al menos, 69 hect\u00e1reas. Est\u00e1 compuesto de una estructura de captaci\u00f3n de agua, estaci\u00f3n de bombeo, l\u00ednea de impulsi\u00f3n (350 metros lineales) desde el c\u00e1rcamo de bombeo hacia el reservorio (100 m3 de almacenamiento), l\u00edneas el\u00e9ctricas, l\u00edneas de distribuci\u00f3n (2.100 metros lineales), y tomas parcelarias.Flor Mar\u00eda Guti\u00e9rrez, presidenta del GAD parroquial La Uni\u00f3n, destac\u00f3 que este sistema de riego es de fundamental importancia para este sector productivo de la ruralidad de Jipijapa, ya que permitir\u00e1 sembrar y cultivar una variedad de productos en invierno y verano, \u201cpara poder solventar las necesidades de nuestras familias\u201d, expres\u00f3.\" \/>\n<meta name=\"robots\" content=\"index, follow, max-snippet:-1, max-image-preview:large, max-video-preview:-1\" \/>\n<link rel=\"canonical\" href=\"https:\/\/www.manabi.gob.ec\/index.php\/en-las-maravillas-de-jipijapa-podran-cultivar-en-invierno-y-verano\/\" \/>\n<meta property=\"og:locale\" content=\"es_ES\" \/>\n<meta property=\"og:type\" content=\"article\" \/>\n<meta property=\"og:title\" content=\"En Las Maravillas de Jipijapa podr\u00e1n cultivar en invierno y verano - Prefectura de Manab\u00ed\" \/>\n<meta property=\"og:description\" content=\"El prefecto, Leonardo Orlando, socializ\u00f3 con agricultores y dirigentes de la comunidad Las Maravillas de la parroquia La Uni\u00f3n de Jipijapa, los avances del sistema de riego para la agricultura familiar campesina, que ejecuta la Prefectura de Manab\u00ed con una inversi\u00f3n de $147.306,33.La obra se encuentra en la parte final de su ejecuci\u00f3n con un avance de 96 por ciento. En los actuales momentos se est\u00e1n realizando las pruebas hidr\u00e1ulicas, automatizaci\u00f3n de las bombas, y \u201ces probable que la pr\u00f3xima semana est\u00e9 listo el proyecto\u201d, inform\u00f3 el contratista, Iv\u00e1n Rivera.El Prefecto dispuso complementar esta intervenci\u00f3n con capacitaci\u00f3n a los beneficiarios y el mejoramiento del acceso hacia esta comunidad, para integrarla con la v\u00eda Monas \u2013 Mainas.\u201cEstos proyectos de agricultura familiar campesina tienen un enfoque social y solidario. Lo que el neoliberalismo y la extrema derecha no ve; esto es lo que nosotros damos como respuesta: un modelo de inclusi\u00f3n, de justicia, de dignidad para los m\u00e1s pobres. Aqu\u00ed estamos poniendo los recursos\u201d, manifest\u00f3 Leonardo Orlando.El sistema beneficiar\u00e1 a 36 familias, a trav\u00e9s de 25 tomas parcelarias que irrigar\u00e1n, al menos, 69 hect\u00e1reas. Est\u00e1 compuesto de una estructura de captaci\u00f3n de agua, estaci\u00f3n de bombeo, l\u00ednea de impulsi\u00f3n (350 metros lineales) desde el c\u00e1rcamo de bombeo hacia el reservorio (100 m3 de almacenamiento), l\u00edneas el\u00e9ctricas, l\u00edneas de distribuci\u00f3n (2.100 metros lineales), y tomas parcelarias.Flor Mar\u00eda Guti\u00e9rrez, presidenta del GAD parroquial La Uni\u00f3n, destac\u00f3 que este sistema de riego es de fundamental importancia para este sector productivo de la ruralidad de Jipijapa, ya que permitir\u00e1 sembrar y cultivar una variedad de productos en invierno y verano, \u201cpara poder solventar las necesidades de nuestras familias\u201d, expres\u00f3.\" \/>\n<meta property=\"og:url\" content=\"https:\/\/www.manabi.gob.ec\/index.php\/en-las-maravillas-de-jipijapa-podran-cultivar-en-invierno-y-verano\/\" \/>\n<meta property=\"og:site_name\" content=\"Prefectura de Manab\u00ed\" \/>\n<meta property=\"article:published_time\" content=\"2022-07-08T17:23:36+00:00\" \/>\n<meta property=\"article:modified_time\" content=\"2022-07-08T17:23:40+00:00\" \/>\n<meta property=\"og:image\" content=\"https:\/\/www.manabi.gob.ec\/wp-content\/uploads\/2022\/07\/WhatsApp-Image-2022-07-08-at-12.00.31-PM-1.jpg\" \/>\n\t<meta property=\"og:image:width\" content=\"1101\" \/>\n\t<meta property=\"og:image:height\" content=\"789\" \/>\n\t<meta property=\"og:image:type\" content=\"image\/jpeg\" \/>\n<meta name=\"author\" content=\"Lui Ochoa\" \/>\n<meta name=\"twitter:card\" content=\"summary_large_image\" \/>\n<meta name=\"twitter:label1\" content=\"Escrito por\" \/>\n\t<meta name=\"twitter:data1\" content=\"Lui Ochoa\" \/>\n\t<meta name=\"twitter:label2\" content=\"Tiempo de lectura\" \/>\n\t<meta name=\"twitter:data2\" content=\"2 minutos\" \/>\n<script type=\"application\/ld+json\" class=\"yoast-schema-graph\">{\"@context\":\"https:\\\/\\\/schema.org\",\"@graph\":[{\"@type\":\"Article\",\"@id\":\"https:\\\/\\\/www.manabi.gob.ec\\\/index.php\\\/en-las-maravillas-de-jipijapa-podran-cultivar-en-invierno-y-verano\\\/#article\",\"isPartOf\":{\"@id\":\"https:\\\/\\\/www.manabi.gob.ec\\\/index.php\\\/en-las-maravillas-de-jipijapa-podran-cultivar-en-invierno-y-verano\\\/\"},\"author\":{\"name\":\"Lui Ochoa\",\"@id\":\"https:\\\/\\\/www.manabi.gob.ec\\\/#\\\/schema\\\/person\\\/c4f117989332ad723a6ced5994aa7d7a\"},\"headline\":\"En Las Maravillas de Jipijapa podr\u00e1n cultivar en invierno y verano\",\"datePublished\":\"2022-07-08T17:23:36+00:00\",\"dateModified\":\"2022-07-08T17:23:40+00:00\",\"mainEntityOfPage\":{\"@id\":\"https:\\\/\\\/www.manabi.gob.ec\\\/index.php\\\/en-las-maravillas-de-jipijapa-podran-cultivar-en-invierno-y-verano\\\/\"},\"wordCount\":309,\"image\":{\"@id\":\"https:\\\/\\\/www.manabi.gob.ec\\\/index.php\\\/en-las-maravillas-de-jipijapa-podran-cultivar-en-invierno-y-verano\\\/#primaryimage\"},\"thumbnailUrl\":\"https:\\\/\\\/www.manabi.gob.ec\\\/wp-content\\\/uploads\\\/2022\\\/07\\\/WhatsApp-Image-2022-07-08-at-12.00.31-PM-1.jpg\",\"articleSection\":[\"Ambiente\",\"Desarrollo Social\",\"Jipijapa\",\"Noticias\",\"Todas\"],\"inLanguage\":\"es\"},{\"@type\":\"WebPage\",\"@id\":\"https:\\\/\\\/www.manabi.gob.ec\\\/index.php\\\/en-las-maravillas-de-jipijapa-podran-cultivar-en-invierno-y-verano\\\/\",\"url\":\"https:\\\/\\\/www.manabi.gob.ec\\\/index.php\\\/en-las-maravillas-de-jipijapa-podran-cultivar-en-invierno-y-verano\\\/\",\"name\":\"En Las Maravillas de Jipijapa podr\u00e1n cultivar en invierno y verano - Prefectura de Manab\u00ed\",\"isPartOf\":{\"@id\":\"https:\\\/\\\/www.manabi.gob.ec\\\/#website\"},\"primaryImageOfPage\":{\"@id\":\"https:\\\/\\\/www.manabi.gob.ec\\\/index.php\\\/en-las-maravillas-de-jipijapa-podran-cultivar-en-invierno-y-verano\\\/#primaryimage\"},\"image\":{\"@id\":\"https:\\\/\\\/www.manabi.gob.ec\\\/index.php\\\/en-las-maravillas-de-jipijapa-podran-cultivar-en-invierno-y-verano\\\/#primaryimage\"},\"thumbnailUrl\":\"https:\\\/\\\/www.manabi.gob.ec\\\/wp-content\\\/uploads\\\/2022\\\/07\\\/WhatsApp-Image-2022-07-08-at-12.00.31-PM-1.jpg\",\"datePublished\":\"2022-07-08T17:23:36+00:00\",\"dateModified\":\"2022-07-08T17:23:40+00:00\",\"author\":{\"@id\":\"https:\\\/\\\/www.manabi.gob.ec\\\/#\\\/schema\\\/person\\\/c4f117989332ad723a6ced5994aa7d7a\"},\"description\":\"El prefecto, Leonardo Orlando, socializ\u00f3 con agricultores y dirigentes de la comunidad Las Maravillas de la parroquia La Uni\u00f3n de Jipijapa, los avances del sistema de riego para la agricultura familiar campesina, que ejecuta la Prefectura de Manab\u00ed con una inversi\u00f3n de $147.306,33.La obra se encuentra en la parte final de su ejecuci\u00f3n con un avance de 96 por ciento. En los actuales momentos se est\u00e1n realizando las pruebas hidr\u00e1ulicas, automatizaci\u00f3n de las bombas, y \u201ces probable que la pr\u00f3xima semana est\u00e9 listo el proyecto\u201d, inform\u00f3 el contratista, Iv\u00e1n Rivera.El Prefecto dispuso complementar esta intervenci\u00f3n con capacitaci\u00f3n a los beneficiarios y el mejoramiento del acceso hacia esta comunidad, para integrarla con la v\u00eda Monas \u2013 Mainas.\u201cEstos proyectos de agricultura familiar campesina tienen un enfoque social y solidario. Lo que el neoliberalismo y la extrema derecha no ve; esto es lo que nosotros damos como respuesta: un modelo de inclusi\u00f3n, de justicia, de dignidad para los m\u00e1s pobres. Aqu\u00ed estamos poniendo los recursos\u201d, manifest\u00f3 Leonardo Orlando.El sistema beneficiar\u00e1 a 36 familias, a trav\u00e9s de 25 tomas parcelarias que irrigar\u00e1n, al menos, 69 hect\u00e1reas. Est\u00e1 compuesto de una estructura de captaci\u00f3n de agua, estaci\u00f3n de bombeo, l\u00ednea de impulsi\u00f3n (350 metros lineales) desde el c\u00e1rcamo de bombeo hacia el reservorio (100 m3 de almacenamiento), l\u00edneas el\u00e9ctricas, l\u00edneas de distribuci\u00f3n (2.100 metros lineales), y tomas parcelarias.Flor Mar\u00eda Guti\u00e9rrez, presidenta del GAD parroquial La Uni\u00f3n, destac\u00f3 que este sistema de riego es de fundamental importancia para este sector productivo de la ruralidad de Jipijapa, ya que permitir\u00e1 sembrar y cultivar una variedad de productos en invierno y verano, \u201cpara poder solventar las necesidades de nuestras familias\u201d, expres\u00f3.\",\"breadcrumb\":{\"@id\":\"https:\\\/\\\/www.manabi.gob.ec\\\/index.php\\\/en-las-maravillas-de-jipijapa-podran-cultivar-en-invierno-y-verano\\\/#breadcrumb\"},\"inLanguage\":\"es\",\"potentialAction\":[{\"@type\":\"ReadAction\",\"target\":[\"https:\\\/\\\/www.manabi.gob.ec\\\/index.php\\\/en-las-maravillas-de-jipijapa-podran-cultivar-en-invierno-y-verano\\\/\"]}]},{\"@type\":\"ImageObject\",\"inLanguage\":\"es\",\"@id\":\"https:\\\/\\\/www.manabi.gob.ec\\\/index.php\\\/en-las-maravillas-de-jipijapa-podran-cultivar-en-invierno-y-verano\\\/#primaryimage\",\"url\":\"https:\\\/\\\/www.manabi.gob.ec\\\/wp-content\\\/uploads\\\/2022\\\/07\\\/WhatsApp-Image-2022-07-08-at-12.00.31-PM-1.jpg\",\"contentUrl\":\"https:\\\/\\\/www.manabi.gob.ec\\\/wp-content\\\/uploads\\\/2022\\\/07\\\/WhatsApp-Image-2022-07-08-at-12.00.31-PM-1.jpg\",\"width\":1101,\"height\":789},{\"@type\":\"BreadcrumbList\",\"@id\":\"https:\\\/\\\/www.manabi.gob.ec\\\/index.php\\\/en-las-maravillas-de-jipijapa-podran-cultivar-en-invierno-y-verano\\\/#breadcrumb\",\"itemListElement\":[{\"@type\":\"ListItem\",\"position\":1,\"name\":\"Portada\",\"item\":\"https:\\\/\\\/www.manabi.gob.ec\\\/\"},{\"@type\":\"ListItem\",\"position\":2,\"name\":\"En Las Maravillas de Jipijapa podr\u00e1n cultivar en invierno y verano\"}]},{\"@type\":\"WebSite\",\"@id\":\"https:\\\/\\\/www.manabi.gob.ec\\\/#website\",\"url\":\"https:\\\/\\\/www.manabi.gob.ec\\\/\",\"name\":\"Prefectura de Manab\u00ed\",\"description\":\"P\u00e1gina web de la prefectura\",\"potentialAction\":[{\"@type\":\"SearchAction\",\"target\":{\"@type\":\"EntryPoint\",\"urlTemplate\":\"https:\\\/\\\/www.manabi.gob.ec\\\/?s={search_term_string}\"},\"query-input\":{\"@type\":\"PropertyValueSpecification\",\"valueRequired\":true,\"valueName\":\"search_term_string\"}}],\"inLanguage\":\"es\"},{\"@type\":\"Person\",\"@id\":\"https:\\\/\\\/www.manabi.gob.ec\\\/#\\\/schema\\\/person\\\/c4f117989332ad723a6ced5994aa7d7a\",\"name\":\"Lui Ochoa\",\"image\":{\"@type\":\"ImageObject\",\"inLanguage\":\"es\",\"@id\":\"https:\\\/\\\/secure.gravatar.com\\\/avatar\\\/6e8017d0fe69dead8a95864d2eb6e1e1d8bf8e01194ba49cf7b897ff038126ba?s=96&d=mm&r=g\",\"url\":\"https:\\\/\\\/secure.gravatar.com\\\/avatar\\\/6e8017d0fe69dead8a95864d2eb6e1e1d8bf8e01194ba49cf7b897ff038126ba?s=96&d=mm&r=g\",\"contentUrl\":\"https:\\\/\\\/secure.gravatar.com\\\/avatar\\\/6e8017d0fe69dead8a95864d2eb6e1e1d8bf8e01194ba49cf7b897ff038126ba?s=96&d=mm&r=g\",\"caption\":\"Lui Ochoa\"},\"url\":\"https:\\\/\\\/www.manabi.gob.ec\\\/index.php\\\/author\\\/lochoa\\\/\"}]}<\/script>\n<!-- \/ Yoast SEO plugin. -->","yoast_head_json":{"title":"En Las Maravillas de Jipijapa podr\u00e1n cultivar en invierno y verano - Prefectura de Manab\u00ed","description":"El prefecto, Leonardo Orlando, socializ\u00f3 con agricultores y dirigentes de la comunidad Las Maravillas de la parroquia La Uni\u00f3n de Jipijapa, los avances del sistema de riego para la agricultura familiar campesina, que ejecuta la Prefectura de Manab\u00ed con una inversi\u00f3n de $147.306,33.La obra se encuentra en la parte final de su ejecuci\u00f3n con un avance de 96 por ciento. En los actuales momentos se est\u00e1n realizando las pruebas hidr\u00e1ulicas, automatizaci\u00f3n de las bombas, y \u201ces probable que la pr\u00f3xima semana est\u00e9 listo el proyecto\u201d, inform\u00f3 el contratista, Iv\u00e1n Rivera.El Prefecto dispuso complementar esta intervenci\u00f3n con capacitaci\u00f3n a los beneficiarios y el mejoramiento del acceso hacia esta comunidad, para integrarla con la v\u00eda Monas \u2013 Mainas.\u201cEstos proyectos de agricultura familiar campesina tienen un enfoque social y solidario. Lo que el neoliberalismo y la extrema derecha no ve; esto es lo que nosotros damos como respuesta: un modelo de inclusi\u00f3n, de justicia, de dignidad para los m\u00e1s pobres. Aqu\u00ed estamos poniendo los recursos\u201d, manifest\u00f3 Leonardo Orlando.El sistema beneficiar\u00e1 a 36 familias, a trav\u00e9s de 25 tomas parcelarias que irrigar\u00e1n, al menos, 69 hect\u00e1reas. Est\u00e1 compuesto de una estructura de captaci\u00f3n de agua, estaci\u00f3n de bombeo, l\u00ednea de impulsi\u00f3n (350 metros lineales) desde el c\u00e1rcamo de bombeo hacia el reservorio (100 m3 de almacenamiento), l\u00edneas el\u00e9ctricas, l\u00edneas de distribuci\u00f3n (2.100 metros lineales), y tomas parcelarias.Flor Mar\u00eda Guti\u00e9rrez, presidenta del GAD parroquial La Uni\u00f3n, destac\u00f3 que este sistema de riego es de fundamental importancia para este sector productivo de la ruralidad de Jipijapa, ya que permitir\u00e1 sembrar y cultivar una variedad de productos en invierno y verano, \u201cpara poder solventar las necesidades de nuestras familias\u201d, expres\u00f3.","robots":{"index":"index","follow":"follow","max-snippet":"max-snippet:-1","max-image-preview":"max-image-preview:large","max-video-preview":"max-video-preview:-1"},"canonical":"https:\/\/www.manabi.gob.ec\/index.php\/en-las-maravillas-de-jipijapa-podran-cultivar-en-invierno-y-verano\/","og_locale":"es_ES","og_type":"article","og_title":"En Las Maravillas de Jipijapa podr\u00e1n cultivar en invierno y verano - Prefectura de Manab\u00ed","og_description":"El prefecto, Leonardo Orlando, socializ\u00f3 con agricultores y dirigentes de la comunidad Las Maravillas de la parroquia La Uni\u00f3n de Jipijapa, los avances del sistema de riego para la agricultura familiar campesina, que ejecuta la Prefectura de Manab\u00ed con una inversi\u00f3n de $147.306,33.La obra se encuentra en la parte final de su ejecuci\u00f3n con un avance de 96 por ciento. En los actuales momentos se est\u00e1n realizando las pruebas hidr\u00e1ulicas, automatizaci\u00f3n de las bombas, y \u201ces probable que la pr\u00f3xima semana est\u00e9 listo el proyecto\u201d, inform\u00f3 el contratista, Iv\u00e1n Rivera.El Prefecto dispuso complementar esta intervenci\u00f3n con capacitaci\u00f3n a los beneficiarios y el mejoramiento del acceso hacia esta comunidad, para integrarla con la v\u00eda Monas \u2013 Mainas.\u201cEstos proyectos de agricultura familiar campesina tienen un enfoque social y solidario. Lo que el neoliberalismo y la extrema derecha no ve; esto es lo que nosotros damos como respuesta: un modelo de inclusi\u00f3n, de justicia, de dignidad para los m\u00e1s pobres. Aqu\u00ed estamos poniendo los recursos\u201d, manifest\u00f3 Leonardo Orlando.El sistema beneficiar\u00e1 a 36 familias, a trav\u00e9s de 25 tomas parcelarias que irrigar\u00e1n, al menos, 69 hect\u00e1reas. Est\u00e1 compuesto de una estructura de captaci\u00f3n de agua, estaci\u00f3n de bombeo, l\u00ednea de impulsi\u00f3n (350 metros lineales) desde el c\u00e1rcamo de bombeo hacia el reservorio (100 m3 de almacenamiento), l\u00edneas el\u00e9ctricas, l\u00edneas de distribuci\u00f3n (2.100 metros lineales), y tomas parcelarias.Flor Mar\u00eda Guti\u00e9rrez, presidenta del GAD parroquial La Uni\u00f3n, destac\u00f3 que este sistema de riego es de fundamental importancia para este sector productivo de la ruralidad de Jipijapa, ya que permitir\u00e1 sembrar y cultivar una variedad de productos en invierno y verano, \u201cpara poder solventar las necesidades de nuestras familias\u201d, expres\u00f3.","og_url":"https:\/\/www.manabi.gob.ec\/index.php\/en-las-maravillas-de-jipijapa-podran-cultivar-en-invierno-y-verano\/","og_site_name":"Prefectura de Manab\u00ed","article_published_time":"2022-07-08T17:23:36+00:00","article_modified_time":"2022-07-08T17:23:40+00:00","og_image":[{"width":1101,"height":789,"url":"https:\/\/www.manabi.gob.ec\/wp-content\/uploads\/2022\/07\/WhatsApp-Image-2022-07-08-at-12.00.31-PM-1.jpg","type":"image\/jpeg"}],"author":"Lui Ochoa","twitter_card":"summary_large_image","twitter_misc":{"Escrito por":"Lui Ochoa","Tiempo de lectura":"2 minutos"},"schema":{"@context":"https:\/\/schema.org","@graph":[{"@type":"Article","@id":"https:\/\/www.manabi.gob.ec\/index.php\/en-las-maravillas-de-jipijapa-podran-cultivar-en-invierno-y-verano\/#article","isPartOf":{"@id":"https:\/\/www.manabi.gob.ec\/index.php\/en-las-maravillas-de-jipijapa-podran-cultivar-en-invierno-y-verano\/"},"author":{"name":"Lui Ochoa","@id":"https:\/\/www.manabi.gob.ec\/#\/schema\/person\/c4f117989332ad723a6ced5994aa7d7a"},"headline":"En Las Maravillas de Jipijapa podr\u00e1n cultivar en invierno y verano","datePublished":"2022-07-08T17:23:36+00:00","dateModified":"2022-07-08T17:23:40+00:00","mainEntityOfPage":{"@id":"https:\/\/www.manabi.gob.ec\/index.php\/en-las-maravillas-de-jipijapa-podran-cultivar-en-invierno-y-verano\/"},"wordCount":309,"image":{"@id":"https:\/\/www.manabi.gob.ec\/index.php\/en-las-maravillas-de-jipijapa-podran-cultivar-en-invierno-y-verano\/#primaryimage"},"thumbnailUrl":"https:\/\/www.manabi.gob.ec\/wp-content\/uploads\/2022\/07\/WhatsApp-Image-2022-07-08-at-12.00.31-PM-1.jpg","articleSection":["Ambiente","Desarrollo Social","Jipijapa","Noticias","Todas"],"inLanguage":"es"},{"@type":"WebPage","@id":"https:\/\/www.manabi.gob.ec\/index.php\/en-las-maravillas-de-jipijapa-podran-cultivar-en-invierno-y-verano\/","url":"https:\/\/www.manabi.gob.ec\/index.php\/en-las-maravillas-de-jipijapa-podran-cultivar-en-invierno-y-verano\/","name":"En Las Maravillas de Jipijapa podr\u00e1n cultivar en invierno y verano - Prefectura de Manab\u00ed","isPartOf":{"@id":"https:\/\/www.manabi.gob.ec\/#website"},"primaryImageOfPage":{"@id":"https:\/\/www.manabi.gob.ec\/index.php\/en-las-maravillas-de-jipijapa-podran-cultivar-en-invierno-y-verano\/#primaryimage"},"image":{"@id":"https:\/\/www.manabi.gob.ec\/index.php\/en-las-maravillas-de-jipijapa-podran-cultivar-en-invierno-y-verano\/#primaryimage"},"thumbnailUrl":"https:\/\/www.manabi.gob.ec\/wp-content\/uploads\/2022\/07\/WhatsApp-Image-2022-07-08-at-12.00.31-PM-1.jpg","datePublished":"2022-07-08T17:23:36+00:00","dateModified":"2022-07-08T17:23:40+00:00","author":{"@id":"https:\/\/www.manabi.gob.ec\/#\/schema\/person\/c4f117989332ad723a6ced5994aa7d7a"},"description":"El prefecto, Leonardo Orlando, socializ\u00f3 con agricultores y dirigentes de la comunidad Las Maravillas de la parroquia La Uni\u00f3n de Jipijapa, los avances del sistema de riego para la agricultura familiar campesina, que ejecuta la Prefectura de Manab\u00ed con una inversi\u00f3n de $147.306,33.La obra se encuentra en la parte final de su ejecuci\u00f3n con un avance de 96 por ciento. En los actuales momentos se est\u00e1n realizando las pruebas hidr\u00e1ulicas, automatizaci\u00f3n de las bombas, y \u201ces probable que la pr\u00f3xima semana est\u00e9 listo el proyecto\u201d, inform\u00f3 el contratista, Iv\u00e1n Rivera.El Prefecto dispuso complementar esta intervenci\u00f3n con capacitaci\u00f3n a los beneficiarios y el mejoramiento del acceso hacia esta comunidad, para integrarla con la v\u00eda Monas \u2013 Mainas.\u201cEstos proyectos de agricultura familiar campesina tienen un enfoque social y solidario. Lo que el neoliberalismo y la extrema derecha no ve; esto es lo que nosotros damos como respuesta: un modelo de inclusi\u00f3n, de justicia, de dignidad para los m\u00e1s pobres. Aqu\u00ed estamos poniendo los recursos\u201d, manifest\u00f3 Leonardo Orlando.El sistema beneficiar\u00e1 a 36 familias, a trav\u00e9s de 25 tomas parcelarias que irrigar\u00e1n, al menos, 69 hect\u00e1reas. Est\u00e1 compuesto de una estructura de captaci\u00f3n de agua, estaci\u00f3n de bombeo, l\u00ednea de impulsi\u00f3n (350 metros lineales) desde el c\u00e1rcamo de bombeo hacia el reservorio (100 m3 de almacenamiento), l\u00edneas el\u00e9ctricas, l\u00edneas de distribuci\u00f3n (2.100 metros lineales), y tomas parcelarias.Flor Mar\u00eda Guti\u00e9rrez, presidenta del GAD parroquial La Uni\u00f3n, destac\u00f3 que este sistema de riego es de fundamental importancia para este sector productivo de la ruralidad de Jipijapa, ya que permitir\u00e1 sembrar y cultivar una variedad de productos en invierno y verano, \u201cpara poder solventar las necesidades de nuestras familias\u201d, expres\u00f3.","breadcrumb":{"@id":"https:\/\/www.manabi.gob.ec\/index.php\/en-las-maravillas-de-jipijapa-podran-cultivar-en-invierno-y-verano\/#breadcrumb"},"inLanguage":"es","potentialAction":[{"@type":"ReadAction","target":["https:\/\/www.manabi.gob.ec\/index.php\/en-las-maravillas-de-jipijapa-podran-cultivar-en-invierno-y-verano\/"]}]},{"@type":"ImageObject","inLanguage":"es","@id":"https:\/\/www.manabi.gob.ec\/index.php\/en-las-maravillas-de-jipijapa-podran-cultivar-en-invierno-y-verano\/#primaryimage","url":"https:\/\/www.manabi.gob.ec\/wp-content\/uploads\/2022\/07\/WhatsApp-Image-2022-07-08-at-12.00.31-PM-1.jpg","contentUrl":"https:\/\/www.manabi.gob.ec\/wp-content\/uploads\/2022\/07\/WhatsApp-Image-2022-07-08-at-12.00.31-PM-1.jpg","width":1101,"height":789},{"@type":"BreadcrumbList","@id":"https:\/\/www.manabi.gob.ec\/index.php\/en-las-maravillas-de-jipijapa-podran-cultivar-en-invierno-y-verano\/#breadcrumb","itemListElement":[{"@type":"ListItem","position":1,"name":"Portada","item":"https:\/\/www.manabi.gob.ec\/"},{"@type":"ListItem","position":2,"name":"En Las Maravillas de Jipijapa podr\u00e1n cultivar en invierno y verano"}]},{"@type":"WebSite","@id":"https:\/\/www.manabi.gob.ec\/#website","url":"https:\/\/www.manabi.gob.ec\/","name":"Prefectura de Manab\u00ed","description":"P\u00e1gina web de la prefectura","potentialAction":[{"@type":"SearchAction","target":{"@type":"EntryPoint","urlTemplate":"https:\/\/www.manabi.gob.ec\/?s={search_term_string}"},"query-input":{"@type":"PropertyValueSpecification","valueRequired":true,"valueName":"search_term_string"}}],"inLanguage":"es"},{"@type":"Person","@id":"https:\/\/www.manabi.gob.ec\/#\/schema\/person\/c4f117989332ad723a6ced5994aa7d7a","name":"Lui Ochoa","image":{"@type":"ImageObject","inLanguage":"es","@id":"https:\/\/secure.gravatar.com\/avatar\/6e8017d0fe69dead8a95864d2eb6e1e1d8bf8e01194ba49cf7b897ff038126ba?s=96&d=mm&r=g","url":"https:\/\/secure.gravatar.com\/avatar\/6e8017d0fe69dead8a95864d2eb6e1e1d8bf8e01194ba49cf7b897ff038126ba?s=96&d=mm&r=g","contentUrl":"https:\/\/secure.gravatar.com\/avatar\/6e8017d0fe69dead8a95864d2eb6e1e1d8bf8e01194ba49cf7b897ff038126ba?s=96&d=mm&r=g","caption":"Lui Ochoa"},"url":"https:\/\/www.manabi.gob.ec\/index.php\/author\/lochoa\/"}]}},"jetpack_featured_media_url":"https:\/\/www.manabi.gob.ec\/wp-content\/uploads\/2022\/07\/WhatsApp-Image-2022-07-08-at-12.00.31-PM-1.jpg","_links":{"self":[{"href":"https:\/\/www.manabi.gob.ec\/index.php\/wp-json\/wp\/v2\/posts\/21364","targetHints":{"allow":["GET"]}}],"collection":[{"href":"https:\/\/www.manabi.gob.ec\/index.php\/wp-json\/wp\/v2\/posts"}],"about":[{"href":"https:\/\/www.manabi.gob.ec\/index.php\/wp-json\/wp\/v2\/types\/post"}],"author":[{"embeddable":true,"href":"https:\/\/www.manabi.gob.ec\/index.php\/wp-json\/wp\/v2\/users\/10"}],"replies":[{"embeddable":true,"href":"https:\/\/www.manabi.gob.ec\/index.php\/wp-json\/wp\/v2\/comments?post=21364"}],"version-history":[{"count":0,"href":"https:\/\/www.manabi.gob.ec\/index.php\/wp-json\/wp\/v2\/posts\/21364\/revisions"}],"wp:featuredmedia":[{"embeddable":true,"href":"https:\/\/www.manabi.gob.ec\/index.php\/wp-json\/wp\/v2\/media\/21365"}],"wp:attachment":[{"href":"https:\/\/www.manabi.gob.ec\/index.php\/wp-json\/wp\/v2\/media?parent=21364"}],"wp:term":[{"taxonomy":"category","embeddable":true,"href":"https:\/\/www.manabi.gob.ec\/index.php\/wp-json\/wp\/v2\/categories?post=21364"},{"taxonomy":"post_tag","embeddable":true,"href":"https:\/\/www.manabi.gob.ec\/index.php\/wp-json\/wp\/v2\/tags?post=21364"}],"curies":[{"name":"wp","href":"https:\/\/api.w.org\/{rel}","templated":true}]}}