{"id":21405,"date":"2022-07-13T21:51:43","date_gmt":"2022-07-13T21:51:43","guid":{"rendered":"https:\/\/www.manabi.gob.ec\/?p=21405"},"modified":"2022-07-13T21:51:46","modified_gmt":"2022-07-13T21:51:46","slug":"manabi-sera-parte-del-proyecto-futuro-circular-que-promueve-un-modelo-de-produccion-y-consumo-sostenible-para-ecuador","status":"publish","type":"post","link":"https:\/\/www.manabi.gob.ec\/index.php\/manabi-sera-parte-del-proyecto-futuro-circular-que-promueve-un-modelo-de-produccion-y-consumo-sostenible-para-ecuador\/","title":{"rendered":"Manab\u00ed ser\u00e1 parte del proyecto Futuro Circular que promueve un modelo de producci\u00f3n y consumo sostenible para Ecuador"},"content":{"rendered":"\n<p>Manab\u00ed ser\u00e1 parte del proyecto Futuro Circular que promueve un modelo de producci\u00f3n y consumo sostenible para Ecuador<\/p>\n\n\n\n<p>La directora de Ambiente y Riesgo de la Prefectura de Manab\u00ed, Ana L\u00eda Rivadeneira, firm\u00f3, en representaci\u00f3n del prefecto, Leonardo Orlando, la carta compromiso para la implementaci\u00f3n del proyecto \u201cFuturo Circular: hacia un modelo de producci\u00f3n y consumo sostenible para Ecuador\u201d.<\/p>\n\n\n\n<p>La iniciativa es impulsada por el Consorcio de Gobiernos Aut\u00f3nomos Provinciales del Ecuador \u2013 CONGOPE, y la Fundaci\u00f3n italiana de Cooperaci\u00f3n Rural en \u00c1frica y Am\u00e9rica Latina \u2013 ACRA.<\/p>\n\n\n\n<p>El objetivo es promover procesos de desarrollo local, orientado a la transici\u00f3n hacia una econom\u00eda circular, mediante la aplicaci\u00f3n de un marco normativo fortalecido, y la ejecuci\u00f3n de iniciativas de producci\u00f3n y consumo responsable accesible a las MiPymes.<\/p>\n\n\n\n<p>Las otras prefecturas que participan de este proyecto piloto son las de Tungurahua, El Oro, Napo, Azuay y el r\u00e9gimen especial de Gal\u00e1pagos.<\/p>\n","protected":false},"excerpt":{"rendered":"<p>Manab\u00ed ser\u00e1 parte del proyecto Futuro Circular que promueve un modelo de producci\u00f3n y consumo sostenible para Ecuador La directora de Ambiente y Riesgo de la Prefectura de Manab\u00ed, Ana L\u00eda Rivadeneira, firm\u00f3, en representaci\u00f3n del prefecto, Leonardo Orlando, la carta compromiso para la implementaci\u00f3n del proyecto \u201cFuturo Circular: hacia un modelo de producci\u00f3n y [&hellip;]<\/p>\n","protected":false},"author":10,"featured_media":21406,"comment_status":"closed","ping_status":"closed","sticky":false,"template":"","format":"standard","meta":{"_joinchat":[],"footnotes":""},"categories":[150,92,91],"tags":[],"class_list":["post-21405","post","type-post","status-publish","format-standard","has-post-thumbnail","hentry","category-ambiente","category-noticias-manabi","category-todas"],"yoast_head":"<!-- This site is optimized with the Yoast SEO plugin v27.4 - https:\/\/yoast.com\/product\/yoast-seo-wordpress\/ -->\n<title>Manab\u00ed ser\u00e1 parte del proyecto Futuro Circular que promueve un modelo de producci\u00f3n y consumo sostenible para Ecuador - Prefectura de Manab\u00ed<\/title>\n<meta name=\"robots\" content=\"index, follow, max-snippet:-1, max-image-preview:large, max-video-preview:-1\" \/>\n<link rel=\"canonical\" href=\"https:\/\/www.manabi.gob.ec\/index.php\/manabi-sera-parte-del-proyecto-futuro-circular-que-promueve-un-modelo-de-produccion-y-consumo-sostenible-para-ecuador\/\" \/>\n<meta property=\"og:locale\" content=\"es_ES\" \/>\n<meta property=\"og:type\" content=\"article\" \/>\n<meta property=\"og:title\" content=\"Manab\u00ed ser\u00e1 parte del proyecto Futuro Circular que promueve un modelo de producci\u00f3n y consumo sostenible para Ecuador - Prefectura de Manab\u00ed\" \/>\n<meta property=\"og:description\" content=\"Manab\u00ed ser\u00e1 parte del proyecto Futuro Circular que promueve un modelo de producci\u00f3n y consumo sostenible para Ecuador La directora de Ambiente y Riesgo de la Prefectura de Manab\u00ed, Ana L\u00eda Rivadeneira, firm\u00f3, en representaci\u00f3n del prefecto, Leonardo Orlando, la carta compromiso para la implementaci\u00f3n del proyecto \u201cFuturo Circular: hacia un modelo de producci\u00f3n y [&hellip;]\" \/>\n<meta property=\"og:url\" content=\"https:\/\/www.manabi.gob.ec\/index.php\/manabi-sera-parte-del-proyecto-futuro-circular-que-promueve-un-modelo-de-produccion-y-consumo-sostenible-para-ecuador\/\" \/>\n<meta property=\"og:site_name\" content=\"Prefectura de Manab\u00ed\" \/>\n<meta property=\"article:published_time\" content=\"2022-07-13T21:51:43+00:00\" \/>\n<meta property=\"article:modified_time\" content=\"2022-07-13T21:51:46+00:00\" \/>\n<meta property=\"og:image\" content=\"https:\/\/www.manabi.gob.ec\/wp-content\/uploads\/2022\/07\/WhatsApp-Image-2022-07-12-at-9.50.48-AM-1.jpeg\" \/>\n\t<meta property=\"og:image:width\" content=\"1024\" \/>\n\t<meta property=\"og:image:height\" content=\"682\" \/>\n\t<meta property=\"og:image:type\" content=\"image\/jpeg\" \/>\n<meta name=\"author\" content=\"Lui Ochoa\" \/>\n<meta name=\"twitter:card\" content=\"summary_large_image\" \/>\n<meta name=\"twitter:label1\" content=\"Escrito por\" \/>\n\t<meta name=\"twitter:data1\" content=\"Lui Ochoa\" \/>\n\t<meta name=\"twitter:label2\" content=\"Tiempo de lectura\" \/>\n\t<meta name=\"twitter:data2\" content=\"1 minuto\" \/>\n<script type=\"application\/ld+json\" class=\"yoast-schema-graph\">{\"@context\":\"https:\\\/\\\/schema.org\",\"@graph\":[{\"@type\":\"Article\",\"@id\":\"https:\\\/\\\/www.manabi.gob.ec\\\/index.php\\\/manabi-sera-parte-del-proyecto-futuro-circular-que-promueve-un-modelo-de-produccion-y-consumo-sostenible-para-ecuador\\\/#article\",\"isPartOf\":{\"@id\":\"https:\\\/\\\/www.manabi.gob.ec\\\/index.php\\\/manabi-sera-parte-del-proyecto-futuro-circular-que-promueve-un-modelo-de-produccion-y-consumo-sostenible-para-ecuador\\\/\"},\"author\":{\"name\":\"Lui Ochoa\",\"@id\":\"https:\\\/\\\/www.manabi.gob.ec\\\/#\\\/schema\\\/person\\\/c4f117989332ad723a6ced5994aa7d7a\"},\"headline\":\"Manab\u00ed ser\u00e1 parte del proyecto Futuro Circular que promueve un modelo de producci\u00f3n y consumo sostenible para Ecuador\",\"datePublished\":\"2022-07-13T21:51:43+00:00\",\"dateModified\":\"2022-07-13T21:51:46+00:00\",\"mainEntityOfPage\":{\"@id\":\"https:\\\/\\\/www.manabi.gob.ec\\\/index.php\\\/manabi-sera-parte-del-proyecto-futuro-circular-que-promueve-un-modelo-de-produccion-y-consumo-sostenible-para-ecuador\\\/\"},\"wordCount\":182,\"image\":{\"@id\":\"https:\\\/\\\/www.manabi.gob.ec\\\/index.php\\\/manabi-sera-parte-del-proyecto-futuro-circular-que-promueve-un-modelo-de-produccion-y-consumo-sostenible-para-ecuador\\\/#primaryimage\"},\"thumbnailUrl\":\"https:\\\/\\\/www.manabi.gob.ec\\\/wp-content\\\/uploads\\\/2022\\\/07\\\/WhatsApp-Image-2022-07-12-at-9.50.48-AM-1.jpeg\",\"articleSection\":[\"Ambiente\",\"Noticias\",\"Todas\"],\"inLanguage\":\"es\"},{\"@type\":\"WebPage\",\"@id\":\"https:\\\/\\\/www.manabi.gob.ec\\\/index.php\\\/manabi-sera-parte-del-proyecto-futuro-circular-que-promueve-un-modelo-de-produccion-y-consumo-sostenible-para-ecuador\\\/\",\"url\":\"https:\\\/\\\/www.manabi.gob.ec\\\/index.php\\\/manabi-sera-parte-del-proyecto-futuro-circular-que-promueve-un-modelo-de-produccion-y-consumo-sostenible-para-ecuador\\\/\",\"name\":\"Manab\u00ed ser\u00e1 parte del proyecto Futuro Circular que promueve un modelo de producci\u00f3n y consumo sostenible para Ecuador - Prefectura de Manab\u00ed\",\"isPartOf\":{\"@id\":\"https:\\\/\\\/www.manabi.gob.ec\\\/#website\"},\"primaryImageOfPage\":{\"@id\":\"https:\\\/\\\/www.manabi.gob.ec\\\/index.php\\\/manabi-sera-parte-del-proyecto-futuro-circular-que-promueve-un-modelo-de-produccion-y-consumo-sostenible-para-ecuador\\\/#primaryimage\"},\"image\":{\"@id\":\"https:\\\/\\\/www.manabi.gob.ec\\\/index.php\\\/manabi-sera-parte-del-proyecto-futuro-circular-que-promueve-un-modelo-de-produccion-y-consumo-sostenible-para-ecuador\\\/#primaryimage\"},\"thumbnailUrl\":\"https:\\\/\\\/www.manabi.gob.ec\\\/wp-content\\\/uploads\\\/2022\\\/07\\\/WhatsApp-Image-2022-07-12-at-9.50.48-AM-1.jpeg\",\"datePublished\":\"2022-07-13T21:51:43+00:00\",\"dateModified\":\"2022-07-13T21:51:46+00:00\",\"author\":{\"@id\":\"https:\\\/\\\/www.manabi.gob.ec\\\/#\\\/schema\\\/person\\\/c4f117989332ad723a6ced5994aa7d7a\"},\"breadcrumb\":{\"@id\":\"https:\\\/\\\/www.manabi.gob.ec\\\/index.php\\\/manabi-sera-parte-del-proyecto-futuro-circular-que-promueve-un-modelo-de-produccion-y-consumo-sostenible-para-ecuador\\\/#breadcrumb\"},\"inLanguage\":\"es\",\"potentialAction\":[{\"@type\":\"ReadAction\",\"target\":[\"https:\\\/\\\/www.manabi.gob.ec\\\/index.php\\\/manabi-sera-parte-del-proyecto-futuro-circular-que-promueve-un-modelo-de-produccion-y-consumo-sostenible-para-ecuador\\\/\"]}]},{\"@type\":\"ImageObject\",\"inLanguage\":\"es\",\"@id\":\"https:\\\/\\\/www.manabi.gob.ec\\\/index.php\\\/manabi-sera-parte-del-proyecto-futuro-circular-que-promueve-un-modelo-de-produccion-y-consumo-sostenible-para-ecuador\\\/#primaryimage\",\"url\":\"https:\\\/\\\/www.manabi.gob.ec\\\/wp-content\\\/uploads\\\/2022\\\/07\\\/WhatsApp-Image-2022-07-12-at-9.50.48-AM-1.jpeg\",\"contentUrl\":\"https:\\\/\\\/www.manabi.gob.ec\\\/wp-content\\\/uploads\\\/2022\\\/07\\\/WhatsApp-Image-2022-07-12-at-9.50.48-AM-1.jpeg\",\"width\":1024,\"height\":682},{\"@type\":\"BreadcrumbList\",\"@id\":\"https:\\\/\\\/www.manabi.gob.ec\\\/index.php\\\/manabi-sera-parte-del-proyecto-futuro-circular-que-promueve-un-modelo-de-produccion-y-consumo-sostenible-para-ecuador\\\/#breadcrumb\",\"itemListElement\":[{\"@type\":\"ListItem\",\"position\":1,\"name\":\"Portada\",\"item\":\"https:\\\/\\\/www.manabi.gob.ec\\\/\"},{\"@type\":\"ListItem\",\"position\":2,\"name\":\"Manab\u00ed ser\u00e1 parte del proyecto Futuro Circular que promueve un modelo de producci\u00f3n y consumo sostenible para Ecuador\"}]},{\"@type\":\"WebSite\",\"@id\":\"https:\\\/\\\/www.manabi.gob.ec\\\/#website\",\"url\":\"https:\\\/\\\/www.manabi.gob.ec\\\/\",\"name\":\"Prefectura de Manab\u00ed\",\"description\":\"P\u00e1gina web de la prefectura\",\"potentialAction\":[{\"@type\":\"SearchAction\",\"target\":{\"@type\":\"EntryPoint\",\"urlTemplate\":\"https:\\\/\\\/www.manabi.gob.ec\\\/?s={search_term_string}\"},\"query-input\":{\"@type\":\"PropertyValueSpecification\",\"valueRequired\":true,\"valueName\":\"search_term_string\"}}],\"inLanguage\":\"es\"},{\"@type\":\"Person\",\"@id\":\"https:\\\/\\\/www.manabi.gob.ec\\\/#\\\/schema\\\/person\\\/c4f117989332ad723a6ced5994aa7d7a\",\"name\":\"Lui Ochoa\",\"image\":{\"@type\":\"ImageObject\",\"inLanguage\":\"es\",\"@id\":\"https:\\\/\\\/secure.gravatar.com\\\/avatar\\\/6e8017d0fe69dead8a95864d2eb6e1e1d8bf8e01194ba49cf7b897ff038126ba?s=96&d=mm&r=g\",\"url\":\"https:\\\/\\\/secure.gravatar.com\\\/avatar\\\/6e8017d0fe69dead8a95864d2eb6e1e1d8bf8e01194ba49cf7b897ff038126ba?s=96&d=mm&r=g\",\"contentUrl\":\"https:\\\/\\\/secure.gravatar.com\\\/avatar\\\/6e8017d0fe69dead8a95864d2eb6e1e1d8bf8e01194ba49cf7b897ff038126ba?s=96&d=mm&r=g\",\"caption\":\"Lui Ochoa\"},\"url\":\"https:\\\/\\\/www.manabi.gob.ec\\\/index.php\\\/author\\\/lochoa\\\/\"}]}<\/script>\n<!-- \/ Yoast SEO plugin. -->","yoast_head_json":{"title":"Manab\u00ed ser\u00e1 parte del proyecto Futuro Circular que promueve un modelo de producci\u00f3n y consumo sostenible para Ecuador - Prefectura de Manab\u00ed","robots":{"index":"index","follow":"follow","max-snippet":"max-snippet:-1","max-image-preview":"max-image-preview:large","max-video-preview":"max-video-preview:-1"},"canonical":"https:\/\/www.manabi.gob.ec\/index.php\/manabi-sera-parte-del-proyecto-futuro-circular-que-promueve-un-modelo-de-produccion-y-consumo-sostenible-para-ecuador\/","og_locale":"es_ES","og_type":"article","og_title":"Manab\u00ed ser\u00e1 parte del proyecto Futuro Circular que promueve un modelo de producci\u00f3n y consumo sostenible para Ecuador - Prefectura de Manab\u00ed","og_description":"Manab\u00ed ser\u00e1 parte del proyecto Futuro Circular que promueve un modelo de producci\u00f3n y consumo sostenible para Ecuador La directora de Ambiente y Riesgo de la Prefectura de Manab\u00ed, Ana L\u00eda Rivadeneira, firm\u00f3, en representaci\u00f3n del prefecto, Leonardo Orlando, la carta compromiso para la implementaci\u00f3n del proyecto \u201cFuturo Circular: hacia un modelo de producci\u00f3n y [&hellip;]","og_url":"https:\/\/www.manabi.gob.ec\/index.php\/manabi-sera-parte-del-proyecto-futuro-circular-que-promueve-un-modelo-de-produccion-y-consumo-sostenible-para-ecuador\/","og_site_name":"Prefectura de Manab\u00ed","article_published_time":"2022-07-13T21:51:43+00:00","article_modified_time":"2022-07-13T21:51:46+00:00","og_image":[{"width":1024,"height":682,"url":"https:\/\/www.manabi.gob.ec\/wp-content\/uploads\/2022\/07\/WhatsApp-Image-2022-07-12-at-9.50.48-AM-1.jpeg","type":"image\/jpeg"}],"author":"Lui Ochoa","twitter_card":"summary_large_image","twitter_misc":{"Escrito por":"Lui Ochoa","Tiempo de lectura":"1 minuto"},"schema":{"@context":"https:\/\/schema.org","@graph":[{"@type":"Article","@id":"https:\/\/www.manabi.gob.ec\/index.php\/manabi-sera-parte-del-proyecto-futuro-circular-que-promueve-un-modelo-de-produccion-y-consumo-sostenible-para-ecuador\/#article","isPartOf":{"@id":"https:\/\/www.manabi.gob.ec\/index.php\/manabi-sera-parte-del-proyecto-futuro-circular-que-promueve-un-modelo-de-produccion-y-consumo-sostenible-para-ecuador\/"},"author":{"name":"Lui Ochoa","@id":"https:\/\/www.manabi.gob.ec\/#\/schema\/person\/c4f117989332ad723a6ced5994aa7d7a"},"headline":"Manab\u00ed ser\u00e1 parte del proyecto Futuro Circular que promueve un modelo de producci\u00f3n y consumo sostenible para Ecuador","datePublished":"2022-07-13T21:51:43+00:00","dateModified":"2022-07-13T21:51:46+00:00","mainEntityOfPage":{"@id":"https:\/\/www.manabi.gob.ec\/index.php\/manabi-sera-parte-del-proyecto-futuro-circular-que-promueve-un-modelo-de-produccion-y-consumo-sostenible-para-ecuador\/"},"wordCount":182,"image":{"@id":"https:\/\/www.manabi.gob.ec\/index.php\/manabi-sera-parte-del-proyecto-futuro-circular-que-promueve-un-modelo-de-produccion-y-consumo-sostenible-para-ecuador\/#primaryimage"},"thumbnailUrl":"https:\/\/www.manabi.gob.ec\/wp-content\/uploads\/2022\/07\/WhatsApp-Image-2022-07-12-at-9.50.48-AM-1.jpeg","articleSection":["Ambiente","Noticias","Todas"],"inLanguage":"es"},{"@type":"WebPage","@id":"https:\/\/www.manabi.gob.ec\/index.php\/manabi-sera-parte-del-proyecto-futuro-circular-que-promueve-un-modelo-de-produccion-y-consumo-sostenible-para-ecuador\/","url":"https:\/\/www.manabi.gob.ec\/index.php\/manabi-sera-parte-del-proyecto-futuro-circular-que-promueve-un-modelo-de-produccion-y-consumo-sostenible-para-ecuador\/","name":"Manab\u00ed ser\u00e1 parte del proyecto Futuro Circular que promueve un modelo de producci\u00f3n y consumo sostenible para Ecuador - Prefectura de Manab\u00ed","isPartOf":{"@id":"https:\/\/www.manabi.gob.ec\/#website"},"primaryImageOfPage":{"@id":"https:\/\/www.manabi.gob.ec\/index.php\/manabi-sera-parte-del-proyecto-futuro-circular-que-promueve-un-modelo-de-produccion-y-consumo-sostenible-para-ecuador\/#primaryimage"},"image":{"@id":"https:\/\/www.manabi.gob.ec\/index.php\/manabi-sera-parte-del-proyecto-futuro-circular-que-promueve-un-modelo-de-produccion-y-consumo-sostenible-para-ecuador\/#primaryimage"},"thumbnailUrl":"https:\/\/www.manabi.gob.ec\/wp-content\/uploads\/2022\/07\/WhatsApp-Image-2022-07-12-at-9.50.48-AM-1.jpeg","datePublished":"2022-07-13T21:51:43+00:00","dateModified":"2022-07-13T21:51:46+00:00","author":{"@id":"https:\/\/www.manabi.gob.ec\/#\/schema\/person\/c4f117989332ad723a6ced5994aa7d7a"},"breadcrumb":{"@id":"https:\/\/www.manabi.gob.ec\/index.php\/manabi-sera-parte-del-proyecto-futuro-circular-que-promueve-un-modelo-de-produccion-y-consumo-sostenible-para-ecuador\/#breadcrumb"},"inLanguage":"es","potentialAction":[{"@type":"ReadAction","target":["https:\/\/www.manabi.gob.ec\/index.php\/manabi-sera-parte-del-proyecto-futuro-circular-que-promueve-un-modelo-de-produccion-y-consumo-sostenible-para-ecuador\/"]}]},{"@type":"ImageObject","inLanguage":"es","@id":"https:\/\/www.manabi.gob.ec\/index.php\/manabi-sera-parte-del-proyecto-futuro-circular-que-promueve-un-modelo-de-produccion-y-consumo-sostenible-para-ecuador\/#primaryimage","url":"https:\/\/www.manabi.gob.ec\/wp-content\/uploads\/2022\/07\/WhatsApp-Image-2022-07-12-at-9.50.48-AM-1.jpeg","contentUrl":"https:\/\/www.manabi.gob.ec\/wp-content\/uploads\/2022\/07\/WhatsApp-Image-2022-07-12-at-9.50.48-AM-1.jpeg","width":1024,"height":682},{"@type":"BreadcrumbList","@id":"https:\/\/www.manabi.gob.ec\/index.php\/manabi-sera-parte-del-proyecto-futuro-circular-que-promueve-un-modelo-de-produccion-y-consumo-sostenible-para-ecuador\/#breadcrumb","itemListElement":[{"@type":"ListItem","position":1,"name":"Portada","item":"https:\/\/www.manabi.gob.ec\/"},{"@type":"ListItem","position":2,"name":"Manab\u00ed ser\u00e1 parte del proyecto Futuro Circular que promueve un modelo de producci\u00f3n y consumo sostenible para Ecuador"}]},{"@type":"WebSite","@id":"https:\/\/www.manabi.gob.ec\/#website","url":"https:\/\/www.manabi.gob.ec\/","name":"Prefectura de Manab\u00ed","description":"P\u00e1gina web de la prefectura","potentialAction":[{"@type":"SearchAction","target":{"@type":"EntryPoint","urlTemplate":"https:\/\/www.manabi.gob.ec\/?s={search_term_string}"},"query-input":{"@type":"PropertyValueSpecification","valueRequired":true,"valueName":"search_term_string"}}],"inLanguage":"es"},{"@type":"Person","@id":"https:\/\/www.manabi.gob.ec\/#\/schema\/person\/c4f117989332ad723a6ced5994aa7d7a","name":"Lui Ochoa","image":{"@type":"ImageObject","inLanguage":"es","@id":"https:\/\/secure.gravatar.com\/avatar\/6e8017d0fe69dead8a95864d2eb6e1e1d8bf8e01194ba49cf7b897ff038126ba?s=96&d=mm&r=g","url":"https:\/\/secure.gravatar.com\/avatar\/6e8017d0fe69dead8a95864d2eb6e1e1d8bf8e01194ba49cf7b897ff038126ba?s=96&d=mm&r=g","contentUrl":"https:\/\/secure.gravatar.com\/avatar\/6e8017d0fe69dead8a95864d2eb6e1e1d8bf8e01194ba49cf7b897ff038126ba?s=96&d=mm&r=g","caption":"Lui Ochoa"},"url":"https:\/\/www.manabi.gob.ec\/index.php\/author\/lochoa\/"}]}},"jetpack_featured_media_url":"https:\/\/www.manabi.gob.ec\/wp-content\/uploads\/2022\/07\/WhatsApp-Image-2022-07-12-at-9.50.48-AM-1.jpeg","_links":{"self":[{"href":"https:\/\/www.manabi.gob.ec\/index.php\/wp-json\/wp\/v2\/posts\/21405","targetHints":{"allow":["GET"]}}],"collection":[{"href":"https:\/\/www.manabi.gob.ec\/index.php\/wp-json\/wp\/v2\/posts"}],"about":[{"href":"https:\/\/www.manabi.gob.ec\/index.php\/wp-json\/wp\/v2\/types\/post"}],"author":[{"embeddable":true,"href":"https:\/\/www.manabi.gob.ec\/index.php\/wp-json\/wp\/v2\/users\/10"}],"replies":[{"embeddable":true,"href":"https:\/\/www.manabi.gob.ec\/index.php\/wp-json\/wp\/v2\/comments?post=21405"}],"version-history":[{"count":0,"href":"https:\/\/www.manabi.gob.ec\/index.php\/wp-json\/wp\/v2\/posts\/21405\/revisions"}],"wp:featuredmedia":[{"embeddable":true,"href":"https:\/\/www.manabi.gob.ec\/index.php\/wp-json\/wp\/v2\/media\/21406"}],"wp:attachment":[{"href":"https:\/\/www.manabi.gob.ec\/index.php\/wp-json\/wp\/v2\/media?parent=21405"}],"wp:term":[{"taxonomy":"category","embeddable":true,"href":"https:\/\/www.manabi.gob.ec\/index.php\/wp-json\/wp\/v2\/categories?post=21405"},{"taxonomy":"post_tag","embeddable":true,"href":"https:\/\/www.manabi.gob.ec\/index.php\/wp-json\/wp\/v2\/tags?post=21405"}],"curies":[{"name":"wp","href":"https:\/\/api.w.org\/{rel}","templated":true}]}}