{"id":21408,"date":"2022-07-13T21:53:33","date_gmt":"2022-07-13T21:53:33","guid":{"rendered":"https:\/\/www.manabi.gob.ec\/?p=21408"},"modified":"2022-07-13T21:53:37","modified_gmt":"2022-07-13T21:53:37","slug":"en-flavio-alfaro-se-rehabilita-la-via-san-pablo-pozones-que-da-acceso-a-la-educacion","status":"publish","type":"post","link":"https:\/\/www.manabi.gob.ec\/index.php\/en-flavio-alfaro-se-rehabilita-la-via-san-pablo-pozones-que-da-acceso-a-la-educacion\/","title":{"rendered":"En Flavio Alfaro se rehabilita la v\u00eda San Pablo &#8211; Pozones que da acceso a la educaci\u00f3n"},"content":{"rendered":"\n<p><\/p>\n\n\n\n<p>\u00abAl fin alguien nos presta atenci\u00f3n, mil gracias Orlando por la v\u00eda y el puente\u00bb, as\u00ed se expres\u00f3 Dario Zambrano Moreira, dirigente de la comunidad Mata de Pl\u00e1tano de Flavio Alfaro.<\/p>\n\n\n\n<p>Ese mismo criterio de agradecimiento hac\u00eda el prefecto Leonardo Orlando,<br>lo comparten Ram\u00f3n Vargas y Segundo Meza de la comunidad Los Pozones, ellos est\u00e1n contentos por la rehabilitaci\u00f3n de la v\u00eda San Pablo &#8211; Pozones de 4.7 km de longitud.<\/p>\n\n\n\n<p>\u00abHace una semana se iniciaron los trabajos, estamos a buen ritmo. Esta v\u00eda permite tener conexi\u00f3n con Mono &#8211; Tigre de la parroquia Zapallo y ser\u00e1 de gran utilidad para los estudiantes de la escuela Gil Hip\u00f3lito Moreira Marcillo\u00bb, explic\u00f3 Andr\u00e9s Espinel, t\u00e9cnico del Gobierno Provincial.<\/p>\n\n\n\n<p>La v\u00eda quedar\u00e1 a nivel de mejoramiento, con un ancho de 6 metros; en la actualidad se est\u00e1 transportando material y el equipo de afirmado trabaja en el tendido, hidratado y compactado del mismo; precis\u00f3 Albin Zambrano, t\u00e9cnico de la Prefectura.<\/p>\n\n\n\n<p>Asimismo, la Prefectura construy\u00f3 un puente de hormig\u00f3n armado de 14 metros luz sobre el r\u00edo San Pablo, obra que financi\u00f3 con recursos provenientes del Banco de Desarrollo del Ecuador, por el valor de $ 182.801,88.<\/p>\n\n\n\n<p>La Prefectura, liderada por Leonardo Orlando, construye obras de dignidad y esperanza para las comunidades San Pablo, Pozones, Mata de Pl\u00e1tano y La Pavita, del cant\u00f3n Flavio Alfaro.<\/p>\n","protected":false},"excerpt":{"rendered":"<p>\u00abAl fin alguien nos presta atenci\u00f3n, mil gracias Orlando por la v\u00eda y el puente\u00bb, as\u00ed se expres\u00f3 Dario Zambrano Moreira, dirigente de la comunidad Mata de Pl\u00e1tano de Flavio Alfaro. Ese mismo criterio de agradecimiento hac\u00eda el prefecto Leonardo Orlando,lo comparten Ram\u00f3n Vargas y Segundo Meza de la comunidad Los Pozones, ellos est\u00e1n contentos [&hellip;]<\/p>\n","protected":false},"author":10,"featured_media":21409,"comment_status":"closed","ping_status":"closed","sticky":false,"template":"","format":"standard","meta":{"_joinchat":[],"footnotes":""},"categories":[142,151,92,181,91],"tags":[],"class_list":["post-21408","post","type-post","status-publish","format-standard","has-post-thumbnail","hentry","category-desarrollo-social","category-flavio-alfaro","category-noticias-manabi","category-obra-publica","category-todas"],"yoast_head":"<!-- This site is optimized with the Yoast SEO plugin v27.4 - https:\/\/yoast.com\/product\/yoast-seo-wordpress\/ -->\n<title>En Flavio Alfaro se rehabilita la v\u00eda San Pablo - Pozones que da acceso a la educaci\u00f3n - Prefectura de Manab\u00ed<\/title>\n<meta name=\"robots\" content=\"index, follow, max-snippet:-1, max-image-preview:large, max-video-preview:-1\" \/>\n<link rel=\"canonical\" href=\"https:\/\/www.manabi.gob.ec\/index.php\/en-flavio-alfaro-se-rehabilita-la-via-san-pablo-pozones-que-da-acceso-a-la-educacion\/\" \/>\n<meta property=\"og:locale\" content=\"es_ES\" \/>\n<meta property=\"og:type\" content=\"article\" \/>\n<meta property=\"og:title\" content=\"En Flavio Alfaro se rehabilita la v\u00eda San Pablo - Pozones que da acceso a la educaci\u00f3n - Prefectura de Manab\u00ed\" \/>\n<meta property=\"og:description\" content=\"\u00abAl fin alguien nos presta atenci\u00f3n, mil gracias Orlando por la v\u00eda y el puente\u00bb, as\u00ed se expres\u00f3 Dario Zambrano Moreira, dirigente de la comunidad Mata de Pl\u00e1tano de Flavio Alfaro. Ese mismo criterio de agradecimiento hac\u00eda el prefecto Leonardo Orlando,lo comparten Ram\u00f3n Vargas y Segundo Meza de la comunidad Los Pozones, ellos est\u00e1n contentos [&hellip;]\" \/>\n<meta property=\"og:url\" content=\"https:\/\/www.manabi.gob.ec\/index.php\/en-flavio-alfaro-se-rehabilita-la-via-san-pablo-pozones-que-da-acceso-a-la-educacion\/\" \/>\n<meta property=\"og:site_name\" content=\"Prefectura de Manab\u00ed\" \/>\n<meta property=\"article:published_time\" content=\"2022-07-13T21:53:33+00:00\" \/>\n<meta property=\"article:modified_time\" content=\"2022-07-13T21:53:37+00:00\" \/>\n<meta property=\"og:image\" content=\"https:\/\/www.manabi.gob.ec\/wp-content\/uploads\/2022\/07\/WhatsApp-Image-2022-07-12-at-11.14.41-AM-1.jpeg\" \/>\n\t<meta property=\"og:image:width\" content=\"1600\" \/>\n\t<meta property=\"og:image:height\" content=\"721\" \/>\n\t<meta property=\"og:image:type\" content=\"image\/jpeg\" \/>\n<meta name=\"author\" content=\"Lui Ochoa\" \/>\n<meta name=\"twitter:card\" content=\"summary_large_image\" \/>\n<meta name=\"twitter:label1\" content=\"Escrito por\" \/>\n\t<meta name=\"twitter:data1\" content=\"Lui Ochoa\" \/>\n\t<meta name=\"twitter:label2\" content=\"Tiempo de lectura\" \/>\n\t<meta name=\"twitter:data2\" content=\"2 minutos\" \/>\n<script type=\"application\/ld+json\" class=\"yoast-schema-graph\">{\"@context\":\"https:\\\/\\\/schema.org\",\"@graph\":[{\"@type\":\"Article\",\"@id\":\"https:\\\/\\\/www.manabi.gob.ec\\\/index.php\\\/en-flavio-alfaro-se-rehabilita-la-via-san-pablo-pozones-que-da-acceso-a-la-educacion\\\/#article\",\"isPartOf\":{\"@id\":\"https:\\\/\\\/www.manabi.gob.ec\\\/index.php\\\/en-flavio-alfaro-se-rehabilita-la-via-san-pablo-pozones-que-da-acceso-a-la-educacion\\\/\"},\"author\":{\"name\":\"Lui Ochoa\",\"@id\":\"https:\\\/\\\/www.manabi.gob.ec\\\/#\\\/schema\\\/person\\\/c4f117989332ad723a6ced5994aa7d7a\"},\"headline\":\"En Flavio Alfaro se rehabilita la v\u00eda San Pablo &#8211; Pozones que da acceso a la educaci\u00f3n\",\"datePublished\":\"2022-07-13T21:53:33+00:00\",\"dateModified\":\"2022-07-13T21:53:37+00:00\",\"mainEntityOfPage\":{\"@id\":\"https:\\\/\\\/www.manabi.gob.ec\\\/index.php\\\/en-flavio-alfaro-se-rehabilita-la-via-san-pablo-pozones-que-da-acceso-a-la-educacion\\\/\"},\"wordCount\":255,\"image\":{\"@id\":\"https:\\\/\\\/www.manabi.gob.ec\\\/index.php\\\/en-flavio-alfaro-se-rehabilita-la-via-san-pablo-pozones-que-da-acceso-a-la-educacion\\\/#primaryimage\"},\"thumbnailUrl\":\"https:\\\/\\\/www.manabi.gob.ec\\\/wp-content\\\/uploads\\\/2022\\\/07\\\/WhatsApp-Image-2022-07-12-at-11.14.41-AM-1.jpeg\",\"articleSection\":[\"Desarrollo Social\",\"Flavio Alfaro\",\"Noticias\",\"Obra P\u00fablica\",\"Todas\"],\"inLanguage\":\"es\"},{\"@type\":\"WebPage\",\"@id\":\"https:\\\/\\\/www.manabi.gob.ec\\\/index.php\\\/en-flavio-alfaro-se-rehabilita-la-via-san-pablo-pozones-que-da-acceso-a-la-educacion\\\/\",\"url\":\"https:\\\/\\\/www.manabi.gob.ec\\\/index.php\\\/en-flavio-alfaro-se-rehabilita-la-via-san-pablo-pozones-que-da-acceso-a-la-educacion\\\/\",\"name\":\"En Flavio Alfaro se rehabilita la v\u00eda San Pablo - Pozones que da acceso a la educaci\u00f3n - Prefectura de Manab\u00ed\",\"isPartOf\":{\"@id\":\"https:\\\/\\\/www.manabi.gob.ec\\\/#website\"},\"primaryImageOfPage\":{\"@id\":\"https:\\\/\\\/www.manabi.gob.ec\\\/index.php\\\/en-flavio-alfaro-se-rehabilita-la-via-san-pablo-pozones-que-da-acceso-a-la-educacion\\\/#primaryimage\"},\"image\":{\"@id\":\"https:\\\/\\\/www.manabi.gob.ec\\\/index.php\\\/en-flavio-alfaro-se-rehabilita-la-via-san-pablo-pozones-que-da-acceso-a-la-educacion\\\/#primaryimage\"},\"thumbnailUrl\":\"https:\\\/\\\/www.manabi.gob.ec\\\/wp-content\\\/uploads\\\/2022\\\/07\\\/WhatsApp-Image-2022-07-12-at-11.14.41-AM-1.jpeg\",\"datePublished\":\"2022-07-13T21:53:33+00:00\",\"dateModified\":\"2022-07-13T21:53:37+00:00\",\"author\":{\"@id\":\"https:\\\/\\\/www.manabi.gob.ec\\\/#\\\/schema\\\/person\\\/c4f117989332ad723a6ced5994aa7d7a\"},\"breadcrumb\":{\"@id\":\"https:\\\/\\\/www.manabi.gob.ec\\\/index.php\\\/en-flavio-alfaro-se-rehabilita-la-via-san-pablo-pozones-que-da-acceso-a-la-educacion\\\/#breadcrumb\"},\"inLanguage\":\"es\",\"potentialAction\":[{\"@type\":\"ReadAction\",\"target\":[\"https:\\\/\\\/www.manabi.gob.ec\\\/index.php\\\/en-flavio-alfaro-se-rehabilita-la-via-san-pablo-pozones-que-da-acceso-a-la-educacion\\\/\"]}]},{\"@type\":\"ImageObject\",\"inLanguage\":\"es\",\"@id\":\"https:\\\/\\\/www.manabi.gob.ec\\\/index.php\\\/en-flavio-alfaro-se-rehabilita-la-via-san-pablo-pozones-que-da-acceso-a-la-educacion\\\/#primaryimage\",\"url\":\"https:\\\/\\\/www.manabi.gob.ec\\\/wp-content\\\/uploads\\\/2022\\\/07\\\/WhatsApp-Image-2022-07-12-at-11.14.41-AM-1.jpeg\",\"contentUrl\":\"https:\\\/\\\/www.manabi.gob.ec\\\/wp-content\\\/uploads\\\/2022\\\/07\\\/WhatsApp-Image-2022-07-12-at-11.14.41-AM-1.jpeg\",\"width\":1600,\"height\":721},{\"@type\":\"BreadcrumbList\",\"@id\":\"https:\\\/\\\/www.manabi.gob.ec\\\/index.php\\\/en-flavio-alfaro-se-rehabilita-la-via-san-pablo-pozones-que-da-acceso-a-la-educacion\\\/#breadcrumb\",\"itemListElement\":[{\"@type\":\"ListItem\",\"position\":1,\"name\":\"Portada\",\"item\":\"https:\\\/\\\/www.manabi.gob.ec\\\/\"},{\"@type\":\"ListItem\",\"position\":2,\"name\":\"En Flavio Alfaro se rehabilita la v\u00eda San Pablo &#8211; Pozones que da acceso a la educaci\u00f3n\"}]},{\"@type\":\"WebSite\",\"@id\":\"https:\\\/\\\/www.manabi.gob.ec\\\/#website\",\"url\":\"https:\\\/\\\/www.manabi.gob.ec\\\/\",\"name\":\"Prefectura de Manab\u00ed\",\"description\":\"P\u00e1gina web de la prefectura\",\"potentialAction\":[{\"@type\":\"SearchAction\",\"target\":{\"@type\":\"EntryPoint\",\"urlTemplate\":\"https:\\\/\\\/www.manabi.gob.ec\\\/?s={search_term_string}\"},\"query-input\":{\"@type\":\"PropertyValueSpecification\",\"valueRequired\":true,\"valueName\":\"search_term_string\"}}],\"inLanguage\":\"es\"},{\"@type\":\"Person\",\"@id\":\"https:\\\/\\\/www.manabi.gob.ec\\\/#\\\/schema\\\/person\\\/c4f117989332ad723a6ced5994aa7d7a\",\"name\":\"Lui Ochoa\",\"image\":{\"@type\":\"ImageObject\",\"inLanguage\":\"es\",\"@id\":\"https:\\\/\\\/secure.gravatar.com\\\/avatar\\\/6e8017d0fe69dead8a95864d2eb6e1e1d8bf8e01194ba49cf7b897ff038126ba?s=96&d=mm&r=g\",\"url\":\"https:\\\/\\\/secure.gravatar.com\\\/avatar\\\/6e8017d0fe69dead8a95864d2eb6e1e1d8bf8e01194ba49cf7b897ff038126ba?s=96&d=mm&r=g\",\"contentUrl\":\"https:\\\/\\\/secure.gravatar.com\\\/avatar\\\/6e8017d0fe69dead8a95864d2eb6e1e1d8bf8e01194ba49cf7b897ff038126ba?s=96&d=mm&r=g\",\"caption\":\"Lui Ochoa\"},\"url\":\"https:\\\/\\\/www.manabi.gob.ec\\\/index.php\\\/author\\\/lochoa\\\/\"}]}<\/script>\n<!-- \/ Yoast SEO plugin. -->","yoast_head_json":{"title":"En Flavio Alfaro se rehabilita la v\u00eda San Pablo - Pozones que da acceso a la educaci\u00f3n - Prefectura de Manab\u00ed","robots":{"index":"index","follow":"follow","max-snippet":"max-snippet:-1","max-image-preview":"max-image-preview:large","max-video-preview":"max-video-preview:-1"},"canonical":"https:\/\/www.manabi.gob.ec\/index.php\/en-flavio-alfaro-se-rehabilita-la-via-san-pablo-pozones-que-da-acceso-a-la-educacion\/","og_locale":"es_ES","og_type":"article","og_title":"En Flavio Alfaro se rehabilita la v\u00eda San Pablo - Pozones que da acceso a la educaci\u00f3n - Prefectura de Manab\u00ed","og_description":"\u00abAl fin alguien nos presta atenci\u00f3n, mil gracias Orlando por la v\u00eda y el puente\u00bb, as\u00ed se expres\u00f3 Dario Zambrano Moreira, dirigente de la comunidad Mata de Pl\u00e1tano de Flavio Alfaro. Ese mismo criterio de agradecimiento hac\u00eda el prefecto Leonardo Orlando,lo comparten Ram\u00f3n Vargas y Segundo Meza de la comunidad Los Pozones, ellos est\u00e1n contentos [&hellip;]","og_url":"https:\/\/www.manabi.gob.ec\/index.php\/en-flavio-alfaro-se-rehabilita-la-via-san-pablo-pozones-que-da-acceso-a-la-educacion\/","og_site_name":"Prefectura de Manab\u00ed","article_published_time":"2022-07-13T21:53:33+00:00","article_modified_time":"2022-07-13T21:53:37+00:00","og_image":[{"width":1600,"height":721,"url":"https:\/\/www.manabi.gob.ec\/wp-content\/uploads\/2022\/07\/WhatsApp-Image-2022-07-12-at-11.14.41-AM-1.jpeg","type":"image\/jpeg"}],"author":"Lui Ochoa","twitter_card":"summary_large_image","twitter_misc":{"Escrito por":"Lui Ochoa","Tiempo de lectura":"2 minutos"},"schema":{"@context":"https:\/\/schema.org","@graph":[{"@type":"Article","@id":"https:\/\/www.manabi.gob.ec\/index.php\/en-flavio-alfaro-se-rehabilita-la-via-san-pablo-pozones-que-da-acceso-a-la-educacion\/#article","isPartOf":{"@id":"https:\/\/www.manabi.gob.ec\/index.php\/en-flavio-alfaro-se-rehabilita-la-via-san-pablo-pozones-que-da-acceso-a-la-educacion\/"},"author":{"name":"Lui Ochoa","@id":"https:\/\/www.manabi.gob.ec\/#\/schema\/person\/c4f117989332ad723a6ced5994aa7d7a"},"headline":"En Flavio Alfaro se rehabilita la v\u00eda San Pablo &#8211; Pozones que da acceso a la educaci\u00f3n","datePublished":"2022-07-13T21:53:33+00:00","dateModified":"2022-07-13T21:53:37+00:00","mainEntityOfPage":{"@id":"https:\/\/www.manabi.gob.ec\/index.php\/en-flavio-alfaro-se-rehabilita-la-via-san-pablo-pozones-que-da-acceso-a-la-educacion\/"},"wordCount":255,"image":{"@id":"https:\/\/www.manabi.gob.ec\/index.php\/en-flavio-alfaro-se-rehabilita-la-via-san-pablo-pozones-que-da-acceso-a-la-educacion\/#primaryimage"},"thumbnailUrl":"https:\/\/www.manabi.gob.ec\/wp-content\/uploads\/2022\/07\/WhatsApp-Image-2022-07-12-at-11.14.41-AM-1.jpeg","articleSection":["Desarrollo Social","Flavio Alfaro","Noticias","Obra P\u00fablica","Todas"],"inLanguage":"es"},{"@type":"WebPage","@id":"https:\/\/www.manabi.gob.ec\/index.php\/en-flavio-alfaro-se-rehabilita-la-via-san-pablo-pozones-que-da-acceso-a-la-educacion\/","url":"https:\/\/www.manabi.gob.ec\/index.php\/en-flavio-alfaro-se-rehabilita-la-via-san-pablo-pozones-que-da-acceso-a-la-educacion\/","name":"En Flavio Alfaro se rehabilita la v\u00eda San Pablo - Pozones que da acceso a la educaci\u00f3n - Prefectura de Manab\u00ed","isPartOf":{"@id":"https:\/\/www.manabi.gob.ec\/#website"},"primaryImageOfPage":{"@id":"https:\/\/www.manabi.gob.ec\/index.php\/en-flavio-alfaro-se-rehabilita-la-via-san-pablo-pozones-que-da-acceso-a-la-educacion\/#primaryimage"},"image":{"@id":"https:\/\/www.manabi.gob.ec\/index.php\/en-flavio-alfaro-se-rehabilita-la-via-san-pablo-pozones-que-da-acceso-a-la-educacion\/#primaryimage"},"thumbnailUrl":"https:\/\/www.manabi.gob.ec\/wp-content\/uploads\/2022\/07\/WhatsApp-Image-2022-07-12-at-11.14.41-AM-1.jpeg","datePublished":"2022-07-13T21:53:33+00:00","dateModified":"2022-07-13T21:53:37+00:00","author":{"@id":"https:\/\/www.manabi.gob.ec\/#\/schema\/person\/c4f117989332ad723a6ced5994aa7d7a"},"breadcrumb":{"@id":"https:\/\/www.manabi.gob.ec\/index.php\/en-flavio-alfaro-se-rehabilita-la-via-san-pablo-pozones-que-da-acceso-a-la-educacion\/#breadcrumb"},"inLanguage":"es","potentialAction":[{"@type":"ReadAction","target":["https:\/\/www.manabi.gob.ec\/index.php\/en-flavio-alfaro-se-rehabilita-la-via-san-pablo-pozones-que-da-acceso-a-la-educacion\/"]}]},{"@type":"ImageObject","inLanguage":"es","@id":"https:\/\/www.manabi.gob.ec\/index.php\/en-flavio-alfaro-se-rehabilita-la-via-san-pablo-pozones-que-da-acceso-a-la-educacion\/#primaryimage","url":"https:\/\/www.manabi.gob.ec\/wp-content\/uploads\/2022\/07\/WhatsApp-Image-2022-07-12-at-11.14.41-AM-1.jpeg","contentUrl":"https:\/\/www.manabi.gob.ec\/wp-content\/uploads\/2022\/07\/WhatsApp-Image-2022-07-12-at-11.14.41-AM-1.jpeg","width":1600,"height":721},{"@type":"BreadcrumbList","@id":"https:\/\/www.manabi.gob.ec\/index.php\/en-flavio-alfaro-se-rehabilita-la-via-san-pablo-pozones-que-da-acceso-a-la-educacion\/#breadcrumb","itemListElement":[{"@type":"ListItem","position":1,"name":"Portada","item":"https:\/\/www.manabi.gob.ec\/"},{"@type":"ListItem","position":2,"name":"En Flavio Alfaro se rehabilita la v\u00eda San Pablo &#8211; Pozones que da acceso a la educaci\u00f3n"}]},{"@type":"WebSite","@id":"https:\/\/www.manabi.gob.ec\/#website","url":"https:\/\/www.manabi.gob.ec\/","name":"Prefectura de Manab\u00ed","description":"P\u00e1gina web de la prefectura","potentialAction":[{"@type":"SearchAction","target":{"@type":"EntryPoint","urlTemplate":"https:\/\/www.manabi.gob.ec\/?s={search_term_string}"},"query-input":{"@type":"PropertyValueSpecification","valueRequired":true,"valueName":"search_term_string"}}],"inLanguage":"es"},{"@type":"Person","@id":"https:\/\/www.manabi.gob.ec\/#\/schema\/person\/c4f117989332ad723a6ced5994aa7d7a","name":"Lui Ochoa","image":{"@type":"ImageObject","inLanguage":"es","@id":"https:\/\/secure.gravatar.com\/avatar\/6e8017d0fe69dead8a95864d2eb6e1e1d8bf8e01194ba49cf7b897ff038126ba?s=96&d=mm&r=g","url":"https:\/\/secure.gravatar.com\/avatar\/6e8017d0fe69dead8a95864d2eb6e1e1d8bf8e01194ba49cf7b897ff038126ba?s=96&d=mm&r=g","contentUrl":"https:\/\/secure.gravatar.com\/avatar\/6e8017d0fe69dead8a95864d2eb6e1e1d8bf8e01194ba49cf7b897ff038126ba?s=96&d=mm&r=g","caption":"Lui Ochoa"},"url":"https:\/\/www.manabi.gob.ec\/index.php\/author\/lochoa\/"}]}},"jetpack_featured_media_url":"https:\/\/www.manabi.gob.ec\/wp-content\/uploads\/2022\/07\/WhatsApp-Image-2022-07-12-at-11.14.41-AM-1.jpeg","_links":{"self":[{"href":"https:\/\/www.manabi.gob.ec\/index.php\/wp-json\/wp\/v2\/posts\/21408","targetHints":{"allow":["GET"]}}],"collection":[{"href":"https:\/\/www.manabi.gob.ec\/index.php\/wp-json\/wp\/v2\/posts"}],"about":[{"href":"https:\/\/www.manabi.gob.ec\/index.php\/wp-json\/wp\/v2\/types\/post"}],"author":[{"embeddable":true,"href":"https:\/\/www.manabi.gob.ec\/index.php\/wp-json\/wp\/v2\/users\/10"}],"replies":[{"embeddable":true,"href":"https:\/\/www.manabi.gob.ec\/index.php\/wp-json\/wp\/v2\/comments?post=21408"}],"version-history":[{"count":0,"href":"https:\/\/www.manabi.gob.ec\/index.php\/wp-json\/wp\/v2\/posts\/21408\/revisions"}],"wp:featuredmedia":[{"embeddable":true,"href":"https:\/\/www.manabi.gob.ec\/index.php\/wp-json\/wp\/v2\/media\/21409"}],"wp:attachment":[{"href":"https:\/\/www.manabi.gob.ec\/index.php\/wp-json\/wp\/v2\/media?parent=21408"}],"wp:term":[{"taxonomy":"category","embeddable":true,"href":"https:\/\/www.manabi.gob.ec\/index.php\/wp-json\/wp\/v2\/categories?post=21408"},{"taxonomy":"post_tag","embeddable":true,"href":"https:\/\/www.manabi.gob.ec\/index.php\/wp-json\/wp\/v2\/tags?post=21408"}],"curies":[{"name":"wp","href":"https:\/\/api.w.org\/{rel}","templated":true}]}}