{"id":21423,"date":"2022-07-13T22:05:11","date_gmt":"2022-07-13T22:05:11","guid":{"rendered":"https:\/\/www.manabi.gob.ec\/?p=21423"},"modified":"2022-07-13T22:05:17","modified_gmt":"2022-07-13T22:05:17","slug":"emprendedores-manabitas-logran-importantes-resultados-enlas-ruedas-de-negocios-de-la-feria-de-chocolate-en-guayaquil","status":"publish","type":"post","link":"https:\/\/www.manabi.gob.ec\/index.php\/emprendedores-manabitas-logran-importantes-resultados-enlas-ruedas-de-negocios-de-la-feria-de-chocolate-en-guayaquil\/","title":{"rendered":"Emprendedores manabitas logran importantes resultados en<br>las ruedas de negocios de la feria de chocolate en Guayaquil"},"content":{"rendered":"\n<p>El colorido y vistoso stand Hecho en Manab\u00ed y la participaci\u00f3n de los productores y emprendedores cacaoteros manabitas en la feria del cacao y chocolate de la Asociaci\u00f3n Nacional de Exportadores e Industriales de Cacao del Ecuador (Anecacao) en Guayaquil, ha generado gran expectativa en los visitantes que llegan a conocer y a degustar la variedad de chocolates manabitas en las marcas Samor, Seva, Ar\u00fa y Alamor.<\/p>\n\n\n\n<p><br>Uno de los atractivos de la feria Chokao son las ruedas de negocios \u201cAromas del Ecuador\u201d para compradores internacionales y exportadores, con 113 citas confirmadas; y \u201cAromas del Campo\u201d dirigida a productores y exportadores, en las que ha participado Samor, logrando acuerdos importantes para el crecimiento de su negocio.<br>Jonathan Sabando, de la marca Samor asisti\u00f3 a 4 citas con compradores, logrando conectar acuerdos a mediano plazo con posibilidad de venta de cacao a la empresa Universal y la otra opci\u00f3n fue con Latinoamericana de Alimentos de Ecuador, con quienes acordaron la entrega de 2 kilos de cacao para an\u00e1lisis y un recorrido a la planta de la empresa en Dur\u00e1n.<\/p>\n\n\n\n<p><br>Sabando asegura que ha sido toda una experiencia estar en la feria Chokao, se\u00f1ala que han sido muchos los extranjeros que han llevado muestras de su producto y que inclusive se ha pactado un recorrido por las plantas de procesamiento de Samor, Ar\u00fa, Seva y Alamor en Manab\u00ed para el pr\u00f3ximo s\u00e1bado con los representantes de Import &amp; Export Services de IMEGAGLOBAL.<\/p>\n","protected":false},"excerpt":{"rendered":"<p>El colorido y vistoso stand Hecho en Manab\u00ed y la participaci\u00f3n de los productores y emprendedores cacaoteros manabitas en la feria del cacao y chocolate de la Asociaci\u00f3n Nacional de Exportadores e Industriales de Cacao del Ecuador (Anecacao) en Guayaquil, ha generado gran expectativa en los visitantes que llegan a conocer y a degustar la [&hellip;]<\/p>\n","protected":false},"author":10,"featured_media":21424,"comment_status":"closed","ping_status":"closed","sticky":false,"template":"","format":"standard","meta":{"_joinchat":[],"footnotes":""},"categories":[142,92,140,91],"tags":[],"class_list":["post-21423","post","type-post","status-publish","format-standard","has-post-thumbnail","hentry","category-desarrollo-social","category-noticias-manabi","category-produccion","category-todas"],"yoast_head":"<!-- This site is optimized with the Yoast SEO plugin v27.4 - https:\/\/yoast.com\/product\/yoast-seo-wordpress\/ -->\n<title>Emprendedores manabitas logran importantes resultados enlas ruedas de negocios de la feria de chocolate en Guayaquil - Prefectura de Manab\u00ed<\/title>\n<meta name=\"robots\" content=\"index, follow, max-snippet:-1, max-image-preview:large, max-video-preview:-1\" \/>\n<link rel=\"canonical\" href=\"https:\/\/www.manabi.gob.ec\/index.php\/emprendedores-manabitas-logran-importantes-resultados-enlas-ruedas-de-negocios-de-la-feria-de-chocolate-en-guayaquil\/\" \/>\n<meta property=\"og:locale\" content=\"es_ES\" \/>\n<meta property=\"og:type\" content=\"article\" \/>\n<meta property=\"og:title\" content=\"Emprendedores manabitas logran importantes resultados enlas ruedas de negocios de la feria de chocolate en Guayaquil - Prefectura de Manab\u00ed\" \/>\n<meta property=\"og:description\" content=\"El colorido y vistoso stand Hecho en Manab\u00ed y la participaci\u00f3n de los productores y emprendedores cacaoteros manabitas en la feria del cacao y chocolate de la Asociaci\u00f3n Nacional de Exportadores e Industriales de Cacao del Ecuador (Anecacao) en Guayaquil, ha generado gran expectativa en los visitantes que llegan a conocer y a degustar la [&hellip;]\" \/>\n<meta property=\"og:url\" content=\"https:\/\/www.manabi.gob.ec\/index.php\/emprendedores-manabitas-logran-importantes-resultados-enlas-ruedas-de-negocios-de-la-feria-de-chocolate-en-guayaquil\/\" \/>\n<meta property=\"og:site_name\" content=\"Prefectura de Manab\u00ed\" \/>\n<meta property=\"article:published_time\" content=\"2022-07-13T22:05:11+00:00\" \/>\n<meta property=\"article:modified_time\" content=\"2022-07-13T22:05:17+00:00\" \/>\n<meta property=\"og:image\" content=\"https:\/\/www.manabi.gob.ec\/wp-content\/uploads\/2022\/07\/WhatsApp-Image-2022-07-13-at-3.37.48-PM.jpeg\" \/>\n\t<meta property=\"og:image:width\" content=\"768\" \/>\n\t<meta property=\"og:image:height\" content=\"1024\" \/>\n\t<meta property=\"og:image:type\" content=\"image\/jpeg\" \/>\n<meta name=\"author\" content=\"Lui Ochoa\" \/>\n<meta name=\"twitter:card\" content=\"summary_large_image\" \/>\n<meta name=\"twitter:label1\" content=\"Escrito por\" \/>\n\t<meta name=\"twitter:data1\" content=\"Lui Ochoa\" \/>\n\t<meta name=\"twitter:label2\" content=\"Tiempo de lectura\" \/>\n\t<meta name=\"twitter:data2\" content=\"2 minutos\" \/>\n<script type=\"application\/ld+json\" class=\"yoast-schema-graph\">{\"@context\":\"https:\\\/\\\/schema.org\",\"@graph\":[{\"@type\":\"Article\",\"@id\":\"https:\\\/\\\/www.manabi.gob.ec\\\/index.php\\\/emprendedores-manabitas-logran-importantes-resultados-enlas-ruedas-de-negocios-de-la-feria-de-chocolate-en-guayaquil\\\/#article\",\"isPartOf\":{\"@id\":\"https:\\\/\\\/www.manabi.gob.ec\\\/index.php\\\/emprendedores-manabitas-logran-importantes-resultados-enlas-ruedas-de-negocios-de-la-feria-de-chocolate-en-guayaquil\\\/\"},\"author\":{\"name\":\"Lui Ochoa\",\"@id\":\"https:\\\/\\\/www.manabi.gob.ec\\\/#\\\/schema\\\/person\\\/c4f117989332ad723a6ced5994aa7d7a\"},\"headline\":\"Emprendedores manabitas logran importantes resultados en las ruedas de negocios de la feria de chocolate en Guayaquil\",\"datePublished\":\"2022-07-13T22:05:11+00:00\",\"dateModified\":\"2022-07-13T22:05:17+00:00\",\"mainEntityOfPage\":{\"@id\":\"https:\\\/\\\/www.manabi.gob.ec\\\/index.php\\\/emprendedores-manabitas-logran-importantes-resultados-enlas-ruedas-de-negocios-de-la-feria-de-chocolate-en-guayaquil\\\/\"},\"wordCount\":261,\"image\":{\"@id\":\"https:\\\/\\\/www.manabi.gob.ec\\\/index.php\\\/emprendedores-manabitas-logran-importantes-resultados-enlas-ruedas-de-negocios-de-la-feria-de-chocolate-en-guayaquil\\\/#primaryimage\"},\"thumbnailUrl\":\"https:\\\/\\\/www.manabi.gob.ec\\\/wp-content\\\/uploads\\\/2022\\\/07\\\/WhatsApp-Image-2022-07-13-at-3.37.48-PM.jpeg\",\"articleSection\":[\"Desarrollo Social\",\"Noticias\",\"Producci\u00f3n\",\"Todas\"],\"inLanguage\":\"es\"},{\"@type\":\"WebPage\",\"@id\":\"https:\\\/\\\/www.manabi.gob.ec\\\/index.php\\\/emprendedores-manabitas-logran-importantes-resultados-enlas-ruedas-de-negocios-de-la-feria-de-chocolate-en-guayaquil\\\/\",\"url\":\"https:\\\/\\\/www.manabi.gob.ec\\\/index.php\\\/emprendedores-manabitas-logran-importantes-resultados-enlas-ruedas-de-negocios-de-la-feria-de-chocolate-en-guayaquil\\\/\",\"name\":\"Emprendedores manabitas logran importantes resultados en las ruedas de negocios de la feria de chocolate en Guayaquil - Prefectura de Manab\u00ed\",\"isPartOf\":{\"@id\":\"https:\\\/\\\/www.manabi.gob.ec\\\/#website\"},\"primaryImageOfPage\":{\"@id\":\"https:\\\/\\\/www.manabi.gob.ec\\\/index.php\\\/emprendedores-manabitas-logran-importantes-resultados-enlas-ruedas-de-negocios-de-la-feria-de-chocolate-en-guayaquil\\\/#primaryimage\"},\"image\":{\"@id\":\"https:\\\/\\\/www.manabi.gob.ec\\\/index.php\\\/emprendedores-manabitas-logran-importantes-resultados-enlas-ruedas-de-negocios-de-la-feria-de-chocolate-en-guayaquil\\\/#primaryimage\"},\"thumbnailUrl\":\"https:\\\/\\\/www.manabi.gob.ec\\\/wp-content\\\/uploads\\\/2022\\\/07\\\/WhatsApp-Image-2022-07-13-at-3.37.48-PM.jpeg\",\"datePublished\":\"2022-07-13T22:05:11+00:00\",\"dateModified\":\"2022-07-13T22:05:17+00:00\",\"author\":{\"@id\":\"https:\\\/\\\/www.manabi.gob.ec\\\/#\\\/schema\\\/person\\\/c4f117989332ad723a6ced5994aa7d7a\"},\"breadcrumb\":{\"@id\":\"https:\\\/\\\/www.manabi.gob.ec\\\/index.php\\\/emprendedores-manabitas-logran-importantes-resultados-enlas-ruedas-de-negocios-de-la-feria-de-chocolate-en-guayaquil\\\/#breadcrumb\"},\"inLanguage\":\"es\",\"potentialAction\":[{\"@type\":\"ReadAction\",\"target\":[\"https:\\\/\\\/www.manabi.gob.ec\\\/index.php\\\/emprendedores-manabitas-logran-importantes-resultados-enlas-ruedas-de-negocios-de-la-feria-de-chocolate-en-guayaquil\\\/\"]}]},{\"@type\":\"ImageObject\",\"inLanguage\":\"es\",\"@id\":\"https:\\\/\\\/www.manabi.gob.ec\\\/index.php\\\/emprendedores-manabitas-logran-importantes-resultados-enlas-ruedas-de-negocios-de-la-feria-de-chocolate-en-guayaquil\\\/#primaryimage\",\"url\":\"https:\\\/\\\/www.manabi.gob.ec\\\/wp-content\\\/uploads\\\/2022\\\/07\\\/WhatsApp-Image-2022-07-13-at-3.37.48-PM.jpeg\",\"contentUrl\":\"https:\\\/\\\/www.manabi.gob.ec\\\/wp-content\\\/uploads\\\/2022\\\/07\\\/WhatsApp-Image-2022-07-13-at-3.37.48-PM.jpeg\",\"width\":768,\"height\":1024},{\"@type\":\"BreadcrumbList\",\"@id\":\"https:\\\/\\\/www.manabi.gob.ec\\\/index.php\\\/emprendedores-manabitas-logran-importantes-resultados-enlas-ruedas-de-negocios-de-la-feria-de-chocolate-en-guayaquil\\\/#breadcrumb\",\"itemListElement\":[{\"@type\":\"ListItem\",\"position\":1,\"name\":\"Portada\",\"item\":\"https:\\\/\\\/www.manabi.gob.ec\\\/\"},{\"@type\":\"ListItem\",\"position\":2,\"name\":\"Emprendedores manabitas logran importantes resultados enlas ruedas de negocios de la feria de chocolate en Guayaquil\"}]},{\"@type\":\"WebSite\",\"@id\":\"https:\\\/\\\/www.manabi.gob.ec\\\/#website\",\"url\":\"https:\\\/\\\/www.manabi.gob.ec\\\/\",\"name\":\"Prefectura de Manab\u00ed\",\"description\":\"P\u00e1gina web de la prefectura\",\"potentialAction\":[{\"@type\":\"SearchAction\",\"target\":{\"@type\":\"EntryPoint\",\"urlTemplate\":\"https:\\\/\\\/www.manabi.gob.ec\\\/?s={search_term_string}\"},\"query-input\":{\"@type\":\"PropertyValueSpecification\",\"valueRequired\":true,\"valueName\":\"search_term_string\"}}],\"inLanguage\":\"es\"},{\"@type\":\"Person\",\"@id\":\"https:\\\/\\\/www.manabi.gob.ec\\\/#\\\/schema\\\/person\\\/c4f117989332ad723a6ced5994aa7d7a\",\"name\":\"Lui Ochoa\",\"image\":{\"@type\":\"ImageObject\",\"inLanguage\":\"es\",\"@id\":\"https:\\\/\\\/secure.gravatar.com\\\/avatar\\\/6e8017d0fe69dead8a95864d2eb6e1e1d8bf8e01194ba49cf7b897ff038126ba?s=96&d=mm&r=g\",\"url\":\"https:\\\/\\\/secure.gravatar.com\\\/avatar\\\/6e8017d0fe69dead8a95864d2eb6e1e1d8bf8e01194ba49cf7b897ff038126ba?s=96&d=mm&r=g\",\"contentUrl\":\"https:\\\/\\\/secure.gravatar.com\\\/avatar\\\/6e8017d0fe69dead8a95864d2eb6e1e1d8bf8e01194ba49cf7b897ff038126ba?s=96&d=mm&r=g\",\"caption\":\"Lui Ochoa\"},\"url\":\"https:\\\/\\\/www.manabi.gob.ec\\\/index.php\\\/author\\\/lochoa\\\/\"}]}<\/script>\n<!-- \/ Yoast SEO plugin. -->","yoast_head_json":{"title":"Emprendedores manabitas logran importantes resultados enlas ruedas de negocios de la feria de chocolate en Guayaquil - Prefectura de Manab\u00ed","robots":{"index":"index","follow":"follow","max-snippet":"max-snippet:-1","max-image-preview":"max-image-preview:large","max-video-preview":"max-video-preview:-1"},"canonical":"https:\/\/www.manabi.gob.ec\/index.php\/emprendedores-manabitas-logran-importantes-resultados-enlas-ruedas-de-negocios-de-la-feria-de-chocolate-en-guayaquil\/","og_locale":"es_ES","og_type":"article","og_title":"Emprendedores manabitas logran importantes resultados enlas ruedas de negocios de la feria de chocolate en Guayaquil - Prefectura de Manab\u00ed","og_description":"El colorido y vistoso stand Hecho en Manab\u00ed y la participaci\u00f3n de los productores y emprendedores cacaoteros manabitas en la feria del cacao y chocolate de la Asociaci\u00f3n Nacional de Exportadores e Industriales de Cacao del Ecuador (Anecacao) en Guayaquil, ha generado gran expectativa en los visitantes que llegan a conocer y a degustar la [&hellip;]","og_url":"https:\/\/www.manabi.gob.ec\/index.php\/emprendedores-manabitas-logran-importantes-resultados-enlas-ruedas-de-negocios-de-la-feria-de-chocolate-en-guayaquil\/","og_site_name":"Prefectura de Manab\u00ed","article_published_time":"2022-07-13T22:05:11+00:00","article_modified_time":"2022-07-13T22:05:17+00:00","og_image":[{"width":768,"height":1024,"url":"https:\/\/www.manabi.gob.ec\/wp-content\/uploads\/2022\/07\/WhatsApp-Image-2022-07-13-at-3.37.48-PM.jpeg","type":"image\/jpeg"}],"author":"Lui Ochoa","twitter_card":"summary_large_image","twitter_misc":{"Escrito por":"Lui Ochoa","Tiempo de lectura":"2 minutos"},"schema":{"@context":"https:\/\/schema.org","@graph":[{"@type":"Article","@id":"https:\/\/www.manabi.gob.ec\/index.php\/emprendedores-manabitas-logran-importantes-resultados-enlas-ruedas-de-negocios-de-la-feria-de-chocolate-en-guayaquil\/#article","isPartOf":{"@id":"https:\/\/www.manabi.gob.ec\/index.php\/emprendedores-manabitas-logran-importantes-resultados-enlas-ruedas-de-negocios-de-la-feria-de-chocolate-en-guayaquil\/"},"author":{"name":"Lui Ochoa","@id":"https:\/\/www.manabi.gob.ec\/#\/schema\/person\/c4f117989332ad723a6ced5994aa7d7a"},"headline":"Emprendedores manabitas logran importantes resultados en las ruedas de negocios de la feria de chocolate en Guayaquil","datePublished":"2022-07-13T22:05:11+00:00","dateModified":"2022-07-13T22:05:17+00:00","mainEntityOfPage":{"@id":"https:\/\/www.manabi.gob.ec\/index.php\/emprendedores-manabitas-logran-importantes-resultados-enlas-ruedas-de-negocios-de-la-feria-de-chocolate-en-guayaquil\/"},"wordCount":261,"image":{"@id":"https:\/\/www.manabi.gob.ec\/index.php\/emprendedores-manabitas-logran-importantes-resultados-enlas-ruedas-de-negocios-de-la-feria-de-chocolate-en-guayaquil\/#primaryimage"},"thumbnailUrl":"https:\/\/www.manabi.gob.ec\/wp-content\/uploads\/2022\/07\/WhatsApp-Image-2022-07-13-at-3.37.48-PM.jpeg","articleSection":["Desarrollo Social","Noticias","Producci\u00f3n","Todas"],"inLanguage":"es"},{"@type":"WebPage","@id":"https:\/\/www.manabi.gob.ec\/index.php\/emprendedores-manabitas-logran-importantes-resultados-enlas-ruedas-de-negocios-de-la-feria-de-chocolate-en-guayaquil\/","url":"https:\/\/www.manabi.gob.ec\/index.php\/emprendedores-manabitas-logran-importantes-resultados-enlas-ruedas-de-negocios-de-la-feria-de-chocolate-en-guayaquil\/","name":"Emprendedores manabitas logran importantes resultados en las ruedas de negocios de la feria de chocolate en Guayaquil - Prefectura de Manab\u00ed","isPartOf":{"@id":"https:\/\/www.manabi.gob.ec\/#website"},"primaryImageOfPage":{"@id":"https:\/\/www.manabi.gob.ec\/index.php\/emprendedores-manabitas-logran-importantes-resultados-enlas-ruedas-de-negocios-de-la-feria-de-chocolate-en-guayaquil\/#primaryimage"},"image":{"@id":"https:\/\/www.manabi.gob.ec\/index.php\/emprendedores-manabitas-logran-importantes-resultados-enlas-ruedas-de-negocios-de-la-feria-de-chocolate-en-guayaquil\/#primaryimage"},"thumbnailUrl":"https:\/\/www.manabi.gob.ec\/wp-content\/uploads\/2022\/07\/WhatsApp-Image-2022-07-13-at-3.37.48-PM.jpeg","datePublished":"2022-07-13T22:05:11+00:00","dateModified":"2022-07-13T22:05:17+00:00","author":{"@id":"https:\/\/www.manabi.gob.ec\/#\/schema\/person\/c4f117989332ad723a6ced5994aa7d7a"},"breadcrumb":{"@id":"https:\/\/www.manabi.gob.ec\/index.php\/emprendedores-manabitas-logran-importantes-resultados-enlas-ruedas-de-negocios-de-la-feria-de-chocolate-en-guayaquil\/#breadcrumb"},"inLanguage":"es","potentialAction":[{"@type":"ReadAction","target":["https:\/\/www.manabi.gob.ec\/index.php\/emprendedores-manabitas-logran-importantes-resultados-enlas-ruedas-de-negocios-de-la-feria-de-chocolate-en-guayaquil\/"]}]},{"@type":"ImageObject","inLanguage":"es","@id":"https:\/\/www.manabi.gob.ec\/index.php\/emprendedores-manabitas-logran-importantes-resultados-enlas-ruedas-de-negocios-de-la-feria-de-chocolate-en-guayaquil\/#primaryimage","url":"https:\/\/www.manabi.gob.ec\/wp-content\/uploads\/2022\/07\/WhatsApp-Image-2022-07-13-at-3.37.48-PM.jpeg","contentUrl":"https:\/\/www.manabi.gob.ec\/wp-content\/uploads\/2022\/07\/WhatsApp-Image-2022-07-13-at-3.37.48-PM.jpeg","width":768,"height":1024},{"@type":"BreadcrumbList","@id":"https:\/\/www.manabi.gob.ec\/index.php\/emprendedores-manabitas-logran-importantes-resultados-enlas-ruedas-de-negocios-de-la-feria-de-chocolate-en-guayaquil\/#breadcrumb","itemListElement":[{"@type":"ListItem","position":1,"name":"Portada","item":"https:\/\/www.manabi.gob.ec\/"},{"@type":"ListItem","position":2,"name":"Emprendedores manabitas logran importantes resultados enlas ruedas de negocios de la feria de chocolate en Guayaquil"}]},{"@type":"WebSite","@id":"https:\/\/www.manabi.gob.ec\/#website","url":"https:\/\/www.manabi.gob.ec\/","name":"Prefectura de Manab\u00ed","description":"P\u00e1gina web de la prefectura","potentialAction":[{"@type":"SearchAction","target":{"@type":"EntryPoint","urlTemplate":"https:\/\/www.manabi.gob.ec\/?s={search_term_string}"},"query-input":{"@type":"PropertyValueSpecification","valueRequired":true,"valueName":"search_term_string"}}],"inLanguage":"es"},{"@type":"Person","@id":"https:\/\/www.manabi.gob.ec\/#\/schema\/person\/c4f117989332ad723a6ced5994aa7d7a","name":"Lui Ochoa","image":{"@type":"ImageObject","inLanguage":"es","@id":"https:\/\/secure.gravatar.com\/avatar\/6e8017d0fe69dead8a95864d2eb6e1e1d8bf8e01194ba49cf7b897ff038126ba?s=96&d=mm&r=g","url":"https:\/\/secure.gravatar.com\/avatar\/6e8017d0fe69dead8a95864d2eb6e1e1d8bf8e01194ba49cf7b897ff038126ba?s=96&d=mm&r=g","contentUrl":"https:\/\/secure.gravatar.com\/avatar\/6e8017d0fe69dead8a95864d2eb6e1e1d8bf8e01194ba49cf7b897ff038126ba?s=96&d=mm&r=g","caption":"Lui Ochoa"},"url":"https:\/\/www.manabi.gob.ec\/index.php\/author\/lochoa\/"}]}},"jetpack_featured_media_url":"https:\/\/www.manabi.gob.ec\/wp-content\/uploads\/2022\/07\/WhatsApp-Image-2022-07-13-at-3.37.48-PM.jpeg","_links":{"self":[{"href":"https:\/\/www.manabi.gob.ec\/index.php\/wp-json\/wp\/v2\/posts\/21423","targetHints":{"allow":["GET"]}}],"collection":[{"href":"https:\/\/www.manabi.gob.ec\/index.php\/wp-json\/wp\/v2\/posts"}],"about":[{"href":"https:\/\/www.manabi.gob.ec\/index.php\/wp-json\/wp\/v2\/types\/post"}],"author":[{"embeddable":true,"href":"https:\/\/www.manabi.gob.ec\/index.php\/wp-json\/wp\/v2\/users\/10"}],"replies":[{"embeddable":true,"href":"https:\/\/www.manabi.gob.ec\/index.php\/wp-json\/wp\/v2\/comments?post=21423"}],"version-history":[{"count":0,"href":"https:\/\/www.manabi.gob.ec\/index.php\/wp-json\/wp\/v2\/posts\/21423\/revisions"}],"wp:featuredmedia":[{"embeddable":true,"href":"https:\/\/www.manabi.gob.ec\/index.php\/wp-json\/wp\/v2\/media\/21424"}],"wp:attachment":[{"href":"https:\/\/www.manabi.gob.ec\/index.php\/wp-json\/wp\/v2\/media?parent=21423"}],"wp:term":[{"taxonomy":"category","embeddable":true,"href":"https:\/\/www.manabi.gob.ec\/index.php\/wp-json\/wp\/v2\/categories?post=21423"},{"taxonomy":"post_tag","embeddable":true,"href":"https:\/\/www.manabi.gob.ec\/index.php\/wp-json\/wp\/v2\/tags?post=21423"}],"curies":[{"name":"wp","href":"https:\/\/api.w.org\/{rel}","templated":true}]}}