{"id":21426,"date":"2022-07-13T22:09:49","date_gmt":"2022-07-13T22:09:49","guid":{"rendered":"https:\/\/www.manabi.gob.ec\/?p=21426"},"modified":"2022-07-13T22:09:54","modified_gmt":"2022-07-13T22:09:54","slug":"si-al-campo-le-va-bien-a-la-ciudad-tambien","status":"publish","type":"post","link":"https:\/\/www.manabi.gob.ec\/index.php\/si-al-campo-le-va-bien-a-la-ciudad-tambien\/","title":{"rendered":"\u00a1Si al campo le va bien, a la ciudad tambi\u00e9n!"},"content":{"rendered":"\n<p>La buena cosecha de ma\u00edz permite a los agricultores fortalecer su vocaci\u00f3n y construir un buen r\u00e9cord de cr\u00e9dito<br>Ismelda Panta, de la comunidad Mutre Adentro, del cant\u00f3n Tosagua, cosech\u00f3 aproximadamente tres hect\u00e1reas de ma\u00edz duro amarillo, lo que le permite comercializarlo a buen precio, obtener ganancias y pagar a tiempo su cr\u00e9dito.<\/p>\n\n\n\n<p><br>Ella y su esposo son parte del proyecto de Reactivaci\u00f3n del ma\u00edz duro amarillo que impulsa la Prefectura de Manab\u00ed.<br>Mar\u00eda Castillo, dirigente de la zona, se\u00f1al\u00f3 que est\u00e1 agradecida con el prefecto Leonardo Orlando por el apoyo con la asistencia t\u00e9cnica que inicia el manejo del cultivo y acompa\u00f1amiento durante todo el proceso, hasta su comercializaci\u00f3n.<\/p>\n\n\n\n<p><br>\u201cAl d\u00eda de hoy, aunque el invierno no fue muy bueno, el acompa\u00f1amiento nos ha permitido tener una buena cosecha y poder pagar a tiempo los cr\u00e9ditos que hicimos para invertir, esperamos que siga ese proyecto con nosotros\u201d, indic\u00f3 Castillo.<\/p>\n\n\n\n<p><br>Ra\u00fal Andrade, director de Fomento Productivo del GPM, realiz\u00f3 un recorrido en Tosagua, junto a t\u00e9cnicos del \u00e1rea y productores del sector, para evidenciar los resultados de la cosecha.<br>Record\u00f3 que la Prefectura de Manab\u00ed firm\u00f3 el convenio con 5 cooperativas de ahorro y cr\u00e9dito de la provincia, que han sido las encargadas de dar el financiamiento y confiar en los agricultores para que puedan sembrar y cultivar el ma\u00edz.<\/p>\n","protected":false},"excerpt":{"rendered":"<p>La buena cosecha de ma\u00edz permite a los agricultores fortalecer su vocaci\u00f3n y construir un buen r\u00e9cord de cr\u00e9dito<br \/>\nIsmelda Panta, de la comunidad Mutre Adentro, del cant\u00f3n Tosagua, cosech\u00f3 aproximadamente tres hect\u00e1reas de ma\u00edz duro amarillo, lo que le permite comercializarlo a buen precio, obtener ganancias y pagar a tiempo su cr\u00e9dito.<\/p>\n","protected":false},"author":10,"featured_media":21427,"comment_status":"closed","ping_status":"closed","sticky":false,"template":"","format":"standard","meta":{"_joinchat":[],"footnotes":""},"categories":[142,92,140,91,130],"tags":[],"class_list":["post-21426","post","type-post","status-publish","format-standard","has-post-thumbnail","hentry","category-desarrollo-social","category-noticias-manabi","category-produccion","category-todas","category-tosagua"],"yoast_head":"<!-- This site is optimized with the Yoast SEO plugin v27.4 - https:\/\/yoast.com\/product\/yoast-seo-wordpress\/ -->\n<title>\u00a1Si al campo le va bien, a la ciudad tambi\u00e9n! - Prefectura de Manab\u00ed<\/title>\n<meta name=\"description\" content=\"La buena cosecha de ma\u00edz permite a los agricultores fortalecer su vocaci\u00f3n y construir un buen r\u00e9cord de cr\u00e9ditoIsmelda Panta, de la comunidad Mutre Adentro, del cant\u00f3n Tosagua, cosech\u00f3 aproximadamente tres hect\u00e1reas de ma\u00edz duro amarillo, lo que le permite comercializarlo a buen precio, obtener ganancias y pagar a tiempo su cr\u00e9dito.Ella y su esposo son parte del proyecto de Reactivaci\u00f3n del ma\u00edz duro amarillo que impulsa la Prefectura de Manab\u00ed.Mar\u00eda Castillo, dirigente de la zona, se\u00f1al\u00f3 que est\u00e1 agradecida con el prefecto Leonardo Orlando por el apoyo con la asistencia t\u00e9cnica que inicia el manejo del cultivo y acompa\u00f1amiento durante todo el proceso, hasta su comercializaci\u00f3n.\u201cAl d\u00eda de hoy, aunque el invierno no fue muy bueno, el acompa\u00f1amiento nos ha permitido tener una buena cosecha y poder pagar a tiempo los cr\u00e9ditos que hicimos para invertir, esperamos que siga ese proyecto con nosotros\u201d, indic\u00f3 Castillo.Ra\u00fal Andrade, director de Fomento Productivo del GPM, realiz\u00f3 un recorrido en Tosagua, junto a t\u00e9cnicos del \u00e1rea y productores del sector, para evidenciar los resultados de la cosecha.Record\u00f3 que la Prefectura de Manab\u00ed firm\u00f3 el convenio con 5 cooperativas de ahorro y cr\u00e9dito de la provincia, que han sido las encargadas de dar el financiamiento y confiar en los agricultores para que puedan sembrar y cultivar el ma\u00edz.\" \/>\n<meta name=\"robots\" content=\"index, follow, max-snippet:-1, max-image-preview:large, max-video-preview:-1\" \/>\n<link rel=\"canonical\" href=\"https:\/\/www.manabi.gob.ec\/index.php\/si-al-campo-le-va-bien-a-la-ciudad-tambien\/\" \/>\n<meta property=\"og:locale\" content=\"es_ES\" \/>\n<meta property=\"og:type\" content=\"article\" \/>\n<meta property=\"og:title\" content=\"\u00a1Si al campo le va bien, a la ciudad tambi\u00e9n! - Prefectura de Manab\u00ed\" \/>\n<meta property=\"og:description\" content=\"La buena cosecha de ma\u00edz permite a los agricultores fortalecer su vocaci\u00f3n y construir un buen r\u00e9cord de cr\u00e9ditoIsmelda Panta, de la comunidad Mutre Adentro, del cant\u00f3n Tosagua, cosech\u00f3 aproximadamente tres hect\u00e1reas de ma\u00edz duro amarillo, lo que le permite comercializarlo a buen precio, obtener ganancias y pagar a tiempo su cr\u00e9dito.Ella y su esposo son parte del proyecto de Reactivaci\u00f3n del ma\u00edz duro amarillo que impulsa la Prefectura de Manab\u00ed.Mar\u00eda Castillo, dirigente de la zona, se\u00f1al\u00f3 que est\u00e1 agradecida con el prefecto Leonardo Orlando por el apoyo con la asistencia t\u00e9cnica que inicia el manejo del cultivo y acompa\u00f1amiento durante todo el proceso, hasta su comercializaci\u00f3n.\u201cAl d\u00eda de hoy, aunque el invierno no fue muy bueno, el acompa\u00f1amiento nos ha permitido tener una buena cosecha y poder pagar a tiempo los cr\u00e9ditos que hicimos para invertir, esperamos que siga ese proyecto con nosotros\u201d, indic\u00f3 Castillo.Ra\u00fal Andrade, director de Fomento Productivo del GPM, realiz\u00f3 un recorrido en Tosagua, junto a t\u00e9cnicos del \u00e1rea y productores del sector, para evidenciar los resultados de la cosecha.Record\u00f3 que la Prefectura de Manab\u00ed firm\u00f3 el convenio con 5 cooperativas de ahorro y cr\u00e9dito de la provincia, que han sido las encargadas de dar el financiamiento y confiar en los agricultores para que puedan sembrar y cultivar el ma\u00edz.\" \/>\n<meta property=\"og:url\" content=\"https:\/\/www.manabi.gob.ec\/index.php\/si-al-campo-le-va-bien-a-la-ciudad-tambien\/\" \/>\n<meta property=\"og:site_name\" content=\"Prefectura de Manab\u00ed\" \/>\n<meta property=\"article:published_time\" content=\"2022-07-13T22:09:49+00:00\" \/>\n<meta property=\"article:modified_time\" content=\"2022-07-13T22:09:54+00:00\" \/>\n<meta property=\"og:image\" content=\"https:\/\/www.manabi.gob.ec\/wp-content\/uploads\/2022\/07\/WhatsApp-Image-2022-07-13-at-3.55.40-PM.jpeg\" \/>\n\t<meta property=\"og:image:width\" content=\"1024\" \/>\n\t<meta property=\"og:image:height\" content=\"711\" \/>\n\t<meta property=\"og:image:type\" content=\"image\/jpeg\" \/>\n<meta name=\"author\" content=\"Lui Ochoa\" \/>\n<meta name=\"twitter:card\" content=\"summary_large_image\" \/>\n<meta name=\"twitter:label1\" content=\"Escrito por\" \/>\n\t<meta name=\"twitter:data1\" content=\"Lui Ochoa\" \/>\n\t<meta name=\"twitter:label2\" content=\"Tiempo de lectura\" \/>\n\t<meta name=\"twitter:data2\" content=\"2 minutos\" \/>\n<script type=\"application\/ld+json\" class=\"yoast-schema-graph\">{\"@context\":\"https:\\\/\\\/schema.org\",\"@graph\":[{\"@type\":\"Article\",\"@id\":\"https:\\\/\\\/www.manabi.gob.ec\\\/index.php\\\/si-al-campo-le-va-bien-a-la-ciudad-tambien\\\/#article\",\"isPartOf\":{\"@id\":\"https:\\\/\\\/www.manabi.gob.ec\\\/index.php\\\/si-al-campo-le-va-bien-a-la-ciudad-tambien\\\/\"},\"author\":{\"name\":\"Lui Ochoa\",\"@id\":\"https:\\\/\\\/www.manabi.gob.ec\\\/#\\\/schema\\\/person\\\/c4f117989332ad723a6ced5994aa7d7a\"},\"headline\":\"\u00a1Si al campo le va bien, a la ciudad tambi\u00e9n!\",\"datePublished\":\"2022-07-13T22:09:49+00:00\",\"dateModified\":\"2022-07-13T22:09:54+00:00\",\"mainEntityOfPage\":{\"@id\":\"https:\\\/\\\/www.manabi.gob.ec\\\/index.php\\\/si-al-campo-le-va-bien-a-la-ciudad-tambien\\\/\"},\"wordCount\":251,\"image\":{\"@id\":\"https:\\\/\\\/www.manabi.gob.ec\\\/index.php\\\/si-al-campo-le-va-bien-a-la-ciudad-tambien\\\/#primaryimage\"},\"thumbnailUrl\":\"https:\\\/\\\/www.manabi.gob.ec\\\/wp-content\\\/uploads\\\/2022\\\/07\\\/WhatsApp-Image-2022-07-13-at-3.55.40-PM.jpeg\",\"articleSection\":[\"Desarrollo Social\",\"Noticias\",\"Producci\u00f3n\",\"Todas\",\"Tosagua\"],\"inLanguage\":\"es\"},{\"@type\":\"WebPage\",\"@id\":\"https:\\\/\\\/www.manabi.gob.ec\\\/index.php\\\/si-al-campo-le-va-bien-a-la-ciudad-tambien\\\/\",\"url\":\"https:\\\/\\\/www.manabi.gob.ec\\\/index.php\\\/si-al-campo-le-va-bien-a-la-ciudad-tambien\\\/\",\"name\":\"\u00a1Si al campo le va bien, a la ciudad tambi\u00e9n! - Prefectura de Manab\u00ed\",\"isPartOf\":{\"@id\":\"https:\\\/\\\/www.manabi.gob.ec\\\/#website\"},\"primaryImageOfPage\":{\"@id\":\"https:\\\/\\\/www.manabi.gob.ec\\\/index.php\\\/si-al-campo-le-va-bien-a-la-ciudad-tambien\\\/#primaryimage\"},\"image\":{\"@id\":\"https:\\\/\\\/www.manabi.gob.ec\\\/index.php\\\/si-al-campo-le-va-bien-a-la-ciudad-tambien\\\/#primaryimage\"},\"thumbnailUrl\":\"https:\\\/\\\/www.manabi.gob.ec\\\/wp-content\\\/uploads\\\/2022\\\/07\\\/WhatsApp-Image-2022-07-13-at-3.55.40-PM.jpeg\",\"datePublished\":\"2022-07-13T22:09:49+00:00\",\"dateModified\":\"2022-07-13T22:09:54+00:00\",\"author\":{\"@id\":\"https:\\\/\\\/www.manabi.gob.ec\\\/#\\\/schema\\\/person\\\/c4f117989332ad723a6ced5994aa7d7a\"},\"description\":\"La buena cosecha de ma\u00edz permite a los agricultores fortalecer su vocaci\u00f3n y construir un buen r\u00e9cord de cr\u00e9ditoIsmelda Panta, de la comunidad Mutre Adentro, del cant\u00f3n Tosagua, cosech\u00f3 aproximadamente tres hect\u00e1reas de ma\u00edz duro amarillo, lo que le permite comercializarlo a buen precio, obtener ganancias y pagar a tiempo su cr\u00e9dito.Ella y su esposo son parte del proyecto de Reactivaci\u00f3n del ma\u00edz duro amarillo que impulsa la Prefectura de Manab\u00ed.Mar\u00eda Castillo, dirigente de la zona, se\u00f1al\u00f3 que est\u00e1 agradecida con el prefecto Leonardo Orlando por el apoyo con la asistencia t\u00e9cnica que inicia el manejo del cultivo y acompa\u00f1amiento durante todo el proceso, hasta su comercializaci\u00f3n.\u201cAl d\u00eda de hoy, aunque el invierno no fue muy bueno, el acompa\u00f1amiento nos ha permitido tener una buena cosecha y poder pagar a tiempo los cr\u00e9ditos que hicimos para invertir, esperamos que siga ese proyecto con nosotros\u201d, indic\u00f3 Castillo.Ra\u00fal Andrade, director de Fomento Productivo del GPM, realiz\u00f3 un recorrido en Tosagua, junto a t\u00e9cnicos del \u00e1rea y productores del sector, para evidenciar los resultados de la cosecha.Record\u00f3 que la Prefectura de Manab\u00ed firm\u00f3 el convenio con 5 cooperativas de ahorro y cr\u00e9dito de la provincia, que han sido las encargadas de dar el financiamiento y confiar en los agricultores para que puedan sembrar y cultivar el ma\u00edz.\",\"breadcrumb\":{\"@id\":\"https:\\\/\\\/www.manabi.gob.ec\\\/index.php\\\/si-al-campo-le-va-bien-a-la-ciudad-tambien\\\/#breadcrumb\"},\"inLanguage\":\"es\",\"potentialAction\":[{\"@type\":\"ReadAction\",\"target\":[\"https:\\\/\\\/www.manabi.gob.ec\\\/index.php\\\/si-al-campo-le-va-bien-a-la-ciudad-tambien\\\/\"]}]},{\"@type\":\"ImageObject\",\"inLanguage\":\"es\",\"@id\":\"https:\\\/\\\/www.manabi.gob.ec\\\/index.php\\\/si-al-campo-le-va-bien-a-la-ciudad-tambien\\\/#primaryimage\",\"url\":\"https:\\\/\\\/www.manabi.gob.ec\\\/wp-content\\\/uploads\\\/2022\\\/07\\\/WhatsApp-Image-2022-07-13-at-3.55.40-PM.jpeg\",\"contentUrl\":\"https:\\\/\\\/www.manabi.gob.ec\\\/wp-content\\\/uploads\\\/2022\\\/07\\\/WhatsApp-Image-2022-07-13-at-3.55.40-PM.jpeg\",\"width\":1024,\"height\":711},{\"@type\":\"BreadcrumbList\",\"@id\":\"https:\\\/\\\/www.manabi.gob.ec\\\/index.php\\\/si-al-campo-le-va-bien-a-la-ciudad-tambien\\\/#breadcrumb\",\"itemListElement\":[{\"@type\":\"ListItem\",\"position\":1,\"name\":\"Portada\",\"item\":\"https:\\\/\\\/www.manabi.gob.ec\\\/\"},{\"@type\":\"ListItem\",\"position\":2,\"name\":\"\u00a1Si al campo le va bien, a la ciudad tambi\u00e9n!\"}]},{\"@type\":\"WebSite\",\"@id\":\"https:\\\/\\\/www.manabi.gob.ec\\\/#website\",\"url\":\"https:\\\/\\\/www.manabi.gob.ec\\\/\",\"name\":\"Prefectura de Manab\u00ed\",\"description\":\"P\u00e1gina web de la prefectura\",\"potentialAction\":[{\"@type\":\"SearchAction\",\"target\":{\"@type\":\"EntryPoint\",\"urlTemplate\":\"https:\\\/\\\/www.manabi.gob.ec\\\/?s={search_term_string}\"},\"query-input\":{\"@type\":\"PropertyValueSpecification\",\"valueRequired\":true,\"valueName\":\"search_term_string\"}}],\"inLanguage\":\"es\"},{\"@type\":\"Person\",\"@id\":\"https:\\\/\\\/www.manabi.gob.ec\\\/#\\\/schema\\\/person\\\/c4f117989332ad723a6ced5994aa7d7a\",\"name\":\"Lui Ochoa\",\"image\":{\"@type\":\"ImageObject\",\"inLanguage\":\"es\",\"@id\":\"https:\\\/\\\/secure.gravatar.com\\\/avatar\\\/6e8017d0fe69dead8a95864d2eb6e1e1d8bf8e01194ba49cf7b897ff038126ba?s=96&d=mm&r=g\",\"url\":\"https:\\\/\\\/secure.gravatar.com\\\/avatar\\\/6e8017d0fe69dead8a95864d2eb6e1e1d8bf8e01194ba49cf7b897ff038126ba?s=96&d=mm&r=g\",\"contentUrl\":\"https:\\\/\\\/secure.gravatar.com\\\/avatar\\\/6e8017d0fe69dead8a95864d2eb6e1e1d8bf8e01194ba49cf7b897ff038126ba?s=96&d=mm&r=g\",\"caption\":\"Lui Ochoa\"},\"url\":\"https:\\\/\\\/www.manabi.gob.ec\\\/index.php\\\/author\\\/lochoa\\\/\"}]}<\/script>\n<!-- \/ Yoast SEO plugin. -->","yoast_head_json":{"title":"\u00a1Si al campo le va bien, a la ciudad tambi\u00e9n! - Prefectura de Manab\u00ed","description":"La buena cosecha de ma\u00edz permite a los agricultores fortalecer su vocaci\u00f3n y construir un buen r\u00e9cord de cr\u00e9ditoIsmelda Panta, de la comunidad Mutre Adentro, del cant\u00f3n Tosagua, cosech\u00f3 aproximadamente tres hect\u00e1reas de ma\u00edz duro amarillo, lo que le permite comercializarlo a buen precio, obtener ganancias y pagar a tiempo su cr\u00e9dito.Ella y su esposo son parte del proyecto de Reactivaci\u00f3n del ma\u00edz duro amarillo que impulsa la Prefectura de Manab\u00ed.Mar\u00eda Castillo, dirigente de la zona, se\u00f1al\u00f3 que est\u00e1 agradecida con el prefecto Leonardo Orlando por el apoyo con la asistencia t\u00e9cnica que inicia el manejo del cultivo y acompa\u00f1amiento durante todo el proceso, hasta su comercializaci\u00f3n.\u201cAl d\u00eda de hoy, aunque el invierno no fue muy bueno, el acompa\u00f1amiento nos ha permitido tener una buena cosecha y poder pagar a tiempo los cr\u00e9ditos que hicimos para invertir, esperamos que siga ese proyecto con nosotros\u201d, indic\u00f3 Castillo.Ra\u00fal Andrade, director de Fomento Productivo del GPM, realiz\u00f3 un recorrido en Tosagua, junto a t\u00e9cnicos del \u00e1rea y productores del sector, para evidenciar los resultados de la cosecha.Record\u00f3 que la Prefectura de Manab\u00ed firm\u00f3 el convenio con 5 cooperativas de ahorro y cr\u00e9dito de la provincia, que han sido las encargadas de dar el financiamiento y confiar en los agricultores para que puedan sembrar y cultivar el ma\u00edz.","robots":{"index":"index","follow":"follow","max-snippet":"max-snippet:-1","max-image-preview":"max-image-preview:large","max-video-preview":"max-video-preview:-1"},"canonical":"https:\/\/www.manabi.gob.ec\/index.php\/si-al-campo-le-va-bien-a-la-ciudad-tambien\/","og_locale":"es_ES","og_type":"article","og_title":"\u00a1Si al campo le va bien, a la ciudad tambi\u00e9n! - Prefectura de Manab\u00ed","og_description":"La buena cosecha de ma\u00edz permite a los agricultores fortalecer su vocaci\u00f3n y construir un buen r\u00e9cord de cr\u00e9ditoIsmelda Panta, de la comunidad Mutre Adentro, del cant\u00f3n Tosagua, cosech\u00f3 aproximadamente tres hect\u00e1reas de ma\u00edz duro amarillo, lo que le permite comercializarlo a buen precio, obtener ganancias y pagar a tiempo su cr\u00e9dito.Ella y su esposo son parte del proyecto de Reactivaci\u00f3n del ma\u00edz duro amarillo que impulsa la Prefectura de Manab\u00ed.Mar\u00eda Castillo, dirigente de la zona, se\u00f1al\u00f3 que est\u00e1 agradecida con el prefecto Leonardo Orlando por el apoyo con la asistencia t\u00e9cnica que inicia el manejo del cultivo y acompa\u00f1amiento durante todo el proceso, hasta su comercializaci\u00f3n.\u201cAl d\u00eda de hoy, aunque el invierno no fue muy bueno, el acompa\u00f1amiento nos ha permitido tener una buena cosecha y poder pagar a tiempo los cr\u00e9ditos que hicimos para invertir, esperamos que siga ese proyecto con nosotros\u201d, indic\u00f3 Castillo.Ra\u00fal Andrade, director de Fomento Productivo del GPM, realiz\u00f3 un recorrido en Tosagua, junto a t\u00e9cnicos del \u00e1rea y productores del sector, para evidenciar los resultados de la cosecha.Record\u00f3 que la Prefectura de Manab\u00ed firm\u00f3 el convenio con 5 cooperativas de ahorro y cr\u00e9dito de la provincia, que han sido las encargadas de dar el financiamiento y confiar en los agricultores para que puedan sembrar y cultivar el ma\u00edz.","og_url":"https:\/\/www.manabi.gob.ec\/index.php\/si-al-campo-le-va-bien-a-la-ciudad-tambien\/","og_site_name":"Prefectura de Manab\u00ed","article_published_time":"2022-07-13T22:09:49+00:00","article_modified_time":"2022-07-13T22:09:54+00:00","og_image":[{"width":1024,"height":711,"url":"https:\/\/www.manabi.gob.ec\/wp-content\/uploads\/2022\/07\/WhatsApp-Image-2022-07-13-at-3.55.40-PM.jpeg","type":"image\/jpeg"}],"author":"Lui Ochoa","twitter_card":"summary_large_image","twitter_misc":{"Escrito por":"Lui Ochoa","Tiempo de lectura":"2 minutos"},"schema":{"@context":"https:\/\/schema.org","@graph":[{"@type":"Article","@id":"https:\/\/www.manabi.gob.ec\/index.php\/si-al-campo-le-va-bien-a-la-ciudad-tambien\/#article","isPartOf":{"@id":"https:\/\/www.manabi.gob.ec\/index.php\/si-al-campo-le-va-bien-a-la-ciudad-tambien\/"},"author":{"name":"Lui Ochoa","@id":"https:\/\/www.manabi.gob.ec\/#\/schema\/person\/c4f117989332ad723a6ced5994aa7d7a"},"headline":"\u00a1Si al campo le va bien, a la ciudad tambi\u00e9n!","datePublished":"2022-07-13T22:09:49+00:00","dateModified":"2022-07-13T22:09:54+00:00","mainEntityOfPage":{"@id":"https:\/\/www.manabi.gob.ec\/index.php\/si-al-campo-le-va-bien-a-la-ciudad-tambien\/"},"wordCount":251,"image":{"@id":"https:\/\/www.manabi.gob.ec\/index.php\/si-al-campo-le-va-bien-a-la-ciudad-tambien\/#primaryimage"},"thumbnailUrl":"https:\/\/www.manabi.gob.ec\/wp-content\/uploads\/2022\/07\/WhatsApp-Image-2022-07-13-at-3.55.40-PM.jpeg","articleSection":["Desarrollo Social","Noticias","Producci\u00f3n","Todas","Tosagua"],"inLanguage":"es"},{"@type":"WebPage","@id":"https:\/\/www.manabi.gob.ec\/index.php\/si-al-campo-le-va-bien-a-la-ciudad-tambien\/","url":"https:\/\/www.manabi.gob.ec\/index.php\/si-al-campo-le-va-bien-a-la-ciudad-tambien\/","name":"\u00a1Si al campo le va bien, a la ciudad tambi\u00e9n! - Prefectura de Manab\u00ed","isPartOf":{"@id":"https:\/\/www.manabi.gob.ec\/#website"},"primaryImageOfPage":{"@id":"https:\/\/www.manabi.gob.ec\/index.php\/si-al-campo-le-va-bien-a-la-ciudad-tambien\/#primaryimage"},"image":{"@id":"https:\/\/www.manabi.gob.ec\/index.php\/si-al-campo-le-va-bien-a-la-ciudad-tambien\/#primaryimage"},"thumbnailUrl":"https:\/\/www.manabi.gob.ec\/wp-content\/uploads\/2022\/07\/WhatsApp-Image-2022-07-13-at-3.55.40-PM.jpeg","datePublished":"2022-07-13T22:09:49+00:00","dateModified":"2022-07-13T22:09:54+00:00","author":{"@id":"https:\/\/www.manabi.gob.ec\/#\/schema\/person\/c4f117989332ad723a6ced5994aa7d7a"},"description":"La buena cosecha de ma\u00edz permite a los agricultores fortalecer su vocaci\u00f3n y construir un buen r\u00e9cord de cr\u00e9ditoIsmelda Panta, de la comunidad Mutre Adentro, del cant\u00f3n Tosagua, cosech\u00f3 aproximadamente tres hect\u00e1reas de ma\u00edz duro amarillo, lo que le permite comercializarlo a buen precio, obtener ganancias y pagar a tiempo su cr\u00e9dito.Ella y su esposo son parte del proyecto de Reactivaci\u00f3n del ma\u00edz duro amarillo que impulsa la Prefectura de Manab\u00ed.Mar\u00eda Castillo, dirigente de la zona, se\u00f1al\u00f3 que est\u00e1 agradecida con el prefecto Leonardo Orlando por el apoyo con la asistencia t\u00e9cnica que inicia el manejo del cultivo y acompa\u00f1amiento durante todo el proceso, hasta su comercializaci\u00f3n.\u201cAl d\u00eda de hoy, aunque el invierno no fue muy bueno, el acompa\u00f1amiento nos ha permitido tener una buena cosecha y poder pagar a tiempo los cr\u00e9ditos que hicimos para invertir, esperamos que siga ese proyecto con nosotros\u201d, indic\u00f3 Castillo.Ra\u00fal Andrade, director de Fomento Productivo del GPM, realiz\u00f3 un recorrido en Tosagua, junto a t\u00e9cnicos del \u00e1rea y productores del sector, para evidenciar los resultados de la cosecha.Record\u00f3 que la Prefectura de Manab\u00ed firm\u00f3 el convenio con 5 cooperativas de ahorro y cr\u00e9dito de la provincia, que han sido las encargadas de dar el financiamiento y confiar en los agricultores para que puedan sembrar y cultivar el ma\u00edz.","breadcrumb":{"@id":"https:\/\/www.manabi.gob.ec\/index.php\/si-al-campo-le-va-bien-a-la-ciudad-tambien\/#breadcrumb"},"inLanguage":"es","potentialAction":[{"@type":"ReadAction","target":["https:\/\/www.manabi.gob.ec\/index.php\/si-al-campo-le-va-bien-a-la-ciudad-tambien\/"]}]},{"@type":"ImageObject","inLanguage":"es","@id":"https:\/\/www.manabi.gob.ec\/index.php\/si-al-campo-le-va-bien-a-la-ciudad-tambien\/#primaryimage","url":"https:\/\/www.manabi.gob.ec\/wp-content\/uploads\/2022\/07\/WhatsApp-Image-2022-07-13-at-3.55.40-PM.jpeg","contentUrl":"https:\/\/www.manabi.gob.ec\/wp-content\/uploads\/2022\/07\/WhatsApp-Image-2022-07-13-at-3.55.40-PM.jpeg","width":1024,"height":711},{"@type":"BreadcrumbList","@id":"https:\/\/www.manabi.gob.ec\/index.php\/si-al-campo-le-va-bien-a-la-ciudad-tambien\/#breadcrumb","itemListElement":[{"@type":"ListItem","position":1,"name":"Portada","item":"https:\/\/www.manabi.gob.ec\/"},{"@type":"ListItem","position":2,"name":"\u00a1Si al campo le va bien, a la ciudad tambi\u00e9n!"}]},{"@type":"WebSite","@id":"https:\/\/www.manabi.gob.ec\/#website","url":"https:\/\/www.manabi.gob.ec\/","name":"Prefectura de Manab\u00ed","description":"P\u00e1gina web de la prefectura","potentialAction":[{"@type":"SearchAction","target":{"@type":"EntryPoint","urlTemplate":"https:\/\/www.manabi.gob.ec\/?s={search_term_string}"},"query-input":{"@type":"PropertyValueSpecification","valueRequired":true,"valueName":"search_term_string"}}],"inLanguage":"es"},{"@type":"Person","@id":"https:\/\/www.manabi.gob.ec\/#\/schema\/person\/c4f117989332ad723a6ced5994aa7d7a","name":"Lui Ochoa","image":{"@type":"ImageObject","inLanguage":"es","@id":"https:\/\/secure.gravatar.com\/avatar\/6e8017d0fe69dead8a95864d2eb6e1e1d8bf8e01194ba49cf7b897ff038126ba?s=96&d=mm&r=g","url":"https:\/\/secure.gravatar.com\/avatar\/6e8017d0fe69dead8a95864d2eb6e1e1d8bf8e01194ba49cf7b897ff038126ba?s=96&d=mm&r=g","contentUrl":"https:\/\/secure.gravatar.com\/avatar\/6e8017d0fe69dead8a95864d2eb6e1e1d8bf8e01194ba49cf7b897ff038126ba?s=96&d=mm&r=g","caption":"Lui Ochoa"},"url":"https:\/\/www.manabi.gob.ec\/index.php\/author\/lochoa\/"}]}},"jetpack_featured_media_url":"https:\/\/www.manabi.gob.ec\/wp-content\/uploads\/2022\/07\/WhatsApp-Image-2022-07-13-at-3.55.40-PM.jpeg","_links":{"self":[{"href":"https:\/\/www.manabi.gob.ec\/index.php\/wp-json\/wp\/v2\/posts\/21426","targetHints":{"allow":["GET"]}}],"collection":[{"href":"https:\/\/www.manabi.gob.ec\/index.php\/wp-json\/wp\/v2\/posts"}],"about":[{"href":"https:\/\/www.manabi.gob.ec\/index.php\/wp-json\/wp\/v2\/types\/post"}],"author":[{"embeddable":true,"href":"https:\/\/www.manabi.gob.ec\/index.php\/wp-json\/wp\/v2\/users\/10"}],"replies":[{"embeddable":true,"href":"https:\/\/www.manabi.gob.ec\/index.php\/wp-json\/wp\/v2\/comments?post=21426"}],"version-history":[{"count":0,"href":"https:\/\/www.manabi.gob.ec\/index.php\/wp-json\/wp\/v2\/posts\/21426\/revisions"}],"wp:featuredmedia":[{"embeddable":true,"href":"https:\/\/www.manabi.gob.ec\/index.php\/wp-json\/wp\/v2\/media\/21427"}],"wp:attachment":[{"href":"https:\/\/www.manabi.gob.ec\/index.php\/wp-json\/wp\/v2\/media?parent=21426"}],"wp:term":[{"taxonomy":"category","embeddable":true,"href":"https:\/\/www.manabi.gob.ec\/index.php\/wp-json\/wp\/v2\/categories?post=21426"},{"taxonomy":"post_tag","embeddable":true,"href":"https:\/\/www.manabi.gob.ec\/index.php\/wp-json\/wp\/v2\/tags?post=21426"}],"curies":[{"name":"wp","href":"https:\/\/api.w.org\/{rel}","templated":true}]}}