{"id":21466,"date":"2022-07-22T14:21:44","date_gmt":"2022-07-22T14:21:44","guid":{"rendered":"https:\/\/www.manabi.gob.ec\/?p=21466"},"modified":"2022-07-22T14:21:48","modified_gmt":"2022-07-22T14:21:48","slug":"el-prefecto-leonardo-orlando-firmo-esta-manana-un-acta-transaccional-con-los-representantes-del-comite-central-unico-de-trabajadores-del-gobierno-provincial-de-manabi","status":"publish","type":"post","link":"https:\/\/www.manabi.gob.ec\/index.php\/el-prefecto-leonardo-orlando-firmo-esta-manana-un-acta-transaccional-con-los-representantes-del-comite-central-unico-de-trabajadores-del-gobierno-provincial-de-manabi\/","title":{"rendered":"El prefecto, Leonardo Orlando, firm\u00f3, esta ma\u00f1ana, un Acta Transaccional con los representantes del Comit\u00e9 Central \u00danico de Trabajadores del Gobierno Provincial de Manab\u00ed."},"content":{"rendered":"\n<p>Se trata de un documento importante para la buena marcha institucional, ya que a trav\u00e9s del mismo se formalizan acuerdos logrados en las negociaciones del Contrato Colectivo a favor de trabajadores y operadores, por concepto de vacaciones, uniformes, seguridad industrial, y otras conquistas.<\/p>\n\n\n\n<p>Con esto, tambi\u00e9n, se ratifica el compromiso de bienestar y servicio con la clase obrera.<\/p>\n","protected":false},"excerpt":{"rendered":"<p>Se trata de un documento importante para la buena marcha institucional, ya que a trav\u00e9s del mismo se formalizan acuerdos logrados en las negociaciones del Contrato Colectivo a favor de trabajadores y operadores, por concepto de vacaciones, uniformes, seguridad industrial, y otras conquistas. Con esto, tambi\u00e9n, se ratifica el compromiso de bienestar y servicio con [&hellip;]<\/p>\n","protected":false},"author":10,"featured_media":21467,"comment_status":"closed","ping_status":"closed","sticky":false,"template":"","format":"standard","meta":{"_joinchat":[],"footnotes":""},"categories":[92,132,91],"tags":[],"class_list":["post-21466","post","type-post","status-publish","format-standard","has-post-thumbnail","hentry","category-noticias-manabi","category-portoviejo","category-todas"],"yoast_head":"<!-- This site is optimized with the Yoast SEO plugin v27.4 - https:\/\/yoast.com\/product\/yoast-seo-wordpress\/ -->\n<title>El prefecto, Leonardo Orlando, firm\u00f3, esta ma\u00f1ana, un Acta Transaccional con los representantes del Comit\u00e9 Central \u00danico de Trabajadores del Gobierno Provincial de Manab\u00ed. - Prefectura de Manab\u00ed<\/title>\n<meta name=\"robots\" content=\"index, follow, max-snippet:-1, max-image-preview:large, max-video-preview:-1\" \/>\n<link rel=\"canonical\" href=\"https:\/\/www.manabi.gob.ec\/index.php\/el-prefecto-leonardo-orlando-firmo-esta-manana-un-acta-transaccional-con-los-representantes-del-comite-central-unico-de-trabajadores-del-gobierno-provincial-de-manabi\/\" \/>\n<meta property=\"og:locale\" content=\"es_ES\" \/>\n<meta property=\"og:type\" content=\"article\" \/>\n<meta property=\"og:title\" content=\"El prefecto, Leonardo Orlando, firm\u00f3, esta ma\u00f1ana, un Acta Transaccional con los representantes del Comit\u00e9 Central \u00danico de Trabajadores del Gobierno Provincial de Manab\u00ed. - Prefectura de Manab\u00ed\" \/>\n<meta property=\"og:description\" content=\"Se trata de un documento importante para la buena marcha institucional, ya que a trav\u00e9s del mismo se formalizan acuerdos logrados en las negociaciones del Contrato Colectivo a favor de trabajadores y operadores, por concepto de vacaciones, uniformes, seguridad industrial, y otras conquistas. Con esto, tambi\u00e9n, se ratifica el compromiso de bienestar y servicio con [&hellip;]\" \/>\n<meta property=\"og:url\" content=\"https:\/\/www.manabi.gob.ec\/index.php\/el-prefecto-leonardo-orlando-firmo-esta-manana-un-acta-transaccional-con-los-representantes-del-comite-central-unico-de-trabajadores-del-gobierno-provincial-de-manabi\/\" \/>\n<meta property=\"og:site_name\" content=\"Prefectura de Manab\u00ed\" \/>\n<meta property=\"article:published_time\" content=\"2022-07-22T14:21:44+00:00\" \/>\n<meta property=\"article:modified_time\" content=\"2022-07-22T14:21:48+00:00\" \/>\n<meta property=\"og:image\" content=\"https:\/\/www.manabi.gob.ec\/wp-content\/uploads\/2022\/07\/WhatsApp-Image-2022-07-18-at-10.06.25-AM.jpeg\" \/>\n\t<meta property=\"og:image:width\" content=\"1280\" \/>\n\t<meta property=\"og:image:height\" content=\"853\" \/>\n\t<meta property=\"og:image:type\" content=\"image\/jpeg\" \/>\n<meta name=\"author\" content=\"Lui Ochoa\" \/>\n<meta name=\"twitter:card\" content=\"summary_large_image\" \/>\n<meta name=\"twitter:label1\" content=\"Escrito por\" \/>\n\t<meta name=\"twitter:data1\" content=\"Lui Ochoa\" \/>\n\t<meta name=\"twitter:label2\" content=\"Tiempo de lectura\" \/>\n\t<meta name=\"twitter:data2\" content=\"1 minuto\" \/>\n<script type=\"application\/ld+json\" class=\"yoast-schema-graph\">{\"@context\":\"https:\\\/\\\/schema.org\",\"@graph\":[{\"@type\":\"Article\",\"@id\":\"https:\\\/\\\/www.manabi.gob.ec\\\/index.php\\\/el-prefecto-leonardo-orlando-firmo-esta-manana-un-acta-transaccional-con-los-representantes-del-comite-central-unico-de-trabajadores-del-gobierno-provincial-de-manabi\\\/#article\",\"isPartOf\":{\"@id\":\"https:\\\/\\\/www.manabi.gob.ec\\\/index.php\\\/el-prefecto-leonardo-orlando-firmo-esta-manana-un-acta-transaccional-con-los-representantes-del-comite-central-unico-de-trabajadores-del-gobierno-provincial-de-manabi\\\/\"},\"author\":{\"name\":\"Lui Ochoa\",\"@id\":\"https:\\\/\\\/www.manabi.gob.ec\\\/#\\\/schema\\\/person\\\/c4f117989332ad723a6ced5994aa7d7a\"},\"headline\":\"El prefecto, Leonardo Orlando, firm\u00f3, esta ma\u00f1ana, un Acta Transaccional con los representantes del Comit\u00e9 Central \u00danico de Trabajadores del Gobierno Provincial de Manab\u00ed.\",\"datePublished\":\"2022-07-22T14:21:44+00:00\",\"dateModified\":\"2022-07-22T14:21:48+00:00\",\"mainEntityOfPage\":{\"@id\":\"https:\\\/\\\/www.manabi.gob.ec\\\/index.php\\\/el-prefecto-leonardo-orlando-firmo-esta-manana-un-acta-transaccional-con-los-representantes-del-comite-central-unico-de-trabajadores-del-gobierno-provincial-de-manabi\\\/\"},\"wordCount\":85,\"image\":{\"@id\":\"https:\\\/\\\/www.manabi.gob.ec\\\/index.php\\\/el-prefecto-leonardo-orlando-firmo-esta-manana-un-acta-transaccional-con-los-representantes-del-comite-central-unico-de-trabajadores-del-gobierno-provincial-de-manabi\\\/#primaryimage\"},\"thumbnailUrl\":\"https:\\\/\\\/www.manabi.gob.ec\\\/wp-content\\\/uploads\\\/2022\\\/07\\\/WhatsApp-Image-2022-07-18-at-10.06.25-AM.jpeg\",\"articleSection\":[\"Noticias\",\"Portoviejo\",\"Todas\"],\"inLanguage\":\"es\"},{\"@type\":\"WebPage\",\"@id\":\"https:\\\/\\\/www.manabi.gob.ec\\\/index.php\\\/el-prefecto-leonardo-orlando-firmo-esta-manana-un-acta-transaccional-con-los-representantes-del-comite-central-unico-de-trabajadores-del-gobierno-provincial-de-manabi\\\/\",\"url\":\"https:\\\/\\\/www.manabi.gob.ec\\\/index.php\\\/el-prefecto-leonardo-orlando-firmo-esta-manana-un-acta-transaccional-con-los-representantes-del-comite-central-unico-de-trabajadores-del-gobierno-provincial-de-manabi\\\/\",\"name\":\"El prefecto, Leonardo Orlando, firm\u00f3, esta ma\u00f1ana, un Acta Transaccional con los representantes del Comit\u00e9 Central \u00danico de Trabajadores del Gobierno Provincial de Manab\u00ed. - Prefectura de Manab\u00ed\",\"isPartOf\":{\"@id\":\"https:\\\/\\\/www.manabi.gob.ec\\\/#website\"},\"primaryImageOfPage\":{\"@id\":\"https:\\\/\\\/www.manabi.gob.ec\\\/index.php\\\/el-prefecto-leonardo-orlando-firmo-esta-manana-un-acta-transaccional-con-los-representantes-del-comite-central-unico-de-trabajadores-del-gobierno-provincial-de-manabi\\\/#primaryimage\"},\"image\":{\"@id\":\"https:\\\/\\\/www.manabi.gob.ec\\\/index.php\\\/el-prefecto-leonardo-orlando-firmo-esta-manana-un-acta-transaccional-con-los-representantes-del-comite-central-unico-de-trabajadores-del-gobierno-provincial-de-manabi\\\/#primaryimage\"},\"thumbnailUrl\":\"https:\\\/\\\/www.manabi.gob.ec\\\/wp-content\\\/uploads\\\/2022\\\/07\\\/WhatsApp-Image-2022-07-18-at-10.06.25-AM.jpeg\",\"datePublished\":\"2022-07-22T14:21:44+00:00\",\"dateModified\":\"2022-07-22T14:21:48+00:00\",\"author\":{\"@id\":\"https:\\\/\\\/www.manabi.gob.ec\\\/#\\\/schema\\\/person\\\/c4f117989332ad723a6ced5994aa7d7a\"},\"breadcrumb\":{\"@id\":\"https:\\\/\\\/www.manabi.gob.ec\\\/index.php\\\/el-prefecto-leonardo-orlando-firmo-esta-manana-un-acta-transaccional-con-los-representantes-del-comite-central-unico-de-trabajadores-del-gobierno-provincial-de-manabi\\\/#breadcrumb\"},\"inLanguage\":\"es\",\"potentialAction\":[{\"@type\":\"ReadAction\",\"target\":[\"https:\\\/\\\/www.manabi.gob.ec\\\/index.php\\\/el-prefecto-leonardo-orlando-firmo-esta-manana-un-acta-transaccional-con-los-representantes-del-comite-central-unico-de-trabajadores-del-gobierno-provincial-de-manabi\\\/\"]}]},{\"@type\":\"ImageObject\",\"inLanguage\":\"es\",\"@id\":\"https:\\\/\\\/www.manabi.gob.ec\\\/index.php\\\/el-prefecto-leonardo-orlando-firmo-esta-manana-un-acta-transaccional-con-los-representantes-del-comite-central-unico-de-trabajadores-del-gobierno-provincial-de-manabi\\\/#primaryimage\",\"url\":\"https:\\\/\\\/www.manabi.gob.ec\\\/wp-content\\\/uploads\\\/2022\\\/07\\\/WhatsApp-Image-2022-07-18-at-10.06.25-AM.jpeg\",\"contentUrl\":\"https:\\\/\\\/www.manabi.gob.ec\\\/wp-content\\\/uploads\\\/2022\\\/07\\\/WhatsApp-Image-2022-07-18-at-10.06.25-AM.jpeg\",\"width\":1280,\"height\":853},{\"@type\":\"BreadcrumbList\",\"@id\":\"https:\\\/\\\/www.manabi.gob.ec\\\/index.php\\\/el-prefecto-leonardo-orlando-firmo-esta-manana-un-acta-transaccional-con-los-representantes-del-comite-central-unico-de-trabajadores-del-gobierno-provincial-de-manabi\\\/#breadcrumb\",\"itemListElement\":[{\"@type\":\"ListItem\",\"position\":1,\"name\":\"Portada\",\"item\":\"https:\\\/\\\/www.manabi.gob.ec\\\/\"},{\"@type\":\"ListItem\",\"position\":2,\"name\":\"El prefecto, Leonardo Orlando, firm\u00f3, esta ma\u00f1ana, un Acta Transaccional con los representantes del Comit\u00e9 Central \u00danico de Trabajadores del Gobierno Provincial de Manab\u00ed.\"}]},{\"@type\":\"WebSite\",\"@id\":\"https:\\\/\\\/www.manabi.gob.ec\\\/#website\",\"url\":\"https:\\\/\\\/www.manabi.gob.ec\\\/\",\"name\":\"Prefectura de Manab\u00ed\",\"description\":\"P\u00e1gina web de la prefectura\",\"potentialAction\":[{\"@type\":\"SearchAction\",\"target\":{\"@type\":\"EntryPoint\",\"urlTemplate\":\"https:\\\/\\\/www.manabi.gob.ec\\\/?s={search_term_string}\"},\"query-input\":{\"@type\":\"PropertyValueSpecification\",\"valueRequired\":true,\"valueName\":\"search_term_string\"}}],\"inLanguage\":\"es\"},{\"@type\":\"Person\",\"@id\":\"https:\\\/\\\/www.manabi.gob.ec\\\/#\\\/schema\\\/person\\\/c4f117989332ad723a6ced5994aa7d7a\",\"name\":\"Lui Ochoa\",\"image\":{\"@type\":\"ImageObject\",\"inLanguage\":\"es\",\"@id\":\"https:\\\/\\\/secure.gravatar.com\\\/avatar\\\/6e8017d0fe69dead8a95864d2eb6e1e1d8bf8e01194ba49cf7b897ff038126ba?s=96&d=mm&r=g\",\"url\":\"https:\\\/\\\/secure.gravatar.com\\\/avatar\\\/6e8017d0fe69dead8a95864d2eb6e1e1d8bf8e01194ba49cf7b897ff038126ba?s=96&d=mm&r=g\",\"contentUrl\":\"https:\\\/\\\/secure.gravatar.com\\\/avatar\\\/6e8017d0fe69dead8a95864d2eb6e1e1d8bf8e01194ba49cf7b897ff038126ba?s=96&d=mm&r=g\",\"caption\":\"Lui Ochoa\"},\"url\":\"https:\\\/\\\/www.manabi.gob.ec\\\/index.php\\\/author\\\/lochoa\\\/\"}]}<\/script>\n<!-- \/ Yoast SEO plugin. -->","yoast_head_json":{"title":"El prefecto, Leonardo Orlando, firm\u00f3, esta ma\u00f1ana, un Acta Transaccional con los representantes del Comit\u00e9 Central \u00danico de Trabajadores del Gobierno Provincial de Manab\u00ed. - Prefectura de Manab\u00ed","robots":{"index":"index","follow":"follow","max-snippet":"max-snippet:-1","max-image-preview":"max-image-preview:large","max-video-preview":"max-video-preview:-1"},"canonical":"https:\/\/www.manabi.gob.ec\/index.php\/el-prefecto-leonardo-orlando-firmo-esta-manana-un-acta-transaccional-con-los-representantes-del-comite-central-unico-de-trabajadores-del-gobierno-provincial-de-manabi\/","og_locale":"es_ES","og_type":"article","og_title":"El prefecto, Leonardo Orlando, firm\u00f3, esta ma\u00f1ana, un Acta Transaccional con los representantes del Comit\u00e9 Central \u00danico de Trabajadores del Gobierno Provincial de Manab\u00ed. - Prefectura de Manab\u00ed","og_description":"Se trata de un documento importante para la buena marcha institucional, ya que a trav\u00e9s del mismo se formalizan acuerdos logrados en las negociaciones del Contrato Colectivo a favor de trabajadores y operadores, por concepto de vacaciones, uniformes, seguridad industrial, y otras conquistas. Con esto, tambi\u00e9n, se ratifica el compromiso de bienestar y servicio con [&hellip;]","og_url":"https:\/\/www.manabi.gob.ec\/index.php\/el-prefecto-leonardo-orlando-firmo-esta-manana-un-acta-transaccional-con-los-representantes-del-comite-central-unico-de-trabajadores-del-gobierno-provincial-de-manabi\/","og_site_name":"Prefectura de Manab\u00ed","article_published_time":"2022-07-22T14:21:44+00:00","article_modified_time":"2022-07-22T14:21:48+00:00","og_image":[{"width":1280,"height":853,"url":"https:\/\/www.manabi.gob.ec\/wp-content\/uploads\/2022\/07\/WhatsApp-Image-2022-07-18-at-10.06.25-AM.jpeg","type":"image\/jpeg"}],"author":"Lui Ochoa","twitter_card":"summary_large_image","twitter_misc":{"Escrito por":"Lui Ochoa","Tiempo de lectura":"1 minuto"},"schema":{"@context":"https:\/\/schema.org","@graph":[{"@type":"Article","@id":"https:\/\/www.manabi.gob.ec\/index.php\/el-prefecto-leonardo-orlando-firmo-esta-manana-un-acta-transaccional-con-los-representantes-del-comite-central-unico-de-trabajadores-del-gobierno-provincial-de-manabi\/#article","isPartOf":{"@id":"https:\/\/www.manabi.gob.ec\/index.php\/el-prefecto-leonardo-orlando-firmo-esta-manana-un-acta-transaccional-con-los-representantes-del-comite-central-unico-de-trabajadores-del-gobierno-provincial-de-manabi\/"},"author":{"name":"Lui Ochoa","@id":"https:\/\/www.manabi.gob.ec\/#\/schema\/person\/c4f117989332ad723a6ced5994aa7d7a"},"headline":"El prefecto, Leonardo Orlando, firm\u00f3, esta ma\u00f1ana, un Acta Transaccional con los representantes del Comit\u00e9 Central \u00danico de Trabajadores del Gobierno Provincial de Manab\u00ed.","datePublished":"2022-07-22T14:21:44+00:00","dateModified":"2022-07-22T14:21:48+00:00","mainEntityOfPage":{"@id":"https:\/\/www.manabi.gob.ec\/index.php\/el-prefecto-leonardo-orlando-firmo-esta-manana-un-acta-transaccional-con-los-representantes-del-comite-central-unico-de-trabajadores-del-gobierno-provincial-de-manabi\/"},"wordCount":85,"image":{"@id":"https:\/\/www.manabi.gob.ec\/index.php\/el-prefecto-leonardo-orlando-firmo-esta-manana-un-acta-transaccional-con-los-representantes-del-comite-central-unico-de-trabajadores-del-gobierno-provincial-de-manabi\/#primaryimage"},"thumbnailUrl":"https:\/\/www.manabi.gob.ec\/wp-content\/uploads\/2022\/07\/WhatsApp-Image-2022-07-18-at-10.06.25-AM.jpeg","articleSection":["Noticias","Portoviejo","Todas"],"inLanguage":"es"},{"@type":"WebPage","@id":"https:\/\/www.manabi.gob.ec\/index.php\/el-prefecto-leonardo-orlando-firmo-esta-manana-un-acta-transaccional-con-los-representantes-del-comite-central-unico-de-trabajadores-del-gobierno-provincial-de-manabi\/","url":"https:\/\/www.manabi.gob.ec\/index.php\/el-prefecto-leonardo-orlando-firmo-esta-manana-un-acta-transaccional-con-los-representantes-del-comite-central-unico-de-trabajadores-del-gobierno-provincial-de-manabi\/","name":"El prefecto, Leonardo Orlando, firm\u00f3, esta ma\u00f1ana, un Acta Transaccional con los representantes del Comit\u00e9 Central \u00danico de Trabajadores del Gobierno Provincial de Manab\u00ed. - Prefectura de Manab\u00ed","isPartOf":{"@id":"https:\/\/www.manabi.gob.ec\/#website"},"primaryImageOfPage":{"@id":"https:\/\/www.manabi.gob.ec\/index.php\/el-prefecto-leonardo-orlando-firmo-esta-manana-un-acta-transaccional-con-los-representantes-del-comite-central-unico-de-trabajadores-del-gobierno-provincial-de-manabi\/#primaryimage"},"image":{"@id":"https:\/\/www.manabi.gob.ec\/index.php\/el-prefecto-leonardo-orlando-firmo-esta-manana-un-acta-transaccional-con-los-representantes-del-comite-central-unico-de-trabajadores-del-gobierno-provincial-de-manabi\/#primaryimage"},"thumbnailUrl":"https:\/\/www.manabi.gob.ec\/wp-content\/uploads\/2022\/07\/WhatsApp-Image-2022-07-18-at-10.06.25-AM.jpeg","datePublished":"2022-07-22T14:21:44+00:00","dateModified":"2022-07-22T14:21:48+00:00","author":{"@id":"https:\/\/www.manabi.gob.ec\/#\/schema\/person\/c4f117989332ad723a6ced5994aa7d7a"},"breadcrumb":{"@id":"https:\/\/www.manabi.gob.ec\/index.php\/el-prefecto-leonardo-orlando-firmo-esta-manana-un-acta-transaccional-con-los-representantes-del-comite-central-unico-de-trabajadores-del-gobierno-provincial-de-manabi\/#breadcrumb"},"inLanguage":"es","potentialAction":[{"@type":"ReadAction","target":["https:\/\/www.manabi.gob.ec\/index.php\/el-prefecto-leonardo-orlando-firmo-esta-manana-un-acta-transaccional-con-los-representantes-del-comite-central-unico-de-trabajadores-del-gobierno-provincial-de-manabi\/"]}]},{"@type":"ImageObject","inLanguage":"es","@id":"https:\/\/www.manabi.gob.ec\/index.php\/el-prefecto-leonardo-orlando-firmo-esta-manana-un-acta-transaccional-con-los-representantes-del-comite-central-unico-de-trabajadores-del-gobierno-provincial-de-manabi\/#primaryimage","url":"https:\/\/www.manabi.gob.ec\/wp-content\/uploads\/2022\/07\/WhatsApp-Image-2022-07-18-at-10.06.25-AM.jpeg","contentUrl":"https:\/\/www.manabi.gob.ec\/wp-content\/uploads\/2022\/07\/WhatsApp-Image-2022-07-18-at-10.06.25-AM.jpeg","width":1280,"height":853},{"@type":"BreadcrumbList","@id":"https:\/\/www.manabi.gob.ec\/index.php\/el-prefecto-leonardo-orlando-firmo-esta-manana-un-acta-transaccional-con-los-representantes-del-comite-central-unico-de-trabajadores-del-gobierno-provincial-de-manabi\/#breadcrumb","itemListElement":[{"@type":"ListItem","position":1,"name":"Portada","item":"https:\/\/www.manabi.gob.ec\/"},{"@type":"ListItem","position":2,"name":"El prefecto, Leonardo Orlando, firm\u00f3, esta ma\u00f1ana, un Acta Transaccional con los representantes del Comit\u00e9 Central \u00danico de Trabajadores del Gobierno Provincial de Manab\u00ed."}]},{"@type":"WebSite","@id":"https:\/\/www.manabi.gob.ec\/#website","url":"https:\/\/www.manabi.gob.ec\/","name":"Prefectura de Manab\u00ed","description":"P\u00e1gina web de la prefectura","potentialAction":[{"@type":"SearchAction","target":{"@type":"EntryPoint","urlTemplate":"https:\/\/www.manabi.gob.ec\/?s={search_term_string}"},"query-input":{"@type":"PropertyValueSpecification","valueRequired":true,"valueName":"search_term_string"}}],"inLanguage":"es"},{"@type":"Person","@id":"https:\/\/www.manabi.gob.ec\/#\/schema\/person\/c4f117989332ad723a6ced5994aa7d7a","name":"Lui Ochoa","image":{"@type":"ImageObject","inLanguage":"es","@id":"https:\/\/secure.gravatar.com\/avatar\/6e8017d0fe69dead8a95864d2eb6e1e1d8bf8e01194ba49cf7b897ff038126ba?s=96&d=mm&r=g","url":"https:\/\/secure.gravatar.com\/avatar\/6e8017d0fe69dead8a95864d2eb6e1e1d8bf8e01194ba49cf7b897ff038126ba?s=96&d=mm&r=g","contentUrl":"https:\/\/secure.gravatar.com\/avatar\/6e8017d0fe69dead8a95864d2eb6e1e1d8bf8e01194ba49cf7b897ff038126ba?s=96&d=mm&r=g","caption":"Lui Ochoa"},"url":"https:\/\/www.manabi.gob.ec\/index.php\/author\/lochoa\/"}]}},"jetpack_featured_media_url":"https:\/\/www.manabi.gob.ec\/wp-content\/uploads\/2022\/07\/WhatsApp-Image-2022-07-18-at-10.06.25-AM.jpeg","_links":{"self":[{"href":"https:\/\/www.manabi.gob.ec\/index.php\/wp-json\/wp\/v2\/posts\/21466","targetHints":{"allow":["GET"]}}],"collection":[{"href":"https:\/\/www.manabi.gob.ec\/index.php\/wp-json\/wp\/v2\/posts"}],"about":[{"href":"https:\/\/www.manabi.gob.ec\/index.php\/wp-json\/wp\/v2\/types\/post"}],"author":[{"embeddable":true,"href":"https:\/\/www.manabi.gob.ec\/index.php\/wp-json\/wp\/v2\/users\/10"}],"replies":[{"embeddable":true,"href":"https:\/\/www.manabi.gob.ec\/index.php\/wp-json\/wp\/v2\/comments?post=21466"}],"version-history":[{"count":0,"href":"https:\/\/www.manabi.gob.ec\/index.php\/wp-json\/wp\/v2\/posts\/21466\/revisions"}],"wp:featuredmedia":[{"embeddable":true,"href":"https:\/\/www.manabi.gob.ec\/index.php\/wp-json\/wp\/v2\/media\/21467"}],"wp:attachment":[{"href":"https:\/\/www.manabi.gob.ec\/index.php\/wp-json\/wp\/v2\/media?parent=21466"}],"wp:term":[{"taxonomy":"category","embeddable":true,"href":"https:\/\/www.manabi.gob.ec\/index.php\/wp-json\/wp\/v2\/categories?post=21466"},{"taxonomy":"post_tag","embeddable":true,"href":"https:\/\/www.manabi.gob.ec\/index.php\/wp-json\/wp\/v2\/tags?post=21466"}],"curies":[{"name":"wp","href":"https:\/\/api.w.org\/{rel}","templated":true}]}}