{"id":21550,"date":"2022-07-29T15:15:31","date_gmt":"2022-07-29T15:15:31","guid":{"rendered":"https:\/\/www.manabi.gob.ec\/?p=21550"},"modified":"2022-07-29T15:15:36","modified_gmt":"2022-07-29T15:15:36","slug":"las-mujeres-de-menos-pensado-no-conocen-de-limites","status":"publish","type":"post","link":"https:\/\/www.manabi.gob.ec\/index.php\/las-mujeres-de-menos-pensado-no-conocen-de-limites\/","title":{"rendered":"Las mujeres de \u201cMenos Pensado\u201d no conocen de l\u00edmites."},"content":{"rendered":"\n<p><\/p>\n\n\n\n<p>Las integrantes de la Asociaci\u00f3n de Mujeres Apicultoras \u00abReinas Obreras&#8217;, de la comunidad Menos Pensado, de la parroquia Santa Antonio de Chone, no conocen de l\u00edmites, son 13 guerreras que incursionaron en el mundo de las abejas en el a\u00f1o 2017.<\/p>\n\n\n\n<p>Hoy, luego de cinco a\u00f1os, son emprendedoras en la extracci\u00f3n de miel de abeja org\u00e1nica, producto de buen sabor y calidad.<\/p>\n\n\n\n<p>Las Reinas Obreras reciben el apoyo de la Prefectura de Manab\u00ed, a trav\u00e9s de Manab\u00ed Produce, empresa p\u00fablica que fortalece las buenas practicas de producci\u00f3n con la entrega de equipos, herramientas, insumos y asistencia t\u00e9cnica a las familias apicultoras de los cantones Chone, Sucre, San Vicente, Pedernales, Rocafuerte y Jipijapa.<\/p>\n\n\n\n<p>Este vienes 22 de julio, la viceprefecta, Kelly Buenaventura, particip\u00f3 del acto de entrega de 720 embases de vidrio que realiz\u00f3 la Organizaci\u00f3n de las Naciones Unidas para la Agricultura y la Alimentaci\u00f3n (FAO), como parte del programa Enfoques de G\u00e9nero Transformadores para la Seguridad Alimentaci\u00f3n y la Nutrici\u00f3n.<\/p>\n\n\n\n<p>El proyecto que impulsa la Prefectura beneficia a 61 productores y representa una inversi\u00f3n de $ 93.148,16.<\/p>\n","protected":false},"excerpt":{"rendered":"<p>as integrantes de la Asociaci\u00f3n de Mujeres Apicultoras \u00abReinas Obreras&#8217;, de la comunidad Menos Pensado, de la parroquia Santa Antonio de Chone, no conocen de l\u00edmites, son 13 guerreras que incursionaron en el mundo de las abejas en el a\u00f1o 2017.<\/p>\n","protected":false},"author":10,"featured_media":21552,"comment_status":"closed","ping_status":"closed","sticky":false,"template":"","format":"standard","meta":{"_joinchat":[],"footnotes":""},"categories":[141,142,92,132,140,91],"tags":[],"class_list":["post-21550","post","type-post","status-publish","format-standard","has-post-thumbnail","hentry","category-chone","category-desarrollo-social","category-noticias-manabi","category-portoviejo","category-produccion","category-todas"],"yoast_head":"<!-- This site is optimized with the Yoast SEO plugin v27.4 - https:\/\/yoast.com\/product\/yoast-seo-wordpress\/ -->\n<title>Las mujeres de \u201cMenos Pensado\u201d no conocen de l\u00edmites. - Prefectura de Manab\u00ed<\/title>\n<meta name=\"description\" content=\"Las integrantes de la Asociaci\u00f3n de Mujeres Apicultoras &quot;Reinas Obreras&#039;, de la comunidad Menos Pensado, de la parroquia Santa Antonio de Chone, no conocen de l\u00edmites, son 13 guerreras que incursionaron en el mundo de las abejas en el a\u00f1o 2017.Hoy, luego de cinco a\u00f1os, son emprendedoras en la extracci\u00f3n de miel de abeja org\u00e1nica, producto de buen sabor y calidad.Las Reinas Obreras reciben el apoyo de la Prefectura de Manab\u00ed, a trav\u00e9s de Manab\u00ed Produce, empresa p\u00fablica que fortalece las buenas practicas de producci\u00f3n con la entrega de equipos, herramientas, insumos y asistencia t\u00e9cnica a las familias apicultoras de los cantones Chone, Sucre, San Vicente, Pedernales, Rocafuerte y Jipijapa.Este vienes 22 de julio, la viceprefecta, Kelly Buenaventura, particip\u00f3 del acto de entrega de 720 embases de vidrio que realiz\u00f3 la Organizaci\u00f3n de las Naciones Unidas para la Agricultura y la Alimentaci\u00f3n (FAO), como parte del programa Enfoques de G\u00e9nero Transformadores para la Seguridad Alimentaci\u00f3n y la Nutrici\u00f3n.El proyecto que impulsa la Prefectura beneficia a 61 productores y representa una inversi\u00f3n de $ 93.148,16.\" \/>\n<meta name=\"robots\" content=\"index, follow, max-snippet:-1, max-image-preview:large, max-video-preview:-1\" \/>\n<link rel=\"canonical\" href=\"https:\/\/www.manabi.gob.ec\/index.php\/las-mujeres-de-menos-pensado-no-conocen-de-limites\/\" \/>\n<meta property=\"og:locale\" content=\"es_ES\" \/>\n<meta property=\"og:type\" content=\"article\" \/>\n<meta property=\"og:title\" content=\"Las mujeres de \u201cMenos Pensado\u201d no conocen de l\u00edmites. - Prefectura de Manab\u00ed\" \/>\n<meta property=\"og:description\" content=\"Las integrantes de la Asociaci\u00f3n de Mujeres Apicultoras &quot;Reinas Obreras&#039;, de la comunidad Menos Pensado, de la parroquia Santa Antonio de Chone, no conocen de l\u00edmites, son 13 guerreras que incursionaron en el mundo de las abejas en el a\u00f1o 2017.Hoy, luego de cinco a\u00f1os, son emprendedoras en la extracci\u00f3n de miel de abeja org\u00e1nica, producto de buen sabor y calidad.Las Reinas Obreras reciben el apoyo de la Prefectura de Manab\u00ed, a trav\u00e9s de Manab\u00ed Produce, empresa p\u00fablica que fortalece las buenas practicas de producci\u00f3n con la entrega de equipos, herramientas, insumos y asistencia t\u00e9cnica a las familias apicultoras de los cantones Chone, Sucre, San Vicente, Pedernales, Rocafuerte y Jipijapa.Este vienes 22 de julio, la viceprefecta, Kelly Buenaventura, particip\u00f3 del acto de entrega de 720 embases de vidrio que realiz\u00f3 la Organizaci\u00f3n de las Naciones Unidas para la Agricultura y la Alimentaci\u00f3n (FAO), como parte del programa Enfoques de G\u00e9nero Transformadores para la Seguridad Alimentaci\u00f3n y la Nutrici\u00f3n.El proyecto que impulsa la Prefectura beneficia a 61 productores y representa una inversi\u00f3n de $ 93.148,16.\" \/>\n<meta property=\"og:url\" content=\"https:\/\/www.manabi.gob.ec\/index.php\/las-mujeres-de-menos-pensado-no-conocen-de-limites\/\" \/>\n<meta property=\"og:site_name\" content=\"Prefectura de Manab\u00ed\" \/>\n<meta property=\"article:published_time\" content=\"2022-07-29T15:15:31+00:00\" \/>\n<meta property=\"article:modified_time\" content=\"2022-07-29T15:15:36+00:00\" \/>\n<meta property=\"og:image\" content=\"https:\/\/www.manabi.gob.ec\/wp-content\/uploads\/2022\/07\/WhatsApp-Image-2022-07-22-at-7.40.38-PM-1.jpeg\" \/>\n\t<meta property=\"og:image:width\" content=\"1280\" \/>\n\t<meta property=\"og:image:height\" content=\"961\" \/>\n\t<meta property=\"og:image:type\" content=\"image\/jpeg\" \/>\n<meta name=\"author\" content=\"Lui Ochoa\" \/>\n<meta name=\"twitter:card\" content=\"summary_large_image\" \/>\n<meta name=\"twitter:label1\" content=\"Escrito por\" \/>\n\t<meta name=\"twitter:data1\" content=\"Lui Ochoa\" \/>\n\t<meta name=\"twitter:label2\" content=\"Tiempo de lectura\" \/>\n\t<meta name=\"twitter:data2\" content=\"1 minuto\" \/>\n<script type=\"application\/ld+json\" class=\"yoast-schema-graph\">{\"@context\":\"https:\\\/\\\/schema.org\",\"@graph\":[{\"@type\":\"Article\",\"@id\":\"https:\\\/\\\/www.manabi.gob.ec\\\/index.php\\\/las-mujeres-de-menos-pensado-no-conocen-de-limites\\\/#article\",\"isPartOf\":{\"@id\":\"https:\\\/\\\/www.manabi.gob.ec\\\/index.php\\\/las-mujeres-de-menos-pensado-no-conocen-de-limites\\\/\"},\"author\":{\"name\":\"Lui Ochoa\",\"@id\":\"https:\\\/\\\/www.manabi.gob.ec\\\/#\\\/schema\\\/person\\\/c4f117989332ad723a6ced5994aa7d7a\"},\"headline\":\"Las mujeres de \u201cMenos Pensado\u201d no conocen de l\u00edmites.\",\"datePublished\":\"2022-07-29T15:15:31+00:00\",\"dateModified\":\"2022-07-29T15:15:36+00:00\",\"mainEntityOfPage\":{\"@id\":\"https:\\\/\\\/www.manabi.gob.ec\\\/index.php\\\/las-mujeres-de-menos-pensado-no-conocen-de-limites\\\/\"},\"wordCount\":197,\"image\":{\"@id\":\"https:\\\/\\\/www.manabi.gob.ec\\\/index.php\\\/las-mujeres-de-menos-pensado-no-conocen-de-limites\\\/#primaryimage\"},\"thumbnailUrl\":\"https:\\\/\\\/www.manabi.gob.ec\\\/wp-content\\\/uploads\\\/2022\\\/07\\\/WhatsApp-Image-2022-07-22-at-7.40.38-PM-1.jpeg\",\"articleSection\":[\"Chone\",\"Desarrollo Social\",\"Noticias\",\"Portoviejo\",\"Producci\u00f3n\",\"Todas\"],\"inLanguage\":\"es\"},{\"@type\":\"WebPage\",\"@id\":\"https:\\\/\\\/www.manabi.gob.ec\\\/index.php\\\/las-mujeres-de-menos-pensado-no-conocen-de-limites\\\/\",\"url\":\"https:\\\/\\\/www.manabi.gob.ec\\\/index.php\\\/las-mujeres-de-menos-pensado-no-conocen-de-limites\\\/\",\"name\":\"Las mujeres de \u201cMenos Pensado\u201d no conocen de l\u00edmites. - Prefectura de Manab\u00ed\",\"isPartOf\":{\"@id\":\"https:\\\/\\\/www.manabi.gob.ec\\\/#website\"},\"primaryImageOfPage\":{\"@id\":\"https:\\\/\\\/www.manabi.gob.ec\\\/index.php\\\/las-mujeres-de-menos-pensado-no-conocen-de-limites\\\/#primaryimage\"},\"image\":{\"@id\":\"https:\\\/\\\/www.manabi.gob.ec\\\/index.php\\\/las-mujeres-de-menos-pensado-no-conocen-de-limites\\\/#primaryimage\"},\"thumbnailUrl\":\"https:\\\/\\\/www.manabi.gob.ec\\\/wp-content\\\/uploads\\\/2022\\\/07\\\/WhatsApp-Image-2022-07-22-at-7.40.38-PM-1.jpeg\",\"datePublished\":\"2022-07-29T15:15:31+00:00\",\"dateModified\":\"2022-07-29T15:15:36+00:00\",\"author\":{\"@id\":\"https:\\\/\\\/www.manabi.gob.ec\\\/#\\\/schema\\\/person\\\/c4f117989332ad723a6ced5994aa7d7a\"},\"description\":\"Las integrantes de la Asociaci\u00f3n de Mujeres Apicultoras \\\"Reinas Obreras', de la comunidad Menos Pensado, de la parroquia Santa Antonio de Chone, no conocen de l\u00edmites, son 13 guerreras que incursionaron en el mundo de las abejas en el a\u00f1o 2017.Hoy, luego de cinco a\u00f1os, son emprendedoras en la extracci\u00f3n de miel de abeja org\u00e1nica, producto de buen sabor y calidad.Las Reinas Obreras reciben el apoyo de la Prefectura de Manab\u00ed, a trav\u00e9s de Manab\u00ed Produce, empresa p\u00fablica que fortalece las buenas practicas de producci\u00f3n con la entrega de equipos, herramientas, insumos y asistencia t\u00e9cnica a las familias apicultoras de los cantones Chone, Sucre, San Vicente, Pedernales, Rocafuerte y Jipijapa.Este vienes 22 de julio, la viceprefecta, Kelly Buenaventura, particip\u00f3 del acto de entrega de 720 embases de vidrio que realiz\u00f3 la Organizaci\u00f3n de las Naciones Unidas para la Agricultura y la Alimentaci\u00f3n (FAO), como parte del programa Enfoques de G\u00e9nero Transformadores para la Seguridad Alimentaci\u00f3n y la Nutrici\u00f3n.El proyecto que impulsa la Prefectura beneficia a 61 productores y representa una inversi\u00f3n de $ 93.148,16.\",\"breadcrumb\":{\"@id\":\"https:\\\/\\\/www.manabi.gob.ec\\\/index.php\\\/las-mujeres-de-menos-pensado-no-conocen-de-limites\\\/#breadcrumb\"},\"inLanguage\":\"es\",\"potentialAction\":[{\"@type\":\"ReadAction\",\"target\":[\"https:\\\/\\\/www.manabi.gob.ec\\\/index.php\\\/las-mujeres-de-menos-pensado-no-conocen-de-limites\\\/\"]}]},{\"@type\":\"ImageObject\",\"inLanguage\":\"es\",\"@id\":\"https:\\\/\\\/www.manabi.gob.ec\\\/index.php\\\/las-mujeres-de-menos-pensado-no-conocen-de-limites\\\/#primaryimage\",\"url\":\"https:\\\/\\\/www.manabi.gob.ec\\\/wp-content\\\/uploads\\\/2022\\\/07\\\/WhatsApp-Image-2022-07-22-at-7.40.38-PM-1.jpeg\",\"contentUrl\":\"https:\\\/\\\/www.manabi.gob.ec\\\/wp-content\\\/uploads\\\/2022\\\/07\\\/WhatsApp-Image-2022-07-22-at-7.40.38-PM-1.jpeg\",\"width\":1280,\"height\":961},{\"@type\":\"BreadcrumbList\",\"@id\":\"https:\\\/\\\/www.manabi.gob.ec\\\/index.php\\\/las-mujeres-de-menos-pensado-no-conocen-de-limites\\\/#breadcrumb\",\"itemListElement\":[{\"@type\":\"ListItem\",\"position\":1,\"name\":\"Portada\",\"item\":\"https:\\\/\\\/www.manabi.gob.ec\\\/\"},{\"@type\":\"ListItem\",\"position\":2,\"name\":\"Las mujeres de \u201cMenos Pensado\u201d no conocen de l\u00edmites.\"}]},{\"@type\":\"WebSite\",\"@id\":\"https:\\\/\\\/www.manabi.gob.ec\\\/#website\",\"url\":\"https:\\\/\\\/www.manabi.gob.ec\\\/\",\"name\":\"Prefectura de Manab\u00ed\",\"description\":\"P\u00e1gina web de la prefectura\",\"potentialAction\":[{\"@type\":\"SearchAction\",\"target\":{\"@type\":\"EntryPoint\",\"urlTemplate\":\"https:\\\/\\\/www.manabi.gob.ec\\\/?s={search_term_string}\"},\"query-input\":{\"@type\":\"PropertyValueSpecification\",\"valueRequired\":true,\"valueName\":\"search_term_string\"}}],\"inLanguage\":\"es\"},{\"@type\":\"Person\",\"@id\":\"https:\\\/\\\/www.manabi.gob.ec\\\/#\\\/schema\\\/person\\\/c4f117989332ad723a6ced5994aa7d7a\",\"name\":\"Lui Ochoa\",\"image\":{\"@type\":\"ImageObject\",\"inLanguage\":\"es\",\"@id\":\"https:\\\/\\\/secure.gravatar.com\\\/avatar\\\/6e8017d0fe69dead8a95864d2eb6e1e1d8bf8e01194ba49cf7b897ff038126ba?s=96&d=mm&r=g\",\"url\":\"https:\\\/\\\/secure.gravatar.com\\\/avatar\\\/6e8017d0fe69dead8a95864d2eb6e1e1d8bf8e01194ba49cf7b897ff038126ba?s=96&d=mm&r=g\",\"contentUrl\":\"https:\\\/\\\/secure.gravatar.com\\\/avatar\\\/6e8017d0fe69dead8a95864d2eb6e1e1d8bf8e01194ba49cf7b897ff038126ba?s=96&d=mm&r=g\",\"caption\":\"Lui Ochoa\"},\"url\":\"https:\\\/\\\/www.manabi.gob.ec\\\/index.php\\\/author\\\/lochoa\\\/\"}]}<\/script>\n<!-- \/ Yoast SEO plugin. -->","yoast_head_json":{"title":"Las mujeres de \u201cMenos Pensado\u201d no conocen de l\u00edmites. - Prefectura de Manab\u00ed","description":"Las integrantes de la Asociaci\u00f3n de Mujeres Apicultoras \"Reinas Obreras', de la comunidad Menos Pensado, de la parroquia Santa Antonio de Chone, no conocen de l\u00edmites, son 13 guerreras que incursionaron en el mundo de las abejas en el a\u00f1o 2017.Hoy, luego de cinco a\u00f1os, son emprendedoras en la extracci\u00f3n de miel de abeja org\u00e1nica, producto de buen sabor y calidad.Las Reinas Obreras reciben el apoyo de la Prefectura de Manab\u00ed, a trav\u00e9s de Manab\u00ed Produce, empresa p\u00fablica que fortalece las buenas practicas de producci\u00f3n con la entrega de equipos, herramientas, insumos y asistencia t\u00e9cnica a las familias apicultoras de los cantones Chone, Sucre, San Vicente, Pedernales, Rocafuerte y Jipijapa.Este vienes 22 de julio, la viceprefecta, Kelly Buenaventura, particip\u00f3 del acto de entrega de 720 embases de vidrio que realiz\u00f3 la Organizaci\u00f3n de las Naciones Unidas para la Agricultura y la Alimentaci\u00f3n (FAO), como parte del programa Enfoques de G\u00e9nero Transformadores para la Seguridad Alimentaci\u00f3n y la Nutrici\u00f3n.El proyecto que impulsa la Prefectura beneficia a 61 productores y representa una inversi\u00f3n de $ 93.148,16.","robots":{"index":"index","follow":"follow","max-snippet":"max-snippet:-1","max-image-preview":"max-image-preview:large","max-video-preview":"max-video-preview:-1"},"canonical":"https:\/\/www.manabi.gob.ec\/index.php\/las-mujeres-de-menos-pensado-no-conocen-de-limites\/","og_locale":"es_ES","og_type":"article","og_title":"Las mujeres de \u201cMenos Pensado\u201d no conocen de l\u00edmites. - Prefectura de Manab\u00ed","og_description":"Las integrantes de la Asociaci\u00f3n de Mujeres Apicultoras \"Reinas Obreras', de la comunidad Menos Pensado, de la parroquia Santa Antonio de Chone, no conocen de l\u00edmites, son 13 guerreras que incursionaron en el mundo de las abejas en el a\u00f1o 2017.Hoy, luego de cinco a\u00f1os, son emprendedoras en la extracci\u00f3n de miel de abeja org\u00e1nica, producto de buen sabor y calidad.Las Reinas Obreras reciben el apoyo de la Prefectura de Manab\u00ed, a trav\u00e9s de Manab\u00ed Produce, empresa p\u00fablica que fortalece las buenas practicas de producci\u00f3n con la entrega de equipos, herramientas, insumos y asistencia t\u00e9cnica a las familias apicultoras de los cantones Chone, Sucre, San Vicente, Pedernales, Rocafuerte y Jipijapa.Este vienes 22 de julio, la viceprefecta, Kelly Buenaventura, particip\u00f3 del acto de entrega de 720 embases de vidrio que realiz\u00f3 la Organizaci\u00f3n de las Naciones Unidas para la Agricultura y la Alimentaci\u00f3n (FAO), como parte del programa Enfoques de G\u00e9nero Transformadores para la Seguridad Alimentaci\u00f3n y la Nutrici\u00f3n.El proyecto que impulsa la Prefectura beneficia a 61 productores y representa una inversi\u00f3n de $ 93.148,16.","og_url":"https:\/\/www.manabi.gob.ec\/index.php\/las-mujeres-de-menos-pensado-no-conocen-de-limites\/","og_site_name":"Prefectura de Manab\u00ed","article_published_time":"2022-07-29T15:15:31+00:00","article_modified_time":"2022-07-29T15:15:36+00:00","og_image":[{"width":1280,"height":961,"url":"https:\/\/www.manabi.gob.ec\/wp-content\/uploads\/2022\/07\/WhatsApp-Image-2022-07-22-at-7.40.38-PM-1.jpeg","type":"image\/jpeg"}],"author":"Lui Ochoa","twitter_card":"summary_large_image","twitter_misc":{"Escrito por":"Lui Ochoa","Tiempo de lectura":"1 minuto"},"schema":{"@context":"https:\/\/schema.org","@graph":[{"@type":"Article","@id":"https:\/\/www.manabi.gob.ec\/index.php\/las-mujeres-de-menos-pensado-no-conocen-de-limites\/#article","isPartOf":{"@id":"https:\/\/www.manabi.gob.ec\/index.php\/las-mujeres-de-menos-pensado-no-conocen-de-limites\/"},"author":{"name":"Lui Ochoa","@id":"https:\/\/www.manabi.gob.ec\/#\/schema\/person\/c4f117989332ad723a6ced5994aa7d7a"},"headline":"Las mujeres de \u201cMenos Pensado\u201d no conocen de l\u00edmites.","datePublished":"2022-07-29T15:15:31+00:00","dateModified":"2022-07-29T15:15:36+00:00","mainEntityOfPage":{"@id":"https:\/\/www.manabi.gob.ec\/index.php\/las-mujeres-de-menos-pensado-no-conocen-de-limites\/"},"wordCount":197,"image":{"@id":"https:\/\/www.manabi.gob.ec\/index.php\/las-mujeres-de-menos-pensado-no-conocen-de-limites\/#primaryimage"},"thumbnailUrl":"https:\/\/www.manabi.gob.ec\/wp-content\/uploads\/2022\/07\/WhatsApp-Image-2022-07-22-at-7.40.38-PM-1.jpeg","articleSection":["Chone","Desarrollo Social","Noticias","Portoviejo","Producci\u00f3n","Todas"],"inLanguage":"es"},{"@type":"WebPage","@id":"https:\/\/www.manabi.gob.ec\/index.php\/las-mujeres-de-menos-pensado-no-conocen-de-limites\/","url":"https:\/\/www.manabi.gob.ec\/index.php\/las-mujeres-de-menos-pensado-no-conocen-de-limites\/","name":"Las mujeres de \u201cMenos Pensado\u201d no conocen de l\u00edmites. - Prefectura de Manab\u00ed","isPartOf":{"@id":"https:\/\/www.manabi.gob.ec\/#website"},"primaryImageOfPage":{"@id":"https:\/\/www.manabi.gob.ec\/index.php\/las-mujeres-de-menos-pensado-no-conocen-de-limites\/#primaryimage"},"image":{"@id":"https:\/\/www.manabi.gob.ec\/index.php\/las-mujeres-de-menos-pensado-no-conocen-de-limites\/#primaryimage"},"thumbnailUrl":"https:\/\/www.manabi.gob.ec\/wp-content\/uploads\/2022\/07\/WhatsApp-Image-2022-07-22-at-7.40.38-PM-1.jpeg","datePublished":"2022-07-29T15:15:31+00:00","dateModified":"2022-07-29T15:15:36+00:00","author":{"@id":"https:\/\/www.manabi.gob.ec\/#\/schema\/person\/c4f117989332ad723a6ced5994aa7d7a"},"description":"Las integrantes de la Asociaci\u00f3n de Mujeres Apicultoras \"Reinas Obreras', de la comunidad Menos Pensado, de la parroquia Santa Antonio de Chone, no conocen de l\u00edmites, son 13 guerreras que incursionaron en el mundo de las abejas en el a\u00f1o 2017.Hoy, luego de cinco a\u00f1os, son emprendedoras en la extracci\u00f3n de miel de abeja org\u00e1nica, producto de buen sabor y calidad.Las Reinas Obreras reciben el apoyo de la Prefectura de Manab\u00ed, a trav\u00e9s de Manab\u00ed Produce, empresa p\u00fablica que fortalece las buenas practicas de producci\u00f3n con la entrega de equipos, herramientas, insumos y asistencia t\u00e9cnica a las familias apicultoras de los cantones Chone, Sucre, San Vicente, Pedernales, Rocafuerte y Jipijapa.Este vienes 22 de julio, la viceprefecta, Kelly Buenaventura, particip\u00f3 del acto de entrega de 720 embases de vidrio que realiz\u00f3 la Organizaci\u00f3n de las Naciones Unidas para la Agricultura y la Alimentaci\u00f3n (FAO), como parte del programa Enfoques de G\u00e9nero Transformadores para la Seguridad Alimentaci\u00f3n y la Nutrici\u00f3n.El proyecto que impulsa la Prefectura beneficia a 61 productores y representa una inversi\u00f3n de $ 93.148,16.","breadcrumb":{"@id":"https:\/\/www.manabi.gob.ec\/index.php\/las-mujeres-de-menos-pensado-no-conocen-de-limites\/#breadcrumb"},"inLanguage":"es","potentialAction":[{"@type":"ReadAction","target":["https:\/\/www.manabi.gob.ec\/index.php\/las-mujeres-de-menos-pensado-no-conocen-de-limites\/"]}]},{"@type":"ImageObject","inLanguage":"es","@id":"https:\/\/www.manabi.gob.ec\/index.php\/las-mujeres-de-menos-pensado-no-conocen-de-limites\/#primaryimage","url":"https:\/\/www.manabi.gob.ec\/wp-content\/uploads\/2022\/07\/WhatsApp-Image-2022-07-22-at-7.40.38-PM-1.jpeg","contentUrl":"https:\/\/www.manabi.gob.ec\/wp-content\/uploads\/2022\/07\/WhatsApp-Image-2022-07-22-at-7.40.38-PM-1.jpeg","width":1280,"height":961},{"@type":"BreadcrumbList","@id":"https:\/\/www.manabi.gob.ec\/index.php\/las-mujeres-de-menos-pensado-no-conocen-de-limites\/#breadcrumb","itemListElement":[{"@type":"ListItem","position":1,"name":"Portada","item":"https:\/\/www.manabi.gob.ec\/"},{"@type":"ListItem","position":2,"name":"Las mujeres de \u201cMenos Pensado\u201d no conocen de l\u00edmites."}]},{"@type":"WebSite","@id":"https:\/\/www.manabi.gob.ec\/#website","url":"https:\/\/www.manabi.gob.ec\/","name":"Prefectura de Manab\u00ed","description":"P\u00e1gina web de la prefectura","potentialAction":[{"@type":"SearchAction","target":{"@type":"EntryPoint","urlTemplate":"https:\/\/www.manabi.gob.ec\/?s={search_term_string}"},"query-input":{"@type":"PropertyValueSpecification","valueRequired":true,"valueName":"search_term_string"}}],"inLanguage":"es"},{"@type":"Person","@id":"https:\/\/www.manabi.gob.ec\/#\/schema\/person\/c4f117989332ad723a6ced5994aa7d7a","name":"Lui Ochoa","image":{"@type":"ImageObject","inLanguage":"es","@id":"https:\/\/secure.gravatar.com\/avatar\/6e8017d0fe69dead8a95864d2eb6e1e1d8bf8e01194ba49cf7b897ff038126ba?s=96&d=mm&r=g","url":"https:\/\/secure.gravatar.com\/avatar\/6e8017d0fe69dead8a95864d2eb6e1e1d8bf8e01194ba49cf7b897ff038126ba?s=96&d=mm&r=g","contentUrl":"https:\/\/secure.gravatar.com\/avatar\/6e8017d0fe69dead8a95864d2eb6e1e1d8bf8e01194ba49cf7b897ff038126ba?s=96&d=mm&r=g","caption":"Lui Ochoa"},"url":"https:\/\/www.manabi.gob.ec\/index.php\/author\/lochoa\/"}]}},"jetpack_featured_media_url":"https:\/\/www.manabi.gob.ec\/wp-content\/uploads\/2022\/07\/WhatsApp-Image-2022-07-22-at-7.40.38-PM-1.jpeg","_links":{"self":[{"href":"https:\/\/www.manabi.gob.ec\/index.php\/wp-json\/wp\/v2\/posts\/21550","targetHints":{"allow":["GET"]}}],"collection":[{"href":"https:\/\/www.manabi.gob.ec\/index.php\/wp-json\/wp\/v2\/posts"}],"about":[{"href":"https:\/\/www.manabi.gob.ec\/index.php\/wp-json\/wp\/v2\/types\/post"}],"author":[{"embeddable":true,"href":"https:\/\/www.manabi.gob.ec\/index.php\/wp-json\/wp\/v2\/users\/10"}],"replies":[{"embeddable":true,"href":"https:\/\/www.manabi.gob.ec\/index.php\/wp-json\/wp\/v2\/comments?post=21550"}],"version-history":[{"count":0,"href":"https:\/\/www.manabi.gob.ec\/index.php\/wp-json\/wp\/v2\/posts\/21550\/revisions"}],"wp:featuredmedia":[{"embeddable":true,"href":"https:\/\/www.manabi.gob.ec\/index.php\/wp-json\/wp\/v2\/media\/21552"}],"wp:attachment":[{"href":"https:\/\/www.manabi.gob.ec\/index.php\/wp-json\/wp\/v2\/media?parent=21550"}],"wp:term":[{"taxonomy":"category","embeddable":true,"href":"https:\/\/www.manabi.gob.ec\/index.php\/wp-json\/wp\/v2\/categories?post=21550"},{"taxonomy":"post_tag","embeddable":true,"href":"https:\/\/www.manabi.gob.ec\/index.php\/wp-json\/wp\/v2\/tags?post=21550"}],"curies":[{"name":"wp","href":"https:\/\/api.w.org\/{rel}","templated":true}]}}