{"id":21589,"date":"2022-07-29T17:05:13","date_gmt":"2022-07-29T17:05:13","guid":{"rendered":"https:\/\/www.manabi.gob.ec\/?p=21589"},"modified":"2022-07-29T17:05:17","modified_gmt":"2022-07-29T17:05:17","slug":"4-kilometros-de-nueva-via-llevan-alegria-y-esperanza-a-las-comunidades-agua-dulce-y-san-vicente","status":"publish","type":"post","link":"https:\/\/www.manabi.gob.ec\/index.php\/4-kilometros-de-nueva-via-llevan-alegria-y-esperanza-a-las-comunidades-agua-dulce-y-san-vicente\/","title":{"rendered":"4 kil\u00f3metros de nueva v\u00eda llevan alegr\u00eda y esperanza a las comunidades Agua Dulce y San Vicente"},"content":{"rendered":"\n<p><\/p>\n\n\n\n<p>Don Porfirio Guti\u00e9rrez y su hija Dolores, ambos habitantes de la comunidad Agua Dulce de la parroquia La Uni\u00f3n, del cant\u00f3n Jipijapa, observan con optimismo los trabajos de la v\u00eda nueva Agua Dulce &#8211; San Vicente de 4 kil\u00f3metros que apertura en este sector la Prefectura de Manab\u00ed.<\/p>\n\n\n\n<p>\u201cLa v\u00eda Agua Dulce &#8211; San Vicente para nosotros quienes producimos la tierra se convertir\u00e1 en una gran obra, porque vamos ahorrar tiempo y dinero y lo que es m\u00e1s importante nuestras cosechas ya no se perder\u00edan por la falta de transporte especialmente en \u00e9pocas de invierno, porque ahora s\u00ed podremos sacar los productos para venderlos\u201d, manifest\u00f3 con alegr\u00eda don Porfirio y su hija Dolores.<\/p>\n\n\n\n<p>En la comunidad viven m\u00e1s de 150 personas y todos estan muy agradecidos con la Prefectura y con su l\u00edder, Leonardo Orlando, por construirles es v\u00eda nueva que cuando est\u00e9 terminada ser\u00e1 de mucha utilidad para los campesinos del sector.<\/p>\n\n\n\n<p>Isaac Pachay, t\u00e9cnico de la Prefectura, responsable de esta zona, manifest\u00f3 que tiene la finalidad de unir de manera directa e indirecta a estas productivas comunidades del cant\u00f3n Jipijapa.<\/p>\n\n\n\n<p>El beneficio directo e indirecto de esta obra, es que conecta con otras v\u00edas como son la carretera Choconch\u00e1 &#8211; Agua Dulce y con la v\u00eda Noboa &#8211; Jipijapa.<\/p>\n\n\n\n<p>\u00abEstamos con un 5% de avance de los trabajos que iniciaron el martes 5 de julio d\u00f3nde una excavadora brazo corto realiza excavaci\u00f3n en suelo de 4 metros de ancho, adem\u00e1s limpieza de escombros y maleza\u201d, se\u00f1al\u00f3 Pachay.<\/p>\n","protected":false},"excerpt":{"rendered":"<p>4 kil\u00f3metros de nueva v\u00eda llevan alegr\u00eda y esperanza a las comunidades Agua Dulce y San Vicente<\/p>\n","protected":false},"author":10,"featured_media":21590,"comment_status":"closed","ping_status":"closed","sticky":false,"template":"","format":"standard","meta":{"_joinchat":[],"footnotes":""},"categories":[142,123,92,181,91,127],"tags":[],"class_list":["post-21589","post","type-post","status-publish","format-standard","has-post-thumbnail","hentry","category-desarrollo-social","category-jipijapa","category-noticias-manabi","category-obra-publica","category-todas","category-vialidad"],"yoast_head":"<!-- This site is optimized with the Yoast SEO plugin v27.4 - https:\/\/yoast.com\/product\/yoast-seo-wordpress\/ -->\n<title>4 kil\u00f3metros de nueva v\u00eda llevan alegr\u00eda y esperanza a las comunidades Agua Dulce y San Vicente - Prefectura de Manab\u00ed<\/title>\n<meta name=\"description\" content=\"Don Porfirio Guti\u00e9rrez y su hija Dolores, ambos habitantes de la comunidad Agua Dulce de la parroquia La Uni\u00f3n, del cant\u00f3n Jipijapa, observan con optimismo los trabajos de la v\u00eda nueva Agua Dulce - San Vicente de 4 kil\u00f3metros que apertura en este sector la Prefectura de Manab\u00ed.\u201cLa v\u00eda Agua Dulce - San Vicente para nosotros quienes producimos la tierra se convertir\u00e1 en una gran obra, porque vamos ahorrar tiempo y dinero y lo que es m\u00e1s importante nuestras cosechas ya no se perder\u00edan por la falta de transporte especialmente en \u00e9pocas de invierno, porque ahora s\u00ed podremos sacar los productos para venderlos\u201d, manifest\u00f3 con alegr\u00eda don Porfirio y su hija Dolores.En la comunidad viven m\u00e1s de 150 personas y todos estan muy agradecidos con la Prefectura y con su l\u00edder, Leonardo Orlando, por construirles es v\u00eda nueva que cuando est\u00e9 terminada ser\u00e1 de mucha utilidad para los campesinos del sector.Isaac Pachay, t\u00e9cnico de la Prefectura, responsable de esta zona, manifest\u00f3 que tiene la finalidad de unir de manera directa e indirecta a estas productivas comunidades del cant\u00f3n Jipijapa.\" \/>\n<meta name=\"robots\" content=\"index, follow, max-snippet:-1, max-image-preview:large, max-video-preview:-1\" \/>\n<link rel=\"canonical\" href=\"https:\/\/www.manabi.gob.ec\/index.php\/4-kilometros-de-nueva-via-llevan-alegria-y-esperanza-a-las-comunidades-agua-dulce-y-san-vicente\/\" \/>\n<meta property=\"og:locale\" content=\"es_ES\" \/>\n<meta property=\"og:type\" content=\"article\" \/>\n<meta property=\"og:title\" content=\"4 kil\u00f3metros de nueva v\u00eda llevan alegr\u00eda y esperanza a las comunidades Agua Dulce y San Vicente - Prefectura de Manab\u00ed\" \/>\n<meta property=\"og:description\" content=\"Don Porfirio Guti\u00e9rrez y su hija Dolores, ambos habitantes de la comunidad Agua Dulce de la parroquia La Uni\u00f3n, del cant\u00f3n Jipijapa, observan con optimismo los trabajos de la v\u00eda nueva Agua Dulce - San Vicente de 4 kil\u00f3metros que apertura en este sector la Prefectura de Manab\u00ed.\u201cLa v\u00eda Agua Dulce - San Vicente para nosotros quienes producimos la tierra se convertir\u00e1 en una gran obra, porque vamos ahorrar tiempo y dinero y lo que es m\u00e1s importante nuestras cosechas ya no se perder\u00edan por la falta de transporte especialmente en \u00e9pocas de invierno, porque ahora s\u00ed podremos sacar los productos para venderlos\u201d, manifest\u00f3 con alegr\u00eda don Porfirio y su hija Dolores.En la comunidad viven m\u00e1s de 150 personas y todos estan muy agradecidos con la Prefectura y con su l\u00edder, Leonardo Orlando, por construirles es v\u00eda nueva que cuando est\u00e9 terminada ser\u00e1 de mucha utilidad para los campesinos del sector.Isaac Pachay, t\u00e9cnico de la Prefectura, responsable de esta zona, manifest\u00f3 que tiene la finalidad de unir de manera directa e indirecta a estas productivas comunidades del cant\u00f3n Jipijapa.\" \/>\n<meta property=\"og:url\" content=\"https:\/\/www.manabi.gob.ec\/index.php\/4-kilometros-de-nueva-via-llevan-alegria-y-esperanza-a-las-comunidades-agua-dulce-y-san-vicente\/\" \/>\n<meta property=\"og:site_name\" content=\"Prefectura de Manab\u00ed\" \/>\n<meta property=\"article:published_time\" content=\"2022-07-29T17:05:13+00:00\" \/>\n<meta property=\"article:modified_time\" content=\"2022-07-29T17:05:17+00:00\" \/>\n<meta property=\"og:image\" content=\"https:\/\/www.manabi.gob.ec\/wp-content\/uploads\/2022\/07\/WhatsApp-Image-2022-07-26-at-11.16.44-AM.jpeg\" \/>\n\t<meta property=\"og:image:width\" content=\"1599\" \/>\n\t<meta property=\"og:image:height\" content=\"1200\" \/>\n\t<meta property=\"og:image:type\" content=\"image\/jpeg\" \/>\n<meta name=\"author\" content=\"Lui Ochoa\" \/>\n<meta name=\"twitter:card\" content=\"summary_large_image\" \/>\n<meta name=\"twitter:label1\" content=\"Escrito por\" \/>\n\t<meta name=\"twitter:data1\" content=\"Lui Ochoa\" \/>\n\t<meta name=\"twitter:label2\" content=\"Tiempo de lectura\" \/>\n\t<meta name=\"twitter:data2\" content=\"2 minutos\" \/>\n<script type=\"application\/ld+json\" class=\"yoast-schema-graph\">{\"@context\":\"https:\\\/\\\/schema.org\",\"@graph\":[{\"@type\":\"Article\",\"@id\":\"https:\\\/\\\/www.manabi.gob.ec\\\/index.php\\\/4-kilometros-de-nueva-via-llevan-alegria-y-esperanza-a-las-comunidades-agua-dulce-y-san-vicente\\\/#article\",\"isPartOf\":{\"@id\":\"https:\\\/\\\/www.manabi.gob.ec\\\/index.php\\\/4-kilometros-de-nueva-via-llevan-alegria-y-esperanza-a-las-comunidades-agua-dulce-y-san-vicente\\\/\"},\"author\":{\"name\":\"Lui Ochoa\",\"@id\":\"https:\\\/\\\/www.manabi.gob.ec\\\/#\\\/schema\\\/person\\\/c4f117989332ad723a6ced5994aa7d7a\"},\"headline\":\"4 kil\u00f3metros de nueva v\u00eda llevan alegr\u00eda y esperanza a las comunidades Agua Dulce y San Vicente\",\"datePublished\":\"2022-07-29T17:05:13+00:00\",\"dateModified\":\"2022-07-29T17:05:17+00:00\",\"mainEntityOfPage\":{\"@id\":\"https:\\\/\\\/www.manabi.gob.ec\\\/index.php\\\/4-kilometros-de-nueva-via-llevan-alegria-y-esperanza-a-las-comunidades-agua-dulce-y-san-vicente\\\/\"},\"wordCount\":283,\"image\":{\"@id\":\"https:\\\/\\\/www.manabi.gob.ec\\\/index.php\\\/4-kilometros-de-nueva-via-llevan-alegria-y-esperanza-a-las-comunidades-agua-dulce-y-san-vicente\\\/#primaryimage\"},\"thumbnailUrl\":\"https:\\\/\\\/www.manabi.gob.ec\\\/wp-content\\\/uploads\\\/2022\\\/07\\\/WhatsApp-Image-2022-07-26-at-11.16.44-AM.jpeg\",\"articleSection\":[\"Desarrollo Social\",\"Jipijapa\",\"Noticias\",\"Obra P\u00fablica\",\"Todas\",\"Vialidad\"],\"inLanguage\":\"es\"},{\"@type\":\"WebPage\",\"@id\":\"https:\\\/\\\/www.manabi.gob.ec\\\/index.php\\\/4-kilometros-de-nueva-via-llevan-alegria-y-esperanza-a-las-comunidades-agua-dulce-y-san-vicente\\\/\",\"url\":\"https:\\\/\\\/www.manabi.gob.ec\\\/index.php\\\/4-kilometros-de-nueva-via-llevan-alegria-y-esperanza-a-las-comunidades-agua-dulce-y-san-vicente\\\/\",\"name\":\"4 kil\u00f3metros de nueva v\u00eda llevan alegr\u00eda y esperanza a las comunidades Agua Dulce y San Vicente - Prefectura de Manab\u00ed\",\"isPartOf\":{\"@id\":\"https:\\\/\\\/www.manabi.gob.ec\\\/#website\"},\"primaryImageOfPage\":{\"@id\":\"https:\\\/\\\/www.manabi.gob.ec\\\/index.php\\\/4-kilometros-de-nueva-via-llevan-alegria-y-esperanza-a-las-comunidades-agua-dulce-y-san-vicente\\\/#primaryimage\"},\"image\":{\"@id\":\"https:\\\/\\\/www.manabi.gob.ec\\\/index.php\\\/4-kilometros-de-nueva-via-llevan-alegria-y-esperanza-a-las-comunidades-agua-dulce-y-san-vicente\\\/#primaryimage\"},\"thumbnailUrl\":\"https:\\\/\\\/www.manabi.gob.ec\\\/wp-content\\\/uploads\\\/2022\\\/07\\\/WhatsApp-Image-2022-07-26-at-11.16.44-AM.jpeg\",\"datePublished\":\"2022-07-29T17:05:13+00:00\",\"dateModified\":\"2022-07-29T17:05:17+00:00\",\"author\":{\"@id\":\"https:\\\/\\\/www.manabi.gob.ec\\\/#\\\/schema\\\/person\\\/c4f117989332ad723a6ced5994aa7d7a\"},\"description\":\"Don Porfirio Guti\u00e9rrez y su hija Dolores, ambos habitantes de la comunidad Agua Dulce de la parroquia La Uni\u00f3n, del cant\u00f3n Jipijapa, observan con optimismo los trabajos de la v\u00eda nueva Agua Dulce - San Vicente de 4 kil\u00f3metros que apertura en este sector la Prefectura de Manab\u00ed.\u201cLa v\u00eda Agua Dulce - San Vicente para nosotros quienes producimos la tierra se convertir\u00e1 en una gran obra, porque vamos ahorrar tiempo y dinero y lo que es m\u00e1s importante nuestras cosechas ya no se perder\u00edan por la falta de transporte especialmente en \u00e9pocas de invierno, porque ahora s\u00ed podremos sacar los productos para venderlos\u201d, manifest\u00f3 con alegr\u00eda don Porfirio y su hija Dolores.En la comunidad viven m\u00e1s de 150 personas y todos estan muy agradecidos con la Prefectura y con su l\u00edder, Leonardo Orlando, por construirles es v\u00eda nueva que cuando est\u00e9 terminada ser\u00e1 de mucha utilidad para los campesinos del sector.Isaac Pachay, t\u00e9cnico de la Prefectura, responsable de esta zona, manifest\u00f3 que tiene la finalidad de unir de manera directa e indirecta a estas productivas comunidades del cant\u00f3n Jipijapa.\",\"breadcrumb\":{\"@id\":\"https:\\\/\\\/www.manabi.gob.ec\\\/index.php\\\/4-kilometros-de-nueva-via-llevan-alegria-y-esperanza-a-las-comunidades-agua-dulce-y-san-vicente\\\/#breadcrumb\"},\"inLanguage\":\"es\",\"potentialAction\":[{\"@type\":\"ReadAction\",\"target\":[\"https:\\\/\\\/www.manabi.gob.ec\\\/index.php\\\/4-kilometros-de-nueva-via-llevan-alegria-y-esperanza-a-las-comunidades-agua-dulce-y-san-vicente\\\/\"]}]},{\"@type\":\"ImageObject\",\"inLanguage\":\"es\",\"@id\":\"https:\\\/\\\/www.manabi.gob.ec\\\/index.php\\\/4-kilometros-de-nueva-via-llevan-alegria-y-esperanza-a-las-comunidades-agua-dulce-y-san-vicente\\\/#primaryimage\",\"url\":\"https:\\\/\\\/www.manabi.gob.ec\\\/wp-content\\\/uploads\\\/2022\\\/07\\\/WhatsApp-Image-2022-07-26-at-11.16.44-AM.jpeg\",\"contentUrl\":\"https:\\\/\\\/www.manabi.gob.ec\\\/wp-content\\\/uploads\\\/2022\\\/07\\\/WhatsApp-Image-2022-07-26-at-11.16.44-AM.jpeg\",\"width\":1599,\"height\":1200},{\"@type\":\"BreadcrumbList\",\"@id\":\"https:\\\/\\\/www.manabi.gob.ec\\\/index.php\\\/4-kilometros-de-nueva-via-llevan-alegria-y-esperanza-a-las-comunidades-agua-dulce-y-san-vicente\\\/#breadcrumb\",\"itemListElement\":[{\"@type\":\"ListItem\",\"position\":1,\"name\":\"Portada\",\"item\":\"https:\\\/\\\/www.manabi.gob.ec\\\/\"},{\"@type\":\"ListItem\",\"position\":2,\"name\":\"4 kil\u00f3metros de nueva v\u00eda llevan alegr\u00eda y esperanza a las comunidades Agua Dulce y San Vicente\"}]},{\"@type\":\"WebSite\",\"@id\":\"https:\\\/\\\/www.manabi.gob.ec\\\/#website\",\"url\":\"https:\\\/\\\/www.manabi.gob.ec\\\/\",\"name\":\"Prefectura de Manab\u00ed\",\"description\":\"P\u00e1gina web de la prefectura\",\"potentialAction\":[{\"@type\":\"SearchAction\",\"target\":{\"@type\":\"EntryPoint\",\"urlTemplate\":\"https:\\\/\\\/www.manabi.gob.ec\\\/?s={search_term_string}\"},\"query-input\":{\"@type\":\"PropertyValueSpecification\",\"valueRequired\":true,\"valueName\":\"search_term_string\"}}],\"inLanguage\":\"es\"},{\"@type\":\"Person\",\"@id\":\"https:\\\/\\\/www.manabi.gob.ec\\\/#\\\/schema\\\/person\\\/c4f117989332ad723a6ced5994aa7d7a\",\"name\":\"Lui Ochoa\",\"image\":{\"@type\":\"ImageObject\",\"inLanguage\":\"es\",\"@id\":\"https:\\\/\\\/secure.gravatar.com\\\/avatar\\\/6e8017d0fe69dead8a95864d2eb6e1e1d8bf8e01194ba49cf7b897ff038126ba?s=96&d=mm&r=g\",\"url\":\"https:\\\/\\\/secure.gravatar.com\\\/avatar\\\/6e8017d0fe69dead8a95864d2eb6e1e1d8bf8e01194ba49cf7b897ff038126ba?s=96&d=mm&r=g\",\"contentUrl\":\"https:\\\/\\\/secure.gravatar.com\\\/avatar\\\/6e8017d0fe69dead8a95864d2eb6e1e1d8bf8e01194ba49cf7b897ff038126ba?s=96&d=mm&r=g\",\"caption\":\"Lui Ochoa\"},\"url\":\"https:\\\/\\\/www.manabi.gob.ec\\\/index.php\\\/author\\\/lochoa\\\/\"}]}<\/script>\n<!-- \/ Yoast SEO plugin. -->","yoast_head_json":{"title":"4 kil\u00f3metros de nueva v\u00eda llevan alegr\u00eda y esperanza a las comunidades Agua Dulce y San Vicente - Prefectura de Manab\u00ed","description":"Don Porfirio Guti\u00e9rrez y su hija Dolores, ambos habitantes de la comunidad Agua Dulce de la parroquia La Uni\u00f3n, del cant\u00f3n Jipijapa, observan con optimismo los trabajos de la v\u00eda nueva Agua Dulce - San Vicente de 4 kil\u00f3metros que apertura en este sector la Prefectura de Manab\u00ed.\u201cLa v\u00eda Agua Dulce - San Vicente para nosotros quienes producimos la tierra se convertir\u00e1 en una gran obra, porque vamos ahorrar tiempo y dinero y lo que es m\u00e1s importante nuestras cosechas ya no se perder\u00edan por la falta de transporte especialmente en \u00e9pocas de invierno, porque ahora s\u00ed podremos sacar los productos para venderlos\u201d, manifest\u00f3 con alegr\u00eda don Porfirio y su hija Dolores.En la comunidad viven m\u00e1s de 150 personas y todos estan muy agradecidos con la Prefectura y con su l\u00edder, Leonardo Orlando, por construirles es v\u00eda nueva que cuando est\u00e9 terminada ser\u00e1 de mucha utilidad para los campesinos del sector.Isaac Pachay, t\u00e9cnico de la Prefectura, responsable de esta zona, manifest\u00f3 que tiene la finalidad de unir de manera directa e indirecta a estas productivas comunidades del cant\u00f3n Jipijapa.","robots":{"index":"index","follow":"follow","max-snippet":"max-snippet:-1","max-image-preview":"max-image-preview:large","max-video-preview":"max-video-preview:-1"},"canonical":"https:\/\/www.manabi.gob.ec\/index.php\/4-kilometros-de-nueva-via-llevan-alegria-y-esperanza-a-las-comunidades-agua-dulce-y-san-vicente\/","og_locale":"es_ES","og_type":"article","og_title":"4 kil\u00f3metros de nueva v\u00eda llevan alegr\u00eda y esperanza a las comunidades Agua Dulce y San Vicente - Prefectura de Manab\u00ed","og_description":"Don Porfirio Guti\u00e9rrez y su hija Dolores, ambos habitantes de la comunidad Agua Dulce de la parroquia La Uni\u00f3n, del cant\u00f3n Jipijapa, observan con optimismo los trabajos de la v\u00eda nueva Agua Dulce - San Vicente de 4 kil\u00f3metros que apertura en este sector la Prefectura de Manab\u00ed.\u201cLa v\u00eda Agua Dulce - San Vicente para nosotros quienes producimos la tierra se convertir\u00e1 en una gran obra, porque vamos ahorrar tiempo y dinero y lo que es m\u00e1s importante nuestras cosechas ya no se perder\u00edan por la falta de transporte especialmente en \u00e9pocas de invierno, porque ahora s\u00ed podremos sacar los productos para venderlos\u201d, manifest\u00f3 con alegr\u00eda don Porfirio y su hija Dolores.En la comunidad viven m\u00e1s de 150 personas y todos estan muy agradecidos con la Prefectura y con su l\u00edder, Leonardo Orlando, por construirles es v\u00eda nueva que cuando est\u00e9 terminada ser\u00e1 de mucha utilidad para los campesinos del sector.Isaac Pachay, t\u00e9cnico de la Prefectura, responsable de esta zona, manifest\u00f3 que tiene la finalidad de unir de manera directa e indirecta a estas productivas comunidades del cant\u00f3n Jipijapa.","og_url":"https:\/\/www.manabi.gob.ec\/index.php\/4-kilometros-de-nueva-via-llevan-alegria-y-esperanza-a-las-comunidades-agua-dulce-y-san-vicente\/","og_site_name":"Prefectura de Manab\u00ed","article_published_time":"2022-07-29T17:05:13+00:00","article_modified_time":"2022-07-29T17:05:17+00:00","og_image":[{"width":1599,"height":1200,"url":"https:\/\/www.manabi.gob.ec\/wp-content\/uploads\/2022\/07\/WhatsApp-Image-2022-07-26-at-11.16.44-AM.jpeg","type":"image\/jpeg"}],"author":"Lui Ochoa","twitter_card":"summary_large_image","twitter_misc":{"Escrito por":"Lui Ochoa","Tiempo de lectura":"2 minutos"},"schema":{"@context":"https:\/\/schema.org","@graph":[{"@type":"Article","@id":"https:\/\/www.manabi.gob.ec\/index.php\/4-kilometros-de-nueva-via-llevan-alegria-y-esperanza-a-las-comunidades-agua-dulce-y-san-vicente\/#article","isPartOf":{"@id":"https:\/\/www.manabi.gob.ec\/index.php\/4-kilometros-de-nueva-via-llevan-alegria-y-esperanza-a-las-comunidades-agua-dulce-y-san-vicente\/"},"author":{"name":"Lui Ochoa","@id":"https:\/\/www.manabi.gob.ec\/#\/schema\/person\/c4f117989332ad723a6ced5994aa7d7a"},"headline":"4 kil\u00f3metros de nueva v\u00eda llevan alegr\u00eda y esperanza a las comunidades Agua Dulce y San Vicente","datePublished":"2022-07-29T17:05:13+00:00","dateModified":"2022-07-29T17:05:17+00:00","mainEntityOfPage":{"@id":"https:\/\/www.manabi.gob.ec\/index.php\/4-kilometros-de-nueva-via-llevan-alegria-y-esperanza-a-las-comunidades-agua-dulce-y-san-vicente\/"},"wordCount":283,"image":{"@id":"https:\/\/www.manabi.gob.ec\/index.php\/4-kilometros-de-nueva-via-llevan-alegria-y-esperanza-a-las-comunidades-agua-dulce-y-san-vicente\/#primaryimage"},"thumbnailUrl":"https:\/\/www.manabi.gob.ec\/wp-content\/uploads\/2022\/07\/WhatsApp-Image-2022-07-26-at-11.16.44-AM.jpeg","articleSection":["Desarrollo Social","Jipijapa","Noticias","Obra P\u00fablica","Todas","Vialidad"],"inLanguage":"es"},{"@type":"WebPage","@id":"https:\/\/www.manabi.gob.ec\/index.php\/4-kilometros-de-nueva-via-llevan-alegria-y-esperanza-a-las-comunidades-agua-dulce-y-san-vicente\/","url":"https:\/\/www.manabi.gob.ec\/index.php\/4-kilometros-de-nueva-via-llevan-alegria-y-esperanza-a-las-comunidades-agua-dulce-y-san-vicente\/","name":"4 kil\u00f3metros de nueva v\u00eda llevan alegr\u00eda y esperanza a las comunidades Agua Dulce y San Vicente - Prefectura de Manab\u00ed","isPartOf":{"@id":"https:\/\/www.manabi.gob.ec\/#website"},"primaryImageOfPage":{"@id":"https:\/\/www.manabi.gob.ec\/index.php\/4-kilometros-de-nueva-via-llevan-alegria-y-esperanza-a-las-comunidades-agua-dulce-y-san-vicente\/#primaryimage"},"image":{"@id":"https:\/\/www.manabi.gob.ec\/index.php\/4-kilometros-de-nueva-via-llevan-alegria-y-esperanza-a-las-comunidades-agua-dulce-y-san-vicente\/#primaryimage"},"thumbnailUrl":"https:\/\/www.manabi.gob.ec\/wp-content\/uploads\/2022\/07\/WhatsApp-Image-2022-07-26-at-11.16.44-AM.jpeg","datePublished":"2022-07-29T17:05:13+00:00","dateModified":"2022-07-29T17:05:17+00:00","author":{"@id":"https:\/\/www.manabi.gob.ec\/#\/schema\/person\/c4f117989332ad723a6ced5994aa7d7a"},"description":"Don Porfirio Guti\u00e9rrez y su hija Dolores, ambos habitantes de la comunidad Agua Dulce de la parroquia La Uni\u00f3n, del cant\u00f3n Jipijapa, observan con optimismo los trabajos de la v\u00eda nueva Agua Dulce - San Vicente de 4 kil\u00f3metros que apertura en este sector la Prefectura de Manab\u00ed.\u201cLa v\u00eda Agua Dulce - San Vicente para nosotros quienes producimos la tierra se convertir\u00e1 en una gran obra, porque vamos ahorrar tiempo y dinero y lo que es m\u00e1s importante nuestras cosechas ya no se perder\u00edan por la falta de transporte especialmente en \u00e9pocas de invierno, porque ahora s\u00ed podremos sacar los productos para venderlos\u201d, manifest\u00f3 con alegr\u00eda don Porfirio y su hija Dolores.En la comunidad viven m\u00e1s de 150 personas y todos estan muy agradecidos con la Prefectura y con su l\u00edder, Leonardo Orlando, por construirles es v\u00eda nueva que cuando est\u00e9 terminada ser\u00e1 de mucha utilidad para los campesinos del sector.Isaac Pachay, t\u00e9cnico de la Prefectura, responsable de esta zona, manifest\u00f3 que tiene la finalidad de unir de manera directa e indirecta a estas productivas comunidades del cant\u00f3n Jipijapa.","breadcrumb":{"@id":"https:\/\/www.manabi.gob.ec\/index.php\/4-kilometros-de-nueva-via-llevan-alegria-y-esperanza-a-las-comunidades-agua-dulce-y-san-vicente\/#breadcrumb"},"inLanguage":"es","potentialAction":[{"@type":"ReadAction","target":["https:\/\/www.manabi.gob.ec\/index.php\/4-kilometros-de-nueva-via-llevan-alegria-y-esperanza-a-las-comunidades-agua-dulce-y-san-vicente\/"]}]},{"@type":"ImageObject","inLanguage":"es","@id":"https:\/\/www.manabi.gob.ec\/index.php\/4-kilometros-de-nueva-via-llevan-alegria-y-esperanza-a-las-comunidades-agua-dulce-y-san-vicente\/#primaryimage","url":"https:\/\/www.manabi.gob.ec\/wp-content\/uploads\/2022\/07\/WhatsApp-Image-2022-07-26-at-11.16.44-AM.jpeg","contentUrl":"https:\/\/www.manabi.gob.ec\/wp-content\/uploads\/2022\/07\/WhatsApp-Image-2022-07-26-at-11.16.44-AM.jpeg","width":1599,"height":1200},{"@type":"BreadcrumbList","@id":"https:\/\/www.manabi.gob.ec\/index.php\/4-kilometros-de-nueva-via-llevan-alegria-y-esperanza-a-las-comunidades-agua-dulce-y-san-vicente\/#breadcrumb","itemListElement":[{"@type":"ListItem","position":1,"name":"Portada","item":"https:\/\/www.manabi.gob.ec\/"},{"@type":"ListItem","position":2,"name":"4 kil\u00f3metros de nueva v\u00eda llevan alegr\u00eda y esperanza a las comunidades Agua Dulce y San Vicente"}]},{"@type":"WebSite","@id":"https:\/\/www.manabi.gob.ec\/#website","url":"https:\/\/www.manabi.gob.ec\/","name":"Prefectura de Manab\u00ed","description":"P\u00e1gina web de la prefectura","potentialAction":[{"@type":"SearchAction","target":{"@type":"EntryPoint","urlTemplate":"https:\/\/www.manabi.gob.ec\/?s={search_term_string}"},"query-input":{"@type":"PropertyValueSpecification","valueRequired":true,"valueName":"search_term_string"}}],"inLanguage":"es"},{"@type":"Person","@id":"https:\/\/www.manabi.gob.ec\/#\/schema\/person\/c4f117989332ad723a6ced5994aa7d7a","name":"Lui Ochoa","image":{"@type":"ImageObject","inLanguage":"es","@id":"https:\/\/secure.gravatar.com\/avatar\/6e8017d0fe69dead8a95864d2eb6e1e1d8bf8e01194ba49cf7b897ff038126ba?s=96&d=mm&r=g","url":"https:\/\/secure.gravatar.com\/avatar\/6e8017d0fe69dead8a95864d2eb6e1e1d8bf8e01194ba49cf7b897ff038126ba?s=96&d=mm&r=g","contentUrl":"https:\/\/secure.gravatar.com\/avatar\/6e8017d0fe69dead8a95864d2eb6e1e1d8bf8e01194ba49cf7b897ff038126ba?s=96&d=mm&r=g","caption":"Lui Ochoa"},"url":"https:\/\/www.manabi.gob.ec\/index.php\/author\/lochoa\/"}]}},"jetpack_featured_media_url":"https:\/\/www.manabi.gob.ec\/wp-content\/uploads\/2022\/07\/WhatsApp-Image-2022-07-26-at-11.16.44-AM.jpeg","_links":{"self":[{"href":"https:\/\/www.manabi.gob.ec\/index.php\/wp-json\/wp\/v2\/posts\/21589","targetHints":{"allow":["GET"]}}],"collection":[{"href":"https:\/\/www.manabi.gob.ec\/index.php\/wp-json\/wp\/v2\/posts"}],"about":[{"href":"https:\/\/www.manabi.gob.ec\/index.php\/wp-json\/wp\/v2\/types\/post"}],"author":[{"embeddable":true,"href":"https:\/\/www.manabi.gob.ec\/index.php\/wp-json\/wp\/v2\/users\/10"}],"replies":[{"embeddable":true,"href":"https:\/\/www.manabi.gob.ec\/index.php\/wp-json\/wp\/v2\/comments?post=21589"}],"version-history":[{"count":0,"href":"https:\/\/www.manabi.gob.ec\/index.php\/wp-json\/wp\/v2\/posts\/21589\/revisions"}],"wp:featuredmedia":[{"embeddable":true,"href":"https:\/\/www.manabi.gob.ec\/index.php\/wp-json\/wp\/v2\/media\/21590"}],"wp:attachment":[{"href":"https:\/\/www.manabi.gob.ec\/index.php\/wp-json\/wp\/v2\/media?parent=21589"}],"wp:term":[{"taxonomy":"category","embeddable":true,"href":"https:\/\/www.manabi.gob.ec\/index.php\/wp-json\/wp\/v2\/categories?post=21589"},{"taxonomy":"post_tag","embeddable":true,"href":"https:\/\/www.manabi.gob.ec\/index.php\/wp-json\/wp\/v2\/tags?post=21589"}],"curies":[{"name":"wp","href":"https:\/\/api.w.org\/{rel}","templated":true}]}}