{"id":21593,"date":"2022-07-29T17:07:24","date_gmt":"2022-07-29T17:07:24","guid":{"rendered":"https:\/\/www.manabi.gob.ec\/?p=21593"},"modified":"2022-07-29T17:07:27","modified_gmt":"2022-07-29T17:07:27","slug":"luchamos-contra-todo-tipo-de-violencia-de-genero","status":"publish","type":"post","link":"https:\/\/www.manabi.gob.ec\/index.php\/luchamos-contra-todo-tipo-de-violencia-de-genero\/","title":{"rendered":"\u00a1LUCHAMOS CONTRA TODO TIPO DE VIOLENCIA DE G\u00c9NERO!"},"content":{"rendered":"\n<p>La Prefectura participa en el proceso y evaluaci\u00f3n de la Ley Org\u00e1nica de prevenci\u00f3n y Erradicaci\u00f3n de la Violencia contra las Mujeres.<\/p>\n\n\n\n<p><br>Una ordenanza y una pol\u00edtica p\u00fablica son el referente del trabajo que viene realizando la Prefectura de Manab\u00ed, liderada por Leonardo Orlando, para prevenir y erradicar todo tipo violencia contra la mujer. Este mi\u00e9rcoles 27 de julio, la Prefectura particip\u00f3 en el proceso y evaluaci\u00f3n de la Ley Org\u00e1nica de prevenci\u00f3n y Erradicaci\u00f3n de la Violencia contra las Mujeres.<\/p>\n\n\n\n<p><br>La coordinadora general de Desarrollo Social, Econ\u00f3mico y Ambiente de la Prefectura de Manab\u00ed, Jael Seni, en representaci\u00f3n del Prefecto, particip\u00f3 en esta jornada se desarroll\u00f3 en Portoviejo, en el auditorio Francisco Moreira Murillo de la delegaci\u00f3n Provincial Electoral de Manab\u00ed, donde dicha comisi\u00f3n escuch\u00f3 los aportes, sugerencias y an\u00e1lisis de los representantes, delegados de organizaciones e instituciones vinculadas a la protecci\u00f3n de derechos, los cuales ser\u00e1n considerados como insumos para el informe final del proceso.<\/p>\n\n\n\n<p><br>Seni indic\u00f3 que desde la Prefectura se trabaja para erradicar esta problem\u00e1tica social. \u201cEl 25 de febrero del 2021, el Pleno de la Corporaci\u00f3n Provincial de Manab\u00ed aprob\u00f3 la Ordenanza para la Prevenci\u00f3n y erradicaci\u00f3n de la violencia contra la mujer, para alcanzar la igualdad, inclusi\u00f3n, garant\u00eda plena de derechos y construir una cultura de paz en nuestra provincia, misma que fue publicada en Registro Oficial Nro. 415 el 22 de marzo del 2021.<\/p>\n\n\n\n<p><br>Adem\u00e1s, resalt\u00f3 que el 25 de febrero de 2022 se expidi\u00f3 el Reglamento General de la Ordenanza, que en su Cap\u00edtulo V aborda lo relacionado con la Mesa Interinstitucional Provincial para prevenir y erradicar la violencia contra las mujeres, la cual se constituye en un espacio de reuni\u00f3n de las instituciones p\u00fablicas de las diferentes funciones del Estado y los diferentes niveles de Gobierno, que conforman el Sistema Nacional Integral para Prevenir y Erradicar la Violencia contra las Mujeres.<\/p>\n\n\n\n<p><br>Seni destac\u00f3 algunos de los proyectos realizados en favor de las mujeres, como el fortalecimiento en las redes de apoyo de mujeres v\u00edctimas de violencia y prevenci\u00f3n de la violencia de g\u00e9nero en 14 comunidades rurales de la Provincia de Manab\u00ed, con la creaci\u00f3n de los centros de atenci\u00f3n integral de violencia intrafamiliar; Junto a la empresa p\u00fablica se est\u00e1 trabajando en Prevenci\u00f3n del embarazo adolescente en el cant\u00f3n Paj\u00e1n con 27 intervenciones directas con adolescentes embarazadas, a quienes se les apoya para que no interrumpan sus estudios y su proyecto de vida, se trabaja con 4.440 adolescentes de 15 unidades educativas del cant\u00f3n Paj\u00e1n y de las parroquias rurales, y con 3.700 padres de familia.<br>Desde la Prefectura se da acompa\u00f1amientoy seguimiento de casos de v\u00edctimas de violencia sexual y de g\u00e9nero; brigadas m\u00e9dicas en las que se ha dado atenci\u00f3n a m\u00e1s de 414.872 mujeres; 673 mujeres con alg\u00fan tipo de discapacidad han sido beneficiarias de diferentes; 865 ayudas t\u00e9cnicas y humanitarias.<\/p>\n","protected":false},"excerpt":{"rendered":"<p>La Prefectura participa en el proceso y evaluaci\u00f3n de la Ley Org\u00e1nica de prevenci\u00f3n y Erradicaci\u00f3n de la Violencia contra las Mujeres.<\/p>\n<p>Una ordenanza y una pol\u00edtica p\u00fablica son el referente del trabajo que viene realizando la Prefectura de Manab\u00ed, liderada por Leonardo Orlando, para prevenir y erradicar todo tipo violencia contra la mujer. Este mi\u00e9rcoles 27 de julio, la Prefectura particip\u00f3 en el proceso y evaluaci\u00f3n de la Ley Org\u00e1nica de prevenci\u00f3n y Erradicaci\u00f3n de la Violencia contra las Mujeres.<\/p>\n","protected":false},"author":10,"featured_media":21594,"comment_status":"closed","ping_status":"closed","sticky":false,"template":"","format":"standard","meta":{"_joinchat":[],"footnotes":""},"categories":[142,224,92,193,91,223],"tags":[],"class_list":["post-21593","post","type-post","status-publish","format-standard","has-post-thumbnail","hentry","category-desarrollo-social","category-mujeres","category-noticias-manabi","category-participacion-ciudadana","category-todas","category-violencia-de-genero"],"yoast_head":"<!-- This site is optimized with the Yoast SEO plugin v27.4 - https:\/\/yoast.com\/product\/yoast-seo-wordpress\/ -->\n<title>\u00a1LUCHAMOS CONTRA TODO TIPO DE VIOLENCIA DE G\u00c9NERO! - Prefectura de Manab\u00ed<\/title>\n<meta name=\"robots\" content=\"index, follow, max-snippet:-1, max-image-preview:large, max-video-preview:-1\" \/>\n<link rel=\"canonical\" href=\"https:\/\/www.manabi.gob.ec\/index.php\/luchamos-contra-todo-tipo-de-violencia-de-genero\/\" \/>\n<meta property=\"og:locale\" content=\"es_ES\" \/>\n<meta property=\"og:type\" content=\"article\" \/>\n<meta property=\"og:title\" content=\"\u00a1LUCHAMOS CONTRA TODO TIPO DE VIOLENCIA DE G\u00c9NERO! - Prefectura de Manab\u00ed\" \/>\n<meta property=\"og:description\" content=\"La Prefectura participa en el proceso y evaluaci\u00f3n de la Ley Org\u00e1nica de prevenci\u00f3n y Erradicaci\u00f3n de la Violencia contra las Mujeres.  Una ordenanza y una pol\u00edtica p\u00fablica son el referente del trabajo que viene realizando la Prefectura de Manab\u00ed, liderada por Leonardo Orlando, para prevenir y erradicar todo tipo violencia contra la mujer. Este mi\u00e9rcoles 27 de julio, la Prefectura particip\u00f3 en el proceso y evaluaci\u00f3n de la Ley Org\u00e1nica de prevenci\u00f3n y Erradicaci\u00f3n de la Violencia contra las Mujeres.\" \/>\n<meta property=\"og:url\" content=\"https:\/\/www.manabi.gob.ec\/index.php\/luchamos-contra-todo-tipo-de-violencia-de-genero\/\" \/>\n<meta property=\"og:site_name\" content=\"Prefectura de Manab\u00ed\" \/>\n<meta property=\"article:published_time\" content=\"2022-07-29T17:07:24+00:00\" \/>\n<meta property=\"article:modified_time\" content=\"2022-07-29T17:07:27+00:00\" \/>\n<meta property=\"og:image\" content=\"https:\/\/www.manabi.gob.ec\/wp-content\/uploads\/2022\/07\/WhatsApp-Image-2022-07-27-at-12.21.19-PM.jpeg\" \/>\n\t<meta property=\"og:image:width\" content=\"1600\" \/>\n\t<meta property=\"og:image:height\" content=\"1070\" \/>\n\t<meta property=\"og:image:type\" content=\"image\/jpeg\" \/>\n<meta name=\"author\" content=\"Lui Ochoa\" \/>\n<meta name=\"twitter:card\" content=\"summary_large_image\" \/>\n<meta name=\"twitter:label1\" content=\"Escrito por\" \/>\n\t<meta name=\"twitter:data1\" content=\"Lui Ochoa\" \/>\n\t<meta name=\"twitter:label2\" content=\"Tiempo de lectura\" \/>\n\t<meta name=\"twitter:data2\" content=\"3 minutos\" \/>\n<script type=\"application\/ld+json\" class=\"yoast-schema-graph\">{\"@context\":\"https:\\\/\\\/schema.org\",\"@graph\":[{\"@type\":\"Article\",\"@id\":\"https:\\\/\\\/www.manabi.gob.ec\\\/index.php\\\/luchamos-contra-todo-tipo-de-violencia-de-genero\\\/#article\",\"isPartOf\":{\"@id\":\"https:\\\/\\\/www.manabi.gob.ec\\\/index.php\\\/luchamos-contra-todo-tipo-de-violencia-de-genero\\\/\"},\"author\":{\"name\":\"Lui Ochoa\",\"@id\":\"https:\\\/\\\/www.manabi.gob.ec\\\/#\\\/schema\\\/person\\\/c4f117989332ad723a6ced5994aa7d7a\"},\"headline\":\"\u00a1LUCHAMOS CONTRA TODO TIPO DE VIOLENCIA DE G\u00c9NERO!\",\"datePublished\":\"2022-07-29T17:07:24+00:00\",\"dateModified\":\"2022-07-29T17:07:27+00:00\",\"mainEntityOfPage\":{\"@id\":\"https:\\\/\\\/www.manabi.gob.ec\\\/index.php\\\/luchamos-contra-todo-tipo-de-violencia-de-genero\\\/\"},\"wordCount\":514,\"image\":{\"@id\":\"https:\\\/\\\/www.manabi.gob.ec\\\/index.php\\\/luchamos-contra-todo-tipo-de-violencia-de-genero\\\/#primaryimage\"},\"thumbnailUrl\":\"https:\\\/\\\/www.manabi.gob.ec\\\/wp-content\\\/uploads\\\/2022\\\/07\\\/WhatsApp-Image-2022-07-27-at-12.21.19-PM.jpeg\",\"articleSection\":[\"Desarrollo Social\",\"Mujeres\",\"Noticias\",\"Participaci\u00f3n ciudadana\",\"Todas\",\"Violencia de G\u00e9nero\"],\"inLanguage\":\"es\"},{\"@type\":\"WebPage\",\"@id\":\"https:\\\/\\\/www.manabi.gob.ec\\\/index.php\\\/luchamos-contra-todo-tipo-de-violencia-de-genero\\\/\",\"url\":\"https:\\\/\\\/www.manabi.gob.ec\\\/index.php\\\/luchamos-contra-todo-tipo-de-violencia-de-genero\\\/\",\"name\":\"\u00a1LUCHAMOS CONTRA TODO TIPO DE VIOLENCIA DE G\u00c9NERO! - Prefectura de Manab\u00ed\",\"isPartOf\":{\"@id\":\"https:\\\/\\\/www.manabi.gob.ec\\\/#website\"},\"primaryImageOfPage\":{\"@id\":\"https:\\\/\\\/www.manabi.gob.ec\\\/index.php\\\/luchamos-contra-todo-tipo-de-violencia-de-genero\\\/#primaryimage\"},\"image\":{\"@id\":\"https:\\\/\\\/www.manabi.gob.ec\\\/index.php\\\/luchamos-contra-todo-tipo-de-violencia-de-genero\\\/#primaryimage\"},\"thumbnailUrl\":\"https:\\\/\\\/www.manabi.gob.ec\\\/wp-content\\\/uploads\\\/2022\\\/07\\\/WhatsApp-Image-2022-07-27-at-12.21.19-PM.jpeg\",\"datePublished\":\"2022-07-29T17:07:24+00:00\",\"dateModified\":\"2022-07-29T17:07:27+00:00\",\"author\":{\"@id\":\"https:\\\/\\\/www.manabi.gob.ec\\\/#\\\/schema\\\/person\\\/c4f117989332ad723a6ced5994aa7d7a\"},\"breadcrumb\":{\"@id\":\"https:\\\/\\\/www.manabi.gob.ec\\\/index.php\\\/luchamos-contra-todo-tipo-de-violencia-de-genero\\\/#breadcrumb\"},\"inLanguage\":\"es\",\"potentialAction\":[{\"@type\":\"ReadAction\",\"target\":[\"https:\\\/\\\/www.manabi.gob.ec\\\/index.php\\\/luchamos-contra-todo-tipo-de-violencia-de-genero\\\/\"]}]},{\"@type\":\"ImageObject\",\"inLanguage\":\"es\",\"@id\":\"https:\\\/\\\/www.manabi.gob.ec\\\/index.php\\\/luchamos-contra-todo-tipo-de-violencia-de-genero\\\/#primaryimage\",\"url\":\"https:\\\/\\\/www.manabi.gob.ec\\\/wp-content\\\/uploads\\\/2022\\\/07\\\/WhatsApp-Image-2022-07-27-at-12.21.19-PM.jpeg\",\"contentUrl\":\"https:\\\/\\\/www.manabi.gob.ec\\\/wp-content\\\/uploads\\\/2022\\\/07\\\/WhatsApp-Image-2022-07-27-at-12.21.19-PM.jpeg\",\"width\":1600,\"height\":1070},{\"@type\":\"BreadcrumbList\",\"@id\":\"https:\\\/\\\/www.manabi.gob.ec\\\/index.php\\\/luchamos-contra-todo-tipo-de-violencia-de-genero\\\/#breadcrumb\",\"itemListElement\":[{\"@type\":\"ListItem\",\"position\":1,\"name\":\"Portada\",\"item\":\"https:\\\/\\\/www.manabi.gob.ec\\\/\"},{\"@type\":\"ListItem\",\"position\":2,\"name\":\"\u00a1LUCHAMOS CONTRA TODO TIPO DE VIOLENCIA DE G\u00c9NERO!\"}]},{\"@type\":\"WebSite\",\"@id\":\"https:\\\/\\\/www.manabi.gob.ec\\\/#website\",\"url\":\"https:\\\/\\\/www.manabi.gob.ec\\\/\",\"name\":\"Prefectura de Manab\u00ed\",\"description\":\"P\u00e1gina web de la prefectura\",\"potentialAction\":[{\"@type\":\"SearchAction\",\"target\":{\"@type\":\"EntryPoint\",\"urlTemplate\":\"https:\\\/\\\/www.manabi.gob.ec\\\/?s={search_term_string}\"},\"query-input\":{\"@type\":\"PropertyValueSpecification\",\"valueRequired\":true,\"valueName\":\"search_term_string\"}}],\"inLanguage\":\"es\"},{\"@type\":\"Person\",\"@id\":\"https:\\\/\\\/www.manabi.gob.ec\\\/#\\\/schema\\\/person\\\/c4f117989332ad723a6ced5994aa7d7a\",\"name\":\"Lui Ochoa\",\"image\":{\"@type\":\"ImageObject\",\"inLanguage\":\"es\",\"@id\":\"https:\\\/\\\/secure.gravatar.com\\\/avatar\\\/6e8017d0fe69dead8a95864d2eb6e1e1d8bf8e01194ba49cf7b897ff038126ba?s=96&d=mm&r=g\",\"url\":\"https:\\\/\\\/secure.gravatar.com\\\/avatar\\\/6e8017d0fe69dead8a95864d2eb6e1e1d8bf8e01194ba49cf7b897ff038126ba?s=96&d=mm&r=g\",\"contentUrl\":\"https:\\\/\\\/secure.gravatar.com\\\/avatar\\\/6e8017d0fe69dead8a95864d2eb6e1e1d8bf8e01194ba49cf7b897ff038126ba?s=96&d=mm&r=g\",\"caption\":\"Lui Ochoa\"},\"url\":\"https:\\\/\\\/www.manabi.gob.ec\\\/index.php\\\/author\\\/lochoa\\\/\"}]}<\/script>\n<!-- \/ Yoast SEO plugin. -->","yoast_head_json":{"title":"\u00a1LUCHAMOS CONTRA TODO TIPO DE VIOLENCIA DE G\u00c9NERO! - Prefectura de Manab\u00ed","robots":{"index":"index","follow":"follow","max-snippet":"max-snippet:-1","max-image-preview":"max-image-preview:large","max-video-preview":"max-video-preview:-1"},"canonical":"https:\/\/www.manabi.gob.ec\/index.php\/luchamos-contra-todo-tipo-de-violencia-de-genero\/","og_locale":"es_ES","og_type":"article","og_title":"\u00a1LUCHAMOS CONTRA TODO TIPO DE VIOLENCIA DE G\u00c9NERO! - Prefectura de Manab\u00ed","og_description":"La Prefectura participa en el proceso y evaluaci\u00f3n de la Ley Org\u00e1nica de prevenci\u00f3n y Erradicaci\u00f3n de la Violencia contra las Mujeres.  Una ordenanza y una pol\u00edtica p\u00fablica son el referente del trabajo que viene realizando la Prefectura de Manab\u00ed, liderada por Leonardo Orlando, para prevenir y erradicar todo tipo violencia contra la mujer. Este mi\u00e9rcoles 27 de julio, la Prefectura particip\u00f3 en el proceso y evaluaci\u00f3n de la Ley Org\u00e1nica de prevenci\u00f3n y Erradicaci\u00f3n de la Violencia contra las Mujeres.","og_url":"https:\/\/www.manabi.gob.ec\/index.php\/luchamos-contra-todo-tipo-de-violencia-de-genero\/","og_site_name":"Prefectura de Manab\u00ed","article_published_time":"2022-07-29T17:07:24+00:00","article_modified_time":"2022-07-29T17:07:27+00:00","og_image":[{"width":1600,"height":1070,"url":"https:\/\/www.manabi.gob.ec\/wp-content\/uploads\/2022\/07\/WhatsApp-Image-2022-07-27-at-12.21.19-PM.jpeg","type":"image\/jpeg"}],"author":"Lui Ochoa","twitter_card":"summary_large_image","twitter_misc":{"Escrito por":"Lui Ochoa","Tiempo de lectura":"3 minutos"},"schema":{"@context":"https:\/\/schema.org","@graph":[{"@type":"Article","@id":"https:\/\/www.manabi.gob.ec\/index.php\/luchamos-contra-todo-tipo-de-violencia-de-genero\/#article","isPartOf":{"@id":"https:\/\/www.manabi.gob.ec\/index.php\/luchamos-contra-todo-tipo-de-violencia-de-genero\/"},"author":{"name":"Lui Ochoa","@id":"https:\/\/www.manabi.gob.ec\/#\/schema\/person\/c4f117989332ad723a6ced5994aa7d7a"},"headline":"\u00a1LUCHAMOS CONTRA TODO TIPO DE VIOLENCIA DE G\u00c9NERO!","datePublished":"2022-07-29T17:07:24+00:00","dateModified":"2022-07-29T17:07:27+00:00","mainEntityOfPage":{"@id":"https:\/\/www.manabi.gob.ec\/index.php\/luchamos-contra-todo-tipo-de-violencia-de-genero\/"},"wordCount":514,"image":{"@id":"https:\/\/www.manabi.gob.ec\/index.php\/luchamos-contra-todo-tipo-de-violencia-de-genero\/#primaryimage"},"thumbnailUrl":"https:\/\/www.manabi.gob.ec\/wp-content\/uploads\/2022\/07\/WhatsApp-Image-2022-07-27-at-12.21.19-PM.jpeg","articleSection":["Desarrollo Social","Mujeres","Noticias","Participaci\u00f3n ciudadana","Todas","Violencia de G\u00e9nero"],"inLanguage":"es"},{"@type":"WebPage","@id":"https:\/\/www.manabi.gob.ec\/index.php\/luchamos-contra-todo-tipo-de-violencia-de-genero\/","url":"https:\/\/www.manabi.gob.ec\/index.php\/luchamos-contra-todo-tipo-de-violencia-de-genero\/","name":"\u00a1LUCHAMOS CONTRA TODO TIPO DE VIOLENCIA DE G\u00c9NERO! - Prefectura de Manab\u00ed","isPartOf":{"@id":"https:\/\/www.manabi.gob.ec\/#website"},"primaryImageOfPage":{"@id":"https:\/\/www.manabi.gob.ec\/index.php\/luchamos-contra-todo-tipo-de-violencia-de-genero\/#primaryimage"},"image":{"@id":"https:\/\/www.manabi.gob.ec\/index.php\/luchamos-contra-todo-tipo-de-violencia-de-genero\/#primaryimage"},"thumbnailUrl":"https:\/\/www.manabi.gob.ec\/wp-content\/uploads\/2022\/07\/WhatsApp-Image-2022-07-27-at-12.21.19-PM.jpeg","datePublished":"2022-07-29T17:07:24+00:00","dateModified":"2022-07-29T17:07:27+00:00","author":{"@id":"https:\/\/www.manabi.gob.ec\/#\/schema\/person\/c4f117989332ad723a6ced5994aa7d7a"},"breadcrumb":{"@id":"https:\/\/www.manabi.gob.ec\/index.php\/luchamos-contra-todo-tipo-de-violencia-de-genero\/#breadcrumb"},"inLanguage":"es","potentialAction":[{"@type":"ReadAction","target":["https:\/\/www.manabi.gob.ec\/index.php\/luchamos-contra-todo-tipo-de-violencia-de-genero\/"]}]},{"@type":"ImageObject","inLanguage":"es","@id":"https:\/\/www.manabi.gob.ec\/index.php\/luchamos-contra-todo-tipo-de-violencia-de-genero\/#primaryimage","url":"https:\/\/www.manabi.gob.ec\/wp-content\/uploads\/2022\/07\/WhatsApp-Image-2022-07-27-at-12.21.19-PM.jpeg","contentUrl":"https:\/\/www.manabi.gob.ec\/wp-content\/uploads\/2022\/07\/WhatsApp-Image-2022-07-27-at-12.21.19-PM.jpeg","width":1600,"height":1070},{"@type":"BreadcrumbList","@id":"https:\/\/www.manabi.gob.ec\/index.php\/luchamos-contra-todo-tipo-de-violencia-de-genero\/#breadcrumb","itemListElement":[{"@type":"ListItem","position":1,"name":"Portada","item":"https:\/\/www.manabi.gob.ec\/"},{"@type":"ListItem","position":2,"name":"\u00a1LUCHAMOS CONTRA TODO TIPO DE VIOLENCIA DE G\u00c9NERO!"}]},{"@type":"WebSite","@id":"https:\/\/www.manabi.gob.ec\/#website","url":"https:\/\/www.manabi.gob.ec\/","name":"Prefectura de Manab\u00ed","description":"P\u00e1gina web de la prefectura","potentialAction":[{"@type":"SearchAction","target":{"@type":"EntryPoint","urlTemplate":"https:\/\/www.manabi.gob.ec\/?s={search_term_string}"},"query-input":{"@type":"PropertyValueSpecification","valueRequired":true,"valueName":"search_term_string"}}],"inLanguage":"es"},{"@type":"Person","@id":"https:\/\/www.manabi.gob.ec\/#\/schema\/person\/c4f117989332ad723a6ced5994aa7d7a","name":"Lui Ochoa","image":{"@type":"ImageObject","inLanguage":"es","@id":"https:\/\/secure.gravatar.com\/avatar\/6e8017d0fe69dead8a95864d2eb6e1e1d8bf8e01194ba49cf7b897ff038126ba?s=96&d=mm&r=g","url":"https:\/\/secure.gravatar.com\/avatar\/6e8017d0fe69dead8a95864d2eb6e1e1d8bf8e01194ba49cf7b897ff038126ba?s=96&d=mm&r=g","contentUrl":"https:\/\/secure.gravatar.com\/avatar\/6e8017d0fe69dead8a95864d2eb6e1e1d8bf8e01194ba49cf7b897ff038126ba?s=96&d=mm&r=g","caption":"Lui Ochoa"},"url":"https:\/\/www.manabi.gob.ec\/index.php\/author\/lochoa\/"}]}},"jetpack_featured_media_url":"https:\/\/www.manabi.gob.ec\/wp-content\/uploads\/2022\/07\/WhatsApp-Image-2022-07-27-at-12.21.19-PM.jpeg","_links":{"self":[{"href":"https:\/\/www.manabi.gob.ec\/index.php\/wp-json\/wp\/v2\/posts\/21593","targetHints":{"allow":["GET"]}}],"collection":[{"href":"https:\/\/www.manabi.gob.ec\/index.php\/wp-json\/wp\/v2\/posts"}],"about":[{"href":"https:\/\/www.manabi.gob.ec\/index.php\/wp-json\/wp\/v2\/types\/post"}],"author":[{"embeddable":true,"href":"https:\/\/www.manabi.gob.ec\/index.php\/wp-json\/wp\/v2\/users\/10"}],"replies":[{"embeddable":true,"href":"https:\/\/www.manabi.gob.ec\/index.php\/wp-json\/wp\/v2\/comments?post=21593"}],"version-history":[{"count":0,"href":"https:\/\/www.manabi.gob.ec\/index.php\/wp-json\/wp\/v2\/posts\/21593\/revisions"}],"wp:featuredmedia":[{"embeddable":true,"href":"https:\/\/www.manabi.gob.ec\/index.php\/wp-json\/wp\/v2\/media\/21594"}],"wp:attachment":[{"href":"https:\/\/www.manabi.gob.ec\/index.php\/wp-json\/wp\/v2\/media?parent=21593"}],"wp:term":[{"taxonomy":"category","embeddable":true,"href":"https:\/\/www.manabi.gob.ec\/index.php\/wp-json\/wp\/v2\/categories?post=21593"},{"taxonomy":"post_tag","embeddable":true,"href":"https:\/\/www.manabi.gob.ec\/index.php\/wp-json\/wp\/v2\/tags?post=21593"}],"curies":[{"name":"wp","href":"https:\/\/api.w.org\/{rel}","templated":true}]}}