{"id":21611,"date":"2022-07-29T17:17:55","date_gmt":"2022-07-29T17:17:55","guid":{"rendered":"https:\/\/www.manabi.gob.ec\/?p=21611"},"modified":"2022-07-29T17:17:59","modified_gmt":"2022-07-29T17:17:59","slug":"grandes-noticias-se-aprueba-suscripcion-de-credito-para-importantes-obras-en-portoviejo-y-manabi","status":"publish","type":"post","link":"https:\/\/www.manabi.gob.ec\/index.php\/grandes-noticias-se-aprueba-suscripcion-de-credito-para-importantes-obras-en-portoviejo-y-manabi\/","title":{"rendered":"\u00a1GRANDES NOTICIAS! Se aprueba suscripci\u00f3n de cr\u00e9dito para importantes obras en Portoviejo y Manab\u00ed"},"content":{"rendered":"\n<p>Este mi\u00e9rcoles 27 de julio, en la sesi\u00f3n ordinaria n\u00famero 49, la Corporaci\u00f3n Provincial autoriz\u00f3 la suscripci\u00f3n de un nuevo cr\u00e9dito con el Banco de Desarrollo del Ecuador, por un monto de 4.8 millones de d\u00f3lares para el proyecto de \u201cReconstruccio\u0301n de la vi\u0301a Cuatro Esquinas -San Ignacio &#8211; Estancia Vieja &#8211; Pachinche en Medio del canto\u0301n Portoviejo, provincia de Manabi\u0301\u201d, que asciende a 6.3 millones de d\u00f3lares incluido IVA. La contraparte institucional ser\u00e1 de 1,4 millones de d\u00f3lares.<\/p>\n\n\n\n<p><br>Este proyecto beneficia la movilidad de miles de habitantes, as\u00ed como la producci\u00f3n de uno de los sectores m\u00e1s f\u00e9rtiles de Manab\u00ed. El Pleno del Consejo, contin\u00faa trabajando comprometido con los m\u00e1s altos intereses de Manab\u00ed, con justicia y equidad.<\/p>\n","protected":false},"excerpt":{"rendered":"<p>Este mi\u00e9rcoles 27 de julio, en la sesi\u00f3n ordinaria n\u00famero 49, la Corporaci\u00f3n Provincial autoriz\u00f3 la suscripci\u00f3n de un nuevo cr\u00e9dito con el Banco de Desarrollo del Ecuador, por un monto de 4.8 millones de d\u00f3lares para el proyecto de \u201cReconstruccio\u0301n de la vi\u0301a Cuatro Esquinas -San Ignacio &#8211; Estancia Vieja &#8211; Pachinche en Medio [&hellip;]<\/p>\n","protected":false},"author":10,"featured_media":21612,"comment_status":"closed","ping_status":"closed","sticky":false,"template":"","format":"standard","meta":{"_joinchat":[],"footnotes":""},"categories":[142,92,181,91],"tags":[],"class_list":["post-21611","post","type-post","status-publish","format-standard","has-post-thumbnail","hentry","category-desarrollo-social","category-noticias-manabi","category-obra-publica","category-todas"],"yoast_head":"<!-- This site is optimized with the Yoast SEO plugin v27.4 - https:\/\/yoast.com\/product\/yoast-seo-wordpress\/ -->\n<title>\u00a1GRANDES NOTICIAS! Se aprueba suscripci\u00f3n de cr\u00e9dito para importantes obras en Portoviejo y Manab\u00ed - Prefectura de Manab\u00ed<\/title>\n<meta name=\"robots\" content=\"index, follow, max-snippet:-1, max-image-preview:large, max-video-preview:-1\" \/>\n<link rel=\"canonical\" href=\"https:\/\/www.manabi.gob.ec\/index.php\/grandes-noticias-se-aprueba-suscripcion-de-credito-para-importantes-obras-en-portoviejo-y-manabi\/\" \/>\n<meta property=\"og:locale\" content=\"es_ES\" \/>\n<meta property=\"og:type\" content=\"article\" \/>\n<meta property=\"og:title\" content=\"\u00a1GRANDES NOTICIAS! Se aprueba suscripci\u00f3n de cr\u00e9dito para importantes obras en Portoviejo y Manab\u00ed - Prefectura de Manab\u00ed\" \/>\n<meta property=\"og:description\" content=\"Este mi\u00e9rcoles 27 de julio, en la sesi\u00f3n ordinaria n\u00famero 49, la Corporaci\u00f3n Provincial autoriz\u00f3 la suscripci\u00f3n de un nuevo cr\u00e9dito con el Banco de Desarrollo del Ecuador, por un monto de 4.8 millones de d\u00f3lares para el proyecto de \u201cReconstruccio\u0301n de la vi\u0301a Cuatro Esquinas -San Ignacio &#8211; Estancia Vieja &#8211; Pachinche en Medio [&hellip;]\" \/>\n<meta property=\"og:url\" content=\"https:\/\/www.manabi.gob.ec\/index.php\/grandes-noticias-se-aprueba-suscripcion-de-credito-para-importantes-obras-en-portoviejo-y-manabi\/\" \/>\n<meta property=\"og:site_name\" content=\"Prefectura de Manab\u00ed\" \/>\n<meta property=\"article:published_time\" content=\"2022-07-29T17:17:55+00:00\" \/>\n<meta property=\"article:modified_time\" content=\"2022-07-29T17:17:59+00:00\" \/>\n<meta property=\"og:image\" content=\"https:\/\/www.manabi.gob.ec\/wp-content\/uploads\/2022\/07\/WhatsApp-Image-2022-07-28-at-12.38.19-PM.jpeg\" \/>\n\t<meta property=\"og:image:width\" content=\"1600\" \/>\n\t<meta property=\"og:image:height\" content=\"1068\" \/>\n\t<meta property=\"og:image:type\" content=\"image\/jpeg\" \/>\n<meta name=\"author\" content=\"Lui Ochoa\" \/>\n<meta name=\"twitter:card\" content=\"summary_large_image\" \/>\n<meta name=\"twitter:label1\" content=\"Escrito por\" \/>\n\t<meta name=\"twitter:data1\" content=\"Lui Ochoa\" \/>\n\t<meta name=\"twitter:label2\" content=\"Tiempo de lectura\" \/>\n\t<meta name=\"twitter:data2\" content=\"1 minuto\" \/>\n<script type=\"application\/ld+json\" class=\"yoast-schema-graph\">{\"@context\":\"https:\\\/\\\/schema.org\",\"@graph\":[{\"@type\":\"Article\",\"@id\":\"https:\\\/\\\/www.manabi.gob.ec\\\/index.php\\\/grandes-noticias-se-aprueba-suscripcion-de-credito-para-importantes-obras-en-portoviejo-y-manabi\\\/#article\",\"isPartOf\":{\"@id\":\"https:\\\/\\\/www.manabi.gob.ec\\\/index.php\\\/grandes-noticias-se-aprueba-suscripcion-de-credito-para-importantes-obras-en-portoviejo-y-manabi\\\/\"},\"author\":{\"name\":\"Lui Ochoa\",\"@id\":\"https:\\\/\\\/www.manabi.gob.ec\\\/#\\\/schema\\\/person\\\/c4f117989332ad723a6ced5994aa7d7a\"},\"headline\":\"\u00a1GRANDES NOTICIAS! Se aprueba suscripci\u00f3n de cr\u00e9dito para importantes obras en Portoviejo y Manab\u00ed\",\"datePublished\":\"2022-07-29T17:17:55+00:00\",\"dateModified\":\"2022-07-29T17:17:59+00:00\",\"mainEntityOfPage\":{\"@id\":\"https:\\\/\\\/www.manabi.gob.ec\\\/index.php\\\/grandes-noticias-se-aprueba-suscripcion-de-credito-para-importantes-obras-en-portoviejo-y-manabi\\\/\"},\"wordCount\":147,\"image\":{\"@id\":\"https:\\\/\\\/www.manabi.gob.ec\\\/index.php\\\/grandes-noticias-se-aprueba-suscripcion-de-credito-para-importantes-obras-en-portoviejo-y-manabi\\\/#primaryimage\"},\"thumbnailUrl\":\"https:\\\/\\\/www.manabi.gob.ec\\\/wp-content\\\/uploads\\\/2022\\\/07\\\/WhatsApp-Image-2022-07-28-at-12.38.19-PM.jpeg\",\"articleSection\":[\"Desarrollo Social\",\"Noticias\",\"Obra P\u00fablica\",\"Todas\"],\"inLanguage\":\"es\"},{\"@type\":\"WebPage\",\"@id\":\"https:\\\/\\\/www.manabi.gob.ec\\\/index.php\\\/grandes-noticias-se-aprueba-suscripcion-de-credito-para-importantes-obras-en-portoviejo-y-manabi\\\/\",\"url\":\"https:\\\/\\\/www.manabi.gob.ec\\\/index.php\\\/grandes-noticias-se-aprueba-suscripcion-de-credito-para-importantes-obras-en-portoviejo-y-manabi\\\/\",\"name\":\"\u00a1GRANDES NOTICIAS! Se aprueba suscripci\u00f3n de cr\u00e9dito para importantes obras en Portoviejo y Manab\u00ed - Prefectura de Manab\u00ed\",\"isPartOf\":{\"@id\":\"https:\\\/\\\/www.manabi.gob.ec\\\/#website\"},\"primaryImageOfPage\":{\"@id\":\"https:\\\/\\\/www.manabi.gob.ec\\\/index.php\\\/grandes-noticias-se-aprueba-suscripcion-de-credito-para-importantes-obras-en-portoviejo-y-manabi\\\/#primaryimage\"},\"image\":{\"@id\":\"https:\\\/\\\/www.manabi.gob.ec\\\/index.php\\\/grandes-noticias-se-aprueba-suscripcion-de-credito-para-importantes-obras-en-portoviejo-y-manabi\\\/#primaryimage\"},\"thumbnailUrl\":\"https:\\\/\\\/www.manabi.gob.ec\\\/wp-content\\\/uploads\\\/2022\\\/07\\\/WhatsApp-Image-2022-07-28-at-12.38.19-PM.jpeg\",\"datePublished\":\"2022-07-29T17:17:55+00:00\",\"dateModified\":\"2022-07-29T17:17:59+00:00\",\"author\":{\"@id\":\"https:\\\/\\\/www.manabi.gob.ec\\\/#\\\/schema\\\/person\\\/c4f117989332ad723a6ced5994aa7d7a\"},\"breadcrumb\":{\"@id\":\"https:\\\/\\\/www.manabi.gob.ec\\\/index.php\\\/grandes-noticias-se-aprueba-suscripcion-de-credito-para-importantes-obras-en-portoviejo-y-manabi\\\/#breadcrumb\"},\"inLanguage\":\"es\",\"potentialAction\":[{\"@type\":\"ReadAction\",\"target\":[\"https:\\\/\\\/www.manabi.gob.ec\\\/index.php\\\/grandes-noticias-se-aprueba-suscripcion-de-credito-para-importantes-obras-en-portoviejo-y-manabi\\\/\"]}]},{\"@type\":\"ImageObject\",\"inLanguage\":\"es\",\"@id\":\"https:\\\/\\\/www.manabi.gob.ec\\\/index.php\\\/grandes-noticias-se-aprueba-suscripcion-de-credito-para-importantes-obras-en-portoviejo-y-manabi\\\/#primaryimage\",\"url\":\"https:\\\/\\\/www.manabi.gob.ec\\\/wp-content\\\/uploads\\\/2022\\\/07\\\/WhatsApp-Image-2022-07-28-at-12.38.19-PM.jpeg\",\"contentUrl\":\"https:\\\/\\\/www.manabi.gob.ec\\\/wp-content\\\/uploads\\\/2022\\\/07\\\/WhatsApp-Image-2022-07-28-at-12.38.19-PM.jpeg\",\"width\":1600,\"height\":1068},{\"@type\":\"BreadcrumbList\",\"@id\":\"https:\\\/\\\/www.manabi.gob.ec\\\/index.php\\\/grandes-noticias-se-aprueba-suscripcion-de-credito-para-importantes-obras-en-portoviejo-y-manabi\\\/#breadcrumb\",\"itemListElement\":[{\"@type\":\"ListItem\",\"position\":1,\"name\":\"Portada\",\"item\":\"https:\\\/\\\/www.manabi.gob.ec\\\/\"},{\"@type\":\"ListItem\",\"position\":2,\"name\":\"\u00a1GRANDES NOTICIAS! Se aprueba suscripci\u00f3n de cr\u00e9dito para importantes obras en Portoviejo y Manab\u00ed\"}]},{\"@type\":\"WebSite\",\"@id\":\"https:\\\/\\\/www.manabi.gob.ec\\\/#website\",\"url\":\"https:\\\/\\\/www.manabi.gob.ec\\\/\",\"name\":\"Prefectura de Manab\u00ed\",\"description\":\"P\u00e1gina web de la prefectura\",\"potentialAction\":[{\"@type\":\"SearchAction\",\"target\":{\"@type\":\"EntryPoint\",\"urlTemplate\":\"https:\\\/\\\/www.manabi.gob.ec\\\/?s={search_term_string}\"},\"query-input\":{\"@type\":\"PropertyValueSpecification\",\"valueRequired\":true,\"valueName\":\"search_term_string\"}}],\"inLanguage\":\"es\"},{\"@type\":\"Person\",\"@id\":\"https:\\\/\\\/www.manabi.gob.ec\\\/#\\\/schema\\\/person\\\/c4f117989332ad723a6ced5994aa7d7a\",\"name\":\"Lui Ochoa\",\"image\":{\"@type\":\"ImageObject\",\"inLanguage\":\"es\",\"@id\":\"https:\\\/\\\/secure.gravatar.com\\\/avatar\\\/6e8017d0fe69dead8a95864d2eb6e1e1d8bf8e01194ba49cf7b897ff038126ba?s=96&d=mm&r=g\",\"url\":\"https:\\\/\\\/secure.gravatar.com\\\/avatar\\\/6e8017d0fe69dead8a95864d2eb6e1e1d8bf8e01194ba49cf7b897ff038126ba?s=96&d=mm&r=g\",\"contentUrl\":\"https:\\\/\\\/secure.gravatar.com\\\/avatar\\\/6e8017d0fe69dead8a95864d2eb6e1e1d8bf8e01194ba49cf7b897ff038126ba?s=96&d=mm&r=g\",\"caption\":\"Lui Ochoa\"},\"url\":\"https:\\\/\\\/www.manabi.gob.ec\\\/index.php\\\/author\\\/lochoa\\\/\"}]}<\/script>\n<!-- \/ Yoast SEO plugin. -->","yoast_head_json":{"title":"\u00a1GRANDES NOTICIAS! Se aprueba suscripci\u00f3n de cr\u00e9dito para importantes obras en Portoviejo y Manab\u00ed - Prefectura de Manab\u00ed","robots":{"index":"index","follow":"follow","max-snippet":"max-snippet:-1","max-image-preview":"max-image-preview:large","max-video-preview":"max-video-preview:-1"},"canonical":"https:\/\/www.manabi.gob.ec\/index.php\/grandes-noticias-se-aprueba-suscripcion-de-credito-para-importantes-obras-en-portoviejo-y-manabi\/","og_locale":"es_ES","og_type":"article","og_title":"\u00a1GRANDES NOTICIAS! Se aprueba suscripci\u00f3n de cr\u00e9dito para importantes obras en Portoviejo y Manab\u00ed - Prefectura de Manab\u00ed","og_description":"Este mi\u00e9rcoles 27 de julio, en la sesi\u00f3n ordinaria n\u00famero 49, la Corporaci\u00f3n Provincial autoriz\u00f3 la suscripci\u00f3n de un nuevo cr\u00e9dito con el Banco de Desarrollo del Ecuador, por un monto de 4.8 millones de d\u00f3lares para el proyecto de \u201cReconstruccio\u0301n de la vi\u0301a Cuatro Esquinas -San Ignacio &#8211; Estancia Vieja &#8211; Pachinche en Medio [&hellip;]","og_url":"https:\/\/www.manabi.gob.ec\/index.php\/grandes-noticias-se-aprueba-suscripcion-de-credito-para-importantes-obras-en-portoviejo-y-manabi\/","og_site_name":"Prefectura de Manab\u00ed","article_published_time":"2022-07-29T17:17:55+00:00","article_modified_time":"2022-07-29T17:17:59+00:00","og_image":[{"width":1600,"height":1068,"url":"https:\/\/www.manabi.gob.ec\/wp-content\/uploads\/2022\/07\/WhatsApp-Image-2022-07-28-at-12.38.19-PM.jpeg","type":"image\/jpeg"}],"author":"Lui Ochoa","twitter_card":"summary_large_image","twitter_misc":{"Escrito por":"Lui Ochoa","Tiempo de lectura":"1 minuto"},"schema":{"@context":"https:\/\/schema.org","@graph":[{"@type":"Article","@id":"https:\/\/www.manabi.gob.ec\/index.php\/grandes-noticias-se-aprueba-suscripcion-de-credito-para-importantes-obras-en-portoviejo-y-manabi\/#article","isPartOf":{"@id":"https:\/\/www.manabi.gob.ec\/index.php\/grandes-noticias-se-aprueba-suscripcion-de-credito-para-importantes-obras-en-portoviejo-y-manabi\/"},"author":{"name":"Lui Ochoa","@id":"https:\/\/www.manabi.gob.ec\/#\/schema\/person\/c4f117989332ad723a6ced5994aa7d7a"},"headline":"\u00a1GRANDES NOTICIAS! Se aprueba suscripci\u00f3n de cr\u00e9dito para importantes obras en Portoviejo y Manab\u00ed","datePublished":"2022-07-29T17:17:55+00:00","dateModified":"2022-07-29T17:17:59+00:00","mainEntityOfPage":{"@id":"https:\/\/www.manabi.gob.ec\/index.php\/grandes-noticias-se-aprueba-suscripcion-de-credito-para-importantes-obras-en-portoviejo-y-manabi\/"},"wordCount":147,"image":{"@id":"https:\/\/www.manabi.gob.ec\/index.php\/grandes-noticias-se-aprueba-suscripcion-de-credito-para-importantes-obras-en-portoviejo-y-manabi\/#primaryimage"},"thumbnailUrl":"https:\/\/www.manabi.gob.ec\/wp-content\/uploads\/2022\/07\/WhatsApp-Image-2022-07-28-at-12.38.19-PM.jpeg","articleSection":["Desarrollo Social","Noticias","Obra P\u00fablica","Todas"],"inLanguage":"es"},{"@type":"WebPage","@id":"https:\/\/www.manabi.gob.ec\/index.php\/grandes-noticias-se-aprueba-suscripcion-de-credito-para-importantes-obras-en-portoviejo-y-manabi\/","url":"https:\/\/www.manabi.gob.ec\/index.php\/grandes-noticias-se-aprueba-suscripcion-de-credito-para-importantes-obras-en-portoviejo-y-manabi\/","name":"\u00a1GRANDES NOTICIAS! Se aprueba suscripci\u00f3n de cr\u00e9dito para importantes obras en Portoviejo y Manab\u00ed - Prefectura de Manab\u00ed","isPartOf":{"@id":"https:\/\/www.manabi.gob.ec\/#website"},"primaryImageOfPage":{"@id":"https:\/\/www.manabi.gob.ec\/index.php\/grandes-noticias-se-aprueba-suscripcion-de-credito-para-importantes-obras-en-portoviejo-y-manabi\/#primaryimage"},"image":{"@id":"https:\/\/www.manabi.gob.ec\/index.php\/grandes-noticias-se-aprueba-suscripcion-de-credito-para-importantes-obras-en-portoviejo-y-manabi\/#primaryimage"},"thumbnailUrl":"https:\/\/www.manabi.gob.ec\/wp-content\/uploads\/2022\/07\/WhatsApp-Image-2022-07-28-at-12.38.19-PM.jpeg","datePublished":"2022-07-29T17:17:55+00:00","dateModified":"2022-07-29T17:17:59+00:00","author":{"@id":"https:\/\/www.manabi.gob.ec\/#\/schema\/person\/c4f117989332ad723a6ced5994aa7d7a"},"breadcrumb":{"@id":"https:\/\/www.manabi.gob.ec\/index.php\/grandes-noticias-se-aprueba-suscripcion-de-credito-para-importantes-obras-en-portoviejo-y-manabi\/#breadcrumb"},"inLanguage":"es","potentialAction":[{"@type":"ReadAction","target":["https:\/\/www.manabi.gob.ec\/index.php\/grandes-noticias-se-aprueba-suscripcion-de-credito-para-importantes-obras-en-portoviejo-y-manabi\/"]}]},{"@type":"ImageObject","inLanguage":"es","@id":"https:\/\/www.manabi.gob.ec\/index.php\/grandes-noticias-se-aprueba-suscripcion-de-credito-para-importantes-obras-en-portoviejo-y-manabi\/#primaryimage","url":"https:\/\/www.manabi.gob.ec\/wp-content\/uploads\/2022\/07\/WhatsApp-Image-2022-07-28-at-12.38.19-PM.jpeg","contentUrl":"https:\/\/www.manabi.gob.ec\/wp-content\/uploads\/2022\/07\/WhatsApp-Image-2022-07-28-at-12.38.19-PM.jpeg","width":1600,"height":1068},{"@type":"BreadcrumbList","@id":"https:\/\/www.manabi.gob.ec\/index.php\/grandes-noticias-se-aprueba-suscripcion-de-credito-para-importantes-obras-en-portoviejo-y-manabi\/#breadcrumb","itemListElement":[{"@type":"ListItem","position":1,"name":"Portada","item":"https:\/\/www.manabi.gob.ec\/"},{"@type":"ListItem","position":2,"name":"\u00a1GRANDES NOTICIAS! Se aprueba suscripci\u00f3n de cr\u00e9dito para importantes obras en Portoviejo y Manab\u00ed"}]},{"@type":"WebSite","@id":"https:\/\/www.manabi.gob.ec\/#website","url":"https:\/\/www.manabi.gob.ec\/","name":"Prefectura de Manab\u00ed","description":"P\u00e1gina web de la prefectura","potentialAction":[{"@type":"SearchAction","target":{"@type":"EntryPoint","urlTemplate":"https:\/\/www.manabi.gob.ec\/?s={search_term_string}"},"query-input":{"@type":"PropertyValueSpecification","valueRequired":true,"valueName":"search_term_string"}}],"inLanguage":"es"},{"@type":"Person","@id":"https:\/\/www.manabi.gob.ec\/#\/schema\/person\/c4f117989332ad723a6ced5994aa7d7a","name":"Lui Ochoa","image":{"@type":"ImageObject","inLanguage":"es","@id":"https:\/\/secure.gravatar.com\/avatar\/6e8017d0fe69dead8a95864d2eb6e1e1d8bf8e01194ba49cf7b897ff038126ba?s=96&d=mm&r=g","url":"https:\/\/secure.gravatar.com\/avatar\/6e8017d0fe69dead8a95864d2eb6e1e1d8bf8e01194ba49cf7b897ff038126ba?s=96&d=mm&r=g","contentUrl":"https:\/\/secure.gravatar.com\/avatar\/6e8017d0fe69dead8a95864d2eb6e1e1d8bf8e01194ba49cf7b897ff038126ba?s=96&d=mm&r=g","caption":"Lui Ochoa"},"url":"https:\/\/www.manabi.gob.ec\/index.php\/author\/lochoa\/"}]}},"jetpack_featured_media_url":"https:\/\/www.manabi.gob.ec\/wp-content\/uploads\/2022\/07\/WhatsApp-Image-2022-07-28-at-12.38.19-PM.jpeg","_links":{"self":[{"href":"https:\/\/www.manabi.gob.ec\/index.php\/wp-json\/wp\/v2\/posts\/21611","targetHints":{"allow":["GET"]}}],"collection":[{"href":"https:\/\/www.manabi.gob.ec\/index.php\/wp-json\/wp\/v2\/posts"}],"about":[{"href":"https:\/\/www.manabi.gob.ec\/index.php\/wp-json\/wp\/v2\/types\/post"}],"author":[{"embeddable":true,"href":"https:\/\/www.manabi.gob.ec\/index.php\/wp-json\/wp\/v2\/users\/10"}],"replies":[{"embeddable":true,"href":"https:\/\/www.manabi.gob.ec\/index.php\/wp-json\/wp\/v2\/comments?post=21611"}],"version-history":[{"count":0,"href":"https:\/\/www.manabi.gob.ec\/index.php\/wp-json\/wp\/v2\/posts\/21611\/revisions"}],"wp:featuredmedia":[{"embeddable":true,"href":"https:\/\/www.manabi.gob.ec\/index.php\/wp-json\/wp\/v2\/media\/21612"}],"wp:attachment":[{"href":"https:\/\/www.manabi.gob.ec\/index.php\/wp-json\/wp\/v2\/media?parent=21611"}],"wp:term":[{"taxonomy":"category","embeddable":true,"href":"https:\/\/www.manabi.gob.ec\/index.php\/wp-json\/wp\/v2\/categories?post=21611"},{"taxonomy":"post_tag","embeddable":true,"href":"https:\/\/www.manabi.gob.ec\/index.php\/wp-json\/wp\/v2\/tags?post=21611"}],"curies":[{"name":"wp","href":"https:\/\/api.w.org\/{rel}","templated":true}]}}