{"id":21618,"date":"2022-08-01T16:11:58","date_gmt":"2022-08-01T16:11:58","guid":{"rendered":"https:\/\/www.manabi.gob.ec\/?p=21618"},"modified":"2022-08-01T16:15:08","modified_gmt":"2022-08-01T16:15:08","slug":"justicia-y-equidad-sosote-se-regocija-con-la-inauguracion-del-centro-de-atencion-integral","status":"publish","type":"post","link":"https:\/\/www.manabi.gob.ec\/index.php\/justicia-y-equidad-sosote-se-regocija-con-la-inauguracion-del-centro-de-atencion-integral\/","title":{"rendered":"\u00a1JUSTICIA Y EQUIDAD! Sosote se regocija con la inauguraci\u00f3n del centro de atenci\u00f3n integral"},"content":{"rendered":"\n<p><\/p>\n\n\n\n<p>Lady Saltos, moradora de Sosote lleg\u00f3 hasta el centro de fisioterapia y atenci\u00f3n integral para agradecer personalmente al prefecto de Manab\u00ed, Leonardo Orlando, por el beneficio que recibir\u00e1 su hijo Kevin Valencia, en el nuevo centro de fisioterapia y atenci\u00f3n integral.<\/p>\n\n\n\n<p><br>El menor de 9 a\u00f1os tiene discapacidad f\u00edsica de 91%, y desde el lunes recibir\u00e1 terapias en el nuevo centro de fisioterapia de la comunidad.<\/p>\n\n\n\n<p><br>\u201cYa no tendr\u00e9 que viajar y ese tiempo lo aprovechar\u00e9 para dedic\u00e1rselo a mi ni\u00f1o, y estaremos m\u00e1s cerca de la casa, nos ahorraremos en pasajes y el costo de la terapia, por eso mi profundo agradecimiento al Prefecto, gracias por todo lo que hace por nosotros\u00bb, dijo La humilde mujer, quien explic\u00f3 que el ahorro es significativo, de unos 25 d\u00f3lares por terapia.<br>Este 28 de julio el Prefecto inaugur\u00f3 en Sosote el Centro de Atenci\u00f3n Integral de Fisioterapia \u201cRompiendo Barreras\u201d, proyecto social que se ejecuta en convenio entre la Prefectura de Manab\u00ed y la comuna Sosote del cant\u00f3n Rocafuerte.<br>Este proyecto social tiene como objetivo fortalecer la calidad de vida de las personas pertenecientes a los grupos de atenci\u00f3n prioritaria a trav\u00e9s de los distintos servicios de rehabilitaci\u00f3n f\u00edsica, de nutrici\u00f3n y diet\u00e9tica, mediante la aplicaci\u00f3n de tratamientos integrales dirigidos a restablecer su capacidad funcional y estilo de vida; asistiendo a las personas con problemas f\u00edsicos y nutricionales perennes o temporales; integrando e instruyendo a la familia en el tratamiento de rehabilitaci\u00f3n f\u00edsica.<\/p>\n\n\n\n<p><br>Para los beneficiarios es de gran ayuda este servicio, porque reciben la atenci\u00f3n en salud b\u00e1sica sin costo alguno y con la implementaci\u00f3n del centro de Fisioterapia genera un ahorro al usuario de 25 d\u00f3lares por cada consulta en ambas especialidades<\/p>\n\n\n\n<p><br>El Prefecto dijo que existe el firme compromiso de inaugurar y poner en funcionamiento 50 centros, siendo 60 centros la meta total de este a\u00f1o.<\/p>\n","protected":false},"excerpt":{"rendered":"<p>Lady Saltos, moradora de Sosote lleg\u00f3 hasta el centro de fisioterapia y atenci\u00f3n integral para agradecer personalmente al prefecto de Manab\u00ed, Leonardo Orlando, por el beneficio que recibir\u00e1 su hijo Kevin Valencia, en el nuevo centro de fisioterapia y atenci\u00f3n integral. El menor de 9 a\u00f1os tiene discapacidad f\u00edsica de 91%, y desde el lunes [&hellip;]<\/p>\n","protected":false},"author":10,"featured_media":21619,"comment_status":"closed","ping_status":"closed","sticky":false,"template":"","format":"standard","meta":{"_joinchat":[],"footnotes":""},"categories":[142,92,135,72,91],"tags":[],"class_list":["post-21618","post","type-post","status-publish","format-standard","has-post-thumbnail","hentry","category-desarrollo-social","category-noticias-manabi","category-rocafuerte","category-salud","category-todas"],"yoast_head":"<!-- This site is optimized with the Yoast SEO plugin v27.4 - https:\/\/yoast.com\/product\/yoast-seo-wordpress\/ -->\n<title>\u00a1JUSTICIA Y EQUIDAD! Sosote se regocija con la inauguraci\u00f3n del centro de atenci\u00f3n integral - Prefectura de Manab\u00ed<\/title>\n<meta name=\"robots\" content=\"index, follow, max-snippet:-1, max-image-preview:large, max-video-preview:-1\" \/>\n<link rel=\"canonical\" href=\"https:\/\/www.manabi.gob.ec\/index.php\/justicia-y-equidad-sosote-se-regocija-con-la-inauguracion-del-centro-de-atencion-integral\/\" \/>\n<meta property=\"og:locale\" content=\"es_ES\" \/>\n<meta property=\"og:type\" content=\"article\" \/>\n<meta property=\"og:title\" content=\"\u00a1JUSTICIA Y EQUIDAD! Sosote se regocija con la inauguraci\u00f3n del centro de atenci\u00f3n integral - Prefectura de Manab\u00ed\" \/>\n<meta property=\"og:description\" content=\"Lady Saltos, moradora de Sosote lleg\u00f3 hasta el centro de fisioterapia y atenci\u00f3n integral para agradecer personalmente al prefecto de Manab\u00ed, Leonardo Orlando, por el beneficio que recibir\u00e1 su hijo Kevin Valencia, en el nuevo centro de fisioterapia y atenci\u00f3n integral. El menor de 9 a\u00f1os tiene discapacidad f\u00edsica de 91%, y desde el lunes [&hellip;]\" \/>\n<meta property=\"og:url\" content=\"https:\/\/www.manabi.gob.ec\/index.php\/justicia-y-equidad-sosote-se-regocija-con-la-inauguracion-del-centro-de-atencion-integral\/\" \/>\n<meta property=\"og:site_name\" content=\"Prefectura de Manab\u00ed\" \/>\n<meta property=\"article:published_time\" content=\"2022-08-01T16:11:58+00:00\" \/>\n<meta property=\"article:modified_time\" content=\"2022-08-01T16:15:08+00:00\" \/>\n<meta property=\"og:image\" content=\"https:\/\/www.manabi.gob.ec\/wp-content\/uploads\/2022\/08\/WhatsApp-Image-2022-07-29-at-7.21.29-AM.jpeg\" \/>\n\t<meta property=\"og:image:width\" content=\"1600\" \/>\n\t<meta property=\"og:image:height\" content=\"1070\" \/>\n\t<meta property=\"og:image:type\" content=\"image\/jpeg\" \/>\n<meta name=\"author\" content=\"Lui Ochoa\" \/>\n<meta name=\"twitter:card\" content=\"summary_large_image\" \/>\n<meta name=\"twitter:label1\" content=\"Escrito por\" \/>\n\t<meta name=\"twitter:data1\" content=\"Lui Ochoa\" \/>\n\t<meta name=\"twitter:label2\" content=\"Tiempo de lectura\" \/>\n\t<meta name=\"twitter:data2\" content=\"2 minutos\" \/>\n<script type=\"application\/ld+json\" class=\"yoast-schema-graph\">{\"@context\":\"https:\\\/\\\/schema.org\",\"@graph\":[{\"@type\":\"Article\",\"@id\":\"https:\\\/\\\/www.manabi.gob.ec\\\/index.php\\\/justicia-y-equidad-sosote-se-regocija-con-la-inauguracion-del-centro-de-atencion-integral\\\/#article\",\"isPartOf\":{\"@id\":\"https:\\\/\\\/www.manabi.gob.ec\\\/index.php\\\/justicia-y-equidad-sosote-se-regocija-con-la-inauguracion-del-centro-de-atencion-integral\\\/\"},\"author\":{\"name\":\"Lui Ochoa\",\"@id\":\"https:\\\/\\\/www.manabi.gob.ec\\\/#\\\/schema\\\/person\\\/c4f117989332ad723a6ced5994aa7d7a\"},\"headline\":\"\u00a1JUSTICIA Y EQUIDAD! Sosote se regocija con la inauguraci\u00f3n del centro de atenci\u00f3n integral\",\"datePublished\":\"2022-08-01T16:11:58+00:00\",\"dateModified\":\"2022-08-01T16:15:08+00:00\",\"mainEntityOfPage\":{\"@id\":\"https:\\\/\\\/www.manabi.gob.ec\\\/index.php\\\/justicia-y-equidad-sosote-se-regocija-con-la-inauguracion-del-centro-de-atencion-integral\\\/\"},\"wordCount\":341,\"image\":{\"@id\":\"https:\\\/\\\/www.manabi.gob.ec\\\/index.php\\\/justicia-y-equidad-sosote-se-regocija-con-la-inauguracion-del-centro-de-atencion-integral\\\/#primaryimage\"},\"thumbnailUrl\":\"https:\\\/\\\/www.manabi.gob.ec\\\/wp-content\\\/uploads\\\/2022\\\/08\\\/WhatsApp-Image-2022-07-29-at-7.21.29-AM.jpeg\",\"articleSection\":[\"Desarrollo Social\",\"Noticias\",\"Rocafuerte\",\"salud\",\"Todas\"],\"inLanguage\":\"es\"},{\"@type\":\"WebPage\",\"@id\":\"https:\\\/\\\/www.manabi.gob.ec\\\/index.php\\\/justicia-y-equidad-sosote-se-regocija-con-la-inauguracion-del-centro-de-atencion-integral\\\/\",\"url\":\"https:\\\/\\\/www.manabi.gob.ec\\\/index.php\\\/justicia-y-equidad-sosote-se-regocija-con-la-inauguracion-del-centro-de-atencion-integral\\\/\",\"name\":\"\u00a1JUSTICIA Y EQUIDAD! Sosote se regocija con la inauguraci\u00f3n del centro de atenci\u00f3n integral - Prefectura de Manab\u00ed\",\"isPartOf\":{\"@id\":\"https:\\\/\\\/www.manabi.gob.ec\\\/#website\"},\"primaryImageOfPage\":{\"@id\":\"https:\\\/\\\/www.manabi.gob.ec\\\/index.php\\\/justicia-y-equidad-sosote-se-regocija-con-la-inauguracion-del-centro-de-atencion-integral\\\/#primaryimage\"},\"image\":{\"@id\":\"https:\\\/\\\/www.manabi.gob.ec\\\/index.php\\\/justicia-y-equidad-sosote-se-regocija-con-la-inauguracion-del-centro-de-atencion-integral\\\/#primaryimage\"},\"thumbnailUrl\":\"https:\\\/\\\/www.manabi.gob.ec\\\/wp-content\\\/uploads\\\/2022\\\/08\\\/WhatsApp-Image-2022-07-29-at-7.21.29-AM.jpeg\",\"datePublished\":\"2022-08-01T16:11:58+00:00\",\"dateModified\":\"2022-08-01T16:15:08+00:00\",\"author\":{\"@id\":\"https:\\\/\\\/www.manabi.gob.ec\\\/#\\\/schema\\\/person\\\/c4f117989332ad723a6ced5994aa7d7a\"},\"breadcrumb\":{\"@id\":\"https:\\\/\\\/www.manabi.gob.ec\\\/index.php\\\/justicia-y-equidad-sosote-se-regocija-con-la-inauguracion-del-centro-de-atencion-integral\\\/#breadcrumb\"},\"inLanguage\":\"es\",\"potentialAction\":[{\"@type\":\"ReadAction\",\"target\":[\"https:\\\/\\\/www.manabi.gob.ec\\\/index.php\\\/justicia-y-equidad-sosote-se-regocija-con-la-inauguracion-del-centro-de-atencion-integral\\\/\"]}]},{\"@type\":\"ImageObject\",\"inLanguage\":\"es\",\"@id\":\"https:\\\/\\\/www.manabi.gob.ec\\\/index.php\\\/justicia-y-equidad-sosote-se-regocija-con-la-inauguracion-del-centro-de-atencion-integral\\\/#primaryimage\",\"url\":\"https:\\\/\\\/www.manabi.gob.ec\\\/wp-content\\\/uploads\\\/2022\\\/08\\\/WhatsApp-Image-2022-07-29-at-7.21.29-AM.jpeg\",\"contentUrl\":\"https:\\\/\\\/www.manabi.gob.ec\\\/wp-content\\\/uploads\\\/2022\\\/08\\\/WhatsApp-Image-2022-07-29-at-7.21.29-AM.jpeg\",\"width\":1600,\"height\":1070},{\"@type\":\"BreadcrumbList\",\"@id\":\"https:\\\/\\\/www.manabi.gob.ec\\\/index.php\\\/justicia-y-equidad-sosote-se-regocija-con-la-inauguracion-del-centro-de-atencion-integral\\\/#breadcrumb\",\"itemListElement\":[{\"@type\":\"ListItem\",\"position\":1,\"name\":\"Portada\",\"item\":\"https:\\\/\\\/www.manabi.gob.ec\\\/\"},{\"@type\":\"ListItem\",\"position\":2,\"name\":\"\u00a1JUSTICIA Y EQUIDAD! Sosote se regocija con la inauguraci\u00f3n del centro de atenci\u00f3n integral\"}]},{\"@type\":\"WebSite\",\"@id\":\"https:\\\/\\\/www.manabi.gob.ec\\\/#website\",\"url\":\"https:\\\/\\\/www.manabi.gob.ec\\\/\",\"name\":\"Prefectura de Manab\u00ed\",\"description\":\"P\u00e1gina web de la prefectura\",\"potentialAction\":[{\"@type\":\"SearchAction\",\"target\":{\"@type\":\"EntryPoint\",\"urlTemplate\":\"https:\\\/\\\/www.manabi.gob.ec\\\/?s={search_term_string}\"},\"query-input\":{\"@type\":\"PropertyValueSpecification\",\"valueRequired\":true,\"valueName\":\"search_term_string\"}}],\"inLanguage\":\"es\"},{\"@type\":\"Person\",\"@id\":\"https:\\\/\\\/www.manabi.gob.ec\\\/#\\\/schema\\\/person\\\/c4f117989332ad723a6ced5994aa7d7a\",\"name\":\"Lui Ochoa\",\"image\":{\"@type\":\"ImageObject\",\"inLanguage\":\"es\",\"@id\":\"https:\\\/\\\/secure.gravatar.com\\\/avatar\\\/6e8017d0fe69dead8a95864d2eb6e1e1d8bf8e01194ba49cf7b897ff038126ba?s=96&d=mm&r=g\",\"url\":\"https:\\\/\\\/secure.gravatar.com\\\/avatar\\\/6e8017d0fe69dead8a95864d2eb6e1e1d8bf8e01194ba49cf7b897ff038126ba?s=96&d=mm&r=g\",\"contentUrl\":\"https:\\\/\\\/secure.gravatar.com\\\/avatar\\\/6e8017d0fe69dead8a95864d2eb6e1e1d8bf8e01194ba49cf7b897ff038126ba?s=96&d=mm&r=g\",\"caption\":\"Lui Ochoa\"},\"url\":\"https:\\\/\\\/www.manabi.gob.ec\\\/index.php\\\/author\\\/lochoa\\\/\"}]}<\/script>\n<!-- \/ Yoast SEO plugin. -->","yoast_head_json":{"title":"\u00a1JUSTICIA Y EQUIDAD! Sosote se regocija con la inauguraci\u00f3n del centro de atenci\u00f3n integral - Prefectura de Manab\u00ed","robots":{"index":"index","follow":"follow","max-snippet":"max-snippet:-1","max-image-preview":"max-image-preview:large","max-video-preview":"max-video-preview:-1"},"canonical":"https:\/\/www.manabi.gob.ec\/index.php\/justicia-y-equidad-sosote-se-regocija-con-la-inauguracion-del-centro-de-atencion-integral\/","og_locale":"es_ES","og_type":"article","og_title":"\u00a1JUSTICIA Y EQUIDAD! Sosote se regocija con la inauguraci\u00f3n del centro de atenci\u00f3n integral - Prefectura de Manab\u00ed","og_description":"Lady Saltos, moradora de Sosote lleg\u00f3 hasta el centro de fisioterapia y atenci\u00f3n integral para agradecer personalmente al prefecto de Manab\u00ed, Leonardo Orlando, por el beneficio que recibir\u00e1 su hijo Kevin Valencia, en el nuevo centro de fisioterapia y atenci\u00f3n integral. El menor de 9 a\u00f1os tiene discapacidad f\u00edsica de 91%, y desde el lunes [&hellip;]","og_url":"https:\/\/www.manabi.gob.ec\/index.php\/justicia-y-equidad-sosote-se-regocija-con-la-inauguracion-del-centro-de-atencion-integral\/","og_site_name":"Prefectura de Manab\u00ed","article_published_time":"2022-08-01T16:11:58+00:00","article_modified_time":"2022-08-01T16:15:08+00:00","og_image":[{"width":1600,"height":1070,"url":"https:\/\/www.manabi.gob.ec\/wp-content\/uploads\/2022\/08\/WhatsApp-Image-2022-07-29-at-7.21.29-AM.jpeg","type":"image\/jpeg"}],"author":"Lui Ochoa","twitter_card":"summary_large_image","twitter_misc":{"Escrito por":"Lui Ochoa","Tiempo de lectura":"2 minutos"},"schema":{"@context":"https:\/\/schema.org","@graph":[{"@type":"Article","@id":"https:\/\/www.manabi.gob.ec\/index.php\/justicia-y-equidad-sosote-se-regocija-con-la-inauguracion-del-centro-de-atencion-integral\/#article","isPartOf":{"@id":"https:\/\/www.manabi.gob.ec\/index.php\/justicia-y-equidad-sosote-se-regocija-con-la-inauguracion-del-centro-de-atencion-integral\/"},"author":{"name":"Lui Ochoa","@id":"https:\/\/www.manabi.gob.ec\/#\/schema\/person\/c4f117989332ad723a6ced5994aa7d7a"},"headline":"\u00a1JUSTICIA Y EQUIDAD! Sosote se regocija con la inauguraci\u00f3n del centro de atenci\u00f3n integral","datePublished":"2022-08-01T16:11:58+00:00","dateModified":"2022-08-01T16:15:08+00:00","mainEntityOfPage":{"@id":"https:\/\/www.manabi.gob.ec\/index.php\/justicia-y-equidad-sosote-se-regocija-con-la-inauguracion-del-centro-de-atencion-integral\/"},"wordCount":341,"image":{"@id":"https:\/\/www.manabi.gob.ec\/index.php\/justicia-y-equidad-sosote-se-regocija-con-la-inauguracion-del-centro-de-atencion-integral\/#primaryimage"},"thumbnailUrl":"https:\/\/www.manabi.gob.ec\/wp-content\/uploads\/2022\/08\/WhatsApp-Image-2022-07-29-at-7.21.29-AM.jpeg","articleSection":["Desarrollo Social","Noticias","Rocafuerte","salud","Todas"],"inLanguage":"es"},{"@type":"WebPage","@id":"https:\/\/www.manabi.gob.ec\/index.php\/justicia-y-equidad-sosote-se-regocija-con-la-inauguracion-del-centro-de-atencion-integral\/","url":"https:\/\/www.manabi.gob.ec\/index.php\/justicia-y-equidad-sosote-se-regocija-con-la-inauguracion-del-centro-de-atencion-integral\/","name":"\u00a1JUSTICIA Y EQUIDAD! Sosote se regocija con la inauguraci\u00f3n del centro de atenci\u00f3n integral - Prefectura de Manab\u00ed","isPartOf":{"@id":"https:\/\/www.manabi.gob.ec\/#website"},"primaryImageOfPage":{"@id":"https:\/\/www.manabi.gob.ec\/index.php\/justicia-y-equidad-sosote-se-regocija-con-la-inauguracion-del-centro-de-atencion-integral\/#primaryimage"},"image":{"@id":"https:\/\/www.manabi.gob.ec\/index.php\/justicia-y-equidad-sosote-se-regocija-con-la-inauguracion-del-centro-de-atencion-integral\/#primaryimage"},"thumbnailUrl":"https:\/\/www.manabi.gob.ec\/wp-content\/uploads\/2022\/08\/WhatsApp-Image-2022-07-29-at-7.21.29-AM.jpeg","datePublished":"2022-08-01T16:11:58+00:00","dateModified":"2022-08-01T16:15:08+00:00","author":{"@id":"https:\/\/www.manabi.gob.ec\/#\/schema\/person\/c4f117989332ad723a6ced5994aa7d7a"},"breadcrumb":{"@id":"https:\/\/www.manabi.gob.ec\/index.php\/justicia-y-equidad-sosote-se-regocija-con-la-inauguracion-del-centro-de-atencion-integral\/#breadcrumb"},"inLanguage":"es","potentialAction":[{"@type":"ReadAction","target":["https:\/\/www.manabi.gob.ec\/index.php\/justicia-y-equidad-sosote-se-regocija-con-la-inauguracion-del-centro-de-atencion-integral\/"]}]},{"@type":"ImageObject","inLanguage":"es","@id":"https:\/\/www.manabi.gob.ec\/index.php\/justicia-y-equidad-sosote-se-regocija-con-la-inauguracion-del-centro-de-atencion-integral\/#primaryimage","url":"https:\/\/www.manabi.gob.ec\/wp-content\/uploads\/2022\/08\/WhatsApp-Image-2022-07-29-at-7.21.29-AM.jpeg","contentUrl":"https:\/\/www.manabi.gob.ec\/wp-content\/uploads\/2022\/08\/WhatsApp-Image-2022-07-29-at-7.21.29-AM.jpeg","width":1600,"height":1070},{"@type":"BreadcrumbList","@id":"https:\/\/www.manabi.gob.ec\/index.php\/justicia-y-equidad-sosote-se-regocija-con-la-inauguracion-del-centro-de-atencion-integral\/#breadcrumb","itemListElement":[{"@type":"ListItem","position":1,"name":"Portada","item":"https:\/\/www.manabi.gob.ec\/"},{"@type":"ListItem","position":2,"name":"\u00a1JUSTICIA Y EQUIDAD! Sosote se regocija con la inauguraci\u00f3n del centro de atenci\u00f3n integral"}]},{"@type":"WebSite","@id":"https:\/\/www.manabi.gob.ec\/#website","url":"https:\/\/www.manabi.gob.ec\/","name":"Prefectura de Manab\u00ed","description":"P\u00e1gina web de la prefectura","potentialAction":[{"@type":"SearchAction","target":{"@type":"EntryPoint","urlTemplate":"https:\/\/www.manabi.gob.ec\/?s={search_term_string}"},"query-input":{"@type":"PropertyValueSpecification","valueRequired":true,"valueName":"search_term_string"}}],"inLanguage":"es"},{"@type":"Person","@id":"https:\/\/www.manabi.gob.ec\/#\/schema\/person\/c4f117989332ad723a6ced5994aa7d7a","name":"Lui Ochoa","image":{"@type":"ImageObject","inLanguage":"es","@id":"https:\/\/secure.gravatar.com\/avatar\/6e8017d0fe69dead8a95864d2eb6e1e1d8bf8e01194ba49cf7b897ff038126ba?s=96&d=mm&r=g","url":"https:\/\/secure.gravatar.com\/avatar\/6e8017d0fe69dead8a95864d2eb6e1e1d8bf8e01194ba49cf7b897ff038126ba?s=96&d=mm&r=g","contentUrl":"https:\/\/secure.gravatar.com\/avatar\/6e8017d0fe69dead8a95864d2eb6e1e1d8bf8e01194ba49cf7b897ff038126ba?s=96&d=mm&r=g","caption":"Lui Ochoa"},"url":"https:\/\/www.manabi.gob.ec\/index.php\/author\/lochoa\/"}]}},"jetpack_featured_media_url":"https:\/\/www.manabi.gob.ec\/wp-content\/uploads\/2022\/08\/WhatsApp-Image-2022-07-29-at-7.21.29-AM.jpeg","_links":{"self":[{"href":"https:\/\/www.manabi.gob.ec\/index.php\/wp-json\/wp\/v2\/posts\/21618","targetHints":{"allow":["GET"]}}],"collection":[{"href":"https:\/\/www.manabi.gob.ec\/index.php\/wp-json\/wp\/v2\/posts"}],"about":[{"href":"https:\/\/www.manabi.gob.ec\/index.php\/wp-json\/wp\/v2\/types\/post"}],"author":[{"embeddable":true,"href":"https:\/\/www.manabi.gob.ec\/index.php\/wp-json\/wp\/v2\/users\/10"}],"replies":[{"embeddable":true,"href":"https:\/\/www.manabi.gob.ec\/index.php\/wp-json\/wp\/v2\/comments?post=21618"}],"version-history":[{"count":0,"href":"https:\/\/www.manabi.gob.ec\/index.php\/wp-json\/wp\/v2\/posts\/21618\/revisions"}],"wp:featuredmedia":[{"embeddable":true,"href":"https:\/\/www.manabi.gob.ec\/index.php\/wp-json\/wp\/v2\/media\/21619"}],"wp:attachment":[{"href":"https:\/\/www.manabi.gob.ec\/index.php\/wp-json\/wp\/v2\/media?parent=21618"}],"wp:term":[{"taxonomy":"category","embeddable":true,"href":"https:\/\/www.manabi.gob.ec\/index.php\/wp-json\/wp\/v2\/categories?post=21618"},{"taxonomy":"post_tag","embeddable":true,"href":"https:\/\/www.manabi.gob.ec\/index.php\/wp-json\/wp\/v2\/tags?post=21618"}],"curies":[{"name":"wp","href":"https:\/\/api.w.org\/{rel}","templated":true}]}}