{"id":21763,"date":"2022-08-15T15:47:46","date_gmt":"2022-08-15T15:47:46","guid":{"rendered":"https:\/\/www.manabi.gob.ec\/?p=21763"},"modified":"2022-08-15T15:48:05","modified_gmt":"2022-08-15T15:48:05","slug":"mas-obras-para-santa-ana","status":"publish","type":"post","link":"https:\/\/www.manabi.gob.ec\/index.php\/mas-obras-para-santa-ana\/","title":{"rendered":"\u00a1M\u00c1S OBRAS PARA SANTA ANA!"},"content":{"rendered":"\n<p>El Prefecto lleg\u00f3 con buenas noticias a la sesi\u00f3n solemne por los 138 a\u00f1os del primer Cabildo Municipal<\/p>\n\n\n\n<p>El tradicional desfile c\u00edvico -estudiantil dio inicio a las actividades con las cuales los habitantes y autoridades del cant\u00f3n Santa Ana conmemoraron, est\u00e9 martes 2 de agosto, 138 a\u00f1os de instalaci\u00f3n del primer Cabildo Municipal.<\/p>\n\n\n\n<p>El prefecto, Leonardo Orlando, se uni\u00f3 a la celebraci\u00f3n. Durante la sesi\u00f3n solemne entreg\u00f3 el acuerdo de felicitaci\u00f3n de la Corporaci\u00f3n Provincial, ratific\u00f3 su compromiso de trabajo por el desarrollo de este cant\u00f3n, y anunci\u00f3 la construcci\u00f3n de nuevos puentes y v\u00edas para beneficio de varias comunidades rurales y la integraci\u00f3n de Santa Ana con cantones vecinos.<\/p>\n\n\n\n<p>\u201cSe acaba de iniciar el proceso precontractual, con la solicitud del informe de pertinencia a la Contralor\u00eda General del Estado, de un proceso de licitaci\u00f3n por cerca de 1.8 millones de d\u00f3lares, para el proyecto vial que beneficiar\u00e1 a las comunidades antes olvidadas de Aguas Amargas, Camino Nuevo, Quebrada Grande, y Tierras Negras\u201d, expres\u00f3 el Prefecto.<\/p>\n\n\n\n<p>Manifest\u00f3 que con este nuevo proyecto, la inversi\u00f3n de la Prefectura en Santa Ana, en los diversos \u00e1mbitos de su competencia, supera los nueve millones de d\u00f3lares, en los tres a\u00f1os de su gesti\u00f3n.<\/p>\n","protected":false},"excerpt":{"rendered":"<p>El Prefecto lleg\u00f3 con buenas noticias a la sesi\u00f3n solemne por los 138 a\u00f1os del primer Cabildo Municipal El tradicional desfile c\u00edvico -estudiantil dio inicio a las actividades con las cuales los habitantes y autoridades del cant\u00f3n Santa Ana conmemoraron, est\u00e9 martes 2 de agosto, 138 a\u00f1os de instalaci\u00f3n del primer Cabildo Municipal. El prefecto, [&hellip;]<\/p>\n","protected":false},"author":10,"featured_media":21764,"comment_status":"closed","ping_status":"closed","sticky":false,"template":"","format":"standard","meta":{"_joinchat":[],"footnotes":""},"categories":[142,92,181,107,91,127],"tags":[],"class_list":["post-21763","post","type-post","status-publish","format-standard","has-post-thumbnail","hentry","category-desarrollo-social","category-noticias-manabi","category-obra-publica","category-santa-ana","category-todas","category-vialidad"],"yoast_head":"<!-- This site is optimized with the Yoast SEO plugin v27.4 - https:\/\/yoast.com\/product\/yoast-seo-wordpress\/ -->\n<title>\u00a1M\u00c1S OBRAS PARA SANTA ANA! - Prefectura de Manab\u00ed<\/title>\n<meta name=\"description\" content=\"El Prefecto lleg\u00f3 con buenas noticias a la sesi\u00f3n solemne por los 138 a\u00f1os del primer Cabildo MunicipalEl tradicional desfile c\u00edvico -estudiantil dio inicio a las actividades con las cuales los habitantes y autoridades del cant\u00f3n Santa Ana conmemoraron, est\u00e9 martes 2 de agosto, 138 a\u00f1os de instalaci\u00f3n del primer Cabildo Municipal.El prefecto, Leonardo Orlando, se uni\u00f3 a la celebraci\u00f3n. Durante la sesi\u00f3n solemne entreg\u00f3 el acuerdo de felicitaci\u00f3n de la Corporaci\u00f3n Provincial, ratific\u00f3 su compromiso de trabajo por el desarrollo de este cant\u00f3n, y anunci\u00f3 la construcci\u00f3n de nuevos puentes y v\u00edas para beneficio de varias comunidades rurales y la integraci\u00f3n de Santa Ana con cantones vecinos.\u201cSe acaba de iniciar el proceso precontractual, con la solicitud del informe de pertinencia a la Contralor\u00eda General del Estado, de un proceso de licitaci\u00f3n por cerca de 1.8 millones de d\u00f3lares, para el proyecto vial que beneficiar\u00e1 a las comunidades antes olvidadas de Aguas Amargas, Camino Nuevo, Quebrada Grande, y Tierras Negras\u201d, expres\u00f3 el Prefecto.Manifest\u00f3 que con este nuevo proyecto, la inversi\u00f3n de la Prefectura en Santa Ana, en los diversos \u00e1mbitos de su competencia, supera los nueve millones de d\u00f3lares, en los tres a\u00f1os de su gesti\u00f3n.\" \/>\n<meta name=\"robots\" content=\"index, follow, max-snippet:-1, max-image-preview:large, max-video-preview:-1\" \/>\n<link rel=\"canonical\" href=\"https:\/\/www.manabi.gob.ec\/index.php\/mas-obras-para-santa-ana\/\" \/>\n<meta property=\"og:locale\" content=\"es_ES\" \/>\n<meta property=\"og:type\" content=\"article\" \/>\n<meta property=\"og:title\" content=\"\u00a1M\u00c1S OBRAS PARA SANTA ANA! - Prefectura de Manab\u00ed\" \/>\n<meta property=\"og:description\" content=\"El Prefecto lleg\u00f3 con buenas noticias a la sesi\u00f3n solemne por los 138 a\u00f1os del primer Cabildo MunicipalEl tradicional desfile c\u00edvico -estudiantil dio inicio a las actividades con las cuales los habitantes y autoridades del cant\u00f3n Santa Ana conmemoraron, est\u00e9 martes 2 de agosto, 138 a\u00f1os de instalaci\u00f3n del primer Cabildo Municipal.El prefecto, Leonardo Orlando, se uni\u00f3 a la celebraci\u00f3n. Durante la sesi\u00f3n solemne entreg\u00f3 el acuerdo de felicitaci\u00f3n de la Corporaci\u00f3n Provincial, ratific\u00f3 su compromiso de trabajo por el desarrollo de este cant\u00f3n, y anunci\u00f3 la construcci\u00f3n de nuevos puentes y v\u00edas para beneficio de varias comunidades rurales y la integraci\u00f3n de Santa Ana con cantones vecinos.\u201cSe acaba de iniciar el proceso precontractual, con la solicitud del informe de pertinencia a la Contralor\u00eda General del Estado, de un proceso de licitaci\u00f3n por cerca de 1.8 millones de d\u00f3lares, para el proyecto vial que beneficiar\u00e1 a las comunidades antes olvidadas de Aguas Amargas, Camino Nuevo, Quebrada Grande, y Tierras Negras\u201d, expres\u00f3 el Prefecto.Manifest\u00f3 que con este nuevo proyecto, la inversi\u00f3n de la Prefectura en Santa Ana, en los diversos \u00e1mbitos de su competencia, supera los nueve millones de d\u00f3lares, en los tres a\u00f1os de su gesti\u00f3n.\" \/>\n<meta property=\"og:url\" content=\"https:\/\/www.manabi.gob.ec\/index.php\/mas-obras-para-santa-ana\/\" \/>\n<meta property=\"og:site_name\" content=\"Prefectura de Manab\u00ed\" \/>\n<meta property=\"article:published_time\" content=\"2022-08-15T15:47:46+00:00\" \/>\n<meta property=\"article:modified_time\" content=\"2022-08-15T15:48:05+00:00\" \/>\n<meta property=\"og:image\" content=\"https:\/\/www.manabi.gob.ec\/wp-content\/uploads\/2022\/08\/WhatsApp-Image-2022-08-02-at-4.45.56-PM.jpeg\" \/>\n\t<meta property=\"og:image:width\" content=\"1296\" \/>\n\t<meta property=\"og:image:height\" content=\"864\" \/>\n\t<meta property=\"og:image:type\" content=\"image\/jpeg\" \/>\n<meta name=\"author\" content=\"Lui Ochoa\" \/>\n<meta name=\"twitter:card\" content=\"summary_large_image\" \/>\n<meta name=\"twitter:label1\" content=\"Escrito por\" \/>\n\t<meta name=\"twitter:data1\" content=\"Lui Ochoa\" \/>\n\t<meta name=\"twitter:label2\" content=\"Tiempo de lectura\" \/>\n\t<meta name=\"twitter:data2\" content=\"1 minuto\" \/>\n<script type=\"application\/ld+json\" class=\"yoast-schema-graph\">{\"@context\":\"https:\\\/\\\/schema.org\",\"@graph\":[{\"@type\":\"Article\",\"@id\":\"https:\\\/\\\/www.manabi.gob.ec\\\/index.php\\\/mas-obras-para-santa-ana\\\/#article\",\"isPartOf\":{\"@id\":\"https:\\\/\\\/www.manabi.gob.ec\\\/index.php\\\/mas-obras-para-santa-ana\\\/\"},\"author\":{\"name\":\"Lui Ochoa\",\"@id\":\"https:\\\/\\\/www.manabi.gob.ec\\\/#\\\/schema\\\/person\\\/c4f117989332ad723a6ced5994aa7d7a\"},\"headline\":\"\u00a1M\u00c1S OBRAS PARA SANTA ANA!\",\"datePublished\":\"2022-08-15T15:47:46+00:00\",\"dateModified\":\"2022-08-15T15:48:05+00:00\",\"mainEntityOfPage\":{\"@id\":\"https:\\\/\\\/www.manabi.gob.ec\\\/index.php\\\/mas-obras-para-santa-ana\\\/\"},\"wordCount\":223,\"image\":{\"@id\":\"https:\\\/\\\/www.manabi.gob.ec\\\/index.php\\\/mas-obras-para-santa-ana\\\/#primaryimage\"},\"thumbnailUrl\":\"https:\\\/\\\/www.manabi.gob.ec\\\/wp-content\\\/uploads\\\/2022\\\/08\\\/WhatsApp-Image-2022-08-02-at-4.45.56-PM.jpeg\",\"articleSection\":[\"Desarrollo Social\",\"Noticias\",\"Obra P\u00fablica\",\"Santa ana\",\"Todas\",\"Vialidad\"],\"inLanguage\":\"es\"},{\"@type\":\"WebPage\",\"@id\":\"https:\\\/\\\/www.manabi.gob.ec\\\/index.php\\\/mas-obras-para-santa-ana\\\/\",\"url\":\"https:\\\/\\\/www.manabi.gob.ec\\\/index.php\\\/mas-obras-para-santa-ana\\\/\",\"name\":\"\u00a1M\u00c1S OBRAS PARA SANTA ANA! - Prefectura de Manab\u00ed\",\"isPartOf\":{\"@id\":\"https:\\\/\\\/www.manabi.gob.ec\\\/#website\"},\"primaryImageOfPage\":{\"@id\":\"https:\\\/\\\/www.manabi.gob.ec\\\/index.php\\\/mas-obras-para-santa-ana\\\/#primaryimage\"},\"image\":{\"@id\":\"https:\\\/\\\/www.manabi.gob.ec\\\/index.php\\\/mas-obras-para-santa-ana\\\/#primaryimage\"},\"thumbnailUrl\":\"https:\\\/\\\/www.manabi.gob.ec\\\/wp-content\\\/uploads\\\/2022\\\/08\\\/WhatsApp-Image-2022-08-02-at-4.45.56-PM.jpeg\",\"datePublished\":\"2022-08-15T15:47:46+00:00\",\"dateModified\":\"2022-08-15T15:48:05+00:00\",\"author\":{\"@id\":\"https:\\\/\\\/www.manabi.gob.ec\\\/#\\\/schema\\\/person\\\/c4f117989332ad723a6ced5994aa7d7a\"},\"description\":\"El Prefecto lleg\u00f3 con buenas noticias a la sesi\u00f3n solemne por los 138 a\u00f1os del primer Cabildo MunicipalEl tradicional desfile c\u00edvico -estudiantil dio inicio a las actividades con las cuales los habitantes y autoridades del cant\u00f3n Santa Ana conmemoraron, est\u00e9 martes 2 de agosto, 138 a\u00f1os de instalaci\u00f3n del primer Cabildo Municipal.El prefecto, Leonardo Orlando, se uni\u00f3 a la celebraci\u00f3n. Durante la sesi\u00f3n solemne entreg\u00f3 el acuerdo de felicitaci\u00f3n de la Corporaci\u00f3n Provincial, ratific\u00f3 su compromiso de trabajo por el desarrollo de este cant\u00f3n, y anunci\u00f3 la construcci\u00f3n de nuevos puentes y v\u00edas para beneficio de varias comunidades rurales y la integraci\u00f3n de Santa Ana con cantones vecinos.\u201cSe acaba de iniciar el proceso precontractual, con la solicitud del informe de pertinencia a la Contralor\u00eda General del Estado, de un proceso de licitaci\u00f3n por cerca de 1.8 millones de d\u00f3lares, para el proyecto vial que beneficiar\u00e1 a las comunidades antes olvidadas de Aguas Amargas, Camino Nuevo, Quebrada Grande, y Tierras Negras\u201d, expres\u00f3 el Prefecto.Manifest\u00f3 que con este nuevo proyecto, la inversi\u00f3n de la Prefectura en Santa Ana, en los diversos \u00e1mbitos de su competencia, supera los nueve millones de d\u00f3lares, en los tres a\u00f1os de su gesti\u00f3n.\",\"breadcrumb\":{\"@id\":\"https:\\\/\\\/www.manabi.gob.ec\\\/index.php\\\/mas-obras-para-santa-ana\\\/#breadcrumb\"},\"inLanguage\":\"es\",\"potentialAction\":[{\"@type\":\"ReadAction\",\"target\":[\"https:\\\/\\\/www.manabi.gob.ec\\\/index.php\\\/mas-obras-para-santa-ana\\\/\"]}]},{\"@type\":\"ImageObject\",\"inLanguage\":\"es\",\"@id\":\"https:\\\/\\\/www.manabi.gob.ec\\\/index.php\\\/mas-obras-para-santa-ana\\\/#primaryimage\",\"url\":\"https:\\\/\\\/www.manabi.gob.ec\\\/wp-content\\\/uploads\\\/2022\\\/08\\\/WhatsApp-Image-2022-08-02-at-4.45.56-PM.jpeg\",\"contentUrl\":\"https:\\\/\\\/www.manabi.gob.ec\\\/wp-content\\\/uploads\\\/2022\\\/08\\\/WhatsApp-Image-2022-08-02-at-4.45.56-PM.jpeg\",\"width\":1296,\"height\":864},{\"@type\":\"BreadcrumbList\",\"@id\":\"https:\\\/\\\/www.manabi.gob.ec\\\/index.php\\\/mas-obras-para-santa-ana\\\/#breadcrumb\",\"itemListElement\":[{\"@type\":\"ListItem\",\"position\":1,\"name\":\"Portada\",\"item\":\"https:\\\/\\\/www.manabi.gob.ec\\\/\"},{\"@type\":\"ListItem\",\"position\":2,\"name\":\"\u00a1M\u00c1S OBRAS PARA SANTA ANA!\"}]},{\"@type\":\"WebSite\",\"@id\":\"https:\\\/\\\/www.manabi.gob.ec\\\/#website\",\"url\":\"https:\\\/\\\/www.manabi.gob.ec\\\/\",\"name\":\"Prefectura de Manab\u00ed\",\"description\":\"P\u00e1gina web de la prefectura\",\"potentialAction\":[{\"@type\":\"SearchAction\",\"target\":{\"@type\":\"EntryPoint\",\"urlTemplate\":\"https:\\\/\\\/www.manabi.gob.ec\\\/?s={search_term_string}\"},\"query-input\":{\"@type\":\"PropertyValueSpecification\",\"valueRequired\":true,\"valueName\":\"search_term_string\"}}],\"inLanguage\":\"es\"},{\"@type\":\"Person\",\"@id\":\"https:\\\/\\\/www.manabi.gob.ec\\\/#\\\/schema\\\/person\\\/c4f117989332ad723a6ced5994aa7d7a\",\"name\":\"Lui Ochoa\",\"image\":{\"@type\":\"ImageObject\",\"inLanguage\":\"es\",\"@id\":\"https:\\\/\\\/secure.gravatar.com\\\/avatar\\\/6e8017d0fe69dead8a95864d2eb6e1e1d8bf8e01194ba49cf7b897ff038126ba?s=96&d=mm&r=g\",\"url\":\"https:\\\/\\\/secure.gravatar.com\\\/avatar\\\/6e8017d0fe69dead8a95864d2eb6e1e1d8bf8e01194ba49cf7b897ff038126ba?s=96&d=mm&r=g\",\"contentUrl\":\"https:\\\/\\\/secure.gravatar.com\\\/avatar\\\/6e8017d0fe69dead8a95864d2eb6e1e1d8bf8e01194ba49cf7b897ff038126ba?s=96&d=mm&r=g\",\"caption\":\"Lui Ochoa\"},\"url\":\"https:\\\/\\\/www.manabi.gob.ec\\\/index.php\\\/author\\\/lochoa\\\/\"}]}<\/script>\n<!-- \/ Yoast SEO plugin. -->","yoast_head_json":{"title":"\u00a1M\u00c1S OBRAS PARA SANTA ANA! - Prefectura de Manab\u00ed","description":"El Prefecto lleg\u00f3 con buenas noticias a la sesi\u00f3n solemne por los 138 a\u00f1os del primer Cabildo MunicipalEl tradicional desfile c\u00edvico -estudiantil dio inicio a las actividades con las cuales los habitantes y autoridades del cant\u00f3n Santa Ana conmemoraron, est\u00e9 martes 2 de agosto, 138 a\u00f1os de instalaci\u00f3n del primer Cabildo Municipal.El prefecto, Leonardo Orlando, se uni\u00f3 a la celebraci\u00f3n. Durante la sesi\u00f3n solemne entreg\u00f3 el acuerdo de felicitaci\u00f3n de la Corporaci\u00f3n Provincial, ratific\u00f3 su compromiso de trabajo por el desarrollo de este cant\u00f3n, y anunci\u00f3 la construcci\u00f3n de nuevos puentes y v\u00edas para beneficio de varias comunidades rurales y la integraci\u00f3n de Santa Ana con cantones vecinos.\u201cSe acaba de iniciar el proceso precontractual, con la solicitud del informe de pertinencia a la Contralor\u00eda General del Estado, de un proceso de licitaci\u00f3n por cerca de 1.8 millones de d\u00f3lares, para el proyecto vial que beneficiar\u00e1 a las comunidades antes olvidadas de Aguas Amargas, Camino Nuevo, Quebrada Grande, y Tierras Negras\u201d, expres\u00f3 el Prefecto.Manifest\u00f3 que con este nuevo proyecto, la inversi\u00f3n de la Prefectura en Santa Ana, en los diversos \u00e1mbitos de su competencia, supera los nueve millones de d\u00f3lares, en los tres a\u00f1os de su gesti\u00f3n.","robots":{"index":"index","follow":"follow","max-snippet":"max-snippet:-1","max-image-preview":"max-image-preview:large","max-video-preview":"max-video-preview:-1"},"canonical":"https:\/\/www.manabi.gob.ec\/index.php\/mas-obras-para-santa-ana\/","og_locale":"es_ES","og_type":"article","og_title":"\u00a1M\u00c1S OBRAS PARA SANTA ANA! - Prefectura de Manab\u00ed","og_description":"El Prefecto lleg\u00f3 con buenas noticias a la sesi\u00f3n solemne por los 138 a\u00f1os del primer Cabildo MunicipalEl tradicional desfile c\u00edvico -estudiantil dio inicio a las actividades con las cuales los habitantes y autoridades del cant\u00f3n Santa Ana conmemoraron, est\u00e9 martes 2 de agosto, 138 a\u00f1os de instalaci\u00f3n del primer Cabildo Municipal.El prefecto, Leonardo Orlando, se uni\u00f3 a la celebraci\u00f3n. Durante la sesi\u00f3n solemne entreg\u00f3 el acuerdo de felicitaci\u00f3n de la Corporaci\u00f3n Provincial, ratific\u00f3 su compromiso de trabajo por el desarrollo de este cant\u00f3n, y anunci\u00f3 la construcci\u00f3n de nuevos puentes y v\u00edas para beneficio de varias comunidades rurales y la integraci\u00f3n de Santa Ana con cantones vecinos.\u201cSe acaba de iniciar el proceso precontractual, con la solicitud del informe de pertinencia a la Contralor\u00eda General del Estado, de un proceso de licitaci\u00f3n por cerca de 1.8 millones de d\u00f3lares, para el proyecto vial que beneficiar\u00e1 a las comunidades antes olvidadas de Aguas Amargas, Camino Nuevo, Quebrada Grande, y Tierras Negras\u201d, expres\u00f3 el Prefecto.Manifest\u00f3 que con este nuevo proyecto, la inversi\u00f3n de la Prefectura en Santa Ana, en los diversos \u00e1mbitos de su competencia, supera los nueve millones de d\u00f3lares, en los tres a\u00f1os de su gesti\u00f3n.","og_url":"https:\/\/www.manabi.gob.ec\/index.php\/mas-obras-para-santa-ana\/","og_site_name":"Prefectura de Manab\u00ed","article_published_time":"2022-08-15T15:47:46+00:00","article_modified_time":"2022-08-15T15:48:05+00:00","og_image":[{"width":1296,"height":864,"url":"https:\/\/www.manabi.gob.ec\/wp-content\/uploads\/2022\/08\/WhatsApp-Image-2022-08-02-at-4.45.56-PM.jpeg","type":"image\/jpeg"}],"author":"Lui Ochoa","twitter_card":"summary_large_image","twitter_misc":{"Escrito por":"Lui Ochoa","Tiempo de lectura":"1 minuto"},"schema":{"@context":"https:\/\/schema.org","@graph":[{"@type":"Article","@id":"https:\/\/www.manabi.gob.ec\/index.php\/mas-obras-para-santa-ana\/#article","isPartOf":{"@id":"https:\/\/www.manabi.gob.ec\/index.php\/mas-obras-para-santa-ana\/"},"author":{"name":"Lui Ochoa","@id":"https:\/\/www.manabi.gob.ec\/#\/schema\/person\/c4f117989332ad723a6ced5994aa7d7a"},"headline":"\u00a1M\u00c1S OBRAS PARA SANTA ANA!","datePublished":"2022-08-15T15:47:46+00:00","dateModified":"2022-08-15T15:48:05+00:00","mainEntityOfPage":{"@id":"https:\/\/www.manabi.gob.ec\/index.php\/mas-obras-para-santa-ana\/"},"wordCount":223,"image":{"@id":"https:\/\/www.manabi.gob.ec\/index.php\/mas-obras-para-santa-ana\/#primaryimage"},"thumbnailUrl":"https:\/\/www.manabi.gob.ec\/wp-content\/uploads\/2022\/08\/WhatsApp-Image-2022-08-02-at-4.45.56-PM.jpeg","articleSection":["Desarrollo Social","Noticias","Obra P\u00fablica","Santa ana","Todas","Vialidad"],"inLanguage":"es"},{"@type":"WebPage","@id":"https:\/\/www.manabi.gob.ec\/index.php\/mas-obras-para-santa-ana\/","url":"https:\/\/www.manabi.gob.ec\/index.php\/mas-obras-para-santa-ana\/","name":"\u00a1M\u00c1S OBRAS PARA SANTA ANA! - Prefectura de Manab\u00ed","isPartOf":{"@id":"https:\/\/www.manabi.gob.ec\/#website"},"primaryImageOfPage":{"@id":"https:\/\/www.manabi.gob.ec\/index.php\/mas-obras-para-santa-ana\/#primaryimage"},"image":{"@id":"https:\/\/www.manabi.gob.ec\/index.php\/mas-obras-para-santa-ana\/#primaryimage"},"thumbnailUrl":"https:\/\/www.manabi.gob.ec\/wp-content\/uploads\/2022\/08\/WhatsApp-Image-2022-08-02-at-4.45.56-PM.jpeg","datePublished":"2022-08-15T15:47:46+00:00","dateModified":"2022-08-15T15:48:05+00:00","author":{"@id":"https:\/\/www.manabi.gob.ec\/#\/schema\/person\/c4f117989332ad723a6ced5994aa7d7a"},"description":"El Prefecto lleg\u00f3 con buenas noticias a la sesi\u00f3n solemne por los 138 a\u00f1os del primer Cabildo MunicipalEl tradicional desfile c\u00edvico -estudiantil dio inicio a las actividades con las cuales los habitantes y autoridades del cant\u00f3n Santa Ana conmemoraron, est\u00e9 martes 2 de agosto, 138 a\u00f1os de instalaci\u00f3n del primer Cabildo Municipal.El prefecto, Leonardo Orlando, se uni\u00f3 a la celebraci\u00f3n. Durante la sesi\u00f3n solemne entreg\u00f3 el acuerdo de felicitaci\u00f3n de la Corporaci\u00f3n Provincial, ratific\u00f3 su compromiso de trabajo por el desarrollo de este cant\u00f3n, y anunci\u00f3 la construcci\u00f3n de nuevos puentes y v\u00edas para beneficio de varias comunidades rurales y la integraci\u00f3n de Santa Ana con cantones vecinos.\u201cSe acaba de iniciar el proceso precontractual, con la solicitud del informe de pertinencia a la Contralor\u00eda General del Estado, de un proceso de licitaci\u00f3n por cerca de 1.8 millones de d\u00f3lares, para el proyecto vial que beneficiar\u00e1 a las comunidades antes olvidadas de Aguas Amargas, Camino Nuevo, Quebrada Grande, y Tierras Negras\u201d, expres\u00f3 el Prefecto.Manifest\u00f3 que con este nuevo proyecto, la inversi\u00f3n de la Prefectura en Santa Ana, en los diversos \u00e1mbitos de su competencia, supera los nueve millones de d\u00f3lares, en los tres a\u00f1os de su gesti\u00f3n.","breadcrumb":{"@id":"https:\/\/www.manabi.gob.ec\/index.php\/mas-obras-para-santa-ana\/#breadcrumb"},"inLanguage":"es","potentialAction":[{"@type":"ReadAction","target":["https:\/\/www.manabi.gob.ec\/index.php\/mas-obras-para-santa-ana\/"]}]},{"@type":"ImageObject","inLanguage":"es","@id":"https:\/\/www.manabi.gob.ec\/index.php\/mas-obras-para-santa-ana\/#primaryimage","url":"https:\/\/www.manabi.gob.ec\/wp-content\/uploads\/2022\/08\/WhatsApp-Image-2022-08-02-at-4.45.56-PM.jpeg","contentUrl":"https:\/\/www.manabi.gob.ec\/wp-content\/uploads\/2022\/08\/WhatsApp-Image-2022-08-02-at-4.45.56-PM.jpeg","width":1296,"height":864},{"@type":"BreadcrumbList","@id":"https:\/\/www.manabi.gob.ec\/index.php\/mas-obras-para-santa-ana\/#breadcrumb","itemListElement":[{"@type":"ListItem","position":1,"name":"Portada","item":"https:\/\/www.manabi.gob.ec\/"},{"@type":"ListItem","position":2,"name":"\u00a1M\u00c1S OBRAS PARA SANTA ANA!"}]},{"@type":"WebSite","@id":"https:\/\/www.manabi.gob.ec\/#website","url":"https:\/\/www.manabi.gob.ec\/","name":"Prefectura de Manab\u00ed","description":"P\u00e1gina web de la prefectura","potentialAction":[{"@type":"SearchAction","target":{"@type":"EntryPoint","urlTemplate":"https:\/\/www.manabi.gob.ec\/?s={search_term_string}"},"query-input":{"@type":"PropertyValueSpecification","valueRequired":true,"valueName":"search_term_string"}}],"inLanguage":"es"},{"@type":"Person","@id":"https:\/\/www.manabi.gob.ec\/#\/schema\/person\/c4f117989332ad723a6ced5994aa7d7a","name":"Lui Ochoa","image":{"@type":"ImageObject","inLanguage":"es","@id":"https:\/\/secure.gravatar.com\/avatar\/6e8017d0fe69dead8a95864d2eb6e1e1d8bf8e01194ba49cf7b897ff038126ba?s=96&d=mm&r=g","url":"https:\/\/secure.gravatar.com\/avatar\/6e8017d0fe69dead8a95864d2eb6e1e1d8bf8e01194ba49cf7b897ff038126ba?s=96&d=mm&r=g","contentUrl":"https:\/\/secure.gravatar.com\/avatar\/6e8017d0fe69dead8a95864d2eb6e1e1d8bf8e01194ba49cf7b897ff038126ba?s=96&d=mm&r=g","caption":"Lui Ochoa"},"url":"https:\/\/www.manabi.gob.ec\/index.php\/author\/lochoa\/"}]}},"jetpack_featured_media_url":"https:\/\/www.manabi.gob.ec\/wp-content\/uploads\/2022\/08\/WhatsApp-Image-2022-08-02-at-4.45.56-PM.jpeg","_links":{"self":[{"href":"https:\/\/www.manabi.gob.ec\/index.php\/wp-json\/wp\/v2\/posts\/21763","targetHints":{"allow":["GET"]}}],"collection":[{"href":"https:\/\/www.manabi.gob.ec\/index.php\/wp-json\/wp\/v2\/posts"}],"about":[{"href":"https:\/\/www.manabi.gob.ec\/index.php\/wp-json\/wp\/v2\/types\/post"}],"author":[{"embeddable":true,"href":"https:\/\/www.manabi.gob.ec\/index.php\/wp-json\/wp\/v2\/users\/10"}],"replies":[{"embeddable":true,"href":"https:\/\/www.manabi.gob.ec\/index.php\/wp-json\/wp\/v2\/comments?post=21763"}],"version-history":[{"count":0,"href":"https:\/\/www.manabi.gob.ec\/index.php\/wp-json\/wp\/v2\/posts\/21763\/revisions"}],"wp:featuredmedia":[{"embeddable":true,"href":"https:\/\/www.manabi.gob.ec\/index.php\/wp-json\/wp\/v2\/media\/21764"}],"wp:attachment":[{"href":"https:\/\/www.manabi.gob.ec\/index.php\/wp-json\/wp\/v2\/media?parent=21763"}],"wp:term":[{"taxonomy":"category","embeddable":true,"href":"https:\/\/www.manabi.gob.ec\/index.php\/wp-json\/wp\/v2\/categories?post=21763"},{"taxonomy":"post_tag","embeddable":true,"href":"https:\/\/www.manabi.gob.ec\/index.php\/wp-json\/wp\/v2\/tags?post=21763"}],"curies":[{"name":"wp","href":"https:\/\/api.w.org\/{rel}","templated":true}]}}