{"id":21811,"date":"2022-08-15T20:17:54","date_gmt":"2022-08-15T20:17:54","guid":{"rendered":"https:\/\/www.manabi.gob.ec\/?p=21811"},"modified":"2022-08-15T20:17:57","modified_gmt":"2022-08-15T20:17:57","slug":"detras-de-cada-obra-existen-suenos-y-esperanzas","status":"publish","type":"post","link":"https:\/\/www.manabi.gob.ec\/index.php\/detras-de-cada-obra-existen-suenos-y-esperanzas\/","title":{"rendered":"\u00a1Detr\u00e1s de cada obra, existen sue\u00f1os y esperanzas!"},"content":{"rendered":"\n<p>La Prefectura de Manab\u00ed, liderada por Leonardo Orlando, contin\u00faa cumpliendo con obras como la construcci\u00f3n de la v\u00eda El Pueblito- Cerecito de Rocafuerte.<\/p>\n\n\n\n<p><br>\u201cCon la intervenci\u00f3n de la v\u00eda principal buscamos mejorar la movilidad de nuestros hermanos manabitas que transitan en esta arteria vial\u201d, indic\u00f3 el prefecto, Leonardo Orlando, en el recorrido donde constat\u00f3 que la obra tiene un avance del 90%.<\/p>\n\n\n\n<p><br>\u201cEsta v\u00eda es una bendici\u00f3n, estoy muy feliz porque en invierno nuestras casas y cosechas se ven muy afectadas, llevar a mis padres discapacitados por la anterior v\u00eda en silla de ruedas era un sufrimiento, pero con la nueva v\u00eda todo cambiar\u00e1\u201d, dijo Carmen Garc\u00eda durante el recorrido de supervisi\u00f3n de obra.<\/p>\n\n\n\n<p><br>La construcci\u00f3n de la v\u00eda El Pueblito-Cerecito, tiene una inversi\u00f3n de $ 473,138.92, y se encuentra ubicada en Rocafuerte, tiene una longitud de 2.01 Kil\u00f3metros y un ancho de entre 9.0 y 6.0 metros, con acabado de doble tratamiento superficial bituminoso (DTSB).<\/p>\n\n\n\n<p><br>\u201cGracias Prefecto, est\u00e1 v\u00eda por muchos a\u00f1os hab\u00eda sido anhelada; gracias a usted la v\u00eda est\u00e1 casi lista y ya se podr\u00e1 comercializar los productos con mayor facilidad\u201d, acot\u00f3 Byron Alc\u00edvar, presidente del Club Patria.<br>Est\u00e1 v\u00eda de integraci\u00f3n El Pueblito-Cerecito permitir\u00e1 una mejor comercializaci\u00f3n de los productos de arroz, cilantro, pl\u00e1tano y habas a las dem\u00e1s comunidades y cantones vecinos.<\/p>\n\n\n\n<p><br>El Prefecto resalt\u00f3 que en esta administraci\u00f3n existe el compromiso de trabajar por un desarrollo justo y equitativo para todos los manabitas.<\/p>\n","protected":false},"excerpt":{"rendered":"<p>La Prefectura de Manab\u00ed, liderada por Leonardo Orlando, contin\u00faa cumpliendo con obras como la construcci\u00f3n de la v\u00eda El Pueblito- Cerecito de Rocafuerte. \u201cCon la intervenci\u00f3n de la v\u00eda principal buscamos mejorar la movilidad de nuestros hermanos manabitas que transitan en esta arteria vial\u201d, indic\u00f3 el prefecto, Leonardo Orlando, en el recorrido donde constat\u00f3 que [&hellip;]<\/p>\n","protected":false},"author":10,"featured_media":21812,"comment_status":"closed","ping_status":"closed","sticky":false,"template":"","format":"standard","meta":{"_joinchat":[],"footnotes":""},"categories":[142,92,181,135,91],"tags":[],"class_list":["post-21811","post","type-post","status-publish","format-standard","has-post-thumbnail","hentry","category-desarrollo-social","category-noticias-manabi","category-obra-publica","category-rocafuerte","category-todas"],"yoast_head":"<!-- This site is optimized with the Yoast SEO plugin v27.4 - https:\/\/yoast.com\/product\/yoast-seo-wordpress\/ -->\n<title>\u00a1Detr\u00e1s de cada obra, existen sue\u00f1os y esperanzas! - Prefectura de Manab\u00ed<\/title>\n<meta name=\"description\" content=\"La Prefectura de Manab\u00ed, liderada por Leonardo Orlando, contin\u00faa cumpliendo con obras como la construcci\u00f3n de la v\u00eda El Pueblito- Cerecito de Rocafuerte.\u201cCon la intervenci\u00f3n de la v\u00eda principal buscamos mejorar la movilidad de nuestros hermanos manabitas que transitan en esta arteria vial\u201d, indic\u00f3 el prefecto, Leonardo Orlando, en el recorrido donde constat\u00f3 que la obra tiene un avance del 90%.\u201cEsta v\u00eda es una bendici\u00f3n, estoy muy feliz porque en invierno nuestras casas y cosechas se ven muy afectadas, llevar a mis padres discapacitados por la anterior v\u00eda en silla de ruedas era un sufrimiento, pero con la nueva v\u00eda todo cambiar\u00e1\u201d, dijo Carmen Garc\u00eda durante el recorrido de supervisi\u00f3n de obra.La construcci\u00f3n de la v\u00eda El Pueblito-Cerecito, tiene una inversi\u00f3n de $ 473,138.92, y se encuentra ubicada en Rocafuerte, tiene una longitud de 2.01 Kil\u00f3metros y un ancho de entre 9.0 y 6.0 metros, con acabado de doble tratamiento superficial bituminoso (DTSB).\u201cGracias Prefecto, est\u00e1 v\u00eda por muchos a\u00f1os hab\u00eda sido anhelada; gracias a usted la v\u00eda est\u00e1 casi lista y ya se podr\u00e1 comercializar los productos con mayor facilidad\u201d, acot\u00f3 Byron Alc\u00edvar, presidente del Club Patria.Est\u00e1 v\u00eda de integraci\u00f3n El Pueblito-Cerecito permitir\u00e1 una mejor comercializaci\u00f3n de los productos de arroz, cilantro, pl\u00e1tano y habas a las dem\u00e1s comunidades y cantones vecinos.El Prefecto resalt\u00f3 que en esta administraci\u00f3n existe el compromiso de trabajar por un desarrollo justo y equitativo para todos los manabitas.\" \/>\n<meta name=\"robots\" content=\"index, follow, max-snippet:-1, max-image-preview:large, max-video-preview:-1\" \/>\n<link rel=\"canonical\" href=\"https:\/\/www.manabi.gob.ec\/index.php\/detras-de-cada-obra-existen-suenos-y-esperanzas\/\" \/>\n<meta property=\"og:locale\" content=\"es_ES\" \/>\n<meta property=\"og:type\" content=\"article\" \/>\n<meta property=\"og:title\" content=\"\u00a1Detr\u00e1s de cada obra, existen sue\u00f1os y esperanzas! - Prefectura de Manab\u00ed\" \/>\n<meta property=\"og:description\" content=\"La Prefectura de Manab\u00ed, liderada por Leonardo Orlando, contin\u00faa cumpliendo con obras como la construcci\u00f3n de la v\u00eda El Pueblito- Cerecito de Rocafuerte.\u201cCon la intervenci\u00f3n de la v\u00eda principal buscamos mejorar la movilidad de nuestros hermanos manabitas que transitan en esta arteria vial\u201d, indic\u00f3 el prefecto, Leonardo Orlando, en el recorrido donde constat\u00f3 que la obra tiene un avance del 90%.\u201cEsta v\u00eda es una bendici\u00f3n, estoy muy feliz porque en invierno nuestras casas y cosechas se ven muy afectadas, llevar a mis padres discapacitados por la anterior v\u00eda en silla de ruedas era un sufrimiento, pero con la nueva v\u00eda todo cambiar\u00e1\u201d, dijo Carmen Garc\u00eda durante el recorrido de supervisi\u00f3n de obra.La construcci\u00f3n de la v\u00eda El Pueblito-Cerecito, tiene una inversi\u00f3n de $ 473,138.92, y se encuentra ubicada en Rocafuerte, tiene una longitud de 2.01 Kil\u00f3metros y un ancho de entre 9.0 y 6.0 metros, con acabado de doble tratamiento superficial bituminoso (DTSB).\u201cGracias Prefecto, est\u00e1 v\u00eda por muchos a\u00f1os hab\u00eda sido anhelada; gracias a usted la v\u00eda est\u00e1 casi lista y ya se podr\u00e1 comercializar los productos con mayor facilidad\u201d, acot\u00f3 Byron Alc\u00edvar, presidente del Club Patria.Est\u00e1 v\u00eda de integraci\u00f3n El Pueblito-Cerecito permitir\u00e1 una mejor comercializaci\u00f3n de los productos de arroz, cilantro, pl\u00e1tano y habas a las dem\u00e1s comunidades y cantones vecinos.El Prefecto resalt\u00f3 que en esta administraci\u00f3n existe el compromiso de trabajar por un desarrollo justo y equitativo para todos los manabitas.\" \/>\n<meta property=\"og:url\" content=\"https:\/\/www.manabi.gob.ec\/index.php\/detras-de-cada-obra-existen-suenos-y-esperanzas\/\" \/>\n<meta property=\"og:site_name\" content=\"Prefectura de Manab\u00ed\" \/>\n<meta property=\"article:published_time\" content=\"2022-08-15T20:17:54+00:00\" \/>\n<meta property=\"article:modified_time\" content=\"2022-08-15T20:17:57+00:00\" \/>\n<meta property=\"og:image\" content=\"https:\/\/www.manabi.gob.ec\/wp-content\/uploads\/2022\/08\/WhatsApp-Image-2022-08-06-at-7.20.04-PM.jpeg\" \/>\n\t<meta property=\"og:image:width\" content=\"1600\" \/>\n\t<meta property=\"og:image:height\" content=\"1069\" \/>\n\t<meta property=\"og:image:type\" content=\"image\/jpeg\" \/>\n<meta name=\"author\" content=\"Lui Ochoa\" \/>\n<meta name=\"twitter:card\" content=\"summary_large_image\" \/>\n<meta name=\"twitter:label1\" content=\"Escrito por\" \/>\n\t<meta name=\"twitter:data1\" content=\"Lui Ochoa\" \/>\n\t<meta name=\"twitter:label2\" content=\"Tiempo de lectura\" \/>\n\t<meta name=\"twitter:data2\" content=\"2 minutos\" \/>\n<script type=\"application\/ld+json\" class=\"yoast-schema-graph\">{\"@context\":\"https:\\\/\\\/schema.org\",\"@graph\":[{\"@type\":\"Article\",\"@id\":\"https:\\\/\\\/www.manabi.gob.ec\\\/index.php\\\/detras-de-cada-obra-existen-suenos-y-esperanzas\\\/#article\",\"isPartOf\":{\"@id\":\"https:\\\/\\\/www.manabi.gob.ec\\\/index.php\\\/detras-de-cada-obra-existen-suenos-y-esperanzas\\\/\"},\"author\":{\"name\":\"Lui Ochoa\",\"@id\":\"https:\\\/\\\/www.manabi.gob.ec\\\/#\\\/schema\\\/person\\\/c4f117989332ad723a6ced5994aa7d7a\"},\"headline\":\"\u00a1Detr\u00e1s de cada obra, existen sue\u00f1os y esperanzas!\",\"datePublished\":\"2022-08-15T20:17:54+00:00\",\"dateModified\":\"2022-08-15T20:17:57+00:00\",\"mainEntityOfPage\":{\"@id\":\"https:\\\/\\\/www.manabi.gob.ec\\\/index.php\\\/detras-de-cada-obra-existen-suenos-y-esperanzas\\\/\"},\"wordCount\":269,\"image\":{\"@id\":\"https:\\\/\\\/www.manabi.gob.ec\\\/index.php\\\/detras-de-cada-obra-existen-suenos-y-esperanzas\\\/#primaryimage\"},\"thumbnailUrl\":\"https:\\\/\\\/www.manabi.gob.ec\\\/wp-content\\\/uploads\\\/2022\\\/08\\\/WhatsApp-Image-2022-08-06-at-7.20.04-PM.jpeg\",\"articleSection\":[\"Desarrollo Social\",\"Noticias\",\"Obra P\u00fablica\",\"Rocafuerte\",\"Todas\"],\"inLanguage\":\"es\"},{\"@type\":\"WebPage\",\"@id\":\"https:\\\/\\\/www.manabi.gob.ec\\\/index.php\\\/detras-de-cada-obra-existen-suenos-y-esperanzas\\\/\",\"url\":\"https:\\\/\\\/www.manabi.gob.ec\\\/index.php\\\/detras-de-cada-obra-existen-suenos-y-esperanzas\\\/\",\"name\":\"\u00a1Detr\u00e1s de cada obra, existen sue\u00f1os y esperanzas! - Prefectura de Manab\u00ed\",\"isPartOf\":{\"@id\":\"https:\\\/\\\/www.manabi.gob.ec\\\/#website\"},\"primaryImageOfPage\":{\"@id\":\"https:\\\/\\\/www.manabi.gob.ec\\\/index.php\\\/detras-de-cada-obra-existen-suenos-y-esperanzas\\\/#primaryimage\"},\"image\":{\"@id\":\"https:\\\/\\\/www.manabi.gob.ec\\\/index.php\\\/detras-de-cada-obra-existen-suenos-y-esperanzas\\\/#primaryimage\"},\"thumbnailUrl\":\"https:\\\/\\\/www.manabi.gob.ec\\\/wp-content\\\/uploads\\\/2022\\\/08\\\/WhatsApp-Image-2022-08-06-at-7.20.04-PM.jpeg\",\"datePublished\":\"2022-08-15T20:17:54+00:00\",\"dateModified\":\"2022-08-15T20:17:57+00:00\",\"author\":{\"@id\":\"https:\\\/\\\/www.manabi.gob.ec\\\/#\\\/schema\\\/person\\\/c4f117989332ad723a6ced5994aa7d7a\"},\"description\":\"La Prefectura de Manab\u00ed, liderada por Leonardo Orlando, contin\u00faa cumpliendo con obras como la construcci\u00f3n de la v\u00eda El Pueblito- Cerecito de Rocafuerte.\u201cCon la intervenci\u00f3n de la v\u00eda principal buscamos mejorar la movilidad de nuestros hermanos manabitas que transitan en esta arteria vial\u201d, indic\u00f3 el prefecto, Leonardo Orlando, en el recorrido donde constat\u00f3 que la obra tiene un avance del 90%.\u201cEsta v\u00eda es una bendici\u00f3n, estoy muy feliz porque en invierno nuestras casas y cosechas se ven muy afectadas, llevar a mis padres discapacitados por la anterior v\u00eda en silla de ruedas era un sufrimiento, pero con la nueva v\u00eda todo cambiar\u00e1\u201d, dijo Carmen Garc\u00eda durante el recorrido de supervisi\u00f3n de obra.La construcci\u00f3n de la v\u00eda El Pueblito-Cerecito, tiene una inversi\u00f3n de $ 473,138.92, y se encuentra ubicada en Rocafuerte, tiene una longitud de 2.01 Kil\u00f3metros y un ancho de entre 9.0 y 6.0 metros, con acabado de doble tratamiento superficial bituminoso (DTSB).\u201cGracias Prefecto, est\u00e1 v\u00eda por muchos a\u00f1os hab\u00eda sido anhelada; gracias a usted la v\u00eda est\u00e1 casi lista y ya se podr\u00e1 comercializar los productos con mayor facilidad\u201d, acot\u00f3 Byron Alc\u00edvar, presidente del Club Patria.Est\u00e1 v\u00eda de integraci\u00f3n El Pueblito-Cerecito permitir\u00e1 una mejor comercializaci\u00f3n de los productos de arroz, cilantro, pl\u00e1tano y habas a las dem\u00e1s comunidades y cantones vecinos.El Prefecto resalt\u00f3 que en esta administraci\u00f3n existe el compromiso de trabajar por un desarrollo justo y equitativo para todos los manabitas.\",\"breadcrumb\":{\"@id\":\"https:\\\/\\\/www.manabi.gob.ec\\\/index.php\\\/detras-de-cada-obra-existen-suenos-y-esperanzas\\\/#breadcrumb\"},\"inLanguage\":\"es\",\"potentialAction\":[{\"@type\":\"ReadAction\",\"target\":[\"https:\\\/\\\/www.manabi.gob.ec\\\/index.php\\\/detras-de-cada-obra-existen-suenos-y-esperanzas\\\/\"]}]},{\"@type\":\"ImageObject\",\"inLanguage\":\"es\",\"@id\":\"https:\\\/\\\/www.manabi.gob.ec\\\/index.php\\\/detras-de-cada-obra-existen-suenos-y-esperanzas\\\/#primaryimage\",\"url\":\"https:\\\/\\\/www.manabi.gob.ec\\\/wp-content\\\/uploads\\\/2022\\\/08\\\/WhatsApp-Image-2022-08-06-at-7.20.04-PM.jpeg\",\"contentUrl\":\"https:\\\/\\\/www.manabi.gob.ec\\\/wp-content\\\/uploads\\\/2022\\\/08\\\/WhatsApp-Image-2022-08-06-at-7.20.04-PM.jpeg\",\"width\":1600,\"height\":1069},{\"@type\":\"BreadcrumbList\",\"@id\":\"https:\\\/\\\/www.manabi.gob.ec\\\/index.php\\\/detras-de-cada-obra-existen-suenos-y-esperanzas\\\/#breadcrumb\",\"itemListElement\":[{\"@type\":\"ListItem\",\"position\":1,\"name\":\"Portada\",\"item\":\"https:\\\/\\\/www.manabi.gob.ec\\\/\"},{\"@type\":\"ListItem\",\"position\":2,\"name\":\"\u00a1Detr\u00e1s de cada obra, existen sue\u00f1os y esperanzas!\"}]},{\"@type\":\"WebSite\",\"@id\":\"https:\\\/\\\/www.manabi.gob.ec\\\/#website\",\"url\":\"https:\\\/\\\/www.manabi.gob.ec\\\/\",\"name\":\"Prefectura de Manab\u00ed\",\"description\":\"P\u00e1gina web de la prefectura\",\"potentialAction\":[{\"@type\":\"SearchAction\",\"target\":{\"@type\":\"EntryPoint\",\"urlTemplate\":\"https:\\\/\\\/www.manabi.gob.ec\\\/?s={search_term_string}\"},\"query-input\":{\"@type\":\"PropertyValueSpecification\",\"valueRequired\":true,\"valueName\":\"search_term_string\"}}],\"inLanguage\":\"es\"},{\"@type\":\"Person\",\"@id\":\"https:\\\/\\\/www.manabi.gob.ec\\\/#\\\/schema\\\/person\\\/c4f117989332ad723a6ced5994aa7d7a\",\"name\":\"Lui Ochoa\",\"image\":{\"@type\":\"ImageObject\",\"inLanguage\":\"es\",\"@id\":\"https:\\\/\\\/secure.gravatar.com\\\/avatar\\\/6e8017d0fe69dead8a95864d2eb6e1e1d8bf8e01194ba49cf7b897ff038126ba?s=96&d=mm&r=g\",\"url\":\"https:\\\/\\\/secure.gravatar.com\\\/avatar\\\/6e8017d0fe69dead8a95864d2eb6e1e1d8bf8e01194ba49cf7b897ff038126ba?s=96&d=mm&r=g\",\"contentUrl\":\"https:\\\/\\\/secure.gravatar.com\\\/avatar\\\/6e8017d0fe69dead8a95864d2eb6e1e1d8bf8e01194ba49cf7b897ff038126ba?s=96&d=mm&r=g\",\"caption\":\"Lui Ochoa\"},\"url\":\"https:\\\/\\\/www.manabi.gob.ec\\\/index.php\\\/author\\\/lochoa\\\/\"}]}<\/script>\n<!-- \/ Yoast SEO plugin. -->","yoast_head_json":{"title":"\u00a1Detr\u00e1s de cada obra, existen sue\u00f1os y esperanzas! - Prefectura de Manab\u00ed","description":"La Prefectura de Manab\u00ed, liderada por Leonardo Orlando, contin\u00faa cumpliendo con obras como la construcci\u00f3n de la v\u00eda El Pueblito- Cerecito de Rocafuerte.\u201cCon la intervenci\u00f3n de la v\u00eda principal buscamos mejorar la movilidad de nuestros hermanos manabitas que transitan en esta arteria vial\u201d, indic\u00f3 el prefecto, Leonardo Orlando, en el recorrido donde constat\u00f3 que la obra tiene un avance del 90%.\u201cEsta v\u00eda es una bendici\u00f3n, estoy muy feliz porque en invierno nuestras casas y cosechas se ven muy afectadas, llevar a mis padres discapacitados por la anterior v\u00eda en silla de ruedas era un sufrimiento, pero con la nueva v\u00eda todo cambiar\u00e1\u201d, dijo Carmen Garc\u00eda durante el recorrido de supervisi\u00f3n de obra.La construcci\u00f3n de la v\u00eda El Pueblito-Cerecito, tiene una inversi\u00f3n de $ 473,138.92, y se encuentra ubicada en Rocafuerte, tiene una longitud de 2.01 Kil\u00f3metros y un ancho de entre 9.0 y 6.0 metros, con acabado de doble tratamiento superficial bituminoso (DTSB).\u201cGracias Prefecto, est\u00e1 v\u00eda por muchos a\u00f1os hab\u00eda sido anhelada; gracias a usted la v\u00eda est\u00e1 casi lista y ya se podr\u00e1 comercializar los productos con mayor facilidad\u201d, acot\u00f3 Byron Alc\u00edvar, presidente del Club Patria.Est\u00e1 v\u00eda de integraci\u00f3n El Pueblito-Cerecito permitir\u00e1 una mejor comercializaci\u00f3n de los productos de arroz, cilantro, pl\u00e1tano y habas a las dem\u00e1s comunidades y cantones vecinos.El Prefecto resalt\u00f3 que en esta administraci\u00f3n existe el compromiso de trabajar por un desarrollo justo y equitativo para todos los manabitas.","robots":{"index":"index","follow":"follow","max-snippet":"max-snippet:-1","max-image-preview":"max-image-preview:large","max-video-preview":"max-video-preview:-1"},"canonical":"https:\/\/www.manabi.gob.ec\/index.php\/detras-de-cada-obra-existen-suenos-y-esperanzas\/","og_locale":"es_ES","og_type":"article","og_title":"\u00a1Detr\u00e1s de cada obra, existen sue\u00f1os y esperanzas! - Prefectura de Manab\u00ed","og_description":"La Prefectura de Manab\u00ed, liderada por Leonardo Orlando, contin\u00faa cumpliendo con obras como la construcci\u00f3n de la v\u00eda El Pueblito- Cerecito de Rocafuerte.\u201cCon la intervenci\u00f3n de la v\u00eda principal buscamos mejorar la movilidad de nuestros hermanos manabitas que transitan en esta arteria vial\u201d, indic\u00f3 el prefecto, Leonardo Orlando, en el recorrido donde constat\u00f3 que la obra tiene un avance del 90%.\u201cEsta v\u00eda es una bendici\u00f3n, estoy muy feliz porque en invierno nuestras casas y cosechas se ven muy afectadas, llevar a mis padres discapacitados por la anterior v\u00eda en silla de ruedas era un sufrimiento, pero con la nueva v\u00eda todo cambiar\u00e1\u201d, dijo Carmen Garc\u00eda durante el recorrido de supervisi\u00f3n de obra.La construcci\u00f3n de la v\u00eda El Pueblito-Cerecito, tiene una inversi\u00f3n de $ 473,138.92, y se encuentra ubicada en Rocafuerte, tiene una longitud de 2.01 Kil\u00f3metros y un ancho de entre 9.0 y 6.0 metros, con acabado de doble tratamiento superficial bituminoso (DTSB).\u201cGracias Prefecto, est\u00e1 v\u00eda por muchos a\u00f1os hab\u00eda sido anhelada; gracias a usted la v\u00eda est\u00e1 casi lista y ya se podr\u00e1 comercializar los productos con mayor facilidad\u201d, acot\u00f3 Byron Alc\u00edvar, presidente del Club Patria.Est\u00e1 v\u00eda de integraci\u00f3n El Pueblito-Cerecito permitir\u00e1 una mejor comercializaci\u00f3n de los productos de arroz, cilantro, pl\u00e1tano y habas a las dem\u00e1s comunidades y cantones vecinos.El Prefecto resalt\u00f3 que en esta administraci\u00f3n existe el compromiso de trabajar por un desarrollo justo y equitativo para todos los manabitas.","og_url":"https:\/\/www.manabi.gob.ec\/index.php\/detras-de-cada-obra-existen-suenos-y-esperanzas\/","og_site_name":"Prefectura de Manab\u00ed","article_published_time":"2022-08-15T20:17:54+00:00","article_modified_time":"2022-08-15T20:17:57+00:00","og_image":[{"width":1600,"height":1069,"url":"https:\/\/www.manabi.gob.ec\/wp-content\/uploads\/2022\/08\/WhatsApp-Image-2022-08-06-at-7.20.04-PM.jpeg","type":"image\/jpeg"}],"author":"Lui Ochoa","twitter_card":"summary_large_image","twitter_misc":{"Escrito por":"Lui Ochoa","Tiempo de lectura":"2 minutos"},"schema":{"@context":"https:\/\/schema.org","@graph":[{"@type":"Article","@id":"https:\/\/www.manabi.gob.ec\/index.php\/detras-de-cada-obra-existen-suenos-y-esperanzas\/#article","isPartOf":{"@id":"https:\/\/www.manabi.gob.ec\/index.php\/detras-de-cada-obra-existen-suenos-y-esperanzas\/"},"author":{"name":"Lui Ochoa","@id":"https:\/\/www.manabi.gob.ec\/#\/schema\/person\/c4f117989332ad723a6ced5994aa7d7a"},"headline":"\u00a1Detr\u00e1s de cada obra, existen sue\u00f1os y esperanzas!","datePublished":"2022-08-15T20:17:54+00:00","dateModified":"2022-08-15T20:17:57+00:00","mainEntityOfPage":{"@id":"https:\/\/www.manabi.gob.ec\/index.php\/detras-de-cada-obra-existen-suenos-y-esperanzas\/"},"wordCount":269,"image":{"@id":"https:\/\/www.manabi.gob.ec\/index.php\/detras-de-cada-obra-existen-suenos-y-esperanzas\/#primaryimage"},"thumbnailUrl":"https:\/\/www.manabi.gob.ec\/wp-content\/uploads\/2022\/08\/WhatsApp-Image-2022-08-06-at-7.20.04-PM.jpeg","articleSection":["Desarrollo Social","Noticias","Obra P\u00fablica","Rocafuerte","Todas"],"inLanguage":"es"},{"@type":"WebPage","@id":"https:\/\/www.manabi.gob.ec\/index.php\/detras-de-cada-obra-existen-suenos-y-esperanzas\/","url":"https:\/\/www.manabi.gob.ec\/index.php\/detras-de-cada-obra-existen-suenos-y-esperanzas\/","name":"\u00a1Detr\u00e1s de cada obra, existen sue\u00f1os y esperanzas! - Prefectura de Manab\u00ed","isPartOf":{"@id":"https:\/\/www.manabi.gob.ec\/#website"},"primaryImageOfPage":{"@id":"https:\/\/www.manabi.gob.ec\/index.php\/detras-de-cada-obra-existen-suenos-y-esperanzas\/#primaryimage"},"image":{"@id":"https:\/\/www.manabi.gob.ec\/index.php\/detras-de-cada-obra-existen-suenos-y-esperanzas\/#primaryimage"},"thumbnailUrl":"https:\/\/www.manabi.gob.ec\/wp-content\/uploads\/2022\/08\/WhatsApp-Image-2022-08-06-at-7.20.04-PM.jpeg","datePublished":"2022-08-15T20:17:54+00:00","dateModified":"2022-08-15T20:17:57+00:00","author":{"@id":"https:\/\/www.manabi.gob.ec\/#\/schema\/person\/c4f117989332ad723a6ced5994aa7d7a"},"description":"La Prefectura de Manab\u00ed, liderada por Leonardo Orlando, contin\u00faa cumpliendo con obras como la construcci\u00f3n de la v\u00eda El Pueblito- Cerecito de Rocafuerte.\u201cCon la intervenci\u00f3n de la v\u00eda principal buscamos mejorar la movilidad de nuestros hermanos manabitas que transitan en esta arteria vial\u201d, indic\u00f3 el prefecto, Leonardo Orlando, en el recorrido donde constat\u00f3 que la obra tiene un avance del 90%.\u201cEsta v\u00eda es una bendici\u00f3n, estoy muy feliz porque en invierno nuestras casas y cosechas se ven muy afectadas, llevar a mis padres discapacitados por la anterior v\u00eda en silla de ruedas era un sufrimiento, pero con la nueva v\u00eda todo cambiar\u00e1\u201d, dijo Carmen Garc\u00eda durante el recorrido de supervisi\u00f3n de obra.La construcci\u00f3n de la v\u00eda El Pueblito-Cerecito, tiene una inversi\u00f3n de $ 473,138.92, y se encuentra ubicada en Rocafuerte, tiene una longitud de 2.01 Kil\u00f3metros y un ancho de entre 9.0 y 6.0 metros, con acabado de doble tratamiento superficial bituminoso (DTSB).\u201cGracias Prefecto, est\u00e1 v\u00eda por muchos a\u00f1os hab\u00eda sido anhelada; gracias a usted la v\u00eda est\u00e1 casi lista y ya se podr\u00e1 comercializar los productos con mayor facilidad\u201d, acot\u00f3 Byron Alc\u00edvar, presidente del Club Patria.Est\u00e1 v\u00eda de integraci\u00f3n El Pueblito-Cerecito permitir\u00e1 una mejor comercializaci\u00f3n de los productos de arroz, cilantro, pl\u00e1tano y habas a las dem\u00e1s comunidades y cantones vecinos.El Prefecto resalt\u00f3 que en esta administraci\u00f3n existe el compromiso de trabajar por un desarrollo justo y equitativo para todos los manabitas.","breadcrumb":{"@id":"https:\/\/www.manabi.gob.ec\/index.php\/detras-de-cada-obra-existen-suenos-y-esperanzas\/#breadcrumb"},"inLanguage":"es","potentialAction":[{"@type":"ReadAction","target":["https:\/\/www.manabi.gob.ec\/index.php\/detras-de-cada-obra-existen-suenos-y-esperanzas\/"]}]},{"@type":"ImageObject","inLanguage":"es","@id":"https:\/\/www.manabi.gob.ec\/index.php\/detras-de-cada-obra-existen-suenos-y-esperanzas\/#primaryimage","url":"https:\/\/www.manabi.gob.ec\/wp-content\/uploads\/2022\/08\/WhatsApp-Image-2022-08-06-at-7.20.04-PM.jpeg","contentUrl":"https:\/\/www.manabi.gob.ec\/wp-content\/uploads\/2022\/08\/WhatsApp-Image-2022-08-06-at-7.20.04-PM.jpeg","width":1600,"height":1069},{"@type":"BreadcrumbList","@id":"https:\/\/www.manabi.gob.ec\/index.php\/detras-de-cada-obra-existen-suenos-y-esperanzas\/#breadcrumb","itemListElement":[{"@type":"ListItem","position":1,"name":"Portada","item":"https:\/\/www.manabi.gob.ec\/"},{"@type":"ListItem","position":2,"name":"\u00a1Detr\u00e1s de cada obra, existen sue\u00f1os y esperanzas!"}]},{"@type":"WebSite","@id":"https:\/\/www.manabi.gob.ec\/#website","url":"https:\/\/www.manabi.gob.ec\/","name":"Prefectura de Manab\u00ed","description":"P\u00e1gina web de la prefectura","potentialAction":[{"@type":"SearchAction","target":{"@type":"EntryPoint","urlTemplate":"https:\/\/www.manabi.gob.ec\/?s={search_term_string}"},"query-input":{"@type":"PropertyValueSpecification","valueRequired":true,"valueName":"search_term_string"}}],"inLanguage":"es"},{"@type":"Person","@id":"https:\/\/www.manabi.gob.ec\/#\/schema\/person\/c4f117989332ad723a6ced5994aa7d7a","name":"Lui Ochoa","image":{"@type":"ImageObject","inLanguage":"es","@id":"https:\/\/secure.gravatar.com\/avatar\/6e8017d0fe69dead8a95864d2eb6e1e1d8bf8e01194ba49cf7b897ff038126ba?s=96&d=mm&r=g","url":"https:\/\/secure.gravatar.com\/avatar\/6e8017d0fe69dead8a95864d2eb6e1e1d8bf8e01194ba49cf7b897ff038126ba?s=96&d=mm&r=g","contentUrl":"https:\/\/secure.gravatar.com\/avatar\/6e8017d0fe69dead8a95864d2eb6e1e1d8bf8e01194ba49cf7b897ff038126ba?s=96&d=mm&r=g","caption":"Lui Ochoa"},"url":"https:\/\/www.manabi.gob.ec\/index.php\/author\/lochoa\/"}]}},"jetpack_featured_media_url":"https:\/\/www.manabi.gob.ec\/wp-content\/uploads\/2022\/08\/WhatsApp-Image-2022-08-06-at-7.20.04-PM.jpeg","_links":{"self":[{"href":"https:\/\/www.manabi.gob.ec\/index.php\/wp-json\/wp\/v2\/posts\/21811","targetHints":{"allow":["GET"]}}],"collection":[{"href":"https:\/\/www.manabi.gob.ec\/index.php\/wp-json\/wp\/v2\/posts"}],"about":[{"href":"https:\/\/www.manabi.gob.ec\/index.php\/wp-json\/wp\/v2\/types\/post"}],"author":[{"embeddable":true,"href":"https:\/\/www.manabi.gob.ec\/index.php\/wp-json\/wp\/v2\/users\/10"}],"replies":[{"embeddable":true,"href":"https:\/\/www.manabi.gob.ec\/index.php\/wp-json\/wp\/v2\/comments?post=21811"}],"version-history":[{"count":0,"href":"https:\/\/www.manabi.gob.ec\/index.php\/wp-json\/wp\/v2\/posts\/21811\/revisions"}],"wp:featuredmedia":[{"embeddable":true,"href":"https:\/\/www.manabi.gob.ec\/index.php\/wp-json\/wp\/v2\/media\/21812"}],"wp:attachment":[{"href":"https:\/\/www.manabi.gob.ec\/index.php\/wp-json\/wp\/v2\/media?parent=21811"}],"wp:term":[{"taxonomy":"category","embeddable":true,"href":"https:\/\/www.manabi.gob.ec\/index.php\/wp-json\/wp\/v2\/categories?post=21811"},{"taxonomy":"post_tag","embeddable":true,"href":"https:\/\/www.manabi.gob.ec\/index.php\/wp-json\/wp\/v2\/tags?post=21811"}],"curies":[{"name":"wp","href":"https:\/\/api.w.org\/{rel}","templated":true}]}}