{"id":21849,"date":"2022-08-16T17:02:20","date_gmt":"2022-08-16T17:02:20","guid":{"rendered":"https:\/\/www.manabi.gob.ec\/?p=21849"},"modified":"2022-08-16T17:02:24","modified_gmt":"2022-08-16T17:02:24","slug":"somos-piloto-manabi-disena-modelo-para-fortalecer-la-economia-solidaria-y-la-soberania-alimentaria","status":"publish","type":"post","link":"https:\/\/www.manabi.gob.ec\/index.php\/somos-piloto-manabi-disena-modelo-para-fortalecer-la-economia-solidaria-y-la-soberania-alimentaria\/","title":{"rendered":"\u00a1SOMOS PILOTO! Manab\u00ed dise\u00f1a modelo para fortalecer la econom\u00eda solidaria y la soberan\u00eda alimentaria"},"content":{"rendered":"\n<p>La Prefectura de Manab\u00ed trabaja en el dise\u00f1o de pol\u00edticas p\u00fablicas dirigidas a crear un modelo econ\u00f3mico para fortalecer la econom\u00eda solidaria y la soberan\u00eda alimentaria de los manabitas.<br>La provincia es piloto de este proyecto que se replicar\u00e1 en el pa\u00eds.<\/p>\n\n\n\n<p>En ese objetivo, este 11 de agosto se desarroll\u00f3 el segundo taller, en el que participaron t\u00e9cnicos de las direcciones de Fomento Productivo, Planificaci\u00f3n Institucional , Planificaci\u00f3n para el desarrollo y Ordenamiento Territorial , Ambiente , Turismo, Cultura y Patrimonio y Riego y drenaje, y representantes de grupos productivos de la provincia. El proceso para la construcci\u00f3n de este modelo inici\u00f3 en abril de este a\u00f1o.<\/p>\n\n\n\n<p>Este proyecto cuenta con el apoyo del Consorcio de Gobiernos Provinciales del Ecuador (CONGOPE) y la Fundaci\u00f3n Terranueva.<\/p>\n\n\n\n<p>Estos organismos buscan fortalecer las capacidades de los gobiernos provinciales del pa\u00eds, con la creaci\u00f3n de un nuevo modelo econ\u00f3mico que incluya pol\u00edticas p\u00fablicas que protejan a la poblaci\u00f3n m\u00e1s vulnerable, en las diversas actividades productivas y la comercializaci\u00f3n de sus productos, para reactivar las econom\u00edas populares.<br>Marcela Andino, subdirectora del Consorcio de Gobiernos Provinciales del Ecuador ( CONGOPE) dijo que a trav\u00e9s de este proyecto se busca que los gobiernos provinciales asuman el rol de gobiernos intermedios, para que impulsen el desarrollo econ\u00f3mico con visi\u00f3n provincial, desde las condiciones territoriales y del grupo humano de cada provincia.<br>Los aportes que puedan generar estos talleres ser\u00e1n aportes importantes parar ser incluidos en los planes de desarrollo territorial.<\/p>\n\n\n\n<p><br>\u201cEste modelo ser\u00e1 una herramienta que fortalecer\u00e1 el trabajo de los gobiernos intermedios\u201d, dijo Juan Pablo Mu\u00f1oz, director ejecutivo de la Fundaci\u00f3n Terranueva.<\/p>\n\n\n\n<p><br>La bienvenida a los participantes la hizo el subdirector de fomento productivo de la Prefectura, Josu\u00e9 Guanoluisa, quien dijo que como Gobierno Provincial se busca transformar a este territorio en uno m\u00e1s inclusivo, inteligente, innovador, integrado al mundo y con identidad cultural, con visi\u00f3n prospectiva al 2030.<\/p>\n","protected":false},"excerpt":{"rendered":"<p>La Prefectura de Manab\u00ed trabaja en el dise\u00f1o de pol\u00edticas p\u00fablicas dirigidas a crear un modelo econ\u00f3mico para fortalecer la econom\u00eda solidaria y la soberan\u00eda alimentaria de los manabitas.La provincia es piloto de este proyecto que se replicar\u00e1 en el pa\u00eds. En ese objetivo, este 11 de agosto se desarroll\u00f3 el segundo taller, en el [&hellip;]<\/p>\n","protected":false},"author":10,"featured_media":21850,"comment_status":"closed","ping_status":"closed","sticky":false,"template":"","format":"standard","meta":{"_joinchat":[],"footnotes":""},"categories":[142,92,91],"tags":[],"class_list":["post-21849","post","type-post","status-publish","format-standard","has-post-thumbnail","hentry","category-desarrollo-social","category-noticias-manabi","category-todas"],"yoast_head":"<!-- This site is optimized with the Yoast SEO plugin v27.4 - https:\/\/yoast.com\/product\/yoast-seo-wordpress\/ -->\n<title>\u00a1SOMOS PILOTO! Manab\u00ed dise\u00f1a modelo para fortalecer la econom\u00eda solidaria y la soberan\u00eda alimentaria - Prefectura de Manab\u00ed<\/title>\n<meta name=\"robots\" content=\"index, follow, max-snippet:-1, max-image-preview:large, max-video-preview:-1\" \/>\n<link rel=\"canonical\" href=\"https:\/\/www.manabi.gob.ec\/index.php\/somos-piloto-manabi-disena-modelo-para-fortalecer-la-economia-solidaria-y-la-soberania-alimentaria\/\" \/>\n<meta property=\"og:locale\" content=\"es_ES\" \/>\n<meta property=\"og:type\" content=\"article\" \/>\n<meta property=\"og:title\" content=\"\u00a1SOMOS PILOTO! Manab\u00ed dise\u00f1a modelo para fortalecer la econom\u00eda solidaria y la soberan\u00eda alimentaria - Prefectura de Manab\u00ed\" \/>\n<meta property=\"og:description\" content=\"La Prefectura de Manab\u00ed trabaja en el dise\u00f1o de pol\u00edticas p\u00fablicas dirigidas a crear un modelo econ\u00f3mico para fortalecer la econom\u00eda solidaria y la soberan\u00eda alimentaria de los manabitas.La provincia es piloto de este proyecto que se replicar\u00e1 en el pa\u00eds. En ese objetivo, este 11 de agosto se desarroll\u00f3 el segundo taller, en el [&hellip;]\" \/>\n<meta property=\"og:url\" content=\"https:\/\/www.manabi.gob.ec\/index.php\/somos-piloto-manabi-disena-modelo-para-fortalecer-la-economia-solidaria-y-la-soberania-alimentaria\/\" \/>\n<meta property=\"og:site_name\" content=\"Prefectura de Manab\u00ed\" \/>\n<meta property=\"article:published_time\" content=\"2022-08-16T17:02:20+00:00\" \/>\n<meta property=\"article:modified_time\" content=\"2022-08-16T17:02:24+00:00\" \/>\n<meta property=\"og:image\" content=\"https:\/\/www.manabi.gob.ec\/wp-content\/uploads\/2022\/08\/WhatsApp-Image-2022-08-11-at-9.50.45-PM-1.jpeg\" \/>\n\t<meta property=\"og:image:width\" content=\"1600\" \/>\n\t<meta property=\"og:image:height\" content=\"1200\" \/>\n\t<meta property=\"og:image:type\" content=\"image\/jpeg\" \/>\n<meta name=\"author\" content=\"Lui Ochoa\" \/>\n<meta name=\"twitter:card\" content=\"summary_large_image\" \/>\n<meta name=\"twitter:label1\" content=\"Escrito por\" \/>\n\t<meta name=\"twitter:data1\" content=\"Lui Ochoa\" \/>\n\t<meta name=\"twitter:label2\" content=\"Tiempo de lectura\" \/>\n\t<meta name=\"twitter:data2\" content=\"2 minutos\" \/>\n<script type=\"application\/ld+json\" class=\"yoast-schema-graph\">{\"@context\":\"https:\\\/\\\/schema.org\",\"@graph\":[{\"@type\":\"Article\",\"@id\":\"https:\\\/\\\/www.manabi.gob.ec\\\/index.php\\\/somos-piloto-manabi-disena-modelo-para-fortalecer-la-economia-solidaria-y-la-soberania-alimentaria\\\/#article\",\"isPartOf\":{\"@id\":\"https:\\\/\\\/www.manabi.gob.ec\\\/index.php\\\/somos-piloto-manabi-disena-modelo-para-fortalecer-la-economia-solidaria-y-la-soberania-alimentaria\\\/\"},\"author\":{\"name\":\"Lui Ochoa\",\"@id\":\"https:\\\/\\\/www.manabi.gob.ec\\\/#\\\/schema\\\/person\\\/c4f117989332ad723a6ced5994aa7d7a\"},\"headline\":\"\u00a1SOMOS PILOTO! Manab\u00ed dise\u00f1a modelo para fortalecer la econom\u00eda solidaria y la soberan\u00eda alimentaria\",\"datePublished\":\"2022-08-16T17:02:20+00:00\",\"dateModified\":\"2022-08-16T17:02:24+00:00\",\"mainEntityOfPage\":{\"@id\":\"https:\\\/\\\/www.manabi.gob.ec\\\/index.php\\\/somos-piloto-manabi-disena-modelo-para-fortalecer-la-economia-solidaria-y-la-soberania-alimentaria\\\/\"},\"wordCount\":354,\"image\":{\"@id\":\"https:\\\/\\\/www.manabi.gob.ec\\\/index.php\\\/somos-piloto-manabi-disena-modelo-para-fortalecer-la-economia-solidaria-y-la-soberania-alimentaria\\\/#primaryimage\"},\"thumbnailUrl\":\"https:\\\/\\\/www.manabi.gob.ec\\\/wp-content\\\/uploads\\\/2022\\\/08\\\/WhatsApp-Image-2022-08-11-at-9.50.45-PM-1.jpeg\",\"articleSection\":[\"Desarrollo Social\",\"Noticias\",\"Todas\"],\"inLanguage\":\"es\"},{\"@type\":\"WebPage\",\"@id\":\"https:\\\/\\\/www.manabi.gob.ec\\\/index.php\\\/somos-piloto-manabi-disena-modelo-para-fortalecer-la-economia-solidaria-y-la-soberania-alimentaria\\\/\",\"url\":\"https:\\\/\\\/www.manabi.gob.ec\\\/index.php\\\/somos-piloto-manabi-disena-modelo-para-fortalecer-la-economia-solidaria-y-la-soberania-alimentaria\\\/\",\"name\":\"\u00a1SOMOS PILOTO! Manab\u00ed dise\u00f1a modelo para fortalecer la econom\u00eda solidaria y la soberan\u00eda alimentaria - Prefectura de Manab\u00ed\",\"isPartOf\":{\"@id\":\"https:\\\/\\\/www.manabi.gob.ec\\\/#website\"},\"primaryImageOfPage\":{\"@id\":\"https:\\\/\\\/www.manabi.gob.ec\\\/index.php\\\/somos-piloto-manabi-disena-modelo-para-fortalecer-la-economia-solidaria-y-la-soberania-alimentaria\\\/#primaryimage\"},\"image\":{\"@id\":\"https:\\\/\\\/www.manabi.gob.ec\\\/index.php\\\/somos-piloto-manabi-disena-modelo-para-fortalecer-la-economia-solidaria-y-la-soberania-alimentaria\\\/#primaryimage\"},\"thumbnailUrl\":\"https:\\\/\\\/www.manabi.gob.ec\\\/wp-content\\\/uploads\\\/2022\\\/08\\\/WhatsApp-Image-2022-08-11-at-9.50.45-PM-1.jpeg\",\"datePublished\":\"2022-08-16T17:02:20+00:00\",\"dateModified\":\"2022-08-16T17:02:24+00:00\",\"author\":{\"@id\":\"https:\\\/\\\/www.manabi.gob.ec\\\/#\\\/schema\\\/person\\\/c4f117989332ad723a6ced5994aa7d7a\"},\"breadcrumb\":{\"@id\":\"https:\\\/\\\/www.manabi.gob.ec\\\/index.php\\\/somos-piloto-manabi-disena-modelo-para-fortalecer-la-economia-solidaria-y-la-soberania-alimentaria\\\/#breadcrumb\"},\"inLanguage\":\"es\",\"potentialAction\":[{\"@type\":\"ReadAction\",\"target\":[\"https:\\\/\\\/www.manabi.gob.ec\\\/index.php\\\/somos-piloto-manabi-disena-modelo-para-fortalecer-la-economia-solidaria-y-la-soberania-alimentaria\\\/\"]}]},{\"@type\":\"ImageObject\",\"inLanguage\":\"es\",\"@id\":\"https:\\\/\\\/www.manabi.gob.ec\\\/index.php\\\/somos-piloto-manabi-disena-modelo-para-fortalecer-la-economia-solidaria-y-la-soberania-alimentaria\\\/#primaryimage\",\"url\":\"https:\\\/\\\/www.manabi.gob.ec\\\/wp-content\\\/uploads\\\/2022\\\/08\\\/WhatsApp-Image-2022-08-11-at-9.50.45-PM-1.jpeg\",\"contentUrl\":\"https:\\\/\\\/www.manabi.gob.ec\\\/wp-content\\\/uploads\\\/2022\\\/08\\\/WhatsApp-Image-2022-08-11-at-9.50.45-PM-1.jpeg\",\"width\":1600,\"height\":1200},{\"@type\":\"BreadcrumbList\",\"@id\":\"https:\\\/\\\/www.manabi.gob.ec\\\/index.php\\\/somos-piloto-manabi-disena-modelo-para-fortalecer-la-economia-solidaria-y-la-soberania-alimentaria\\\/#breadcrumb\",\"itemListElement\":[{\"@type\":\"ListItem\",\"position\":1,\"name\":\"Portada\",\"item\":\"https:\\\/\\\/www.manabi.gob.ec\\\/\"},{\"@type\":\"ListItem\",\"position\":2,\"name\":\"\u00a1SOMOS PILOTO! Manab\u00ed dise\u00f1a modelo para fortalecer la econom\u00eda solidaria y la soberan\u00eda alimentaria\"}]},{\"@type\":\"WebSite\",\"@id\":\"https:\\\/\\\/www.manabi.gob.ec\\\/#website\",\"url\":\"https:\\\/\\\/www.manabi.gob.ec\\\/\",\"name\":\"Prefectura de Manab\u00ed\",\"description\":\"P\u00e1gina web de la prefectura\",\"potentialAction\":[{\"@type\":\"SearchAction\",\"target\":{\"@type\":\"EntryPoint\",\"urlTemplate\":\"https:\\\/\\\/www.manabi.gob.ec\\\/?s={search_term_string}\"},\"query-input\":{\"@type\":\"PropertyValueSpecification\",\"valueRequired\":true,\"valueName\":\"search_term_string\"}}],\"inLanguage\":\"es\"},{\"@type\":\"Person\",\"@id\":\"https:\\\/\\\/www.manabi.gob.ec\\\/#\\\/schema\\\/person\\\/c4f117989332ad723a6ced5994aa7d7a\",\"name\":\"Lui Ochoa\",\"image\":{\"@type\":\"ImageObject\",\"inLanguage\":\"es\",\"@id\":\"https:\\\/\\\/secure.gravatar.com\\\/avatar\\\/6e8017d0fe69dead8a95864d2eb6e1e1d8bf8e01194ba49cf7b897ff038126ba?s=96&d=mm&r=g\",\"url\":\"https:\\\/\\\/secure.gravatar.com\\\/avatar\\\/6e8017d0fe69dead8a95864d2eb6e1e1d8bf8e01194ba49cf7b897ff038126ba?s=96&d=mm&r=g\",\"contentUrl\":\"https:\\\/\\\/secure.gravatar.com\\\/avatar\\\/6e8017d0fe69dead8a95864d2eb6e1e1d8bf8e01194ba49cf7b897ff038126ba?s=96&d=mm&r=g\",\"caption\":\"Lui Ochoa\"},\"url\":\"https:\\\/\\\/www.manabi.gob.ec\\\/index.php\\\/author\\\/lochoa\\\/\"}]}<\/script>\n<!-- \/ Yoast SEO plugin. -->","yoast_head_json":{"title":"\u00a1SOMOS PILOTO! Manab\u00ed dise\u00f1a modelo para fortalecer la econom\u00eda solidaria y la soberan\u00eda alimentaria - Prefectura de Manab\u00ed","robots":{"index":"index","follow":"follow","max-snippet":"max-snippet:-1","max-image-preview":"max-image-preview:large","max-video-preview":"max-video-preview:-1"},"canonical":"https:\/\/www.manabi.gob.ec\/index.php\/somos-piloto-manabi-disena-modelo-para-fortalecer-la-economia-solidaria-y-la-soberania-alimentaria\/","og_locale":"es_ES","og_type":"article","og_title":"\u00a1SOMOS PILOTO! Manab\u00ed dise\u00f1a modelo para fortalecer la econom\u00eda solidaria y la soberan\u00eda alimentaria - Prefectura de Manab\u00ed","og_description":"La Prefectura de Manab\u00ed trabaja en el dise\u00f1o de pol\u00edticas p\u00fablicas dirigidas a crear un modelo econ\u00f3mico para fortalecer la econom\u00eda solidaria y la soberan\u00eda alimentaria de los manabitas.La provincia es piloto de este proyecto que se replicar\u00e1 en el pa\u00eds. En ese objetivo, este 11 de agosto se desarroll\u00f3 el segundo taller, en el [&hellip;]","og_url":"https:\/\/www.manabi.gob.ec\/index.php\/somos-piloto-manabi-disena-modelo-para-fortalecer-la-economia-solidaria-y-la-soberania-alimentaria\/","og_site_name":"Prefectura de Manab\u00ed","article_published_time":"2022-08-16T17:02:20+00:00","article_modified_time":"2022-08-16T17:02:24+00:00","og_image":[{"width":1600,"height":1200,"url":"https:\/\/www.manabi.gob.ec\/wp-content\/uploads\/2022\/08\/WhatsApp-Image-2022-08-11-at-9.50.45-PM-1.jpeg","type":"image\/jpeg"}],"author":"Lui Ochoa","twitter_card":"summary_large_image","twitter_misc":{"Escrito por":"Lui Ochoa","Tiempo de lectura":"2 minutos"},"schema":{"@context":"https:\/\/schema.org","@graph":[{"@type":"Article","@id":"https:\/\/www.manabi.gob.ec\/index.php\/somos-piloto-manabi-disena-modelo-para-fortalecer-la-economia-solidaria-y-la-soberania-alimentaria\/#article","isPartOf":{"@id":"https:\/\/www.manabi.gob.ec\/index.php\/somos-piloto-manabi-disena-modelo-para-fortalecer-la-economia-solidaria-y-la-soberania-alimentaria\/"},"author":{"name":"Lui Ochoa","@id":"https:\/\/www.manabi.gob.ec\/#\/schema\/person\/c4f117989332ad723a6ced5994aa7d7a"},"headline":"\u00a1SOMOS PILOTO! Manab\u00ed dise\u00f1a modelo para fortalecer la econom\u00eda solidaria y la soberan\u00eda alimentaria","datePublished":"2022-08-16T17:02:20+00:00","dateModified":"2022-08-16T17:02:24+00:00","mainEntityOfPage":{"@id":"https:\/\/www.manabi.gob.ec\/index.php\/somos-piloto-manabi-disena-modelo-para-fortalecer-la-economia-solidaria-y-la-soberania-alimentaria\/"},"wordCount":354,"image":{"@id":"https:\/\/www.manabi.gob.ec\/index.php\/somos-piloto-manabi-disena-modelo-para-fortalecer-la-economia-solidaria-y-la-soberania-alimentaria\/#primaryimage"},"thumbnailUrl":"https:\/\/www.manabi.gob.ec\/wp-content\/uploads\/2022\/08\/WhatsApp-Image-2022-08-11-at-9.50.45-PM-1.jpeg","articleSection":["Desarrollo Social","Noticias","Todas"],"inLanguage":"es"},{"@type":"WebPage","@id":"https:\/\/www.manabi.gob.ec\/index.php\/somos-piloto-manabi-disena-modelo-para-fortalecer-la-economia-solidaria-y-la-soberania-alimentaria\/","url":"https:\/\/www.manabi.gob.ec\/index.php\/somos-piloto-manabi-disena-modelo-para-fortalecer-la-economia-solidaria-y-la-soberania-alimentaria\/","name":"\u00a1SOMOS PILOTO! Manab\u00ed dise\u00f1a modelo para fortalecer la econom\u00eda solidaria y la soberan\u00eda alimentaria - Prefectura de Manab\u00ed","isPartOf":{"@id":"https:\/\/www.manabi.gob.ec\/#website"},"primaryImageOfPage":{"@id":"https:\/\/www.manabi.gob.ec\/index.php\/somos-piloto-manabi-disena-modelo-para-fortalecer-la-economia-solidaria-y-la-soberania-alimentaria\/#primaryimage"},"image":{"@id":"https:\/\/www.manabi.gob.ec\/index.php\/somos-piloto-manabi-disena-modelo-para-fortalecer-la-economia-solidaria-y-la-soberania-alimentaria\/#primaryimage"},"thumbnailUrl":"https:\/\/www.manabi.gob.ec\/wp-content\/uploads\/2022\/08\/WhatsApp-Image-2022-08-11-at-9.50.45-PM-1.jpeg","datePublished":"2022-08-16T17:02:20+00:00","dateModified":"2022-08-16T17:02:24+00:00","author":{"@id":"https:\/\/www.manabi.gob.ec\/#\/schema\/person\/c4f117989332ad723a6ced5994aa7d7a"},"breadcrumb":{"@id":"https:\/\/www.manabi.gob.ec\/index.php\/somos-piloto-manabi-disena-modelo-para-fortalecer-la-economia-solidaria-y-la-soberania-alimentaria\/#breadcrumb"},"inLanguage":"es","potentialAction":[{"@type":"ReadAction","target":["https:\/\/www.manabi.gob.ec\/index.php\/somos-piloto-manabi-disena-modelo-para-fortalecer-la-economia-solidaria-y-la-soberania-alimentaria\/"]}]},{"@type":"ImageObject","inLanguage":"es","@id":"https:\/\/www.manabi.gob.ec\/index.php\/somos-piloto-manabi-disena-modelo-para-fortalecer-la-economia-solidaria-y-la-soberania-alimentaria\/#primaryimage","url":"https:\/\/www.manabi.gob.ec\/wp-content\/uploads\/2022\/08\/WhatsApp-Image-2022-08-11-at-9.50.45-PM-1.jpeg","contentUrl":"https:\/\/www.manabi.gob.ec\/wp-content\/uploads\/2022\/08\/WhatsApp-Image-2022-08-11-at-9.50.45-PM-1.jpeg","width":1600,"height":1200},{"@type":"BreadcrumbList","@id":"https:\/\/www.manabi.gob.ec\/index.php\/somos-piloto-manabi-disena-modelo-para-fortalecer-la-economia-solidaria-y-la-soberania-alimentaria\/#breadcrumb","itemListElement":[{"@type":"ListItem","position":1,"name":"Portada","item":"https:\/\/www.manabi.gob.ec\/"},{"@type":"ListItem","position":2,"name":"\u00a1SOMOS PILOTO! Manab\u00ed dise\u00f1a modelo para fortalecer la econom\u00eda solidaria y la soberan\u00eda alimentaria"}]},{"@type":"WebSite","@id":"https:\/\/www.manabi.gob.ec\/#website","url":"https:\/\/www.manabi.gob.ec\/","name":"Prefectura de Manab\u00ed","description":"P\u00e1gina web de la prefectura","potentialAction":[{"@type":"SearchAction","target":{"@type":"EntryPoint","urlTemplate":"https:\/\/www.manabi.gob.ec\/?s={search_term_string}"},"query-input":{"@type":"PropertyValueSpecification","valueRequired":true,"valueName":"search_term_string"}}],"inLanguage":"es"},{"@type":"Person","@id":"https:\/\/www.manabi.gob.ec\/#\/schema\/person\/c4f117989332ad723a6ced5994aa7d7a","name":"Lui Ochoa","image":{"@type":"ImageObject","inLanguage":"es","@id":"https:\/\/secure.gravatar.com\/avatar\/6e8017d0fe69dead8a95864d2eb6e1e1d8bf8e01194ba49cf7b897ff038126ba?s=96&d=mm&r=g","url":"https:\/\/secure.gravatar.com\/avatar\/6e8017d0fe69dead8a95864d2eb6e1e1d8bf8e01194ba49cf7b897ff038126ba?s=96&d=mm&r=g","contentUrl":"https:\/\/secure.gravatar.com\/avatar\/6e8017d0fe69dead8a95864d2eb6e1e1d8bf8e01194ba49cf7b897ff038126ba?s=96&d=mm&r=g","caption":"Lui Ochoa"},"url":"https:\/\/www.manabi.gob.ec\/index.php\/author\/lochoa\/"}]}},"jetpack_featured_media_url":"https:\/\/www.manabi.gob.ec\/wp-content\/uploads\/2022\/08\/WhatsApp-Image-2022-08-11-at-9.50.45-PM-1.jpeg","_links":{"self":[{"href":"https:\/\/www.manabi.gob.ec\/index.php\/wp-json\/wp\/v2\/posts\/21849","targetHints":{"allow":["GET"]}}],"collection":[{"href":"https:\/\/www.manabi.gob.ec\/index.php\/wp-json\/wp\/v2\/posts"}],"about":[{"href":"https:\/\/www.manabi.gob.ec\/index.php\/wp-json\/wp\/v2\/types\/post"}],"author":[{"embeddable":true,"href":"https:\/\/www.manabi.gob.ec\/index.php\/wp-json\/wp\/v2\/users\/10"}],"replies":[{"embeddable":true,"href":"https:\/\/www.manabi.gob.ec\/index.php\/wp-json\/wp\/v2\/comments?post=21849"}],"version-history":[{"count":0,"href":"https:\/\/www.manabi.gob.ec\/index.php\/wp-json\/wp\/v2\/posts\/21849\/revisions"}],"wp:featuredmedia":[{"embeddable":true,"href":"https:\/\/www.manabi.gob.ec\/index.php\/wp-json\/wp\/v2\/media\/21850"}],"wp:attachment":[{"href":"https:\/\/www.manabi.gob.ec\/index.php\/wp-json\/wp\/v2\/media?parent=21849"}],"wp:term":[{"taxonomy":"category","embeddable":true,"href":"https:\/\/www.manabi.gob.ec\/index.php\/wp-json\/wp\/v2\/categories?post=21849"},{"taxonomy":"post_tag","embeddable":true,"href":"https:\/\/www.manabi.gob.ec\/index.php\/wp-json\/wp\/v2\/tags?post=21849"}],"curies":[{"name":"wp","href":"https:\/\/api.w.org\/{rel}","templated":true}]}}