{"id":21927,"date":"2022-08-22T15:54:54","date_gmt":"2022-08-22T15:54:54","guid":{"rendered":"https:\/\/www.manabi.gob.ec\/?p=21927"},"modified":"2022-08-22T15:54:58","modified_gmt":"2022-08-22T15:54:58","slug":"fortalecemos-suenos-de-dignidad-y-esperanza","status":"publish","type":"post","link":"https:\/\/www.manabi.gob.ec\/index.php\/fortalecemos-suenos-de-dignidad-y-esperanza\/","title":{"rendered":"\u00a1FORTALECEMOS SUE\u00d1OS DE DIGNIDAD Y ESPERANZA!"},"content":{"rendered":"\n<p>La Prefectura entreg\u00f3 implementos deportivos para el proyecto Entrenando Valores en Jaramij\u00f3<\/p>\n\n\n\n<p>Ni\u00f1os y ni\u00f1as muy felices se abalanzaron hacia el prefecto de Manab\u00ed, Leonardo Orlando, en un c\u00e1lido recibimiento a su llegada al acto de entrega de implementos deportivos del proyecto de desarrollo social de la Prefectura \u201cEntrenando Valores\u201d.<br>El programa se desarroll\u00f3 la tarde del mi\u00e9rcoles 17 de agosto, en Jaramij\u00f3, donde se lleva adelante el proyecto mediante un convenio con el GAD Cantonal.<\/p>\n\n\n\n<p><br>Gracias a este proyecto los ni\u00f1os, ni\u00f1as y adolescentes practicar\u00e1n deporte, recibir\u00e1n atenci\u00f3n integral en las \u00e1reas de medicina, odontolog\u00eda y nutrici\u00f3n; adem\u00e1s, del cuidado de la salud f\u00edsica y mental. De esta manera se trata de cumplir con el objetivo de que los ni\u00f1os, ni\u00f1as y adolescentes crezcan en valores, se recreen y hagan deporte.<\/p>\n\n\n\n<p><br>Durante su intervenci\u00f3n el Prefecto indic\u00f3 que se ayudar\u00e1 a tener una cancha reglamentaria, un espacio para que la familia tambi\u00e9n pueda disfrutar de los campeonatos y generar emprendimientos con la venta de alimentos.<br>\u201cQueremos agradecerle por este gran proyecto, siga con el deseo de ayudar en todas \u00e1reas posibles, cuente con nuestro apoyo para seguir formando nuevos campeones con valores\u201d, dijo N\u00e9xar Zambrano, profesor del proyecto.<\/p>\n","protected":false},"excerpt":{"rendered":"<p>La Prefectura entreg\u00f3 implementos deportivos para el proyecto Entrenando Valores en Jaramij\u00f3 Ni\u00f1os y ni\u00f1as muy felices se abalanzaron hacia el prefecto de Manab\u00ed, Leonardo Orlando, en un c\u00e1lido recibimiento a su llegada al acto de entrega de implementos deportivos del proyecto de desarrollo social de la Prefectura \u201cEntrenando Valores\u201d.El programa se desarroll\u00f3 la tarde [&hellip;]<\/p>\n","protected":false},"author":10,"featured_media":21928,"comment_status":"closed","ping_status":"closed","sticky":false,"template":"","format":"standard","meta":{"_joinchat":[],"footnotes":""},"categories":[142,211,92,91],"tags":[],"class_list":["post-21927","post","type-post","status-publish","format-standard","has-post-thumbnail","hentry","category-desarrollo-social","category-jaramijo","category-noticias-manabi","category-todas"],"yoast_head":"<!-- This site is optimized with the Yoast SEO plugin v27.4 - https:\/\/yoast.com\/product\/yoast-seo-wordpress\/ -->\n<title>\u00a1FORTALECEMOS SUE\u00d1OS DE DIGNIDAD Y ESPERANZA! - Prefectura de Manab\u00ed<\/title>\n<meta name=\"robots\" content=\"index, follow, max-snippet:-1, max-image-preview:large, max-video-preview:-1\" \/>\n<link rel=\"canonical\" href=\"https:\/\/www.manabi.gob.ec\/index.php\/fortalecemos-suenos-de-dignidad-y-esperanza\/\" \/>\n<meta property=\"og:locale\" content=\"es_ES\" \/>\n<meta property=\"og:type\" content=\"article\" \/>\n<meta property=\"og:title\" content=\"\u00a1FORTALECEMOS SUE\u00d1OS DE DIGNIDAD Y ESPERANZA! - Prefectura de Manab\u00ed\" \/>\n<meta property=\"og:description\" content=\"La Prefectura entreg\u00f3 implementos deportivos para el proyecto Entrenando Valores en Jaramij\u00f3 Ni\u00f1os y ni\u00f1as muy felices se abalanzaron hacia el prefecto de Manab\u00ed, Leonardo Orlando, en un c\u00e1lido recibimiento a su llegada al acto de entrega de implementos deportivos del proyecto de desarrollo social de la Prefectura \u201cEntrenando Valores\u201d.El programa se desarroll\u00f3 la tarde [&hellip;]\" \/>\n<meta property=\"og:url\" content=\"https:\/\/www.manabi.gob.ec\/index.php\/fortalecemos-suenos-de-dignidad-y-esperanza\/\" \/>\n<meta property=\"og:site_name\" content=\"Prefectura de Manab\u00ed\" \/>\n<meta property=\"article:published_time\" content=\"2022-08-22T15:54:54+00:00\" \/>\n<meta property=\"article:modified_time\" content=\"2022-08-22T15:54:58+00:00\" \/>\n<meta property=\"og:image\" content=\"https:\/\/www.manabi.gob.ec\/wp-content\/uploads\/2022\/08\/WhatsApp-Image-2022-08-18-at-11.30.40-AM.jpeg\" \/>\n\t<meta property=\"og:image:width\" content=\"1280\" \/>\n\t<meta property=\"og:image:height\" content=\"855\" \/>\n\t<meta property=\"og:image:type\" content=\"image\/jpeg\" \/>\n<meta name=\"author\" content=\"Lui Ochoa\" \/>\n<meta name=\"twitter:card\" content=\"summary_large_image\" \/>\n<meta name=\"twitter:label1\" content=\"Escrito por\" \/>\n\t<meta name=\"twitter:data1\" content=\"Lui Ochoa\" \/>\n\t<meta name=\"twitter:label2\" content=\"Tiempo de lectura\" \/>\n\t<meta name=\"twitter:data2\" content=\"1 minuto\" \/>\n<script type=\"application\/ld+json\" class=\"yoast-schema-graph\">{\"@context\":\"https:\\\/\\\/schema.org\",\"@graph\":[{\"@type\":\"Article\",\"@id\":\"https:\\\/\\\/www.manabi.gob.ec\\\/index.php\\\/fortalecemos-suenos-de-dignidad-y-esperanza\\\/#article\",\"isPartOf\":{\"@id\":\"https:\\\/\\\/www.manabi.gob.ec\\\/index.php\\\/fortalecemos-suenos-de-dignidad-y-esperanza\\\/\"},\"author\":{\"name\":\"Lui Ochoa\",\"@id\":\"https:\\\/\\\/www.manabi.gob.ec\\\/#\\\/schema\\\/person\\\/c4f117989332ad723a6ced5994aa7d7a\"},\"headline\":\"\u00a1FORTALECEMOS SUE\u00d1OS DE DIGNIDAD Y ESPERANZA!\",\"datePublished\":\"2022-08-22T15:54:54+00:00\",\"dateModified\":\"2022-08-22T15:54:58+00:00\",\"mainEntityOfPage\":{\"@id\":\"https:\\\/\\\/www.manabi.gob.ec\\\/index.php\\\/fortalecemos-suenos-de-dignidad-y-esperanza\\\/\"},\"wordCount\":223,\"image\":{\"@id\":\"https:\\\/\\\/www.manabi.gob.ec\\\/index.php\\\/fortalecemos-suenos-de-dignidad-y-esperanza\\\/#primaryimage\"},\"thumbnailUrl\":\"https:\\\/\\\/www.manabi.gob.ec\\\/wp-content\\\/uploads\\\/2022\\\/08\\\/WhatsApp-Image-2022-08-18-at-11.30.40-AM.jpeg\",\"articleSection\":[\"Desarrollo Social\",\"Jaramij\u00f3\",\"Noticias\",\"Todas\"],\"inLanguage\":\"es\"},{\"@type\":\"WebPage\",\"@id\":\"https:\\\/\\\/www.manabi.gob.ec\\\/index.php\\\/fortalecemos-suenos-de-dignidad-y-esperanza\\\/\",\"url\":\"https:\\\/\\\/www.manabi.gob.ec\\\/index.php\\\/fortalecemos-suenos-de-dignidad-y-esperanza\\\/\",\"name\":\"\u00a1FORTALECEMOS SUE\u00d1OS DE DIGNIDAD Y ESPERANZA! - Prefectura de Manab\u00ed\",\"isPartOf\":{\"@id\":\"https:\\\/\\\/www.manabi.gob.ec\\\/#website\"},\"primaryImageOfPage\":{\"@id\":\"https:\\\/\\\/www.manabi.gob.ec\\\/index.php\\\/fortalecemos-suenos-de-dignidad-y-esperanza\\\/#primaryimage\"},\"image\":{\"@id\":\"https:\\\/\\\/www.manabi.gob.ec\\\/index.php\\\/fortalecemos-suenos-de-dignidad-y-esperanza\\\/#primaryimage\"},\"thumbnailUrl\":\"https:\\\/\\\/www.manabi.gob.ec\\\/wp-content\\\/uploads\\\/2022\\\/08\\\/WhatsApp-Image-2022-08-18-at-11.30.40-AM.jpeg\",\"datePublished\":\"2022-08-22T15:54:54+00:00\",\"dateModified\":\"2022-08-22T15:54:58+00:00\",\"author\":{\"@id\":\"https:\\\/\\\/www.manabi.gob.ec\\\/#\\\/schema\\\/person\\\/c4f117989332ad723a6ced5994aa7d7a\"},\"breadcrumb\":{\"@id\":\"https:\\\/\\\/www.manabi.gob.ec\\\/index.php\\\/fortalecemos-suenos-de-dignidad-y-esperanza\\\/#breadcrumb\"},\"inLanguage\":\"es\",\"potentialAction\":[{\"@type\":\"ReadAction\",\"target\":[\"https:\\\/\\\/www.manabi.gob.ec\\\/index.php\\\/fortalecemos-suenos-de-dignidad-y-esperanza\\\/\"]}]},{\"@type\":\"ImageObject\",\"inLanguage\":\"es\",\"@id\":\"https:\\\/\\\/www.manabi.gob.ec\\\/index.php\\\/fortalecemos-suenos-de-dignidad-y-esperanza\\\/#primaryimage\",\"url\":\"https:\\\/\\\/www.manabi.gob.ec\\\/wp-content\\\/uploads\\\/2022\\\/08\\\/WhatsApp-Image-2022-08-18-at-11.30.40-AM.jpeg\",\"contentUrl\":\"https:\\\/\\\/www.manabi.gob.ec\\\/wp-content\\\/uploads\\\/2022\\\/08\\\/WhatsApp-Image-2022-08-18-at-11.30.40-AM.jpeg\",\"width\":1280,\"height\":855},{\"@type\":\"BreadcrumbList\",\"@id\":\"https:\\\/\\\/www.manabi.gob.ec\\\/index.php\\\/fortalecemos-suenos-de-dignidad-y-esperanza\\\/#breadcrumb\",\"itemListElement\":[{\"@type\":\"ListItem\",\"position\":1,\"name\":\"Portada\",\"item\":\"https:\\\/\\\/www.manabi.gob.ec\\\/\"},{\"@type\":\"ListItem\",\"position\":2,\"name\":\"\u00a1FORTALECEMOS SUE\u00d1OS DE DIGNIDAD Y ESPERANZA!\"}]},{\"@type\":\"WebSite\",\"@id\":\"https:\\\/\\\/www.manabi.gob.ec\\\/#website\",\"url\":\"https:\\\/\\\/www.manabi.gob.ec\\\/\",\"name\":\"Prefectura de Manab\u00ed\",\"description\":\"P\u00e1gina web de la prefectura\",\"potentialAction\":[{\"@type\":\"SearchAction\",\"target\":{\"@type\":\"EntryPoint\",\"urlTemplate\":\"https:\\\/\\\/www.manabi.gob.ec\\\/?s={search_term_string}\"},\"query-input\":{\"@type\":\"PropertyValueSpecification\",\"valueRequired\":true,\"valueName\":\"search_term_string\"}}],\"inLanguage\":\"es\"},{\"@type\":\"Person\",\"@id\":\"https:\\\/\\\/www.manabi.gob.ec\\\/#\\\/schema\\\/person\\\/c4f117989332ad723a6ced5994aa7d7a\",\"name\":\"Lui Ochoa\",\"image\":{\"@type\":\"ImageObject\",\"inLanguage\":\"es\",\"@id\":\"https:\\\/\\\/secure.gravatar.com\\\/avatar\\\/6e8017d0fe69dead8a95864d2eb6e1e1d8bf8e01194ba49cf7b897ff038126ba?s=96&d=mm&r=g\",\"url\":\"https:\\\/\\\/secure.gravatar.com\\\/avatar\\\/6e8017d0fe69dead8a95864d2eb6e1e1d8bf8e01194ba49cf7b897ff038126ba?s=96&d=mm&r=g\",\"contentUrl\":\"https:\\\/\\\/secure.gravatar.com\\\/avatar\\\/6e8017d0fe69dead8a95864d2eb6e1e1d8bf8e01194ba49cf7b897ff038126ba?s=96&d=mm&r=g\",\"caption\":\"Lui Ochoa\"},\"url\":\"https:\\\/\\\/www.manabi.gob.ec\\\/index.php\\\/author\\\/lochoa\\\/\"}]}<\/script>\n<!-- \/ Yoast SEO plugin. -->","yoast_head_json":{"title":"\u00a1FORTALECEMOS SUE\u00d1OS DE DIGNIDAD Y ESPERANZA! - Prefectura de Manab\u00ed","robots":{"index":"index","follow":"follow","max-snippet":"max-snippet:-1","max-image-preview":"max-image-preview:large","max-video-preview":"max-video-preview:-1"},"canonical":"https:\/\/www.manabi.gob.ec\/index.php\/fortalecemos-suenos-de-dignidad-y-esperanza\/","og_locale":"es_ES","og_type":"article","og_title":"\u00a1FORTALECEMOS SUE\u00d1OS DE DIGNIDAD Y ESPERANZA! - Prefectura de Manab\u00ed","og_description":"La Prefectura entreg\u00f3 implementos deportivos para el proyecto Entrenando Valores en Jaramij\u00f3 Ni\u00f1os y ni\u00f1as muy felices se abalanzaron hacia el prefecto de Manab\u00ed, Leonardo Orlando, en un c\u00e1lido recibimiento a su llegada al acto de entrega de implementos deportivos del proyecto de desarrollo social de la Prefectura \u201cEntrenando Valores\u201d.El programa se desarroll\u00f3 la tarde [&hellip;]","og_url":"https:\/\/www.manabi.gob.ec\/index.php\/fortalecemos-suenos-de-dignidad-y-esperanza\/","og_site_name":"Prefectura de Manab\u00ed","article_published_time":"2022-08-22T15:54:54+00:00","article_modified_time":"2022-08-22T15:54:58+00:00","og_image":[{"width":1280,"height":855,"url":"https:\/\/www.manabi.gob.ec\/wp-content\/uploads\/2022\/08\/WhatsApp-Image-2022-08-18-at-11.30.40-AM.jpeg","type":"image\/jpeg"}],"author":"Lui Ochoa","twitter_card":"summary_large_image","twitter_misc":{"Escrito por":"Lui Ochoa","Tiempo de lectura":"1 minuto"},"schema":{"@context":"https:\/\/schema.org","@graph":[{"@type":"Article","@id":"https:\/\/www.manabi.gob.ec\/index.php\/fortalecemos-suenos-de-dignidad-y-esperanza\/#article","isPartOf":{"@id":"https:\/\/www.manabi.gob.ec\/index.php\/fortalecemos-suenos-de-dignidad-y-esperanza\/"},"author":{"name":"Lui Ochoa","@id":"https:\/\/www.manabi.gob.ec\/#\/schema\/person\/c4f117989332ad723a6ced5994aa7d7a"},"headline":"\u00a1FORTALECEMOS SUE\u00d1OS DE DIGNIDAD Y ESPERANZA!","datePublished":"2022-08-22T15:54:54+00:00","dateModified":"2022-08-22T15:54:58+00:00","mainEntityOfPage":{"@id":"https:\/\/www.manabi.gob.ec\/index.php\/fortalecemos-suenos-de-dignidad-y-esperanza\/"},"wordCount":223,"image":{"@id":"https:\/\/www.manabi.gob.ec\/index.php\/fortalecemos-suenos-de-dignidad-y-esperanza\/#primaryimage"},"thumbnailUrl":"https:\/\/www.manabi.gob.ec\/wp-content\/uploads\/2022\/08\/WhatsApp-Image-2022-08-18-at-11.30.40-AM.jpeg","articleSection":["Desarrollo Social","Jaramij\u00f3","Noticias","Todas"],"inLanguage":"es"},{"@type":"WebPage","@id":"https:\/\/www.manabi.gob.ec\/index.php\/fortalecemos-suenos-de-dignidad-y-esperanza\/","url":"https:\/\/www.manabi.gob.ec\/index.php\/fortalecemos-suenos-de-dignidad-y-esperanza\/","name":"\u00a1FORTALECEMOS SUE\u00d1OS DE DIGNIDAD Y ESPERANZA! - Prefectura de Manab\u00ed","isPartOf":{"@id":"https:\/\/www.manabi.gob.ec\/#website"},"primaryImageOfPage":{"@id":"https:\/\/www.manabi.gob.ec\/index.php\/fortalecemos-suenos-de-dignidad-y-esperanza\/#primaryimage"},"image":{"@id":"https:\/\/www.manabi.gob.ec\/index.php\/fortalecemos-suenos-de-dignidad-y-esperanza\/#primaryimage"},"thumbnailUrl":"https:\/\/www.manabi.gob.ec\/wp-content\/uploads\/2022\/08\/WhatsApp-Image-2022-08-18-at-11.30.40-AM.jpeg","datePublished":"2022-08-22T15:54:54+00:00","dateModified":"2022-08-22T15:54:58+00:00","author":{"@id":"https:\/\/www.manabi.gob.ec\/#\/schema\/person\/c4f117989332ad723a6ced5994aa7d7a"},"breadcrumb":{"@id":"https:\/\/www.manabi.gob.ec\/index.php\/fortalecemos-suenos-de-dignidad-y-esperanza\/#breadcrumb"},"inLanguage":"es","potentialAction":[{"@type":"ReadAction","target":["https:\/\/www.manabi.gob.ec\/index.php\/fortalecemos-suenos-de-dignidad-y-esperanza\/"]}]},{"@type":"ImageObject","inLanguage":"es","@id":"https:\/\/www.manabi.gob.ec\/index.php\/fortalecemos-suenos-de-dignidad-y-esperanza\/#primaryimage","url":"https:\/\/www.manabi.gob.ec\/wp-content\/uploads\/2022\/08\/WhatsApp-Image-2022-08-18-at-11.30.40-AM.jpeg","contentUrl":"https:\/\/www.manabi.gob.ec\/wp-content\/uploads\/2022\/08\/WhatsApp-Image-2022-08-18-at-11.30.40-AM.jpeg","width":1280,"height":855},{"@type":"BreadcrumbList","@id":"https:\/\/www.manabi.gob.ec\/index.php\/fortalecemos-suenos-de-dignidad-y-esperanza\/#breadcrumb","itemListElement":[{"@type":"ListItem","position":1,"name":"Portada","item":"https:\/\/www.manabi.gob.ec\/"},{"@type":"ListItem","position":2,"name":"\u00a1FORTALECEMOS SUE\u00d1OS DE DIGNIDAD Y ESPERANZA!"}]},{"@type":"WebSite","@id":"https:\/\/www.manabi.gob.ec\/#website","url":"https:\/\/www.manabi.gob.ec\/","name":"Prefectura de Manab\u00ed","description":"P\u00e1gina web de la prefectura","potentialAction":[{"@type":"SearchAction","target":{"@type":"EntryPoint","urlTemplate":"https:\/\/www.manabi.gob.ec\/?s={search_term_string}"},"query-input":{"@type":"PropertyValueSpecification","valueRequired":true,"valueName":"search_term_string"}}],"inLanguage":"es"},{"@type":"Person","@id":"https:\/\/www.manabi.gob.ec\/#\/schema\/person\/c4f117989332ad723a6ced5994aa7d7a","name":"Lui Ochoa","image":{"@type":"ImageObject","inLanguage":"es","@id":"https:\/\/secure.gravatar.com\/avatar\/6e8017d0fe69dead8a95864d2eb6e1e1d8bf8e01194ba49cf7b897ff038126ba?s=96&d=mm&r=g","url":"https:\/\/secure.gravatar.com\/avatar\/6e8017d0fe69dead8a95864d2eb6e1e1d8bf8e01194ba49cf7b897ff038126ba?s=96&d=mm&r=g","contentUrl":"https:\/\/secure.gravatar.com\/avatar\/6e8017d0fe69dead8a95864d2eb6e1e1d8bf8e01194ba49cf7b897ff038126ba?s=96&d=mm&r=g","caption":"Lui Ochoa"},"url":"https:\/\/www.manabi.gob.ec\/index.php\/author\/lochoa\/"}]}},"jetpack_featured_media_url":"https:\/\/www.manabi.gob.ec\/wp-content\/uploads\/2022\/08\/WhatsApp-Image-2022-08-18-at-11.30.40-AM.jpeg","_links":{"self":[{"href":"https:\/\/www.manabi.gob.ec\/index.php\/wp-json\/wp\/v2\/posts\/21927","targetHints":{"allow":["GET"]}}],"collection":[{"href":"https:\/\/www.manabi.gob.ec\/index.php\/wp-json\/wp\/v2\/posts"}],"about":[{"href":"https:\/\/www.manabi.gob.ec\/index.php\/wp-json\/wp\/v2\/types\/post"}],"author":[{"embeddable":true,"href":"https:\/\/www.manabi.gob.ec\/index.php\/wp-json\/wp\/v2\/users\/10"}],"replies":[{"embeddable":true,"href":"https:\/\/www.manabi.gob.ec\/index.php\/wp-json\/wp\/v2\/comments?post=21927"}],"version-history":[{"count":0,"href":"https:\/\/www.manabi.gob.ec\/index.php\/wp-json\/wp\/v2\/posts\/21927\/revisions"}],"wp:featuredmedia":[{"embeddable":true,"href":"https:\/\/www.manabi.gob.ec\/index.php\/wp-json\/wp\/v2\/media\/21928"}],"wp:attachment":[{"href":"https:\/\/www.manabi.gob.ec\/index.php\/wp-json\/wp\/v2\/media?parent=21927"}],"wp:term":[{"taxonomy":"category","embeddable":true,"href":"https:\/\/www.manabi.gob.ec\/index.php\/wp-json\/wp\/v2\/categories?post=21927"},{"taxonomy":"post_tag","embeddable":true,"href":"https:\/\/www.manabi.gob.ec\/index.php\/wp-json\/wp\/v2\/tags?post=21927"}],"curies":[{"name":"wp","href":"https:\/\/api.w.org\/{rel}","templated":true}]}}