{"id":21930,"date":"2022-08-22T15:57:33","date_gmt":"2022-08-22T15:57:33","guid":{"rendered":"https:\/\/www.manabi.gob.ec\/?p=21930"},"modified":"2022-08-22T15:57:37","modified_gmt":"2022-08-22T15:57:37","slug":"nueva-alianza-por-la-salud-visual","status":"publish","type":"post","link":"https:\/\/www.manabi.gob.ec\/index.php\/nueva-alianza-por-la-salud-visual\/","title":{"rendered":"\u00a1NUEVA ALIANZA POR LA SALUD VISUAL!"},"content":{"rendered":"\n<p>La Prefectura y la Fundaci\u00f3n Dr. Oswaldo Loor trabajar\u00e1n en la prevenci\u00f3n de la discapacidad visual de m\u00e1s de 5 mil estudiantes<\/p>\n\n\n\n<p><br>Este d\u00eda, el prefecto de Manab\u00ed, Leonardo Orlando, particip\u00f3 en la socializaci\u00f3n del proyecto programa escolar presentado por la fundaci\u00f3n Dr. Oswaldo Loor.<\/p>\n\n\n\n<p><br>Esta propuesta tiene como objetivo la prevenci\u00f3n de la discapacidad visual mediante la detecci\u00f3n temprana, correcci\u00f3n de errores de refracci\u00f3n que causan ambliop\u00eda y atenci\u00f3n oftalmol\u00f3gica especializada de otros problemas oculares, en los escolares de primero a d\u00e9cimo a\u00f1o b\u00e1sico de las parroquias urbanas y rurales de la provincia de Manab\u00ed.<br>Posterior se firmar\u00e1 un convenio entre el Gobierno Provincial de Manab\u00ed y la Fundaci\u00f3n Dr. Oswaldo Loor, con el que se buscar\u00e1 llegar a 5.6250 estudiantes, de las zonas urbanas y rurales en la provincia.<\/p>\n\n\n\n<p><br>\u201cTrabajar por la salud visual es importante, queremos cambiar completamente la calidad de vida de las personas con problemas visuales, debemos tener mayor conciencia de que estas patolog\u00edas tratadas a tiempo se pueden corregir\u201d, indic\u00f3 el prefecto de Manab\u00ed.<\/p>\n","protected":false},"excerpt":{"rendered":"<p>La Prefectura y la Fundaci\u00f3n Dr. Oswaldo Loor trabajar\u00e1n en la prevenci\u00f3n de la discapacidad visual de m\u00e1s de 5 mil estudiantes Este d\u00eda, el prefecto de Manab\u00ed, Leonardo Orlando, particip\u00f3 en la socializaci\u00f3n del proyecto programa escolar presentado por la fundaci\u00f3n Dr. Oswaldo Loor. Esta propuesta tiene como objetivo la prevenci\u00f3n de la discapacidad [&hellip;]<\/p>\n","protected":false},"author":10,"featured_media":21931,"comment_status":"closed","ping_status":"closed","sticky":false,"template":"","format":"standard","meta":{"_joinchat":[],"footnotes":""},"categories":[142,92,72,91],"tags":[],"class_list":["post-21930","post","type-post","status-publish","format-standard","has-post-thumbnail","hentry","category-desarrollo-social","category-noticias-manabi","category-salud","category-todas"],"yoast_head":"<!-- This site is optimized with the Yoast SEO plugin v27.4 - https:\/\/yoast.com\/product\/yoast-seo-wordpress\/ -->\n<title>\u00a1NUEVA ALIANZA POR LA SALUD VISUAL! - Prefectura de Manab\u00ed<\/title>\n<meta name=\"robots\" content=\"index, follow, max-snippet:-1, max-image-preview:large, max-video-preview:-1\" \/>\n<link rel=\"canonical\" href=\"https:\/\/www.manabi.gob.ec\/index.php\/nueva-alianza-por-la-salud-visual\/\" \/>\n<meta property=\"og:locale\" content=\"es_ES\" \/>\n<meta property=\"og:type\" content=\"article\" \/>\n<meta property=\"og:title\" content=\"\u00a1NUEVA ALIANZA POR LA SALUD VISUAL! - Prefectura de Manab\u00ed\" \/>\n<meta property=\"og:description\" content=\"La Prefectura y la Fundaci\u00f3n Dr. Oswaldo Loor trabajar\u00e1n en la prevenci\u00f3n de la discapacidad visual de m\u00e1s de 5 mil estudiantes Este d\u00eda, el prefecto de Manab\u00ed, Leonardo Orlando, particip\u00f3 en la socializaci\u00f3n del proyecto programa escolar presentado por la fundaci\u00f3n Dr. Oswaldo Loor. Esta propuesta tiene como objetivo la prevenci\u00f3n de la discapacidad [&hellip;]\" \/>\n<meta property=\"og:url\" content=\"https:\/\/www.manabi.gob.ec\/index.php\/nueva-alianza-por-la-salud-visual\/\" \/>\n<meta property=\"og:site_name\" content=\"Prefectura de Manab\u00ed\" \/>\n<meta property=\"article:published_time\" content=\"2022-08-22T15:57:33+00:00\" \/>\n<meta property=\"article:modified_time\" content=\"2022-08-22T15:57:37+00:00\" \/>\n<meta property=\"og:image\" content=\"https:\/\/www.manabi.gob.ec\/wp-content\/uploads\/2022\/08\/WhatsApp-Image-2022-08-18-at-3.55.36-PM.jpeg\" \/>\n\t<meta property=\"og:image:width\" content=\"1296\" \/>\n\t<meta property=\"og:image:height\" content=\"864\" \/>\n\t<meta property=\"og:image:type\" content=\"image\/jpeg\" \/>\n<meta name=\"author\" content=\"Lui Ochoa\" \/>\n<meta name=\"twitter:card\" content=\"summary_large_image\" \/>\n<meta name=\"twitter:label1\" content=\"Escrito por\" \/>\n\t<meta name=\"twitter:data1\" content=\"Lui Ochoa\" \/>\n\t<meta name=\"twitter:label2\" content=\"Tiempo de lectura\" \/>\n\t<meta name=\"twitter:data2\" content=\"1 minuto\" \/>\n<script type=\"application\/ld+json\" class=\"yoast-schema-graph\">{\"@context\":\"https:\\\/\\\/schema.org\",\"@graph\":[{\"@type\":\"Article\",\"@id\":\"https:\\\/\\\/www.manabi.gob.ec\\\/index.php\\\/nueva-alianza-por-la-salud-visual\\\/#article\",\"isPartOf\":{\"@id\":\"https:\\\/\\\/www.manabi.gob.ec\\\/index.php\\\/nueva-alianza-por-la-salud-visual\\\/\"},\"author\":{\"name\":\"Lui Ochoa\",\"@id\":\"https:\\\/\\\/www.manabi.gob.ec\\\/#\\\/schema\\\/person\\\/c4f117989332ad723a6ced5994aa7d7a\"},\"headline\":\"\u00a1NUEVA ALIANZA POR LA SALUD VISUAL!\",\"datePublished\":\"2022-08-22T15:57:33+00:00\",\"dateModified\":\"2022-08-22T15:57:37+00:00\",\"mainEntityOfPage\":{\"@id\":\"https:\\\/\\\/www.manabi.gob.ec\\\/index.php\\\/nueva-alianza-por-la-salud-visual\\\/\"},\"wordCount\":193,\"image\":{\"@id\":\"https:\\\/\\\/www.manabi.gob.ec\\\/index.php\\\/nueva-alianza-por-la-salud-visual\\\/#primaryimage\"},\"thumbnailUrl\":\"https:\\\/\\\/www.manabi.gob.ec\\\/wp-content\\\/uploads\\\/2022\\\/08\\\/WhatsApp-Image-2022-08-18-at-3.55.36-PM.jpeg\",\"articleSection\":[\"Desarrollo Social\",\"Noticias\",\"salud\",\"Todas\"],\"inLanguage\":\"es\"},{\"@type\":\"WebPage\",\"@id\":\"https:\\\/\\\/www.manabi.gob.ec\\\/index.php\\\/nueva-alianza-por-la-salud-visual\\\/\",\"url\":\"https:\\\/\\\/www.manabi.gob.ec\\\/index.php\\\/nueva-alianza-por-la-salud-visual\\\/\",\"name\":\"\u00a1NUEVA ALIANZA POR LA SALUD VISUAL! - Prefectura de Manab\u00ed\",\"isPartOf\":{\"@id\":\"https:\\\/\\\/www.manabi.gob.ec\\\/#website\"},\"primaryImageOfPage\":{\"@id\":\"https:\\\/\\\/www.manabi.gob.ec\\\/index.php\\\/nueva-alianza-por-la-salud-visual\\\/#primaryimage\"},\"image\":{\"@id\":\"https:\\\/\\\/www.manabi.gob.ec\\\/index.php\\\/nueva-alianza-por-la-salud-visual\\\/#primaryimage\"},\"thumbnailUrl\":\"https:\\\/\\\/www.manabi.gob.ec\\\/wp-content\\\/uploads\\\/2022\\\/08\\\/WhatsApp-Image-2022-08-18-at-3.55.36-PM.jpeg\",\"datePublished\":\"2022-08-22T15:57:33+00:00\",\"dateModified\":\"2022-08-22T15:57:37+00:00\",\"author\":{\"@id\":\"https:\\\/\\\/www.manabi.gob.ec\\\/#\\\/schema\\\/person\\\/c4f117989332ad723a6ced5994aa7d7a\"},\"breadcrumb\":{\"@id\":\"https:\\\/\\\/www.manabi.gob.ec\\\/index.php\\\/nueva-alianza-por-la-salud-visual\\\/#breadcrumb\"},\"inLanguage\":\"es\",\"potentialAction\":[{\"@type\":\"ReadAction\",\"target\":[\"https:\\\/\\\/www.manabi.gob.ec\\\/index.php\\\/nueva-alianza-por-la-salud-visual\\\/\"]}]},{\"@type\":\"ImageObject\",\"inLanguage\":\"es\",\"@id\":\"https:\\\/\\\/www.manabi.gob.ec\\\/index.php\\\/nueva-alianza-por-la-salud-visual\\\/#primaryimage\",\"url\":\"https:\\\/\\\/www.manabi.gob.ec\\\/wp-content\\\/uploads\\\/2022\\\/08\\\/WhatsApp-Image-2022-08-18-at-3.55.36-PM.jpeg\",\"contentUrl\":\"https:\\\/\\\/www.manabi.gob.ec\\\/wp-content\\\/uploads\\\/2022\\\/08\\\/WhatsApp-Image-2022-08-18-at-3.55.36-PM.jpeg\",\"width\":1296,\"height\":864},{\"@type\":\"BreadcrumbList\",\"@id\":\"https:\\\/\\\/www.manabi.gob.ec\\\/index.php\\\/nueva-alianza-por-la-salud-visual\\\/#breadcrumb\",\"itemListElement\":[{\"@type\":\"ListItem\",\"position\":1,\"name\":\"Portada\",\"item\":\"https:\\\/\\\/www.manabi.gob.ec\\\/\"},{\"@type\":\"ListItem\",\"position\":2,\"name\":\"\u00a1NUEVA ALIANZA POR LA SALUD VISUAL!\"}]},{\"@type\":\"WebSite\",\"@id\":\"https:\\\/\\\/www.manabi.gob.ec\\\/#website\",\"url\":\"https:\\\/\\\/www.manabi.gob.ec\\\/\",\"name\":\"Prefectura de Manab\u00ed\",\"description\":\"P\u00e1gina web de la prefectura\",\"potentialAction\":[{\"@type\":\"SearchAction\",\"target\":{\"@type\":\"EntryPoint\",\"urlTemplate\":\"https:\\\/\\\/www.manabi.gob.ec\\\/?s={search_term_string}\"},\"query-input\":{\"@type\":\"PropertyValueSpecification\",\"valueRequired\":true,\"valueName\":\"search_term_string\"}}],\"inLanguage\":\"es\"},{\"@type\":\"Person\",\"@id\":\"https:\\\/\\\/www.manabi.gob.ec\\\/#\\\/schema\\\/person\\\/c4f117989332ad723a6ced5994aa7d7a\",\"name\":\"Lui Ochoa\",\"image\":{\"@type\":\"ImageObject\",\"inLanguage\":\"es\",\"@id\":\"https:\\\/\\\/secure.gravatar.com\\\/avatar\\\/6e8017d0fe69dead8a95864d2eb6e1e1d8bf8e01194ba49cf7b897ff038126ba?s=96&d=mm&r=g\",\"url\":\"https:\\\/\\\/secure.gravatar.com\\\/avatar\\\/6e8017d0fe69dead8a95864d2eb6e1e1d8bf8e01194ba49cf7b897ff038126ba?s=96&d=mm&r=g\",\"contentUrl\":\"https:\\\/\\\/secure.gravatar.com\\\/avatar\\\/6e8017d0fe69dead8a95864d2eb6e1e1d8bf8e01194ba49cf7b897ff038126ba?s=96&d=mm&r=g\",\"caption\":\"Lui Ochoa\"},\"url\":\"https:\\\/\\\/www.manabi.gob.ec\\\/index.php\\\/author\\\/lochoa\\\/\"}]}<\/script>\n<!-- \/ Yoast SEO plugin. -->","yoast_head_json":{"title":"\u00a1NUEVA ALIANZA POR LA SALUD VISUAL! - Prefectura de Manab\u00ed","robots":{"index":"index","follow":"follow","max-snippet":"max-snippet:-1","max-image-preview":"max-image-preview:large","max-video-preview":"max-video-preview:-1"},"canonical":"https:\/\/www.manabi.gob.ec\/index.php\/nueva-alianza-por-la-salud-visual\/","og_locale":"es_ES","og_type":"article","og_title":"\u00a1NUEVA ALIANZA POR LA SALUD VISUAL! - Prefectura de Manab\u00ed","og_description":"La Prefectura y la Fundaci\u00f3n Dr. Oswaldo Loor trabajar\u00e1n en la prevenci\u00f3n de la discapacidad visual de m\u00e1s de 5 mil estudiantes Este d\u00eda, el prefecto de Manab\u00ed, Leonardo Orlando, particip\u00f3 en la socializaci\u00f3n del proyecto programa escolar presentado por la fundaci\u00f3n Dr. Oswaldo Loor. Esta propuesta tiene como objetivo la prevenci\u00f3n de la discapacidad [&hellip;]","og_url":"https:\/\/www.manabi.gob.ec\/index.php\/nueva-alianza-por-la-salud-visual\/","og_site_name":"Prefectura de Manab\u00ed","article_published_time":"2022-08-22T15:57:33+00:00","article_modified_time":"2022-08-22T15:57:37+00:00","og_image":[{"width":1296,"height":864,"url":"https:\/\/www.manabi.gob.ec\/wp-content\/uploads\/2022\/08\/WhatsApp-Image-2022-08-18-at-3.55.36-PM.jpeg","type":"image\/jpeg"}],"author":"Lui Ochoa","twitter_card":"summary_large_image","twitter_misc":{"Escrito por":"Lui Ochoa","Tiempo de lectura":"1 minuto"},"schema":{"@context":"https:\/\/schema.org","@graph":[{"@type":"Article","@id":"https:\/\/www.manabi.gob.ec\/index.php\/nueva-alianza-por-la-salud-visual\/#article","isPartOf":{"@id":"https:\/\/www.manabi.gob.ec\/index.php\/nueva-alianza-por-la-salud-visual\/"},"author":{"name":"Lui Ochoa","@id":"https:\/\/www.manabi.gob.ec\/#\/schema\/person\/c4f117989332ad723a6ced5994aa7d7a"},"headline":"\u00a1NUEVA ALIANZA POR LA SALUD VISUAL!","datePublished":"2022-08-22T15:57:33+00:00","dateModified":"2022-08-22T15:57:37+00:00","mainEntityOfPage":{"@id":"https:\/\/www.manabi.gob.ec\/index.php\/nueva-alianza-por-la-salud-visual\/"},"wordCount":193,"image":{"@id":"https:\/\/www.manabi.gob.ec\/index.php\/nueva-alianza-por-la-salud-visual\/#primaryimage"},"thumbnailUrl":"https:\/\/www.manabi.gob.ec\/wp-content\/uploads\/2022\/08\/WhatsApp-Image-2022-08-18-at-3.55.36-PM.jpeg","articleSection":["Desarrollo Social","Noticias","salud","Todas"],"inLanguage":"es"},{"@type":"WebPage","@id":"https:\/\/www.manabi.gob.ec\/index.php\/nueva-alianza-por-la-salud-visual\/","url":"https:\/\/www.manabi.gob.ec\/index.php\/nueva-alianza-por-la-salud-visual\/","name":"\u00a1NUEVA ALIANZA POR LA SALUD VISUAL! - Prefectura de Manab\u00ed","isPartOf":{"@id":"https:\/\/www.manabi.gob.ec\/#website"},"primaryImageOfPage":{"@id":"https:\/\/www.manabi.gob.ec\/index.php\/nueva-alianza-por-la-salud-visual\/#primaryimage"},"image":{"@id":"https:\/\/www.manabi.gob.ec\/index.php\/nueva-alianza-por-la-salud-visual\/#primaryimage"},"thumbnailUrl":"https:\/\/www.manabi.gob.ec\/wp-content\/uploads\/2022\/08\/WhatsApp-Image-2022-08-18-at-3.55.36-PM.jpeg","datePublished":"2022-08-22T15:57:33+00:00","dateModified":"2022-08-22T15:57:37+00:00","author":{"@id":"https:\/\/www.manabi.gob.ec\/#\/schema\/person\/c4f117989332ad723a6ced5994aa7d7a"},"breadcrumb":{"@id":"https:\/\/www.manabi.gob.ec\/index.php\/nueva-alianza-por-la-salud-visual\/#breadcrumb"},"inLanguage":"es","potentialAction":[{"@type":"ReadAction","target":["https:\/\/www.manabi.gob.ec\/index.php\/nueva-alianza-por-la-salud-visual\/"]}]},{"@type":"ImageObject","inLanguage":"es","@id":"https:\/\/www.manabi.gob.ec\/index.php\/nueva-alianza-por-la-salud-visual\/#primaryimage","url":"https:\/\/www.manabi.gob.ec\/wp-content\/uploads\/2022\/08\/WhatsApp-Image-2022-08-18-at-3.55.36-PM.jpeg","contentUrl":"https:\/\/www.manabi.gob.ec\/wp-content\/uploads\/2022\/08\/WhatsApp-Image-2022-08-18-at-3.55.36-PM.jpeg","width":1296,"height":864},{"@type":"BreadcrumbList","@id":"https:\/\/www.manabi.gob.ec\/index.php\/nueva-alianza-por-la-salud-visual\/#breadcrumb","itemListElement":[{"@type":"ListItem","position":1,"name":"Portada","item":"https:\/\/www.manabi.gob.ec\/"},{"@type":"ListItem","position":2,"name":"\u00a1NUEVA ALIANZA POR LA SALUD VISUAL!"}]},{"@type":"WebSite","@id":"https:\/\/www.manabi.gob.ec\/#website","url":"https:\/\/www.manabi.gob.ec\/","name":"Prefectura de Manab\u00ed","description":"P\u00e1gina web de la prefectura","potentialAction":[{"@type":"SearchAction","target":{"@type":"EntryPoint","urlTemplate":"https:\/\/www.manabi.gob.ec\/?s={search_term_string}"},"query-input":{"@type":"PropertyValueSpecification","valueRequired":true,"valueName":"search_term_string"}}],"inLanguage":"es"},{"@type":"Person","@id":"https:\/\/www.manabi.gob.ec\/#\/schema\/person\/c4f117989332ad723a6ced5994aa7d7a","name":"Lui Ochoa","image":{"@type":"ImageObject","inLanguage":"es","@id":"https:\/\/secure.gravatar.com\/avatar\/6e8017d0fe69dead8a95864d2eb6e1e1d8bf8e01194ba49cf7b897ff038126ba?s=96&d=mm&r=g","url":"https:\/\/secure.gravatar.com\/avatar\/6e8017d0fe69dead8a95864d2eb6e1e1d8bf8e01194ba49cf7b897ff038126ba?s=96&d=mm&r=g","contentUrl":"https:\/\/secure.gravatar.com\/avatar\/6e8017d0fe69dead8a95864d2eb6e1e1d8bf8e01194ba49cf7b897ff038126ba?s=96&d=mm&r=g","caption":"Lui Ochoa"},"url":"https:\/\/www.manabi.gob.ec\/index.php\/author\/lochoa\/"}]}},"jetpack_featured_media_url":"https:\/\/www.manabi.gob.ec\/wp-content\/uploads\/2022\/08\/WhatsApp-Image-2022-08-18-at-3.55.36-PM.jpeg","_links":{"self":[{"href":"https:\/\/www.manabi.gob.ec\/index.php\/wp-json\/wp\/v2\/posts\/21930","targetHints":{"allow":["GET"]}}],"collection":[{"href":"https:\/\/www.manabi.gob.ec\/index.php\/wp-json\/wp\/v2\/posts"}],"about":[{"href":"https:\/\/www.manabi.gob.ec\/index.php\/wp-json\/wp\/v2\/types\/post"}],"author":[{"embeddable":true,"href":"https:\/\/www.manabi.gob.ec\/index.php\/wp-json\/wp\/v2\/users\/10"}],"replies":[{"embeddable":true,"href":"https:\/\/www.manabi.gob.ec\/index.php\/wp-json\/wp\/v2\/comments?post=21930"}],"version-history":[{"count":0,"href":"https:\/\/www.manabi.gob.ec\/index.php\/wp-json\/wp\/v2\/posts\/21930\/revisions"}],"wp:featuredmedia":[{"embeddable":true,"href":"https:\/\/www.manabi.gob.ec\/index.php\/wp-json\/wp\/v2\/media\/21931"}],"wp:attachment":[{"href":"https:\/\/www.manabi.gob.ec\/index.php\/wp-json\/wp\/v2\/media?parent=21930"}],"wp:term":[{"taxonomy":"category","embeddable":true,"href":"https:\/\/www.manabi.gob.ec\/index.php\/wp-json\/wp\/v2\/categories?post=21930"},{"taxonomy":"post_tag","embeddable":true,"href":"https:\/\/www.manabi.gob.ec\/index.php\/wp-json\/wp\/v2\/tags?post=21930"}],"curies":[{"name":"wp","href":"https:\/\/api.w.org\/{rel}","templated":true}]}}