{"id":21936,"date":"2022-08-22T16:01:28","date_gmt":"2022-08-22T16:01:28","guid":{"rendered":"https:\/\/www.manabi.gob.ec\/?p=21936"},"modified":"2022-08-22T16:01:33","modified_gmt":"2022-08-22T16:01:33","slug":"cuatro-carriles-de-integracion","status":"publish","type":"post","link":"https:\/\/www.manabi.gob.ec\/index.php\/cuatro-carriles-de-integracion\/","title":{"rendered":"\u00a1CUATRO CARRILES DE INTEGRACI\u00d3N!"},"content":{"rendered":"\n<p>El mi\u00e9rcoles 17 de agosto el prefecto de Manab\u00ed, Leonardo Orlando, acompa\u00f1ado de su equipo de t\u00e9cnicos, supervis\u00f3 los trabajos de reconstrucci\u00f3n y ampliaci\u00f3n a 4 carriles de la v\u00eda de integraci\u00f3n Manta &#8211; Jaramij\u00f3, la cual presenta un avance de obra de 41%.<\/p>\n\n\n\n<p>Esta obra de aproximadamente 5 kil\u00f3metros de longitud, con carpeta asf\u00e1ltica, se ejecuta por medio de un convenio entre la prefectura de Manab\u00ed y el GAD de Jaramij\u00f3, con una inversi\u00f3n de m\u00e1s de dos millones de d\u00f3lares.<br>\u201cEsta obra beneficia a todos los habitantes de Jaramij\u00f3, fomenta los emprendimientos, el turismo y reactiva la econom\u00eda, ya que es una v\u00eda de integraci\u00f3n con el cant\u00f3n Manta\u201d, dijo el Prefecto, quien destac\u00f3 que los veh\u00edculos ya no tendr\u00e1n mayor deterioro al momento de transitar por la v\u00eda.<\/p>\n","protected":false},"excerpt":{"rendered":"<p>El mi\u00e9rcoles 17 de agosto el prefecto de Manab\u00ed, Leonardo Orlando, acompa\u00f1ado de su equipo de t\u00e9cnicos, supervis\u00f3 los trabajos de reconstrucci\u00f3n y ampliaci\u00f3n a 4 carriles de la v\u00eda de integraci\u00f3n Manta &#8211; Jaramij\u00f3, la cual presenta un avance de obra de 41%. Esta obra de aproximadamente 5 kil\u00f3metros de longitud, con carpeta asf\u00e1ltica, [&hellip;]<\/p>\n","protected":false},"author":10,"featured_media":21937,"comment_status":"closed","ping_status":"closed","sticky":false,"template":"","format":"standard","meta":{"_joinchat":[],"footnotes":""},"categories":[142,211,170,156,92,181,91],"tags":[],"class_list":["post-21936","post","type-post","status-publish","format-standard","has-post-thumbnail","hentry","category-desarrollo-social","category-jaramijo","category-manabi-vial","category-manta","category-noticias-manabi","category-obra-publica","category-todas"],"yoast_head":"<!-- This site is optimized with the Yoast SEO plugin v27.4 - https:\/\/yoast.com\/product\/yoast-seo-wordpress\/ -->\n<title>\u00a1CUATRO CARRILES DE INTEGRACI\u00d3N! - Prefectura de Manab\u00ed<\/title>\n<meta name=\"robots\" content=\"index, follow, max-snippet:-1, max-image-preview:large, max-video-preview:-1\" \/>\n<link rel=\"canonical\" href=\"https:\/\/www.manabi.gob.ec\/index.php\/cuatro-carriles-de-integracion\/\" \/>\n<meta property=\"og:locale\" content=\"es_ES\" \/>\n<meta property=\"og:type\" content=\"article\" \/>\n<meta property=\"og:title\" content=\"\u00a1CUATRO CARRILES DE INTEGRACI\u00d3N! - Prefectura de Manab\u00ed\" \/>\n<meta property=\"og:description\" content=\"El mi\u00e9rcoles 17 de agosto el prefecto de Manab\u00ed, Leonardo Orlando, acompa\u00f1ado de su equipo de t\u00e9cnicos, supervis\u00f3 los trabajos de reconstrucci\u00f3n y ampliaci\u00f3n a 4 carriles de la v\u00eda de integraci\u00f3n Manta &#8211; Jaramij\u00f3, la cual presenta un avance de obra de 41%. Esta obra de aproximadamente 5 kil\u00f3metros de longitud, con carpeta asf\u00e1ltica, [&hellip;]\" \/>\n<meta property=\"og:url\" content=\"https:\/\/www.manabi.gob.ec\/index.php\/cuatro-carriles-de-integracion\/\" \/>\n<meta property=\"og:site_name\" content=\"Prefectura de Manab\u00ed\" \/>\n<meta property=\"article:published_time\" content=\"2022-08-22T16:01:28+00:00\" \/>\n<meta property=\"article:modified_time\" content=\"2022-08-22T16:01:33+00:00\" \/>\n<meta property=\"og:image\" content=\"https:\/\/www.manabi.gob.ec\/wp-content\/uploads\/2022\/08\/WhatsApp-Image-2022-08-18-at-4.37.57-PM.jpeg\" \/>\n\t<meta property=\"og:image:width\" content=\"1280\" \/>\n\t<meta property=\"og:image:height\" content=\"855\" \/>\n\t<meta property=\"og:image:type\" content=\"image\/jpeg\" \/>\n<meta name=\"author\" content=\"Lui Ochoa\" \/>\n<meta name=\"twitter:card\" content=\"summary_large_image\" \/>\n<meta name=\"twitter:label1\" content=\"Escrito por\" \/>\n\t<meta name=\"twitter:data1\" content=\"Lui Ochoa\" \/>\n\t<meta name=\"twitter:label2\" content=\"Tiempo de lectura\" \/>\n\t<meta name=\"twitter:data2\" content=\"1 minuto\" \/>\n<script type=\"application\/ld+json\" class=\"yoast-schema-graph\">{\"@context\":\"https:\\\/\\\/schema.org\",\"@graph\":[{\"@type\":\"Article\",\"@id\":\"https:\\\/\\\/www.manabi.gob.ec\\\/index.php\\\/cuatro-carriles-de-integracion\\\/#article\",\"isPartOf\":{\"@id\":\"https:\\\/\\\/www.manabi.gob.ec\\\/index.php\\\/cuatro-carriles-de-integracion\\\/\"},\"author\":{\"name\":\"Lui Ochoa\",\"@id\":\"https:\\\/\\\/www.manabi.gob.ec\\\/#\\\/schema\\\/person\\\/c4f117989332ad723a6ced5994aa7d7a\"},\"headline\":\"\u00a1CUATRO CARRILES DE INTEGRACI\u00d3N!\",\"datePublished\":\"2022-08-22T16:01:28+00:00\",\"dateModified\":\"2022-08-22T16:01:33+00:00\",\"mainEntityOfPage\":{\"@id\":\"https:\\\/\\\/www.manabi.gob.ec\\\/index.php\\\/cuatro-carriles-de-integracion\\\/\"},\"wordCount\":151,\"image\":{\"@id\":\"https:\\\/\\\/www.manabi.gob.ec\\\/index.php\\\/cuatro-carriles-de-integracion\\\/#primaryimage\"},\"thumbnailUrl\":\"https:\\\/\\\/www.manabi.gob.ec\\\/wp-content\\\/uploads\\\/2022\\\/08\\\/WhatsApp-Image-2022-08-18-at-4.37.57-PM.jpeg\",\"articleSection\":[\"Desarrollo Social\",\"Jaramij\u00f3\",\"Manab\u00ed Vial\",\"Manta\",\"Noticias\",\"Obra P\u00fablica\",\"Todas\"],\"inLanguage\":\"es\"},{\"@type\":\"WebPage\",\"@id\":\"https:\\\/\\\/www.manabi.gob.ec\\\/index.php\\\/cuatro-carriles-de-integracion\\\/\",\"url\":\"https:\\\/\\\/www.manabi.gob.ec\\\/index.php\\\/cuatro-carriles-de-integracion\\\/\",\"name\":\"\u00a1CUATRO CARRILES DE INTEGRACI\u00d3N! - Prefectura de Manab\u00ed\",\"isPartOf\":{\"@id\":\"https:\\\/\\\/www.manabi.gob.ec\\\/#website\"},\"primaryImageOfPage\":{\"@id\":\"https:\\\/\\\/www.manabi.gob.ec\\\/index.php\\\/cuatro-carriles-de-integracion\\\/#primaryimage\"},\"image\":{\"@id\":\"https:\\\/\\\/www.manabi.gob.ec\\\/index.php\\\/cuatro-carriles-de-integracion\\\/#primaryimage\"},\"thumbnailUrl\":\"https:\\\/\\\/www.manabi.gob.ec\\\/wp-content\\\/uploads\\\/2022\\\/08\\\/WhatsApp-Image-2022-08-18-at-4.37.57-PM.jpeg\",\"datePublished\":\"2022-08-22T16:01:28+00:00\",\"dateModified\":\"2022-08-22T16:01:33+00:00\",\"author\":{\"@id\":\"https:\\\/\\\/www.manabi.gob.ec\\\/#\\\/schema\\\/person\\\/c4f117989332ad723a6ced5994aa7d7a\"},\"breadcrumb\":{\"@id\":\"https:\\\/\\\/www.manabi.gob.ec\\\/index.php\\\/cuatro-carriles-de-integracion\\\/#breadcrumb\"},\"inLanguage\":\"es\",\"potentialAction\":[{\"@type\":\"ReadAction\",\"target\":[\"https:\\\/\\\/www.manabi.gob.ec\\\/index.php\\\/cuatro-carriles-de-integracion\\\/\"]}]},{\"@type\":\"ImageObject\",\"inLanguage\":\"es\",\"@id\":\"https:\\\/\\\/www.manabi.gob.ec\\\/index.php\\\/cuatro-carriles-de-integracion\\\/#primaryimage\",\"url\":\"https:\\\/\\\/www.manabi.gob.ec\\\/wp-content\\\/uploads\\\/2022\\\/08\\\/WhatsApp-Image-2022-08-18-at-4.37.57-PM.jpeg\",\"contentUrl\":\"https:\\\/\\\/www.manabi.gob.ec\\\/wp-content\\\/uploads\\\/2022\\\/08\\\/WhatsApp-Image-2022-08-18-at-4.37.57-PM.jpeg\",\"width\":1280,\"height\":855},{\"@type\":\"BreadcrumbList\",\"@id\":\"https:\\\/\\\/www.manabi.gob.ec\\\/index.php\\\/cuatro-carriles-de-integracion\\\/#breadcrumb\",\"itemListElement\":[{\"@type\":\"ListItem\",\"position\":1,\"name\":\"Portada\",\"item\":\"https:\\\/\\\/www.manabi.gob.ec\\\/\"},{\"@type\":\"ListItem\",\"position\":2,\"name\":\"\u00a1CUATRO CARRILES DE INTEGRACI\u00d3N!\"}]},{\"@type\":\"WebSite\",\"@id\":\"https:\\\/\\\/www.manabi.gob.ec\\\/#website\",\"url\":\"https:\\\/\\\/www.manabi.gob.ec\\\/\",\"name\":\"Prefectura de Manab\u00ed\",\"description\":\"P\u00e1gina web de la prefectura\",\"potentialAction\":[{\"@type\":\"SearchAction\",\"target\":{\"@type\":\"EntryPoint\",\"urlTemplate\":\"https:\\\/\\\/www.manabi.gob.ec\\\/?s={search_term_string}\"},\"query-input\":{\"@type\":\"PropertyValueSpecification\",\"valueRequired\":true,\"valueName\":\"search_term_string\"}}],\"inLanguage\":\"es\"},{\"@type\":\"Person\",\"@id\":\"https:\\\/\\\/www.manabi.gob.ec\\\/#\\\/schema\\\/person\\\/c4f117989332ad723a6ced5994aa7d7a\",\"name\":\"Lui Ochoa\",\"image\":{\"@type\":\"ImageObject\",\"inLanguage\":\"es\",\"@id\":\"https:\\\/\\\/secure.gravatar.com\\\/avatar\\\/6e8017d0fe69dead8a95864d2eb6e1e1d8bf8e01194ba49cf7b897ff038126ba?s=96&d=mm&r=g\",\"url\":\"https:\\\/\\\/secure.gravatar.com\\\/avatar\\\/6e8017d0fe69dead8a95864d2eb6e1e1d8bf8e01194ba49cf7b897ff038126ba?s=96&d=mm&r=g\",\"contentUrl\":\"https:\\\/\\\/secure.gravatar.com\\\/avatar\\\/6e8017d0fe69dead8a95864d2eb6e1e1d8bf8e01194ba49cf7b897ff038126ba?s=96&d=mm&r=g\",\"caption\":\"Lui Ochoa\"},\"url\":\"https:\\\/\\\/www.manabi.gob.ec\\\/index.php\\\/author\\\/lochoa\\\/\"}]}<\/script>\n<!-- \/ Yoast SEO plugin. -->","yoast_head_json":{"title":"\u00a1CUATRO CARRILES DE INTEGRACI\u00d3N! - Prefectura de Manab\u00ed","robots":{"index":"index","follow":"follow","max-snippet":"max-snippet:-1","max-image-preview":"max-image-preview:large","max-video-preview":"max-video-preview:-1"},"canonical":"https:\/\/www.manabi.gob.ec\/index.php\/cuatro-carriles-de-integracion\/","og_locale":"es_ES","og_type":"article","og_title":"\u00a1CUATRO CARRILES DE INTEGRACI\u00d3N! - Prefectura de Manab\u00ed","og_description":"El mi\u00e9rcoles 17 de agosto el prefecto de Manab\u00ed, Leonardo Orlando, acompa\u00f1ado de su equipo de t\u00e9cnicos, supervis\u00f3 los trabajos de reconstrucci\u00f3n y ampliaci\u00f3n a 4 carriles de la v\u00eda de integraci\u00f3n Manta &#8211; Jaramij\u00f3, la cual presenta un avance de obra de 41%. Esta obra de aproximadamente 5 kil\u00f3metros de longitud, con carpeta asf\u00e1ltica, [&hellip;]","og_url":"https:\/\/www.manabi.gob.ec\/index.php\/cuatro-carriles-de-integracion\/","og_site_name":"Prefectura de Manab\u00ed","article_published_time":"2022-08-22T16:01:28+00:00","article_modified_time":"2022-08-22T16:01:33+00:00","og_image":[{"width":1280,"height":855,"url":"https:\/\/www.manabi.gob.ec\/wp-content\/uploads\/2022\/08\/WhatsApp-Image-2022-08-18-at-4.37.57-PM.jpeg","type":"image\/jpeg"}],"author":"Lui Ochoa","twitter_card":"summary_large_image","twitter_misc":{"Escrito por":"Lui Ochoa","Tiempo de lectura":"1 minuto"},"schema":{"@context":"https:\/\/schema.org","@graph":[{"@type":"Article","@id":"https:\/\/www.manabi.gob.ec\/index.php\/cuatro-carriles-de-integracion\/#article","isPartOf":{"@id":"https:\/\/www.manabi.gob.ec\/index.php\/cuatro-carriles-de-integracion\/"},"author":{"name":"Lui Ochoa","@id":"https:\/\/www.manabi.gob.ec\/#\/schema\/person\/c4f117989332ad723a6ced5994aa7d7a"},"headline":"\u00a1CUATRO CARRILES DE INTEGRACI\u00d3N!","datePublished":"2022-08-22T16:01:28+00:00","dateModified":"2022-08-22T16:01:33+00:00","mainEntityOfPage":{"@id":"https:\/\/www.manabi.gob.ec\/index.php\/cuatro-carriles-de-integracion\/"},"wordCount":151,"image":{"@id":"https:\/\/www.manabi.gob.ec\/index.php\/cuatro-carriles-de-integracion\/#primaryimage"},"thumbnailUrl":"https:\/\/www.manabi.gob.ec\/wp-content\/uploads\/2022\/08\/WhatsApp-Image-2022-08-18-at-4.37.57-PM.jpeg","articleSection":["Desarrollo Social","Jaramij\u00f3","Manab\u00ed Vial","Manta","Noticias","Obra P\u00fablica","Todas"],"inLanguage":"es"},{"@type":"WebPage","@id":"https:\/\/www.manabi.gob.ec\/index.php\/cuatro-carriles-de-integracion\/","url":"https:\/\/www.manabi.gob.ec\/index.php\/cuatro-carriles-de-integracion\/","name":"\u00a1CUATRO CARRILES DE INTEGRACI\u00d3N! - Prefectura de Manab\u00ed","isPartOf":{"@id":"https:\/\/www.manabi.gob.ec\/#website"},"primaryImageOfPage":{"@id":"https:\/\/www.manabi.gob.ec\/index.php\/cuatro-carriles-de-integracion\/#primaryimage"},"image":{"@id":"https:\/\/www.manabi.gob.ec\/index.php\/cuatro-carriles-de-integracion\/#primaryimage"},"thumbnailUrl":"https:\/\/www.manabi.gob.ec\/wp-content\/uploads\/2022\/08\/WhatsApp-Image-2022-08-18-at-4.37.57-PM.jpeg","datePublished":"2022-08-22T16:01:28+00:00","dateModified":"2022-08-22T16:01:33+00:00","author":{"@id":"https:\/\/www.manabi.gob.ec\/#\/schema\/person\/c4f117989332ad723a6ced5994aa7d7a"},"breadcrumb":{"@id":"https:\/\/www.manabi.gob.ec\/index.php\/cuatro-carriles-de-integracion\/#breadcrumb"},"inLanguage":"es","potentialAction":[{"@type":"ReadAction","target":["https:\/\/www.manabi.gob.ec\/index.php\/cuatro-carriles-de-integracion\/"]}]},{"@type":"ImageObject","inLanguage":"es","@id":"https:\/\/www.manabi.gob.ec\/index.php\/cuatro-carriles-de-integracion\/#primaryimage","url":"https:\/\/www.manabi.gob.ec\/wp-content\/uploads\/2022\/08\/WhatsApp-Image-2022-08-18-at-4.37.57-PM.jpeg","contentUrl":"https:\/\/www.manabi.gob.ec\/wp-content\/uploads\/2022\/08\/WhatsApp-Image-2022-08-18-at-4.37.57-PM.jpeg","width":1280,"height":855},{"@type":"BreadcrumbList","@id":"https:\/\/www.manabi.gob.ec\/index.php\/cuatro-carriles-de-integracion\/#breadcrumb","itemListElement":[{"@type":"ListItem","position":1,"name":"Portada","item":"https:\/\/www.manabi.gob.ec\/"},{"@type":"ListItem","position":2,"name":"\u00a1CUATRO CARRILES DE INTEGRACI\u00d3N!"}]},{"@type":"WebSite","@id":"https:\/\/www.manabi.gob.ec\/#website","url":"https:\/\/www.manabi.gob.ec\/","name":"Prefectura de Manab\u00ed","description":"P\u00e1gina web de la prefectura","potentialAction":[{"@type":"SearchAction","target":{"@type":"EntryPoint","urlTemplate":"https:\/\/www.manabi.gob.ec\/?s={search_term_string}"},"query-input":{"@type":"PropertyValueSpecification","valueRequired":true,"valueName":"search_term_string"}}],"inLanguage":"es"},{"@type":"Person","@id":"https:\/\/www.manabi.gob.ec\/#\/schema\/person\/c4f117989332ad723a6ced5994aa7d7a","name":"Lui Ochoa","image":{"@type":"ImageObject","inLanguage":"es","@id":"https:\/\/secure.gravatar.com\/avatar\/6e8017d0fe69dead8a95864d2eb6e1e1d8bf8e01194ba49cf7b897ff038126ba?s=96&d=mm&r=g","url":"https:\/\/secure.gravatar.com\/avatar\/6e8017d0fe69dead8a95864d2eb6e1e1d8bf8e01194ba49cf7b897ff038126ba?s=96&d=mm&r=g","contentUrl":"https:\/\/secure.gravatar.com\/avatar\/6e8017d0fe69dead8a95864d2eb6e1e1d8bf8e01194ba49cf7b897ff038126ba?s=96&d=mm&r=g","caption":"Lui Ochoa"},"url":"https:\/\/www.manabi.gob.ec\/index.php\/author\/lochoa\/"}]}},"jetpack_featured_media_url":"https:\/\/www.manabi.gob.ec\/wp-content\/uploads\/2022\/08\/WhatsApp-Image-2022-08-18-at-4.37.57-PM.jpeg","_links":{"self":[{"href":"https:\/\/www.manabi.gob.ec\/index.php\/wp-json\/wp\/v2\/posts\/21936","targetHints":{"allow":["GET"]}}],"collection":[{"href":"https:\/\/www.manabi.gob.ec\/index.php\/wp-json\/wp\/v2\/posts"}],"about":[{"href":"https:\/\/www.manabi.gob.ec\/index.php\/wp-json\/wp\/v2\/types\/post"}],"author":[{"embeddable":true,"href":"https:\/\/www.manabi.gob.ec\/index.php\/wp-json\/wp\/v2\/users\/10"}],"replies":[{"embeddable":true,"href":"https:\/\/www.manabi.gob.ec\/index.php\/wp-json\/wp\/v2\/comments?post=21936"}],"version-history":[{"count":0,"href":"https:\/\/www.manabi.gob.ec\/index.php\/wp-json\/wp\/v2\/posts\/21936\/revisions"}],"wp:featuredmedia":[{"embeddable":true,"href":"https:\/\/www.manabi.gob.ec\/index.php\/wp-json\/wp\/v2\/media\/21937"}],"wp:attachment":[{"href":"https:\/\/www.manabi.gob.ec\/index.php\/wp-json\/wp\/v2\/media?parent=21936"}],"wp:term":[{"taxonomy":"category","embeddable":true,"href":"https:\/\/www.manabi.gob.ec\/index.php\/wp-json\/wp\/v2\/categories?post=21936"},{"taxonomy":"post_tag","embeddable":true,"href":"https:\/\/www.manabi.gob.ec\/index.php\/wp-json\/wp\/v2\/tags?post=21936"}],"curies":[{"name":"wp","href":"https:\/\/api.w.org\/{rel}","templated":true}]}}