{"id":22020,"date":"2022-08-29T14:31:19","date_gmt":"2022-08-29T14:31:19","guid":{"rendered":"https:\/\/www.manabi.gob.ec\/?p=22020"},"modified":"2022-08-29T14:31:24","modified_gmt":"2022-08-29T14:31:24","slug":"se-termino-el-viacrucis","status":"publish","type":"post","link":"https:\/\/www.manabi.gob.ec\/index.php\/se-termino-el-viacrucis\/","title":{"rendered":"\u00a1SE TERMIN\u00d3 EL VIACRUCIS!"},"content":{"rendered":"\n<p>En Colorado de Chone pronto tendr\u00e1n el puente que anhelaban desde hace d\u00e9cadas<\/p>\n\n\n\n<p>\u00abEste puente nos ayudar\u00e1 al cien por ciento, porque el que no pasaba amarrado pasaba a la mala. Este estero es muy peligroso\u00bb, manifest\u00f3 Sa\u00fal Pazmi\u00f1o de la comunidad Danda 2, de la parroquia Boyac\u00e1 del cant\u00f3n Chone.<\/p>\n\n\n\n<p>Pazmi\u00f1o fue una de las personas que lleg\u00f3, con cartel en mano, hasta el sector de Colorado para recibir al prefecto, Leonardo Orlando, quien inspeccion\u00f3 los trabajos de construcci\u00f3n del puente de hormig\u00f3n armado sobre el estero Colorado, que se ejecuta en esta comunidad de la parroquia Ricaurte.<\/p>\n\n\n\n<p>\u00abNosotros priorizamos aquellos puentes y v\u00edas de integraci\u00f3n entre parroquias porque generamos alternativas de conexi\u00f3n, y esta es una de ellas porque conecta a comunidades antes abandonadas de las parroquias Ricaurte y Boyac\u00e1 del cant\u00f3n Chone, y San Isidro del cant\u00f3n San Vicente\u201d, expres\u00f3 el Prefecto.<\/p>\n\n\n\n<p>\u201cEra un viacrucis pasar por este sector, se lo digo yo que tengo 64 a\u00f1os. Esta es una obra que se esperaba desde la \u00e9poca de mis abuelos y bisabuelos\u201d, dijo Crist\u00f3bal V\u00e9lez, de la comunidad La Chamiza.<\/p>\n\n\n\n<p>El puente tiene 16 metros de longitud por 7.2 de ancho; el avance es de 93 por ciento y ser\u00e1 entregado en las pr\u00f3ximas semanas. En esta obra la Prefectura invierte $281.511.<\/p>\n","protected":false},"excerpt":{"rendered":"<p>En Colorado de Chone pronto tendr\u00e1n el puente que anhelaban desde hace d\u00e9cadas \u00abEste puente nos ayudar\u00e1 al cien por ciento, porque el que no pasaba amarrado pasaba a la mala. Este estero es muy peligroso\u00bb, manifest\u00f3 Sa\u00fal Pazmi\u00f1o de la comunidad Danda 2, de la parroquia Boyac\u00e1 del cant\u00f3n Chone. Pazmi\u00f1o fue una de [&hellip;]<\/p>\n","protected":false},"author":10,"featured_media":22021,"comment_status":"closed","ping_status":"closed","sticky":false,"template":"","format":"standard","meta":{"_joinchat":[],"footnotes":""},"categories":[141,92,181,91,81],"tags":[],"class_list":["post-22020","post","type-post","status-publish","format-standard","has-post-thumbnail","hentry","category-chone","category-noticias-manabi","category-obra-publica","category-todas","category-turismo"],"yoast_head":"<!-- This site is optimized with the Yoast SEO plugin v27.4 - https:\/\/yoast.com\/product\/yoast-seo-wordpress\/ -->\n<title>\u00a1SE TERMIN\u00d3 EL VIACRUCIS! - Prefectura de Manab\u00ed<\/title>\n<meta name=\"robots\" content=\"index, follow, max-snippet:-1, max-image-preview:large, max-video-preview:-1\" \/>\n<link rel=\"canonical\" href=\"https:\/\/www.manabi.gob.ec\/index.php\/se-termino-el-viacrucis\/\" \/>\n<meta property=\"og:locale\" content=\"es_ES\" \/>\n<meta property=\"og:type\" content=\"article\" \/>\n<meta property=\"og:title\" content=\"\u00a1SE TERMIN\u00d3 EL VIACRUCIS! - Prefectura de Manab\u00ed\" \/>\n<meta property=\"og:description\" content=\"En Colorado de Chone pronto tendr\u00e1n el puente que anhelaban desde hace d\u00e9cadas \u00abEste puente nos ayudar\u00e1 al cien por ciento, porque el que no pasaba amarrado pasaba a la mala. Este estero es muy peligroso\u00bb, manifest\u00f3 Sa\u00fal Pazmi\u00f1o de la comunidad Danda 2, de la parroquia Boyac\u00e1 del cant\u00f3n Chone. Pazmi\u00f1o fue una de [&hellip;]\" \/>\n<meta property=\"og:url\" content=\"https:\/\/www.manabi.gob.ec\/index.php\/se-termino-el-viacrucis\/\" \/>\n<meta property=\"og:site_name\" content=\"Prefectura de Manab\u00ed\" \/>\n<meta property=\"article:published_time\" content=\"2022-08-29T14:31:19+00:00\" \/>\n<meta property=\"article:modified_time\" content=\"2022-08-29T14:31:24+00:00\" \/>\n<meta property=\"og:image\" content=\"https:\/\/www.manabi.gob.ec\/wp-content\/uploads\/2022\/08\/WhatsApp-Image-2022-08-26-at-9.20.52-PM-1.jpeg\" \/>\n\t<meta property=\"og:image:width\" content=\"1296\" \/>\n\t<meta property=\"og:image:height\" content=\"864\" \/>\n\t<meta property=\"og:image:type\" content=\"image\/jpeg\" \/>\n<meta name=\"author\" content=\"Lui Ochoa\" \/>\n<meta name=\"twitter:card\" content=\"summary_large_image\" \/>\n<meta name=\"twitter:label1\" content=\"Escrito por\" \/>\n\t<meta name=\"twitter:data1\" content=\"Lui Ochoa\" \/>\n\t<meta name=\"twitter:label2\" content=\"Tiempo de lectura\" \/>\n\t<meta name=\"twitter:data2\" content=\"1 minuto\" \/>\n<script type=\"application\/ld+json\" class=\"yoast-schema-graph\">{\"@context\":\"https:\\\/\\\/schema.org\",\"@graph\":[{\"@type\":\"Article\",\"@id\":\"https:\\\/\\\/www.manabi.gob.ec\\\/index.php\\\/se-termino-el-viacrucis\\\/#article\",\"isPartOf\":{\"@id\":\"https:\\\/\\\/www.manabi.gob.ec\\\/index.php\\\/se-termino-el-viacrucis\\\/\"},\"author\":{\"name\":\"Lui Ochoa\",\"@id\":\"https:\\\/\\\/www.manabi.gob.ec\\\/#\\\/schema\\\/person\\\/c4f117989332ad723a6ced5994aa7d7a\"},\"headline\":\"\u00a1SE TERMIN\u00d3 EL VIACRUCIS!\",\"datePublished\":\"2022-08-29T14:31:19+00:00\",\"dateModified\":\"2022-08-29T14:31:24+00:00\",\"mainEntityOfPage\":{\"@id\":\"https:\\\/\\\/www.manabi.gob.ec\\\/index.php\\\/se-termino-el-viacrucis\\\/\"},\"wordCount\":230,\"image\":{\"@id\":\"https:\\\/\\\/www.manabi.gob.ec\\\/index.php\\\/se-termino-el-viacrucis\\\/#primaryimage\"},\"thumbnailUrl\":\"https:\\\/\\\/www.manabi.gob.ec\\\/wp-content\\\/uploads\\\/2022\\\/08\\\/WhatsApp-Image-2022-08-26-at-9.20.52-PM-1.jpeg\",\"articleSection\":[\"Chone\",\"Noticias\",\"Obra P\u00fablica\",\"Todas\",\"Turismo\"],\"inLanguage\":\"es\"},{\"@type\":\"WebPage\",\"@id\":\"https:\\\/\\\/www.manabi.gob.ec\\\/index.php\\\/se-termino-el-viacrucis\\\/\",\"url\":\"https:\\\/\\\/www.manabi.gob.ec\\\/index.php\\\/se-termino-el-viacrucis\\\/\",\"name\":\"\u00a1SE TERMIN\u00d3 EL VIACRUCIS! - Prefectura de Manab\u00ed\",\"isPartOf\":{\"@id\":\"https:\\\/\\\/www.manabi.gob.ec\\\/#website\"},\"primaryImageOfPage\":{\"@id\":\"https:\\\/\\\/www.manabi.gob.ec\\\/index.php\\\/se-termino-el-viacrucis\\\/#primaryimage\"},\"image\":{\"@id\":\"https:\\\/\\\/www.manabi.gob.ec\\\/index.php\\\/se-termino-el-viacrucis\\\/#primaryimage\"},\"thumbnailUrl\":\"https:\\\/\\\/www.manabi.gob.ec\\\/wp-content\\\/uploads\\\/2022\\\/08\\\/WhatsApp-Image-2022-08-26-at-9.20.52-PM-1.jpeg\",\"datePublished\":\"2022-08-29T14:31:19+00:00\",\"dateModified\":\"2022-08-29T14:31:24+00:00\",\"author\":{\"@id\":\"https:\\\/\\\/www.manabi.gob.ec\\\/#\\\/schema\\\/person\\\/c4f117989332ad723a6ced5994aa7d7a\"},\"breadcrumb\":{\"@id\":\"https:\\\/\\\/www.manabi.gob.ec\\\/index.php\\\/se-termino-el-viacrucis\\\/#breadcrumb\"},\"inLanguage\":\"es\",\"potentialAction\":[{\"@type\":\"ReadAction\",\"target\":[\"https:\\\/\\\/www.manabi.gob.ec\\\/index.php\\\/se-termino-el-viacrucis\\\/\"]}]},{\"@type\":\"ImageObject\",\"inLanguage\":\"es\",\"@id\":\"https:\\\/\\\/www.manabi.gob.ec\\\/index.php\\\/se-termino-el-viacrucis\\\/#primaryimage\",\"url\":\"https:\\\/\\\/www.manabi.gob.ec\\\/wp-content\\\/uploads\\\/2022\\\/08\\\/WhatsApp-Image-2022-08-26-at-9.20.52-PM-1.jpeg\",\"contentUrl\":\"https:\\\/\\\/www.manabi.gob.ec\\\/wp-content\\\/uploads\\\/2022\\\/08\\\/WhatsApp-Image-2022-08-26-at-9.20.52-PM-1.jpeg\",\"width\":1296,\"height\":864},{\"@type\":\"BreadcrumbList\",\"@id\":\"https:\\\/\\\/www.manabi.gob.ec\\\/index.php\\\/se-termino-el-viacrucis\\\/#breadcrumb\",\"itemListElement\":[{\"@type\":\"ListItem\",\"position\":1,\"name\":\"Portada\",\"item\":\"https:\\\/\\\/www.manabi.gob.ec\\\/\"},{\"@type\":\"ListItem\",\"position\":2,\"name\":\"\u00a1SE TERMIN\u00d3 EL VIACRUCIS!\"}]},{\"@type\":\"WebSite\",\"@id\":\"https:\\\/\\\/www.manabi.gob.ec\\\/#website\",\"url\":\"https:\\\/\\\/www.manabi.gob.ec\\\/\",\"name\":\"Prefectura de Manab\u00ed\",\"description\":\"P\u00e1gina web de la prefectura\",\"potentialAction\":[{\"@type\":\"SearchAction\",\"target\":{\"@type\":\"EntryPoint\",\"urlTemplate\":\"https:\\\/\\\/www.manabi.gob.ec\\\/?s={search_term_string}\"},\"query-input\":{\"@type\":\"PropertyValueSpecification\",\"valueRequired\":true,\"valueName\":\"search_term_string\"}}],\"inLanguage\":\"es\"},{\"@type\":\"Person\",\"@id\":\"https:\\\/\\\/www.manabi.gob.ec\\\/#\\\/schema\\\/person\\\/c4f117989332ad723a6ced5994aa7d7a\",\"name\":\"Lui Ochoa\",\"image\":{\"@type\":\"ImageObject\",\"inLanguage\":\"es\",\"@id\":\"https:\\\/\\\/secure.gravatar.com\\\/avatar\\\/6e8017d0fe69dead8a95864d2eb6e1e1d8bf8e01194ba49cf7b897ff038126ba?s=96&d=mm&r=g\",\"url\":\"https:\\\/\\\/secure.gravatar.com\\\/avatar\\\/6e8017d0fe69dead8a95864d2eb6e1e1d8bf8e01194ba49cf7b897ff038126ba?s=96&d=mm&r=g\",\"contentUrl\":\"https:\\\/\\\/secure.gravatar.com\\\/avatar\\\/6e8017d0fe69dead8a95864d2eb6e1e1d8bf8e01194ba49cf7b897ff038126ba?s=96&d=mm&r=g\",\"caption\":\"Lui Ochoa\"},\"url\":\"https:\\\/\\\/www.manabi.gob.ec\\\/index.php\\\/author\\\/lochoa\\\/\"}]}<\/script>\n<!-- \/ Yoast SEO plugin. -->","yoast_head_json":{"title":"\u00a1SE TERMIN\u00d3 EL VIACRUCIS! - Prefectura de Manab\u00ed","robots":{"index":"index","follow":"follow","max-snippet":"max-snippet:-1","max-image-preview":"max-image-preview:large","max-video-preview":"max-video-preview:-1"},"canonical":"https:\/\/www.manabi.gob.ec\/index.php\/se-termino-el-viacrucis\/","og_locale":"es_ES","og_type":"article","og_title":"\u00a1SE TERMIN\u00d3 EL VIACRUCIS! - Prefectura de Manab\u00ed","og_description":"En Colorado de Chone pronto tendr\u00e1n el puente que anhelaban desde hace d\u00e9cadas \u00abEste puente nos ayudar\u00e1 al cien por ciento, porque el que no pasaba amarrado pasaba a la mala. Este estero es muy peligroso\u00bb, manifest\u00f3 Sa\u00fal Pazmi\u00f1o de la comunidad Danda 2, de la parroquia Boyac\u00e1 del cant\u00f3n Chone. Pazmi\u00f1o fue una de [&hellip;]","og_url":"https:\/\/www.manabi.gob.ec\/index.php\/se-termino-el-viacrucis\/","og_site_name":"Prefectura de Manab\u00ed","article_published_time":"2022-08-29T14:31:19+00:00","article_modified_time":"2022-08-29T14:31:24+00:00","og_image":[{"width":1296,"height":864,"url":"https:\/\/www.manabi.gob.ec\/wp-content\/uploads\/2022\/08\/WhatsApp-Image-2022-08-26-at-9.20.52-PM-1.jpeg","type":"image\/jpeg"}],"author":"Lui Ochoa","twitter_card":"summary_large_image","twitter_misc":{"Escrito por":"Lui Ochoa","Tiempo de lectura":"1 minuto"},"schema":{"@context":"https:\/\/schema.org","@graph":[{"@type":"Article","@id":"https:\/\/www.manabi.gob.ec\/index.php\/se-termino-el-viacrucis\/#article","isPartOf":{"@id":"https:\/\/www.manabi.gob.ec\/index.php\/se-termino-el-viacrucis\/"},"author":{"name":"Lui Ochoa","@id":"https:\/\/www.manabi.gob.ec\/#\/schema\/person\/c4f117989332ad723a6ced5994aa7d7a"},"headline":"\u00a1SE TERMIN\u00d3 EL VIACRUCIS!","datePublished":"2022-08-29T14:31:19+00:00","dateModified":"2022-08-29T14:31:24+00:00","mainEntityOfPage":{"@id":"https:\/\/www.manabi.gob.ec\/index.php\/se-termino-el-viacrucis\/"},"wordCount":230,"image":{"@id":"https:\/\/www.manabi.gob.ec\/index.php\/se-termino-el-viacrucis\/#primaryimage"},"thumbnailUrl":"https:\/\/www.manabi.gob.ec\/wp-content\/uploads\/2022\/08\/WhatsApp-Image-2022-08-26-at-9.20.52-PM-1.jpeg","articleSection":["Chone","Noticias","Obra P\u00fablica","Todas","Turismo"],"inLanguage":"es"},{"@type":"WebPage","@id":"https:\/\/www.manabi.gob.ec\/index.php\/se-termino-el-viacrucis\/","url":"https:\/\/www.manabi.gob.ec\/index.php\/se-termino-el-viacrucis\/","name":"\u00a1SE TERMIN\u00d3 EL VIACRUCIS! - Prefectura de Manab\u00ed","isPartOf":{"@id":"https:\/\/www.manabi.gob.ec\/#website"},"primaryImageOfPage":{"@id":"https:\/\/www.manabi.gob.ec\/index.php\/se-termino-el-viacrucis\/#primaryimage"},"image":{"@id":"https:\/\/www.manabi.gob.ec\/index.php\/se-termino-el-viacrucis\/#primaryimage"},"thumbnailUrl":"https:\/\/www.manabi.gob.ec\/wp-content\/uploads\/2022\/08\/WhatsApp-Image-2022-08-26-at-9.20.52-PM-1.jpeg","datePublished":"2022-08-29T14:31:19+00:00","dateModified":"2022-08-29T14:31:24+00:00","author":{"@id":"https:\/\/www.manabi.gob.ec\/#\/schema\/person\/c4f117989332ad723a6ced5994aa7d7a"},"breadcrumb":{"@id":"https:\/\/www.manabi.gob.ec\/index.php\/se-termino-el-viacrucis\/#breadcrumb"},"inLanguage":"es","potentialAction":[{"@type":"ReadAction","target":["https:\/\/www.manabi.gob.ec\/index.php\/se-termino-el-viacrucis\/"]}]},{"@type":"ImageObject","inLanguage":"es","@id":"https:\/\/www.manabi.gob.ec\/index.php\/se-termino-el-viacrucis\/#primaryimage","url":"https:\/\/www.manabi.gob.ec\/wp-content\/uploads\/2022\/08\/WhatsApp-Image-2022-08-26-at-9.20.52-PM-1.jpeg","contentUrl":"https:\/\/www.manabi.gob.ec\/wp-content\/uploads\/2022\/08\/WhatsApp-Image-2022-08-26-at-9.20.52-PM-1.jpeg","width":1296,"height":864},{"@type":"BreadcrumbList","@id":"https:\/\/www.manabi.gob.ec\/index.php\/se-termino-el-viacrucis\/#breadcrumb","itemListElement":[{"@type":"ListItem","position":1,"name":"Portada","item":"https:\/\/www.manabi.gob.ec\/"},{"@type":"ListItem","position":2,"name":"\u00a1SE TERMIN\u00d3 EL VIACRUCIS!"}]},{"@type":"WebSite","@id":"https:\/\/www.manabi.gob.ec\/#website","url":"https:\/\/www.manabi.gob.ec\/","name":"Prefectura de Manab\u00ed","description":"P\u00e1gina web de la prefectura","potentialAction":[{"@type":"SearchAction","target":{"@type":"EntryPoint","urlTemplate":"https:\/\/www.manabi.gob.ec\/?s={search_term_string}"},"query-input":{"@type":"PropertyValueSpecification","valueRequired":true,"valueName":"search_term_string"}}],"inLanguage":"es"},{"@type":"Person","@id":"https:\/\/www.manabi.gob.ec\/#\/schema\/person\/c4f117989332ad723a6ced5994aa7d7a","name":"Lui Ochoa","image":{"@type":"ImageObject","inLanguage":"es","@id":"https:\/\/secure.gravatar.com\/avatar\/6e8017d0fe69dead8a95864d2eb6e1e1d8bf8e01194ba49cf7b897ff038126ba?s=96&d=mm&r=g","url":"https:\/\/secure.gravatar.com\/avatar\/6e8017d0fe69dead8a95864d2eb6e1e1d8bf8e01194ba49cf7b897ff038126ba?s=96&d=mm&r=g","contentUrl":"https:\/\/secure.gravatar.com\/avatar\/6e8017d0fe69dead8a95864d2eb6e1e1d8bf8e01194ba49cf7b897ff038126ba?s=96&d=mm&r=g","caption":"Lui Ochoa"},"url":"https:\/\/www.manabi.gob.ec\/index.php\/author\/lochoa\/"}]}},"jetpack_featured_media_url":"https:\/\/www.manabi.gob.ec\/wp-content\/uploads\/2022\/08\/WhatsApp-Image-2022-08-26-at-9.20.52-PM-1.jpeg","_links":{"self":[{"href":"https:\/\/www.manabi.gob.ec\/index.php\/wp-json\/wp\/v2\/posts\/22020","targetHints":{"allow":["GET"]}}],"collection":[{"href":"https:\/\/www.manabi.gob.ec\/index.php\/wp-json\/wp\/v2\/posts"}],"about":[{"href":"https:\/\/www.manabi.gob.ec\/index.php\/wp-json\/wp\/v2\/types\/post"}],"author":[{"embeddable":true,"href":"https:\/\/www.manabi.gob.ec\/index.php\/wp-json\/wp\/v2\/users\/10"}],"replies":[{"embeddable":true,"href":"https:\/\/www.manabi.gob.ec\/index.php\/wp-json\/wp\/v2\/comments?post=22020"}],"version-history":[{"count":0,"href":"https:\/\/www.manabi.gob.ec\/index.php\/wp-json\/wp\/v2\/posts\/22020\/revisions"}],"wp:featuredmedia":[{"embeddable":true,"href":"https:\/\/www.manabi.gob.ec\/index.php\/wp-json\/wp\/v2\/media\/22021"}],"wp:attachment":[{"href":"https:\/\/www.manabi.gob.ec\/index.php\/wp-json\/wp\/v2\/media?parent=22020"}],"wp:term":[{"taxonomy":"category","embeddable":true,"href":"https:\/\/www.manabi.gob.ec\/index.php\/wp-json\/wp\/v2\/categories?post=22020"},{"taxonomy":"post_tag","embeddable":true,"href":"https:\/\/www.manabi.gob.ec\/index.php\/wp-json\/wp\/v2\/tags?post=22020"}],"curies":[{"name":"wp","href":"https:\/\/api.w.org\/{rel}","templated":true}]}}