{"id":22023,"date":"2022-08-29T14:33:23","date_gmt":"2022-08-29T14:33:23","guid":{"rendered":"https:\/\/www.manabi.gob.ec\/?p=22023"},"modified":"2022-08-29T14:33:28","modified_gmt":"2022-08-29T14:33:28","slug":"seguimos-entregando-obras-para-el-desarrollo","status":"publish","type":"post","link":"https:\/\/www.manabi.gob.ec\/index.php\/seguimos-entregando-obras-para-el-desarrollo\/","title":{"rendered":"\u00a1SEGUIMOS ENTREGANDO OBRAS PARA EL DESARROLLO!"},"content":{"rendered":"\n<p>La v\u00eda Eloy Alfaro \u2013 Las Piedras ser\u00e1 con carpeta asf\u00e1ltica.<\/p>\n\n\n\n<p>En un efusivo acto, este viernes 26 de agosto, Leonardo Orlando, prefecto de Manab\u00ed, entreg\u00f3 a la comunidad la primera fase de la v\u00eda de 5,5 kil\u00f3metros, Eloy Alfaro &#8211; Las Piedras, arteria vial que conecta a las parroquias Eloy Alfaro, Convento y Zapallo del cant\u00f3n Chone, ejecutada con recursos propios de la Prefectura de Manab\u00ed, con una inversi\u00f3n de 78.359,00 d\u00f3lares.<br>En este evento Orlando, indic\u00f3 que las buenas noticias contin\u00faan para esta parroquia, anunci\u00f3 que ya existe el financiamiento aprobado del Banco de Desarrollo del Ecuador, para la segunda fase de la v\u00eda, que quedar\u00e1 a nivel de carpeta asf\u00e1ltica de tres pulgadas.<br>\u201cHoy es grato dar este anuncio de la v\u00eda, adem\u00e1s tenemos previsto la construcci\u00f3n de cuatro puentes, dos peatonales y dos carrozable, la inversi\u00f3n aproximada es de 255 mil d\u00f3lares, las comunidades beneficiar\u00eda,San Jacinto de La P\u00f3lvora, la cabecera parroquial de Eloy Alfaro, Piedra de Afilar, El Ovo, Mirador, Miraflores y Dislavon; seguimos tejiendo de v\u00edas y de puentes a Manab\u00ed\u201d, puntualiz\u00f3 la autoridad provincial.<\/p>\n\n\n\n<p><br>El presupuesto referencial del proyecto vial Eloy Alfaro &#8211; Las Piedras, es de 2 &#8216;312.164,43 d\u00f3lares, obra que permitir\u00e1 el enlace a diferentes comunidades aleda\u00f1as al sector del eje vial Zapallo &#8211; Convento.<\/p>\n","protected":false},"excerpt":{"rendered":"<p>La v\u00eda Eloy Alfaro \u2013 Las Piedras ser\u00e1 con carpeta asf\u00e1ltica. En un efusivo acto, este viernes 26 de agosto, Leonardo Orlando, prefecto de Manab\u00ed, entreg\u00f3 a la comunidad la primera fase de la v\u00eda de 5,5 kil\u00f3metros, Eloy Alfaro &#8211; Las Piedras, arteria vial que conecta a las parroquias Eloy Alfaro, Convento y Zapallo [&hellip;]<\/p>\n","protected":false},"author":10,"featured_media":22024,"comment_status":"closed","ping_status":"closed","sticky":false,"template":"","format":"standard","meta":{"_joinchat":[],"footnotes":""},"categories":[141,142,170,92,181,91],"tags":[],"class_list":["post-22023","post","type-post","status-publish","format-standard","has-post-thumbnail","hentry","category-chone","category-desarrollo-social","category-manabi-vial","category-noticias-manabi","category-obra-publica","category-todas"],"yoast_head":"<!-- This site is optimized with the Yoast SEO plugin v27.4 - https:\/\/yoast.com\/product\/yoast-seo-wordpress\/ -->\n<title>\u00a1SEGUIMOS ENTREGANDO OBRAS PARA EL DESARROLLO! - Prefectura de Manab\u00ed<\/title>\n<meta name=\"robots\" content=\"index, follow, max-snippet:-1, max-image-preview:large, max-video-preview:-1\" \/>\n<link rel=\"canonical\" href=\"https:\/\/www.manabi.gob.ec\/index.php\/seguimos-entregando-obras-para-el-desarrollo\/\" \/>\n<meta property=\"og:locale\" content=\"es_ES\" \/>\n<meta property=\"og:type\" content=\"article\" \/>\n<meta property=\"og:title\" content=\"\u00a1SEGUIMOS ENTREGANDO OBRAS PARA EL DESARROLLO! - Prefectura de Manab\u00ed\" \/>\n<meta property=\"og:description\" content=\"La v\u00eda Eloy Alfaro \u2013 Las Piedras ser\u00e1 con carpeta asf\u00e1ltica. En un efusivo acto, este viernes 26 de agosto, Leonardo Orlando, prefecto de Manab\u00ed, entreg\u00f3 a la comunidad la primera fase de la v\u00eda de 5,5 kil\u00f3metros, Eloy Alfaro &#8211; Las Piedras, arteria vial que conecta a las parroquias Eloy Alfaro, Convento y Zapallo [&hellip;]\" \/>\n<meta property=\"og:url\" content=\"https:\/\/www.manabi.gob.ec\/index.php\/seguimos-entregando-obras-para-el-desarrollo\/\" \/>\n<meta property=\"og:site_name\" content=\"Prefectura de Manab\u00ed\" \/>\n<meta property=\"article:published_time\" content=\"2022-08-29T14:33:23+00:00\" \/>\n<meta property=\"article:modified_time\" content=\"2022-08-29T14:33:28+00:00\" \/>\n<meta property=\"og:image\" content=\"https:\/\/www.manabi.gob.ec\/wp-content\/uploads\/2022\/08\/WhatsApp-Image-2022-08-27-at-2.05.07-PM.jpeg\" \/>\n\t<meta property=\"og:image:width\" content=\"1600\" \/>\n\t<meta property=\"og:image:height\" content=\"1069\" \/>\n\t<meta property=\"og:image:type\" content=\"image\/jpeg\" \/>\n<meta name=\"author\" content=\"Lui Ochoa\" \/>\n<meta name=\"twitter:card\" content=\"summary_large_image\" \/>\n<meta name=\"twitter:label1\" content=\"Escrito por\" \/>\n\t<meta name=\"twitter:data1\" content=\"Lui Ochoa\" \/>\n\t<meta name=\"twitter:label2\" content=\"Tiempo de lectura\" \/>\n\t<meta name=\"twitter:data2\" content=\"1 minuto\" \/>\n<script type=\"application\/ld+json\" class=\"yoast-schema-graph\">{\"@context\":\"https:\\\/\\\/schema.org\",\"@graph\":[{\"@type\":\"Article\",\"@id\":\"https:\\\/\\\/www.manabi.gob.ec\\\/index.php\\\/seguimos-entregando-obras-para-el-desarrollo\\\/#article\",\"isPartOf\":{\"@id\":\"https:\\\/\\\/www.manabi.gob.ec\\\/index.php\\\/seguimos-entregando-obras-para-el-desarrollo\\\/\"},\"author\":{\"name\":\"Lui Ochoa\",\"@id\":\"https:\\\/\\\/www.manabi.gob.ec\\\/#\\\/schema\\\/person\\\/c4f117989332ad723a6ced5994aa7d7a\"},\"headline\":\"\u00a1SEGUIMOS ENTREGANDO OBRAS PARA EL DESARROLLO!\",\"datePublished\":\"2022-08-29T14:33:23+00:00\",\"dateModified\":\"2022-08-29T14:33:28+00:00\",\"mainEntityOfPage\":{\"@id\":\"https:\\\/\\\/www.manabi.gob.ec\\\/index.php\\\/seguimos-entregando-obras-para-el-desarrollo\\\/\"},\"wordCount\":235,\"image\":{\"@id\":\"https:\\\/\\\/www.manabi.gob.ec\\\/index.php\\\/seguimos-entregando-obras-para-el-desarrollo\\\/#primaryimage\"},\"thumbnailUrl\":\"https:\\\/\\\/www.manabi.gob.ec\\\/wp-content\\\/uploads\\\/2022\\\/08\\\/WhatsApp-Image-2022-08-27-at-2.05.07-PM.jpeg\",\"articleSection\":[\"Chone\",\"Desarrollo Social\",\"Manab\u00ed Vial\",\"Noticias\",\"Obra P\u00fablica\",\"Todas\"],\"inLanguage\":\"es\"},{\"@type\":\"WebPage\",\"@id\":\"https:\\\/\\\/www.manabi.gob.ec\\\/index.php\\\/seguimos-entregando-obras-para-el-desarrollo\\\/\",\"url\":\"https:\\\/\\\/www.manabi.gob.ec\\\/index.php\\\/seguimos-entregando-obras-para-el-desarrollo\\\/\",\"name\":\"\u00a1SEGUIMOS ENTREGANDO OBRAS PARA EL DESARROLLO! - Prefectura de Manab\u00ed\",\"isPartOf\":{\"@id\":\"https:\\\/\\\/www.manabi.gob.ec\\\/#website\"},\"primaryImageOfPage\":{\"@id\":\"https:\\\/\\\/www.manabi.gob.ec\\\/index.php\\\/seguimos-entregando-obras-para-el-desarrollo\\\/#primaryimage\"},\"image\":{\"@id\":\"https:\\\/\\\/www.manabi.gob.ec\\\/index.php\\\/seguimos-entregando-obras-para-el-desarrollo\\\/#primaryimage\"},\"thumbnailUrl\":\"https:\\\/\\\/www.manabi.gob.ec\\\/wp-content\\\/uploads\\\/2022\\\/08\\\/WhatsApp-Image-2022-08-27-at-2.05.07-PM.jpeg\",\"datePublished\":\"2022-08-29T14:33:23+00:00\",\"dateModified\":\"2022-08-29T14:33:28+00:00\",\"author\":{\"@id\":\"https:\\\/\\\/www.manabi.gob.ec\\\/#\\\/schema\\\/person\\\/c4f117989332ad723a6ced5994aa7d7a\"},\"breadcrumb\":{\"@id\":\"https:\\\/\\\/www.manabi.gob.ec\\\/index.php\\\/seguimos-entregando-obras-para-el-desarrollo\\\/#breadcrumb\"},\"inLanguage\":\"es\",\"potentialAction\":[{\"@type\":\"ReadAction\",\"target\":[\"https:\\\/\\\/www.manabi.gob.ec\\\/index.php\\\/seguimos-entregando-obras-para-el-desarrollo\\\/\"]}]},{\"@type\":\"ImageObject\",\"inLanguage\":\"es\",\"@id\":\"https:\\\/\\\/www.manabi.gob.ec\\\/index.php\\\/seguimos-entregando-obras-para-el-desarrollo\\\/#primaryimage\",\"url\":\"https:\\\/\\\/www.manabi.gob.ec\\\/wp-content\\\/uploads\\\/2022\\\/08\\\/WhatsApp-Image-2022-08-27-at-2.05.07-PM.jpeg\",\"contentUrl\":\"https:\\\/\\\/www.manabi.gob.ec\\\/wp-content\\\/uploads\\\/2022\\\/08\\\/WhatsApp-Image-2022-08-27-at-2.05.07-PM.jpeg\",\"width\":1600,\"height\":1069},{\"@type\":\"BreadcrumbList\",\"@id\":\"https:\\\/\\\/www.manabi.gob.ec\\\/index.php\\\/seguimos-entregando-obras-para-el-desarrollo\\\/#breadcrumb\",\"itemListElement\":[{\"@type\":\"ListItem\",\"position\":1,\"name\":\"Portada\",\"item\":\"https:\\\/\\\/www.manabi.gob.ec\\\/\"},{\"@type\":\"ListItem\",\"position\":2,\"name\":\"\u00a1SEGUIMOS ENTREGANDO OBRAS PARA EL DESARROLLO!\"}]},{\"@type\":\"WebSite\",\"@id\":\"https:\\\/\\\/www.manabi.gob.ec\\\/#website\",\"url\":\"https:\\\/\\\/www.manabi.gob.ec\\\/\",\"name\":\"Prefectura de Manab\u00ed\",\"description\":\"P\u00e1gina web de la prefectura\",\"potentialAction\":[{\"@type\":\"SearchAction\",\"target\":{\"@type\":\"EntryPoint\",\"urlTemplate\":\"https:\\\/\\\/www.manabi.gob.ec\\\/?s={search_term_string}\"},\"query-input\":{\"@type\":\"PropertyValueSpecification\",\"valueRequired\":true,\"valueName\":\"search_term_string\"}}],\"inLanguage\":\"es\"},{\"@type\":\"Person\",\"@id\":\"https:\\\/\\\/www.manabi.gob.ec\\\/#\\\/schema\\\/person\\\/c4f117989332ad723a6ced5994aa7d7a\",\"name\":\"Lui Ochoa\",\"image\":{\"@type\":\"ImageObject\",\"inLanguage\":\"es\",\"@id\":\"https:\\\/\\\/secure.gravatar.com\\\/avatar\\\/6e8017d0fe69dead8a95864d2eb6e1e1d8bf8e01194ba49cf7b897ff038126ba?s=96&d=mm&r=g\",\"url\":\"https:\\\/\\\/secure.gravatar.com\\\/avatar\\\/6e8017d0fe69dead8a95864d2eb6e1e1d8bf8e01194ba49cf7b897ff038126ba?s=96&d=mm&r=g\",\"contentUrl\":\"https:\\\/\\\/secure.gravatar.com\\\/avatar\\\/6e8017d0fe69dead8a95864d2eb6e1e1d8bf8e01194ba49cf7b897ff038126ba?s=96&d=mm&r=g\",\"caption\":\"Lui Ochoa\"},\"url\":\"https:\\\/\\\/www.manabi.gob.ec\\\/index.php\\\/author\\\/lochoa\\\/\"}]}<\/script>\n<!-- \/ Yoast SEO plugin. -->","yoast_head_json":{"title":"\u00a1SEGUIMOS ENTREGANDO OBRAS PARA EL DESARROLLO! - Prefectura de Manab\u00ed","robots":{"index":"index","follow":"follow","max-snippet":"max-snippet:-1","max-image-preview":"max-image-preview:large","max-video-preview":"max-video-preview:-1"},"canonical":"https:\/\/www.manabi.gob.ec\/index.php\/seguimos-entregando-obras-para-el-desarrollo\/","og_locale":"es_ES","og_type":"article","og_title":"\u00a1SEGUIMOS ENTREGANDO OBRAS PARA EL DESARROLLO! - Prefectura de Manab\u00ed","og_description":"La v\u00eda Eloy Alfaro \u2013 Las Piedras ser\u00e1 con carpeta asf\u00e1ltica. En un efusivo acto, este viernes 26 de agosto, Leonardo Orlando, prefecto de Manab\u00ed, entreg\u00f3 a la comunidad la primera fase de la v\u00eda de 5,5 kil\u00f3metros, Eloy Alfaro &#8211; Las Piedras, arteria vial que conecta a las parroquias Eloy Alfaro, Convento y Zapallo [&hellip;]","og_url":"https:\/\/www.manabi.gob.ec\/index.php\/seguimos-entregando-obras-para-el-desarrollo\/","og_site_name":"Prefectura de Manab\u00ed","article_published_time":"2022-08-29T14:33:23+00:00","article_modified_time":"2022-08-29T14:33:28+00:00","og_image":[{"width":1600,"height":1069,"url":"https:\/\/www.manabi.gob.ec\/wp-content\/uploads\/2022\/08\/WhatsApp-Image-2022-08-27-at-2.05.07-PM.jpeg","type":"image\/jpeg"}],"author":"Lui Ochoa","twitter_card":"summary_large_image","twitter_misc":{"Escrito por":"Lui Ochoa","Tiempo de lectura":"1 minuto"},"schema":{"@context":"https:\/\/schema.org","@graph":[{"@type":"Article","@id":"https:\/\/www.manabi.gob.ec\/index.php\/seguimos-entregando-obras-para-el-desarrollo\/#article","isPartOf":{"@id":"https:\/\/www.manabi.gob.ec\/index.php\/seguimos-entregando-obras-para-el-desarrollo\/"},"author":{"name":"Lui Ochoa","@id":"https:\/\/www.manabi.gob.ec\/#\/schema\/person\/c4f117989332ad723a6ced5994aa7d7a"},"headline":"\u00a1SEGUIMOS ENTREGANDO OBRAS PARA EL DESARROLLO!","datePublished":"2022-08-29T14:33:23+00:00","dateModified":"2022-08-29T14:33:28+00:00","mainEntityOfPage":{"@id":"https:\/\/www.manabi.gob.ec\/index.php\/seguimos-entregando-obras-para-el-desarrollo\/"},"wordCount":235,"image":{"@id":"https:\/\/www.manabi.gob.ec\/index.php\/seguimos-entregando-obras-para-el-desarrollo\/#primaryimage"},"thumbnailUrl":"https:\/\/www.manabi.gob.ec\/wp-content\/uploads\/2022\/08\/WhatsApp-Image-2022-08-27-at-2.05.07-PM.jpeg","articleSection":["Chone","Desarrollo Social","Manab\u00ed Vial","Noticias","Obra P\u00fablica","Todas"],"inLanguage":"es"},{"@type":"WebPage","@id":"https:\/\/www.manabi.gob.ec\/index.php\/seguimos-entregando-obras-para-el-desarrollo\/","url":"https:\/\/www.manabi.gob.ec\/index.php\/seguimos-entregando-obras-para-el-desarrollo\/","name":"\u00a1SEGUIMOS ENTREGANDO OBRAS PARA EL DESARROLLO! - Prefectura de Manab\u00ed","isPartOf":{"@id":"https:\/\/www.manabi.gob.ec\/#website"},"primaryImageOfPage":{"@id":"https:\/\/www.manabi.gob.ec\/index.php\/seguimos-entregando-obras-para-el-desarrollo\/#primaryimage"},"image":{"@id":"https:\/\/www.manabi.gob.ec\/index.php\/seguimos-entregando-obras-para-el-desarrollo\/#primaryimage"},"thumbnailUrl":"https:\/\/www.manabi.gob.ec\/wp-content\/uploads\/2022\/08\/WhatsApp-Image-2022-08-27-at-2.05.07-PM.jpeg","datePublished":"2022-08-29T14:33:23+00:00","dateModified":"2022-08-29T14:33:28+00:00","author":{"@id":"https:\/\/www.manabi.gob.ec\/#\/schema\/person\/c4f117989332ad723a6ced5994aa7d7a"},"breadcrumb":{"@id":"https:\/\/www.manabi.gob.ec\/index.php\/seguimos-entregando-obras-para-el-desarrollo\/#breadcrumb"},"inLanguage":"es","potentialAction":[{"@type":"ReadAction","target":["https:\/\/www.manabi.gob.ec\/index.php\/seguimos-entregando-obras-para-el-desarrollo\/"]}]},{"@type":"ImageObject","inLanguage":"es","@id":"https:\/\/www.manabi.gob.ec\/index.php\/seguimos-entregando-obras-para-el-desarrollo\/#primaryimage","url":"https:\/\/www.manabi.gob.ec\/wp-content\/uploads\/2022\/08\/WhatsApp-Image-2022-08-27-at-2.05.07-PM.jpeg","contentUrl":"https:\/\/www.manabi.gob.ec\/wp-content\/uploads\/2022\/08\/WhatsApp-Image-2022-08-27-at-2.05.07-PM.jpeg","width":1600,"height":1069},{"@type":"BreadcrumbList","@id":"https:\/\/www.manabi.gob.ec\/index.php\/seguimos-entregando-obras-para-el-desarrollo\/#breadcrumb","itemListElement":[{"@type":"ListItem","position":1,"name":"Portada","item":"https:\/\/www.manabi.gob.ec\/"},{"@type":"ListItem","position":2,"name":"\u00a1SEGUIMOS ENTREGANDO OBRAS PARA EL DESARROLLO!"}]},{"@type":"WebSite","@id":"https:\/\/www.manabi.gob.ec\/#website","url":"https:\/\/www.manabi.gob.ec\/","name":"Prefectura de Manab\u00ed","description":"P\u00e1gina web de la prefectura","potentialAction":[{"@type":"SearchAction","target":{"@type":"EntryPoint","urlTemplate":"https:\/\/www.manabi.gob.ec\/?s={search_term_string}"},"query-input":{"@type":"PropertyValueSpecification","valueRequired":true,"valueName":"search_term_string"}}],"inLanguage":"es"},{"@type":"Person","@id":"https:\/\/www.manabi.gob.ec\/#\/schema\/person\/c4f117989332ad723a6ced5994aa7d7a","name":"Lui Ochoa","image":{"@type":"ImageObject","inLanguage":"es","@id":"https:\/\/secure.gravatar.com\/avatar\/6e8017d0fe69dead8a95864d2eb6e1e1d8bf8e01194ba49cf7b897ff038126ba?s=96&d=mm&r=g","url":"https:\/\/secure.gravatar.com\/avatar\/6e8017d0fe69dead8a95864d2eb6e1e1d8bf8e01194ba49cf7b897ff038126ba?s=96&d=mm&r=g","contentUrl":"https:\/\/secure.gravatar.com\/avatar\/6e8017d0fe69dead8a95864d2eb6e1e1d8bf8e01194ba49cf7b897ff038126ba?s=96&d=mm&r=g","caption":"Lui Ochoa"},"url":"https:\/\/www.manabi.gob.ec\/index.php\/author\/lochoa\/"}]}},"jetpack_featured_media_url":"https:\/\/www.manabi.gob.ec\/wp-content\/uploads\/2022\/08\/WhatsApp-Image-2022-08-27-at-2.05.07-PM.jpeg","_links":{"self":[{"href":"https:\/\/www.manabi.gob.ec\/index.php\/wp-json\/wp\/v2\/posts\/22023","targetHints":{"allow":["GET"]}}],"collection":[{"href":"https:\/\/www.manabi.gob.ec\/index.php\/wp-json\/wp\/v2\/posts"}],"about":[{"href":"https:\/\/www.manabi.gob.ec\/index.php\/wp-json\/wp\/v2\/types\/post"}],"author":[{"embeddable":true,"href":"https:\/\/www.manabi.gob.ec\/index.php\/wp-json\/wp\/v2\/users\/10"}],"replies":[{"embeddable":true,"href":"https:\/\/www.manabi.gob.ec\/index.php\/wp-json\/wp\/v2\/comments?post=22023"}],"version-history":[{"count":0,"href":"https:\/\/www.manabi.gob.ec\/index.php\/wp-json\/wp\/v2\/posts\/22023\/revisions"}],"wp:featuredmedia":[{"embeddable":true,"href":"https:\/\/www.manabi.gob.ec\/index.php\/wp-json\/wp\/v2\/media\/22024"}],"wp:attachment":[{"href":"https:\/\/www.manabi.gob.ec\/index.php\/wp-json\/wp\/v2\/media?parent=22023"}],"wp:term":[{"taxonomy":"category","embeddable":true,"href":"https:\/\/www.manabi.gob.ec\/index.php\/wp-json\/wp\/v2\/categories?post=22023"},{"taxonomy":"post_tag","embeddable":true,"href":"https:\/\/www.manabi.gob.ec\/index.php\/wp-json\/wp\/v2\/tags?post=22023"}],"curies":[{"name":"wp","href":"https:\/\/api.w.org\/{rel}","templated":true}]}}