{"id":22060,"date":"2022-09-05T18:29:19","date_gmt":"2022-09-05T18:29:19","guid":{"rendered":"https:\/\/www.manabi.gob.ec\/?p=22060"},"modified":"2022-09-05T18:29:24","modified_gmt":"2022-09-05T18:29:24","slug":"mas-obras-para-puerto-lopez","status":"publish","type":"post","link":"https:\/\/www.manabi.gob.ec\/index.php\/mas-obras-para-puerto-lopez\/","title":{"rendered":"\u00a1M\u00c1S OBRAS PARA PUERTO L\u00d3PEZ!"},"content":{"rendered":"\n<p><\/p>\n\n\n\n<p>En el marco de la sesi\u00f3n solemne conmemorativa por el aniversario 28 de vida institucional del cant\u00f3n Puerto L\u00f3pez, este martes 30 de agosto, el prefecto, Leonardo Orlando, firm\u00f3 un convenio tripartito de co-gesti\u00f3n de obras para la construcci\u00f3n del malec\u00f3n tur\u00edstico de la parroquia Machalilla, obra que tiene un presupuesto referencial de $134.849,17 y ser\u00e1 financiada con aportes de la Prefectura de Manab\u00ed, $105.229,66 (70%); GADM Puerto L\u00f3pez, $30.065,61 (20%); y GADP Machalilla, $15.032,81 (10%).<\/p>\n\n\n\n<p>El Prefecto manifest\u00f3 que este proyecto va a complementar la rehabilitaci\u00f3n de un tramo del malec\u00f3n, a nivel de carpeta asf\u00e1ltica, que realiz\u00f3 anteriormente la instituci\u00f3n.<br>Durante su intervenci\u00f3n, Leonardo Orlando detall\u00f3 las diversas obras y proyectos ejecutados en Puerto L\u00f3pez, con una inversi\u00f3n de, aproximadamente, 4 millones de d\u00f3lares.<\/p>\n\n\n\n<p>Entre las nuevas intervenciones cit\u00f3 la construcci\u00f3n del puente de hormig\u00f3n que conectar\u00e1 hacia la ciudadela Luis Genc\u00f3n y el mercado municipal, con una inversi\u00f3n referencial de $410.000. \u201cTen\u00edamos previsto financiarlo con una l\u00ednea de cr\u00e9dito del Banco de Desarrollo, pero para adelantar la construcci\u00f3n hemos decidido invertir en el puente con recursos propios, con cargo a los presupuestos de los a\u00f1os 2022 y 2023\u201d, anunci\u00f3.<\/p>\n\n\n\n<p>La sesi\u00f3n solemne se realiz\u00f3 en el malec\u00f3n tur\u00edstico y en ella tambi\u00e9n se entregaron reconocimientos a varias personas e instituciones por su destacado aporte al desarrollo del cant\u00f3n Puerto L\u00f3pez.<\/p>\n","protected":false},"excerpt":{"rendered":"<p>En el marco de la sesi\u00f3n solemne conmemorativa por el aniversario 28 de vida institucional del cant\u00f3n Puerto L\u00f3pez, este martes 30 de agosto, el prefecto, Leonardo Orlando, firm\u00f3 un convenio tripartito de co-gesti\u00f3n de obras para la construcci\u00f3n del malec\u00f3n tur\u00edstico de la parroquia Machalilla, obra que tiene un presupuesto referencial de $134.849,17 y [&hellip;]<\/p>\n","protected":false},"author":10,"featured_media":22061,"comment_status":"closed","ping_status":"closed","sticky":false,"template":"","format":"standard","meta":{"_joinchat":[],"footnotes":""},"categories":[142,170,92,181,212,91],"tags":[],"class_list":["post-22060","post","type-post","status-publish","format-standard","has-post-thumbnail","hentry","category-desarrollo-social","category-manabi-vial","category-noticias-manabi","category-obra-publica","category-puerto-lopez","category-todas"],"yoast_head":"<!-- This site is optimized with the Yoast SEO plugin v27.4 - https:\/\/yoast.com\/product\/yoast-seo-wordpress\/ -->\n<title>\u00a1M\u00c1S OBRAS PARA PUERTO L\u00d3PEZ! - Prefectura de Manab\u00ed<\/title>\n<meta name=\"robots\" content=\"index, follow, max-snippet:-1, max-image-preview:large, max-video-preview:-1\" \/>\n<link rel=\"canonical\" href=\"https:\/\/www.manabi.gob.ec\/index.php\/mas-obras-para-puerto-lopez\/\" \/>\n<meta property=\"og:locale\" content=\"es_ES\" \/>\n<meta property=\"og:type\" content=\"article\" \/>\n<meta property=\"og:title\" content=\"\u00a1M\u00c1S OBRAS PARA PUERTO L\u00d3PEZ! - Prefectura de Manab\u00ed\" \/>\n<meta property=\"og:description\" content=\"En el marco de la sesi\u00f3n solemne conmemorativa por el aniversario 28 de vida institucional del cant\u00f3n Puerto L\u00f3pez, este martes 30 de agosto, el prefecto, Leonardo Orlando, firm\u00f3 un convenio tripartito de co-gesti\u00f3n de obras para la construcci\u00f3n del malec\u00f3n tur\u00edstico de la parroquia Machalilla, obra que tiene un presupuesto referencial de $134.849,17 y [&hellip;]\" \/>\n<meta property=\"og:url\" content=\"https:\/\/www.manabi.gob.ec\/index.php\/mas-obras-para-puerto-lopez\/\" \/>\n<meta property=\"og:site_name\" content=\"Prefectura de Manab\u00ed\" \/>\n<meta property=\"article:published_time\" content=\"2022-09-05T18:29:19+00:00\" \/>\n<meta property=\"article:modified_time\" content=\"2022-09-05T18:29:24+00:00\" \/>\n<meta property=\"og:image\" content=\"https:\/\/www.manabi.gob.ec\/wp-content\/uploads\/2022\/09\/WhatsApp-Image-2022-08-30-at-8.18.55-PM.jpeg\" \/>\n\t<meta property=\"og:image:width\" content=\"1296\" \/>\n\t<meta property=\"og:image:height\" content=\"864\" \/>\n\t<meta property=\"og:image:type\" content=\"image\/jpeg\" \/>\n<meta name=\"author\" content=\"Lui Ochoa\" \/>\n<meta name=\"twitter:card\" content=\"summary_large_image\" \/>\n<meta name=\"twitter:label1\" content=\"Escrito por\" \/>\n\t<meta name=\"twitter:data1\" content=\"Lui Ochoa\" \/>\n\t<meta name=\"twitter:label2\" content=\"Tiempo de lectura\" \/>\n\t<meta name=\"twitter:data2\" content=\"2 minutos\" \/>\n<script type=\"application\/ld+json\" class=\"yoast-schema-graph\">{\"@context\":\"https:\\\/\\\/schema.org\",\"@graph\":[{\"@type\":\"Article\",\"@id\":\"https:\\\/\\\/www.manabi.gob.ec\\\/index.php\\\/mas-obras-para-puerto-lopez\\\/#article\",\"isPartOf\":{\"@id\":\"https:\\\/\\\/www.manabi.gob.ec\\\/index.php\\\/mas-obras-para-puerto-lopez\\\/\"},\"author\":{\"name\":\"Lui Ochoa\",\"@id\":\"https:\\\/\\\/www.manabi.gob.ec\\\/#\\\/schema\\\/person\\\/c4f117989332ad723a6ced5994aa7d7a\"},\"headline\":\"\u00a1M\u00c1S OBRAS PARA PUERTO L\u00d3PEZ!\",\"datePublished\":\"2022-09-05T18:29:19+00:00\",\"dateModified\":\"2022-09-05T18:29:24+00:00\",\"mainEntityOfPage\":{\"@id\":\"https:\\\/\\\/www.manabi.gob.ec\\\/index.php\\\/mas-obras-para-puerto-lopez\\\/\"},\"wordCount\":248,\"image\":{\"@id\":\"https:\\\/\\\/www.manabi.gob.ec\\\/index.php\\\/mas-obras-para-puerto-lopez\\\/#primaryimage\"},\"thumbnailUrl\":\"https:\\\/\\\/www.manabi.gob.ec\\\/wp-content\\\/uploads\\\/2022\\\/09\\\/WhatsApp-Image-2022-08-30-at-8.18.55-PM.jpeg\",\"articleSection\":[\"Desarrollo Social\",\"Manab\u00ed Vial\",\"Noticias\",\"Obra P\u00fablica\",\"Puerto L\u00f3pez\",\"Todas\"],\"inLanguage\":\"es\"},{\"@type\":\"WebPage\",\"@id\":\"https:\\\/\\\/www.manabi.gob.ec\\\/index.php\\\/mas-obras-para-puerto-lopez\\\/\",\"url\":\"https:\\\/\\\/www.manabi.gob.ec\\\/index.php\\\/mas-obras-para-puerto-lopez\\\/\",\"name\":\"\u00a1M\u00c1S OBRAS PARA PUERTO L\u00d3PEZ! - Prefectura de Manab\u00ed\",\"isPartOf\":{\"@id\":\"https:\\\/\\\/www.manabi.gob.ec\\\/#website\"},\"primaryImageOfPage\":{\"@id\":\"https:\\\/\\\/www.manabi.gob.ec\\\/index.php\\\/mas-obras-para-puerto-lopez\\\/#primaryimage\"},\"image\":{\"@id\":\"https:\\\/\\\/www.manabi.gob.ec\\\/index.php\\\/mas-obras-para-puerto-lopez\\\/#primaryimage\"},\"thumbnailUrl\":\"https:\\\/\\\/www.manabi.gob.ec\\\/wp-content\\\/uploads\\\/2022\\\/09\\\/WhatsApp-Image-2022-08-30-at-8.18.55-PM.jpeg\",\"datePublished\":\"2022-09-05T18:29:19+00:00\",\"dateModified\":\"2022-09-05T18:29:24+00:00\",\"author\":{\"@id\":\"https:\\\/\\\/www.manabi.gob.ec\\\/#\\\/schema\\\/person\\\/c4f117989332ad723a6ced5994aa7d7a\"},\"breadcrumb\":{\"@id\":\"https:\\\/\\\/www.manabi.gob.ec\\\/index.php\\\/mas-obras-para-puerto-lopez\\\/#breadcrumb\"},\"inLanguage\":\"es\",\"potentialAction\":[{\"@type\":\"ReadAction\",\"target\":[\"https:\\\/\\\/www.manabi.gob.ec\\\/index.php\\\/mas-obras-para-puerto-lopez\\\/\"]}]},{\"@type\":\"ImageObject\",\"inLanguage\":\"es\",\"@id\":\"https:\\\/\\\/www.manabi.gob.ec\\\/index.php\\\/mas-obras-para-puerto-lopez\\\/#primaryimage\",\"url\":\"https:\\\/\\\/www.manabi.gob.ec\\\/wp-content\\\/uploads\\\/2022\\\/09\\\/WhatsApp-Image-2022-08-30-at-8.18.55-PM.jpeg\",\"contentUrl\":\"https:\\\/\\\/www.manabi.gob.ec\\\/wp-content\\\/uploads\\\/2022\\\/09\\\/WhatsApp-Image-2022-08-30-at-8.18.55-PM.jpeg\",\"width\":1296,\"height\":864},{\"@type\":\"BreadcrumbList\",\"@id\":\"https:\\\/\\\/www.manabi.gob.ec\\\/index.php\\\/mas-obras-para-puerto-lopez\\\/#breadcrumb\",\"itemListElement\":[{\"@type\":\"ListItem\",\"position\":1,\"name\":\"Portada\",\"item\":\"https:\\\/\\\/www.manabi.gob.ec\\\/\"},{\"@type\":\"ListItem\",\"position\":2,\"name\":\"\u00a1M\u00c1S OBRAS PARA PUERTO L\u00d3PEZ!\"}]},{\"@type\":\"WebSite\",\"@id\":\"https:\\\/\\\/www.manabi.gob.ec\\\/#website\",\"url\":\"https:\\\/\\\/www.manabi.gob.ec\\\/\",\"name\":\"Prefectura de Manab\u00ed\",\"description\":\"P\u00e1gina web de la prefectura\",\"potentialAction\":[{\"@type\":\"SearchAction\",\"target\":{\"@type\":\"EntryPoint\",\"urlTemplate\":\"https:\\\/\\\/www.manabi.gob.ec\\\/?s={search_term_string}\"},\"query-input\":{\"@type\":\"PropertyValueSpecification\",\"valueRequired\":true,\"valueName\":\"search_term_string\"}}],\"inLanguage\":\"es\"},{\"@type\":\"Person\",\"@id\":\"https:\\\/\\\/www.manabi.gob.ec\\\/#\\\/schema\\\/person\\\/c4f117989332ad723a6ced5994aa7d7a\",\"name\":\"Lui Ochoa\",\"image\":{\"@type\":\"ImageObject\",\"inLanguage\":\"es\",\"@id\":\"https:\\\/\\\/secure.gravatar.com\\\/avatar\\\/6e8017d0fe69dead8a95864d2eb6e1e1d8bf8e01194ba49cf7b897ff038126ba?s=96&d=mm&r=g\",\"url\":\"https:\\\/\\\/secure.gravatar.com\\\/avatar\\\/6e8017d0fe69dead8a95864d2eb6e1e1d8bf8e01194ba49cf7b897ff038126ba?s=96&d=mm&r=g\",\"contentUrl\":\"https:\\\/\\\/secure.gravatar.com\\\/avatar\\\/6e8017d0fe69dead8a95864d2eb6e1e1d8bf8e01194ba49cf7b897ff038126ba?s=96&d=mm&r=g\",\"caption\":\"Lui Ochoa\"},\"url\":\"https:\\\/\\\/www.manabi.gob.ec\\\/index.php\\\/author\\\/lochoa\\\/\"}]}<\/script>\n<!-- \/ Yoast SEO plugin. -->","yoast_head_json":{"title":"\u00a1M\u00c1S OBRAS PARA PUERTO L\u00d3PEZ! - Prefectura de Manab\u00ed","robots":{"index":"index","follow":"follow","max-snippet":"max-snippet:-1","max-image-preview":"max-image-preview:large","max-video-preview":"max-video-preview:-1"},"canonical":"https:\/\/www.manabi.gob.ec\/index.php\/mas-obras-para-puerto-lopez\/","og_locale":"es_ES","og_type":"article","og_title":"\u00a1M\u00c1S OBRAS PARA PUERTO L\u00d3PEZ! - Prefectura de Manab\u00ed","og_description":"En el marco de la sesi\u00f3n solemne conmemorativa por el aniversario 28 de vida institucional del cant\u00f3n Puerto L\u00f3pez, este martes 30 de agosto, el prefecto, Leonardo Orlando, firm\u00f3 un convenio tripartito de co-gesti\u00f3n de obras para la construcci\u00f3n del malec\u00f3n tur\u00edstico de la parroquia Machalilla, obra que tiene un presupuesto referencial de $134.849,17 y [&hellip;]","og_url":"https:\/\/www.manabi.gob.ec\/index.php\/mas-obras-para-puerto-lopez\/","og_site_name":"Prefectura de Manab\u00ed","article_published_time":"2022-09-05T18:29:19+00:00","article_modified_time":"2022-09-05T18:29:24+00:00","og_image":[{"width":1296,"height":864,"url":"https:\/\/www.manabi.gob.ec\/wp-content\/uploads\/2022\/09\/WhatsApp-Image-2022-08-30-at-8.18.55-PM.jpeg","type":"image\/jpeg"}],"author":"Lui Ochoa","twitter_card":"summary_large_image","twitter_misc":{"Escrito por":"Lui Ochoa","Tiempo de lectura":"2 minutos"},"schema":{"@context":"https:\/\/schema.org","@graph":[{"@type":"Article","@id":"https:\/\/www.manabi.gob.ec\/index.php\/mas-obras-para-puerto-lopez\/#article","isPartOf":{"@id":"https:\/\/www.manabi.gob.ec\/index.php\/mas-obras-para-puerto-lopez\/"},"author":{"name":"Lui Ochoa","@id":"https:\/\/www.manabi.gob.ec\/#\/schema\/person\/c4f117989332ad723a6ced5994aa7d7a"},"headline":"\u00a1M\u00c1S OBRAS PARA PUERTO L\u00d3PEZ!","datePublished":"2022-09-05T18:29:19+00:00","dateModified":"2022-09-05T18:29:24+00:00","mainEntityOfPage":{"@id":"https:\/\/www.manabi.gob.ec\/index.php\/mas-obras-para-puerto-lopez\/"},"wordCount":248,"image":{"@id":"https:\/\/www.manabi.gob.ec\/index.php\/mas-obras-para-puerto-lopez\/#primaryimage"},"thumbnailUrl":"https:\/\/www.manabi.gob.ec\/wp-content\/uploads\/2022\/09\/WhatsApp-Image-2022-08-30-at-8.18.55-PM.jpeg","articleSection":["Desarrollo Social","Manab\u00ed Vial","Noticias","Obra P\u00fablica","Puerto L\u00f3pez","Todas"],"inLanguage":"es"},{"@type":"WebPage","@id":"https:\/\/www.manabi.gob.ec\/index.php\/mas-obras-para-puerto-lopez\/","url":"https:\/\/www.manabi.gob.ec\/index.php\/mas-obras-para-puerto-lopez\/","name":"\u00a1M\u00c1S OBRAS PARA PUERTO L\u00d3PEZ! - Prefectura de Manab\u00ed","isPartOf":{"@id":"https:\/\/www.manabi.gob.ec\/#website"},"primaryImageOfPage":{"@id":"https:\/\/www.manabi.gob.ec\/index.php\/mas-obras-para-puerto-lopez\/#primaryimage"},"image":{"@id":"https:\/\/www.manabi.gob.ec\/index.php\/mas-obras-para-puerto-lopez\/#primaryimage"},"thumbnailUrl":"https:\/\/www.manabi.gob.ec\/wp-content\/uploads\/2022\/09\/WhatsApp-Image-2022-08-30-at-8.18.55-PM.jpeg","datePublished":"2022-09-05T18:29:19+00:00","dateModified":"2022-09-05T18:29:24+00:00","author":{"@id":"https:\/\/www.manabi.gob.ec\/#\/schema\/person\/c4f117989332ad723a6ced5994aa7d7a"},"breadcrumb":{"@id":"https:\/\/www.manabi.gob.ec\/index.php\/mas-obras-para-puerto-lopez\/#breadcrumb"},"inLanguage":"es","potentialAction":[{"@type":"ReadAction","target":["https:\/\/www.manabi.gob.ec\/index.php\/mas-obras-para-puerto-lopez\/"]}]},{"@type":"ImageObject","inLanguage":"es","@id":"https:\/\/www.manabi.gob.ec\/index.php\/mas-obras-para-puerto-lopez\/#primaryimage","url":"https:\/\/www.manabi.gob.ec\/wp-content\/uploads\/2022\/09\/WhatsApp-Image-2022-08-30-at-8.18.55-PM.jpeg","contentUrl":"https:\/\/www.manabi.gob.ec\/wp-content\/uploads\/2022\/09\/WhatsApp-Image-2022-08-30-at-8.18.55-PM.jpeg","width":1296,"height":864},{"@type":"BreadcrumbList","@id":"https:\/\/www.manabi.gob.ec\/index.php\/mas-obras-para-puerto-lopez\/#breadcrumb","itemListElement":[{"@type":"ListItem","position":1,"name":"Portada","item":"https:\/\/www.manabi.gob.ec\/"},{"@type":"ListItem","position":2,"name":"\u00a1M\u00c1S OBRAS PARA PUERTO L\u00d3PEZ!"}]},{"@type":"WebSite","@id":"https:\/\/www.manabi.gob.ec\/#website","url":"https:\/\/www.manabi.gob.ec\/","name":"Prefectura de Manab\u00ed","description":"P\u00e1gina web de la prefectura","potentialAction":[{"@type":"SearchAction","target":{"@type":"EntryPoint","urlTemplate":"https:\/\/www.manabi.gob.ec\/?s={search_term_string}"},"query-input":{"@type":"PropertyValueSpecification","valueRequired":true,"valueName":"search_term_string"}}],"inLanguage":"es"},{"@type":"Person","@id":"https:\/\/www.manabi.gob.ec\/#\/schema\/person\/c4f117989332ad723a6ced5994aa7d7a","name":"Lui Ochoa","image":{"@type":"ImageObject","inLanguage":"es","@id":"https:\/\/secure.gravatar.com\/avatar\/6e8017d0fe69dead8a95864d2eb6e1e1d8bf8e01194ba49cf7b897ff038126ba?s=96&d=mm&r=g","url":"https:\/\/secure.gravatar.com\/avatar\/6e8017d0fe69dead8a95864d2eb6e1e1d8bf8e01194ba49cf7b897ff038126ba?s=96&d=mm&r=g","contentUrl":"https:\/\/secure.gravatar.com\/avatar\/6e8017d0fe69dead8a95864d2eb6e1e1d8bf8e01194ba49cf7b897ff038126ba?s=96&d=mm&r=g","caption":"Lui Ochoa"},"url":"https:\/\/www.manabi.gob.ec\/index.php\/author\/lochoa\/"}]}},"jetpack_featured_media_url":"https:\/\/www.manabi.gob.ec\/wp-content\/uploads\/2022\/09\/WhatsApp-Image-2022-08-30-at-8.18.55-PM.jpeg","_links":{"self":[{"href":"https:\/\/www.manabi.gob.ec\/index.php\/wp-json\/wp\/v2\/posts\/22060","targetHints":{"allow":["GET"]}}],"collection":[{"href":"https:\/\/www.manabi.gob.ec\/index.php\/wp-json\/wp\/v2\/posts"}],"about":[{"href":"https:\/\/www.manabi.gob.ec\/index.php\/wp-json\/wp\/v2\/types\/post"}],"author":[{"embeddable":true,"href":"https:\/\/www.manabi.gob.ec\/index.php\/wp-json\/wp\/v2\/users\/10"}],"replies":[{"embeddable":true,"href":"https:\/\/www.manabi.gob.ec\/index.php\/wp-json\/wp\/v2\/comments?post=22060"}],"version-history":[{"count":0,"href":"https:\/\/www.manabi.gob.ec\/index.php\/wp-json\/wp\/v2\/posts\/22060\/revisions"}],"wp:featuredmedia":[{"embeddable":true,"href":"https:\/\/www.manabi.gob.ec\/index.php\/wp-json\/wp\/v2\/media\/22061"}],"wp:attachment":[{"href":"https:\/\/www.manabi.gob.ec\/index.php\/wp-json\/wp\/v2\/media?parent=22060"}],"wp:term":[{"taxonomy":"category","embeddable":true,"href":"https:\/\/www.manabi.gob.ec\/index.php\/wp-json\/wp\/v2\/categories?post=22060"},{"taxonomy":"post_tag","embeddable":true,"href":"https:\/\/www.manabi.gob.ec\/index.php\/wp-json\/wp\/v2\/tags?post=22060"}],"curies":[{"name":"wp","href":"https:\/\/api.w.org\/{rel}","templated":true}]}}