{"id":22066,"date":"2022-09-05T18:59:58","date_gmt":"2022-09-05T18:59:58","guid":{"rendered":"https:\/\/www.manabi.gob.ec\/?p=22066"},"modified":"2022-09-05T19:00:03","modified_gmt":"2022-09-05T19:00:03","slug":"las-obras-en-olmedo-nadie-las-puede-ocultar","status":"publish","type":"post","link":"https:\/\/www.manabi.gob.ec\/index.php\/las-obras-en-olmedo-nadie-las-puede-ocultar\/","title":{"rendered":"\u00a1LAS OBRAS EN OLMEDO NADIE LAS PUEDE OCULTAR!"},"content":{"rendered":"\n<p>Este 31 de agosto, el prefecto de Manab\u00ed, Leonardo Orlando, particip\u00f3 en la sesi\u00f3n solemne por la conmemoraci\u00f3n de los 28 a\u00f1os de cantonizaci\u00f3n de Olmedo.<br>La primera autoridad indic\u00f3 que la inversi\u00f3n en obras para este cant\u00f3n es de 3&#8217;598.090,92 d\u00f3lares.<br>En su intervenci\u00f3n destac\u00f3 el trabajo articulado con el GAD municipal para ejecutar proyectos para el progreso del cant\u00f3n, y ratific\u00f3 su compromiso de seguir trabajando por cada uno de los cantones de la provincia de Manab\u00ed, para lograr el desarrollo con justicia y equidad.<br>El alcalde del cant\u00f3n, Fausto Gelipe Aviles, agradeci\u00f3 al prefecto Orlando por la inversi\u00f3n para Olmedo, atenci\u00f3n nunca hecha en otra administraci\u00f3n seg\u00fan manifest\u00f3.<br>\u201cSe\u00f1or Prefecto, las obras nadie las podr\u00e1 ocultar; muchas gracias\u201d, dijo Avil\u00e9s.<br>La celebraci\u00f3n de la sesi\u00f3n solemne se realiz\u00f3 en la plazoleta de Olmedo, con la presencia de decenas de ciudadanos, y fueron condecoradas varias personas por el accionar en beneficio del cant\u00f3n.<\/p>\n\n\n\n<p>ANUNCIOS.<br>El Prefecto anunci\u00f3 que se cuenta con los estudios definitivos de la v\u00eda Paj\u00e1n Olmedo de 40 kil\u00f3metros, y se ha priorizado la b\u00fasqueda&nbsp; para el financiamiento del tramo de 12 Km de la v\u00eda Olmedo &#8211; Las Mercedes. Tambi\u00e9n se encuentran listos los estudios para varias obras de drenaje en los sitios Boquer\u00f3n Adentro, Canoa y Las Yucas ; y del puente de hormig\u00f3n armado sobre el r\u00edo Pescado en la v\u00eda Pajita &#8211; Pescado Arriba.<\/p>\n\n\n\n<p>Adem\u00e1s est\u00e1n elaborados los estudios de las v\u00edas Andico &#8211; Pescado a nivel de doble riego asf\u00e1ltico DTSB que conecta al puente sobre el r\u00edo Pescado; as\u00ed como tambi\u00e9n la v\u00eda que contin\u00faa desde la Av. Manab\u00ed hasta el Puente F\u00e9lix Men\u00e9ndez, en el sitio San Roque.<\/p>\n","protected":false},"excerpt":{"rendered":"<p>Este 31 de agosto, el prefecto de Manab\u00ed, Leonardo Orlando, particip\u00f3 en la sesi\u00f3n solemne por la conmemoraci\u00f3n de los 28 a\u00f1os de cantonizaci\u00f3n de Olmedo.La primera autoridad indic\u00f3 que la inversi\u00f3n en obras para este cant\u00f3n es de 3&#8217;598.090,92 d\u00f3lares.En su intervenci\u00f3n destac\u00f3 el trabajo articulado con el GAD municipal para ejecutar proyectos para [&hellip;]<\/p>\n","protected":false},"author":10,"featured_media":22067,"comment_status":"closed","ping_status":"closed","sticky":false,"template":"","format":"standard","meta":{"_joinchat":[],"footnotes":""},"categories":[142,152,181,220,91,127],"tags":[],"class_list":["post-22066","post","type-post","status-publish","format-standard","has-post-thumbnail","hentry","category-desarrollo-social","category-novillo","category-obra-publica","category-olmedo","category-todas","category-vialidad"],"yoast_head":"<!-- This site is optimized with the Yoast SEO plugin v27.4 - https:\/\/yoast.com\/product\/yoast-seo-wordpress\/ -->\n<title>\u00a1LAS OBRAS EN OLMEDO NADIE LAS PUEDE OCULTAR! - Prefectura de Manab\u00ed<\/title>\n<meta name=\"robots\" content=\"index, follow, max-snippet:-1, max-image-preview:large, max-video-preview:-1\" \/>\n<link rel=\"canonical\" href=\"https:\/\/www.manabi.gob.ec\/index.php\/las-obras-en-olmedo-nadie-las-puede-ocultar\/\" \/>\n<meta property=\"og:locale\" content=\"es_ES\" \/>\n<meta property=\"og:type\" content=\"article\" \/>\n<meta property=\"og:title\" content=\"\u00a1LAS OBRAS EN OLMEDO NADIE LAS PUEDE OCULTAR! - Prefectura de Manab\u00ed\" \/>\n<meta property=\"og:description\" content=\"Este 31 de agosto, el prefecto de Manab\u00ed, Leonardo Orlando, particip\u00f3 en la sesi\u00f3n solemne por la conmemoraci\u00f3n de los 28 a\u00f1os de cantonizaci\u00f3n de Olmedo.La primera autoridad indic\u00f3 que la inversi\u00f3n en obras para este cant\u00f3n es de 3&#8217;598.090,92 d\u00f3lares.En su intervenci\u00f3n destac\u00f3 el trabajo articulado con el GAD municipal para ejecutar proyectos para [&hellip;]\" \/>\n<meta property=\"og:url\" content=\"https:\/\/www.manabi.gob.ec\/index.php\/las-obras-en-olmedo-nadie-las-puede-ocultar\/\" \/>\n<meta property=\"og:site_name\" content=\"Prefectura de Manab\u00ed\" \/>\n<meta property=\"article:published_time\" content=\"2022-09-05T18:59:58+00:00\" \/>\n<meta property=\"article:modified_time\" content=\"2022-09-05T19:00:03+00:00\" \/>\n<meta property=\"og:image\" content=\"https:\/\/www.manabi.gob.ec\/wp-content\/uploads\/2022\/09\/WhatsApp-Image-2022-09-01-at-11.27.41-AM.jpeg\" \/>\n\t<meta property=\"og:image:width\" content=\"1280\" \/>\n\t<meta property=\"og:image:height\" content=\"855\" \/>\n\t<meta property=\"og:image:type\" content=\"image\/jpeg\" \/>\n<meta name=\"author\" content=\"Lui Ochoa\" \/>\n<meta name=\"twitter:card\" content=\"summary_large_image\" \/>\n<meta name=\"twitter:label1\" content=\"Escrito por\" \/>\n\t<meta name=\"twitter:data1\" content=\"Lui Ochoa\" \/>\n\t<meta name=\"twitter:label2\" content=\"Tiempo de lectura\" \/>\n\t<meta name=\"twitter:data2\" content=\"2 minutos\" \/>\n<script type=\"application\/ld+json\" class=\"yoast-schema-graph\">{\"@context\":\"https:\\\/\\\/schema.org\",\"@graph\":[{\"@type\":\"Article\",\"@id\":\"https:\\\/\\\/www.manabi.gob.ec\\\/index.php\\\/las-obras-en-olmedo-nadie-las-puede-ocultar\\\/#article\",\"isPartOf\":{\"@id\":\"https:\\\/\\\/www.manabi.gob.ec\\\/index.php\\\/las-obras-en-olmedo-nadie-las-puede-ocultar\\\/\"},\"author\":{\"name\":\"Lui Ochoa\",\"@id\":\"https:\\\/\\\/www.manabi.gob.ec\\\/#\\\/schema\\\/person\\\/c4f117989332ad723a6ced5994aa7d7a\"},\"headline\":\"\u00a1LAS OBRAS EN OLMEDO NADIE LAS PUEDE OCULTAR!\",\"datePublished\":\"2022-09-05T18:59:58+00:00\",\"dateModified\":\"2022-09-05T19:00:03+00:00\",\"mainEntityOfPage\":{\"@id\":\"https:\\\/\\\/www.manabi.gob.ec\\\/index.php\\\/las-obras-en-olmedo-nadie-las-puede-ocultar\\\/\"},\"wordCount\":323,\"image\":{\"@id\":\"https:\\\/\\\/www.manabi.gob.ec\\\/index.php\\\/las-obras-en-olmedo-nadie-las-puede-ocultar\\\/#primaryimage\"},\"thumbnailUrl\":\"https:\\\/\\\/www.manabi.gob.ec\\\/wp-content\\\/uploads\\\/2022\\\/09\\\/WhatsApp-Image-2022-09-01-at-11.27.41-AM.jpeg\",\"articleSection\":[\"Desarrollo Social\",\"Novillo\",\"Obra P\u00fablica\",\"Olmedo\",\"Todas\",\"Vialidad\"],\"inLanguage\":\"es\"},{\"@type\":\"WebPage\",\"@id\":\"https:\\\/\\\/www.manabi.gob.ec\\\/index.php\\\/las-obras-en-olmedo-nadie-las-puede-ocultar\\\/\",\"url\":\"https:\\\/\\\/www.manabi.gob.ec\\\/index.php\\\/las-obras-en-olmedo-nadie-las-puede-ocultar\\\/\",\"name\":\"\u00a1LAS OBRAS EN OLMEDO NADIE LAS PUEDE OCULTAR! - Prefectura de Manab\u00ed\",\"isPartOf\":{\"@id\":\"https:\\\/\\\/www.manabi.gob.ec\\\/#website\"},\"primaryImageOfPage\":{\"@id\":\"https:\\\/\\\/www.manabi.gob.ec\\\/index.php\\\/las-obras-en-olmedo-nadie-las-puede-ocultar\\\/#primaryimage\"},\"image\":{\"@id\":\"https:\\\/\\\/www.manabi.gob.ec\\\/index.php\\\/las-obras-en-olmedo-nadie-las-puede-ocultar\\\/#primaryimage\"},\"thumbnailUrl\":\"https:\\\/\\\/www.manabi.gob.ec\\\/wp-content\\\/uploads\\\/2022\\\/09\\\/WhatsApp-Image-2022-09-01-at-11.27.41-AM.jpeg\",\"datePublished\":\"2022-09-05T18:59:58+00:00\",\"dateModified\":\"2022-09-05T19:00:03+00:00\",\"author\":{\"@id\":\"https:\\\/\\\/www.manabi.gob.ec\\\/#\\\/schema\\\/person\\\/c4f117989332ad723a6ced5994aa7d7a\"},\"breadcrumb\":{\"@id\":\"https:\\\/\\\/www.manabi.gob.ec\\\/index.php\\\/las-obras-en-olmedo-nadie-las-puede-ocultar\\\/#breadcrumb\"},\"inLanguage\":\"es\",\"potentialAction\":[{\"@type\":\"ReadAction\",\"target\":[\"https:\\\/\\\/www.manabi.gob.ec\\\/index.php\\\/las-obras-en-olmedo-nadie-las-puede-ocultar\\\/\"]}]},{\"@type\":\"ImageObject\",\"inLanguage\":\"es\",\"@id\":\"https:\\\/\\\/www.manabi.gob.ec\\\/index.php\\\/las-obras-en-olmedo-nadie-las-puede-ocultar\\\/#primaryimage\",\"url\":\"https:\\\/\\\/www.manabi.gob.ec\\\/wp-content\\\/uploads\\\/2022\\\/09\\\/WhatsApp-Image-2022-09-01-at-11.27.41-AM.jpeg\",\"contentUrl\":\"https:\\\/\\\/www.manabi.gob.ec\\\/wp-content\\\/uploads\\\/2022\\\/09\\\/WhatsApp-Image-2022-09-01-at-11.27.41-AM.jpeg\",\"width\":1280,\"height\":855},{\"@type\":\"BreadcrumbList\",\"@id\":\"https:\\\/\\\/www.manabi.gob.ec\\\/index.php\\\/las-obras-en-olmedo-nadie-las-puede-ocultar\\\/#breadcrumb\",\"itemListElement\":[{\"@type\":\"ListItem\",\"position\":1,\"name\":\"Portada\",\"item\":\"https:\\\/\\\/www.manabi.gob.ec\\\/\"},{\"@type\":\"ListItem\",\"position\":2,\"name\":\"\u00a1LAS OBRAS EN OLMEDO NADIE LAS PUEDE OCULTAR!\"}]},{\"@type\":\"WebSite\",\"@id\":\"https:\\\/\\\/www.manabi.gob.ec\\\/#website\",\"url\":\"https:\\\/\\\/www.manabi.gob.ec\\\/\",\"name\":\"Prefectura de Manab\u00ed\",\"description\":\"P\u00e1gina web de la prefectura\",\"potentialAction\":[{\"@type\":\"SearchAction\",\"target\":{\"@type\":\"EntryPoint\",\"urlTemplate\":\"https:\\\/\\\/www.manabi.gob.ec\\\/?s={search_term_string}\"},\"query-input\":{\"@type\":\"PropertyValueSpecification\",\"valueRequired\":true,\"valueName\":\"search_term_string\"}}],\"inLanguage\":\"es\"},{\"@type\":\"Person\",\"@id\":\"https:\\\/\\\/www.manabi.gob.ec\\\/#\\\/schema\\\/person\\\/c4f117989332ad723a6ced5994aa7d7a\",\"name\":\"Lui Ochoa\",\"image\":{\"@type\":\"ImageObject\",\"inLanguage\":\"es\",\"@id\":\"https:\\\/\\\/secure.gravatar.com\\\/avatar\\\/6e8017d0fe69dead8a95864d2eb6e1e1d8bf8e01194ba49cf7b897ff038126ba?s=96&d=mm&r=g\",\"url\":\"https:\\\/\\\/secure.gravatar.com\\\/avatar\\\/6e8017d0fe69dead8a95864d2eb6e1e1d8bf8e01194ba49cf7b897ff038126ba?s=96&d=mm&r=g\",\"contentUrl\":\"https:\\\/\\\/secure.gravatar.com\\\/avatar\\\/6e8017d0fe69dead8a95864d2eb6e1e1d8bf8e01194ba49cf7b897ff038126ba?s=96&d=mm&r=g\",\"caption\":\"Lui Ochoa\"},\"url\":\"https:\\\/\\\/www.manabi.gob.ec\\\/index.php\\\/author\\\/lochoa\\\/\"}]}<\/script>\n<!-- \/ Yoast SEO plugin. -->","yoast_head_json":{"title":"\u00a1LAS OBRAS EN OLMEDO NADIE LAS PUEDE OCULTAR! - Prefectura de Manab\u00ed","robots":{"index":"index","follow":"follow","max-snippet":"max-snippet:-1","max-image-preview":"max-image-preview:large","max-video-preview":"max-video-preview:-1"},"canonical":"https:\/\/www.manabi.gob.ec\/index.php\/las-obras-en-olmedo-nadie-las-puede-ocultar\/","og_locale":"es_ES","og_type":"article","og_title":"\u00a1LAS OBRAS EN OLMEDO NADIE LAS PUEDE OCULTAR! - Prefectura de Manab\u00ed","og_description":"Este 31 de agosto, el prefecto de Manab\u00ed, Leonardo Orlando, particip\u00f3 en la sesi\u00f3n solemne por la conmemoraci\u00f3n de los 28 a\u00f1os de cantonizaci\u00f3n de Olmedo.La primera autoridad indic\u00f3 que la inversi\u00f3n en obras para este cant\u00f3n es de 3&#8217;598.090,92 d\u00f3lares.En su intervenci\u00f3n destac\u00f3 el trabajo articulado con el GAD municipal para ejecutar proyectos para [&hellip;]","og_url":"https:\/\/www.manabi.gob.ec\/index.php\/las-obras-en-olmedo-nadie-las-puede-ocultar\/","og_site_name":"Prefectura de Manab\u00ed","article_published_time":"2022-09-05T18:59:58+00:00","article_modified_time":"2022-09-05T19:00:03+00:00","og_image":[{"width":1280,"height":855,"url":"https:\/\/www.manabi.gob.ec\/wp-content\/uploads\/2022\/09\/WhatsApp-Image-2022-09-01-at-11.27.41-AM.jpeg","type":"image\/jpeg"}],"author":"Lui Ochoa","twitter_card":"summary_large_image","twitter_misc":{"Escrito por":"Lui Ochoa","Tiempo de lectura":"2 minutos"},"schema":{"@context":"https:\/\/schema.org","@graph":[{"@type":"Article","@id":"https:\/\/www.manabi.gob.ec\/index.php\/las-obras-en-olmedo-nadie-las-puede-ocultar\/#article","isPartOf":{"@id":"https:\/\/www.manabi.gob.ec\/index.php\/las-obras-en-olmedo-nadie-las-puede-ocultar\/"},"author":{"name":"Lui Ochoa","@id":"https:\/\/www.manabi.gob.ec\/#\/schema\/person\/c4f117989332ad723a6ced5994aa7d7a"},"headline":"\u00a1LAS OBRAS EN OLMEDO NADIE LAS PUEDE OCULTAR!","datePublished":"2022-09-05T18:59:58+00:00","dateModified":"2022-09-05T19:00:03+00:00","mainEntityOfPage":{"@id":"https:\/\/www.manabi.gob.ec\/index.php\/las-obras-en-olmedo-nadie-las-puede-ocultar\/"},"wordCount":323,"image":{"@id":"https:\/\/www.manabi.gob.ec\/index.php\/las-obras-en-olmedo-nadie-las-puede-ocultar\/#primaryimage"},"thumbnailUrl":"https:\/\/www.manabi.gob.ec\/wp-content\/uploads\/2022\/09\/WhatsApp-Image-2022-09-01-at-11.27.41-AM.jpeg","articleSection":["Desarrollo Social","Novillo","Obra P\u00fablica","Olmedo","Todas","Vialidad"],"inLanguage":"es"},{"@type":"WebPage","@id":"https:\/\/www.manabi.gob.ec\/index.php\/las-obras-en-olmedo-nadie-las-puede-ocultar\/","url":"https:\/\/www.manabi.gob.ec\/index.php\/las-obras-en-olmedo-nadie-las-puede-ocultar\/","name":"\u00a1LAS OBRAS EN OLMEDO NADIE LAS PUEDE OCULTAR! - Prefectura de Manab\u00ed","isPartOf":{"@id":"https:\/\/www.manabi.gob.ec\/#website"},"primaryImageOfPage":{"@id":"https:\/\/www.manabi.gob.ec\/index.php\/las-obras-en-olmedo-nadie-las-puede-ocultar\/#primaryimage"},"image":{"@id":"https:\/\/www.manabi.gob.ec\/index.php\/las-obras-en-olmedo-nadie-las-puede-ocultar\/#primaryimage"},"thumbnailUrl":"https:\/\/www.manabi.gob.ec\/wp-content\/uploads\/2022\/09\/WhatsApp-Image-2022-09-01-at-11.27.41-AM.jpeg","datePublished":"2022-09-05T18:59:58+00:00","dateModified":"2022-09-05T19:00:03+00:00","author":{"@id":"https:\/\/www.manabi.gob.ec\/#\/schema\/person\/c4f117989332ad723a6ced5994aa7d7a"},"breadcrumb":{"@id":"https:\/\/www.manabi.gob.ec\/index.php\/las-obras-en-olmedo-nadie-las-puede-ocultar\/#breadcrumb"},"inLanguage":"es","potentialAction":[{"@type":"ReadAction","target":["https:\/\/www.manabi.gob.ec\/index.php\/las-obras-en-olmedo-nadie-las-puede-ocultar\/"]}]},{"@type":"ImageObject","inLanguage":"es","@id":"https:\/\/www.manabi.gob.ec\/index.php\/las-obras-en-olmedo-nadie-las-puede-ocultar\/#primaryimage","url":"https:\/\/www.manabi.gob.ec\/wp-content\/uploads\/2022\/09\/WhatsApp-Image-2022-09-01-at-11.27.41-AM.jpeg","contentUrl":"https:\/\/www.manabi.gob.ec\/wp-content\/uploads\/2022\/09\/WhatsApp-Image-2022-09-01-at-11.27.41-AM.jpeg","width":1280,"height":855},{"@type":"BreadcrumbList","@id":"https:\/\/www.manabi.gob.ec\/index.php\/las-obras-en-olmedo-nadie-las-puede-ocultar\/#breadcrumb","itemListElement":[{"@type":"ListItem","position":1,"name":"Portada","item":"https:\/\/www.manabi.gob.ec\/"},{"@type":"ListItem","position":2,"name":"\u00a1LAS OBRAS EN OLMEDO NADIE LAS PUEDE OCULTAR!"}]},{"@type":"WebSite","@id":"https:\/\/www.manabi.gob.ec\/#website","url":"https:\/\/www.manabi.gob.ec\/","name":"Prefectura de Manab\u00ed","description":"P\u00e1gina web de la prefectura","potentialAction":[{"@type":"SearchAction","target":{"@type":"EntryPoint","urlTemplate":"https:\/\/www.manabi.gob.ec\/?s={search_term_string}"},"query-input":{"@type":"PropertyValueSpecification","valueRequired":true,"valueName":"search_term_string"}}],"inLanguage":"es"},{"@type":"Person","@id":"https:\/\/www.manabi.gob.ec\/#\/schema\/person\/c4f117989332ad723a6ced5994aa7d7a","name":"Lui Ochoa","image":{"@type":"ImageObject","inLanguage":"es","@id":"https:\/\/secure.gravatar.com\/avatar\/6e8017d0fe69dead8a95864d2eb6e1e1d8bf8e01194ba49cf7b897ff038126ba?s=96&d=mm&r=g","url":"https:\/\/secure.gravatar.com\/avatar\/6e8017d0fe69dead8a95864d2eb6e1e1d8bf8e01194ba49cf7b897ff038126ba?s=96&d=mm&r=g","contentUrl":"https:\/\/secure.gravatar.com\/avatar\/6e8017d0fe69dead8a95864d2eb6e1e1d8bf8e01194ba49cf7b897ff038126ba?s=96&d=mm&r=g","caption":"Lui Ochoa"},"url":"https:\/\/www.manabi.gob.ec\/index.php\/author\/lochoa\/"}]}},"jetpack_featured_media_url":"https:\/\/www.manabi.gob.ec\/wp-content\/uploads\/2022\/09\/WhatsApp-Image-2022-09-01-at-11.27.41-AM.jpeg","_links":{"self":[{"href":"https:\/\/www.manabi.gob.ec\/index.php\/wp-json\/wp\/v2\/posts\/22066","targetHints":{"allow":["GET"]}}],"collection":[{"href":"https:\/\/www.manabi.gob.ec\/index.php\/wp-json\/wp\/v2\/posts"}],"about":[{"href":"https:\/\/www.manabi.gob.ec\/index.php\/wp-json\/wp\/v2\/types\/post"}],"author":[{"embeddable":true,"href":"https:\/\/www.manabi.gob.ec\/index.php\/wp-json\/wp\/v2\/users\/10"}],"replies":[{"embeddable":true,"href":"https:\/\/www.manabi.gob.ec\/index.php\/wp-json\/wp\/v2\/comments?post=22066"}],"version-history":[{"count":0,"href":"https:\/\/www.manabi.gob.ec\/index.php\/wp-json\/wp\/v2\/posts\/22066\/revisions"}],"wp:featuredmedia":[{"embeddable":true,"href":"https:\/\/www.manabi.gob.ec\/index.php\/wp-json\/wp\/v2\/media\/22067"}],"wp:attachment":[{"href":"https:\/\/www.manabi.gob.ec\/index.php\/wp-json\/wp\/v2\/media?parent=22066"}],"wp:term":[{"taxonomy":"category","embeddable":true,"href":"https:\/\/www.manabi.gob.ec\/index.php\/wp-json\/wp\/v2\/categories?post=22066"},{"taxonomy":"post_tag","embeddable":true,"href":"https:\/\/www.manabi.gob.ec\/index.php\/wp-json\/wp\/v2\/tags?post=22066"}],"curies":[{"name":"wp","href":"https:\/\/api.w.org\/{rel}","templated":true}]}}