{"id":22098,"date":"2022-09-12T15:02:08","date_gmt":"2022-09-12T15:02:08","guid":{"rendered":"https:\/\/www.manabi.gob.ec\/?p=22098"},"modified":"2022-09-12T15:17:48","modified_gmt":"2022-09-12T15:17:48","slug":"trabajamos-contra-la-violencia-y-la-trata-de-personas","status":"publish","type":"post","link":"https:\/\/www.manabi.gob.ec\/index.php\/trabajamos-contra-la-violencia-y-la-trata-de-personas\/","title":{"rendered":"\u00a1TRABAJAMOS CONTRA LA VIOLENCIA Y LA TRATA DE PERSONAS!"},"content":{"rendered":"\n<p>Se realiza socializaci\u00f3n del Proyecto de Cooperaci\u00f3n Internacional \u201cRomper la normalizaci\u00f3n de la violencia de g\u00e9nero para prevenir e intervenir, Ecuador 2022\u201d.<\/p>\n\n\n\n<p>La direcci\u00f3n de Desarrollo Social de la Prefectura de Manab\u00ed, Fundaci\u00f3n Mujeres en Acci\u00f3n, Fundaci\u00f3n Nuevos Horizontes, Momuncaji, la Universidad T\u00e9cnica de Manab\u00ed y Trabajadoras Sociales, participaron del Conversatorio de Socializaci\u00f3n del Proyecto de Cooperaci\u00f3n Internacional \u201cRomper la normalizaci\u00f3n de la violencia de g\u00e9nero para prevenir e intervenir, Ecuador 2022\u201d, brindado por la Dra. Vicenta Rodr\u00edguez Mart\u00edn, docente investigadora social de la Universidad Castilla &#8211; La Mancha de Espa\u00f1a.<\/p>\n\n\n\n<p><br>Este taller se desarroll\u00f3 en el auditorio de la Prefectura de Manab\u00ed, y su objetivo es trabajar para erradicar las creencias de violencia, sobre todo centradas en la trata de personas; adem\u00e1s de buscar la cooperaci\u00f3n de varias instituciones como ejes estrat\u00e9gicos para prevenci\u00f3n, sensibilizaci\u00f3n y capacitaci\u00f3n de este delicado tema.<\/p>\n\n\n\n<p><br>\u201cEste proyecto se puede aplicar con la poblaci\u00f3n joven, con personal que tome decisiones pol\u00edticas y con profesionales que intervienen en el \u00e1mbito socioeducativo; hay que reconocer que existen creencias sexistas, que se normalizan todos los comportamientos porque hay procesos socioculturales bien arraigados; entonces se tiene que trabajar con distintos sectores poblacionales, con objetivos diferentes y hablar de la trata sexual y violencia sexual, que a trav\u00e9s de un estudio se identifica a nivel regional en un \u00edndice elevado\u201d, expres\u00f3 la expositora Vicenta Rodr\u00edguez Mart\u00edn.<\/p>\n","protected":false},"excerpt":{"rendered":"<p>Se realiza socializaci\u00f3n del Proyecto de Cooperaci\u00f3n Internacional \u201cRomper la normalizaci\u00f3n de la violencia de g\u00e9nero para prevenir e intervenir, Ecuador 2022\u201d. La direcci\u00f3n de Desarrollo Social de la Prefectura de Manab\u00ed, Fundaci\u00f3n Mujeres en Acci\u00f3n, Fundaci\u00f3n Nuevos Horizontes, Momuncaji, la Universidad T\u00e9cnica de Manab\u00ed y Trabajadoras Sociales, participaron del Conversatorio de Socializaci\u00f3n del Proyecto [&hellip;]<\/p>\n","protected":false},"author":10,"featured_media":22099,"comment_status":"closed","ping_status":"closed","sticky":false,"template":"","format":"standard","meta":{"_joinchat":[],"footnotes":""},"categories":[142,224,92,193,91],"tags":[],"class_list":["post-22098","post","type-post","status-publish","format-standard","has-post-thumbnail","hentry","category-desarrollo-social","category-mujeres","category-noticias-manabi","category-participacion-ciudadana","category-todas"],"yoast_head":"<!-- This site is optimized with the Yoast SEO plugin v27.4 - https:\/\/yoast.com\/product\/yoast-seo-wordpress\/ -->\n<title>\u00a1TRABAJAMOS CONTRA LA VIOLENCIA Y LA TRATA DE PERSONAS! - Prefectura de Manab\u00ed<\/title>\n<meta name=\"description\" content=\"Se realiza socializaci\u00f3n del Proyecto de Cooperaci\u00f3n Internacional \u201cRomper la normalizaci\u00f3n de la violencia de g\u00e9nero para prevenir e intervenir, Ecuador 2022\u201d.La direcci\u00f3n de Desarrollo Social de la Prefectura de Manab\u00ed, Fundaci\u00f3n Mujeres en Acci\u00f3n, Fundaci\u00f3n Nuevos Horizontes, Momuncaji, la Universidad T\u00e9cnica de Manab\u00ed y Trabajadoras Sociales, participaron del Conversatorio de Socializaci\u00f3n del Proyecto de Cooperaci\u00f3n Internacional \u201cRomper la normalizaci\u00f3n de la violencia de g\u00e9nero para prevenir e intervenir, Ecuador 2022\u201d, brindado por la Dra. Vicenta Rodr\u00edguez Mart\u00edn, docente investigadora social de la Universidad Castilla - La Mancha de Espa\u00f1a.Este taller se desarroll\u00f3 en el auditorio de la Prefectura de Manab\u00ed, y su objetivo es trabajar para erradicar las creencias de violencia, sobre todo centradas en la trata de personas; adem\u00e1s de buscar la cooperaci\u00f3n de varias instituciones como ejes estrat\u00e9gicos para prevenci\u00f3n, sensibilizaci\u00f3n y capacitaci\u00f3n de este delicado tema.\u201cEste proyecto se puede aplicar con la poblaci\u00f3n joven, con personal que tome decisiones pol\u00edticas y con profesionales que intervienen en el \u00e1mbito socioeducativo; hay que reconocer que existen creencias sexistas, que se normalizan todos los comportamientos porque hay procesos socioculturales bien arraigados; entonces se tiene que trabajar con distintos sectores poblacionales, con objetivos diferentes y hablar de la trata sexual y violencia sexual, que a trav\u00e9s de un estudio se identifica a nivel regional en un \u00edndice elevado\u201d, expres\u00f3 la expositora Vicenta Rodr\u00edguez Mart\u00edn.\" \/>\n<meta name=\"robots\" content=\"index, follow, max-snippet:-1, max-image-preview:large, max-video-preview:-1\" \/>\n<link rel=\"canonical\" href=\"https:\/\/www.manabi.gob.ec\/index.php\/trabajamos-contra-la-violencia-y-la-trata-de-personas\/\" \/>\n<meta property=\"og:locale\" content=\"es_ES\" \/>\n<meta property=\"og:type\" content=\"article\" \/>\n<meta property=\"og:title\" content=\"\u00a1TRABAJAMOS CONTRA LA VIOLENCIA Y LA TRATA DE PERSONAS! - Prefectura de Manab\u00ed\" \/>\n<meta property=\"og:description\" content=\"Se realiza socializaci\u00f3n del Proyecto de Cooperaci\u00f3n Internacional \u201cRomper la normalizaci\u00f3n de la violencia de g\u00e9nero para prevenir e intervenir, Ecuador 2022\u201d.La direcci\u00f3n de Desarrollo Social de la Prefectura de Manab\u00ed, Fundaci\u00f3n Mujeres en Acci\u00f3n, Fundaci\u00f3n Nuevos Horizontes, Momuncaji, la Universidad T\u00e9cnica de Manab\u00ed y Trabajadoras Sociales, participaron del Conversatorio de Socializaci\u00f3n del Proyecto de Cooperaci\u00f3n Internacional \u201cRomper la normalizaci\u00f3n de la violencia de g\u00e9nero para prevenir e intervenir, Ecuador 2022\u201d, brindado por la Dra. Vicenta Rodr\u00edguez Mart\u00edn, docente investigadora social de la Universidad Castilla - La Mancha de Espa\u00f1a.Este taller se desarroll\u00f3 en el auditorio de la Prefectura de Manab\u00ed, y su objetivo es trabajar para erradicar las creencias de violencia, sobre todo centradas en la trata de personas; adem\u00e1s de buscar la cooperaci\u00f3n de varias instituciones como ejes estrat\u00e9gicos para prevenci\u00f3n, sensibilizaci\u00f3n y capacitaci\u00f3n de este delicado tema.\u201cEste proyecto se puede aplicar con la poblaci\u00f3n joven, con personal que tome decisiones pol\u00edticas y con profesionales que intervienen en el \u00e1mbito socioeducativo; hay que reconocer que existen creencias sexistas, que se normalizan todos los comportamientos porque hay procesos socioculturales bien arraigados; entonces se tiene que trabajar con distintos sectores poblacionales, con objetivos diferentes y hablar de la trata sexual y violencia sexual, que a trav\u00e9s de un estudio se identifica a nivel regional en un \u00edndice elevado\u201d, expres\u00f3 la expositora Vicenta Rodr\u00edguez Mart\u00edn.\" \/>\n<meta property=\"og:url\" content=\"https:\/\/www.manabi.gob.ec\/index.php\/trabajamos-contra-la-violencia-y-la-trata-de-personas\/\" \/>\n<meta property=\"og:site_name\" content=\"Prefectura de Manab\u00ed\" \/>\n<meta property=\"article:published_time\" content=\"2022-09-12T15:02:08+00:00\" \/>\n<meta property=\"article:modified_time\" content=\"2022-09-12T15:17:48+00:00\" \/>\n<meta property=\"og:image\" content=\"https:\/\/www.manabi.gob.ec\/wp-content\/uploads\/2022\/09\/WhatsApp-Image-2022-09-07-at-6.12.25-PM.jpeg\" \/>\n\t<meta property=\"og:image:width\" content=\"1599\" \/>\n\t<meta property=\"og:image:height\" content=\"1066\" \/>\n\t<meta property=\"og:image:type\" content=\"image\/jpeg\" \/>\n<meta name=\"author\" content=\"Lui Ochoa\" \/>\n<meta name=\"twitter:card\" content=\"summary_large_image\" \/>\n<meta name=\"twitter:label1\" content=\"Escrito por\" \/>\n\t<meta name=\"twitter:data1\" content=\"Lui Ochoa\" \/>\n\t<meta name=\"twitter:label2\" content=\"Tiempo de lectura\" \/>\n\t<meta name=\"twitter:data2\" content=\"2 minutos\" \/>\n<script type=\"application\/ld+json\" class=\"yoast-schema-graph\">{\"@context\":\"https:\\\/\\\/schema.org\",\"@graph\":[{\"@type\":\"Article\",\"@id\":\"https:\\\/\\\/www.manabi.gob.ec\\\/index.php\\\/trabajamos-contra-la-violencia-y-la-trata-de-personas\\\/#article\",\"isPartOf\":{\"@id\":\"https:\\\/\\\/www.manabi.gob.ec\\\/index.php\\\/trabajamos-contra-la-violencia-y-la-trata-de-personas\\\/\"},\"author\":{\"name\":\"Lui Ochoa\",\"@id\":\"https:\\\/\\\/www.manabi.gob.ec\\\/#\\\/schema\\\/person\\\/c4f117989332ad723a6ced5994aa7d7a\"},\"headline\":\"\u00a1TRABAJAMOS CONTRA LA VIOLENCIA Y LA TRATA DE PERSONAS!\",\"datePublished\":\"2022-09-12T15:02:08+00:00\",\"dateModified\":\"2022-09-12T15:17:48+00:00\",\"mainEntityOfPage\":{\"@id\":\"https:\\\/\\\/www.manabi.gob.ec\\\/index.php\\\/trabajamos-contra-la-violencia-y-la-trata-de-personas\\\/\"},\"wordCount\":261,\"image\":{\"@id\":\"https:\\\/\\\/www.manabi.gob.ec\\\/index.php\\\/trabajamos-contra-la-violencia-y-la-trata-de-personas\\\/#primaryimage\"},\"thumbnailUrl\":\"https:\\\/\\\/www.manabi.gob.ec\\\/wp-content\\\/uploads\\\/2022\\\/09\\\/WhatsApp-Image-2022-09-07-at-6.12.25-PM.jpeg\",\"articleSection\":[\"Desarrollo Social\",\"Mujeres\",\"Noticias\",\"Participaci\u00f3n ciudadana\",\"Todas\"],\"inLanguage\":\"es\"},{\"@type\":\"WebPage\",\"@id\":\"https:\\\/\\\/www.manabi.gob.ec\\\/index.php\\\/trabajamos-contra-la-violencia-y-la-trata-de-personas\\\/\",\"url\":\"https:\\\/\\\/www.manabi.gob.ec\\\/index.php\\\/trabajamos-contra-la-violencia-y-la-trata-de-personas\\\/\",\"name\":\"\u00a1TRABAJAMOS CONTRA LA VIOLENCIA Y LA TRATA DE PERSONAS! - Prefectura de Manab\u00ed\",\"isPartOf\":{\"@id\":\"https:\\\/\\\/www.manabi.gob.ec\\\/#website\"},\"primaryImageOfPage\":{\"@id\":\"https:\\\/\\\/www.manabi.gob.ec\\\/index.php\\\/trabajamos-contra-la-violencia-y-la-trata-de-personas\\\/#primaryimage\"},\"image\":{\"@id\":\"https:\\\/\\\/www.manabi.gob.ec\\\/index.php\\\/trabajamos-contra-la-violencia-y-la-trata-de-personas\\\/#primaryimage\"},\"thumbnailUrl\":\"https:\\\/\\\/www.manabi.gob.ec\\\/wp-content\\\/uploads\\\/2022\\\/09\\\/WhatsApp-Image-2022-09-07-at-6.12.25-PM.jpeg\",\"datePublished\":\"2022-09-12T15:02:08+00:00\",\"dateModified\":\"2022-09-12T15:17:48+00:00\",\"author\":{\"@id\":\"https:\\\/\\\/www.manabi.gob.ec\\\/#\\\/schema\\\/person\\\/c4f117989332ad723a6ced5994aa7d7a\"},\"description\":\"Se realiza socializaci\u00f3n del Proyecto de Cooperaci\u00f3n Internacional \u201cRomper la normalizaci\u00f3n de la violencia de g\u00e9nero para prevenir e intervenir, Ecuador 2022\u201d.La direcci\u00f3n de Desarrollo Social de la Prefectura de Manab\u00ed, Fundaci\u00f3n Mujeres en Acci\u00f3n, Fundaci\u00f3n Nuevos Horizontes, Momuncaji, la Universidad T\u00e9cnica de Manab\u00ed y Trabajadoras Sociales, participaron del Conversatorio de Socializaci\u00f3n del Proyecto de Cooperaci\u00f3n Internacional \u201cRomper la normalizaci\u00f3n de la violencia de g\u00e9nero para prevenir e intervenir, Ecuador 2022\u201d, brindado por la Dra. Vicenta Rodr\u00edguez Mart\u00edn, docente investigadora social de la Universidad Castilla - La Mancha de Espa\u00f1a.Este taller se desarroll\u00f3 en el auditorio de la Prefectura de Manab\u00ed, y su objetivo es trabajar para erradicar las creencias de violencia, sobre todo centradas en la trata de personas; adem\u00e1s de buscar la cooperaci\u00f3n de varias instituciones como ejes estrat\u00e9gicos para prevenci\u00f3n, sensibilizaci\u00f3n y capacitaci\u00f3n de este delicado tema.\u201cEste proyecto se puede aplicar con la poblaci\u00f3n joven, con personal que tome decisiones pol\u00edticas y con profesionales que intervienen en el \u00e1mbito socioeducativo; hay que reconocer que existen creencias sexistas, que se normalizan todos los comportamientos porque hay procesos socioculturales bien arraigados; entonces se tiene que trabajar con distintos sectores poblacionales, con objetivos diferentes y hablar de la trata sexual y violencia sexual, que a trav\u00e9s de un estudio se identifica a nivel regional en un \u00edndice elevado\u201d, expres\u00f3 la expositora Vicenta Rodr\u00edguez Mart\u00edn.\",\"breadcrumb\":{\"@id\":\"https:\\\/\\\/www.manabi.gob.ec\\\/index.php\\\/trabajamos-contra-la-violencia-y-la-trata-de-personas\\\/#breadcrumb\"},\"inLanguage\":\"es\",\"potentialAction\":[{\"@type\":\"ReadAction\",\"target\":[\"https:\\\/\\\/www.manabi.gob.ec\\\/index.php\\\/trabajamos-contra-la-violencia-y-la-trata-de-personas\\\/\"]}]},{\"@type\":\"ImageObject\",\"inLanguage\":\"es\",\"@id\":\"https:\\\/\\\/www.manabi.gob.ec\\\/index.php\\\/trabajamos-contra-la-violencia-y-la-trata-de-personas\\\/#primaryimage\",\"url\":\"https:\\\/\\\/www.manabi.gob.ec\\\/wp-content\\\/uploads\\\/2022\\\/09\\\/WhatsApp-Image-2022-09-07-at-6.12.25-PM.jpeg\",\"contentUrl\":\"https:\\\/\\\/www.manabi.gob.ec\\\/wp-content\\\/uploads\\\/2022\\\/09\\\/WhatsApp-Image-2022-09-07-at-6.12.25-PM.jpeg\",\"width\":1599,\"height\":1066},{\"@type\":\"BreadcrumbList\",\"@id\":\"https:\\\/\\\/www.manabi.gob.ec\\\/index.php\\\/trabajamos-contra-la-violencia-y-la-trata-de-personas\\\/#breadcrumb\",\"itemListElement\":[{\"@type\":\"ListItem\",\"position\":1,\"name\":\"Portada\",\"item\":\"https:\\\/\\\/www.manabi.gob.ec\\\/\"},{\"@type\":\"ListItem\",\"position\":2,\"name\":\"\u00a1TRABAJAMOS CONTRA LA VIOLENCIA Y LA TRATA DE PERSONAS!\"}]},{\"@type\":\"WebSite\",\"@id\":\"https:\\\/\\\/www.manabi.gob.ec\\\/#website\",\"url\":\"https:\\\/\\\/www.manabi.gob.ec\\\/\",\"name\":\"Prefectura de Manab\u00ed\",\"description\":\"P\u00e1gina web de la prefectura\",\"potentialAction\":[{\"@type\":\"SearchAction\",\"target\":{\"@type\":\"EntryPoint\",\"urlTemplate\":\"https:\\\/\\\/www.manabi.gob.ec\\\/?s={search_term_string}\"},\"query-input\":{\"@type\":\"PropertyValueSpecification\",\"valueRequired\":true,\"valueName\":\"search_term_string\"}}],\"inLanguage\":\"es\"},{\"@type\":\"Person\",\"@id\":\"https:\\\/\\\/www.manabi.gob.ec\\\/#\\\/schema\\\/person\\\/c4f117989332ad723a6ced5994aa7d7a\",\"name\":\"Lui Ochoa\",\"image\":{\"@type\":\"ImageObject\",\"inLanguage\":\"es\",\"@id\":\"https:\\\/\\\/secure.gravatar.com\\\/avatar\\\/6e8017d0fe69dead8a95864d2eb6e1e1d8bf8e01194ba49cf7b897ff038126ba?s=96&d=mm&r=g\",\"url\":\"https:\\\/\\\/secure.gravatar.com\\\/avatar\\\/6e8017d0fe69dead8a95864d2eb6e1e1d8bf8e01194ba49cf7b897ff038126ba?s=96&d=mm&r=g\",\"contentUrl\":\"https:\\\/\\\/secure.gravatar.com\\\/avatar\\\/6e8017d0fe69dead8a95864d2eb6e1e1d8bf8e01194ba49cf7b897ff038126ba?s=96&d=mm&r=g\",\"caption\":\"Lui Ochoa\"},\"url\":\"https:\\\/\\\/www.manabi.gob.ec\\\/index.php\\\/author\\\/lochoa\\\/\"}]}<\/script>\n<!-- \/ Yoast SEO plugin. -->","yoast_head_json":{"title":"\u00a1TRABAJAMOS CONTRA LA VIOLENCIA Y LA TRATA DE PERSONAS! - Prefectura de Manab\u00ed","description":"Se realiza socializaci\u00f3n del Proyecto de Cooperaci\u00f3n Internacional \u201cRomper la normalizaci\u00f3n de la violencia de g\u00e9nero para prevenir e intervenir, Ecuador 2022\u201d.La direcci\u00f3n de Desarrollo Social de la Prefectura de Manab\u00ed, Fundaci\u00f3n Mujeres en Acci\u00f3n, Fundaci\u00f3n Nuevos Horizontes, Momuncaji, la Universidad T\u00e9cnica de Manab\u00ed y Trabajadoras Sociales, participaron del Conversatorio de Socializaci\u00f3n del Proyecto de Cooperaci\u00f3n Internacional \u201cRomper la normalizaci\u00f3n de la violencia de g\u00e9nero para prevenir e intervenir, Ecuador 2022\u201d, brindado por la Dra. Vicenta Rodr\u00edguez Mart\u00edn, docente investigadora social de la Universidad Castilla - La Mancha de Espa\u00f1a.Este taller se desarroll\u00f3 en el auditorio de la Prefectura de Manab\u00ed, y su objetivo es trabajar para erradicar las creencias de violencia, sobre todo centradas en la trata de personas; adem\u00e1s de buscar la cooperaci\u00f3n de varias instituciones como ejes estrat\u00e9gicos para prevenci\u00f3n, sensibilizaci\u00f3n y capacitaci\u00f3n de este delicado tema.\u201cEste proyecto se puede aplicar con la poblaci\u00f3n joven, con personal que tome decisiones pol\u00edticas y con profesionales que intervienen en el \u00e1mbito socioeducativo; hay que reconocer que existen creencias sexistas, que se normalizan todos los comportamientos porque hay procesos socioculturales bien arraigados; entonces se tiene que trabajar con distintos sectores poblacionales, con objetivos diferentes y hablar de la trata sexual y violencia sexual, que a trav\u00e9s de un estudio se identifica a nivel regional en un \u00edndice elevado\u201d, expres\u00f3 la expositora Vicenta Rodr\u00edguez Mart\u00edn.","robots":{"index":"index","follow":"follow","max-snippet":"max-snippet:-1","max-image-preview":"max-image-preview:large","max-video-preview":"max-video-preview:-1"},"canonical":"https:\/\/www.manabi.gob.ec\/index.php\/trabajamos-contra-la-violencia-y-la-trata-de-personas\/","og_locale":"es_ES","og_type":"article","og_title":"\u00a1TRABAJAMOS CONTRA LA VIOLENCIA Y LA TRATA DE PERSONAS! - Prefectura de Manab\u00ed","og_description":"Se realiza socializaci\u00f3n del Proyecto de Cooperaci\u00f3n Internacional \u201cRomper la normalizaci\u00f3n de la violencia de g\u00e9nero para prevenir e intervenir, Ecuador 2022\u201d.La direcci\u00f3n de Desarrollo Social de la Prefectura de Manab\u00ed, Fundaci\u00f3n Mujeres en Acci\u00f3n, Fundaci\u00f3n Nuevos Horizontes, Momuncaji, la Universidad T\u00e9cnica de Manab\u00ed y Trabajadoras Sociales, participaron del Conversatorio de Socializaci\u00f3n del Proyecto de Cooperaci\u00f3n Internacional \u201cRomper la normalizaci\u00f3n de la violencia de g\u00e9nero para prevenir e intervenir, Ecuador 2022\u201d, brindado por la Dra. Vicenta Rodr\u00edguez Mart\u00edn, docente investigadora social de la Universidad Castilla - La Mancha de Espa\u00f1a.Este taller se desarroll\u00f3 en el auditorio de la Prefectura de Manab\u00ed, y su objetivo es trabajar para erradicar las creencias de violencia, sobre todo centradas en la trata de personas; adem\u00e1s de buscar la cooperaci\u00f3n de varias instituciones como ejes estrat\u00e9gicos para prevenci\u00f3n, sensibilizaci\u00f3n y capacitaci\u00f3n de este delicado tema.\u201cEste proyecto se puede aplicar con la poblaci\u00f3n joven, con personal que tome decisiones pol\u00edticas y con profesionales que intervienen en el \u00e1mbito socioeducativo; hay que reconocer que existen creencias sexistas, que se normalizan todos los comportamientos porque hay procesos socioculturales bien arraigados; entonces se tiene que trabajar con distintos sectores poblacionales, con objetivos diferentes y hablar de la trata sexual y violencia sexual, que a trav\u00e9s de un estudio se identifica a nivel regional en un \u00edndice elevado\u201d, expres\u00f3 la expositora Vicenta Rodr\u00edguez Mart\u00edn.","og_url":"https:\/\/www.manabi.gob.ec\/index.php\/trabajamos-contra-la-violencia-y-la-trata-de-personas\/","og_site_name":"Prefectura de Manab\u00ed","article_published_time":"2022-09-12T15:02:08+00:00","article_modified_time":"2022-09-12T15:17:48+00:00","og_image":[{"width":1599,"height":1066,"url":"https:\/\/www.manabi.gob.ec\/wp-content\/uploads\/2022\/09\/WhatsApp-Image-2022-09-07-at-6.12.25-PM.jpeg","type":"image\/jpeg"}],"author":"Lui Ochoa","twitter_card":"summary_large_image","twitter_misc":{"Escrito por":"Lui Ochoa","Tiempo de lectura":"2 minutos"},"schema":{"@context":"https:\/\/schema.org","@graph":[{"@type":"Article","@id":"https:\/\/www.manabi.gob.ec\/index.php\/trabajamos-contra-la-violencia-y-la-trata-de-personas\/#article","isPartOf":{"@id":"https:\/\/www.manabi.gob.ec\/index.php\/trabajamos-contra-la-violencia-y-la-trata-de-personas\/"},"author":{"name":"Lui Ochoa","@id":"https:\/\/www.manabi.gob.ec\/#\/schema\/person\/c4f117989332ad723a6ced5994aa7d7a"},"headline":"\u00a1TRABAJAMOS CONTRA LA VIOLENCIA Y LA TRATA DE PERSONAS!","datePublished":"2022-09-12T15:02:08+00:00","dateModified":"2022-09-12T15:17:48+00:00","mainEntityOfPage":{"@id":"https:\/\/www.manabi.gob.ec\/index.php\/trabajamos-contra-la-violencia-y-la-trata-de-personas\/"},"wordCount":261,"image":{"@id":"https:\/\/www.manabi.gob.ec\/index.php\/trabajamos-contra-la-violencia-y-la-trata-de-personas\/#primaryimage"},"thumbnailUrl":"https:\/\/www.manabi.gob.ec\/wp-content\/uploads\/2022\/09\/WhatsApp-Image-2022-09-07-at-6.12.25-PM.jpeg","articleSection":["Desarrollo Social","Mujeres","Noticias","Participaci\u00f3n ciudadana","Todas"],"inLanguage":"es"},{"@type":"WebPage","@id":"https:\/\/www.manabi.gob.ec\/index.php\/trabajamos-contra-la-violencia-y-la-trata-de-personas\/","url":"https:\/\/www.manabi.gob.ec\/index.php\/trabajamos-contra-la-violencia-y-la-trata-de-personas\/","name":"\u00a1TRABAJAMOS CONTRA LA VIOLENCIA Y LA TRATA DE PERSONAS! - Prefectura de Manab\u00ed","isPartOf":{"@id":"https:\/\/www.manabi.gob.ec\/#website"},"primaryImageOfPage":{"@id":"https:\/\/www.manabi.gob.ec\/index.php\/trabajamos-contra-la-violencia-y-la-trata-de-personas\/#primaryimage"},"image":{"@id":"https:\/\/www.manabi.gob.ec\/index.php\/trabajamos-contra-la-violencia-y-la-trata-de-personas\/#primaryimage"},"thumbnailUrl":"https:\/\/www.manabi.gob.ec\/wp-content\/uploads\/2022\/09\/WhatsApp-Image-2022-09-07-at-6.12.25-PM.jpeg","datePublished":"2022-09-12T15:02:08+00:00","dateModified":"2022-09-12T15:17:48+00:00","author":{"@id":"https:\/\/www.manabi.gob.ec\/#\/schema\/person\/c4f117989332ad723a6ced5994aa7d7a"},"description":"Se realiza socializaci\u00f3n del Proyecto de Cooperaci\u00f3n Internacional \u201cRomper la normalizaci\u00f3n de la violencia de g\u00e9nero para prevenir e intervenir, Ecuador 2022\u201d.La direcci\u00f3n de Desarrollo Social de la Prefectura de Manab\u00ed, Fundaci\u00f3n Mujeres en Acci\u00f3n, Fundaci\u00f3n Nuevos Horizontes, Momuncaji, la Universidad T\u00e9cnica de Manab\u00ed y Trabajadoras Sociales, participaron del Conversatorio de Socializaci\u00f3n del Proyecto de Cooperaci\u00f3n Internacional \u201cRomper la normalizaci\u00f3n de la violencia de g\u00e9nero para prevenir e intervenir, Ecuador 2022\u201d, brindado por la Dra. Vicenta Rodr\u00edguez Mart\u00edn, docente investigadora social de la Universidad Castilla - La Mancha de Espa\u00f1a.Este taller se desarroll\u00f3 en el auditorio de la Prefectura de Manab\u00ed, y su objetivo es trabajar para erradicar las creencias de violencia, sobre todo centradas en la trata de personas; adem\u00e1s de buscar la cooperaci\u00f3n de varias instituciones como ejes estrat\u00e9gicos para prevenci\u00f3n, sensibilizaci\u00f3n y capacitaci\u00f3n de este delicado tema.\u201cEste proyecto se puede aplicar con la poblaci\u00f3n joven, con personal que tome decisiones pol\u00edticas y con profesionales que intervienen en el \u00e1mbito socioeducativo; hay que reconocer que existen creencias sexistas, que se normalizan todos los comportamientos porque hay procesos socioculturales bien arraigados; entonces se tiene que trabajar con distintos sectores poblacionales, con objetivos diferentes y hablar de la trata sexual y violencia sexual, que a trav\u00e9s de un estudio se identifica a nivel regional en un \u00edndice elevado\u201d, expres\u00f3 la expositora Vicenta Rodr\u00edguez Mart\u00edn.","breadcrumb":{"@id":"https:\/\/www.manabi.gob.ec\/index.php\/trabajamos-contra-la-violencia-y-la-trata-de-personas\/#breadcrumb"},"inLanguage":"es","potentialAction":[{"@type":"ReadAction","target":["https:\/\/www.manabi.gob.ec\/index.php\/trabajamos-contra-la-violencia-y-la-trata-de-personas\/"]}]},{"@type":"ImageObject","inLanguage":"es","@id":"https:\/\/www.manabi.gob.ec\/index.php\/trabajamos-contra-la-violencia-y-la-trata-de-personas\/#primaryimage","url":"https:\/\/www.manabi.gob.ec\/wp-content\/uploads\/2022\/09\/WhatsApp-Image-2022-09-07-at-6.12.25-PM.jpeg","contentUrl":"https:\/\/www.manabi.gob.ec\/wp-content\/uploads\/2022\/09\/WhatsApp-Image-2022-09-07-at-6.12.25-PM.jpeg","width":1599,"height":1066},{"@type":"BreadcrumbList","@id":"https:\/\/www.manabi.gob.ec\/index.php\/trabajamos-contra-la-violencia-y-la-trata-de-personas\/#breadcrumb","itemListElement":[{"@type":"ListItem","position":1,"name":"Portada","item":"https:\/\/www.manabi.gob.ec\/"},{"@type":"ListItem","position":2,"name":"\u00a1TRABAJAMOS CONTRA LA VIOLENCIA Y LA TRATA DE PERSONAS!"}]},{"@type":"WebSite","@id":"https:\/\/www.manabi.gob.ec\/#website","url":"https:\/\/www.manabi.gob.ec\/","name":"Prefectura de Manab\u00ed","description":"P\u00e1gina web de la prefectura","potentialAction":[{"@type":"SearchAction","target":{"@type":"EntryPoint","urlTemplate":"https:\/\/www.manabi.gob.ec\/?s={search_term_string}"},"query-input":{"@type":"PropertyValueSpecification","valueRequired":true,"valueName":"search_term_string"}}],"inLanguage":"es"},{"@type":"Person","@id":"https:\/\/www.manabi.gob.ec\/#\/schema\/person\/c4f117989332ad723a6ced5994aa7d7a","name":"Lui Ochoa","image":{"@type":"ImageObject","inLanguage":"es","@id":"https:\/\/secure.gravatar.com\/avatar\/6e8017d0fe69dead8a95864d2eb6e1e1d8bf8e01194ba49cf7b897ff038126ba?s=96&d=mm&r=g","url":"https:\/\/secure.gravatar.com\/avatar\/6e8017d0fe69dead8a95864d2eb6e1e1d8bf8e01194ba49cf7b897ff038126ba?s=96&d=mm&r=g","contentUrl":"https:\/\/secure.gravatar.com\/avatar\/6e8017d0fe69dead8a95864d2eb6e1e1d8bf8e01194ba49cf7b897ff038126ba?s=96&d=mm&r=g","caption":"Lui Ochoa"},"url":"https:\/\/www.manabi.gob.ec\/index.php\/author\/lochoa\/"}]}},"jetpack_featured_media_url":"https:\/\/www.manabi.gob.ec\/wp-content\/uploads\/2022\/09\/WhatsApp-Image-2022-09-07-at-6.12.25-PM.jpeg","_links":{"self":[{"href":"https:\/\/www.manabi.gob.ec\/index.php\/wp-json\/wp\/v2\/posts\/22098","targetHints":{"allow":["GET"]}}],"collection":[{"href":"https:\/\/www.manabi.gob.ec\/index.php\/wp-json\/wp\/v2\/posts"}],"about":[{"href":"https:\/\/www.manabi.gob.ec\/index.php\/wp-json\/wp\/v2\/types\/post"}],"author":[{"embeddable":true,"href":"https:\/\/www.manabi.gob.ec\/index.php\/wp-json\/wp\/v2\/users\/10"}],"replies":[{"embeddable":true,"href":"https:\/\/www.manabi.gob.ec\/index.php\/wp-json\/wp\/v2\/comments?post=22098"}],"version-history":[{"count":0,"href":"https:\/\/www.manabi.gob.ec\/index.php\/wp-json\/wp\/v2\/posts\/22098\/revisions"}],"wp:featuredmedia":[{"embeddable":true,"href":"https:\/\/www.manabi.gob.ec\/index.php\/wp-json\/wp\/v2\/media\/22099"}],"wp:attachment":[{"href":"https:\/\/www.manabi.gob.ec\/index.php\/wp-json\/wp\/v2\/media?parent=22098"}],"wp:term":[{"taxonomy":"category","embeddable":true,"href":"https:\/\/www.manabi.gob.ec\/index.php\/wp-json\/wp\/v2\/categories?post=22098"},{"taxonomy":"post_tag","embeddable":true,"href":"https:\/\/www.manabi.gob.ec\/index.php\/wp-json\/wp\/v2\/tags?post=22098"}],"curies":[{"name":"wp","href":"https:\/\/api.w.org\/{rel}","templated":true}]}}