{"id":22111,"date":"2022-09-12T15:47:21","date_gmt":"2022-09-12T15:47:21","guid":{"rendered":"https:\/\/www.manabi.gob.ec\/?p=22111"},"modified":"2022-09-12T15:47:25","modified_gmt":"2022-09-12T15:47:25","slug":"dinamizar-el-turismo-es-nuestra-prioridad-avanzan-los-trabajos-de-reconstruccion-de-la-calle-del-malecon-de-puerto-cayo","status":"publish","type":"post","link":"https:\/\/www.manabi.gob.ec\/index.php\/dinamizar-el-turismo-es-nuestra-prioridad-avanzan-los-trabajos-de-reconstruccion-de-la-calle-del-malecon-de-puerto-cayo\/","title":{"rendered":"\u00a1DINAMIZAR EL TURISMO ES NUESTRA PRIORIDAD! Avanzan los trabajos de reconstrucci\u00f3n de la calle del malec\u00f3n de Puerto Cayo."},"content":{"rendered":"\n<p><\/p>\n\n\n\n<p>El prefecto, Leonardo Orlando, supervis\u00f3 los trabajos de reconstrucci\u00f3n del segundo tramo de la calle Bol\u00edvar frente al malec\u00f3n de Puerto Cayo, del cant\u00f3n Jipijapa. Obra que tiene una inversi\u00f3n de $180.987.84, mediante convenio 70\/30.<br>Esta obra tiene 18% de avance y ser\u00e1 de carpeta asf\u00e1ltica de 2 pulgadas, con 506 metros de longitud y 9.80 m de ancho.<br>\u201cEsta obra beneficia a todos los manabitas, ya que gracias a esta importante calle de Puerto Cayo se podr\u00e1 fomentar el turismo y reactivar la econom\u00eda\u201d, expres\u00f3 el Prefecto de Manab\u00ed.<\/p>\n","protected":false},"excerpt":{"rendered":"<p>El prefecto, Leonardo Orlando, supervis\u00f3 los trabajos de reconstrucci\u00f3n del segundo tramo de la calle Bol\u00edvar frente al malec\u00f3n de Puerto Cayo, del cant\u00f3n Jipijapa. Obra que tiene una inversi\u00f3n de $180.987.84, mediante convenio 70\/30.Esta obra tiene 18% de avance y ser\u00e1 de carpeta asf\u00e1ltica de 2 pulgadas, con 506 metros de longitud y 9.80 [&hellip;]<\/p>\n","protected":false},"author":10,"featured_media":22113,"comment_status":"closed","ping_status":"closed","sticky":false,"template":"","format":"standard","meta":{"_joinchat":[],"footnotes":""},"categories":[123,92,181,91,127],"tags":[],"class_list":["post-22111","post","type-post","status-publish","format-standard","has-post-thumbnail","hentry","category-jipijapa","category-noticias-manabi","category-obra-publica","category-todas","category-vialidad"],"yoast_head":"<!-- This site is optimized with the Yoast SEO plugin v27.4 - https:\/\/yoast.com\/product\/yoast-seo-wordpress\/ -->\n<title>\u00a1DINAMIZAR EL TURISMO ES NUESTRA PRIORIDAD! Avanzan los trabajos de reconstrucci\u00f3n de la calle del malec\u00f3n de Puerto Cayo. - Prefectura de Manab\u00ed<\/title>\n<meta name=\"description\" content=\"El prefecto, Leonardo Orlando, supervis\u00f3 los trabajos de reconstrucci\u00f3n del segundo tramo de la calle Bol\u00edvar frente al malec\u00f3n de Puerto Cayo, del cant\u00f3n Jipijapa. Obra que tiene una inversi\u00f3n de $180.987.84, mediante convenio 70\/30.Esta obra tiene 18% de avance y ser\u00e1 de carpeta asf\u00e1ltica de 2 pulgadas, con 506 metros de longitud y 9.80 m de ancho.\u201cEsta obra beneficia a todos los manabitas, ya que gracias a esta importante calle de Puerto Cayo se podr\u00e1 fomentar el turismo y reactivar la econom\u00eda\u201d, expres\u00f3 el Prefecto de Manab\u00ed.\" \/>\n<meta name=\"robots\" content=\"index, follow, max-snippet:-1, max-image-preview:large, max-video-preview:-1\" \/>\n<link rel=\"canonical\" href=\"https:\/\/www.manabi.gob.ec\/index.php\/dinamizar-el-turismo-es-nuestra-prioridad-avanzan-los-trabajos-de-reconstruccion-de-la-calle-del-malecon-de-puerto-cayo\/\" \/>\n<meta property=\"og:locale\" content=\"es_ES\" \/>\n<meta property=\"og:type\" content=\"article\" \/>\n<meta property=\"og:title\" content=\"\u00a1DINAMIZAR EL TURISMO ES NUESTRA PRIORIDAD! Avanzan los trabajos de reconstrucci\u00f3n de la calle del malec\u00f3n de Puerto Cayo. - Prefectura de Manab\u00ed\" \/>\n<meta property=\"og:description\" content=\"El prefecto, Leonardo Orlando, supervis\u00f3 los trabajos de reconstrucci\u00f3n del segundo tramo de la calle Bol\u00edvar frente al malec\u00f3n de Puerto Cayo, del cant\u00f3n Jipijapa. Obra que tiene una inversi\u00f3n de $180.987.84, mediante convenio 70\/30.Esta obra tiene 18% de avance y ser\u00e1 de carpeta asf\u00e1ltica de 2 pulgadas, con 506 metros de longitud y 9.80 m de ancho.\u201cEsta obra beneficia a todos los manabitas, ya que gracias a esta importante calle de Puerto Cayo se podr\u00e1 fomentar el turismo y reactivar la econom\u00eda\u201d, expres\u00f3 el Prefecto de Manab\u00ed.\" \/>\n<meta property=\"og:url\" content=\"https:\/\/www.manabi.gob.ec\/index.php\/dinamizar-el-turismo-es-nuestra-prioridad-avanzan-los-trabajos-de-reconstruccion-de-la-calle-del-malecon-de-puerto-cayo\/\" \/>\n<meta property=\"og:site_name\" content=\"Prefectura de Manab\u00ed\" \/>\n<meta property=\"article:published_time\" content=\"2022-09-12T15:47:21+00:00\" \/>\n<meta property=\"article:modified_time\" content=\"2022-09-12T15:47:25+00:00\" \/>\n<meta property=\"og:image\" content=\"https:\/\/www.manabi.gob.ec\/wp-content\/uploads\/2022\/09\/WhatsApp-Image-2022-09-09-at-12.09.55-PM.jpeg\" \/>\n\t<meta property=\"og:image:width\" content=\"1600\" \/>\n\t<meta property=\"og:image:height\" content=\"1069\" \/>\n\t<meta property=\"og:image:type\" content=\"image\/jpeg\" \/>\n<meta name=\"author\" content=\"Lui Ochoa\" \/>\n<meta name=\"twitter:card\" content=\"summary_large_image\" \/>\n<meta name=\"twitter:label1\" content=\"Escrito por\" \/>\n\t<meta name=\"twitter:data1\" content=\"Lui Ochoa\" \/>\n\t<meta name=\"twitter:label2\" content=\"Tiempo de lectura\" \/>\n\t<meta name=\"twitter:data2\" content=\"1 minuto\" \/>\n<script type=\"application\/ld+json\" class=\"yoast-schema-graph\">{\"@context\":\"https:\\\/\\\/schema.org\",\"@graph\":[{\"@type\":\"Article\",\"@id\":\"https:\\\/\\\/www.manabi.gob.ec\\\/index.php\\\/dinamizar-el-turismo-es-nuestra-prioridad-avanzan-los-trabajos-de-reconstruccion-de-la-calle-del-malecon-de-puerto-cayo\\\/#article\",\"isPartOf\":{\"@id\":\"https:\\\/\\\/www.manabi.gob.ec\\\/index.php\\\/dinamizar-el-turismo-es-nuestra-prioridad-avanzan-los-trabajos-de-reconstruccion-de-la-calle-del-malecon-de-puerto-cayo\\\/\"},\"author\":{\"name\":\"Lui Ochoa\",\"@id\":\"https:\\\/\\\/www.manabi.gob.ec\\\/#\\\/schema\\\/person\\\/c4f117989332ad723a6ced5994aa7d7a\"},\"headline\":\"\u00a1DINAMIZAR EL TURISMO ES NUESTRA PRIORIDAD! Avanzan los trabajos de reconstrucci\u00f3n de la calle del malec\u00f3n de Puerto Cayo.\",\"datePublished\":\"2022-09-12T15:47:21+00:00\",\"dateModified\":\"2022-09-12T15:47:25+00:00\",\"mainEntityOfPage\":{\"@id\":\"https:\\\/\\\/www.manabi.gob.ec\\\/index.php\\\/dinamizar-el-turismo-es-nuestra-prioridad-avanzan-los-trabajos-de-reconstruccion-de-la-calle-del-malecon-de-puerto-cayo\\\/\"},\"wordCount\":112,\"image\":{\"@id\":\"https:\\\/\\\/www.manabi.gob.ec\\\/index.php\\\/dinamizar-el-turismo-es-nuestra-prioridad-avanzan-los-trabajos-de-reconstruccion-de-la-calle-del-malecon-de-puerto-cayo\\\/#primaryimage\"},\"thumbnailUrl\":\"https:\\\/\\\/www.manabi.gob.ec\\\/wp-content\\\/uploads\\\/2022\\\/09\\\/WhatsApp-Image-2022-09-09-at-12.09.55-PM.jpeg\",\"articleSection\":[\"Jipijapa\",\"Noticias\",\"Obra P\u00fablica\",\"Todas\",\"Vialidad\"],\"inLanguage\":\"es\"},{\"@type\":\"WebPage\",\"@id\":\"https:\\\/\\\/www.manabi.gob.ec\\\/index.php\\\/dinamizar-el-turismo-es-nuestra-prioridad-avanzan-los-trabajos-de-reconstruccion-de-la-calle-del-malecon-de-puerto-cayo\\\/\",\"url\":\"https:\\\/\\\/www.manabi.gob.ec\\\/index.php\\\/dinamizar-el-turismo-es-nuestra-prioridad-avanzan-los-trabajos-de-reconstruccion-de-la-calle-del-malecon-de-puerto-cayo\\\/\",\"name\":\"\u00a1DINAMIZAR EL TURISMO ES NUESTRA PRIORIDAD! Avanzan los trabajos de reconstrucci\u00f3n de la calle del malec\u00f3n de Puerto Cayo. - Prefectura de Manab\u00ed\",\"isPartOf\":{\"@id\":\"https:\\\/\\\/www.manabi.gob.ec\\\/#website\"},\"primaryImageOfPage\":{\"@id\":\"https:\\\/\\\/www.manabi.gob.ec\\\/index.php\\\/dinamizar-el-turismo-es-nuestra-prioridad-avanzan-los-trabajos-de-reconstruccion-de-la-calle-del-malecon-de-puerto-cayo\\\/#primaryimage\"},\"image\":{\"@id\":\"https:\\\/\\\/www.manabi.gob.ec\\\/index.php\\\/dinamizar-el-turismo-es-nuestra-prioridad-avanzan-los-trabajos-de-reconstruccion-de-la-calle-del-malecon-de-puerto-cayo\\\/#primaryimage\"},\"thumbnailUrl\":\"https:\\\/\\\/www.manabi.gob.ec\\\/wp-content\\\/uploads\\\/2022\\\/09\\\/WhatsApp-Image-2022-09-09-at-12.09.55-PM.jpeg\",\"datePublished\":\"2022-09-12T15:47:21+00:00\",\"dateModified\":\"2022-09-12T15:47:25+00:00\",\"author\":{\"@id\":\"https:\\\/\\\/www.manabi.gob.ec\\\/#\\\/schema\\\/person\\\/c4f117989332ad723a6ced5994aa7d7a\"},\"description\":\"El prefecto, Leonardo Orlando, supervis\u00f3 los trabajos de reconstrucci\u00f3n del segundo tramo de la calle Bol\u00edvar frente al malec\u00f3n de Puerto Cayo, del cant\u00f3n Jipijapa. Obra que tiene una inversi\u00f3n de $180.987.84, mediante convenio 70\\\/30.Esta obra tiene 18% de avance y ser\u00e1 de carpeta asf\u00e1ltica de 2 pulgadas, con 506 metros de longitud y 9.80 m de ancho.\u201cEsta obra beneficia a todos los manabitas, ya que gracias a esta importante calle de Puerto Cayo se podr\u00e1 fomentar el turismo y reactivar la econom\u00eda\u201d, expres\u00f3 el Prefecto de Manab\u00ed.\",\"breadcrumb\":{\"@id\":\"https:\\\/\\\/www.manabi.gob.ec\\\/index.php\\\/dinamizar-el-turismo-es-nuestra-prioridad-avanzan-los-trabajos-de-reconstruccion-de-la-calle-del-malecon-de-puerto-cayo\\\/#breadcrumb\"},\"inLanguage\":\"es\",\"potentialAction\":[{\"@type\":\"ReadAction\",\"target\":[\"https:\\\/\\\/www.manabi.gob.ec\\\/index.php\\\/dinamizar-el-turismo-es-nuestra-prioridad-avanzan-los-trabajos-de-reconstruccion-de-la-calle-del-malecon-de-puerto-cayo\\\/\"]}]},{\"@type\":\"ImageObject\",\"inLanguage\":\"es\",\"@id\":\"https:\\\/\\\/www.manabi.gob.ec\\\/index.php\\\/dinamizar-el-turismo-es-nuestra-prioridad-avanzan-los-trabajos-de-reconstruccion-de-la-calle-del-malecon-de-puerto-cayo\\\/#primaryimage\",\"url\":\"https:\\\/\\\/www.manabi.gob.ec\\\/wp-content\\\/uploads\\\/2022\\\/09\\\/WhatsApp-Image-2022-09-09-at-12.09.55-PM.jpeg\",\"contentUrl\":\"https:\\\/\\\/www.manabi.gob.ec\\\/wp-content\\\/uploads\\\/2022\\\/09\\\/WhatsApp-Image-2022-09-09-at-12.09.55-PM.jpeg\",\"width\":1600,\"height\":1069},{\"@type\":\"BreadcrumbList\",\"@id\":\"https:\\\/\\\/www.manabi.gob.ec\\\/index.php\\\/dinamizar-el-turismo-es-nuestra-prioridad-avanzan-los-trabajos-de-reconstruccion-de-la-calle-del-malecon-de-puerto-cayo\\\/#breadcrumb\",\"itemListElement\":[{\"@type\":\"ListItem\",\"position\":1,\"name\":\"Portada\",\"item\":\"https:\\\/\\\/www.manabi.gob.ec\\\/\"},{\"@type\":\"ListItem\",\"position\":2,\"name\":\"\u00a1DINAMIZAR EL TURISMO ES NUESTRA PRIORIDAD! Avanzan los trabajos de reconstrucci\u00f3n de la calle del malec\u00f3n de Puerto Cayo.\"}]},{\"@type\":\"WebSite\",\"@id\":\"https:\\\/\\\/www.manabi.gob.ec\\\/#website\",\"url\":\"https:\\\/\\\/www.manabi.gob.ec\\\/\",\"name\":\"Prefectura de Manab\u00ed\",\"description\":\"P\u00e1gina web de la prefectura\",\"potentialAction\":[{\"@type\":\"SearchAction\",\"target\":{\"@type\":\"EntryPoint\",\"urlTemplate\":\"https:\\\/\\\/www.manabi.gob.ec\\\/?s={search_term_string}\"},\"query-input\":{\"@type\":\"PropertyValueSpecification\",\"valueRequired\":true,\"valueName\":\"search_term_string\"}}],\"inLanguage\":\"es\"},{\"@type\":\"Person\",\"@id\":\"https:\\\/\\\/www.manabi.gob.ec\\\/#\\\/schema\\\/person\\\/c4f117989332ad723a6ced5994aa7d7a\",\"name\":\"Lui Ochoa\",\"image\":{\"@type\":\"ImageObject\",\"inLanguage\":\"es\",\"@id\":\"https:\\\/\\\/secure.gravatar.com\\\/avatar\\\/6e8017d0fe69dead8a95864d2eb6e1e1d8bf8e01194ba49cf7b897ff038126ba?s=96&d=mm&r=g\",\"url\":\"https:\\\/\\\/secure.gravatar.com\\\/avatar\\\/6e8017d0fe69dead8a95864d2eb6e1e1d8bf8e01194ba49cf7b897ff038126ba?s=96&d=mm&r=g\",\"contentUrl\":\"https:\\\/\\\/secure.gravatar.com\\\/avatar\\\/6e8017d0fe69dead8a95864d2eb6e1e1d8bf8e01194ba49cf7b897ff038126ba?s=96&d=mm&r=g\",\"caption\":\"Lui Ochoa\"},\"url\":\"https:\\\/\\\/www.manabi.gob.ec\\\/index.php\\\/author\\\/lochoa\\\/\"}]}<\/script>\n<!-- \/ Yoast SEO plugin. -->","yoast_head_json":{"title":"\u00a1DINAMIZAR EL TURISMO ES NUESTRA PRIORIDAD! Avanzan los trabajos de reconstrucci\u00f3n de la calle del malec\u00f3n de Puerto Cayo. - Prefectura de Manab\u00ed","description":"El prefecto, Leonardo Orlando, supervis\u00f3 los trabajos de reconstrucci\u00f3n del segundo tramo de la calle Bol\u00edvar frente al malec\u00f3n de Puerto Cayo, del cant\u00f3n Jipijapa. Obra que tiene una inversi\u00f3n de $180.987.84, mediante convenio 70\/30.Esta obra tiene 18% de avance y ser\u00e1 de carpeta asf\u00e1ltica de 2 pulgadas, con 506 metros de longitud y 9.80 m de ancho.\u201cEsta obra beneficia a todos los manabitas, ya que gracias a esta importante calle de Puerto Cayo se podr\u00e1 fomentar el turismo y reactivar la econom\u00eda\u201d, expres\u00f3 el Prefecto de Manab\u00ed.","robots":{"index":"index","follow":"follow","max-snippet":"max-snippet:-1","max-image-preview":"max-image-preview:large","max-video-preview":"max-video-preview:-1"},"canonical":"https:\/\/www.manabi.gob.ec\/index.php\/dinamizar-el-turismo-es-nuestra-prioridad-avanzan-los-trabajos-de-reconstruccion-de-la-calle-del-malecon-de-puerto-cayo\/","og_locale":"es_ES","og_type":"article","og_title":"\u00a1DINAMIZAR EL TURISMO ES NUESTRA PRIORIDAD! Avanzan los trabajos de reconstrucci\u00f3n de la calle del malec\u00f3n de Puerto Cayo. - Prefectura de Manab\u00ed","og_description":"El prefecto, Leonardo Orlando, supervis\u00f3 los trabajos de reconstrucci\u00f3n del segundo tramo de la calle Bol\u00edvar frente al malec\u00f3n de Puerto Cayo, del cant\u00f3n Jipijapa. Obra que tiene una inversi\u00f3n de $180.987.84, mediante convenio 70\/30.Esta obra tiene 18% de avance y ser\u00e1 de carpeta asf\u00e1ltica de 2 pulgadas, con 506 metros de longitud y 9.80 m de ancho.\u201cEsta obra beneficia a todos los manabitas, ya que gracias a esta importante calle de Puerto Cayo se podr\u00e1 fomentar el turismo y reactivar la econom\u00eda\u201d, expres\u00f3 el Prefecto de Manab\u00ed.","og_url":"https:\/\/www.manabi.gob.ec\/index.php\/dinamizar-el-turismo-es-nuestra-prioridad-avanzan-los-trabajos-de-reconstruccion-de-la-calle-del-malecon-de-puerto-cayo\/","og_site_name":"Prefectura de Manab\u00ed","article_published_time":"2022-09-12T15:47:21+00:00","article_modified_time":"2022-09-12T15:47:25+00:00","og_image":[{"width":1600,"height":1069,"url":"https:\/\/www.manabi.gob.ec\/wp-content\/uploads\/2022\/09\/WhatsApp-Image-2022-09-09-at-12.09.55-PM.jpeg","type":"image\/jpeg"}],"author":"Lui Ochoa","twitter_card":"summary_large_image","twitter_misc":{"Escrito por":"Lui Ochoa","Tiempo de lectura":"1 minuto"},"schema":{"@context":"https:\/\/schema.org","@graph":[{"@type":"Article","@id":"https:\/\/www.manabi.gob.ec\/index.php\/dinamizar-el-turismo-es-nuestra-prioridad-avanzan-los-trabajos-de-reconstruccion-de-la-calle-del-malecon-de-puerto-cayo\/#article","isPartOf":{"@id":"https:\/\/www.manabi.gob.ec\/index.php\/dinamizar-el-turismo-es-nuestra-prioridad-avanzan-los-trabajos-de-reconstruccion-de-la-calle-del-malecon-de-puerto-cayo\/"},"author":{"name":"Lui Ochoa","@id":"https:\/\/www.manabi.gob.ec\/#\/schema\/person\/c4f117989332ad723a6ced5994aa7d7a"},"headline":"\u00a1DINAMIZAR EL TURISMO ES NUESTRA PRIORIDAD! Avanzan los trabajos de reconstrucci\u00f3n de la calle del malec\u00f3n de Puerto Cayo.","datePublished":"2022-09-12T15:47:21+00:00","dateModified":"2022-09-12T15:47:25+00:00","mainEntityOfPage":{"@id":"https:\/\/www.manabi.gob.ec\/index.php\/dinamizar-el-turismo-es-nuestra-prioridad-avanzan-los-trabajos-de-reconstruccion-de-la-calle-del-malecon-de-puerto-cayo\/"},"wordCount":112,"image":{"@id":"https:\/\/www.manabi.gob.ec\/index.php\/dinamizar-el-turismo-es-nuestra-prioridad-avanzan-los-trabajos-de-reconstruccion-de-la-calle-del-malecon-de-puerto-cayo\/#primaryimage"},"thumbnailUrl":"https:\/\/www.manabi.gob.ec\/wp-content\/uploads\/2022\/09\/WhatsApp-Image-2022-09-09-at-12.09.55-PM.jpeg","articleSection":["Jipijapa","Noticias","Obra P\u00fablica","Todas","Vialidad"],"inLanguage":"es"},{"@type":"WebPage","@id":"https:\/\/www.manabi.gob.ec\/index.php\/dinamizar-el-turismo-es-nuestra-prioridad-avanzan-los-trabajos-de-reconstruccion-de-la-calle-del-malecon-de-puerto-cayo\/","url":"https:\/\/www.manabi.gob.ec\/index.php\/dinamizar-el-turismo-es-nuestra-prioridad-avanzan-los-trabajos-de-reconstruccion-de-la-calle-del-malecon-de-puerto-cayo\/","name":"\u00a1DINAMIZAR EL TURISMO ES NUESTRA PRIORIDAD! Avanzan los trabajos de reconstrucci\u00f3n de la calle del malec\u00f3n de Puerto Cayo. - Prefectura de Manab\u00ed","isPartOf":{"@id":"https:\/\/www.manabi.gob.ec\/#website"},"primaryImageOfPage":{"@id":"https:\/\/www.manabi.gob.ec\/index.php\/dinamizar-el-turismo-es-nuestra-prioridad-avanzan-los-trabajos-de-reconstruccion-de-la-calle-del-malecon-de-puerto-cayo\/#primaryimage"},"image":{"@id":"https:\/\/www.manabi.gob.ec\/index.php\/dinamizar-el-turismo-es-nuestra-prioridad-avanzan-los-trabajos-de-reconstruccion-de-la-calle-del-malecon-de-puerto-cayo\/#primaryimage"},"thumbnailUrl":"https:\/\/www.manabi.gob.ec\/wp-content\/uploads\/2022\/09\/WhatsApp-Image-2022-09-09-at-12.09.55-PM.jpeg","datePublished":"2022-09-12T15:47:21+00:00","dateModified":"2022-09-12T15:47:25+00:00","author":{"@id":"https:\/\/www.manabi.gob.ec\/#\/schema\/person\/c4f117989332ad723a6ced5994aa7d7a"},"description":"El prefecto, Leonardo Orlando, supervis\u00f3 los trabajos de reconstrucci\u00f3n del segundo tramo de la calle Bol\u00edvar frente al malec\u00f3n de Puerto Cayo, del cant\u00f3n Jipijapa. Obra que tiene una inversi\u00f3n de $180.987.84, mediante convenio 70\/30.Esta obra tiene 18% de avance y ser\u00e1 de carpeta asf\u00e1ltica de 2 pulgadas, con 506 metros de longitud y 9.80 m de ancho.\u201cEsta obra beneficia a todos los manabitas, ya que gracias a esta importante calle de Puerto Cayo se podr\u00e1 fomentar el turismo y reactivar la econom\u00eda\u201d, expres\u00f3 el Prefecto de Manab\u00ed.","breadcrumb":{"@id":"https:\/\/www.manabi.gob.ec\/index.php\/dinamizar-el-turismo-es-nuestra-prioridad-avanzan-los-trabajos-de-reconstruccion-de-la-calle-del-malecon-de-puerto-cayo\/#breadcrumb"},"inLanguage":"es","potentialAction":[{"@type":"ReadAction","target":["https:\/\/www.manabi.gob.ec\/index.php\/dinamizar-el-turismo-es-nuestra-prioridad-avanzan-los-trabajos-de-reconstruccion-de-la-calle-del-malecon-de-puerto-cayo\/"]}]},{"@type":"ImageObject","inLanguage":"es","@id":"https:\/\/www.manabi.gob.ec\/index.php\/dinamizar-el-turismo-es-nuestra-prioridad-avanzan-los-trabajos-de-reconstruccion-de-la-calle-del-malecon-de-puerto-cayo\/#primaryimage","url":"https:\/\/www.manabi.gob.ec\/wp-content\/uploads\/2022\/09\/WhatsApp-Image-2022-09-09-at-12.09.55-PM.jpeg","contentUrl":"https:\/\/www.manabi.gob.ec\/wp-content\/uploads\/2022\/09\/WhatsApp-Image-2022-09-09-at-12.09.55-PM.jpeg","width":1600,"height":1069},{"@type":"BreadcrumbList","@id":"https:\/\/www.manabi.gob.ec\/index.php\/dinamizar-el-turismo-es-nuestra-prioridad-avanzan-los-trabajos-de-reconstruccion-de-la-calle-del-malecon-de-puerto-cayo\/#breadcrumb","itemListElement":[{"@type":"ListItem","position":1,"name":"Portada","item":"https:\/\/www.manabi.gob.ec\/"},{"@type":"ListItem","position":2,"name":"\u00a1DINAMIZAR EL TURISMO ES NUESTRA PRIORIDAD! Avanzan los trabajos de reconstrucci\u00f3n de la calle del malec\u00f3n de Puerto Cayo."}]},{"@type":"WebSite","@id":"https:\/\/www.manabi.gob.ec\/#website","url":"https:\/\/www.manabi.gob.ec\/","name":"Prefectura de Manab\u00ed","description":"P\u00e1gina web de la prefectura","potentialAction":[{"@type":"SearchAction","target":{"@type":"EntryPoint","urlTemplate":"https:\/\/www.manabi.gob.ec\/?s={search_term_string}"},"query-input":{"@type":"PropertyValueSpecification","valueRequired":true,"valueName":"search_term_string"}}],"inLanguage":"es"},{"@type":"Person","@id":"https:\/\/www.manabi.gob.ec\/#\/schema\/person\/c4f117989332ad723a6ced5994aa7d7a","name":"Lui Ochoa","image":{"@type":"ImageObject","inLanguage":"es","@id":"https:\/\/secure.gravatar.com\/avatar\/6e8017d0fe69dead8a95864d2eb6e1e1d8bf8e01194ba49cf7b897ff038126ba?s=96&d=mm&r=g","url":"https:\/\/secure.gravatar.com\/avatar\/6e8017d0fe69dead8a95864d2eb6e1e1d8bf8e01194ba49cf7b897ff038126ba?s=96&d=mm&r=g","contentUrl":"https:\/\/secure.gravatar.com\/avatar\/6e8017d0fe69dead8a95864d2eb6e1e1d8bf8e01194ba49cf7b897ff038126ba?s=96&d=mm&r=g","caption":"Lui Ochoa"},"url":"https:\/\/www.manabi.gob.ec\/index.php\/author\/lochoa\/"}]}},"jetpack_featured_media_url":"https:\/\/www.manabi.gob.ec\/wp-content\/uploads\/2022\/09\/WhatsApp-Image-2022-09-09-at-12.09.55-PM.jpeg","_links":{"self":[{"href":"https:\/\/www.manabi.gob.ec\/index.php\/wp-json\/wp\/v2\/posts\/22111","targetHints":{"allow":["GET"]}}],"collection":[{"href":"https:\/\/www.manabi.gob.ec\/index.php\/wp-json\/wp\/v2\/posts"}],"about":[{"href":"https:\/\/www.manabi.gob.ec\/index.php\/wp-json\/wp\/v2\/types\/post"}],"author":[{"embeddable":true,"href":"https:\/\/www.manabi.gob.ec\/index.php\/wp-json\/wp\/v2\/users\/10"}],"replies":[{"embeddable":true,"href":"https:\/\/www.manabi.gob.ec\/index.php\/wp-json\/wp\/v2\/comments?post=22111"}],"version-history":[{"count":0,"href":"https:\/\/www.manabi.gob.ec\/index.php\/wp-json\/wp\/v2\/posts\/22111\/revisions"}],"wp:featuredmedia":[{"embeddable":true,"href":"https:\/\/www.manabi.gob.ec\/index.php\/wp-json\/wp\/v2\/media\/22113"}],"wp:attachment":[{"href":"https:\/\/www.manabi.gob.ec\/index.php\/wp-json\/wp\/v2\/media?parent=22111"}],"wp:term":[{"taxonomy":"category","embeddable":true,"href":"https:\/\/www.manabi.gob.ec\/index.php\/wp-json\/wp\/v2\/categories?post=22111"},{"taxonomy":"post_tag","embeddable":true,"href":"https:\/\/www.manabi.gob.ec\/index.php\/wp-json\/wp\/v2\/tags?post=22111"}],"curies":[{"name":"wp","href":"https:\/\/api.w.org\/{rel}","templated":true}]}}