{"id":22152,"date":"2022-09-12T22:12:50","date_gmt":"2022-09-12T22:12:50","guid":{"rendered":"https:\/\/www.manabi.gob.ec\/?p=22152"},"modified":"2022-09-12T22:12:54","modified_gmt":"2022-09-12T22:12:54","slug":"asi-impulsamos-la-reactivacion-50-beneficiarios-del-proyecto-de-formacion-en-costura-de-sabanas-y-cortinas-listos-para-emprender","status":"publish","type":"post","link":"https:\/\/www.manabi.gob.ec\/index.php\/asi-impulsamos-la-reactivacion-50-beneficiarios-del-proyecto-de-formacion-en-costura-de-sabanas-y-cortinas-listos-para-emprender\/","title":{"rendered":"\u00a1AS\u00cd IMPULSAMOS LA REACTIVACI\u00d3N! 50 beneficiarios del proyecto de formaci\u00f3n en costura de s\u00e1banas y cortinas listos para emprender"},"content":{"rendered":"\n<p>La Prefectura de Manab\u00ed, a trav\u00e9s de la direcci\u00f3n de Desarrollo Social, entreg\u00f3 certificados a 50 beneficiarios del proyecto de formaci\u00f3n en costura, modalidad juegos de s\u00e1banas y cortinas.<br>Proyecto desarrollado para impulsar la reactivaci\u00f3n econ\u00f3mica local desde los grupos de atenci\u00f3n prioritaria de la parroquia San Isidro, del cant\u00f3n Sucre.<\/p>\n\n\n\n<p>La formaci\u00f3n se desarroll\u00f3 desde marzo, durante 8 horas diarias en las que aprendieron nuevas t\u00e9cnicas de costura, gracias al Convenio entre el GAD parroquial San Isidro y la Prefectura de Manab\u00ed, con una inversi\u00f3n de $ 6.200,50 que contribuyen a la generaci\u00f3n de nuevos emprendimientos.<\/p>\n","protected":false},"excerpt":{"rendered":"<p>La Prefectura de Manab\u00ed, a trav\u00e9s de la direcci\u00f3n de Desarrollo Social, entreg\u00f3 certificados a 50 beneficiarios del proyecto de formaci\u00f3n en costura, modalidad juegos de s\u00e1banas y cortinas.Proyecto desarrollado para impulsar la reactivaci\u00f3n econ\u00f3mica local desde los grupos de atenci\u00f3n prioritaria de la parroquia San Isidro, del cant\u00f3n Sucre. La formaci\u00f3n se desarroll\u00f3 desde [&hellip;]<\/p>\n","protected":false},"author":10,"featured_media":22153,"comment_status":"closed","ping_status":"closed","sticky":false,"template":"","format":"standard","meta":{"_joinchat":[],"footnotes":""},"categories":[142,224,92,193,160,91],"tags":[],"class_list":["post-22152","post","type-post","status-publish","format-standard","has-post-thumbnail","hentry","category-desarrollo-social","category-mujeres","category-noticias-manabi","category-participacion-ciudadana","category-sucre","category-todas"],"yoast_head":"<!-- This site is optimized with the Yoast SEO plugin v27.4 - https:\/\/yoast.com\/product\/yoast-seo-wordpress\/ -->\n<title>\u00a1AS\u00cd IMPULSAMOS LA REACTIVACI\u00d3N! 50 beneficiarios del proyecto de formaci\u00f3n en costura de s\u00e1banas y cortinas listos para emprender - Prefectura de Manab\u00ed<\/title>\n<meta name=\"robots\" content=\"index, follow, max-snippet:-1, max-image-preview:large, max-video-preview:-1\" \/>\n<link rel=\"canonical\" href=\"https:\/\/www.manabi.gob.ec\/index.php\/asi-impulsamos-la-reactivacion-50-beneficiarios-del-proyecto-de-formacion-en-costura-de-sabanas-y-cortinas-listos-para-emprender\/\" \/>\n<meta property=\"og:locale\" content=\"es_ES\" \/>\n<meta property=\"og:type\" content=\"article\" \/>\n<meta property=\"og:title\" content=\"\u00a1AS\u00cd IMPULSAMOS LA REACTIVACI\u00d3N! 50 beneficiarios del proyecto de formaci\u00f3n en costura de s\u00e1banas y cortinas listos para emprender - Prefectura de Manab\u00ed\" \/>\n<meta property=\"og:description\" content=\"La Prefectura de Manab\u00ed, a trav\u00e9s de la direcci\u00f3n de Desarrollo Social, entreg\u00f3 certificados a 50 beneficiarios del proyecto de formaci\u00f3n en costura, modalidad juegos de s\u00e1banas y cortinas.Proyecto desarrollado para impulsar la reactivaci\u00f3n econ\u00f3mica local desde los grupos de atenci\u00f3n prioritaria de la parroquia San Isidro, del cant\u00f3n Sucre. La formaci\u00f3n se desarroll\u00f3 desde [&hellip;]\" \/>\n<meta property=\"og:url\" content=\"https:\/\/www.manabi.gob.ec\/index.php\/asi-impulsamos-la-reactivacion-50-beneficiarios-del-proyecto-de-formacion-en-costura-de-sabanas-y-cortinas-listos-para-emprender\/\" \/>\n<meta property=\"og:site_name\" content=\"Prefectura de Manab\u00ed\" \/>\n<meta property=\"article:published_time\" content=\"2022-09-12T22:12:50+00:00\" \/>\n<meta property=\"article:modified_time\" content=\"2022-09-12T22:12:54+00:00\" \/>\n<meta property=\"og:image\" content=\"https:\/\/www.manabi.gob.ec\/wp-content\/uploads\/2022\/09\/WhatsApp-Image-2022-09-12-at-4.19.40-PM.jpeg\" \/>\n\t<meta property=\"og:image:width\" content=\"1024\" \/>\n\t<meta property=\"og:image:height\" content=\"768\" \/>\n\t<meta property=\"og:image:type\" content=\"image\/jpeg\" \/>\n<meta name=\"author\" content=\"Lui Ochoa\" \/>\n<meta name=\"twitter:card\" content=\"summary_large_image\" \/>\n<meta name=\"twitter:label1\" content=\"Escrito por\" \/>\n\t<meta name=\"twitter:data1\" content=\"Lui Ochoa\" \/>\n\t<meta name=\"twitter:label2\" content=\"Tiempo de lectura\" \/>\n\t<meta name=\"twitter:data2\" content=\"1 minuto\" \/>\n<script type=\"application\/ld+json\" class=\"yoast-schema-graph\">{\"@context\":\"https:\\\/\\\/schema.org\",\"@graph\":[{\"@type\":\"Article\",\"@id\":\"https:\\\/\\\/www.manabi.gob.ec\\\/index.php\\\/asi-impulsamos-la-reactivacion-50-beneficiarios-del-proyecto-de-formacion-en-costura-de-sabanas-y-cortinas-listos-para-emprender\\\/#article\",\"isPartOf\":{\"@id\":\"https:\\\/\\\/www.manabi.gob.ec\\\/index.php\\\/asi-impulsamos-la-reactivacion-50-beneficiarios-del-proyecto-de-formacion-en-costura-de-sabanas-y-cortinas-listos-para-emprender\\\/\"},\"author\":{\"name\":\"Lui Ochoa\",\"@id\":\"https:\\\/\\\/www.manabi.gob.ec\\\/#\\\/schema\\\/person\\\/c4f117989332ad723a6ced5994aa7d7a\"},\"headline\":\"\u00a1AS\u00cd IMPULSAMOS LA REACTIVACI\u00d3N! 50 beneficiarios del proyecto de formaci\u00f3n en costura de s\u00e1banas y cortinas listos para emprender\",\"datePublished\":\"2022-09-12T22:12:50+00:00\",\"dateModified\":\"2022-09-12T22:12:54+00:00\",\"mainEntityOfPage\":{\"@id\":\"https:\\\/\\\/www.manabi.gob.ec\\\/index.php\\\/asi-impulsamos-la-reactivacion-50-beneficiarios-del-proyecto-de-formacion-en-costura-de-sabanas-y-cortinas-listos-para-emprender\\\/\"},\"wordCount\":126,\"image\":{\"@id\":\"https:\\\/\\\/www.manabi.gob.ec\\\/index.php\\\/asi-impulsamos-la-reactivacion-50-beneficiarios-del-proyecto-de-formacion-en-costura-de-sabanas-y-cortinas-listos-para-emprender\\\/#primaryimage\"},\"thumbnailUrl\":\"https:\\\/\\\/www.manabi.gob.ec\\\/wp-content\\\/uploads\\\/2022\\\/09\\\/WhatsApp-Image-2022-09-12-at-4.19.40-PM.jpeg\",\"articleSection\":[\"Desarrollo Social\",\"Mujeres\",\"Noticias\",\"Participaci\u00f3n ciudadana\",\"Sucre\",\"Todas\"],\"inLanguage\":\"es\"},{\"@type\":\"WebPage\",\"@id\":\"https:\\\/\\\/www.manabi.gob.ec\\\/index.php\\\/asi-impulsamos-la-reactivacion-50-beneficiarios-del-proyecto-de-formacion-en-costura-de-sabanas-y-cortinas-listos-para-emprender\\\/\",\"url\":\"https:\\\/\\\/www.manabi.gob.ec\\\/index.php\\\/asi-impulsamos-la-reactivacion-50-beneficiarios-del-proyecto-de-formacion-en-costura-de-sabanas-y-cortinas-listos-para-emprender\\\/\",\"name\":\"\u00a1AS\u00cd IMPULSAMOS LA REACTIVACI\u00d3N! 50 beneficiarios del proyecto de formaci\u00f3n en costura de s\u00e1banas y cortinas listos para emprender - Prefectura de Manab\u00ed\",\"isPartOf\":{\"@id\":\"https:\\\/\\\/www.manabi.gob.ec\\\/#website\"},\"primaryImageOfPage\":{\"@id\":\"https:\\\/\\\/www.manabi.gob.ec\\\/index.php\\\/asi-impulsamos-la-reactivacion-50-beneficiarios-del-proyecto-de-formacion-en-costura-de-sabanas-y-cortinas-listos-para-emprender\\\/#primaryimage\"},\"image\":{\"@id\":\"https:\\\/\\\/www.manabi.gob.ec\\\/index.php\\\/asi-impulsamos-la-reactivacion-50-beneficiarios-del-proyecto-de-formacion-en-costura-de-sabanas-y-cortinas-listos-para-emprender\\\/#primaryimage\"},\"thumbnailUrl\":\"https:\\\/\\\/www.manabi.gob.ec\\\/wp-content\\\/uploads\\\/2022\\\/09\\\/WhatsApp-Image-2022-09-12-at-4.19.40-PM.jpeg\",\"datePublished\":\"2022-09-12T22:12:50+00:00\",\"dateModified\":\"2022-09-12T22:12:54+00:00\",\"author\":{\"@id\":\"https:\\\/\\\/www.manabi.gob.ec\\\/#\\\/schema\\\/person\\\/c4f117989332ad723a6ced5994aa7d7a\"},\"breadcrumb\":{\"@id\":\"https:\\\/\\\/www.manabi.gob.ec\\\/index.php\\\/asi-impulsamos-la-reactivacion-50-beneficiarios-del-proyecto-de-formacion-en-costura-de-sabanas-y-cortinas-listos-para-emprender\\\/#breadcrumb\"},\"inLanguage\":\"es\",\"potentialAction\":[{\"@type\":\"ReadAction\",\"target\":[\"https:\\\/\\\/www.manabi.gob.ec\\\/index.php\\\/asi-impulsamos-la-reactivacion-50-beneficiarios-del-proyecto-de-formacion-en-costura-de-sabanas-y-cortinas-listos-para-emprender\\\/\"]}]},{\"@type\":\"ImageObject\",\"inLanguage\":\"es\",\"@id\":\"https:\\\/\\\/www.manabi.gob.ec\\\/index.php\\\/asi-impulsamos-la-reactivacion-50-beneficiarios-del-proyecto-de-formacion-en-costura-de-sabanas-y-cortinas-listos-para-emprender\\\/#primaryimage\",\"url\":\"https:\\\/\\\/www.manabi.gob.ec\\\/wp-content\\\/uploads\\\/2022\\\/09\\\/WhatsApp-Image-2022-09-12-at-4.19.40-PM.jpeg\",\"contentUrl\":\"https:\\\/\\\/www.manabi.gob.ec\\\/wp-content\\\/uploads\\\/2022\\\/09\\\/WhatsApp-Image-2022-09-12-at-4.19.40-PM.jpeg\",\"width\":1024,\"height\":768},{\"@type\":\"BreadcrumbList\",\"@id\":\"https:\\\/\\\/www.manabi.gob.ec\\\/index.php\\\/asi-impulsamos-la-reactivacion-50-beneficiarios-del-proyecto-de-formacion-en-costura-de-sabanas-y-cortinas-listos-para-emprender\\\/#breadcrumb\",\"itemListElement\":[{\"@type\":\"ListItem\",\"position\":1,\"name\":\"Portada\",\"item\":\"https:\\\/\\\/www.manabi.gob.ec\\\/\"},{\"@type\":\"ListItem\",\"position\":2,\"name\":\"\u00a1AS\u00cd IMPULSAMOS LA REACTIVACI\u00d3N! 50 beneficiarios del proyecto de formaci\u00f3n en costura de s\u00e1banas y cortinas listos para emprender\"}]},{\"@type\":\"WebSite\",\"@id\":\"https:\\\/\\\/www.manabi.gob.ec\\\/#website\",\"url\":\"https:\\\/\\\/www.manabi.gob.ec\\\/\",\"name\":\"Prefectura de Manab\u00ed\",\"description\":\"P\u00e1gina web de la prefectura\",\"potentialAction\":[{\"@type\":\"SearchAction\",\"target\":{\"@type\":\"EntryPoint\",\"urlTemplate\":\"https:\\\/\\\/www.manabi.gob.ec\\\/?s={search_term_string}\"},\"query-input\":{\"@type\":\"PropertyValueSpecification\",\"valueRequired\":true,\"valueName\":\"search_term_string\"}}],\"inLanguage\":\"es\"},{\"@type\":\"Person\",\"@id\":\"https:\\\/\\\/www.manabi.gob.ec\\\/#\\\/schema\\\/person\\\/c4f117989332ad723a6ced5994aa7d7a\",\"name\":\"Lui Ochoa\",\"image\":{\"@type\":\"ImageObject\",\"inLanguage\":\"es\",\"@id\":\"https:\\\/\\\/secure.gravatar.com\\\/avatar\\\/6e8017d0fe69dead8a95864d2eb6e1e1d8bf8e01194ba49cf7b897ff038126ba?s=96&d=mm&r=g\",\"url\":\"https:\\\/\\\/secure.gravatar.com\\\/avatar\\\/6e8017d0fe69dead8a95864d2eb6e1e1d8bf8e01194ba49cf7b897ff038126ba?s=96&d=mm&r=g\",\"contentUrl\":\"https:\\\/\\\/secure.gravatar.com\\\/avatar\\\/6e8017d0fe69dead8a95864d2eb6e1e1d8bf8e01194ba49cf7b897ff038126ba?s=96&d=mm&r=g\",\"caption\":\"Lui Ochoa\"},\"url\":\"https:\\\/\\\/www.manabi.gob.ec\\\/index.php\\\/author\\\/lochoa\\\/\"}]}<\/script>\n<!-- \/ Yoast SEO plugin. -->","yoast_head_json":{"title":"\u00a1AS\u00cd IMPULSAMOS LA REACTIVACI\u00d3N! 50 beneficiarios del proyecto de formaci\u00f3n en costura de s\u00e1banas y cortinas listos para emprender - Prefectura de Manab\u00ed","robots":{"index":"index","follow":"follow","max-snippet":"max-snippet:-1","max-image-preview":"max-image-preview:large","max-video-preview":"max-video-preview:-1"},"canonical":"https:\/\/www.manabi.gob.ec\/index.php\/asi-impulsamos-la-reactivacion-50-beneficiarios-del-proyecto-de-formacion-en-costura-de-sabanas-y-cortinas-listos-para-emprender\/","og_locale":"es_ES","og_type":"article","og_title":"\u00a1AS\u00cd IMPULSAMOS LA REACTIVACI\u00d3N! 50 beneficiarios del proyecto de formaci\u00f3n en costura de s\u00e1banas y cortinas listos para emprender - Prefectura de Manab\u00ed","og_description":"La Prefectura de Manab\u00ed, a trav\u00e9s de la direcci\u00f3n de Desarrollo Social, entreg\u00f3 certificados a 50 beneficiarios del proyecto de formaci\u00f3n en costura, modalidad juegos de s\u00e1banas y cortinas.Proyecto desarrollado para impulsar la reactivaci\u00f3n econ\u00f3mica local desde los grupos de atenci\u00f3n prioritaria de la parroquia San Isidro, del cant\u00f3n Sucre. La formaci\u00f3n se desarroll\u00f3 desde [&hellip;]","og_url":"https:\/\/www.manabi.gob.ec\/index.php\/asi-impulsamos-la-reactivacion-50-beneficiarios-del-proyecto-de-formacion-en-costura-de-sabanas-y-cortinas-listos-para-emprender\/","og_site_name":"Prefectura de Manab\u00ed","article_published_time":"2022-09-12T22:12:50+00:00","article_modified_time":"2022-09-12T22:12:54+00:00","og_image":[{"width":1024,"height":768,"url":"https:\/\/www.manabi.gob.ec\/wp-content\/uploads\/2022\/09\/WhatsApp-Image-2022-09-12-at-4.19.40-PM.jpeg","type":"image\/jpeg"}],"author":"Lui Ochoa","twitter_card":"summary_large_image","twitter_misc":{"Escrito por":"Lui Ochoa","Tiempo de lectura":"1 minuto"},"schema":{"@context":"https:\/\/schema.org","@graph":[{"@type":"Article","@id":"https:\/\/www.manabi.gob.ec\/index.php\/asi-impulsamos-la-reactivacion-50-beneficiarios-del-proyecto-de-formacion-en-costura-de-sabanas-y-cortinas-listos-para-emprender\/#article","isPartOf":{"@id":"https:\/\/www.manabi.gob.ec\/index.php\/asi-impulsamos-la-reactivacion-50-beneficiarios-del-proyecto-de-formacion-en-costura-de-sabanas-y-cortinas-listos-para-emprender\/"},"author":{"name":"Lui Ochoa","@id":"https:\/\/www.manabi.gob.ec\/#\/schema\/person\/c4f117989332ad723a6ced5994aa7d7a"},"headline":"\u00a1AS\u00cd IMPULSAMOS LA REACTIVACI\u00d3N! 50 beneficiarios del proyecto de formaci\u00f3n en costura de s\u00e1banas y cortinas listos para emprender","datePublished":"2022-09-12T22:12:50+00:00","dateModified":"2022-09-12T22:12:54+00:00","mainEntityOfPage":{"@id":"https:\/\/www.manabi.gob.ec\/index.php\/asi-impulsamos-la-reactivacion-50-beneficiarios-del-proyecto-de-formacion-en-costura-de-sabanas-y-cortinas-listos-para-emprender\/"},"wordCount":126,"image":{"@id":"https:\/\/www.manabi.gob.ec\/index.php\/asi-impulsamos-la-reactivacion-50-beneficiarios-del-proyecto-de-formacion-en-costura-de-sabanas-y-cortinas-listos-para-emprender\/#primaryimage"},"thumbnailUrl":"https:\/\/www.manabi.gob.ec\/wp-content\/uploads\/2022\/09\/WhatsApp-Image-2022-09-12-at-4.19.40-PM.jpeg","articleSection":["Desarrollo Social","Mujeres","Noticias","Participaci\u00f3n ciudadana","Sucre","Todas"],"inLanguage":"es"},{"@type":"WebPage","@id":"https:\/\/www.manabi.gob.ec\/index.php\/asi-impulsamos-la-reactivacion-50-beneficiarios-del-proyecto-de-formacion-en-costura-de-sabanas-y-cortinas-listos-para-emprender\/","url":"https:\/\/www.manabi.gob.ec\/index.php\/asi-impulsamos-la-reactivacion-50-beneficiarios-del-proyecto-de-formacion-en-costura-de-sabanas-y-cortinas-listos-para-emprender\/","name":"\u00a1AS\u00cd IMPULSAMOS LA REACTIVACI\u00d3N! 50 beneficiarios del proyecto de formaci\u00f3n en costura de s\u00e1banas y cortinas listos para emprender - Prefectura de Manab\u00ed","isPartOf":{"@id":"https:\/\/www.manabi.gob.ec\/#website"},"primaryImageOfPage":{"@id":"https:\/\/www.manabi.gob.ec\/index.php\/asi-impulsamos-la-reactivacion-50-beneficiarios-del-proyecto-de-formacion-en-costura-de-sabanas-y-cortinas-listos-para-emprender\/#primaryimage"},"image":{"@id":"https:\/\/www.manabi.gob.ec\/index.php\/asi-impulsamos-la-reactivacion-50-beneficiarios-del-proyecto-de-formacion-en-costura-de-sabanas-y-cortinas-listos-para-emprender\/#primaryimage"},"thumbnailUrl":"https:\/\/www.manabi.gob.ec\/wp-content\/uploads\/2022\/09\/WhatsApp-Image-2022-09-12-at-4.19.40-PM.jpeg","datePublished":"2022-09-12T22:12:50+00:00","dateModified":"2022-09-12T22:12:54+00:00","author":{"@id":"https:\/\/www.manabi.gob.ec\/#\/schema\/person\/c4f117989332ad723a6ced5994aa7d7a"},"breadcrumb":{"@id":"https:\/\/www.manabi.gob.ec\/index.php\/asi-impulsamos-la-reactivacion-50-beneficiarios-del-proyecto-de-formacion-en-costura-de-sabanas-y-cortinas-listos-para-emprender\/#breadcrumb"},"inLanguage":"es","potentialAction":[{"@type":"ReadAction","target":["https:\/\/www.manabi.gob.ec\/index.php\/asi-impulsamos-la-reactivacion-50-beneficiarios-del-proyecto-de-formacion-en-costura-de-sabanas-y-cortinas-listos-para-emprender\/"]}]},{"@type":"ImageObject","inLanguage":"es","@id":"https:\/\/www.manabi.gob.ec\/index.php\/asi-impulsamos-la-reactivacion-50-beneficiarios-del-proyecto-de-formacion-en-costura-de-sabanas-y-cortinas-listos-para-emprender\/#primaryimage","url":"https:\/\/www.manabi.gob.ec\/wp-content\/uploads\/2022\/09\/WhatsApp-Image-2022-09-12-at-4.19.40-PM.jpeg","contentUrl":"https:\/\/www.manabi.gob.ec\/wp-content\/uploads\/2022\/09\/WhatsApp-Image-2022-09-12-at-4.19.40-PM.jpeg","width":1024,"height":768},{"@type":"BreadcrumbList","@id":"https:\/\/www.manabi.gob.ec\/index.php\/asi-impulsamos-la-reactivacion-50-beneficiarios-del-proyecto-de-formacion-en-costura-de-sabanas-y-cortinas-listos-para-emprender\/#breadcrumb","itemListElement":[{"@type":"ListItem","position":1,"name":"Portada","item":"https:\/\/www.manabi.gob.ec\/"},{"@type":"ListItem","position":2,"name":"\u00a1AS\u00cd IMPULSAMOS LA REACTIVACI\u00d3N! 50 beneficiarios del proyecto de formaci\u00f3n en costura de s\u00e1banas y cortinas listos para emprender"}]},{"@type":"WebSite","@id":"https:\/\/www.manabi.gob.ec\/#website","url":"https:\/\/www.manabi.gob.ec\/","name":"Prefectura de Manab\u00ed","description":"P\u00e1gina web de la prefectura","potentialAction":[{"@type":"SearchAction","target":{"@type":"EntryPoint","urlTemplate":"https:\/\/www.manabi.gob.ec\/?s={search_term_string}"},"query-input":{"@type":"PropertyValueSpecification","valueRequired":true,"valueName":"search_term_string"}}],"inLanguage":"es"},{"@type":"Person","@id":"https:\/\/www.manabi.gob.ec\/#\/schema\/person\/c4f117989332ad723a6ced5994aa7d7a","name":"Lui Ochoa","image":{"@type":"ImageObject","inLanguage":"es","@id":"https:\/\/secure.gravatar.com\/avatar\/6e8017d0fe69dead8a95864d2eb6e1e1d8bf8e01194ba49cf7b897ff038126ba?s=96&d=mm&r=g","url":"https:\/\/secure.gravatar.com\/avatar\/6e8017d0fe69dead8a95864d2eb6e1e1d8bf8e01194ba49cf7b897ff038126ba?s=96&d=mm&r=g","contentUrl":"https:\/\/secure.gravatar.com\/avatar\/6e8017d0fe69dead8a95864d2eb6e1e1d8bf8e01194ba49cf7b897ff038126ba?s=96&d=mm&r=g","caption":"Lui Ochoa"},"url":"https:\/\/www.manabi.gob.ec\/index.php\/author\/lochoa\/"}]}},"jetpack_featured_media_url":"https:\/\/www.manabi.gob.ec\/wp-content\/uploads\/2022\/09\/WhatsApp-Image-2022-09-12-at-4.19.40-PM.jpeg","_links":{"self":[{"href":"https:\/\/www.manabi.gob.ec\/index.php\/wp-json\/wp\/v2\/posts\/22152","targetHints":{"allow":["GET"]}}],"collection":[{"href":"https:\/\/www.manabi.gob.ec\/index.php\/wp-json\/wp\/v2\/posts"}],"about":[{"href":"https:\/\/www.manabi.gob.ec\/index.php\/wp-json\/wp\/v2\/types\/post"}],"author":[{"embeddable":true,"href":"https:\/\/www.manabi.gob.ec\/index.php\/wp-json\/wp\/v2\/users\/10"}],"replies":[{"embeddable":true,"href":"https:\/\/www.manabi.gob.ec\/index.php\/wp-json\/wp\/v2\/comments?post=22152"}],"version-history":[{"count":0,"href":"https:\/\/www.manabi.gob.ec\/index.php\/wp-json\/wp\/v2\/posts\/22152\/revisions"}],"wp:featuredmedia":[{"embeddable":true,"href":"https:\/\/www.manabi.gob.ec\/index.php\/wp-json\/wp\/v2\/media\/22153"}],"wp:attachment":[{"href":"https:\/\/www.manabi.gob.ec\/index.php\/wp-json\/wp\/v2\/media?parent=22152"}],"wp:term":[{"taxonomy":"category","embeddable":true,"href":"https:\/\/www.manabi.gob.ec\/index.php\/wp-json\/wp\/v2\/categories?post=22152"},{"taxonomy":"post_tag","embeddable":true,"href":"https:\/\/www.manabi.gob.ec\/index.php\/wp-json\/wp\/v2\/tags?post=22152"}],"curies":[{"name":"wp","href":"https:\/\/api.w.org\/{rel}","templated":true}]}}