{"id":22184,"date":"2022-09-19T20:54:10","date_gmt":"2022-09-19T20:54:10","guid":{"rendered":"https:\/\/www.manabi.gob.ec\/?p=22184"},"modified":"2022-09-19T20:54:15","modified_gmt":"2022-09-19T20:54:15","slug":"fiesta-en-las-maravillas-de-jipijapa","status":"publish","type":"post","link":"https:\/\/www.manabi.gob.ec\/index.php\/fiesta-en-las-maravillas-de-jipijapa\/","title":{"rendered":"\u00a1FIESTA EN LAS MARAVILLAS DE JIPIJAPA!"},"content":{"rendered":"\n<p>El Prefecto entreg\u00f3 sistema de riego para la agricultura familiar campesina<\/p>\n\n\n\n<p>Una tarde de fiesta se vivi\u00f3 este viernes 16 de septiembre en la comunidad Las Maravillas de la parroquia La Uni\u00f3n del cant\u00f3n Jipijapa, con motivo de la entrega del sistema de riego para la agricultura familiar campesina, que ejecut\u00f3 la Prefectura de Manab\u00ed, con una inversi\u00f3n de $147.306,33.<\/p>\n\n\n\n<p>\u201cEste es un d\u00eda muy especial para nuestro recinto, porque estamos recibiendo una obra muy importante que nos permitir\u00e1 producir alimentos sin importar si es invierno o verano. Gracias se\u00f1or prefecto, Leonardo Orlando, por su decisi\u00f3n de hacer realidad este proyecto, y por llegar con obras a estos sectores lejanos\u201d, manifest\u00f3 Ver\u00f3nica Menoscal, habitante de Las Maravillas.<\/p>\n\n\n\n<p>Este sistema de riego beneficia a 36 familias, a trav\u00e9s de 24 tomas parcelarias que permitir\u00e1n irrigar 69 hect\u00e1reas. \u201cHablamos de 36 familias que probablemente nunca son visitados por ning\u00fan pol\u00edtico, ni en campa\u00f1a, ni en ejercicio de funciones. Pero, aqu\u00ed no estamos calculando cu\u00e1ntos votos puede haber, sino cu\u00e1ntos corazones, cu\u00e1ntas mentes, cu\u00e1ntas manos laboriosas est\u00e1n comprometidas con el desarrollo de su comunidad, de su cant\u00f3n, y su provincia\u201d, expres\u00f3 el Prefecto durante el acto de inauguraci\u00f3n.<\/p>\n\n\n\n<p>La obra est\u00e1 conformada por una estructura de captaci\u00f3n de agua, estaci\u00f3n de bombeo, l\u00ednea de impulsi\u00f3n (350 metros lineales) desde el c\u00e1rcamo de bombeo hacia el reservorio (100 m3 de almacenamiento), l\u00edneas el\u00e9ctricas, l\u00edneas de distribuci\u00f3n (2.100 metros lineales), y tomas parcelarias.<\/p>\n","protected":false},"excerpt":{"rendered":"<p>El Prefecto entreg\u00f3 sistema de riego para la agricultura familiar campesina Una tarde de fiesta se vivi\u00f3 este viernes 16 de septiembre en la comunidad Las Maravillas de la parroquia La Uni\u00f3n del cant\u00f3n Jipijapa, con motivo de la entrega del sistema de riego para la agricultura familiar campesina, que ejecut\u00f3 la Prefectura de Manab\u00ed, [&hellip;]<\/p>\n","protected":false},"author":10,"featured_media":22185,"comment_status":"closed","ping_status":"closed","sticky":false,"template":"","format":"standard","meta":{"_joinchat":[],"footnotes":""},"categories":[142,123,92,181,91],"tags":[],"class_list":["post-22184","post","type-post","status-publish","format-standard","has-post-thumbnail","hentry","category-desarrollo-social","category-jipijapa","category-noticias-manabi","category-obra-publica","category-todas"],"yoast_head":"<!-- This site is optimized with the Yoast SEO plugin v27.4 - https:\/\/yoast.com\/product\/yoast-seo-wordpress\/ -->\n<title>\u00a1FIESTA EN LAS MARAVILLAS DE JIPIJAPA! - Prefectura de Manab\u00ed<\/title>\n<meta name=\"description\" content=\"El Prefecto entreg\u00f3 sistema de riego para la agricultura familiar campesinaUna tarde de fiesta se vivi\u00f3 este viernes 16 de septiembre en la comunidad Las Maravillas de la parroquia La Uni\u00f3n del cant\u00f3n Jipijapa, con motivo de la entrega del sistema de riego para la agricultura familiar campesina, que ejecut\u00f3 la Prefectura de Manab\u00ed, con una inversi\u00f3n de $147.306,33.\u201cEste es un d\u00eda muy especial para nuestro recinto, porque estamos recibiendo una obra muy importante que nos permitir\u00e1 producir alimentos sin importar si es invierno o verano. Gracias se\u00f1or prefecto, Leonardo Orlando, por su decisi\u00f3n de hacer realidad este proyecto, y por llegar con obras a estos sectores lejanos\u201d, manifest\u00f3 Ver\u00f3nica Menoscal, habitante de Las Maravillas.Este sistema de riego beneficia a 36 familias, a trav\u00e9s de 24 tomas parcelarias que permitir\u00e1n irrigar 69 hect\u00e1reas. \u201cHablamos de 36 familias que probablemente nunca son visitados por ning\u00fan pol\u00edtico, ni en campa\u00f1a, ni en ejercicio de funciones. Pero, aqu\u00ed no estamos calculando cu\u00e1ntos votos puede haber, sino cu\u00e1ntos corazones, cu\u00e1ntas mentes, cu\u00e1ntas manos laboriosas est\u00e1n comprometidas con el desarrollo de su comunidad, de su cant\u00f3n, y su provincia\u201d, expres\u00f3 el Prefecto durante el acto de inauguraci\u00f3n.La obra est\u00e1 conformada por una estructura de captaci\u00f3n de agua, estaci\u00f3n de bombeo, l\u00ednea de impulsi\u00f3n (350 metros lineales) desde el c\u00e1rcamo de bombeo hacia el reservorio (100 m3 de almacenamiento), l\u00edneas el\u00e9ctricas, l\u00edneas de distribuci\u00f3n (2.100 metros lineales), y tomas parcelarias.\" \/>\n<meta name=\"robots\" content=\"index, follow, max-snippet:-1, max-image-preview:large, max-video-preview:-1\" \/>\n<link rel=\"canonical\" href=\"https:\/\/www.manabi.gob.ec\/index.php\/fiesta-en-las-maravillas-de-jipijapa\/\" \/>\n<meta property=\"og:locale\" content=\"es_ES\" \/>\n<meta property=\"og:type\" content=\"article\" \/>\n<meta property=\"og:title\" content=\"\u00a1FIESTA EN LAS MARAVILLAS DE JIPIJAPA! - Prefectura de Manab\u00ed\" \/>\n<meta property=\"og:description\" content=\"El Prefecto entreg\u00f3 sistema de riego para la agricultura familiar campesinaUna tarde de fiesta se vivi\u00f3 este viernes 16 de septiembre en la comunidad Las Maravillas de la parroquia La Uni\u00f3n del cant\u00f3n Jipijapa, con motivo de la entrega del sistema de riego para la agricultura familiar campesina, que ejecut\u00f3 la Prefectura de Manab\u00ed, con una inversi\u00f3n de $147.306,33.\u201cEste es un d\u00eda muy especial para nuestro recinto, porque estamos recibiendo una obra muy importante que nos permitir\u00e1 producir alimentos sin importar si es invierno o verano. Gracias se\u00f1or prefecto, Leonardo Orlando, por su decisi\u00f3n de hacer realidad este proyecto, y por llegar con obras a estos sectores lejanos\u201d, manifest\u00f3 Ver\u00f3nica Menoscal, habitante de Las Maravillas.Este sistema de riego beneficia a 36 familias, a trav\u00e9s de 24 tomas parcelarias que permitir\u00e1n irrigar 69 hect\u00e1reas. \u201cHablamos de 36 familias que probablemente nunca son visitados por ning\u00fan pol\u00edtico, ni en campa\u00f1a, ni en ejercicio de funciones. Pero, aqu\u00ed no estamos calculando cu\u00e1ntos votos puede haber, sino cu\u00e1ntos corazones, cu\u00e1ntas mentes, cu\u00e1ntas manos laboriosas est\u00e1n comprometidas con el desarrollo de su comunidad, de su cant\u00f3n, y su provincia\u201d, expres\u00f3 el Prefecto durante el acto de inauguraci\u00f3n.La obra est\u00e1 conformada por una estructura de captaci\u00f3n de agua, estaci\u00f3n de bombeo, l\u00ednea de impulsi\u00f3n (350 metros lineales) desde el c\u00e1rcamo de bombeo hacia el reservorio (100 m3 de almacenamiento), l\u00edneas el\u00e9ctricas, l\u00edneas de distribuci\u00f3n (2.100 metros lineales), y tomas parcelarias.\" \/>\n<meta property=\"og:url\" content=\"https:\/\/www.manabi.gob.ec\/index.php\/fiesta-en-las-maravillas-de-jipijapa\/\" \/>\n<meta property=\"og:site_name\" content=\"Prefectura de Manab\u00ed\" \/>\n<meta property=\"article:published_time\" content=\"2022-09-19T20:54:10+00:00\" \/>\n<meta property=\"article:modified_time\" content=\"2022-09-19T20:54:15+00:00\" \/>\n<meta property=\"og:image\" content=\"https:\/\/www.manabi.gob.ec\/wp-content\/uploads\/2022\/09\/WhatsApp-Image-2022-09-16-at-11.27.03-PM.jpeg\" \/>\n\t<meta property=\"og:image:width\" content=\"1280\" \/>\n\t<meta property=\"og:image:height\" content=\"855\" \/>\n\t<meta property=\"og:image:type\" content=\"image\/jpeg\" \/>\n<meta name=\"author\" content=\"Lui Ochoa\" \/>\n<meta name=\"twitter:card\" content=\"summary_large_image\" \/>\n<meta name=\"twitter:label1\" content=\"Escrito por\" \/>\n\t<meta name=\"twitter:data1\" content=\"Lui Ochoa\" \/>\n\t<meta name=\"twitter:label2\" content=\"Tiempo de lectura\" \/>\n\t<meta name=\"twitter:data2\" content=\"2 minutos\" \/>\n<script type=\"application\/ld+json\" class=\"yoast-schema-graph\">{\"@context\":\"https:\\\/\\\/schema.org\",\"@graph\":[{\"@type\":\"Article\",\"@id\":\"https:\\\/\\\/www.manabi.gob.ec\\\/index.php\\\/fiesta-en-las-maravillas-de-jipijapa\\\/#article\",\"isPartOf\":{\"@id\":\"https:\\\/\\\/www.manabi.gob.ec\\\/index.php\\\/fiesta-en-las-maravillas-de-jipijapa\\\/\"},\"author\":{\"name\":\"Lui Ochoa\",\"@id\":\"https:\\\/\\\/www.manabi.gob.ec\\\/#\\\/schema\\\/person\\\/c4f117989332ad723a6ced5994aa7d7a\"},\"headline\":\"\u00a1FIESTA EN LAS MARAVILLAS DE JIPIJAPA!\",\"datePublished\":\"2022-09-19T20:54:10+00:00\",\"dateModified\":\"2022-09-19T20:54:15+00:00\",\"mainEntityOfPage\":{\"@id\":\"https:\\\/\\\/www.manabi.gob.ec\\\/index.php\\\/fiesta-en-las-maravillas-de-jipijapa\\\/\"},\"wordCount\":264,\"image\":{\"@id\":\"https:\\\/\\\/www.manabi.gob.ec\\\/index.php\\\/fiesta-en-las-maravillas-de-jipijapa\\\/#primaryimage\"},\"thumbnailUrl\":\"https:\\\/\\\/www.manabi.gob.ec\\\/wp-content\\\/uploads\\\/2022\\\/09\\\/WhatsApp-Image-2022-09-16-at-11.27.03-PM.jpeg\",\"articleSection\":[\"Desarrollo Social\",\"Jipijapa\",\"Noticias\",\"Obra P\u00fablica\",\"Todas\"],\"inLanguage\":\"es\"},{\"@type\":\"WebPage\",\"@id\":\"https:\\\/\\\/www.manabi.gob.ec\\\/index.php\\\/fiesta-en-las-maravillas-de-jipijapa\\\/\",\"url\":\"https:\\\/\\\/www.manabi.gob.ec\\\/index.php\\\/fiesta-en-las-maravillas-de-jipijapa\\\/\",\"name\":\"\u00a1FIESTA EN LAS MARAVILLAS DE JIPIJAPA! - Prefectura de Manab\u00ed\",\"isPartOf\":{\"@id\":\"https:\\\/\\\/www.manabi.gob.ec\\\/#website\"},\"primaryImageOfPage\":{\"@id\":\"https:\\\/\\\/www.manabi.gob.ec\\\/index.php\\\/fiesta-en-las-maravillas-de-jipijapa\\\/#primaryimage\"},\"image\":{\"@id\":\"https:\\\/\\\/www.manabi.gob.ec\\\/index.php\\\/fiesta-en-las-maravillas-de-jipijapa\\\/#primaryimage\"},\"thumbnailUrl\":\"https:\\\/\\\/www.manabi.gob.ec\\\/wp-content\\\/uploads\\\/2022\\\/09\\\/WhatsApp-Image-2022-09-16-at-11.27.03-PM.jpeg\",\"datePublished\":\"2022-09-19T20:54:10+00:00\",\"dateModified\":\"2022-09-19T20:54:15+00:00\",\"author\":{\"@id\":\"https:\\\/\\\/www.manabi.gob.ec\\\/#\\\/schema\\\/person\\\/c4f117989332ad723a6ced5994aa7d7a\"},\"description\":\"El Prefecto entreg\u00f3 sistema de riego para la agricultura familiar campesinaUna tarde de fiesta se vivi\u00f3 este viernes 16 de septiembre en la comunidad Las Maravillas de la parroquia La Uni\u00f3n del cant\u00f3n Jipijapa, con motivo de la entrega del sistema de riego para la agricultura familiar campesina, que ejecut\u00f3 la Prefectura de Manab\u00ed, con una inversi\u00f3n de $147.306,33.\u201cEste es un d\u00eda muy especial para nuestro recinto, porque estamos recibiendo una obra muy importante que nos permitir\u00e1 producir alimentos sin importar si es invierno o verano. Gracias se\u00f1or prefecto, Leonardo Orlando, por su decisi\u00f3n de hacer realidad este proyecto, y por llegar con obras a estos sectores lejanos\u201d, manifest\u00f3 Ver\u00f3nica Menoscal, habitante de Las Maravillas.Este sistema de riego beneficia a 36 familias, a trav\u00e9s de 24 tomas parcelarias que permitir\u00e1n irrigar 69 hect\u00e1reas. \u201cHablamos de 36 familias que probablemente nunca son visitados por ning\u00fan pol\u00edtico, ni en campa\u00f1a, ni en ejercicio de funciones. Pero, aqu\u00ed no estamos calculando cu\u00e1ntos votos puede haber, sino cu\u00e1ntos corazones, cu\u00e1ntas mentes, cu\u00e1ntas manos laboriosas est\u00e1n comprometidas con el desarrollo de su comunidad, de su cant\u00f3n, y su provincia\u201d, expres\u00f3 el Prefecto durante el acto de inauguraci\u00f3n.La obra est\u00e1 conformada por una estructura de captaci\u00f3n de agua, estaci\u00f3n de bombeo, l\u00ednea de impulsi\u00f3n (350 metros lineales) desde el c\u00e1rcamo de bombeo hacia el reservorio (100 m3 de almacenamiento), l\u00edneas el\u00e9ctricas, l\u00edneas de distribuci\u00f3n (2.100 metros lineales), y tomas parcelarias.\",\"breadcrumb\":{\"@id\":\"https:\\\/\\\/www.manabi.gob.ec\\\/index.php\\\/fiesta-en-las-maravillas-de-jipijapa\\\/#breadcrumb\"},\"inLanguage\":\"es\",\"potentialAction\":[{\"@type\":\"ReadAction\",\"target\":[\"https:\\\/\\\/www.manabi.gob.ec\\\/index.php\\\/fiesta-en-las-maravillas-de-jipijapa\\\/\"]}]},{\"@type\":\"ImageObject\",\"inLanguage\":\"es\",\"@id\":\"https:\\\/\\\/www.manabi.gob.ec\\\/index.php\\\/fiesta-en-las-maravillas-de-jipijapa\\\/#primaryimage\",\"url\":\"https:\\\/\\\/www.manabi.gob.ec\\\/wp-content\\\/uploads\\\/2022\\\/09\\\/WhatsApp-Image-2022-09-16-at-11.27.03-PM.jpeg\",\"contentUrl\":\"https:\\\/\\\/www.manabi.gob.ec\\\/wp-content\\\/uploads\\\/2022\\\/09\\\/WhatsApp-Image-2022-09-16-at-11.27.03-PM.jpeg\",\"width\":1280,\"height\":855},{\"@type\":\"BreadcrumbList\",\"@id\":\"https:\\\/\\\/www.manabi.gob.ec\\\/index.php\\\/fiesta-en-las-maravillas-de-jipijapa\\\/#breadcrumb\",\"itemListElement\":[{\"@type\":\"ListItem\",\"position\":1,\"name\":\"Portada\",\"item\":\"https:\\\/\\\/www.manabi.gob.ec\\\/\"},{\"@type\":\"ListItem\",\"position\":2,\"name\":\"\u00a1FIESTA EN LAS MARAVILLAS DE JIPIJAPA!\"}]},{\"@type\":\"WebSite\",\"@id\":\"https:\\\/\\\/www.manabi.gob.ec\\\/#website\",\"url\":\"https:\\\/\\\/www.manabi.gob.ec\\\/\",\"name\":\"Prefectura de Manab\u00ed\",\"description\":\"P\u00e1gina web de la prefectura\",\"potentialAction\":[{\"@type\":\"SearchAction\",\"target\":{\"@type\":\"EntryPoint\",\"urlTemplate\":\"https:\\\/\\\/www.manabi.gob.ec\\\/?s={search_term_string}\"},\"query-input\":{\"@type\":\"PropertyValueSpecification\",\"valueRequired\":true,\"valueName\":\"search_term_string\"}}],\"inLanguage\":\"es\"},{\"@type\":\"Person\",\"@id\":\"https:\\\/\\\/www.manabi.gob.ec\\\/#\\\/schema\\\/person\\\/c4f117989332ad723a6ced5994aa7d7a\",\"name\":\"Lui Ochoa\",\"image\":{\"@type\":\"ImageObject\",\"inLanguage\":\"es\",\"@id\":\"https:\\\/\\\/secure.gravatar.com\\\/avatar\\\/6e8017d0fe69dead8a95864d2eb6e1e1d8bf8e01194ba49cf7b897ff038126ba?s=96&d=mm&r=g\",\"url\":\"https:\\\/\\\/secure.gravatar.com\\\/avatar\\\/6e8017d0fe69dead8a95864d2eb6e1e1d8bf8e01194ba49cf7b897ff038126ba?s=96&d=mm&r=g\",\"contentUrl\":\"https:\\\/\\\/secure.gravatar.com\\\/avatar\\\/6e8017d0fe69dead8a95864d2eb6e1e1d8bf8e01194ba49cf7b897ff038126ba?s=96&d=mm&r=g\",\"caption\":\"Lui Ochoa\"},\"url\":\"https:\\\/\\\/www.manabi.gob.ec\\\/index.php\\\/author\\\/lochoa\\\/\"}]}<\/script>\n<!-- \/ Yoast SEO plugin. -->","yoast_head_json":{"title":"\u00a1FIESTA EN LAS MARAVILLAS DE JIPIJAPA! - Prefectura de Manab\u00ed","description":"El Prefecto entreg\u00f3 sistema de riego para la agricultura familiar campesinaUna tarde de fiesta se vivi\u00f3 este viernes 16 de septiembre en la comunidad Las Maravillas de la parroquia La Uni\u00f3n del cant\u00f3n Jipijapa, con motivo de la entrega del sistema de riego para la agricultura familiar campesina, que ejecut\u00f3 la Prefectura de Manab\u00ed, con una inversi\u00f3n de $147.306,33.\u201cEste es un d\u00eda muy especial para nuestro recinto, porque estamos recibiendo una obra muy importante que nos permitir\u00e1 producir alimentos sin importar si es invierno o verano. Gracias se\u00f1or prefecto, Leonardo Orlando, por su decisi\u00f3n de hacer realidad este proyecto, y por llegar con obras a estos sectores lejanos\u201d, manifest\u00f3 Ver\u00f3nica Menoscal, habitante de Las Maravillas.Este sistema de riego beneficia a 36 familias, a trav\u00e9s de 24 tomas parcelarias que permitir\u00e1n irrigar 69 hect\u00e1reas. \u201cHablamos de 36 familias que probablemente nunca son visitados por ning\u00fan pol\u00edtico, ni en campa\u00f1a, ni en ejercicio de funciones. Pero, aqu\u00ed no estamos calculando cu\u00e1ntos votos puede haber, sino cu\u00e1ntos corazones, cu\u00e1ntas mentes, cu\u00e1ntas manos laboriosas est\u00e1n comprometidas con el desarrollo de su comunidad, de su cant\u00f3n, y su provincia\u201d, expres\u00f3 el Prefecto durante el acto de inauguraci\u00f3n.La obra est\u00e1 conformada por una estructura de captaci\u00f3n de agua, estaci\u00f3n de bombeo, l\u00ednea de impulsi\u00f3n (350 metros lineales) desde el c\u00e1rcamo de bombeo hacia el reservorio (100 m3 de almacenamiento), l\u00edneas el\u00e9ctricas, l\u00edneas de distribuci\u00f3n (2.100 metros lineales), y tomas parcelarias.","robots":{"index":"index","follow":"follow","max-snippet":"max-snippet:-1","max-image-preview":"max-image-preview:large","max-video-preview":"max-video-preview:-1"},"canonical":"https:\/\/www.manabi.gob.ec\/index.php\/fiesta-en-las-maravillas-de-jipijapa\/","og_locale":"es_ES","og_type":"article","og_title":"\u00a1FIESTA EN LAS MARAVILLAS DE JIPIJAPA! - Prefectura de Manab\u00ed","og_description":"El Prefecto entreg\u00f3 sistema de riego para la agricultura familiar campesinaUna tarde de fiesta se vivi\u00f3 este viernes 16 de septiembre en la comunidad Las Maravillas de la parroquia La Uni\u00f3n del cant\u00f3n Jipijapa, con motivo de la entrega del sistema de riego para la agricultura familiar campesina, que ejecut\u00f3 la Prefectura de Manab\u00ed, con una inversi\u00f3n de $147.306,33.\u201cEste es un d\u00eda muy especial para nuestro recinto, porque estamos recibiendo una obra muy importante que nos permitir\u00e1 producir alimentos sin importar si es invierno o verano. Gracias se\u00f1or prefecto, Leonardo Orlando, por su decisi\u00f3n de hacer realidad este proyecto, y por llegar con obras a estos sectores lejanos\u201d, manifest\u00f3 Ver\u00f3nica Menoscal, habitante de Las Maravillas.Este sistema de riego beneficia a 36 familias, a trav\u00e9s de 24 tomas parcelarias que permitir\u00e1n irrigar 69 hect\u00e1reas. \u201cHablamos de 36 familias que probablemente nunca son visitados por ning\u00fan pol\u00edtico, ni en campa\u00f1a, ni en ejercicio de funciones. Pero, aqu\u00ed no estamos calculando cu\u00e1ntos votos puede haber, sino cu\u00e1ntos corazones, cu\u00e1ntas mentes, cu\u00e1ntas manos laboriosas est\u00e1n comprometidas con el desarrollo de su comunidad, de su cant\u00f3n, y su provincia\u201d, expres\u00f3 el Prefecto durante el acto de inauguraci\u00f3n.La obra est\u00e1 conformada por una estructura de captaci\u00f3n de agua, estaci\u00f3n de bombeo, l\u00ednea de impulsi\u00f3n (350 metros lineales) desde el c\u00e1rcamo de bombeo hacia el reservorio (100 m3 de almacenamiento), l\u00edneas el\u00e9ctricas, l\u00edneas de distribuci\u00f3n (2.100 metros lineales), y tomas parcelarias.","og_url":"https:\/\/www.manabi.gob.ec\/index.php\/fiesta-en-las-maravillas-de-jipijapa\/","og_site_name":"Prefectura de Manab\u00ed","article_published_time":"2022-09-19T20:54:10+00:00","article_modified_time":"2022-09-19T20:54:15+00:00","og_image":[{"width":1280,"height":855,"url":"https:\/\/www.manabi.gob.ec\/wp-content\/uploads\/2022\/09\/WhatsApp-Image-2022-09-16-at-11.27.03-PM.jpeg","type":"image\/jpeg"}],"author":"Lui Ochoa","twitter_card":"summary_large_image","twitter_misc":{"Escrito por":"Lui Ochoa","Tiempo de lectura":"2 minutos"},"schema":{"@context":"https:\/\/schema.org","@graph":[{"@type":"Article","@id":"https:\/\/www.manabi.gob.ec\/index.php\/fiesta-en-las-maravillas-de-jipijapa\/#article","isPartOf":{"@id":"https:\/\/www.manabi.gob.ec\/index.php\/fiesta-en-las-maravillas-de-jipijapa\/"},"author":{"name":"Lui Ochoa","@id":"https:\/\/www.manabi.gob.ec\/#\/schema\/person\/c4f117989332ad723a6ced5994aa7d7a"},"headline":"\u00a1FIESTA EN LAS MARAVILLAS DE JIPIJAPA!","datePublished":"2022-09-19T20:54:10+00:00","dateModified":"2022-09-19T20:54:15+00:00","mainEntityOfPage":{"@id":"https:\/\/www.manabi.gob.ec\/index.php\/fiesta-en-las-maravillas-de-jipijapa\/"},"wordCount":264,"image":{"@id":"https:\/\/www.manabi.gob.ec\/index.php\/fiesta-en-las-maravillas-de-jipijapa\/#primaryimage"},"thumbnailUrl":"https:\/\/www.manabi.gob.ec\/wp-content\/uploads\/2022\/09\/WhatsApp-Image-2022-09-16-at-11.27.03-PM.jpeg","articleSection":["Desarrollo Social","Jipijapa","Noticias","Obra P\u00fablica","Todas"],"inLanguage":"es"},{"@type":"WebPage","@id":"https:\/\/www.manabi.gob.ec\/index.php\/fiesta-en-las-maravillas-de-jipijapa\/","url":"https:\/\/www.manabi.gob.ec\/index.php\/fiesta-en-las-maravillas-de-jipijapa\/","name":"\u00a1FIESTA EN LAS MARAVILLAS DE JIPIJAPA! - Prefectura de Manab\u00ed","isPartOf":{"@id":"https:\/\/www.manabi.gob.ec\/#website"},"primaryImageOfPage":{"@id":"https:\/\/www.manabi.gob.ec\/index.php\/fiesta-en-las-maravillas-de-jipijapa\/#primaryimage"},"image":{"@id":"https:\/\/www.manabi.gob.ec\/index.php\/fiesta-en-las-maravillas-de-jipijapa\/#primaryimage"},"thumbnailUrl":"https:\/\/www.manabi.gob.ec\/wp-content\/uploads\/2022\/09\/WhatsApp-Image-2022-09-16-at-11.27.03-PM.jpeg","datePublished":"2022-09-19T20:54:10+00:00","dateModified":"2022-09-19T20:54:15+00:00","author":{"@id":"https:\/\/www.manabi.gob.ec\/#\/schema\/person\/c4f117989332ad723a6ced5994aa7d7a"},"description":"El Prefecto entreg\u00f3 sistema de riego para la agricultura familiar campesinaUna tarde de fiesta se vivi\u00f3 este viernes 16 de septiembre en la comunidad Las Maravillas de la parroquia La Uni\u00f3n del cant\u00f3n Jipijapa, con motivo de la entrega del sistema de riego para la agricultura familiar campesina, que ejecut\u00f3 la Prefectura de Manab\u00ed, con una inversi\u00f3n de $147.306,33.\u201cEste es un d\u00eda muy especial para nuestro recinto, porque estamos recibiendo una obra muy importante que nos permitir\u00e1 producir alimentos sin importar si es invierno o verano. Gracias se\u00f1or prefecto, Leonardo Orlando, por su decisi\u00f3n de hacer realidad este proyecto, y por llegar con obras a estos sectores lejanos\u201d, manifest\u00f3 Ver\u00f3nica Menoscal, habitante de Las Maravillas.Este sistema de riego beneficia a 36 familias, a trav\u00e9s de 24 tomas parcelarias que permitir\u00e1n irrigar 69 hect\u00e1reas. \u201cHablamos de 36 familias que probablemente nunca son visitados por ning\u00fan pol\u00edtico, ni en campa\u00f1a, ni en ejercicio de funciones. Pero, aqu\u00ed no estamos calculando cu\u00e1ntos votos puede haber, sino cu\u00e1ntos corazones, cu\u00e1ntas mentes, cu\u00e1ntas manos laboriosas est\u00e1n comprometidas con el desarrollo de su comunidad, de su cant\u00f3n, y su provincia\u201d, expres\u00f3 el Prefecto durante el acto de inauguraci\u00f3n.La obra est\u00e1 conformada por una estructura de captaci\u00f3n de agua, estaci\u00f3n de bombeo, l\u00ednea de impulsi\u00f3n (350 metros lineales) desde el c\u00e1rcamo de bombeo hacia el reservorio (100 m3 de almacenamiento), l\u00edneas el\u00e9ctricas, l\u00edneas de distribuci\u00f3n (2.100 metros lineales), y tomas parcelarias.","breadcrumb":{"@id":"https:\/\/www.manabi.gob.ec\/index.php\/fiesta-en-las-maravillas-de-jipijapa\/#breadcrumb"},"inLanguage":"es","potentialAction":[{"@type":"ReadAction","target":["https:\/\/www.manabi.gob.ec\/index.php\/fiesta-en-las-maravillas-de-jipijapa\/"]}]},{"@type":"ImageObject","inLanguage":"es","@id":"https:\/\/www.manabi.gob.ec\/index.php\/fiesta-en-las-maravillas-de-jipijapa\/#primaryimage","url":"https:\/\/www.manabi.gob.ec\/wp-content\/uploads\/2022\/09\/WhatsApp-Image-2022-09-16-at-11.27.03-PM.jpeg","contentUrl":"https:\/\/www.manabi.gob.ec\/wp-content\/uploads\/2022\/09\/WhatsApp-Image-2022-09-16-at-11.27.03-PM.jpeg","width":1280,"height":855},{"@type":"BreadcrumbList","@id":"https:\/\/www.manabi.gob.ec\/index.php\/fiesta-en-las-maravillas-de-jipijapa\/#breadcrumb","itemListElement":[{"@type":"ListItem","position":1,"name":"Portada","item":"https:\/\/www.manabi.gob.ec\/"},{"@type":"ListItem","position":2,"name":"\u00a1FIESTA EN LAS MARAVILLAS DE JIPIJAPA!"}]},{"@type":"WebSite","@id":"https:\/\/www.manabi.gob.ec\/#website","url":"https:\/\/www.manabi.gob.ec\/","name":"Prefectura de Manab\u00ed","description":"P\u00e1gina web de la prefectura","potentialAction":[{"@type":"SearchAction","target":{"@type":"EntryPoint","urlTemplate":"https:\/\/www.manabi.gob.ec\/?s={search_term_string}"},"query-input":{"@type":"PropertyValueSpecification","valueRequired":true,"valueName":"search_term_string"}}],"inLanguage":"es"},{"@type":"Person","@id":"https:\/\/www.manabi.gob.ec\/#\/schema\/person\/c4f117989332ad723a6ced5994aa7d7a","name":"Lui Ochoa","image":{"@type":"ImageObject","inLanguage":"es","@id":"https:\/\/secure.gravatar.com\/avatar\/6e8017d0fe69dead8a95864d2eb6e1e1d8bf8e01194ba49cf7b897ff038126ba?s=96&d=mm&r=g","url":"https:\/\/secure.gravatar.com\/avatar\/6e8017d0fe69dead8a95864d2eb6e1e1d8bf8e01194ba49cf7b897ff038126ba?s=96&d=mm&r=g","contentUrl":"https:\/\/secure.gravatar.com\/avatar\/6e8017d0fe69dead8a95864d2eb6e1e1d8bf8e01194ba49cf7b897ff038126ba?s=96&d=mm&r=g","caption":"Lui Ochoa"},"url":"https:\/\/www.manabi.gob.ec\/index.php\/author\/lochoa\/"}]}},"jetpack_featured_media_url":"https:\/\/www.manabi.gob.ec\/wp-content\/uploads\/2022\/09\/WhatsApp-Image-2022-09-16-at-11.27.03-PM.jpeg","_links":{"self":[{"href":"https:\/\/www.manabi.gob.ec\/index.php\/wp-json\/wp\/v2\/posts\/22184","targetHints":{"allow":["GET"]}}],"collection":[{"href":"https:\/\/www.manabi.gob.ec\/index.php\/wp-json\/wp\/v2\/posts"}],"about":[{"href":"https:\/\/www.manabi.gob.ec\/index.php\/wp-json\/wp\/v2\/types\/post"}],"author":[{"embeddable":true,"href":"https:\/\/www.manabi.gob.ec\/index.php\/wp-json\/wp\/v2\/users\/10"}],"replies":[{"embeddable":true,"href":"https:\/\/www.manabi.gob.ec\/index.php\/wp-json\/wp\/v2\/comments?post=22184"}],"version-history":[{"count":0,"href":"https:\/\/www.manabi.gob.ec\/index.php\/wp-json\/wp\/v2\/posts\/22184\/revisions"}],"wp:featuredmedia":[{"embeddable":true,"href":"https:\/\/www.manabi.gob.ec\/index.php\/wp-json\/wp\/v2\/media\/22185"}],"wp:attachment":[{"href":"https:\/\/www.manabi.gob.ec\/index.php\/wp-json\/wp\/v2\/media?parent=22184"}],"wp:term":[{"taxonomy":"category","embeddable":true,"href":"https:\/\/www.manabi.gob.ec\/index.php\/wp-json\/wp\/v2\/categories?post=22184"},{"taxonomy":"post_tag","embeddable":true,"href":"https:\/\/www.manabi.gob.ec\/index.php\/wp-json\/wp\/v2\/tags?post=22184"}],"curies":[{"name":"wp","href":"https:\/\/api.w.org\/{rel}","templated":true}]}}