{"id":22187,"date":"2022-09-19T20:56:13","date_gmt":"2022-09-19T20:56:13","guid":{"rendered":"https:\/\/www.manabi.gob.ec\/?p=22187"},"modified":"2022-09-19T20:56:17","modified_gmt":"2022-09-19T20:56:17","slug":"agua-para-riego","status":"publish","type":"post","link":"https:\/\/www.manabi.gob.ec\/index.php\/agua-para-riego\/","title":{"rendered":"\u00a1AGUA PARA RIEGO!"},"content":{"rendered":"\n<p> Se trabaja en el \u00faltimo tramo de la l\u00ednea de impulsi\u00f3n del Sistema La Pipona <\/p>\n\n\n\n<p>C\u00f3mo estaba previsto, el jueves 15 de septiembre se iniciaron los trabajos para instalar el \u00faltimo tramo de la l\u00ednea de impulsi\u00f3n del sistema de riego tecnificado que ejecuta la Prefectura de Manab\u00ed en el sitio La Pipona de la comunidad San Andr\u00e9s del cant\u00f3n Rocafuerte, el cual tendr\u00e1 la capacidad para irrigar 480 hect\u00e1reas de cultivo en cualquier \u00e9poca del a\u00f1o.<\/p>\n\n\n\n<p>Con ese objetivo, se hizo necesario realizar un corte sobre la v\u00eda estatal E-15, que fue debidamente autorizado por el Ministerio de Transporte y Obras P\u00fablicas. Estas labores se llevaron a cabo sin suspender el paso de los veh\u00edculos, ya que se mantuvo habilitado un carril y se coordin\u00f3 la circulaci\u00f3n en ambas direcciones. En el tramo afectado, la Prefectura hizo la reposici\u00f3n del respectivo material p\u00e9treo.<\/p>\n\n\n\n<p>La tuber\u00eda que se instal\u00f3 es de PVC y tiene un di\u00e1metro de 450 mil\u00edmetros. La l\u00ednea de conducci\u00f3n tiene una extensi\u00f3n de 3.6 km, desde el c\u00e1rcamo de captaci\u00f3n de agua en el r\u00edo Viejo sector La Pomarosa, hasta el reservorio ubicado en una colina de La Pipona, con capacidad para almacenar 13.600 metros c\u00fabicos de agua; l\u00edquido que luego bajar\u00e1 por gravedad a trav\u00e9s de una l\u00ednea de distribuci\u00f3n con las respectivas tomas parcelarias.<\/p>\n\n\n\n<p>Lesme S\u00e1nchez, fiscalizador de la obra, destac\u00f3 la importancia de este proyecto que era esperado desde hace varias d\u00e9cadas y que fortalecer\u00e1 la producci\u00f3n agr\u00edcola de la zona. \u201cCon la visi\u00f3n del se\u00f1or prefecto, Leonardo Orlando, se ha podido ir cristalizando esta obra. Esperamos en las pr\u00f3ximas semanas tenerla lista e iniciar las pruebas de bombeo, y las pruebas de riego\u201d, manifest\u00f3 S\u00e1nchez. Explic\u00f3 que el avance del proyecto supera el 80%.<\/p>\n\n\n\n<p>El Sistema de Riego La Pipona lo ejecuta el Consorcio Piporiego, con una inversi\u00f3n de la Prefectura de Manab\u00ed que supera 1.8 millones de d\u00f3lares.<\/p>\n","protected":false},"excerpt":{"rendered":"<p>Se trabaja en el \u00faltimo tramo de la l\u00ednea de impulsi\u00f3n del Sistema La Pipona C\u00f3mo estaba previsto, el jueves 15 de septiembre se iniciaron los trabajos para instalar el \u00faltimo tramo de la l\u00ednea de impulsi\u00f3n del sistema de riego tecnificado que ejecuta la Prefectura de Manab\u00ed en el sitio La Pipona de la [&hellip;]<\/p>\n","protected":false},"author":10,"featured_media":22188,"comment_status":"closed","ping_status":"closed","sticky":false,"template":"","format":"standard","meta":{"_joinchat":[],"footnotes":""},"categories":[142,123,92,181,89,135],"tags":[],"class_list":["post-22187","post","type-post","status-publish","format-standard","has-post-thumbnail","hentry","category-desarrollo-social","category-jipijapa","category-noticias-manabi","category-obra-publica","category-riego-drenaje","category-rocafuerte"],"yoast_head":"<!-- This site is optimized with the Yoast SEO plugin v27.4 - https:\/\/yoast.com\/product\/yoast-seo-wordpress\/ -->\n<title>\u00a1AGUA PARA RIEGO! - Prefectura de Manab\u00ed<\/title>\n<meta name=\"robots\" content=\"index, follow, max-snippet:-1, max-image-preview:large, max-video-preview:-1\" \/>\n<link rel=\"canonical\" href=\"https:\/\/www.manabi.gob.ec\/index.php\/agua-para-riego\/\" \/>\n<meta property=\"og:locale\" content=\"es_ES\" \/>\n<meta property=\"og:type\" content=\"article\" \/>\n<meta property=\"og:title\" content=\"\u00a1AGUA PARA RIEGO! - Prefectura de Manab\u00ed\" \/>\n<meta property=\"og:description\" content=\"Se trabaja en el \u00faltimo tramo de la l\u00ednea de impulsi\u00f3n del Sistema La Pipona C\u00f3mo estaba previsto, el jueves 15 de septiembre se iniciaron los trabajos para instalar el \u00faltimo tramo de la l\u00ednea de impulsi\u00f3n del sistema de riego tecnificado que ejecuta la Prefectura de Manab\u00ed en el sitio La Pipona de la [&hellip;]\" \/>\n<meta property=\"og:url\" content=\"https:\/\/www.manabi.gob.ec\/index.php\/agua-para-riego\/\" \/>\n<meta property=\"og:site_name\" content=\"Prefectura de Manab\u00ed\" \/>\n<meta property=\"article:published_time\" content=\"2022-09-19T20:56:13+00:00\" \/>\n<meta property=\"article:modified_time\" content=\"2022-09-19T20:56:17+00:00\" \/>\n<meta property=\"og:image\" content=\"https:\/\/www.manabi.gob.ec\/wp-content\/uploads\/2022\/09\/WhatsApp-Image-2022-09-16-at-11.34.41-PM.jpeg\" \/>\n\t<meta property=\"og:image:width\" content=\"1280\" \/>\n\t<meta property=\"og:image:height\" content=\"960\" \/>\n\t<meta property=\"og:image:type\" content=\"image\/jpeg\" \/>\n<meta name=\"author\" content=\"Lui Ochoa\" \/>\n<meta name=\"twitter:card\" content=\"summary_large_image\" \/>\n<meta name=\"twitter:label1\" content=\"Escrito por\" \/>\n\t<meta name=\"twitter:data1\" content=\"Lui Ochoa\" \/>\n\t<meta name=\"twitter:label2\" content=\"Tiempo de lectura\" \/>\n\t<meta name=\"twitter:data2\" content=\"2 minutos\" \/>\n<script type=\"application\/ld+json\" class=\"yoast-schema-graph\">{\"@context\":\"https:\\\/\\\/schema.org\",\"@graph\":[{\"@type\":\"Article\",\"@id\":\"https:\\\/\\\/www.manabi.gob.ec\\\/index.php\\\/agua-para-riego\\\/#article\",\"isPartOf\":{\"@id\":\"https:\\\/\\\/www.manabi.gob.ec\\\/index.php\\\/agua-para-riego\\\/\"},\"author\":{\"name\":\"Lui Ochoa\",\"@id\":\"https:\\\/\\\/www.manabi.gob.ec\\\/#\\\/schema\\\/person\\\/c4f117989332ad723a6ced5994aa7d7a\"},\"headline\":\"\u00a1AGUA PARA RIEGO!\",\"datePublished\":\"2022-09-19T20:56:13+00:00\",\"dateModified\":\"2022-09-19T20:56:17+00:00\",\"mainEntityOfPage\":{\"@id\":\"https:\\\/\\\/www.manabi.gob.ec\\\/index.php\\\/agua-para-riego\\\/\"},\"wordCount\":352,\"image\":{\"@id\":\"https:\\\/\\\/www.manabi.gob.ec\\\/index.php\\\/agua-para-riego\\\/#primaryimage\"},\"thumbnailUrl\":\"https:\\\/\\\/www.manabi.gob.ec\\\/wp-content\\\/uploads\\\/2022\\\/09\\\/WhatsApp-Image-2022-09-16-at-11.34.41-PM.jpeg\",\"articleSection\":[\"Desarrollo Social\",\"Jipijapa\",\"Noticias\",\"Obra P\u00fablica\",\"Riego y drenaje\",\"Rocafuerte\"],\"inLanguage\":\"es\"},{\"@type\":\"WebPage\",\"@id\":\"https:\\\/\\\/www.manabi.gob.ec\\\/index.php\\\/agua-para-riego\\\/\",\"url\":\"https:\\\/\\\/www.manabi.gob.ec\\\/index.php\\\/agua-para-riego\\\/\",\"name\":\"\u00a1AGUA PARA RIEGO! - Prefectura de Manab\u00ed\",\"isPartOf\":{\"@id\":\"https:\\\/\\\/www.manabi.gob.ec\\\/#website\"},\"primaryImageOfPage\":{\"@id\":\"https:\\\/\\\/www.manabi.gob.ec\\\/index.php\\\/agua-para-riego\\\/#primaryimage\"},\"image\":{\"@id\":\"https:\\\/\\\/www.manabi.gob.ec\\\/index.php\\\/agua-para-riego\\\/#primaryimage\"},\"thumbnailUrl\":\"https:\\\/\\\/www.manabi.gob.ec\\\/wp-content\\\/uploads\\\/2022\\\/09\\\/WhatsApp-Image-2022-09-16-at-11.34.41-PM.jpeg\",\"datePublished\":\"2022-09-19T20:56:13+00:00\",\"dateModified\":\"2022-09-19T20:56:17+00:00\",\"author\":{\"@id\":\"https:\\\/\\\/www.manabi.gob.ec\\\/#\\\/schema\\\/person\\\/c4f117989332ad723a6ced5994aa7d7a\"},\"breadcrumb\":{\"@id\":\"https:\\\/\\\/www.manabi.gob.ec\\\/index.php\\\/agua-para-riego\\\/#breadcrumb\"},\"inLanguage\":\"es\",\"potentialAction\":[{\"@type\":\"ReadAction\",\"target\":[\"https:\\\/\\\/www.manabi.gob.ec\\\/index.php\\\/agua-para-riego\\\/\"]}]},{\"@type\":\"ImageObject\",\"inLanguage\":\"es\",\"@id\":\"https:\\\/\\\/www.manabi.gob.ec\\\/index.php\\\/agua-para-riego\\\/#primaryimage\",\"url\":\"https:\\\/\\\/www.manabi.gob.ec\\\/wp-content\\\/uploads\\\/2022\\\/09\\\/WhatsApp-Image-2022-09-16-at-11.34.41-PM.jpeg\",\"contentUrl\":\"https:\\\/\\\/www.manabi.gob.ec\\\/wp-content\\\/uploads\\\/2022\\\/09\\\/WhatsApp-Image-2022-09-16-at-11.34.41-PM.jpeg\",\"width\":1280,\"height\":960},{\"@type\":\"BreadcrumbList\",\"@id\":\"https:\\\/\\\/www.manabi.gob.ec\\\/index.php\\\/agua-para-riego\\\/#breadcrumb\",\"itemListElement\":[{\"@type\":\"ListItem\",\"position\":1,\"name\":\"Portada\",\"item\":\"https:\\\/\\\/www.manabi.gob.ec\\\/\"},{\"@type\":\"ListItem\",\"position\":2,\"name\":\"\u00a1AGUA PARA RIEGO!\"}]},{\"@type\":\"WebSite\",\"@id\":\"https:\\\/\\\/www.manabi.gob.ec\\\/#website\",\"url\":\"https:\\\/\\\/www.manabi.gob.ec\\\/\",\"name\":\"Prefectura de Manab\u00ed\",\"description\":\"P\u00e1gina web de la prefectura\",\"potentialAction\":[{\"@type\":\"SearchAction\",\"target\":{\"@type\":\"EntryPoint\",\"urlTemplate\":\"https:\\\/\\\/www.manabi.gob.ec\\\/?s={search_term_string}\"},\"query-input\":{\"@type\":\"PropertyValueSpecification\",\"valueRequired\":true,\"valueName\":\"search_term_string\"}}],\"inLanguage\":\"es\"},{\"@type\":\"Person\",\"@id\":\"https:\\\/\\\/www.manabi.gob.ec\\\/#\\\/schema\\\/person\\\/c4f117989332ad723a6ced5994aa7d7a\",\"name\":\"Lui Ochoa\",\"image\":{\"@type\":\"ImageObject\",\"inLanguage\":\"es\",\"@id\":\"https:\\\/\\\/secure.gravatar.com\\\/avatar\\\/6e8017d0fe69dead8a95864d2eb6e1e1d8bf8e01194ba49cf7b897ff038126ba?s=96&d=mm&r=g\",\"url\":\"https:\\\/\\\/secure.gravatar.com\\\/avatar\\\/6e8017d0fe69dead8a95864d2eb6e1e1d8bf8e01194ba49cf7b897ff038126ba?s=96&d=mm&r=g\",\"contentUrl\":\"https:\\\/\\\/secure.gravatar.com\\\/avatar\\\/6e8017d0fe69dead8a95864d2eb6e1e1d8bf8e01194ba49cf7b897ff038126ba?s=96&d=mm&r=g\",\"caption\":\"Lui Ochoa\"},\"url\":\"https:\\\/\\\/www.manabi.gob.ec\\\/index.php\\\/author\\\/lochoa\\\/\"}]}<\/script>\n<!-- \/ Yoast SEO plugin. -->","yoast_head_json":{"title":"\u00a1AGUA PARA RIEGO! - Prefectura de Manab\u00ed","robots":{"index":"index","follow":"follow","max-snippet":"max-snippet:-1","max-image-preview":"max-image-preview:large","max-video-preview":"max-video-preview:-1"},"canonical":"https:\/\/www.manabi.gob.ec\/index.php\/agua-para-riego\/","og_locale":"es_ES","og_type":"article","og_title":"\u00a1AGUA PARA RIEGO! - Prefectura de Manab\u00ed","og_description":"Se trabaja en el \u00faltimo tramo de la l\u00ednea de impulsi\u00f3n del Sistema La Pipona C\u00f3mo estaba previsto, el jueves 15 de septiembre se iniciaron los trabajos para instalar el \u00faltimo tramo de la l\u00ednea de impulsi\u00f3n del sistema de riego tecnificado que ejecuta la Prefectura de Manab\u00ed en el sitio La Pipona de la [&hellip;]","og_url":"https:\/\/www.manabi.gob.ec\/index.php\/agua-para-riego\/","og_site_name":"Prefectura de Manab\u00ed","article_published_time":"2022-09-19T20:56:13+00:00","article_modified_time":"2022-09-19T20:56:17+00:00","og_image":[{"width":1280,"height":960,"url":"https:\/\/www.manabi.gob.ec\/wp-content\/uploads\/2022\/09\/WhatsApp-Image-2022-09-16-at-11.34.41-PM.jpeg","type":"image\/jpeg"}],"author":"Lui Ochoa","twitter_card":"summary_large_image","twitter_misc":{"Escrito por":"Lui Ochoa","Tiempo de lectura":"2 minutos"},"schema":{"@context":"https:\/\/schema.org","@graph":[{"@type":"Article","@id":"https:\/\/www.manabi.gob.ec\/index.php\/agua-para-riego\/#article","isPartOf":{"@id":"https:\/\/www.manabi.gob.ec\/index.php\/agua-para-riego\/"},"author":{"name":"Lui Ochoa","@id":"https:\/\/www.manabi.gob.ec\/#\/schema\/person\/c4f117989332ad723a6ced5994aa7d7a"},"headline":"\u00a1AGUA PARA RIEGO!","datePublished":"2022-09-19T20:56:13+00:00","dateModified":"2022-09-19T20:56:17+00:00","mainEntityOfPage":{"@id":"https:\/\/www.manabi.gob.ec\/index.php\/agua-para-riego\/"},"wordCount":352,"image":{"@id":"https:\/\/www.manabi.gob.ec\/index.php\/agua-para-riego\/#primaryimage"},"thumbnailUrl":"https:\/\/www.manabi.gob.ec\/wp-content\/uploads\/2022\/09\/WhatsApp-Image-2022-09-16-at-11.34.41-PM.jpeg","articleSection":["Desarrollo Social","Jipijapa","Noticias","Obra P\u00fablica","Riego y drenaje","Rocafuerte"],"inLanguage":"es"},{"@type":"WebPage","@id":"https:\/\/www.manabi.gob.ec\/index.php\/agua-para-riego\/","url":"https:\/\/www.manabi.gob.ec\/index.php\/agua-para-riego\/","name":"\u00a1AGUA PARA RIEGO! - Prefectura de Manab\u00ed","isPartOf":{"@id":"https:\/\/www.manabi.gob.ec\/#website"},"primaryImageOfPage":{"@id":"https:\/\/www.manabi.gob.ec\/index.php\/agua-para-riego\/#primaryimage"},"image":{"@id":"https:\/\/www.manabi.gob.ec\/index.php\/agua-para-riego\/#primaryimage"},"thumbnailUrl":"https:\/\/www.manabi.gob.ec\/wp-content\/uploads\/2022\/09\/WhatsApp-Image-2022-09-16-at-11.34.41-PM.jpeg","datePublished":"2022-09-19T20:56:13+00:00","dateModified":"2022-09-19T20:56:17+00:00","author":{"@id":"https:\/\/www.manabi.gob.ec\/#\/schema\/person\/c4f117989332ad723a6ced5994aa7d7a"},"breadcrumb":{"@id":"https:\/\/www.manabi.gob.ec\/index.php\/agua-para-riego\/#breadcrumb"},"inLanguage":"es","potentialAction":[{"@type":"ReadAction","target":["https:\/\/www.manabi.gob.ec\/index.php\/agua-para-riego\/"]}]},{"@type":"ImageObject","inLanguage":"es","@id":"https:\/\/www.manabi.gob.ec\/index.php\/agua-para-riego\/#primaryimage","url":"https:\/\/www.manabi.gob.ec\/wp-content\/uploads\/2022\/09\/WhatsApp-Image-2022-09-16-at-11.34.41-PM.jpeg","contentUrl":"https:\/\/www.manabi.gob.ec\/wp-content\/uploads\/2022\/09\/WhatsApp-Image-2022-09-16-at-11.34.41-PM.jpeg","width":1280,"height":960},{"@type":"BreadcrumbList","@id":"https:\/\/www.manabi.gob.ec\/index.php\/agua-para-riego\/#breadcrumb","itemListElement":[{"@type":"ListItem","position":1,"name":"Portada","item":"https:\/\/www.manabi.gob.ec\/"},{"@type":"ListItem","position":2,"name":"\u00a1AGUA PARA RIEGO!"}]},{"@type":"WebSite","@id":"https:\/\/www.manabi.gob.ec\/#website","url":"https:\/\/www.manabi.gob.ec\/","name":"Prefectura de Manab\u00ed","description":"P\u00e1gina web de la prefectura","potentialAction":[{"@type":"SearchAction","target":{"@type":"EntryPoint","urlTemplate":"https:\/\/www.manabi.gob.ec\/?s={search_term_string}"},"query-input":{"@type":"PropertyValueSpecification","valueRequired":true,"valueName":"search_term_string"}}],"inLanguage":"es"},{"@type":"Person","@id":"https:\/\/www.manabi.gob.ec\/#\/schema\/person\/c4f117989332ad723a6ced5994aa7d7a","name":"Lui Ochoa","image":{"@type":"ImageObject","inLanguage":"es","@id":"https:\/\/secure.gravatar.com\/avatar\/6e8017d0fe69dead8a95864d2eb6e1e1d8bf8e01194ba49cf7b897ff038126ba?s=96&d=mm&r=g","url":"https:\/\/secure.gravatar.com\/avatar\/6e8017d0fe69dead8a95864d2eb6e1e1d8bf8e01194ba49cf7b897ff038126ba?s=96&d=mm&r=g","contentUrl":"https:\/\/secure.gravatar.com\/avatar\/6e8017d0fe69dead8a95864d2eb6e1e1d8bf8e01194ba49cf7b897ff038126ba?s=96&d=mm&r=g","caption":"Lui Ochoa"},"url":"https:\/\/www.manabi.gob.ec\/index.php\/author\/lochoa\/"}]}},"jetpack_featured_media_url":"https:\/\/www.manabi.gob.ec\/wp-content\/uploads\/2022\/09\/WhatsApp-Image-2022-09-16-at-11.34.41-PM.jpeg","_links":{"self":[{"href":"https:\/\/www.manabi.gob.ec\/index.php\/wp-json\/wp\/v2\/posts\/22187","targetHints":{"allow":["GET"]}}],"collection":[{"href":"https:\/\/www.manabi.gob.ec\/index.php\/wp-json\/wp\/v2\/posts"}],"about":[{"href":"https:\/\/www.manabi.gob.ec\/index.php\/wp-json\/wp\/v2\/types\/post"}],"author":[{"embeddable":true,"href":"https:\/\/www.manabi.gob.ec\/index.php\/wp-json\/wp\/v2\/users\/10"}],"replies":[{"embeddable":true,"href":"https:\/\/www.manabi.gob.ec\/index.php\/wp-json\/wp\/v2\/comments?post=22187"}],"version-history":[{"count":0,"href":"https:\/\/www.manabi.gob.ec\/index.php\/wp-json\/wp\/v2\/posts\/22187\/revisions"}],"wp:featuredmedia":[{"embeddable":true,"href":"https:\/\/www.manabi.gob.ec\/index.php\/wp-json\/wp\/v2\/media\/22188"}],"wp:attachment":[{"href":"https:\/\/www.manabi.gob.ec\/index.php\/wp-json\/wp\/v2\/media?parent=22187"}],"wp:term":[{"taxonomy":"category","embeddable":true,"href":"https:\/\/www.manabi.gob.ec\/index.php\/wp-json\/wp\/v2\/categories?post=22187"},{"taxonomy":"post_tag","embeddable":true,"href":"https:\/\/www.manabi.gob.ec\/index.php\/wp-json\/wp\/v2\/tags?post=22187"}],"curies":[{"name":"wp","href":"https:\/\/api.w.org\/{rel}","templated":true}]}}