{"id":22190,"date":"2022-09-19T21:01:00","date_gmt":"2022-09-19T21:01:00","guid":{"rendered":"https:\/\/www.manabi.gob.ec\/?p=22190"},"modified":"2022-09-19T21:01:03","modified_gmt":"2022-09-19T21:01:03","slug":"fiestas-patronales-de-portoviejo","status":"publish","type":"post","link":"https:\/\/www.manabi.gob.ec\/index.php\/fiestas-patronales-de-portoviejo\/","title":{"rendered":"\u00a1FIESTAS PATRONALES DE PORTOVIEJO!"},"content":{"rendered":"\n<p>Personal de la Prefectura de Manab\u00ed rindi\u00f3 homenaje a la Virgen de la Merced<\/p>\n\n\n\n<p>En el marco de las fiestas patronales de Portoviejo, este viernes 16 de septiembre se realiz\u00f3 la misa de acci\u00f3n de gracias de la Prefectura de Manab\u00ed, a trav\u00e9s de la cual autoridades, servidores y jubilados de la primera instituci\u00f3n de desarrollo provincial, encabezados por el prefecto, Leonardo Orlando, rindieron homenaje a la Virgen de La Merced.<\/p>\n\n\n\n<p>\u00abCon fe y esperanza hacia el futuro, tambi\u00e9n nos unimos a orar por la paz social, porque cese la violencia, el odio, la maldad. Que prime la luz de la verdad, la justicia, y la verdadera libertad, la paz y la armon\u00eda entre todos los pueblos\u00bb, manifest\u00f3 el prefecto, Leonardo Orlando.<\/p>\n","protected":false},"excerpt":{"rendered":"<p>Personal de la Prefectura de Manab\u00ed rindi\u00f3 homenaje a la Virgen de la Merced En el marco de las fiestas patronales de Portoviejo, este viernes 16 de septiembre se realiz\u00f3 la misa de acci\u00f3n de gracias de la Prefectura de Manab\u00ed, a trav\u00e9s de la cual autoridades, servidores y jubilados de la primera instituci\u00f3n de [&hellip;]<\/p>\n","protected":false},"author":10,"featured_media":22191,"comment_status":"closed","ping_status":"closed","sticky":false,"template":"","format":"standard","meta":{"_joinchat":[],"footnotes":""},"categories":[142,92,132,91],"tags":[],"class_list":["post-22190","post","type-post","status-publish","format-standard","has-post-thumbnail","hentry","category-desarrollo-social","category-noticias-manabi","category-portoviejo","category-todas"],"yoast_head":"<!-- This site is optimized with the Yoast SEO plugin v27.4 - https:\/\/yoast.com\/product\/yoast-seo-wordpress\/ -->\n<title>\u00a1FIESTAS PATRONALES DE PORTOVIEJO! - Prefectura de Manab\u00ed<\/title>\n<meta name=\"description\" content=\"Personal de la Prefectura de Manab\u00ed rindi\u00f3 homenaje a la Virgen de la MercedEn el marco de las fiestas patronales de Portoviejo, este viernes 16 de septiembre se realiz\u00f3 la misa de acci\u00f3n de gracias de la Prefectura de Manab\u00ed, a trav\u00e9s de la cual autoridades, servidores y jubilados de la primera instituci\u00f3n de desarrollo provincial, encabezados por el prefecto, Leonardo Orlando, rindieron homenaje a la Virgen de La Merced.&quot;Con fe y esperanza hacia el futuro, tambi\u00e9n nos unimos a orar por la paz social, porque cese la violencia, el odio, la maldad. Que prime la luz de la verdad, la justicia, y la verdadera libertad, la paz y la armon\u00eda entre todos los pueblos&quot;, manifest\u00f3 el prefecto, Leonardo Orlando.\" \/>\n<meta name=\"robots\" content=\"index, follow, max-snippet:-1, max-image-preview:large, max-video-preview:-1\" \/>\n<link rel=\"canonical\" href=\"https:\/\/www.manabi.gob.ec\/index.php\/fiestas-patronales-de-portoviejo\/\" \/>\n<meta property=\"og:locale\" content=\"es_ES\" \/>\n<meta property=\"og:type\" content=\"article\" \/>\n<meta property=\"og:title\" content=\"\u00a1FIESTAS PATRONALES DE PORTOVIEJO! - Prefectura de Manab\u00ed\" \/>\n<meta property=\"og:description\" content=\"Personal de la Prefectura de Manab\u00ed rindi\u00f3 homenaje a la Virgen de la MercedEn el marco de las fiestas patronales de Portoviejo, este viernes 16 de septiembre se realiz\u00f3 la misa de acci\u00f3n de gracias de la Prefectura de Manab\u00ed, a trav\u00e9s de la cual autoridades, servidores y jubilados de la primera instituci\u00f3n de desarrollo provincial, encabezados por el prefecto, Leonardo Orlando, rindieron homenaje a la Virgen de La Merced.&quot;Con fe y esperanza hacia el futuro, tambi\u00e9n nos unimos a orar por la paz social, porque cese la violencia, el odio, la maldad. Que prime la luz de la verdad, la justicia, y la verdadera libertad, la paz y la armon\u00eda entre todos los pueblos&quot;, manifest\u00f3 el prefecto, Leonardo Orlando.\" \/>\n<meta property=\"og:url\" content=\"https:\/\/www.manabi.gob.ec\/index.php\/fiestas-patronales-de-portoviejo\/\" \/>\n<meta property=\"og:site_name\" content=\"Prefectura de Manab\u00ed\" \/>\n<meta property=\"article:published_time\" content=\"2022-09-19T21:01:00+00:00\" \/>\n<meta property=\"article:modified_time\" content=\"2022-09-19T21:01:03+00:00\" \/>\n<meta property=\"og:image\" content=\"https:\/\/www.manabi.gob.ec\/wp-content\/uploads\/2022\/09\/WhatsApp-Image-2022-09-16-at-11.37.52-PM-1.jpeg\" \/>\n\t<meta property=\"og:image:width\" content=\"1600\" \/>\n\t<meta property=\"og:image:height\" content=\"1069\" \/>\n\t<meta property=\"og:image:type\" content=\"image\/jpeg\" \/>\n<meta name=\"author\" content=\"Lui Ochoa\" \/>\n<meta name=\"twitter:card\" content=\"summary_large_image\" \/>\n<meta name=\"twitter:label1\" content=\"Escrito por\" \/>\n\t<meta name=\"twitter:data1\" content=\"Lui Ochoa\" \/>\n\t<meta name=\"twitter:label2\" content=\"Tiempo de lectura\" \/>\n\t<meta name=\"twitter:data2\" content=\"1 minuto\" \/>\n<script type=\"application\/ld+json\" class=\"yoast-schema-graph\">{\"@context\":\"https:\\\/\\\/schema.org\",\"@graph\":[{\"@type\":\"Article\",\"@id\":\"https:\\\/\\\/www.manabi.gob.ec\\\/index.php\\\/fiestas-patronales-de-portoviejo\\\/#article\",\"isPartOf\":{\"@id\":\"https:\\\/\\\/www.manabi.gob.ec\\\/index.php\\\/fiestas-patronales-de-portoviejo\\\/\"},\"author\":{\"name\":\"Lui Ochoa\",\"@id\":\"https:\\\/\\\/www.manabi.gob.ec\\\/#\\\/schema\\\/person\\\/c4f117989332ad723a6ced5994aa7d7a\"},\"headline\":\"\u00a1FIESTAS PATRONALES DE PORTOVIEJO!\",\"datePublished\":\"2022-09-19T21:01:00+00:00\",\"dateModified\":\"2022-09-19T21:01:03+00:00\",\"mainEntityOfPage\":{\"@id\":\"https:\\\/\\\/www.manabi.gob.ec\\\/index.php\\\/fiestas-patronales-de-portoviejo\\\/\"},\"wordCount\":130,\"image\":{\"@id\":\"https:\\\/\\\/www.manabi.gob.ec\\\/index.php\\\/fiestas-patronales-de-portoviejo\\\/#primaryimage\"},\"thumbnailUrl\":\"https:\\\/\\\/www.manabi.gob.ec\\\/wp-content\\\/uploads\\\/2022\\\/09\\\/WhatsApp-Image-2022-09-16-at-11.37.52-PM-1.jpeg\",\"articleSection\":[\"Desarrollo Social\",\"Noticias\",\"Portoviejo\",\"Todas\"],\"inLanguage\":\"es\"},{\"@type\":\"WebPage\",\"@id\":\"https:\\\/\\\/www.manabi.gob.ec\\\/index.php\\\/fiestas-patronales-de-portoviejo\\\/\",\"url\":\"https:\\\/\\\/www.manabi.gob.ec\\\/index.php\\\/fiestas-patronales-de-portoviejo\\\/\",\"name\":\"\u00a1FIESTAS PATRONALES DE PORTOVIEJO! - Prefectura de Manab\u00ed\",\"isPartOf\":{\"@id\":\"https:\\\/\\\/www.manabi.gob.ec\\\/#website\"},\"primaryImageOfPage\":{\"@id\":\"https:\\\/\\\/www.manabi.gob.ec\\\/index.php\\\/fiestas-patronales-de-portoviejo\\\/#primaryimage\"},\"image\":{\"@id\":\"https:\\\/\\\/www.manabi.gob.ec\\\/index.php\\\/fiestas-patronales-de-portoviejo\\\/#primaryimage\"},\"thumbnailUrl\":\"https:\\\/\\\/www.manabi.gob.ec\\\/wp-content\\\/uploads\\\/2022\\\/09\\\/WhatsApp-Image-2022-09-16-at-11.37.52-PM-1.jpeg\",\"datePublished\":\"2022-09-19T21:01:00+00:00\",\"dateModified\":\"2022-09-19T21:01:03+00:00\",\"author\":{\"@id\":\"https:\\\/\\\/www.manabi.gob.ec\\\/#\\\/schema\\\/person\\\/c4f117989332ad723a6ced5994aa7d7a\"},\"description\":\"Personal de la Prefectura de Manab\u00ed rindi\u00f3 homenaje a la Virgen de la MercedEn el marco de las fiestas patronales de Portoviejo, este viernes 16 de septiembre se realiz\u00f3 la misa de acci\u00f3n de gracias de la Prefectura de Manab\u00ed, a trav\u00e9s de la cual autoridades, servidores y jubilados de la primera instituci\u00f3n de desarrollo provincial, encabezados por el prefecto, Leonardo Orlando, rindieron homenaje a la Virgen de La Merced.\\\"Con fe y esperanza hacia el futuro, tambi\u00e9n nos unimos a orar por la paz social, porque cese la violencia, el odio, la maldad. Que prime la luz de la verdad, la justicia, y la verdadera libertad, la paz y la armon\u00eda entre todos los pueblos\\\", manifest\u00f3 el prefecto, Leonardo Orlando.\",\"breadcrumb\":{\"@id\":\"https:\\\/\\\/www.manabi.gob.ec\\\/index.php\\\/fiestas-patronales-de-portoviejo\\\/#breadcrumb\"},\"inLanguage\":\"es\",\"potentialAction\":[{\"@type\":\"ReadAction\",\"target\":[\"https:\\\/\\\/www.manabi.gob.ec\\\/index.php\\\/fiestas-patronales-de-portoviejo\\\/\"]}]},{\"@type\":\"ImageObject\",\"inLanguage\":\"es\",\"@id\":\"https:\\\/\\\/www.manabi.gob.ec\\\/index.php\\\/fiestas-patronales-de-portoviejo\\\/#primaryimage\",\"url\":\"https:\\\/\\\/www.manabi.gob.ec\\\/wp-content\\\/uploads\\\/2022\\\/09\\\/WhatsApp-Image-2022-09-16-at-11.37.52-PM-1.jpeg\",\"contentUrl\":\"https:\\\/\\\/www.manabi.gob.ec\\\/wp-content\\\/uploads\\\/2022\\\/09\\\/WhatsApp-Image-2022-09-16-at-11.37.52-PM-1.jpeg\",\"width\":1600,\"height\":1069},{\"@type\":\"BreadcrumbList\",\"@id\":\"https:\\\/\\\/www.manabi.gob.ec\\\/index.php\\\/fiestas-patronales-de-portoviejo\\\/#breadcrumb\",\"itemListElement\":[{\"@type\":\"ListItem\",\"position\":1,\"name\":\"Portada\",\"item\":\"https:\\\/\\\/www.manabi.gob.ec\\\/\"},{\"@type\":\"ListItem\",\"position\":2,\"name\":\"\u00a1FIESTAS PATRONALES DE PORTOVIEJO!\"}]},{\"@type\":\"WebSite\",\"@id\":\"https:\\\/\\\/www.manabi.gob.ec\\\/#website\",\"url\":\"https:\\\/\\\/www.manabi.gob.ec\\\/\",\"name\":\"Prefectura de Manab\u00ed\",\"description\":\"P\u00e1gina web de la prefectura\",\"potentialAction\":[{\"@type\":\"SearchAction\",\"target\":{\"@type\":\"EntryPoint\",\"urlTemplate\":\"https:\\\/\\\/www.manabi.gob.ec\\\/?s={search_term_string}\"},\"query-input\":{\"@type\":\"PropertyValueSpecification\",\"valueRequired\":true,\"valueName\":\"search_term_string\"}}],\"inLanguage\":\"es\"},{\"@type\":\"Person\",\"@id\":\"https:\\\/\\\/www.manabi.gob.ec\\\/#\\\/schema\\\/person\\\/c4f117989332ad723a6ced5994aa7d7a\",\"name\":\"Lui Ochoa\",\"image\":{\"@type\":\"ImageObject\",\"inLanguage\":\"es\",\"@id\":\"https:\\\/\\\/secure.gravatar.com\\\/avatar\\\/6e8017d0fe69dead8a95864d2eb6e1e1d8bf8e01194ba49cf7b897ff038126ba?s=96&d=mm&r=g\",\"url\":\"https:\\\/\\\/secure.gravatar.com\\\/avatar\\\/6e8017d0fe69dead8a95864d2eb6e1e1d8bf8e01194ba49cf7b897ff038126ba?s=96&d=mm&r=g\",\"contentUrl\":\"https:\\\/\\\/secure.gravatar.com\\\/avatar\\\/6e8017d0fe69dead8a95864d2eb6e1e1d8bf8e01194ba49cf7b897ff038126ba?s=96&d=mm&r=g\",\"caption\":\"Lui Ochoa\"},\"url\":\"https:\\\/\\\/www.manabi.gob.ec\\\/index.php\\\/author\\\/lochoa\\\/\"}]}<\/script>\n<!-- \/ Yoast SEO plugin. -->","yoast_head_json":{"title":"\u00a1FIESTAS PATRONALES DE PORTOVIEJO! - Prefectura de Manab\u00ed","description":"Personal de la Prefectura de Manab\u00ed rindi\u00f3 homenaje a la Virgen de la MercedEn el marco de las fiestas patronales de Portoviejo, este viernes 16 de septiembre se realiz\u00f3 la misa de acci\u00f3n de gracias de la Prefectura de Manab\u00ed, a trav\u00e9s de la cual autoridades, servidores y jubilados de la primera instituci\u00f3n de desarrollo provincial, encabezados por el prefecto, Leonardo Orlando, rindieron homenaje a la Virgen de La Merced.\"Con fe y esperanza hacia el futuro, tambi\u00e9n nos unimos a orar por la paz social, porque cese la violencia, el odio, la maldad. Que prime la luz de la verdad, la justicia, y la verdadera libertad, la paz y la armon\u00eda entre todos los pueblos\", manifest\u00f3 el prefecto, Leonardo Orlando.","robots":{"index":"index","follow":"follow","max-snippet":"max-snippet:-1","max-image-preview":"max-image-preview:large","max-video-preview":"max-video-preview:-1"},"canonical":"https:\/\/www.manabi.gob.ec\/index.php\/fiestas-patronales-de-portoviejo\/","og_locale":"es_ES","og_type":"article","og_title":"\u00a1FIESTAS PATRONALES DE PORTOVIEJO! - Prefectura de Manab\u00ed","og_description":"Personal de la Prefectura de Manab\u00ed rindi\u00f3 homenaje a la Virgen de la MercedEn el marco de las fiestas patronales de Portoviejo, este viernes 16 de septiembre se realiz\u00f3 la misa de acci\u00f3n de gracias de la Prefectura de Manab\u00ed, a trav\u00e9s de la cual autoridades, servidores y jubilados de la primera instituci\u00f3n de desarrollo provincial, encabezados por el prefecto, Leonardo Orlando, rindieron homenaje a la Virgen de La Merced.\"Con fe y esperanza hacia el futuro, tambi\u00e9n nos unimos a orar por la paz social, porque cese la violencia, el odio, la maldad. Que prime la luz de la verdad, la justicia, y la verdadera libertad, la paz y la armon\u00eda entre todos los pueblos\", manifest\u00f3 el prefecto, Leonardo Orlando.","og_url":"https:\/\/www.manabi.gob.ec\/index.php\/fiestas-patronales-de-portoviejo\/","og_site_name":"Prefectura de Manab\u00ed","article_published_time":"2022-09-19T21:01:00+00:00","article_modified_time":"2022-09-19T21:01:03+00:00","og_image":[{"width":1600,"height":1069,"url":"https:\/\/www.manabi.gob.ec\/wp-content\/uploads\/2022\/09\/WhatsApp-Image-2022-09-16-at-11.37.52-PM-1.jpeg","type":"image\/jpeg"}],"author":"Lui Ochoa","twitter_card":"summary_large_image","twitter_misc":{"Escrito por":"Lui Ochoa","Tiempo de lectura":"1 minuto"},"schema":{"@context":"https:\/\/schema.org","@graph":[{"@type":"Article","@id":"https:\/\/www.manabi.gob.ec\/index.php\/fiestas-patronales-de-portoviejo\/#article","isPartOf":{"@id":"https:\/\/www.manabi.gob.ec\/index.php\/fiestas-patronales-de-portoviejo\/"},"author":{"name":"Lui Ochoa","@id":"https:\/\/www.manabi.gob.ec\/#\/schema\/person\/c4f117989332ad723a6ced5994aa7d7a"},"headline":"\u00a1FIESTAS PATRONALES DE PORTOVIEJO!","datePublished":"2022-09-19T21:01:00+00:00","dateModified":"2022-09-19T21:01:03+00:00","mainEntityOfPage":{"@id":"https:\/\/www.manabi.gob.ec\/index.php\/fiestas-patronales-de-portoviejo\/"},"wordCount":130,"image":{"@id":"https:\/\/www.manabi.gob.ec\/index.php\/fiestas-patronales-de-portoviejo\/#primaryimage"},"thumbnailUrl":"https:\/\/www.manabi.gob.ec\/wp-content\/uploads\/2022\/09\/WhatsApp-Image-2022-09-16-at-11.37.52-PM-1.jpeg","articleSection":["Desarrollo Social","Noticias","Portoviejo","Todas"],"inLanguage":"es"},{"@type":"WebPage","@id":"https:\/\/www.manabi.gob.ec\/index.php\/fiestas-patronales-de-portoviejo\/","url":"https:\/\/www.manabi.gob.ec\/index.php\/fiestas-patronales-de-portoviejo\/","name":"\u00a1FIESTAS PATRONALES DE PORTOVIEJO! - Prefectura de Manab\u00ed","isPartOf":{"@id":"https:\/\/www.manabi.gob.ec\/#website"},"primaryImageOfPage":{"@id":"https:\/\/www.manabi.gob.ec\/index.php\/fiestas-patronales-de-portoviejo\/#primaryimage"},"image":{"@id":"https:\/\/www.manabi.gob.ec\/index.php\/fiestas-patronales-de-portoviejo\/#primaryimage"},"thumbnailUrl":"https:\/\/www.manabi.gob.ec\/wp-content\/uploads\/2022\/09\/WhatsApp-Image-2022-09-16-at-11.37.52-PM-1.jpeg","datePublished":"2022-09-19T21:01:00+00:00","dateModified":"2022-09-19T21:01:03+00:00","author":{"@id":"https:\/\/www.manabi.gob.ec\/#\/schema\/person\/c4f117989332ad723a6ced5994aa7d7a"},"description":"Personal de la Prefectura de Manab\u00ed rindi\u00f3 homenaje a la Virgen de la MercedEn el marco de las fiestas patronales de Portoviejo, este viernes 16 de septiembre se realiz\u00f3 la misa de acci\u00f3n de gracias de la Prefectura de Manab\u00ed, a trav\u00e9s de la cual autoridades, servidores y jubilados de la primera instituci\u00f3n de desarrollo provincial, encabezados por el prefecto, Leonardo Orlando, rindieron homenaje a la Virgen de La Merced.\"Con fe y esperanza hacia el futuro, tambi\u00e9n nos unimos a orar por la paz social, porque cese la violencia, el odio, la maldad. Que prime la luz de la verdad, la justicia, y la verdadera libertad, la paz y la armon\u00eda entre todos los pueblos\", manifest\u00f3 el prefecto, Leonardo Orlando.","breadcrumb":{"@id":"https:\/\/www.manabi.gob.ec\/index.php\/fiestas-patronales-de-portoviejo\/#breadcrumb"},"inLanguage":"es","potentialAction":[{"@type":"ReadAction","target":["https:\/\/www.manabi.gob.ec\/index.php\/fiestas-patronales-de-portoviejo\/"]}]},{"@type":"ImageObject","inLanguage":"es","@id":"https:\/\/www.manabi.gob.ec\/index.php\/fiestas-patronales-de-portoviejo\/#primaryimage","url":"https:\/\/www.manabi.gob.ec\/wp-content\/uploads\/2022\/09\/WhatsApp-Image-2022-09-16-at-11.37.52-PM-1.jpeg","contentUrl":"https:\/\/www.manabi.gob.ec\/wp-content\/uploads\/2022\/09\/WhatsApp-Image-2022-09-16-at-11.37.52-PM-1.jpeg","width":1600,"height":1069},{"@type":"BreadcrumbList","@id":"https:\/\/www.manabi.gob.ec\/index.php\/fiestas-patronales-de-portoviejo\/#breadcrumb","itemListElement":[{"@type":"ListItem","position":1,"name":"Portada","item":"https:\/\/www.manabi.gob.ec\/"},{"@type":"ListItem","position":2,"name":"\u00a1FIESTAS PATRONALES DE PORTOVIEJO!"}]},{"@type":"WebSite","@id":"https:\/\/www.manabi.gob.ec\/#website","url":"https:\/\/www.manabi.gob.ec\/","name":"Prefectura de Manab\u00ed","description":"P\u00e1gina web de la prefectura","potentialAction":[{"@type":"SearchAction","target":{"@type":"EntryPoint","urlTemplate":"https:\/\/www.manabi.gob.ec\/?s={search_term_string}"},"query-input":{"@type":"PropertyValueSpecification","valueRequired":true,"valueName":"search_term_string"}}],"inLanguage":"es"},{"@type":"Person","@id":"https:\/\/www.manabi.gob.ec\/#\/schema\/person\/c4f117989332ad723a6ced5994aa7d7a","name":"Lui Ochoa","image":{"@type":"ImageObject","inLanguage":"es","@id":"https:\/\/secure.gravatar.com\/avatar\/6e8017d0fe69dead8a95864d2eb6e1e1d8bf8e01194ba49cf7b897ff038126ba?s=96&d=mm&r=g","url":"https:\/\/secure.gravatar.com\/avatar\/6e8017d0fe69dead8a95864d2eb6e1e1d8bf8e01194ba49cf7b897ff038126ba?s=96&d=mm&r=g","contentUrl":"https:\/\/secure.gravatar.com\/avatar\/6e8017d0fe69dead8a95864d2eb6e1e1d8bf8e01194ba49cf7b897ff038126ba?s=96&d=mm&r=g","caption":"Lui Ochoa"},"url":"https:\/\/www.manabi.gob.ec\/index.php\/author\/lochoa\/"}]}},"jetpack_featured_media_url":"https:\/\/www.manabi.gob.ec\/wp-content\/uploads\/2022\/09\/WhatsApp-Image-2022-09-16-at-11.37.52-PM-1.jpeg","_links":{"self":[{"href":"https:\/\/www.manabi.gob.ec\/index.php\/wp-json\/wp\/v2\/posts\/22190","targetHints":{"allow":["GET"]}}],"collection":[{"href":"https:\/\/www.manabi.gob.ec\/index.php\/wp-json\/wp\/v2\/posts"}],"about":[{"href":"https:\/\/www.manabi.gob.ec\/index.php\/wp-json\/wp\/v2\/types\/post"}],"author":[{"embeddable":true,"href":"https:\/\/www.manabi.gob.ec\/index.php\/wp-json\/wp\/v2\/users\/10"}],"replies":[{"embeddable":true,"href":"https:\/\/www.manabi.gob.ec\/index.php\/wp-json\/wp\/v2\/comments?post=22190"}],"version-history":[{"count":0,"href":"https:\/\/www.manabi.gob.ec\/index.php\/wp-json\/wp\/v2\/posts\/22190\/revisions"}],"wp:featuredmedia":[{"embeddable":true,"href":"https:\/\/www.manabi.gob.ec\/index.php\/wp-json\/wp\/v2\/media\/22191"}],"wp:attachment":[{"href":"https:\/\/www.manabi.gob.ec\/index.php\/wp-json\/wp\/v2\/media?parent=22190"}],"wp:term":[{"taxonomy":"category","embeddable":true,"href":"https:\/\/www.manabi.gob.ec\/index.php\/wp-json\/wp\/v2\/categories?post=22190"},{"taxonomy":"post_tag","embeddable":true,"href":"https:\/\/www.manabi.gob.ec\/index.php\/wp-json\/wp\/v2\/tags?post=22190"}],"curies":[{"name":"wp","href":"https:\/\/api.w.org\/{rel}","templated":true}]}}