{"id":22202,"date":"2022-09-19T21:27:24","date_gmt":"2022-09-19T21:27:24","guid":{"rendered":"https:\/\/www.manabi.gob.ec\/?p=22202"},"modified":"2022-09-19T21:27:28","modified_gmt":"2022-09-19T21:27:28","slug":"nuevas-acciones-a-favor-del-agro","status":"publish","type":"post","link":"https:\/\/www.manabi.gob.ec\/index.php\/nuevas-acciones-a-favor-del-agro\/","title":{"rendered":"\u00a1NUEVAS ACCIONES A FAVOR DEL AGRO!"},"content":{"rendered":"\n<p>Manab\u00ed tiene su primera pol\u00edtica p\u00fablica para la agricultura agroecol\u00f3gica y una escuela de formaci\u00f3n al agricultor<\/p>\n\n\n\n<p>Una jornada llena de buenas nuevas para el sector agr\u00edcola de Manab\u00ed tuvo lugar el s\u00e1bado 17 de septiembre durante la Feria Agroproductiva Carrizal-Chone, que organiz\u00f3 la Prefectura en las instalaciones de la Escuela Superior Polit\u00e9cnica Agropecuaria de Manab\u00ed (ESPAM-MFL), en el cant\u00f3n Bol\u00edvar, de la cual participaron 10 casas comerciales y 75 emprendimientos.<\/p>\n\n\n\n<p>En ese contexto se hizo el lanzamiento de la Escuela de Formaci\u00f3n Integral del Productor, un espacio para la preparaci\u00f3n te\u00f3rico pr\u00e1ctica en temas agro productivos, que llegar\u00e1 a 4.000 agricultores manabitas durante 4 a\u00f1os, con la participaci\u00f3n de la Universidad T\u00e9cnica de Manab\u00ed (UTM), y la ESPAM-MFL, y una inversi\u00f3n de $430.017,21. Las capacitaciones empezar\u00e1n en octubre de este a\u00f1o.<\/p>\n\n\n\n<p>La Prefectura tambi\u00e9n present\u00f3 y entreg\u00f3 la \u201cPol\u00edtica P\u00fablica para la Implementaci\u00f3n de la Agricultura Agroecol\u00f3gica, como instrumento que contribuye a la aplicaci\u00f3n de normas amigables con el ambiente, el productor, con su entorno familiar, social y econ\u00f3mico\u201d.<\/p>\n\n\n\n<p>\u201cDebemos hacer seguridad y soberan\u00eda alimentaria, pero sin afectar la salud de los manabitas, ecuatorianos, y de quienes consumen nuestros productos de exportaci\u00f3n. Esto ha sido trabajado con la gente, escuchando a los que saben, a los que producen. El mundo est\u00e1 demandando alimentos libres de contaminaci\u00f3n\u201d, indic\u00f3 el prefecto, Leonardo Orlando.<\/p>\n\n\n\n<p>Adicionalmente, se socializ\u00f3 y entreg\u00f3 un ejemplar del contrato para la elaboraci\u00f3n de los estudios de la rehabilitaci\u00f3n del Sistema de Riego Carrizal-Chone fase 2, por un monto de $249.520,94, los cuales contemplan 3.885 hect\u00e1reas para beneficio de los cantones Bol\u00edvar, Jun\u00edn, Chone y Tosagua.<\/p>\n","protected":false},"excerpt":{"rendered":"<p>Manab\u00ed tiene su primera pol\u00edtica p\u00fablica para la agricultura agroecol\u00f3gica y una escuela de formaci\u00f3n al agricultor Una jornada llena de buenas nuevas para el sector agr\u00edcola de Manab\u00ed tuvo lugar el s\u00e1bado 17 de septiembre durante la Feria Agroproductiva Carrizal-Chone, que organiz\u00f3 la Prefectura en las instalaciones de la Escuela Superior Polit\u00e9cnica Agropecuaria de [&hellip;]<\/p>\n","protected":false},"author":10,"featured_media":22203,"comment_status":"closed","ping_status":"closed","sticky":false,"template":"","format":"standard","meta":{"_joinchat":[],"footnotes":""},"categories":[141,142,92,140,91],"tags":[],"class_list":["post-22202","post","type-post","status-publish","format-standard","has-post-thumbnail","hentry","category-chone","category-desarrollo-social","category-noticias-manabi","category-produccion","category-todas"],"yoast_head":"<!-- This site is optimized with the Yoast SEO plugin v27.4 - https:\/\/yoast.com\/product\/yoast-seo-wordpress\/ -->\n<title>\u00a1NUEVAS ACCIONES A FAVOR DEL AGRO! - Prefectura de Manab\u00ed<\/title>\n<meta name=\"robots\" content=\"index, follow, max-snippet:-1, max-image-preview:large, max-video-preview:-1\" \/>\n<link rel=\"canonical\" href=\"https:\/\/www.manabi.gob.ec\/index.php\/nuevas-acciones-a-favor-del-agro\/\" \/>\n<meta property=\"og:locale\" content=\"es_ES\" \/>\n<meta property=\"og:type\" content=\"article\" \/>\n<meta property=\"og:title\" content=\"\u00a1NUEVAS ACCIONES A FAVOR DEL AGRO! - Prefectura de Manab\u00ed\" \/>\n<meta property=\"og:description\" content=\"Manab\u00ed tiene su primera pol\u00edtica p\u00fablica para la agricultura agroecol\u00f3gica y una escuela de formaci\u00f3n al agricultor Una jornada llena de buenas nuevas para el sector agr\u00edcola de Manab\u00ed tuvo lugar el s\u00e1bado 17 de septiembre durante la Feria Agroproductiva Carrizal-Chone, que organiz\u00f3 la Prefectura en las instalaciones de la Escuela Superior Polit\u00e9cnica Agropecuaria de [&hellip;]\" \/>\n<meta property=\"og:url\" content=\"https:\/\/www.manabi.gob.ec\/index.php\/nuevas-acciones-a-favor-del-agro\/\" \/>\n<meta property=\"og:site_name\" content=\"Prefectura de Manab\u00ed\" \/>\n<meta property=\"article:published_time\" content=\"2022-09-19T21:27:24+00:00\" \/>\n<meta property=\"article:modified_time\" content=\"2022-09-19T21:27:28+00:00\" \/>\n<meta property=\"og:image\" content=\"https:\/\/www.manabi.gob.ec\/wp-content\/uploads\/2022\/09\/WhatsApp-Image-2022-09-18-at-11.54.13-AM.jpeg\" \/>\n\t<meta property=\"og:image:width\" content=\"1280\" \/>\n\t<meta property=\"og:image:height\" content=\"855\" \/>\n\t<meta property=\"og:image:type\" content=\"image\/jpeg\" \/>\n<meta name=\"author\" content=\"Lui Ochoa\" \/>\n<meta name=\"twitter:card\" content=\"summary_large_image\" \/>\n<meta name=\"twitter:label1\" content=\"Escrito por\" \/>\n\t<meta name=\"twitter:data1\" content=\"Lui Ochoa\" \/>\n\t<meta name=\"twitter:label2\" content=\"Tiempo de lectura\" \/>\n\t<meta name=\"twitter:data2\" content=\"2 minutos\" \/>\n<script type=\"application\/ld+json\" class=\"yoast-schema-graph\">{\"@context\":\"https:\\\/\\\/schema.org\",\"@graph\":[{\"@type\":\"Article\",\"@id\":\"https:\\\/\\\/www.manabi.gob.ec\\\/index.php\\\/nuevas-acciones-a-favor-del-agro\\\/#article\",\"isPartOf\":{\"@id\":\"https:\\\/\\\/www.manabi.gob.ec\\\/index.php\\\/nuevas-acciones-a-favor-del-agro\\\/\"},\"author\":{\"name\":\"Lui Ochoa\",\"@id\":\"https:\\\/\\\/www.manabi.gob.ec\\\/#\\\/schema\\\/person\\\/c4f117989332ad723a6ced5994aa7d7a\"},\"headline\":\"\u00a1NUEVAS ACCIONES A FAVOR DEL AGRO!\",\"datePublished\":\"2022-09-19T21:27:24+00:00\",\"dateModified\":\"2022-09-19T21:27:28+00:00\",\"mainEntityOfPage\":{\"@id\":\"https:\\\/\\\/www.manabi.gob.ec\\\/index.php\\\/nuevas-acciones-a-favor-del-agro\\\/\"},\"wordCount\":298,\"image\":{\"@id\":\"https:\\\/\\\/www.manabi.gob.ec\\\/index.php\\\/nuevas-acciones-a-favor-del-agro\\\/#primaryimage\"},\"thumbnailUrl\":\"https:\\\/\\\/www.manabi.gob.ec\\\/wp-content\\\/uploads\\\/2022\\\/09\\\/WhatsApp-Image-2022-09-18-at-11.54.13-AM.jpeg\",\"articleSection\":[\"Chone\",\"Desarrollo Social\",\"Noticias\",\"Producci\u00f3n\",\"Todas\"],\"inLanguage\":\"es\"},{\"@type\":\"WebPage\",\"@id\":\"https:\\\/\\\/www.manabi.gob.ec\\\/index.php\\\/nuevas-acciones-a-favor-del-agro\\\/\",\"url\":\"https:\\\/\\\/www.manabi.gob.ec\\\/index.php\\\/nuevas-acciones-a-favor-del-agro\\\/\",\"name\":\"\u00a1NUEVAS ACCIONES A FAVOR DEL AGRO! - Prefectura de Manab\u00ed\",\"isPartOf\":{\"@id\":\"https:\\\/\\\/www.manabi.gob.ec\\\/#website\"},\"primaryImageOfPage\":{\"@id\":\"https:\\\/\\\/www.manabi.gob.ec\\\/index.php\\\/nuevas-acciones-a-favor-del-agro\\\/#primaryimage\"},\"image\":{\"@id\":\"https:\\\/\\\/www.manabi.gob.ec\\\/index.php\\\/nuevas-acciones-a-favor-del-agro\\\/#primaryimage\"},\"thumbnailUrl\":\"https:\\\/\\\/www.manabi.gob.ec\\\/wp-content\\\/uploads\\\/2022\\\/09\\\/WhatsApp-Image-2022-09-18-at-11.54.13-AM.jpeg\",\"datePublished\":\"2022-09-19T21:27:24+00:00\",\"dateModified\":\"2022-09-19T21:27:28+00:00\",\"author\":{\"@id\":\"https:\\\/\\\/www.manabi.gob.ec\\\/#\\\/schema\\\/person\\\/c4f117989332ad723a6ced5994aa7d7a\"},\"breadcrumb\":{\"@id\":\"https:\\\/\\\/www.manabi.gob.ec\\\/index.php\\\/nuevas-acciones-a-favor-del-agro\\\/#breadcrumb\"},\"inLanguage\":\"es\",\"potentialAction\":[{\"@type\":\"ReadAction\",\"target\":[\"https:\\\/\\\/www.manabi.gob.ec\\\/index.php\\\/nuevas-acciones-a-favor-del-agro\\\/\"]}]},{\"@type\":\"ImageObject\",\"inLanguage\":\"es\",\"@id\":\"https:\\\/\\\/www.manabi.gob.ec\\\/index.php\\\/nuevas-acciones-a-favor-del-agro\\\/#primaryimage\",\"url\":\"https:\\\/\\\/www.manabi.gob.ec\\\/wp-content\\\/uploads\\\/2022\\\/09\\\/WhatsApp-Image-2022-09-18-at-11.54.13-AM.jpeg\",\"contentUrl\":\"https:\\\/\\\/www.manabi.gob.ec\\\/wp-content\\\/uploads\\\/2022\\\/09\\\/WhatsApp-Image-2022-09-18-at-11.54.13-AM.jpeg\",\"width\":1280,\"height\":855},{\"@type\":\"BreadcrumbList\",\"@id\":\"https:\\\/\\\/www.manabi.gob.ec\\\/index.php\\\/nuevas-acciones-a-favor-del-agro\\\/#breadcrumb\",\"itemListElement\":[{\"@type\":\"ListItem\",\"position\":1,\"name\":\"Portada\",\"item\":\"https:\\\/\\\/www.manabi.gob.ec\\\/\"},{\"@type\":\"ListItem\",\"position\":2,\"name\":\"\u00a1NUEVAS ACCIONES A FAVOR DEL AGRO!\"}]},{\"@type\":\"WebSite\",\"@id\":\"https:\\\/\\\/www.manabi.gob.ec\\\/#website\",\"url\":\"https:\\\/\\\/www.manabi.gob.ec\\\/\",\"name\":\"Prefectura de Manab\u00ed\",\"description\":\"P\u00e1gina web de la prefectura\",\"potentialAction\":[{\"@type\":\"SearchAction\",\"target\":{\"@type\":\"EntryPoint\",\"urlTemplate\":\"https:\\\/\\\/www.manabi.gob.ec\\\/?s={search_term_string}\"},\"query-input\":{\"@type\":\"PropertyValueSpecification\",\"valueRequired\":true,\"valueName\":\"search_term_string\"}}],\"inLanguage\":\"es\"},{\"@type\":\"Person\",\"@id\":\"https:\\\/\\\/www.manabi.gob.ec\\\/#\\\/schema\\\/person\\\/c4f117989332ad723a6ced5994aa7d7a\",\"name\":\"Lui Ochoa\",\"image\":{\"@type\":\"ImageObject\",\"inLanguage\":\"es\",\"@id\":\"https:\\\/\\\/secure.gravatar.com\\\/avatar\\\/6e8017d0fe69dead8a95864d2eb6e1e1d8bf8e01194ba49cf7b897ff038126ba?s=96&d=mm&r=g\",\"url\":\"https:\\\/\\\/secure.gravatar.com\\\/avatar\\\/6e8017d0fe69dead8a95864d2eb6e1e1d8bf8e01194ba49cf7b897ff038126ba?s=96&d=mm&r=g\",\"contentUrl\":\"https:\\\/\\\/secure.gravatar.com\\\/avatar\\\/6e8017d0fe69dead8a95864d2eb6e1e1d8bf8e01194ba49cf7b897ff038126ba?s=96&d=mm&r=g\",\"caption\":\"Lui Ochoa\"},\"url\":\"https:\\\/\\\/www.manabi.gob.ec\\\/index.php\\\/author\\\/lochoa\\\/\"}]}<\/script>\n<!-- \/ Yoast SEO plugin. -->","yoast_head_json":{"title":"\u00a1NUEVAS ACCIONES A FAVOR DEL AGRO! - Prefectura de Manab\u00ed","robots":{"index":"index","follow":"follow","max-snippet":"max-snippet:-1","max-image-preview":"max-image-preview:large","max-video-preview":"max-video-preview:-1"},"canonical":"https:\/\/www.manabi.gob.ec\/index.php\/nuevas-acciones-a-favor-del-agro\/","og_locale":"es_ES","og_type":"article","og_title":"\u00a1NUEVAS ACCIONES A FAVOR DEL AGRO! - Prefectura de Manab\u00ed","og_description":"Manab\u00ed tiene su primera pol\u00edtica p\u00fablica para la agricultura agroecol\u00f3gica y una escuela de formaci\u00f3n al agricultor Una jornada llena de buenas nuevas para el sector agr\u00edcola de Manab\u00ed tuvo lugar el s\u00e1bado 17 de septiembre durante la Feria Agroproductiva Carrizal-Chone, que organiz\u00f3 la Prefectura en las instalaciones de la Escuela Superior Polit\u00e9cnica Agropecuaria de [&hellip;]","og_url":"https:\/\/www.manabi.gob.ec\/index.php\/nuevas-acciones-a-favor-del-agro\/","og_site_name":"Prefectura de Manab\u00ed","article_published_time":"2022-09-19T21:27:24+00:00","article_modified_time":"2022-09-19T21:27:28+00:00","og_image":[{"width":1280,"height":855,"url":"https:\/\/www.manabi.gob.ec\/wp-content\/uploads\/2022\/09\/WhatsApp-Image-2022-09-18-at-11.54.13-AM.jpeg","type":"image\/jpeg"}],"author":"Lui Ochoa","twitter_card":"summary_large_image","twitter_misc":{"Escrito por":"Lui Ochoa","Tiempo de lectura":"2 minutos"},"schema":{"@context":"https:\/\/schema.org","@graph":[{"@type":"Article","@id":"https:\/\/www.manabi.gob.ec\/index.php\/nuevas-acciones-a-favor-del-agro\/#article","isPartOf":{"@id":"https:\/\/www.manabi.gob.ec\/index.php\/nuevas-acciones-a-favor-del-agro\/"},"author":{"name":"Lui Ochoa","@id":"https:\/\/www.manabi.gob.ec\/#\/schema\/person\/c4f117989332ad723a6ced5994aa7d7a"},"headline":"\u00a1NUEVAS ACCIONES A FAVOR DEL AGRO!","datePublished":"2022-09-19T21:27:24+00:00","dateModified":"2022-09-19T21:27:28+00:00","mainEntityOfPage":{"@id":"https:\/\/www.manabi.gob.ec\/index.php\/nuevas-acciones-a-favor-del-agro\/"},"wordCount":298,"image":{"@id":"https:\/\/www.manabi.gob.ec\/index.php\/nuevas-acciones-a-favor-del-agro\/#primaryimage"},"thumbnailUrl":"https:\/\/www.manabi.gob.ec\/wp-content\/uploads\/2022\/09\/WhatsApp-Image-2022-09-18-at-11.54.13-AM.jpeg","articleSection":["Chone","Desarrollo Social","Noticias","Producci\u00f3n","Todas"],"inLanguage":"es"},{"@type":"WebPage","@id":"https:\/\/www.manabi.gob.ec\/index.php\/nuevas-acciones-a-favor-del-agro\/","url":"https:\/\/www.manabi.gob.ec\/index.php\/nuevas-acciones-a-favor-del-agro\/","name":"\u00a1NUEVAS ACCIONES A FAVOR DEL AGRO! - Prefectura de Manab\u00ed","isPartOf":{"@id":"https:\/\/www.manabi.gob.ec\/#website"},"primaryImageOfPage":{"@id":"https:\/\/www.manabi.gob.ec\/index.php\/nuevas-acciones-a-favor-del-agro\/#primaryimage"},"image":{"@id":"https:\/\/www.manabi.gob.ec\/index.php\/nuevas-acciones-a-favor-del-agro\/#primaryimage"},"thumbnailUrl":"https:\/\/www.manabi.gob.ec\/wp-content\/uploads\/2022\/09\/WhatsApp-Image-2022-09-18-at-11.54.13-AM.jpeg","datePublished":"2022-09-19T21:27:24+00:00","dateModified":"2022-09-19T21:27:28+00:00","author":{"@id":"https:\/\/www.manabi.gob.ec\/#\/schema\/person\/c4f117989332ad723a6ced5994aa7d7a"},"breadcrumb":{"@id":"https:\/\/www.manabi.gob.ec\/index.php\/nuevas-acciones-a-favor-del-agro\/#breadcrumb"},"inLanguage":"es","potentialAction":[{"@type":"ReadAction","target":["https:\/\/www.manabi.gob.ec\/index.php\/nuevas-acciones-a-favor-del-agro\/"]}]},{"@type":"ImageObject","inLanguage":"es","@id":"https:\/\/www.manabi.gob.ec\/index.php\/nuevas-acciones-a-favor-del-agro\/#primaryimage","url":"https:\/\/www.manabi.gob.ec\/wp-content\/uploads\/2022\/09\/WhatsApp-Image-2022-09-18-at-11.54.13-AM.jpeg","contentUrl":"https:\/\/www.manabi.gob.ec\/wp-content\/uploads\/2022\/09\/WhatsApp-Image-2022-09-18-at-11.54.13-AM.jpeg","width":1280,"height":855},{"@type":"BreadcrumbList","@id":"https:\/\/www.manabi.gob.ec\/index.php\/nuevas-acciones-a-favor-del-agro\/#breadcrumb","itemListElement":[{"@type":"ListItem","position":1,"name":"Portada","item":"https:\/\/www.manabi.gob.ec\/"},{"@type":"ListItem","position":2,"name":"\u00a1NUEVAS ACCIONES A FAVOR DEL AGRO!"}]},{"@type":"WebSite","@id":"https:\/\/www.manabi.gob.ec\/#website","url":"https:\/\/www.manabi.gob.ec\/","name":"Prefectura de Manab\u00ed","description":"P\u00e1gina web de la prefectura","potentialAction":[{"@type":"SearchAction","target":{"@type":"EntryPoint","urlTemplate":"https:\/\/www.manabi.gob.ec\/?s={search_term_string}"},"query-input":{"@type":"PropertyValueSpecification","valueRequired":true,"valueName":"search_term_string"}}],"inLanguage":"es"},{"@type":"Person","@id":"https:\/\/www.manabi.gob.ec\/#\/schema\/person\/c4f117989332ad723a6ced5994aa7d7a","name":"Lui Ochoa","image":{"@type":"ImageObject","inLanguage":"es","@id":"https:\/\/secure.gravatar.com\/avatar\/6e8017d0fe69dead8a95864d2eb6e1e1d8bf8e01194ba49cf7b897ff038126ba?s=96&d=mm&r=g","url":"https:\/\/secure.gravatar.com\/avatar\/6e8017d0fe69dead8a95864d2eb6e1e1d8bf8e01194ba49cf7b897ff038126ba?s=96&d=mm&r=g","contentUrl":"https:\/\/secure.gravatar.com\/avatar\/6e8017d0fe69dead8a95864d2eb6e1e1d8bf8e01194ba49cf7b897ff038126ba?s=96&d=mm&r=g","caption":"Lui Ochoa"},"url":"https:\/\/www.manabi.gob.ec\/index.php\/author\/lochoa\/"}]}},"jetpack_featured_media_url":"https:\/\/www.manabi.gob.ec\/wp-content\/uploads\/2022\/09\/WhatsApp-Image-2022-09-18-at-11.54.13-AM.jpeg","_links":{"self":[{"href":"https:\/\/www.manabi.gob.ec\/index.php\/wp-json\/wp\/v2\/posts\/22202","targetHints":{"allow":["GET"]}}],"collection":[{"href":"https:\/\/www.manabi.gob.ec\/index.php\/wp-json\/wp\/v2\/posts"}],"about":[{"href":"https:\/\/www.manabi.gob.ec\/index.php\/wp-json\/wp\/v2\/types\/post"}],"author":[{"embeddable":true,"href":"https:\/\/www.manabi.gob.ec\/index.php\/wp-json\/wp\/v2\/users\/10"}],"replies":[{"embeddable":true,"href":"https:\/\/www.manabi.gob.ec\/index.php\/wp-json\/wp\/v2\/comments?post=22202"}],"version-history":[{"count":0,"href":"https:\/\/www.manabi.gob.ec\/index.php\/wp-json\/wp\/v2\/posts\/22202\/revisions"}],"wp:featuredmedia":[{"embeddable":true,"href":"https:\/\/www.manabi.gob.ec\/index.php\/wp-json\/wp\/v2\/media\/22203"}],"wp:attachment":[{"href":"https:\/\/www.manabi.gob.ec\/index.php\/wp-json\/wp\/v2\/media?parent=22202"}],"wp:term":[{"taxonomy":"category","embeddable":true,"href":"https:\/\/www.manabi.gob.ec\/index.php\/wp-json\/wp\/v2\/categories?post=22202"},{"taxonomy":"post_tag","embeddable":true,"href":"https:\/\/www.manabi.gob.ec\/index.php\/wp-json\/wp\/v2\/tags?post=22202"}],"curies":[{"name":"wp","href":"https:\/\/api.w.org\/{rel}","templated":true}]}}